{"id":520,"date":"2024-09-09T13:38:48","date_gmt":"2024-09-09T16:38:48","guid":{"rendered":"https:\/\/web.consaguirre.com.ar\/noticias\/max-richter-lanza-in-a-landscape-y-anuncia-su-primera-gira-mundial\/"},"modified":"2024-09-09T13:38:51","modified_gmt":"2024-09-09T16:38:51","slug":"max-richter-lanza-in-a-landscape-y-anuncia-su-primera-gira-mundial","status":"publish","type":"post","link":"https:\/\/web.consaguirre.com.ar\/noticias\/max-richter-lanza-in-a-landscape-y-anuncia-su-primera-gira-mundial\/","title":{"rendered":"Max Richter lanza &#8216;In a Landscape&#8217; y anuncia su primera gira mundial"},"content":{"rendered":"<p>El aclamado compositor <strong>Max Richter<\/strong> ha lanzado su nuevo \u00e1lbum, <em>En un paisaje<\/em>El disco est\u00e1 disponible a trav\u00e9s de Decca Records y est\u00e1 encabezado por el sencillo suave y pastoral &#8220;Movement, Before All Flowers&#8221;. Richter aparecer\u00e1 en Rough Trade East en Londres el pr\u00f3ximo mi\u00e9rcoles para una presentaci\u00f3n \u00edntima en vivo y firma de aut\u00f3grafos.<\/p>\n<p>A finales de este a\u00f1o, Richter se embarcar\u00e1 en una gira en apoyo de <em>En un paisaje<\/em>su primera gira mundial. Los espect\u00e1culos lo llevar\u00e1n al Reino Unido, Europa, Am\u00e9rica del Norte, Canad\u00e1 y Australia durante 2024 y 2025 e incluyen espect\u00e1culos en el legendario Royal Festival Hall de Londres y el ic\u00f3nico Walt Disney Concert Hall de Los \u00c1ngeles.<\/p>\n<div class=\"uD-YT-container\"><img decoding=\"async\" src=\"https:\/\/web.consaguirre.com.ar\/noticias\/wp-content\/uploads\/2024\/09\/1725899928_135_Max-Richter-lanza-In-a-Landscape-y-anuncia-su-primera.jpg\" alt=\"V\u00eddeo de YouTube\"><\/p>\n<\/div>\n<p><em>En un paisaje<\/em> es el primer \u00e1lbum en solitario de Richter grabado en Studio Richter Mahr, el refugio creativo minimalista y sostenible dise\u00f1ado y operado por Richter y su esposa, la artista visual Yulia Mahr. El \u00e1lbum marca una evoluci\u00f3n en el recorrido musical de d\u00e9cadas de Richter, ya que explora m\u00e1s a fondo temas de optimismo y emoci\u00f3n humana acompa\u00f1ados de sonidos electr\u00f3nicos y org\u00e1nicos.<\/p>\n<p>&#8220;<em>En un paisaje<\/em> \u201cEs un disco de protesta, pero est\u00e1 m\u00e1s preocupado por intentar ir m\u00e1s all\u00e1 de las polaridades y las oposiciones porque el mundo est\u00e1 muy polarizado ahora\u201d, dice Richter sobre el \u00e1lbum. \u201cTodo es muy extremo y creo que hay una tendencia a que la gente no pueda hablar entre s\u00ed. Lo que intento hacer con este material es reconciliar los opuestos. Tenemos que hacer eso\u201d.<\/p>\n<p><em>En un paisaje<\/em> reconoce toda una vida de influencias art\u00edsticas, desde Bach y Purcell hasta la poes\u00eda de Keats, Wordsworth y Anne Carson. Los t\u00edtulos de las canciones recuerdan los libros que Richter ley\u00f3 en el momento de escribir el \u00e1lbum, mientras que la imagen de la portada muestra las copias personales del compositor de algunos libros de bolsillo preciados.<\/p>\n<div class=\"uD-YT-container\"><img decoding=\"async\" src=\"https:\/\/web.consaguirre.com.ar\/noticias\/wp-content\/uploads\/2024\/09\/1725899928_22_Max-Richter-lanza-In-a-Landscape-y-anuncia-su-primera.jpg\" alt=\"V\u00eddeo de YouTube\"><\/p>\n<\/div>\n<p>Entre las composiciones de estudio se intercalan nueve \u201cestudios de vida\u201d recopilados a partir de grabaciones de campo. Estos sonidos de fragmentos de la vida recuerdan el \u201cpaisaje\u201d del t\u00edtulo del \u00e1lbum y evocan los sonidos encontrados que distinguieron al \u00e1lbum seminal de Richter, <em>Los cuadernos azules<\/em>que este a\u00f1o celebra su 20\u00ba aniversario.<\/p>\n<p><em>Los cuadernos azules<\/em>La pieza central, \u201cSobre la naturaleza de la luz del d\u00eda\u201d, ha aparecido en muchas bandas sonoras de pel\u00edculas y televisi\u00f3n, incluido el drama postapocal\u00edptico de HBO. <em>El \u00faltimo de nosotros<\/em>Richter interpret\u00f3 el \u00e1lbum completo en el Festival de Glastonbury del a\u00f1o pasado, donde estuvo acompa\u00f1ado por la actriz Tilda Swinton, quien recit\u00f3 la pieza hablada que ella contribuy\u00f3 a la grabaci\u00f3n original.<\/p>\n<p>En noviembre, Richter continuar\u00e1 su larga colaboraci\u00f3n con el core\u00f3grafo Wayne McGregor con una banda sonora original para la obra de McGregor. <em>Maldito seas<\/em>un ballet basado en la novela dist\u00f3pica de Margaret Atwood.<\/p><\/p>\n","protected":false},"excerpt":{"rendered":"<p>El aclamado compositor Max Richter ha lanzado su nuevo \u00e1lbum, En un paisajeEl disco est\u00e1 disponible a trav\u00e9s de Decca Records y est\u00e1 encabezado por<\/p>\n","protected":false},"author":1,"featured_media":521,"comment_status":"closed","ping_status":"","sticky":false,"template":"","format":"standard","meta":{"footnotes":""},"categories":[50],"tags":[56,492,583,218,581,584,186,582],"class_list":["post-520","post","type-post","status-publish","format-standard","has-post-thumbnail","hentry","category-el-ultimo","tag-anuncia","tag-gira","tag-landscape","tag-lanza","tag-max","tag-mundial","tag-primera","tag-richter","generate-columns","tablet-grid-50","mobile-grid-100","grid-parent","grid-50"],"yoast_head":"<!-- This site is optimized with the Yoast SEO plugin v23.3 - https:\/\/yoast.com\/wordpress\/plugins\/seo\/ -->\n<title>Max Richter lanza &#039;In a Landscape&#039; y anuncia su primera gira mundial<\/title>\n<meta name=\"robots\" content=\"index, follow, max-snippet:-1, max-image-preview:large, max-video-preview:-1\" \/>\n<link rel=\"canonical\" href=\"https:\/\/web.consaguirre.com.ar\/noticias\/max-richter-lanza-in-a-landscape-y-anuncia-su-primera-gira-mundial\/\" \/>\n<meta property=\"og:locale\" content=\"es_ES\" \/>\n<meta property=\"og:type\" content=\"article\" \/>\n<meta property=\"og:title\" content=\"Max Richter lanza &#039;In a Landscape&#039; y anuncia su primera gira mundial\" \/>\n<meta property=\"og:description\" content=\"El aclamado compositor Max Richter ha lanzado su nuevo \u00e1lbum, En un paisajeEl disco est\u00e1 disponible a trav\u00e9s de Decca Records y est\u00e1 encabezado por\" \/>\n<meta property=\"og:url\" content=\"https:\/\/web.consaguirre.com.ar\/noticias\/max-richter-lanza-in-a-landscape-y-anuncia-su-primera-gira-mundial\/\" \/>\n<meta property=\"og:site_name\" content=\"Conservatorio de M\u00fasica Juli\u00e1n Aguirre\" \/>\n<meta property=\"article:published_time\" content=\"2024-09-09T16:38:48+00:00\" \/>\n<meta property=\"article:modified_time\" content=\"2024-09-09T16:38:51+00:00\" \/>\n<meta property=\"og:image\" content=\"https:\/\/web.consaguirre.com.ar\/noticias\/wp-content\/uploads\/2024\/09\/Max-Richter-lanza-In-a-Landscape-y-anuncia-su-primera.jpg\" \/>\n\t<meta property=\"og:image:width\" content=\"1280\" \/>\n\t<meta property=\"og:image:height\" content=\"1280\" \/>\n\t<meta property=\"og:image:type\" content=\"image\/jpeg\" \/>\n<meta name=\"author\" content=\"Javier Figueroa\" \/>\n<meta name=\"twitter:card\" content=\"summary_large_image\" \/>\n<meta name=\"twitter:label1\" content=\"Escrito por\" \/>\n\t<meta name=\"twitter:data1\" content=\"Javier Figueroa\" \/>\n\t<meta name=\"twitter:label2\" content=\"Tiempo de lectura\" \/>\n\t<meta name=\"twitter:data2\" content=\"2 minutos\" \/>\n<script type=\"application\/ld+json\" class=\"yoast-schema-graph\">{\"@context\":\"https:\/\/schema.org\",\"@graph\":[{\"@type\":\"Article\",\"@id\":\"https:\/\/web.consaguirre.com.ar\/noticias\/max-richter-lanza-in-a-landscape-y-anuncia-su-primera-gira-mundial\/#article\",\"isPartOf\":{\"@id\":\"https:\/\/web.consaguirre.com.ar\/noticias\/max-richter-lanza-in-a-landscape-y-anuncia-su-primera-gira-mundial\/\"},\"author\":{\"name\":\"Javier Figueroa\",\"@id\":\"https:\/\/web.consaguirre.com.ar\/noticias\/#\/schema\/person\/6558b0cfedee7ddc5425602b237d5722\"},\"headline\":\"Max Richter lanza &#8216;In a Landscape&#8217; y anuncia su primera gira mundial\",\"datePublished\":\"2024-09-09T16:38:48+00:00\",\"dateModified\":\"2024-09-09T16:38:51+00:00\",\"mainEntityOfPage\":{\"@id\":\"https:\/\/web.consaguirre.com.ar\/noticias\/max-richter-lanza-in-a-landscape-y-anuncia-su-primera-gira-mundial\/\"},\"wordCount\":505,\"publisher\":{\"@id\":\"https:\/\/web.consaguirre.com.ar\/noticias\/#organization\"},\"image\":{\"@id\":\"https:\/\/web.consaguirre.com.ar\/noticias\/max-richter-lanza-in-a-landscape-y-anuncia-su-primera-gira-mundial\/#primaryimage\"},\"thumbnailUrl\":\"https:\/\/web.consaguirre.com.ar\/noticias\/wp-content\/uploads\/2024\/09\/Max-Richter-lanza-In-a-Landscape-y-anuncia-su-primera.jpg\",\"keywords\":[\"anuncia\",\"gira\",\"Landscape\",\"lanza\",\"Max\",\"mundial\",\"primera\",\"Richter\"],\"articleSection\":[\"El \u00faltimo\"],\"inLanguage\":\"es-AR\"},{\"@type\":\"WebPage\",\"@id\":\"https:\/\/web.consaguirre.com.ar\/noticias\/max-richter-lanza-in-a-landscape-y-anuncia-su-primera-gira-mundial\/\",\"url\":\"https:\/\/web.consaguirre.com.ar\/noticias\/max-richter-lanza-in-a-landscape-y-anuncia-su-primera-gira-mundial\/\",\"name\":\"Max Richter lanza 'In a Landscape' y anuncia su primera gira mundial\",\"isPartOf\":{\"@id\":\"https:\/\/web.consaguirre.com.ar\/noticias\/#website\"},\"primaryImageOfPage\":{\"@id\":\"https:\/\/web.consaguirre.com.ar\/noticias\/max-richter-lanza-in-a-landscape-y-anuncia-su-primera-gira-mundial\/#primaryimage\"},\"image\":{\"@id\":\"https:\/\/web.consaguirre.com.ar\/noticias\/max-richter-lanza-in-a-landscape-y-anuncia-su-primera-gira-mundial\/#primaryimage\"},\"thumbnailUrl\":\"https:\/\/web.consaguirre.com.ar\/noticias\/wp-content\/uploads\/2024\/09\/Max-Richter-lanza-In-a-Landscape-y-anuncia-su-primera.jpg\",\"datePublished\":\"2024-09-09T16:38:48+00:00\",\"dateModified\":\"2024-09-09T16:38:51+00:00\",\"breadcrumb\":{\"@id\":\"https:\/\/web.consaguirre.com.ar\/noticias\/max-richter-lanza-in-a-landscape-y-anuncia-su-primera-gira-mundial\/#breadcrumb\"},\"inLanguage\":\"es-AR\",\"potentialAction\":[{\"@type\":\"ReadAction\",\"target\":[\"https:\/\/web.consaguirre.com.ar\/noticias\/max-richter-lanza-in-a-landscape-y-anuncia-su-primera-gira-mundial\/\"]}]},{\"@type\":\"ImageObject\",\"inLanguage\":\"es-AR\",\"@id\":\"https:\/\/web.consaguirre.com.ar\/noticias\/max-richter-lanza-in-a-landscape-y-anuncia-su-primera-gira-mundial\/#primaryimage\",\"url\":\"https:\/\/web.consaguirre.com.ar\/noticias\/wp-content\/uploads\/2024\/09\/Max-Richter-lanza-In-a-Landscape-y-anuncia-su-primera.jpg\",\"contentUrl\":\"https:\/\/web.consaguirre.com.ar\/noticias\/wp-content\/uploads\/2024\/09\/Max-Richter-lanza-In-a-Landscape-y-anuncia-su-primera.jpg\",\"width\":1280,\"height\":1280,\"caption\":\"Max Richter lanza 'In a Landscape' y anuncia su primera gira mundial\"},{\"@type\":\"BreadcrumbList\",\"@id\":\"https:\/\/web.consaguirre.com.ar\/noticias\/max-richter-lanza-in-a-landscape-y-anuncia-su-primera-gira-mundial\/#breadcrumb\",\"itemListElement\":[{\"@type\":\"ListItem\",\"position\":1,\"name\":\"Inicio\",\"item\":\"https:\/\/web.consaguirre.com.ar\/noticias\/\"},{\"@type\":\"ListItem\",\"position\":2,\"name\":\"Max Richter lanza &#8216;In a Landscape&#8217; y anuncia su primera gira mundial\"}]},{\"@type\":\"WebSite\",\"@id\":\"https:\/\/web.consaguirre.com.ar\/noticias\/#website\",\"url\":\"https:\/\/web.consaguirre.com.ar\/noticias\/\",\"name\":\"Conservatorio de M\u00fasica Juli\u00e1n Aguirre\",\"description\":\"\",\"publisher\":{\"@id\":\"https:\/\/web.consaguirre.com.ar\/noticias\/#organization\"},\"potentialAction\":[{\"@type\":\"SearchAction\",\"target\":{\"@type\":\"EntryPoint\",\"urlTemplate\":\"https:\/\/web.consaguirre.com.ar\/noticias\/?s={search_term_string}\"},\"query-input\":\"required name=search_term_string\"}],\"inLanguage\":\"es-AR\"},{\"@type\":\"Organization\",\"@id\":\"https:\/\/web.consaguirre.com.ar\/noticias\/#organization\",\"name\":\"Conservatorio de M\u00fasica Juli\u00e1n Aguirre\",\"url\":\"https:\/\/web.consaguirre.com.ar\/noticias\/\",\"logo\":{\"@type\":\"ImageObject\",\"inLanguage\":\"es-AR\",\"@id\":\"https:\/\/web.consaguirre.com.ar\/noticias\/#\/schema\/logo\/image\/\",\"url\":\"https:\/\/web.consaguirre.com.ar\/noticias\/wp-content\/uploads\/2024\/08\/Banner-Aguirre-23.jpg\",\"contentUrl\":\"https:\/\/web.consaguirre.com.ar\/noticias\/wp-content\/uploads\/2024\/08\/Banner-Aguirre-23.jpg\",\"width\":1192,\"height\":600,\"caption\":\"Conservatorio de M\u00fasica Juli\u00e1n Aguirre\"},\"image\":{\"@id\":\"https:\/\/web.consaguirre.com.ar\/noticias\/#\/schema\/logo\/image\/\"}},{\"@type\":\"Person\",\"@id\":\"https:\/\/web.consaguirre.com.ar\/noticias\/#\/schema\/person\/6558b0cfedee7ddc5425602b237d5722\",\"name\":\"Javier Figueroa\",\"image\":{\"@type\":\"ImageObject\",\"inLanguage\":\"es-AR\",\"@id\":\"https:\/\/web.consaguirre.com.ar\/noticias\/#\/schema\/person\/image\/\",\"url\":\"https:\/\/web.consaguirre.com.ar\/noticias\/wp-content\/uploads\/2024\/08\/Consaguirre-scaled.jpg\",\"contentUrl\":\"https:\/\/web.consaguirre.com.ar\/noticias\/wp-content\/uploads\/2024\/08\/Consaguirre-scaled.jpg\",\"caption\":\"Javier Figueroa\"},\"description\":\"Me llamo Javier Figueroa y soy redactor para el sitio oficial del Conservatorio de M\u00fasica Juli\u00e1n Aguirre en Buenos Aires, consaguirre.com. Apasionado por la m\u00fasica y la escritura, me esfuerzo por destacar los talentos y eventos de nuestra prestigiosa instituci\u00f3n. Mi trayectoria se nutre de una profunda admiraci\u00f3n por los artistas, haciendo de cada art\u00edculo una celebraci\u00f3n de la creatividad y la cultura musical.\",\"sameAs\":[\"https:\/\/web.consaguirre.com.ar\/noticias\"]}]}<\/script>\n<!-- \/ Yoast SEO plugin. -->","yoast_head_json":{"title":"Max Richter lanza 'In a Landscape' y anuncia su primera gira mundial","robots":{"index":"index","follow":"follow","max-snippet":"max-snippet:-1","max-image-preview":"max-image-preview:large","max-video-preview":"max-video-preview:-1"},"canonical":"https:\/\/web.consaguirre.com.ar\/noticias\/max-richter-lanza-in-a-landscape-y-anuncia-su-primera-gira-mundial\/","og_locale":"es_ES","og_type":"article","og_title":"Max Richter lanza 'In a Landscape' y anuncia su primera gira mundial","og_description":"El aclamado compositor Max Richter ha lanzado su nuevo \u00e1lbum, En un paisajeEl disco est\u00e1 disponible a trav\u00e9s de Decca Records y est\u00e1 encabezado por","og_url":"https:\/\/web.consaguirre.com.ar\/noticias\/max-richter-lanza-in-a-landscape-y-anuncia-su-primera-gira-mundial\/","og_site_name":"Conservatorio de M\u00fasica Juli\u00e1n Aguirre","article_published_time":"2024-09-09T16:38:48+00:00","article_modified_time":"2024-09-09T16:38:51+00:00","og_image":[{"width":1280,"height":1280,"url":"https:\/\/web.consaguirre.com.ar\/noticias\/wp-content\/uploads\/2024\/09\/Max-Richter-lanza-In-a-Landscape-y-anuncia-su-primera.jpg","type":"image\/jpeg"}],"author":"Javier Figueroa","twitter_card":"summary_large_image","twitter_misc":{"Escrito por":"Javier Figueroa","Tiempo de lectura":"2 minutos"},"schema":{"@context":"https:\/\/schema.org","@graph":[{"@type":"Article","@id":"https:\/\/web.consaguirre.com.ar\/noticias\/max-richter-lanza-in-a-landscape-y-anuncia-su-primera-gira-mundial\/#article","isPartOf":{"@id":"https:\/\/web.consaguirre.com.ar\/noticias\/max-richter-lanza-in-a-landscape-y-anuncia-su-primera-gira-mundial\/"},"author":{"name":"Javier Figueroa","@id":"https:\/\/web.consaguirre.com.ar\/noticias\/#\/schema\/person\/6558b0cfedee7ddc5425602b237d5722"},"headline":"Max Richter lanza &#8216;In a Landscape&#8217; y anuncia su primera gira mundial","datePublished":"2024-09-09T16:38:48+00:00","dateModified":"2024-09-09T16:38:51+00:00","mainEntityOfPage":{"@id":"https:\/\/web.consaguirre.com.ar\/noticias\/max-richter-lanza-in-a-landscape-y-anuncia-su-primera-gira-mundial\/"},"wordCount":505,"publisher":{"@id":"https:\/\/web.consaguirre.com.ar\/noticias\/#organization"},"image":{"@id":"https:\/\/web.consaguirre.com.ar\/noticias\/max-richter-lanza-in-a-landscape-y-anuncia-su-primera-gira-mundial\/#primaryimage"},"thumbnailUrl":"https:\/\/web.consaguirre.com.ar\/noticias\/wp-content\/uploads\/2024\/09\/Max-Richter-lanza-In-a-Landscape-y-anuncia-su-primera.jpg","keywords":["anuncia","gira","Landscape","lanza","Max","mundial","primera","Richter"],"articleSection":["El \u00faltimo"],"inLanguage":"es-AR"},{"@type":"WebPage","@id":"https:\/\/web.consaguirre.com.ar\/noticias\/max-richter-lanza-in-a-landscape-y-anuncia-su-primera-gira-mundial\/","url":"https:\/\/web.consaguirre.com.ar\/noticias\/max-richter-lanza-in-a-landscape-y-anuncia-su-primera-gira-mundial\/","name":"Max Richter lanza 'In a Landscape' y anuncia su primera gira mundial","isPartOf":{"@id":"https:\/\/web.consaguirre.com.ar\/noticias\/#website"},"primaryImageOfPage":{"@id":"https:\/\/web.consaguirre.com.ar\/noticias\/max-richter-lanza-in-a-landscape-y-anuncia-su-primera-gira-mundial\/#primaryimage"},"image":{"@id":"https:\/\/web.consaguirre.com.ar\/noticias\/max-richter-lanza-in-a-landscape-y-anuncia-su-primera-gira-mundial\/#primaryimage"},"thumbnailUrl":"https:\/\/web.consaguirre.com.ar\/noticias\/wp-content\/uploads\/2024\/09\/Max-Richter-lanza-In-a-Landscape-y-anuncia-su-primera.jpg","datePublished":"2024-09-09T16:38:48+00:00","dateModified":"2024-09-09T16:38:51+00:00","breadcrumb":{"@id":"https:\/\/web.consaguirre.com.ar\/noticias\/max-richter-lanza-in-a-landscape-y-anuncia-su-primera-gira-mundial\/#breadcrumb"},"inLanguage":"es-AR","potentialAction":[{"@type":"ReadAction","target":["https:\/\/web.consaguirre.com.ar\/noticias\/max-richter-lanza-in-a-landscape-y-anuncia-su-primera-gira-mundial\/"]}]},{"@type":"ImageObject","inLanguage":"es-AR","@id":"https:\/\/web.consaguirre.com.ar\/noticias\/max-richter-lanza-in-a-landscape-y-anuncia-su-primera-gira-mundial\/#primaryimage","url":"https:\/\/web.consaguirre.com.ar\/noticias\/wp-content\/uploads\/2024\/09\/Max-Richter-lanza-In-a-Landscape-y-anuncia-su-primera.jpg","contentUrl":"https:\/\/web.consaguirre.com.ar\/noticias\/wp-content\/uploads\/2024\/09\/Max-Richter-lanza-In-a-Landscape-y-anuncia-su-primera.jpg","width":1280,"height":1280,"caption":"Max Richter lanza 'In a Landscape' y anuncia su primera gira mundial"},{"@type":"BreadcrumbList","@id":"https:\/\/web.consaguirre.com.ar\/noticias\/max-richter-lanza-in-a-landscape-y-anuncia-su-primera-gira-mundial\/#breadcrumb","itemListElement":[{"@type":"ListItem","position":1,"name":"Inicio","item":"https:\/\/web.consaguirre.com.ar\/noticias\/"},{"@type":"ListItem","position":2,"name":"Max Richter lanza &#8216;In a Landscape&#8217; y anuncia su primera gira mundial"}]},{"@type":"WebSite","@id":"https:\/\/web.consaguirre.com.ar\/noticias\/#website","url":"https:\/\/web.consaguirre.com.ar\/noticias\/","name":"Conservatorio de M\u00fasica Juli\u00e1n Aguirre","description":"","publisher":{"@id":"https:\/\/web.consaguirre.com.ar\/noticias\/#organization"},"potentialAction":[{"@type":"SearchAction","target":{"@type":"EntryPoint","urlTemplate":"https:\/\/web.consaguirre.com.ar\/noticias\/?s={search_term_string}"},"query-input":"required name=search_term_string"}],"inLanguage":"es-AR"},{"@type":"Organization","@id":"https:\/\/web.consaguirre.com.ar\/noticias\/#organization","name":"Conservatorio de M\u00fasica Juli\u00e1n Aguirre","url":"https:\/\/web.consaguirre.com.ar\/noticias\/","logo":{"@type":"ImageObject","inLanguage":"es-AR","@id":"https:\/\/web.consaguirre.com.ar\/noticias\/#\/schema\/logo\/image\/","url":"https:\/\/web.consaguirre.com.ar\/noticias\/wp-content\/uploads\/2024\/08\/Banner-Aguirre-23.jpg","contentUrl":"https:\/\/web.consaguirre.com.ar\/noticias\/wp-content\/uploads\/2024\/08\/Banner-Aguirre-23.jpg","width":1192,"height":600,"caption":"Conservatorio de M\u00fasica Juli\u00e1n Aguirre"},"image":{"@id":"https:\/\/web.consaguirre.com.ar\/noticias\/#\/schema\/logo\/image\/"}},{"@type":"Person","@id":"https:\/\/web.consaguirre.com.ar\/noticias\/#\/schema\/person\/6558b0cfedee7ddc5425602b237d5722","name":"Javier Figueroa","image":{"@type":"ImageObject","inLanguage":"es-AR","@id":"https:\/\/web.consaguirre.com.ar\/noticias\/#\/schema\/person\/image\/","url":"https:\/\/web.consaguirre.com.ar\/noticias\/wp-content\/uploads\/2024\/08\/Consaguirre-scaled.jpg","contentUrl":"https:\/\/web.consaguirre.com.ar\/noticias\/wp-content\/uploads\/2024\/08\/Consaguirre-scaled.jpg","caption":"Javier Figueroa"},"description":"Me llamo Javier Figueroa y soy redactor para el sitio oficial del Conservatorio de M\u00fasica Juli\u00e1n Aguirre en Buenos Aires, consaguirre.com. Apasionado por la m\u00fasica y la escritura, me esfuerzo por destacar los talentos y eventos de nuestra prestigiosa instituci\u00f3n. Mi trayectoria se nutre de una profunda admiraci\u00f3n por los artistas, haciendo de cada art\u00edculo una celebraci\u00f3n de la creatividad y la cultura musical.","sameAs":["https:\/\/web.consaguirre.com.ar\/noticias"]}]}},"_links":{"self":[{"href":"https:\/\/web.consaguirre.com.ar\/noticias\/wp-json\/wp\/v2\/posts\/520"}],"collection":[{"href":"https:\/\/web.consaguirre.com.ar\/noticias\/wp-json\/wp\/v2\/posts"}],"about":[{"href":"https:\/\/web.consaguirre.com.ar\/noticias\/wp-json\/wp\/v2\/types\/post"}],"author":[{"embeddable":true,"href":"https:\/\/web.consaguirre.com.ar\/noticias\/wp-json\/wp\/v2\/users\/1"}],"replies":[{"embeddable":true,"href":"https:\/\/web.consaguirre.com.ar\/noticias\/wp-json\/wp\/v2\/comments?post=520"}],"version-history":[{"count":1,"href":"https:\/\/web.consaguirre.com.ar\/noticias\/wp-json\/wp\/v2\/posts\/520\/revisions"}],"predecessor-version":[{"id":522,"href":"https:\/\/web.consaguirre.com.ar\/noticias\/wp-json\/wp\/v2\/posts\/520\/revisions\/522"}],"wp:featuredmedia":[{"embeddable":true,"href":"https:\/\/web.consaguirre.com.ar\/noticias\/wp-json\/wp\/v2\/media\/521"}],"wp:attachment":[{"href":"https:\/\/web.consaguirre.com.ar\/noticias\/wp-json\/wp\/v2\/media?parent=520"}],"wp:term":[{"taxonomy":"category","embeddable":true,"href":"https:\/\/web.consaguirre.com.ar\/noticias\/wp-json\/wp\/v2\/categories?post=520"},{"taxonomy":"post_tag","embeddable":true,"href":"https:\/\/web.consaguirre.com.ar\/noticias\/wp-json\/wp\/v2\/tags?post=520"}],"curies":[{"name":"wp","href":"https:\/\/api.w.org\/{rel}","templated":true}]}}