{"id":517,"date":"2024-09-07T10:45:18","date_gmt":"2024-09-07T13:45:18","guid":{"rendered":"https:\/\/web.consaguirre.com.ar\/noticias\/armand-van-helden-remezcla-la-fotografia-del-clasico-de-def-leppard\/"},"modified":"2024-09-08T16:27:48","modified_gmt":"2024-09-08T19:27:48","slug":"armand-van-helden-remezcla-la-fotografia-del-clasico-de-def-leppard","status":"publish","type":"post","link":"https:\/\/web.consaguirre.com.ar\/noticias\/armand-van-helden-remezcla-la-fotografia-del-clasico-de-def-leppard\/","title":{"rendered":"Armand Van Helden remezcla la &#8216;Fotograf\u00eda&#8217; del cl\u00e1sico de Def Leppard"},"content":{"rendered":"<p><strong>Def Leppard<\/strong> han revelado un nuevo remix de Armand Van Helden de su \u00e9xito &#8220;Photograph&#8221;.<\/p>\n<p>Van Helden estren\u00f3 hoy el remix en BBC Radio 1 Ibiza. Es la primera colaboraci\u00f3n de Def Leppard con el veterano productor de Boston, que tambi\u00e9n act\u00faa habitualmente con el DJ canadiense A-Trak como el d\u00fao Duck Sauce.<\/p>\n<p>\u201cPhotograph\u201d apareci\u00f3 inicialmente en el \u00e1lbum seminal de Def Leppard de 1983 <em>Piroman\u00eda<\/em>El disco fue el primer \u00e1lbum de Def Leppard en el que particip\u00f3 el guitarrista Phil Collen tras la marcha de Pete Willis. Alcanz\u00f3 el n\u00famero 2 en las listas de \u00e9xitos de Estados Unidos y desde entonces ha sido certificado platino.<\/p>\n<div class=\"uD-YT-container\"><img decoding=\"async\" src=\"https:\/\/web.consaguirre.com.ar\/noticias\/wp-content\/uploads\/2024\/09\/1725716718_204_Armand-Van-Helden-remezcla-la-Fotografia-del-clasico-de-Def.jpg\" alt=\"V\u00eddeo de YouTube\"><\/p>\n<\/div>\n<p>A principios de este a\u00f1o, Def Leppard comparti\u00f3 <strong>Una reedici\u00f3n de lujo de la edici\u00f3n del 40 aniversario de <em>Piroman\u00eda<\/em><\/strong>El box set de 4 discos, que inclu\u00eda un disco completo de demos nunca antes escuchados y material de archivo de dos shows en vivo decisivos de la \u00e9poca, fue lanzado con gran \u00e9xito de cr\u00edtica, con <em>Mundo de la guitarra<\/em> bautiz\u00e1ndolo como \u201cuna obra maestra\u201d.<\/p>\n<p>Este nuevo remix llega despu\u00e9s del sencillo independiente de junio de Def Leppard, \u201cJust Like 73\u201d, en el que participa Tom Morello. Es la primera canci\u00f3n con el cofundador de Rage Against the Machine y Audioslave. El cantante principal de Def Leppard, Joe Elliott, coment\u00f3 sobre la canci\u00f3n: \u201cResume una \u00e9poca que qued\u00f3 grabada en nuestro ADN. Quer\u00edamos celebrar ese momento tan importante y glorioso\u201d. Morello agreg\u00f3: \u201cToqu\u00e9 &#8216;Rock of Ages&#8217; en mi banda de covers de la universidad hace casi 40 a\u00f1os y aqu\u00ed Def Leppard sigue arrasando en los estadios con una nueva melod\u00eda que es una de sus mejores\u201d.<\/p>\n<p><strong>\u00a1Pide ahora \u201cJust Like 73\u201d de Def Leppard!<\/strong><\/p>\n","protected":false},"excerpt":{"rendered":"<p>Def Leppard han revelado un nuevo remix de Armand Van Helden de su \u00e9xito &#8220;Photograph&#8221;. Van Helden estren\u00f3 hoy el remix en BBC Radio 1<\/p>\n","protected":false},"author":1,"featured_media":518,"comment_status":"closed","ping_status":"open","sticky":false,"template":"","format":"standard","meta":{"footnotes":""},"categories":[50],"tags":[575,580,122,10,579,577,123,578,576],"class_list":["post-517","post","type-post","status-publish","format-standard","has-post-thumbnail","hentry","category-el-ultimo","tag-armand","tag-clasico","tag-def","tag-del","tag-fotografia","tag-helden","tag-leppard","tag-remezcla","tag-van","generate-columns","tablet-grid-50","mobile-grid-100","grid-parent","grid-50"],"yoast_head":"<!-- This site is optimized with the Yoast SEO plugin v23.3 - https:\/\/yoast.com\/wordpress\/plugins\/seo\/ -->\n<title>Armand Van Helden remezcla la &#039;Fotograf\u00eda&#039; del cl\u00e1sico de Def Leppard<\/title>\n<meta name=\"robots\" content=\"index, follow, max-snippet:-1, max-image-preview:large, max-video-preview:-1\" \/>\n<link rel=\"canonical\" href=\"https:\/\/web.consaguirre.com.ar\/noticias\/armand-van-helden-remezcla-la-fotografia-del-clasico-de-def-leppard\/\" \/>\n<meta property=\"og:locale\" content=\"es_ES\" \/>\n<meta property=\"og:type\" content=\"article\" \/>\n<meta property=\"og:title\" content=\"Armand Van Helden remezcla la &#039;Fotograf\u00eda&#039; del cl\u00e1sico de Def Leppard\" \/>\n<meta property=\"og:description\" content=\"Def Leppard han revelado un nuevo remix de Armand Van Helden de su \u00e9xito &#8220;Photograph&#8221;. Van Helden estren\u00f3 hoy el remix en BBC Radio 1\" \/>\n<meta property=\"og:url\" content=\"https:\/\/web.consaguirre.com.ar\/noticias\/armand-van-helden-remezcla-la-fotografia-del-clasico-de-def-leppard\/\" \/>\n<meta property=\"og:site_name\" content=\"Conservatorio de M\u00fasica Juli\u00e1n Aguirre\" \/>\n<meta property=\"article:published_time\" content=\"2024-09-07T13:45:18+00:00\" \/>\n<meta property=\"article:modified_time\" content=\"2024-09-08T19:27:48+00:00\" \/>\n<meta property=\"og:image\" content=\"https:\/\/web.consaguirre.com.ar\/noticias\/wp-content\/uploads\/2024\/09\/Armand-Van-Helden-remezcla-la-Fotografia-del-clasico-de-Def.jpg\" \/>\n\t<meta property=\"og:image:width\" content=\"1280\" \/>\n\t<meta property=\"og:image:height\" content=\"1280\" \/>\n\t<meta property=\"og:image:type\" content=\"image\/jpeg\" \/>\n<meta name=\"author\" content=\"Javier Figueroa\" \/>\n<meta name=\"twitter:card\" content=\"summary_large_image\" \/>\n<meta name=\"twitter:label1\" content=\"Escrito por\" \/>\n\t<meta name=\"twitter:data1\" content=\"Javier Figueroa\" \/>\n\t<meta name=\"twitter:label2\" content=\"Tiempo de lectura\" \/>\n\t<meta name=\"twitter:data2\" content=\"1 minuto\" \/>\n<script type=\"application\/ld+json\" class=\"yoast-schema-graph\">{\"@context\":\"https:\/\/schema.org\",\"@graph\":[{\"@type\":\"Article\",\"@id\":\"https:\/\/web.consaguirre.com.ar\/noticias\/armand-van-helden-remezcla-la-fotografia-del-clasico-de-def-leppard\/#article\",\"isPartOf\":{\"@id\":\"https:\/\/web.consaguirre.com.ar\/noticias\/armand-van-helden-remezcla-la-fotografia-del-clasico-de-def-leppard\/\"},\"author\":{\"name\":\"Javier Figueroa\",\"@id\":\"https:\/\/web.consaguirre.com.ar\/noticias\/#\/schema\/person\/6558b0cfedee7ddc5425602b237d5722\"},\"headline\":\"Armand Van Helden remezcla la &#8216;Fotograf\u00eda&#8217; del cl\u00e1sico de Def Leppard\",\"datePublished\":\"2024-09-07T13:45:18+00:00\",\"dateModified\":\"2024-09-08T19:27:48+00:00\",\"mainEntityOfPage\":{\"@id\":\"https:\/\/web.consaguirre.com.ar\/noticias\/armand-van-helden-remezcla-la-fotografia-del-clasico-de-def-leppard\/\"},\"wordCount\":307,\"publisher\":{\"@id\":\"https:\/\/web.consaguirre.com.ar\/noticias\/#organization\"},\"image\":{\"@id\":\"https:\/\/web.consaguirre.com.ar\/noticias\/armand-van-helden-remezcla-la-fotografia-del-clasico-de-def-leppard\/#primaryimage\"},\"thumbnailUrl\":\"https:\/\/web.consaguirre.com.ar\/noticias\/wp-content\/uploads\/2024\/09\/Armand-Van-Helden-remezcla-la-Fotografia-del-clasico-de-Def.jpg\",\"keywords\":[\"Armand\",\"cl\u00e1sico\",\"Def\",\"del\",\"Fotograf\u00eda\",\"Helden\",\"Leppard\",\"remezcla\",\"Van\"],\"articleSection\":[\"El \u00faltimo\"],\"inLanguage\":\"es-AR\"},{\"@type\":\"WebPage\",\"@id\":\"https:\/\/web.consaguirre.com.ar\/noticias\/armand-van-helden-remezcla-la-fotografia-del-clasico-de-def-leppard\/\",\"url\":\"https:\/\/web.consaguirre.com.ar\/noticias\/armand-van-helden-remezcla-la-fotografia-del-clasico-de-def-leppard\/\",\"name\":\"Armand Van Helden remezcla la 'Fotograf\u00eda' del cl\u00e1sico de Def Leppard\",\"isPartOf\":{\"@id\":\"https:\/\/web.consaguirre.com.ar\/noticias\/#website\"},\"primaryImageOfPage\":{\"@id\":\"https:\/\/web.consaguirre.com.ar\/noticias\/armand-van-helden-remezcla-la-fotografia-del-clasico-de-def-leppard\/#primaryimage\"},\"image\":{\"@id\":\"https:\/\/web.consaguirre.com.ar\/noticias\/armand-van-helden-remezcla-la-fotografia-del-clasico-de-def-leppard\/#primaryimage\"},\"thumbnailUrl\":\"https:\/\/web.consaguirre.com.ar\/noticias\/wp-content\/uploads\/2024\/09\/Armand-Van-Helden-remezcla-la-Fotografia-del-clasico-de-Def.jpg\",\"datePublished\":\"2024-09-07T13:45:18+00:00\",\"dateModified\":\"2024-09-08T19:27:48+00:00\",\"breadcrumb\":{\"@id\":\"https:\/\/web.consaguirre.com.ar\/noticias\/armand-van-helden-remezcla-la-fotografia-del-clasico-de-def-leppard\/#breadcrumb\"},\"inLanguage\":\"es-AR\",\"potentialAction\":[{\"@type\":\"ReadAction\",\"target\":[\"https:\/\/web.consaguirre.com.ar\/noticias\/armand-van-helden-remezcla-la-fotografia-del-clasico-de-def-leppard\/\"]}]},{\"@type\":\"ImageObject\",\"inLanguage\":\"es-AR\",\"@id\":\"https:\/\/web.consaguirre.com.ar\/noticias\/armand-van-helden-remezcla-la-fotografia-del-clasico-de-def-leppard\/#primaryimage\",\"url\":\"https:\/\/web.consaguirre.com.ar\/noticias\/wp-content\/uploads\/2024\/09\/Armand-Van-Helden-remezcla-la-Fotografia-del-clasico-de-Def.jpg\",\"contentUrl\":\"https:\/\/web.consaguirre.com.ar\/noticias\/wp-content\/uploads\/2024\/09\/Armand-Van-Helden-remezcla-la-Fotografia-del-clasico-de-Def.jpg\",\"width\":1280,\"height\":1280,\"caption\":\"Armand Van Helden remezcla la 'Fotograf\u00eda' del cl\u00e1sico de Def Leppard\"},{\"@type\":\"BreadcrumbList\",\"@id\":\"https:\/\/web.consaguirre.com.ar\/noticias\/armand-van-helden-remezcla-la-fotografia-del-clasico-de-def-leppard\/#breadcrumb\",\"itemListElement\":[{\"@type\":\"ListItem\",\"position\":1,\"name\":\"Inicio\",\"item\":\"https:\/\/web.consaguirre.com.ar\/noticias\/\"},{\"@type\":\"ListItem\",\"position\":2,\"name\":\"Armand Van Helden remezcla la &#8216;Fotograf\u00eda&#8217; del cl\u00e1sico de Def Leppard\"}]},{\"@type\":\"WebSite\",\"@id\":\"https:\/\/web.consaguirre.com.ar\/noticias\/#website\",\"url\":\"https:\/\/web.consaguirre.com.ar\/noticias\/\",\"name\":\"Conservatorio de M\u00fasica Juli\u00e1n Aguirre\",\"description\":\"\",\"publisher\":{\"@id\":\"https:\/\/web.consaguirre.com.ar\/noticias\/#organization\"},\"potentialAction\":[{\"@type\":\"SearchAction\",\"target\":{\"@type\":\"EntryPoint\",\"urlTemplate\":\"https:\/\/web.consaguirre.com.ar\/noticias\/?s={search_term_string}\"},\"query-input\":\"required name=search_term_string\"}],\"inLanguage\":\"es-AR\"},{\"@type\":\"Organization\",\"@id\":\"https:\/\/web.consaguirre.com.ar\/noticias\/#organization\",\"name\":\"Conservatorio de M\u00fasica Juli\u00e1n Aguirre\",\"url\":\"https:\/\/web.consaguirre.com.ar\/noticias\/\",\"logo\":{\"@type\":\"ImageObject\",\"inLanguage\":\"es-AR\",\"@id\":\"https:\/\/web.consaguirre.com.ar\/noticias\/#\/schema\/logo\/image\/\",\"url\":\"https:\/\/web.consaguirre.com.ar\/noticias\/wp-content\/uploads\/2024\/08\/Banner-Aguirre-23.jpg\",\"contentUrl\":\"https:\/\/web.consaguirre.com.ar\/noticias\/wp-content\/uploads\/2024\/08\/Banner-Aguirre-23.jpg\",\"width\":1192,\"height\":600,\"caption\":\"Conservatorio de M\u00fasica Juli\u00e1n Aguirre\"},\"image\":{\"@id\":\"https:\/\/web.consaguirre.com.ar\/noticias\/#\/schema\/logo\/image\/\"}},{\"@type\":\"Person\",\"@id\":\"https:\/\/web.consaguirre.com.ar\/noticias\/#\/schema\/person\/6558b0cfedee7ddc5425602b237d5722\",\"name\":\"Javier Figueroa\",\"image\":{\"@type\":\"ImageObject\",\"inLanguage\":\"es-AR\",\"@id\":\"https:\/\/web.consaguirre.com.ar\/noticias\/#\/schema\/person\/image\/\",\"url\":\"https:\/\/web.consaguirre.com.ar\/noticias\/wp-content\/uploads\/2024\/08\/Consaguirre-scaled.jpg\",\"contentUrl\":\"https:\/\/web.consaguirre.com.ar\/noticias\/wp-content\/uploads\/2024\/08\/Consaguirre-scaled.jpg\",\"caption\":\"Javier Figueroa\"},\"description\":\"Me llamo Javier Figueroa y soy redactor para el sitio oficial del Conservatorio de M\u00fasica Juli\u00e1n Aguirre en Buenos Aires, consaguirre.com. Apasionado por la m\u00fasica y la escritura, me esfuerzo por destacar los talentos y eventos de nuestra prestigiosa instituci\u00f3n. Mi trayectoria se nutre de una profunda admiraci\u00f3n por los artistas, haciendo de cada art\u00edculo una celebraci\u00f3n de la creatividad y la cultura musical.\",\"sameAs\":[\"https:\/\/web.consaguirre.com.ar\/noticias\"]}]}<\/script>\n<!-- \/ Yoast SEO plugin. -->","yoast_head_json":{"title":"Armand Van Helden remezcla la 'Fotograf\u00eda' del cl\u00e1sico de Def Leppard","robots":{"index":"index","follow":"follow","max-snippet":"max-snippet:-1","max-image-preview":"max-image-preview:large","max-video-preview":"max-video-preview:-1"},"canonical":"https:\/\/web.consaguirre.com.ar\/noticias\/armand-van-helden-remezcla-la-fotografia-del-clasico-de-def-leppard\/","og_locale":"es_ES","og_type":"article","og_title":"Armand Van Helden remezcla la 'Fotograf\u00eda' del cl\u00e1sico de Def Leppard","og_description":"Def Leppard han revelado un nuevo remix de Armand Van Helden de su \u00e9xito &#8220;Photograph&#8221;. Van Helden estren\u00f3 hoy el remix en BBC Radio 1","og_url":"https:\/\/web.consaguirre.com.ar\/noticias\/armand-van-helden-remezcla-la-fotografia-del-clasico-de-def-leppard\/","og_site_name":"Conservatorio de M\u00fasica Juli\u00e1n Aguirre","article_published_time":"2024-09-07T13:45:18+00:00","article_modified_time":"2024-09-08T19:27:48+00:00","og_image":[{"width":1280,"height":1280,"url":"https:\/\/web.consaguirre.com.ar\/noticias\/wp-content\/uploads\/2024\/09\/Armand-Van-Helden-remezcla-la-Fotografia-del-clasico-de-Def.jpg","type":"image\/jpeg"}],"author":"Javier Figueroa","twitter_card":"summary_large_image","twitter_misc":{"Escrito por":"Javier Figueroa","Tiempo de lectura":"1 minuto"},"schema":{"@context":"https:\/\/schema.org","@graph":[{"@type":"Article","@id":"https:\/\/web.consaguirre.com.ar\/noticias\/armand-van-helden-remezcla-la-fotografia-del-clasico-de-def-leppard\/#article","isPartOf":{"@id":"https:\/\/web.consaguirre.com.ar\/noticias\/armand-van-helden-remezcla-la-fotografia-del-clasico-de-def-leppard\/"},"author":{"name":"Javier Figueroa","@id":"https:\/\/web.consaguirre.com.ar\/noticias\/#\/schema\/person\/6558b0cfedee7ddc5425602b237d5722"},"headline":"Armand Van Helden remezcla la &#8216;Fotograf\u00eda&#8217; del cl\u00e1sico de Def Leppard","datePublished":"2024-09-07T13:45:18+00:00","dateModified":"2024-09-08T19:27:48+00:00","mainEntityOfPage":{"@id":"https:\/\/web.consaguirre.com.ar\/noticias\/armand-van-helden-remezcla-la-fotografia-del-clasico-de-def-leppard\/"},"wordCount":307,"publisher":{"@id":"https:\/\/web.consaguirre.com.ar\/noticias\/#organization"},"image":{"@id":"https:\/\/web.consaguirre.com.ar\/noticias\/armand-van-helden-remezcla-la-fotografia-del-clasico-de-def-leppard\/#primaryimage"},"thumbnailUrl":"https:\/\/web.consaguirre.com.ar\/noticias\/wp-content\/uploads\/2024\/09\/Armand-Van-Helden-remezcla-la-Fotografia-del-clasico-de-Def.jpg","keywords":["Armand","cl\u00e1sico","Def","del","Fotograf\u00eda","Helden","Leppard","remezcla","Van"],"articleSection":["El \u00faltimo"],"inLanguage":"es-AR"},{"@type":"WebPage","@id":"https:\/\/web.consaguirre.com.ar\/noticias\/armand-van-helden-remezcla-la-fotografia-del-clasico-de-def-leppard\/","url":"https:\/\/web.consaguirre.com.ar\/noticias\/armand-van-helden-remezcla-la-fotografia-del-clasico-de-def-leppard\/","name":"Armand Van Helden remezcla la 'Fotograf\u00eda' del cl\u00e1sico de Def Leppard","isPartOf":{"@id":"https:\/\/web.consaguirre.com.ar\/noticias\/#website"},"primaryImageOfPage":{"@id":"https:\/\/web.consaguirre.com.ar\/noticias\/armand-van-helden-remezcla-la-fotografia-del-clasico-de-def-leppard\/#primaryimage"},"image":{"@id":"https:\/\/web.consaguirre.com.ar\/noticias\/armand-van-helden-remezcla-la-fotografia-del-clasico-de-def-leppard\/#primaryimage"},"thumbnailUrl":"https:\/\/web.consaguirre.com.ar\/noticias\/wp-content\/uploads\/2024\/09\/Armand-Van-Helden-remezcla-la-Fotografia-del-clasico-de-Def.jpg","datePublished":"2024-09-07T13:45:18+00:00","dateModified":"2024-09-08T19:27:48+00:00","breadcrumb":{"@id":"https:\/\/web.consaguirre.com.ar\/noticias\/armand-van-helden-remezcla-la-fotografia-del-clasico-de-def-leppard\/#breadcrumb"},"inLanguage":"es-AR","potentialAction":[{"@type":"ReadAction","target":["https:\/\/web.consaguirre.com.ar\/noticias\/armand-van-helden-remezcla-la-fotografia-del-clasico-de-def-leppard\/"]}]},{"@type":"ImageObject","inLanguage":"es-AR","@id":"https:\/\/web.consaguirre.com.ar\/noticias\/armand-van-helden-remezcla-la-fotografia-del-clasico-de-def-leppard\/#primaryimage","url":"https:\/\/web.consaguirre.com.ar\/noticias\/wp-content\/uploads\/2024\/09\/Armand-Van-Helden-remezcla-la-Fotografia-del-clasico-de-Def.jpg","contentUrl":"https:\/\/web.consaguirre.com.ar\/noticias\/wp-content\/uploads\/2024\/09\/Armand-Van-Helden-remezcla-la-Fotografia-del-clasico-de-Def.jpg","width":1280,"height":1280,"caption":"Armand Van Helden remezcla la 'Fotograf\u00eda' del cl\u00e1sico de Def Leppard"},{"@type":"BreadcrumbList","@id":"https:\/\/web.consaguirre.com.ar\/noticias\/armand-van-helden-remezcla-la-fotografia-del-clasico-de-def-leppard\/#breadcrumb","itemListElement":[{"@type":"ListItem","position":1,"name":"Inicio","item":"https:\/\/web.consaguirre.com.ar\/noticias\/"},{"@type":"ListItem","position":2,"name":"Armand Van Helden remezcla la &#8216;Fotograf\u00eda&#8217; del cl\u00e1sico de Def Leppard"}]},{"@type":"WebSite","@id":"https:\/\/web.consaguirre.com.ar\/noticias\/#website","url":"https:\/\/web.consaguirre.com.ar\/noticias\/","name":"Conservatorio de M\u00fasica Juli\u00e1n Aguirre","description":"","publisher":{"@id":"https:\/\/web.consaguirre.com.ar\/noticias\/#organization"},"potentialAction":[{"@type":"SearchAction","target":{"@type":"EntryPoint","urlTemplate":"https:\/\/web.consaguirre.com.ar\/noticias\/?s={search_term_string}"},"query-input":"required name=search_term_string"}],"inLanguage":"es-AR"},{"@type":"Organization","@id":"https:\/\/web.consaguirre.com.ar\/noticias\/#organization","name":"Conservatorio de M\u00fasica Juli\u00e1n Aguirre","url":"https:\/\/web.consaguirre.com.ar\/noticias\/","logo":{"@type":"ImageObject","inLanguage":"es-AR","@id":"https:\/\/web.consaguirre.com.ar\/noticias\/#\/schema\/logo\/image\/","url":"https:\/\/web.consaguirre.com.ar\/noticias\/wp-content\/uploads\/2024\/08\/Banner-Aguirre-23.jpg","contentUrl":"https:\/\/web.consaguirre.com.ar\/noticias\/wp-content\/uploads\/2024\/08\/Banner-Aguirre-23.jpg","width":1192,"height":600,"caption":"Conservatorio de M\u00fasica Juli\u00e1n Aguirre"},"image":{"@id":"https:\/\/web.consaguirre.com.ar\/noticias\/#\/schema\/logo\/image\/"}},{"@type":"Person","@id":"https:\/\/web.consaguirre.com.ar\/noticias\/#\/schema\/person\/6558b0cfedee7ddc5425602b237d5722","name":"Javier Figueroa","image":{"@type":"ImageObject","inLanguage":"es-AR","@id":"https:\/\/web.consaguirre.com.ar\/noticias\/#\/schema\/person\/image\/","url":"https:\/\/web.consaguirre.com.ar\/noticias\/wp-content\/uploads\/2024\/08\/Consaguirre-scaled.jpg","contentUrl":"https:\/\/web.consaguirre.com.ar\/noticias\/wp-content\/uploads\/2024\/08\/Consaguirre-scaled.jpg","caption":"Javier Figueroa"},"description":"Me llamo Javier Figueroa y soy redactor para el sitio oficial del Conservatorio de M\u00fasica Juli\u00e1n Aguirre en Buenos Aires, consaguirre.com. Apasionado por la m\u00fasica y la escritura, me esfuerzo por destacar los talentos y eventos de nuestra prestigiosa instituci\u00f3n. Mi trayectoria se nutre de una profunda admiraci\u00f3n por los artistas, haciendo de cada art\u00edculo una celebraci\u00f3n de la creatividad y la cultura musical.","sameAs":["https:\/\/web.consaguirre.com.ar\/noticias"]}]}},"_links":{"self":[{"href":"https:\/\/web.consaguirre.com.ar\/noticias\/wp-json\/wp\/v2\/posts\/517"}],"collection":[{"href":"https:\/\/web.consaguirre.com.ar\/noticias\/wp-json\/wp\/v2\/posts"}],"about":[{"href":"https:\/\/web.consaguirre.com.ar\/noticias\/wp-json\/wp\/v2\/types\/post"}],"author":[{"embeddable":true,"href":"https:\/\/web.consaguirre.com.ar\/noticias\/wp-json\/wp\/v2\/users\/1"}],"replies":[{"embeddable":true,"href":"https:\/\/web.consaguirre.com.ar\/noticias\/wp-json\/wp\/v2\/comments?post=517"}],"version-history":[{"count":1,"href":"https:\/\/web.consaguirre.com.ar\/noticias\/wp-json\/wp\/v2\/posts\/517\/revisions"}],"predecessor-version":[{"id":519,"href":"https:\/\/web.consaguirre.com.ar\/noticias\/wp-json\/wp\/v2\/posts\/517\/revisions\/519"}],"wp:featuredmedia":[{"embeddable":true,"href":"https:\/\/web.consaguirre.com.ar\/noticias\/wp-json\/wp\/v2\/media\/518"}],"wp:attachment":[{"href":"https:\/\/web.consaguirre.com.ar\/noticias\/wp-json\/wp\/v2\/media?parent=517"}],"wp:term":[{"taxonomy":"category","embeddable":true,"href":"https:\/\/web.consaguirre.com.ar\/noticias\/wp-json\/wp\/v2\/categories?post=517"},{"taxonomy":"post_tag","embeddable":true,"href":"https:\/\/web.consaguirre.com.ar\/noticias\/wp-json\/wp\/v2\/tags?post=517"}],"curies":[{"name":"wp","href":"https:\/\/api.w.org\/{rel}","templated":true}]}}