{"id":5006,"date":"2026-02-03T08:38:40","date_gmt":"2026-02-03T11:38:40","guid":{"rendered":"https:\/\/web.consaguirre.com.ar\/noticias\/el-ep-uncertain-de-cranberries-obtiene-una-reedicion-de-edicion-limitada\/"},"modified":"2026-02-03T08:38:41","modified_gmt":"2026-02-03T11:38:41","slug":"el-ep-uncertain-de-cranberries-obtiene-una-reedicion-de-edicion-limitada","status":"publish","type":"post","link":"https:\/\/web.consaguirre.com.ar\/noticias\/el-ep-uncertain-de-cranberries-obtiene-una-reedicion-de-edicion-limitada\/","title":{"rendered":"El EP &#8216;Uncertain&#8217; de Cranberries obtiene una reedici\u00f3n de edici\u00f3n limitada"},"content":{"rendered":"<p>Justo antes de su gran avance comercial, The Cranberries entraron por primera vez en la escena musical con su EP debut, <em>Incierto<\/em>. Ahora, el disco regresa como una reedici\u00f3n de edici\u00f3n limitada. Disponible el 30 de enero, la versi\u00f3n reci\u00e9n remasterizada y de edici\u00f3n limitada est\u00e1 convenientemente impresa en un vinilo de 12&#8221; de color rojo ar\u00e1ndano a 45 RPM. Lanzado originalmente en 1991, el anuncio coincide con el 35 aniversario del EP.<\/p>\n<p><em>Incierto<\/em> fue un EP poco com\u00fan que se lanz\u00f3 en cantidades limitadas (se estima que se hicieron 5.000 copias en ese momento) y dio una idea del venerado talento de la vocalista principal Dolores O&#8217;Riordan, el baterista Fergal Lawler, el bajista Mike Hogan y el guitarrista Noel Hogan.<\/p>\n<p>&#8220;\u00a1Vaya! Escuchar estas canciones es como hacer un viaje a trav\u00e9s de una m\u00e1quina del tiempo&#8221;, comparti\u00f3 Fergal en un comunicado de prensa. &#8220;\u00c9ramos muy j\u00f3venes cuando grabamos este EP. Realmente se puede escuchar en la voz de Dolores. Ella ten\u00eda s\u00f3lo 19 a\u00f1os en ese entonces&#8221;.<\/p>\n<div class=\"uD-YT-container\"><img decoding=\"async\" src=\"https:\/\/web.consaguirre.com.ar\/noticias\/wp-content\/uploads\/2026\/02\/1770118720_108_El-EP-Uncertain-de-Cranberries-obtiene-una-reedicion-de-edicion.jpg\" alt=\"V\u00eddeo de YouTube\"><br \/>Haga clic para cargar v\u00eddeo<\/div>\n<p>\u201cEscuchando <em>Incierto<\/em> Todos estos a\u00f1os despu\u00e9s, me sorprende lo bien que se ha mantenido&#8221;, agreg\u00f3 Noel. &#8220;Puedes escuchar peque\u00f1os indicios de c\u00f3mo sonar\u00eda la banda eventualmente, pero m\u00e1s que nada, trae grandes recuerdos de cuatro j\u00f3venes ansiosos por tocar m\u00fasica. El EP muestra signos claros de una fuerte composici\u00f3n, incluso si todav\u00eda suena muy propio de su \u00e9poca\u201d.<\/p>\n<p>El EP incluye cuatro temas: \u201cUncertain\u201d, \u201cNothing At All\u201d, \u201cPathetic Senses\u201d y \u201cThem\u201d. &#8220;Personalmente, siempre me encant\u00f3 esta canci\u00f3n&#8221;, dijo Fergal sobre &#8220;Them&#8221;. &#8220;Es tan poderoso. Fue una de las canciones que tocamos mucho en vivo en nuestros primeros d\u00edas y que realmente tuvo un efecto fascinante en la audiencia&#8221;.<\/p>\n<p>Los Cranberries se formaron en 1989 en Limerick, Irlanda. Despu\u00e9s de cuatro EP, la banda de rock alternativo lanz\u00f3 su \u00e1lbum debut, <em>Todos los dem\u00e1s lo est\u00e1n haciendo, entonces, \u00bfpor qu\u00e9 nosotros no podemos?<\/em>en 1993. El LP logr\u00f3 un \u00e9xito comercial, con los exitosos sencillos \u201cLinger\u201d (su canci\u00f3n con mayor ranking en las listas de Estados Unidos) y \u201cDream\u201d. Siguieron con siete \u00e1lbumes m\u00e1s, incluido el de 1994. <em>No hay necesidad de discutir<\/em>que los catapult\u00f3 a estrellas mundiales gracias a su himno \u201cZombie\u201d, y el de 2019. <em>Al final<\/em>su \u00faltimo \u00e1lbum tras la muerte de Dolores O&#8217;Riordan en 2018.<\/p>\n<p>En noviembre pasado, The Cranberries fueron honrados con el premio Icon en los premios ZYN Rolling Stone UK. El premio anual reconoce a los artistas que han tenido un impacto imborrable en la historia de la m\u00fasica.<\/p>\n<p>\u201cDolores falleci\u00f3 hace casi ocho a\u00f1os, por lo que es un testimonio de que las canciones han durado tanto tiempo\u201d, dijo en su discurso el guitarrista Noel Hogan, quien acept\u00f3 el premio en nombre de la banda. &#8220;Cuando \u00e9ramos ni\u00f1os y comenzamos en Limerick, nunca pensamos que nuestras canciones durar\u00edan tanto, y mucho menos 37 a\u00f1os. Esto significa mucho para nosotros y a Dolores le encantar\u00eda algo como esto esta noche&#8221;, continu\u00f3. &#8220;Si nos mira con desprecio, estar\u00e1 sonriendo&#8221;.<\/p>\n<p><b>Compra los ar\u00e1ndanos <em>Incierto<\/em> en vinilo de edici\u00f3n limitada aqu\u00ed.<\/b><\/p>\n","protected":false},"excerpt":{"rendered":"<p>Justo antes de su gran avance comercial, The Cranberries entraron por primera vez en la escena musical con su EP debut, Incierto. Ahora, el disco<\/p>\n","protected":false},"author":1,"featured_media":5007,"comment_status":"closed","ping_status":"","sticky":false,"template":"","format":"standard","meta":{"footnotes":""},"categories":[50],"tags":[1221,160,335,800,117,191,3811],"class_list":["post-5006","post","type-post","status-publish","format-standard","has-post-thumbnail","hentry","category-el-ultimo","tag-cranberries","tag-edicion","tag-limitada","tag-obtiene","tag-reedicion","tag-una","tag-uncertain","generate-columns","tablet-grid-50","mobile-grid-100","grid-parent","grid-50"],"yoast_head":"<!-- This site is optimized with the Yoast SEO plugin v23.3 - https:\/\/yoast.com\/wordpress\/plugins\/seo\/ -->\n<title>El EP &#039;Uncertain&#039; de Cranberries obtiene una reedici\u00f3n de edici\u00f3n limitada<\/title>\n<meta name=\"robots\" content=\"index, follow, max-snippet:-1, max-image-preview:large, max-video-preview:-1\" \/>\n<link rel=\"canonical\" href=\"https:\/\/web.consaguirre.com.ar\/noticias\/el-ep-uncertain-de-cranberries-obtiene-una-reedicion-de-edicion-limitada\/\" \/>\n<meta property=\"og:locale\" content=\"es_ES\" \/>\n<meta property=\"og:type\" content=\"article\" \/>\n<meta property=\"og:title\" content=\"El EP &#039;Uncertain&#039; de Cranberries obtiene una reedici\u00f3n de edici\u00f3n limitada\" \/>\n<meta property=\"og:description\" content=\"Justo antes de su gran avance comercial, The Cranberries entraron por primera vez en la escena musical con su EP debut, Incierto. Ahora, el disco\" \/>\n<meta property=\"og:url\" content=\"https:\/\/web.consaguirre.com.ar\/noticias\/el-ep-uncertain-de-cranberries-obtiene-una-reedicion-de-edicion-limitada\/\" \/>\n<meta property=\"og:site_name\" content=\"Conservatorio de M\u00fasica Juli\u00e1n Aguirre\" \/>\n<meta property=\"article:published_time\" content=\"2026-02-03T11:38:40+00:00\" \/>\n<meta property=\"article:modified_time\" content=\"2026-02-03T11:38:41+00:00\" \/>\n<meta property=\"og:image\" content=\"https:\/\/web.consaguirre.com.ar\/noticias\/wp-content\/uploads\/2026\/02\/El-EP-Uncertain-de-Cranberries-obtiene-una-reedicion-de-edicion.jpg\" \/>\n\t<meta property=\"og:image:width\" content=\"1000\" \/>\n\t<meta property=\"og:image:height\" content=\"600\" \/>\n\t<meta property=\"og:image:type\" content=\"image\/jpeg\" \/>\n<meta name=\"author\" content=\"Javier Figueroa\" \/>\n<meta name=\"twitter:card\" content=\"summary_large_image\" \/>\n<meta name=\"twitter:label1\" content=\"Escrito por\" \/>\n\t<meta name=\"twitter:data1\" content=\"Javier Figueroa\" \/>\n\t<meta name=\"twitter:label2\" content=\"Tiempo de lectura\" \/>\n\t<meta name=\"twitter:data2\" content=\"3 minutos\" \/>\n<script type=\"application\/ld+json\" class=\"yoast-schema-graph\">{\"@context\":\"https:\/\/schema.org\",\"@graph\":[{\"@type\":\"Article\",\"@id\":\"https:\/\/web.consaguirre.com.ar\/noticias\/el-ep-uncertain-de-cranberries-obtiene-una-reedicion-de-edicion-limitada\/#article\",\"isPartOf\":{\"@id\":\"https:\/\/web.consaguirre.com.ar\/noticias\/el-ep-uncertain-de-cranberries-obtiene-una-reedicion-de-edicion-limitada\/\"},\"author\":{\"name\":\"Javier Figueroa\",\"@id\":\"https:\/\/web.consaguirre.com.ar\/noticias\/#\/schema\/person\/6558b0cfedee7ddc5425602b237d5722\"},\"headline\":\"El EP &#8216;Uncertain&#8217; de Cranberries obtiene una reedici\u00f3n de edici\u00f3n limitada\",\"datePublished\":\"2026-02-03T11:38:40+00:00\",\"dateModified\":\"2026-02-03T11:38:41+00:00\",\"mainEntityOfPage\":{\"@id\":\"https:\/\/web.consaguirre.com.ar\/noticias\/el-ep-uncertain-de-cranberries-obtiene-una-reedicion-de-edicion-limitada\/\"},\"wordCount\":548,\"publisher\":{\"@id\":\"https:\/\/web.consaguirre.com.ar\/noticias\/#organization\"},\"image\":{\"@id\":\"https:\/\/web.consaguirre.com.ar\/noticias\/el-ep-uncertain-de-cranberries-obtiene-una-reedicion-de-edicion-limitada\/#primaryimage\"},\"thumbnailUrl\":\"https:\/\/web.consaguirre.com.ar\/noticias\/wp-content\/uploads\/2026\/02\/El-EP-Uncertain-de-Cranberries-obtiene-una-reedicion-de-edicion.jpg\",\"keywords\":[\"Cranberries\",\"edici\u00f3n\",\"limitada\",\"obtiene\",\"reedici\u00f3n\",\"una\",\"Uncertain\"],\"articleSection\":[\"El \u00faltimo\"],\"inLanguage\":\"es-AR\"},{\"@type\":\"WebPage\",\"@id\":\"https:\/\/web.consaguirre.com.ar\/noticias\/el-ep-uncertain-de-cranberries-obtiene-una-reedicion-de-edicion-limitada\/\",\"url\":\"https:\/\/web.consaguirre.com.ar\/noticias\/el-ep-uncertain-de-cranberries-obtiene-una-reedicion-de-edicion-limitada\/\",\"name\":\"El EP 'Uncertain' de Cranberries obtiene una reedici\u00f3n de edici\u00f3n limitada\",\"isPartOf\":{\"@id\":\"https:\/\/web.consaguirre.com.ar\/noticias\/#website\"},\"primaryImageOfPage\":{\"@id\":\"https:\/\/web.consaguirre.com.ar\/noticias\/el-ep-uncertain-de-cranberries-obtiene-una-reedicion-de-edicion-limitada\/#primaryimage\"},\"image\":{\"@id\":\"https:\/\/web.consaguirre.com.ar\/noticias\/el-ep-uncertain-de-cranberries-obtiene-una-reedicion-de-edicion-limitada\/#primaryimage\"},\"thumbnailUrl\":\"https:\/\/web.consaguirre.com.ar\/noticias\/wp-content\/uploads\/2026\/02\/El-EP-Uncertain-de-Cranberries-obtiene-una-reedicion-de-edicion.jpg\",\"datePublished\":\"2026-02-03T11:38:40+00:00\",\"dateModified\":\"2026-02-03T11:38:41+00:00\",\"breadcrumb\":{\"@id\":\"https:\/\/web.consaguirre.com.ar\/noticias\/el-ep-uncertain-de-cranberries-obtiene-una-reedicion-de-edicion-limitada\/#breadcrumb\"},\"inLanguage\":\"es-AR\",\"potentialAction\":[{\"@type\":\"ReadAction\",\"target\":[\"https:\/\/web.consaguirre.com.ar\/noticias\/el-ep-uncertain-de-cranberries-obtiene-una-reedicion-de-edicion-limitada\/\"]}]},{\"@type\":\"ImageObject\",\"inLanguage\":\"es-AR\",\"@id\":\"https:\/\/web.consaguirre.com.ar\/noticias\/el-ep-uncertain-de-cranberries-obtiene-una-reedicion-de-edicion-limitada\/#primaryimage\",\"url\":\"https:\/\/web.consaguirre.com.ar\/noticias\/wp-content\/uploads\/2026\/02\/El-EP-Uncertain-de-Cranberries-obtiene-una-reedicion-de-edicion.jpg\",\"contentUrl\":\"https:\/\/web.consaguirre.com.ar\/noticias\/wp-content\/uploads\/2026\/02\/El-EP-Uncertain-de-Cranberries-obtiene-una-reedicion-de-edicion.jpg\",\"width\":1000,\"height\":600,\"caption\":\"The Cranberries Uncertain vinyl\"},{\"@type\":\"BreadcrumbList\",\"@id\":\"https:\/\/web.consaguirre.com.ar\/noticias\/el-ep-uncertain-de-cranberries-obtiene-una-reedicion-de-edicion-limitada\/#breadcrumb\",\"itemListElement\":[{\"@type\":\"ListItem\",\"position\":1,\"name\":\"Inicio\",\"item\":\"https:\/\/web.consaguirre.com.ar\/noticias\/\"},{\"@type\":\"ListItem\",\"position\":2,\"name\":\"El EP &#8216;Uncertain&#8217; de Cranberries obtiene una reedici\u00f3n de edici\u00f3n limitada\"}]},{\"@type\":\"WebSite\",\"@id\":\"https:\/\/web.consaguirre.com.ar\/noticias\/#website\",\"url\":\"https:\/\/web.consaguirre.com.ar\/noticias\/\",\"name\":\"Conservatorio de M\u00fasica Juli\u00e1n Aguirre\",\"description\":\"\",\"publisher\":{\"@id\":\"https:\/\/web.consaguirre.com.ar\/noticias\/#organization\"},\"potentialAction\":[{\"@type\":\"SearchAction\",\"target\":{\"@type\":\"EntryPoint\",\"urlTemplate\":\"https:\/\/web.consaguirre.com.ar\/noticias\/?s={search_term_string}\"},\"query-input\":\"required name=search_term_string\"}],\"inLanguage\":\"es-AR\"},{\"@type\":\"Organization\",\"@id\":\"https:\/\/web.consaguirre.com.ar\/noticias\/#organization\",\"name\":\"Conservatorio de M\u00fasica Juli\u00e1n Aguirre\",\"url\":\"https:\/\/web.consaguirre.com.ar\/noticias\/\",\"logo\":{\"@type\":\"ImageObject\",\"inLanguage\":\"es-AR\",\"@id\":\"https:\/\/web.consaguirre.com.ar\/noticias\/#\/schema\/logo\/image\/\",\"url\":\"https:\/\/web.consaguirre.com.ar\/noticias\/wp-content\/uploads\/2024\/08\/Banner-Aguirre-23.jpg\",\"contentUrl\":\"https:\/\/web.consaguirre.com.ar\/noticias\/wp-content\/uploads\/2024\/08\/Banner-Aguirre-23.jpg\",\"width\":1192,\"height\":600,\"caption\":\"Conservatorio de M\u00fasica Juli\u00e1n Aguirre\"},\"image\":{\"@id\":\"https:\/\/web.consaguirre.com.ar\/noticias\/#\/schema\/logo\/image\/\"}},{\"@type\":\"Person\",\"@id\":\"https:\/\/web.consaguirre.com.ar\/noticias\/#\/schema\/person\/6558b0cfedee7ddc5425602b237d5722\",\"name\":\"Javier Figueroa\",\"image\":{\"@type\":\"ImageObject\",\"inLanguage\":\"es-AR\",\"@id\":\"https:\/\/web.consaguirre.com.ar\/noticias\/#\/schema\/person\/image\/\",\"url\":\"https:\/\/web.consaguirre.com.ar\/noticias\/wp-content\/uploads\/2024\/08\/Consaguirre-scaled.jpg\",\"contentUrl\":\"https:\/\/web.consaguirre.com.ar\/noticias\/wp-content\/uploads\/2024\/08\/Consaguirre-scaled.jpg\",\"caption\":\"Javier Figueroa\"},\"description\":\"Me llamo Javier Figueroa y soy redactor para el sitio oficial del Conservatorio de M\u00fasica Juli\u00e1n Aguirre en Buenos Aires, consaguirre.com. Apasionado por la m\u00fasica y la escritura, me esfuerzo por destacar los talentos y eventos de nuestra prestigiosa instituci\u00f3n. Mi trayectoria se nutre de una profunda admiraci\u00f3n por los artistas, haciendo de cada art\u00edculo una celebraci\u00f3n de la creatividad y la cultura musical.\",\"sameAs\":[\"https:\/\/web.consaguirre.com.ar\/noticias\"]}]}<\/script>\n<!-- \/ Yoast SEO plugin. -->","yoast_head_json":{"title":"El EP 'Uncertain' de Cranberries obtiene una reedici\u00f3n de edici\u00f3n limitada","robots":{"index":"index","follow":"follow","max-snippet":"max-snippet:-1","max-image-preview":"max-image-preview:large","max-video-preview":"max-video-preview:-1"},"canonical":"https:\/\/web.consaguirre.com.ar\/noticias\/el-ep-uncertain-de-cranberries-obtiene-una-reedicion-de-edicion-limitada\/","og_locale":"es_ES","og_type":"article","og_title":"El EP 'Uncertain' de Cranberries obtiene una reedici\u00f3n de edici\u00f3n limitada","og_description":"Justo antes de su gran avance comercial, The Cranberries entraron por primera vez en la escena musical con su EP debut, Incierto. Ahora, el disco","og_url":"https:\/\/web.consaguirre.com.ar\/noticias\/el-ep-uncertain-de-cranberries-obtiene-una-reedicion-de-edicion-limitada\/","og_site_name":"Conservatorio de M\u00fasica Juli\u00e1n Aguirre","article_published_time":"2026-02-03T11:38:40+00:00","article_modified_time":"2026-02-03T11:38:41+00:00","og_image":[{"width":1000,"height":600,"url":"https:\/\/web.consaguirre.com.ar\/noticias\/wp-content\/uploads\/2026\/02\/El-EP-Uncertain-de-Cranberries-obtiene-una-reedicion-de-edicion.jpg","type":"image\/jpeg"}],"author":"Javier Figueroa","twitter_card":"summary_large_image","twitter_misc":{"Escrito por":"Javier Figueroa","Tiempo de lectura":"3 minutos"},"schema":{"@context":"https:\/\/schema.org","@graph":[{"@type":"Article","@id":"https:\/\/web.consaguirre.com.ar\/noticias\/el-ep-uncertain-de-cranberries-obtiene-una-reedicion-de-edicion-limitada\/#article","isPartOf":{"@id":"https:\/\/web.consaguirre.com.ar\/noticias\/el-ep-uncertain-de-cranberries-obtiene-una-reedicion-de-edicion-limitada\/"},"author":{"name":"Javier Figueroa","@id":"https:\/\/web.consaguirre.com.ar\/noticias\/#\/schema\/person\/6558b0cfedee7ddc5425602b237d5722"},"headline":"El EP &#8216;Uncertain&#8217; de Cranberries obtiene una reedici\u00f3n de edici\u00f3n limitada","datePublished":"2026-02-03T11:38:40+00:00","dateModified":"2026-02-03T11:38:41+00:00","mainEntityOfPage":{"@id":"https:\/\/web.consaguirre.com.ar\/noticias\/el-ep-uncertain-de-cranberries-obtiene-una-reedicion-de-edicion-limitada\/"},"wordCount":548,"publisher":{"@id":"https:\/\/web.consaguirre.com.ar\/noticias\/#organization"},"image":{"@id":"https:\/\/web.consaguirre.com.ar\/noticias\/el-ep-uncertain-de-cranberries-obtiene-una-reedicion-de-edicion-limitada\/#primaryimage"},"thumbnailUrl":"https:\/\/web.consaguirre.com.ar\/noticias\/wp-content\/uploads\/2026\/02\/El-EP-Uncertain-de-Cranberries-obtiene-una-reedicion-de-edicion.jpg","keywords":["Cranberries","edici\u00f3n","limitada","obtiene","reedici\u00f3n","una","Uncertain"],"articleSection":["El \u00faltimo"],"inLanguage":"es-AR"},{"@type":"WebPage","@id":"https:\/\/web.consaguirre.com.ar\/noticias\/el-ep-uncertain-de-cranberries-obtiene-una-reedicion-de-edicion-limitada\/","url":"https:\/\/web.consaguirre.com.ar\/noticias\/el-ep-uncertain-de-cranberries-obtiene-una-reedicion-de-edicion-limitada\/","name":"El EP 'Uncertain' de Cranberries obtiene una reedici\u00f3n de edici\u00f3n limitada","isPartOf":{"@id":"https:\/\/web.consaguirre.com.ar\/noticias\/#website"},"primaryImageOfPage":{"@id":"https:\/\/web.consaguirre.com.ar\/noticias\/el-ep-uncertain-de-cranberries-obtiene-una-reedicion-de-edicion-limitada\/#primaryimage"},"image":{"@id":"https:\/\/web.consaguirre.com.ar\/noticias\/el-ep-uncertain-de-cranberries-obtiene-una-reedicion-de-edicion-limitada\/#primaryimage"},"thumbnailUrl":"https:\/\/web.consaguirre.com.ar\/noticias\/wp-content\/uploads\/2026\/02\/El-EP-Uncertain-de-Cranberries-obtiene-una-reedicion-de-edicion.jpg","datePublished":"2026-02-03T11:38:40+00:00","dateModified":"2026-02-03T11:38:41+00:00","breadcrumb":{"@id":"https:\/\/web.consaguirre.com.ar\/noticias\/el-ep-uncertain-de-cranberries-obtiene-una-reedicion-de-edicion-limitada\/#breadcrumb"},"inLanguage":"es-AR","potentialAction":[{"@type":"ReadAction","target":["https:\/\/web.consaguirre.com.ar\/noticias\/el-ep-uncertain-de-cranberries-obtiene-una-reedicion-de-edicion-limitada\/"]}]},{"@type":"ImageObject","inLanguage":"es-AR","@id":"https:\/\/web.consaguirre.com.ar\/noticias\/el-ep-uncertain-de-cranberries-obtiene-una-reedicion-de-edicion-limitada\/#primaryimage","url":"https:\/\/web.consaguirre.com.ar\/noticias\/wp-content\/uploads\/2026\/02\/El-EP-Uncertain-de-Cranberries-obtiene-una-reedicion-de-edicion.jpg","contentUrl":"https:\/\/web.consaguirre.com.ar\/noticias\/wp-content\/uploads\/2026\/02\/El-EP-Uncertain-de-Cranberries-obtiene-una-reedicion-de-edicion.jpg","width":1000,"height":600,"caption":"The Cranberries Uncertain vinyl"},{"@type":"BreadcrumbList","@id":"https:\/\/web.consaguirre.com.ar\/noticias\/el-ep-uncertain-de-cranberries-obtiene-una-reedicion-de-edicion-limitada\/#breadcrumb","itemListElement":[{"@type":"ListItem","position":1,"name":"Inicio","item":"https:\/\/web.consaguirre.com.ar\/noticias\/"},{"@type":"ListItem","position":2,"name":"El EP &#8216;Uncertain&#8217; de Cranberries obtiene una reedici\u00f3n de edici\u00f3n limitada"}]},{"@type":"WebSite","@id":"https:\/\/web.consaguirre.com.ar\/noticias\/#website","url":"https:\/\/web.consaguirre.com.ar\/noticias\/","name":"Conservatorio de M\u00fasica Juli\u00e1n Aguirre","description":"","publisher":{"@id":"https:\/\/web.consaguirre.com.ar\/noticias\/#organization"},"potentialAction":[{"@type":"SearchAction","target":{"@type":"EntryPoint","urlTemplate":"https:\/\/web.consaguirre.com.ar\/noticias\/?s={search_term_string}"},"query-input":"required name=search_term_string"}],"inLanguage":"es-AR"},{"@type":"Organization","@id":"https:\/\/web.consaguirre.com.ar\/noticias\/#organization","name":"Conservatorio de M\u00fasica Juli\u00e1n Aguirre","url":"https:\/\/web.consaguirre.com.ar\/noticias\/","logo":{"@type":"ImageObject","inLanguage":"es-AR","@id":"https:\/\/web.consaguirre.com.ar\/noticias\/#\/schema\/logo\/image\/","url":"https:\/\/web.consaguirre.com.ar\/noticias\/wp-content\/uploads\/2024\/08\/Banner-Aguirre-23.jpg","contentUrl":"https:\/\/web.consaguirre.com.ar\/noticias\/wp-content\/uploads\/2024\/08\/Banner-Aguirre-23.jpg","width":1192,"height":600,"caption":"Conservatorio de M\u00fasica Juli\u00e1n Aguirre"},"image":{"@id":"https:\/\/web.consaguirre.com.ar\/noticias\/#\/schema\/logo\/image\/"}},{"@type":"Person","@id":"https:\/\/web.consaguirre.com.ar\/noticias\/#\/schema\/person\/6558b0cfedee7ddc5425602b237d5722","name":"Javier Figueroa","image":{"@type":"ImageObject","inLanguage":"es-AR","@id":"https:\/\/web.consaguirre.com.ar\/noticias\/#\/schema\/person\/image\/","url":"https:\/\/web.consaguirre.com.ar\/noticias\/wp-content\/uploads\/2024\/08\/Consaguirre-scaled.jpg","contentUrl":"https:\/\/web.consaguirre.com.ar\/noticias\/wp-content\/uploads\/2024\/08\/Consaguirre-scaled.jpg","caption":"Javier Figueroa"},"description":"Me llamo Javier Figueroa y soy redactor para el sitio oficial del Conservatorio de M\u00fasica Juli\u00e1n Aguirre en Buenos Aires, consaguirre.com. Apasionado por la m\u00fasica y la escritura, me esfuerzo por destacar los talentos y eventos de nuestra prestigiosa instituci\u00f3n. Mi trayectoria se nutre de una profunda admiraci\u00f3n por los artistas, haciendo de cada art\u00edculo una celebraci\u00f3n de la creatividad y la cultura musical.","sameAs":["https:\/\/web.consaguirre.com.ar\/noticias"]}]}},"_links":{"self":[{"href":"https:\/\/web.consaguirre.com.ar\/noticias\/wp-json\/wp\/v2\/posts\/5006"}],"collection":[{"href":"https:\/\/web.consaguirre.com.ar\/noticias\/wp-json\/wp\/v2\/posts"}],"about":[{"href":"https:\/\/web.consaguirre.com.ar\/noticias\/wp-json\/wp\/v2\/types\/post"}],"author":[{"embeddable":true,"href":"https:\/\/web.consaguirre.com.ar\/noticias\/wp-json\/wp\/v2\/users\/1"}],"replies":[{"embeddable":true,"href":"https:\/\/web.consaguirre.com.ar\/noticias\/wp-json\/wp\/v2\/comments?post=5006"}],"version-history":[{"count":1,"href":"https:\/\/web.consaguirre.com.ar\/noticias\/wp-json\/wp\/v2\/posts\/5006\/revisions"}],"predecessor-version":[{"id":5008,"href":"https:\/\/web.consaguirre.com.ar\/noticias\/wp-json\/wp\/v2\/posts\/5006\/revisions\/5008"}],"wp:featuredmedia":[{"embeddable":true,"href":"https:\/\/web.consaguirre.com.ar\/noticias\/wp-json\/wp\/v2\/media\/5007"}],"wp:attachment":[{"href":"https:\/\/web.consaguirre.com.ar\/noticias\/wp-json\/wp\/v2\/media?parent=5006"}],"wp:term":[{"taxonomy":"category","embeddable":true,"href":"https:\/\/web.consaguirre.com.ar\/noticias\/wp-json\/wp\/v2\/categories?post=5006"},{"taxonomy":"post_tag","embeddable":true,"href":"https:\/\/web.consaguirre.com.ar\/noticias\/wp-json\/wp\/v2\/tags?post=5006"}],"curies":[{"name":"wp","href":"https:\/\/api.w.org\/{rel}","templated":true}]}}