{"id":4980,"date":"2026-01-30T14:38:35","date_gmt":"2026-01-30T17:38:35","guid":{"rendered":"https:\/\/web.consaguirre.com.ar\/noticias\/the-black-crowes-y-whiskey-myers-detallan-gira-conjunta-por-estados-unidos\/"},"modified":"2026-01-30T14:38:36","modified_gmt":"2026-01-30T17:38:36","slug":"the-black-crowes-y-whiskey-myers-detallan-gira-conjunta-por-estados-unidos","status":"publish","type":"post","link":"https:\/\/web.consaguirre.com.ar\/noticias\/the-black-crowes-y-whiskey-myers-detallan-gira-conjunta-por-estados-unidos\/","title":{"rendered":"The Black Crowes y Whiskey Myers detallan gira conjunta por Estados Unidos"},"content":{"rendered":"<p>Dos importantes grupos de rock, The Black Crowes y Whiskey Myers, acaban de anunciar una gira conjunta por Estados Unidos. Los dos actos llegar\u00e1n a m\u00e1s de 40 ciudades en su gira Southern Hospitality, que contar\u00e1 con Southall como telonero.<\/p>\n<p>La carrera comienza el 17 de mayo en Austin y se detendr\u00e1 en Nashville, Raleigh, la ciudad de Nueva York, Detroit, Denver, Salt Lake City y m\u00e1s durante la carrera. El 17 de agosto, The Black Crowes y Whiskey Myers encabezar\u00e1n el Hollywood Bowl de Los \u00c1ngeles junto a Tedeschi Trucks Band, que ser\u00e1 el primer espect\u00e1culo conjunto de los tres artistas en el lugar. Se abrir\u00e1 una preventa de boletos para artistas el martes 3 de febrero a las 12 p.m. hora local; luego se realizar\u00e1n preventas adicionales a trav\u00e9s de Citi y Mastercard. La venta general comienza el viernes 6 de febrero a las 10 a. m. hora local.<\/p>\n<div class=\"uD-YT-container\"><img decoding=\"async\" src=\"https:\/\/web.consaguirre.com.ar\/noticias\/wp-content\/uploads\/2026\/01\/1769794715_300_The-Black-Crowes-y-Whiskey-Myers-detallan-gira-conjunta-por.jpg\" alt=\"V\u00eddeo de YouTube\"><br \/>Haga clic para cargar v\u00eddeo<\/div>\n<p>Antes de la gira, The Black Crowes tambi\u00e9n lanzar\u00e1 su nuevo \u00e1lbum, <em>Una libra de plumas<\/em>que saldr\u00e1 el 13 de marzo. El lanzamiento y la pr\u00f3xima gira marcan la culminaci\u00f3n de un resurgimiento de la banda, que en 2025 obtuvo una nominaci\u00f3n al Grammy al Mejor \u00c1lbum de Rock (por Happiness Bastards) y su primera nominaci\u00f3n al Sal\u00f3n de la Fama del Rock &#038; Roll.<\/p>\n<p>Whiskey Myers tambi\u00e9n traer\u00e1 un nuevo \u00e1lbum a la gira. Los rockeros de Texas lanzaron su \u00faltimo larga duraci\u00f3n, <em>Whomp Whack Trueno<\/em>en octubre de 2025. El \u00e1lbum cont\u00f3 con la producci\u00f3n del elogiado artista Jay Joyce, quien ha trabajado con Emmylou Harris, Zac Brown Band, Little Big Town, Eric Church y Cage the Elephant a lo largo de los a\u00f1os. Aunque sus grabaciones de estudio han recibido elogios, quiz\u00e1s sean m\u00e1s conocidos por sus presentaciones en vivo de alta energ\u00eda: han presentado m\u00e1s de 3000 espect\u00e1culos desde 2007 y encabezaron lugares hist\u00f3ricos como el Anfiteatro Red Rocks de Colorado y el Auditorio Ryman de Nashville.<\/p>\n<p><b>Escuche el nuevo sencillo de The Black Crowes, &#8220;It&#8217;s Like That&#8221; aqu\u00ed.<\/b><\/p>\n","protected":false},"excerpt":{"rendered":"<p>Dos importantes grupos de rock, The Black Crowes y Whiskey Myers, acaban de anunciar una gira conjunta por Estados Unidos. Los dos actos llegar\u00e1n a<\/p>\n","protected":false},"author":1,"featured_media":4981,"comment_status":"closed","ping_status":"","sticky":false,"template":"","format":"standard","meta":{"footnotes":""},"categories":[50],"tags":[414,3465,3154,3430,1434,492,1706,96,1435,365],"class_list":["post-4980","post","type-post","status-publish","format-standard","has-post-thumbnail","hentry","category-el-ultimo","tag-black","tag-conjunta","tag-crowes","tag-detallan","tag-estados","tag-gira","tag-myers","tag-por","tag-unidos","tag-whiskey","generate-columns","tablet-grid-50","mobile-grid-100","grid-parent","grid-50"],"yoast_head":"<!-- This site is optimized with the Yoast SEO plugin v23.3 - https:\/\/yoast.com\/wordpress\/plugins\/seo\/ -->\n<title>The Black Crowes y Whiskey Myers detallan gira conjunta por Estados Unidos<\/title>\n<meta name=\"robots\" content=\"index, follow, max-snippet:-1, max-image-preview:large, max-video-preview:-1\" \/>\n<link rel=\"canonical\" href=\"https:\/\/web.consaguirre.com.ar\/noticias\/the-black-crowes-y-whiskey-myers-detallan-gira-conjunta-por-estados-unidos\/\" \/>\n<meta property=\"og:locale\" content=\"es_ES\" \/>\n<meta property=\"og:type\" content=\"article\" \/>\n<meta property=\"og:title\" content=\"The Black Crowes y Whiskey Myers detallan gira conjunta por Estados Unidos\" \/>\n<meta property=\"og:description\" content=\"Dos importantes grupos de rock, The Black Crowes y Whiskey Myers, acaban de anunciar una gira conjunta por Estados Unidos. Los dos actos llegar\u00e1n a\" \/>\n<meta property=\"og:url\" content=\"https:\/\/web.consaguirre.com.ar\/noticias\/the-black-crowes-y-whiskey-myers-detallan-gira-conjunta-por-estados-unidos\/\" \/>\n<meta property=\"og:site_name\" content=\"Conservatorio de M\u00fasica Juli\u00e1n Aguirre\" \/>\n<meta property=\"article:published_time\" content=\"2026-01-30T17:38:35+00:00\" \/>\n<meta property=\"article:modified_time\" content=\"2026-01-30T17:38:36+00:00\" \/>\n<meta property=\"og:image\" content=\"https:\/\/web.consaguirre.com.ar\/noticias\/wp-content\/uploads\/2026\/01\/The-Black-Crowes-y-Whiskey-Myers-detallan-gira-conjunta-por.jpg\" \/>\n\t<meta property=\"og:image:width\" content=\"1000\" \/>\n\t<meta property=\"og:image:height\" content=\"600\" \/>\n\t<meta property=\"og:image:type\" content=\"image\/jpeg\" \/>\n<meta name=\"author\" content=\"Javier Figueroa\" \/>\n<meta name=\"twitter:card\" content=\"summary_large_image\" \/>\n<meta name=\"twitter:label1\" content=\"Escrito por\" \/>\n\t<meta name=\"twitter:data1\" content=\"Javier Figueroa\" \/>\n\t<meta name=\"twitter:label2\" content=\"Tiempo de lectura\" \/>\n\t<meta name=\"twitter:data2\" content=\"2 minutos\" \/>\n<script type=\"application\/ld+json\" class=\"yoast-schema-graph\">{\"@context\":\"https:\/\/schema.org\",\"@graph\":[{\"@type\":\"Article\",\"@id\":\"https:\/\/web.consaguirre.com.ar\/noticias\/the-black-crowes-y-whiskey-myers-detallan-gira-conjunta-por-estados-unidos\/#article\",\"isPartOf\":{\"@id\":\"https:\/\/web.consaguirre.com.ar\/noticias\/the-black-crowes-y-whiskey-myers-detallan-gira-conjunta-por-estados-unidos\/\"},\"author\":{\"name\":\"Javier Figueroa\",\"@id\":\"https:\/\/web.consaguirre.com.ar\/noticias\/#\/schema\/person\/6558b0cfedee7ddc5425602b237d5722\"},\"headline\":\"The Black Crowes y Whiskey Myers detallan gira conjunta por Estados Unidos\",\"datePublished\":\"2026-01-30T17:38:35+00:00\",\"dateModified\":\"2026-01-30T17:38:36+00:00\",\"mainEntityOfPage\":{\"@id\":\"https:\/\/web.consaguirre.com.ar\/noticias\/the-black-crowes-y-whiskey-myers-detallan-gira-conjunta-por-estados-unidos\/\"},\"wordCount\":363,\"publisher\":{\"@id\":\"https:\/\/web.consaguirre.com.ar\/noticias\/#organization\"},\"image\":{\"@id\":\"https:\/\/web.consaguirre.com.ar\/noticias\/the-black-crowes-y-whiskey-myers-detallan-gira-conjunta-por-estados-unidos\/#primaryimage\"},\"thumbnailUrl\":\"https:\/\/web.consaguirre.com.ar\/noticias\/wp-content\/uploads\/2026\/01\/The-Black-Crowes-y-Whiskey-Myers-detallan-gira-conjunta-por.jpg\",\"keywords\":[\"Black\",\"conjunta\",\"Crowes\",\"detallan\",\"Estados\",\"gira\",\"Myers\",\"por\",\"Unidos\",\"Whiskey\"],\"articleSection\":[\"El \u00faltimo\"],\"inLanguage\":\"es-AR\"},{\"@type\":\"WebPage\",\"@id\":\"https:\/\/web.consaguirre.com.ar\/noticias\/the-black-crowes-y-whiskey-myers-detallan-gira-conjunta-por-estados-unidos\/\",\"url\":\"https:\/\/web.consaguirre.com.ar\/noticias\/the-black-crowes-y-whiskey-myers-detallan-gira-conjunta-por-estados-unidos\/\",\"name\":\"The Black Crowes y Whiskey Myers detallan gira conjunta por Estados Unidos\",\"isPartOf\":{\"@id\":\"https:\/\/web.consaguirre.com.ar\/noticias\/#website\"},\"primaryImageOfPage\":{\"@id\":\"https:\/\/web.consaguirre.com.ar\/noticias\/the-black-crowes-y-whiskey-myers-detallan-gira-conjunta-por-estados-unidos\/#primaryimage\"},\"image\":{\"@id\":\"https:\/\/web.consaguirre.com.ar\/noticias\/the-black-crowes-y-whiskey-myers-detallan-gira-conjunta-por-estados-unidos\/#primaryimage\"},\"thumbnailUrl\":\"https:\/\/web.consaguirre.com.ar\/noticias\/wp-content\/uploads\/2026\/01\/The-Black-Crowes-y-Whiskey-Myers-detallan-gira-conjunta-por.jpg\",\"datePublished\":\"2026-01-30T17:38:35+00:00\",\"dateModified\":\"2026-01-30T17:38:36+00:00\",\"breadcrumb\":{\"@id\":\"https:\/\/web.consaguirre.com.ar\/noticias\/the-black-crowes-y-whiskey-myers-detallan-gira-conjunta-por-estados-unidos\/#breadcrumb\"},\"inLanguage\":\"es-AR\",\"potentialAction\":[{\"@type\":\"ReadAction\",\"target\":[\"https:\/\/web.consaguirre.com.ar\/noticias\/the-black-crowes-y-whiskey-myers-detallan-gira-conjunta-por-estados-unidos\/\"]}]},{\"@type\":\"ImageObject\",\"inLanguage\":\"es-AR\",\"@id\":\"https:\/\/web.consaguirre.com.ar\/noticias\/the-black-crowes-y-whiskey-myers-detallan-gira-conjunta-por-estados-unidos\/#primaryimage\",\"url\":\"https:\/\/web.consaguirre.com.ar\/noticias\/wp-content\/uploads\/2026\/01\/The-Black-Crowes-y-Whiskey-Myers-detallan-gira-conjunta-por.jpg\",\"contentUrl\":\"https:\/\/web.consaguirre.com.ar\/noticias\/wp-content\/uploads\/2026\/01\/The-Black-Crowes-y-Whiskey-Myers-detallan-gira-conjunta-por.jpg\",\"width\":1000,\"height\":600,\"caption\":\"The Black Crowes photo by Errol Colandro\"},{\"@type\":\"BreadcrumbList\",\"@id\":\"https:\/\/web.consaguirre.com.ar\/noticias\/the-black-crowes-y-whiskey-myers-detallan-gira-conjunta-por-estados-unidos\/#breadcrumb\",\"itemListElement\":[{\"@type\":\"ListItem\",\"position\":1,\"name\":\"Inicio\",\"item\":\"https:\/\/web.consaguirre.com.ar\/noticias\/\"},{\"@type\":\"ListItem\",\"position\":2,\"name\":\"The Black Crowes y Whiskey Myers detallan gira conjunta por Estados Unidos\"}]},{\"@type\":\"WebSite\",\"@id\":\"https:\/\/web.consaguirre.com.ar\/noticias\/#website\",\"url\":\"https:\/\/web.consaguirre.com.ar\/noticias\/\",\"name\":\"Conservatorio de M\u00fasica Juli\u00e1n Aguirre\",\"description\":\"\",\"publisher\":{\"@id\":\"https:\/\/web.consaguirre.com.ar\/noticias\/#organization\"},\"potentialAction\":[{\"@type\":\"SearchAction\",\"target\":{\"@type\":\"EntryPoint\",\"urlTemplate\":\"https:\/\/web.consaguirre.com.ar\/noticias\/?s={search_term_string}\"},\"query-input\":\"required name=search_term_string\"}],\"inLanguage\":\"es-AR\"},{\"@type\":\"Organization\",\"@id\":\"https:\/\/web.consaguirre.com.ar\/noticias\/#organization\",\"name\":\"Conservatorio de M\u00fasica Juli\u00e1n Aguirre\",\"url\":\"https:\/\/web.consaguirre.com.ar\/noticias\/\",\"logo\":{\"@type\":\"ImageObject\",\"inLanguage\":\"es-AR\",\"@id\":\"https:\/\/web.consaguirre.com.ar\/noticias\/#\/schema\/logo\/image\/\",\"url\":\"https:\/\/web.consaguirre.com.ar\/noticias\/wp-content\/uploads\/2024\/08\/Banner-Aguirre-23.jpg\",\"contentUrl\":\"https:\/\/web.consaguirre.com.ar\/noticias\/wp-content\/uploads\/2024\/08\/Banner-Aguirre-23.jpg\",\"width\":1192,\"height\":600,\"caption\":\"Conservatorio de M\u00fasica Juli\u00e1n Aguirre\"},\"image\":{\"@id\":\"https:\/\/web.consaguirre.com.ar\/noticias\/#\/schema\/logo\/image\/\"}},{\"@type\":\"Person\",\"@id\":\"https:\/\/web.consaguirre.com.ar\/noticias\/#\/schema\/person\/6558b0cfedee7ddc5425602b237d5722\",\"name\":\"Javier Figueroa\",\"image\":{\"@type\":\"ImageObject\",\"inLanguage\":\"es-AR\",\"@id\":\"https:\/\/web.consaguirre.com.ar\/noticias\/#\/schema\/person\/image\/\",\"url\":\"https:\/\/web.consaguirre.com.ar\/noticias\/wp-content\/uploads\/2024\/08\/Consaguirre-scaled.jpg\",\"contentUrl\":\"https:\/\/web.consaguirre.com.ar\/noticias\/wp-content\/uploads\/2024\/08\/Consaguirre-scaled.jpg\",\"caption\":\"Javier Figueroa\"},\"description\":\"Me llamo Javier Figueroa y soy redactor para el sitio oficial del Conservatorio de M\u00fasica Juli\u00e1n Aguirre en Buenos Aires, consaguirre.com. Apasionado por la m\u00fasica y la escritura, me esfuerzo por destacar los talentos y eventos de nuestra prestigiosa instituci\u00f3n. Mi trayectoria se nutre de una profunda admiraci\u00f3n por los artistas, haciendo de cada art\u00edculo una celebraci\u00f3n de la creatividad y la cultura musical.\",\"sameAs\":[\"https:\/\/web.consaguirre.com.ar\/noticias\"]}]}<\/script>\n<!-- \/ Yoast SEO plugin. -->","yoast_head_json":{"title":"The Black Crowes y Whiskey Myers detallan gira conjunta por Estados Unidos","robots":{"index":"index","follow":"follow","max-snippet":"max-snippet:-1","max-image-preview":"max-image-preview:large","max-video-preview":"max-video-preview:-1"},"canonical":"https:\/\/web.consaguirre.com.ar\/noticias\/the-black-crowes-y-whiskey-myers-detallan-gira-conjunta-por-estados-unidos\/","og_locale":"es_ES","og_type":"article","og_title":"The Black Crowes y Whiskey Myers detallan gira conjunta por Estados Unidos","og_description":"Dos importantes grupos de rock, The Black Crowes y Whiskey Myers, acaban de anunciar una gira conjunta por Estados Unidos. Los dos actos llegar\u00e1n a","og_url":"https:\/\/web.consaguirre.com.ar\/noticias\/the-black-crowes-y-whiskey-myers-detallan-gira-conjunta-por-estados-unidos\/","og_site_name":"Conservatorio de M\u00fasica Juli\u00e1n Aguirre","article_published_time":"2026-01-30T17:38:35+00:00","article_modified_time":"2026-01-30T17:38:36+00:00","og_image":[{"width":1000,"height":600,"url":"https:\/\/web.consaguirre.com.ar\/noticias\/wp-content\/uploads\/2026\/01\/The-Black-Crowes-y-Whiskey-Myers-detallan-gira-conjunta-por.jpg","type":"image\/jpeg"}],"author":"Javier Figueroa","twitter_card":"summary_large_image","twitter_misc":{"Escrito por":"Javier Figueroa","Tiempo de lectura":"2 minutos"},"schema":{"@context":"https:\/\/schema.org","@graph":[{"@type":"Article","@id":"https:\/\/web.consaguirre.com.ar\/noticias\/the-black-crowes-y-whiskey-myers-detallan-gira-conjunta-por-estados-unidos\/#article","isPartOf":{"@id":"https:\/\/web.consaguirre.com.ar\/noticias\/the-black-crowes-y-whiskey-myers-detallan-gira-conjunta-por-estados-unidos\/"},"author":{"name":"Javier Figueroa","@id":"https:\/\/web.consaguirre.com.ar\/noticias\/#\/schema\/person\/6558b0cfedee7ddc5425602b237d5722"},"headline":"The Black Crowes y Whiskey Myers detallan gira conjunta por Estados Unidos","datePublished":"2026-01-30T17:38:35+00:00","dateModified":"2026-01-30T17:38:36+00:00","mainEntityOfPage":{"@id":"https:\/\/web.consaguirre.com.ar\/noticias\/the-black-crowes-y-whiskey-myers-detallan-gira-conjunta-por-estados-unidos\/"},"wordCount":363,"publisher":{"@id":"https:\/\/web.consaguirre.com.ar\/noticias\/#organization"},"image":{"@id":"https:\/\/web.consaguirre.com.ar\/noticias\/the-black-crowes-y-whiskey-myers-detallan-gira-conjunta-por-estados-unidos\/#primaryimage"},"thumbnailUrl":"https:\/\/web.consaguirre.com.ar\/noticias\/wp-content\/uploads\/2026\/01\/The-Black-Crowes-y-Whiskey-Myers-detallan-gira-conjunta-por.jpg","keywords":["Black","conjunta","Crowes","detallan","Estados","gira","Myers","por","Unidos","Whiskey"],"articleSection":["El \u00faltimo"],"inLanguage":"es-AR"},{"@type":"WebPage","@id":"https:\/\/web.consaguirre.com.ar\/noticias\/the-black-crowes-y-whiskey-myers-detallan-gira-conjunta-por-estados-unidos\/","url":"https:\/\/web.consaguirre.com.ar\/noticias\/the-black-crowes-y-whiskey-myers-detallan-gira-conjunta-por-estados-unidos\/","name":"The Black Crowes y Whiskey Myers detallan gira conjunta por Estados Unidos","isPartOf":{"@id":"https:\/\/web.consaguirre.com.ar\/noticias\/#website"},"primaryImageOfPage":{"@id":"https:\/\/web.consaguirre.com.ar\/noticias\/the-black-crowes-y-whiskey-myers-detallan-gira-conjunta-por-estados-unidos\/#primaryimage"},"image":{"@id":"https:\/\/web.consaguirre.com.ar\/noticias\/the-black-crowes-y-whiskey-myers-detallan-gira-conjunta-por-estados-unidos\/#primaryimage"},"thumbnailUrl":"https:\/\/web.consaguirre.com.ar\/noticias\/wp-content\/uploads\/2026\/01\/The-Black-Crowes-y-Whiskey-Myers-detallan-gira-conjunta-por.jpg","datePublished":"2026-01-30T17:38:35+00:00","dateModified":"2026-01-30T17:38:36+00:00","breadcrumb":{"@id":"https:\/\/web.consaguirre.com.ar\/noticias\/the-black-crowes-y-whiskey-myers-detallan-gira-conjunta-por-estados-unidos\/#breadcrumb"},"inLanguage":"es-AR","potentialAction":[{"@type":"ReadAction","target":["https:\/\/web.consaguirre.com.ar\/noticias\/the-black-crowes-y-whiskey-myers-detallan-gira-conjunta-por-estados-unidos\/"]}]},{"@type":"ImageObject","inLanguage":"es-AR","@id":"https:\/\/web.consaguirre.com.ar\/noticias\/the-black-crowes-y-whiskey-myers-detallan-gira-conjunta-por-estados-unidos\/#primaryimage","url":"https:\/\/web.consaguirre.com.ar\/noticias\/wp-content\/uploads\/2026\/01\/The-Black-Crowes-y-Whiskey-Myers-detallan-gira-conjunta-por.jpg","contentUrl":"https:\/\/web.consaguirre.com.ar\/noticias\/wp-content\/uploads\/2026\/01\/The-Black-Crowes-y-Whiskey-Myers-detallan-gira-conjunta-por.jpg","width":1000,"height":600,"caption":"The Black Crowes photo by Errol Colandro"},{"@type":"BreadcrumbList","@id":"https:\/\/web.consaguirre.com.ar\/noticias\/the-black-crowes-y-whiskey-myers-detallan-gira-conjunta-por-estados-unidos\/#breadcrumb","itemListElement":[{"@type":"ListItem","position":1,"name":"Inicio","item":"https:\/\/web.consaguirre.com.ar\/noticias\/"},{"@type":"ListItem","position":2,"name":"The Black Crowes y Whiskey Myers detallan gira conjunta por Estados Unidos"}]},{"@type":"WebSite","@id":"https:\/\/web.consaguirre.com.ar\/noticias\/#website","url":"https:\/\/web.consaguirre.com.ar\/noticias\/","name":"Conservatorio de M\u00fasica Juli\u00e1n Aguirre","description":"","publisher":{"@id":"https:\/\/web.consaguirre.com.ar\/noticias\/#organization"},"potentialAction":[{"@type":"SearchAction","target":{"@type":"EntryPoint","urlTemplate":"https:\/\/web.consaguirre.com.ar\/noticias\/?s={search_term_string}"},"query-input":"required name=search_term_string"}],"inLanguage":"es-AR"},{"@type":"Organization","@id":"https:\/\/web.consaguirre.com.ar\/noticias\/#organization","name":"Conservatorio de M\u00fasica Juli\u00e1n Aguirre","url":"https:\/\/web.consaguirre.com.ar\/noticias\/","logo":{"@type":"ImageObject","inLanguage":"es-AR","@id":"https:\/\/web.consaguirre.com.ar\/noticias\/#\/schema\/logo\/image\/","url":"https:\/\/web.consaguirre.com.ar\/noticias\/wp-content\/uploads\/2024\/08\/Banner-Aguirre-23.jpg","contentUrl":"https:\/\/web.consaguirre.com.ar\/noticias\/wp-content\/uploads\/2024\/08\/Banner-Aguirre-23.jpg","width":1192,"height":600,"caption":"Conservatorio de M\u00fasica Juli\u00e1n Aguirre"},"image":{"@id":"https:\/\/web.consaguirre.com.ar\/noticias\/#\/schema\/logo\/image\/"}},{"@type":"Person","@id":"https:\/\/web.consaguirre.com.ar\/noticias\/#\/schema\/person\/6558b0cfedee7ddc5425602b237d5722","name":"Javier Figueroa","image":{"@type":"ImageObject","inLanguage":"es-AR","@id":"https:\/\/web.consaguirre.com.ar\/noticias\/#\/schema\/person\/image\/","url":"https:\/\/web.consaguirre.com.ar\/noticias\/wp-content\/uploads\/2024\/08\/Consaguirre-scaled.jpg","contentUrl":"https:\/\/web.consaguirre.com.ar\/noticias\/wp-content\/uploads\/2024\/08\/Consaguirre-scaled.jpg","caption":"Javier Figueroa"},"description":"Me llamo Javier Figueroa y soy redactor para el sitio oficial del Conservatorio de M\u00fasica Juli\u00e1n Aguirre en Buenos Aires, consaguirre.com. Apasionado por la m\u00fasica y la escritura, me esfuerzo por destacar los talentos y eventos de nuestra prestigiosa instituci\u00f3n. Mi trayectoria se nutre de una profunda admiraci\u00f3n por los artistas, haciendo de cada art\u00edculo una celebraci\u00f3n de la creatividad y la cultura musical.","sameAs":["https:\/\/web.consaguirre.com.ar\/noticias"]}]}},"_links":{"self":[{"href":"https:\/\/web.consaguirre.com.ar\/noticias\/wp-json\/wp\/v2\/posts\/4980"}],"collection":[{"href":"https:\/\/web.consaguirre.com.ar\/noticias\/wp-json\/wp\/v2\/posts"}],"about":[{"href":"https:\/\/web.consaguirre.com.ar\/noticias\/wp-json\/wp\/v2\/types\/post"}],"author":[{"embeddable":true,"href":"https:\/\/web.consaguirre.com.ar\/noticias\/wp-json\/wp\/v2\/users\/1"}],"replies":[{"embeddable":true,"href":"https:\/\/web.consaguirre.com.ar\/noticias\/wp-json\/wp\/v2\/comments?post=4980"}],"version-history":[{"count":1,"href":"https:\/\/web.consaguirre.com.ar\/noticias\/wp-json\/wp\/v2\/posts\/4980\/revisions"}],"predecessor-version":[{"id":4982,"href":"https:\/\/web.consaguirre.com.ar\/noticias\/wp-json\/wp\/v2\/posts\/4980\/revisions\/4982"}],"wp:featuredmedia":[{"embeddable":true,"href":"https:\/\/web.consaguirre.com.ar\/noticias\/wp-json\/wp\/v2\/media\/4981"}],"wp:attachment":[{"href":"https:\/\/web.consaguirre.com.ar\/noticias\/wp-json\/wp\/v2\/media?parent=4980"}],"wp:term":[{"taxonomy":"category","embeddable":true,"href":"https:\/\/web.consaguirre.com.ar\/noticias\/wp-json\/wp\/v2\/categories?post=4980"},{"taxonomy":"post_tag","embeddable":true,"href":"https:\/\/web.consaguirre.com.ar\/noticias\/wp-json\/wp\/v2\/tags?post=4980"}],"curies":[{"name":"wp","href":"https:\/\/api.w.org\/{rel}","templated":true}]}}