{"id":4974,"date":"2026-01-29T23:41:21","date_gmt":"2026-01-30T02:41:21","guid":{"rendered":"https:\/\/web.consaguirre.com.ar\/noticias\/the-wood-brothers-anuncian-fechas-de-gira-por-norteamerica\/"},"modified":"2026-01-29T23:41:22","modified_gmt":"2026-01-30T02:41:22","slug":"the-wood-brothers-anuncian-fechas-de-gira-por-norteamerica","status":"publish","type":"post","link":"https:\/\/web.consaguirre.com.ar\/noticias\/the-wood-brothers-anuncian-fechas-de-gira-por-norteamerica\/","title":{"rendered":"The Wood Brothers anuncian fechas de gira por Norteam\u00e9rica"},"content":{"rendered":"<p>Los Wood Brothers inician 2026 con su gira por Norteam\u00e9rica en promoci\u00f3n de su \u00faltimo \u00e1lbum, <em>Soplo de humo<\/em>. El viaje comenz\u00f3 el 29 de enero en Atlanta y se dirige a ciudades como Orlando, Charlotte, Nashville, Houston, Portland y San Francisco antes de finalizar el 9 de mayo en Vancouver, Canad\u00e1.<\/p>\n<p>Adem\u00e1s de interpretar melod\u00edas de <em>Soplo de humo<\/em>The Wood Brothers tambi\u00e9n celebrar\u00e1n el 20 aniversario de su \u00e1lbum debut, <em>Maneras de no perder<\/em>. Se unen al tr\u00edo en la gira el multiinstrumentista Ric Robertson, la cantante estadounidense\/indie Elizabeth Moen y la cantautora estadounidense Katie Pruitt. La venta general comenz\u00f3 el 16 de enero y las entradas a\u00fan est\u00e1n disponibles en la web oficial de la banda.<\/p>\n<div class=\"uD-YT-container\"><img decoding=\"async\" src=\"https:\/\/web.consaguirre.com.ar\/noticias\/wp-content\/uploads\/2026\/01\/1769740881_913_The-Wood-Brothers-anuncian-fechas-de-gira-por-Norteamerica.jpg\" alt=\"V\u00eddeo de YouTube\"><br \/>Haga clic para cargar v\u00eddeo<\/div>\n<p>The Wood Brothers es una banda de ra\u00edces formada por los hermanos Chris al bajo y Oliver Wood a las guitarras ac\u00fasticas y el\u00e9ctricas, as\u00ed como al multiinstrumentista Jano Rix. Formado en 2004 en la ciudad de Nueva York, el tr\u00edo firm\u00f3 con Blue Note Records y lanz\u00f3 su primer \u00e1lbum, <em>Maneras de no perder<\/em>en 2006. En 2019, la banda <em>Una gota de verdad<\/em> recibi\u00f3 una nominaci\u00f3n al Grammy al Mejor \u00c1lbum Americana.<\/p>\n<div align='center'>\n<div class=\"udiscover-store-container\">\n<div id='udiscover-store-one-product'><\/div>\n<\/div>\n<p>\/*<!(CDATA(*\/(function (){var scriptURL='https:\/\/sdks.shopifycdn.com\/buy-button\/latest\/buy-button-storefront.min.js';if(window.ShopifyBuy){if(window.ShopifyBuy.UI){ShopifyBuyInit();}else{loadScript();}}else{loadScript();}funci\u00f3n loadScript(){var script=document.createElement('script');script.async=true;script.src=scriptURL;(document.getElementsByTagName('head')(0)|| document.getElementsByTagName('body')(0)).appendChild(script);script.onload=ShopifyBuyInit;} function ShopifyBuyInit(){var cliente=ShopifyBuy.buildClient({dominio:'udiscover.myshopify.com',storefrontAccessToken: 'bdc89f347d2ce61c1feeb9f8c60b2b98',}); ShopifyBuy.UI.onReady(cliente).luego(funci\u00f3n(ui){ ui.createComponent('producto',{ id:(7671539597389), nodo:document.getElementById('udiscover-store-one-product'), moneyFormat:'%24%7B%7Bamount%7D%7D', opciones:{'product':{'iframe':false,'buttonDestination':'modal','contents':{'options':true},'text':{'button':'ORDEN AHORA','outOfStock':'Lo sentimos, esto est\u00e1 agotado stock'}},'productSet':{'iframe':false},'modalProduct':{'iframe':false,'contents':{'img':false,'imgWithCarousel':true,'button':false,'buttonWithQuantity':true} },'modal':{'iframe':false},'option':{'iframe':false},'cart':{'iframe':false},'toggle':{'iframe':false,'contents':{'icon':false}},'lineItem':{'iframe':false}}, }); }); <\/div>\n<\/p>\n<p>Antes de The Wood Brothers, Chris Wood form\u00f3 Medeski Martin &#038; Wood junto a John Medeski en teclados y Billy Martin en bater\u00eda, en 1991. La banda es conocida por su enfoque vanguardista del jazz, que a menudo incorpora inspiraciones funk y hip-hop. En 1992 lanzaron su \u00e1lbum debut. <em>Notas del metro<\/em>. El \u00faltimo lanzamiento de la banda fue el de 2018. <em>omnisfera<\/em> \u00c1lbum en vivo, grabado junto a la orquesta Alarm Will Sound.<\/p>\n<p>Este mes, Medeski Martin &#038; Wood&#8217;s <em>T\u00f3nico<\/em> se uni\u00f3 a la serie Classic Vinyl de Blue Note Records. El \u00e1lbum en vivo fue grabado en el local de m\u00fasica Tonic en la ciudad de Nueva York en 1999 y fue lanzado al a\u00f1o siguiente. El \u00e1lbum, grabado frente a una audiencia de 150 personas, inclu\u00eda los originales del tr\u00edo, as\u00ed como versiones de \u201cAfrique\u201d de Lee Morgan, \u201cBuster Rides Again\u201d de Bud Powell, \u201cYour Lady\u201d de John Coltrane y su interpretaci\u00f3n del est\u00e1ndar de rock de los a\u00f1os 60 \u201cHey Joe\u201d.<\/p>\n<p><b>Obtenga m\u00e1s informaci\u00f3n sobre el recorrido aqu\u00ed.<\/b><\/p>\n","protected":false},"excerpt":{"rendered":"<p>Los Wood Brothers inician 2026 con su gira por Norteam\u00e9rica en promoci\u00f3n de su \u00faltimo \u00e1lbum, Soplo de humo. El viaje comenz\u00f3 el 29 de<\/p>\n","protected":false},"author":1,"featured_media":4975,"comment_status":"closed","ping_status":"","sticky":false,"template":"","format":"standard","meta":{"footnotes":""},"categories":[50],"tags":[725,1048,1299,492,1377,96,1576],"class_list":["post-4974","post","type-post","status-publish","format-standard","has-post-thumbnail","hentry","category-el-ultimo","tag-anuncian","tag-brothers","tag-fechas","tag-gira","tag-norteamerica","tag-por","tag-wood","generate-columns","tablet-grid-50","mobile-grid-100","grid-parent","grid-50"],"yoast_head":"<!-- This site is optimized with the Yoast SEO plugin v23.3 - https:\/\/yoast.com\/wordpress\/plugins\/seo\/ -->\n<title>The Wood Brothers anuncian fechas de gira por Norteam\u00e9rica<\/title>\n<meta name=\"robots\" content=\"index, follow, max-snippet:-1, max-image-preview:large, max-video-preview:-1\" \/>\n<link rel=\"canonical\" href=\"https:\/\/web.consaguirre.com.ar\/noticias\/the-wood-brothers-anuncian-fechas-de-gira-por-norteamerica\/\" \/>\n<meta property=\"og:locale\" content=\"es_ES\" \/>\n<meta property=\"og:type\" content=\"article\" \/>\n<meta property=\"og:title\" content=\"The Wood Brothers anuncian fechas de gira por Norteam\u00e9rica\" \/>\n<meta property=\"og:description\" content=\"Los Wood Brothers inician 2026 con su gira por Norteam\u00e9rica en promoci\u00f3n de su \u00faltimo \u00e1lbum, Soplo de humo. El viaje comenz\u00f3 el 29 de\" \/>\n<meta property=\"og:url\" content=\"https:\/\/web.consaguirre.com.ar\/noticias\/the-wood-brothers-anuncian-fechas-de-gira-por-norteamerica\/\" \/>\n<meta property=\"og:site_name\" content=\"Conservatorio de M\u00fasica Juli\u00e1n Aguirre\" \/>\n<meta property=\"article:published_time\" content=\"2026-01-30T02:41:21+00:00\" \/>\n<meta property=\"article:modified_time\" content=\"2026-01-30T02:41:22+00:00\" \/>\n<meta property=\"og:image\" content=\"https:\/\/web.consaguirre.com.ar\/noticias\/wp-content\/uploads\/2026\/01\/The-Wood-Brothers-anuncian-fechas-de-gira-por-Norteamerica.jpg\" \/>\n\t<meta property=\"og:image:width\" content=\"820\" \/>\n\t<meta property=\"og:image:height\" content=\"820\" \/>\n\t<meta property=\"og:image:type\" content=\"image\/jpeg\" \/>\n<meta name=\"author\" content=\"Javier Figueroa\" \/>\n<meta name=\"twitter:card\" content=\"summary_large_image\" \/>\n<meta name=\"twitter:label1\" content=\"Escrito por\" \/>\n\t<meta name=\"twitter:data1\" content=\"Javier Figueroa\" \/>\n\t<meta name=\"twitter:label2\" content=\"Tiempo de lectura\" \/>\n\t<meta name=\"twitter:data2\" content=\"2 minutos\" \/>\n<script type=\"application\/ld+json\" class=\"yoast-schema-graph\">{\"@context\":\"https:\/\/schema.org\",\"@graph\":[{\"@type\":\"Article\",\"@id\":\"https:\/\/web.consaguirre.com.ar\/noticias\/the-wood-brothers-anuncian-fechas-de-gira-por-norteamerica\/#article\",\"isPartOf\":{\"@id\":\"https:\/\/web.consaguirre.com.ar\/noticias\/the-wood-brothers-anuncian-fechas-de-gira-por-norteamerica\/\"},\"author\":{\"name\":\"Javier Figueroa\",\"@id\":\"https:\/\/web.consaguirre.com.ar\/noticias\/#\/schema\/person\/6558b0cfedee7ddc5425602b237d5722\"},\"headline\":\"The Wood Brothers anuncian fechas de gira por Norteam\u00e9rica\",\"datePublished\":\"2026-01-30T02:41:21+00:00\",\"dateModified\":\"2026-01-30T02:41:22+00:00\",\"mainEntityOfPage\":{\"@id\":\"https:\/\/web.consaguirre.com.ar\/noticias\/the-wood-brothers-anuncian-fechas-de-gira-por-norteamerica\/\"},\"wordCount\":390,\"publisher\":{\"@id\":\"https:\/\/web.consaguirre.com.ar\/noticias\/#organization\"},\"image\":{\"@id\":\"https:\/\/web.consaguirre.com.ar\/noticias\/the-wood-brothers-anuncian-fechas-de-gira-por-norteamerica\/#primaryimage\"},\"thumbnailUrl\":\"https:\/\/web.consaguirre.com.ar\/noticias\/wp-content\/uploads\/2026\/01\/The-Wood-Brothers-anuncian-fechas-de-gira-por-Norteamerica.jpg\",\"keywords\":[\"anuncian\",\"Brothers\",\"fechas\",\"gira\",\"Norteam\u00e9rica\",\"por\",\"Wood\"],\"articleSection\":[\"El \u00faltimo\"],\"inLanguage\":\"es-AR\"},{\"@type\":\"WebPage\",\"@id\":\"https:\/\/web.consaguirre.com.ar\/noticias\/the-wood-brothers-anuncian-fechas-de-gira-por-norteamerica\/\",\"url\":\"https:\/\/web.consaguirre.com.ar\/noticias\/the-wood-brothers-anuncian-fechas-de-gira-por-norteamerica\/\",\"name\":\"The Wood Brothers anuncian fechas de gira por Norteam\u00e9rica\",\"isPartOf\":{\"@id\":\"https:\/\/web.consaguirre.com.ar\/noticias\/#website\"},\"primaryImageOfPage\":{\"@id\":\"https:\/\/web.consaguirre.com.ar\/noticias\/the-wood-brothers-anuncian-fechas-de-gira-por-norteamerica\/#primaryimage\"},\"image\":{\"@id\":\"https:\/\/web.consaguirre.com.ar\/noticias\/the-wood-brothers-anuncian-fechas-de-gira-por-norteamerica\/#primaryimage\"},\"thumbnailUrl\":\"https:\/\/web.consaguirre.com.ar\/noticias\/wp-content\/uploads\/2026\/01\/The-Wood-Brothers-anuncian-fechas-de-gira-por-Norteamerica.jpg\",\"datePublished\":\"2026-01-30T02:41:21+00:00\",\"dateModified\":\"2026-01-30T02:41:22+00:00\",\"breadcrumb\":{\"@id\":\"https:\/\/web.consaguirre.com.ar\/noticias\/the-wood-brothers-anuncian-fechas-de-gira-por-norteamerica\/#breadcrumb\"},\"inLanguage\":\"es-AR\",\"potentialAction\":[{\"@type\":\"ReadAction\",\"target\":[\"https:\/\/web.consaguirre.com.ar\/noticias\/the-wood-brothers-anuncian-fechas-de-gira-por-norteamerica\/\"]}]},{\"@type\":\"ImageObject\",\"inLanguage\":\"es-AR\",\"@id\":\"https:\/\/web.consaguirre.com.ar\/noticias\/the-wood-brothers-anuncian-fechas-de-gira-por-norteamerica\/#primaryimage\",\"url\":\"https:\/\/web.consaguirre.com.ar\/noticias\/wp-content\/uploads\/2026\/01\/The-Wood-Brothers-anuncian-fechas-de-gira-por-Norteamerica.jpg\",\"contentUrl\":\"https:\/\/web.consaguirre.com.ar\/noticias\/wp-content\/uploads\/2026\/01\/The-Wood-Brothers-anuncian-fechas-de-gira-por-Norteamerica.jpg\",\"width\":820,\"height\":820,\"caption\":\"The Wood Brothers\"},{\"@type\":\"BreadcrumbList\",\"@id\":\"https:\/\/web.consaguirre.com.ar\/noticias\/the-wood-brothers-anuncian-fechas-de-gira-por-norteamerica\/#breadcrumb\",\"itemListElement\":[{\"@type\":\"ListItem\",\"position\":1,\"name\":\"Inicio\",\"item\":\"https:\/\/web.consaguirre.com.ar\/noticias\/\"},{\"@type\":\"ListItem\",\"position\":2,\"name\":\"The Wood Brothers anuncian fechas de gira por Norteam\u00e9rica\"}]},{\"@type\":\"WebSite\",\"@id\":\"https:\/\/web.consaguirre.com.ar\/noticias\/#website\",\"url\":\"https:\/\/web.consaguirre.com.ar\/noticias\/\",\"name\":\"Conservatorio de M\u00fasica Juli\u00e1n Aguirre\",\"description\":\"\",\"publisher\":{\"@id\":\"https:\/\/web.consaguirre.com.ar\/noticias\/#organization\"},\"potentialAction\":[{\"@type\":\"SearchAction\",\"target\":{\"@type\":\"EntryPoint\",\"urlTemplate\":\"https:\/\/web.consaguirre.com.ar\/noticias\/?s={search_term_string}\"},\"query-input\":\"required name=search_term_string\"}],\"inLanguage\":\"es-AR\"},{\"@type\":\"Organization\",\"@id\":\"https:\/\/web.consaguirre.com.ar\/noticias\/#organization\",\"name\":\"Conservatorio de M\u00fasica Juli\u00e1n Aguirre\",\"url\":\"https:\/\/web.consaguirre.com.ar\/noticias\/\",\"logo\":{\"@type\":\"ImageObject\",\"inLanguage\":\"es-AR\",\"@id\":\"https:\/\/web.consaguirre.com.ar\/noticias\/#\/schema\/logo\/image\/\",\"url\":\"https:\/\/web.consaguirre.com.ar\/noticias\/wp-content\/uploads\/2024\/08\/Banner-Aguirre-23.jpg\",\"contentUrl\":\"https:\/\/web.consaguirre.com.ar\/noticias\/wp-content\/uploads\/2024\/08\/Banner-Aguirre-23.jpg\",\"width\":1192,\"height\":600,\"caption\":\"Conservatorio de M\u00fasica Juli\u00e1n Aguirre\"},\"image\":{\"@id\":\"https:\/\/web.consaguirre.com.ar\/noticias\/#\/schema\/logo\/image\/\"}},{\"@type\":\"Person\",\"@id\":\"https:\/\/web.consaguirre.com.ar\/noticias\/#\/schema\/person\/6558b0cfedee7ddc5425602b237d5722\",\"name\":\"Javier Figueroa\",\"image\":{\"@type\":\"ImageObject\",\"inLanguage\":\"es-AR\",\"@id\":\"https:\/\/web.consaguirre.com.ar\/noticias\/#\/schema\/person\/image\/\",\"url\":\"https:\/\/web.consaguirre.com.ar\/noticias\/wp-content\/uploads\/2024\/08\/Consaguirre-scaled.jpg\",\"contentUrl\":\"https:\/\/web.consaguirre.com.ar\/noticias\/wp-content\/uploads\/2024\/08\/Consaguirre-scaled.jpg\",\"caption\":\"Javier Figueroa\"},\"description\":\"Me llamo Javier Figueroa y soy redactor para el sitio oficial del Conservatorio de M\u00fasica Juli\u00e1n Aguirre en Buenos Aires, consaguirre.com. Apasionado por la m\u00fasica y la escritura, me esfuerzo por destacar los talentos y eventos de nuestra prestigiosa instituci\u00f3n. Mi trayectoria se nutre de una profunda admiraci\u00f3n por los artistas, haciendo de cada art\u00edculo una celebraci\u00f3n de la creatividad y la cultura musical.\",\"sameAs\":[\"https:\/\/web.consaguirre.com.ar\/noticias\"]}]}<\/script>\n<!-- \/ Yoast SEO plugin. -->","yoast_head_json":{"title":"The Wood Brothers anuncian fechas de gira por Norteam\u00e9rica","robots":{"index":"index","follow":"follow","max-snippet":"max-snippet:-1","max-image-preview":"max-image-preview:large","max-video-preview":"max-video-preview:-1"},"canonical":"https:\/\/web.consaguirre.com.ar\/noticias\/the-wood-brothers-anuncian-fechas-de-gira-por-norteamerica\/","og_locale":"es_ES","og_type":"article","og_title":"The Wood Brothers anuncian fechas de gira por Norteam\u00e9rica","og_description":"Los Wood Brothers inician 2026 con su gira por Norteam\u00e9rica en promoci\u00f3n de su \u00faltimo \u00e1lbum, Soplo de humo. El viaje comenz\u00f3 el 29 de","og_url":"https:\/\/web.consaguirre.com.ar\/noticias\/the-wood-brothers-anuncian-fechas-de-gira-por-norteamerica\/","og_site_name":"Conservatorio de M\u00fasica Juli\u00e1n Aguirre","article_published_time":"2026-01-30T02:41:21+00:00","article_modified_time":"2026-01-30T02:41:22+00:00","og_image":[{"width":820,"height":820,"url":"https:\/\/web.consaguirre.com.ar\/noticias\/wp-content\/uploads\/2026\/01\/The-Wood-Brothers-anuncian-fechas-de-gira-por-Norteamerica.jpg","type":"image\/jpeg"}],"author":"Javier Figueroa","twitter_card":"summary_large_image","twitter_misc":{"Escrito por":"Javier Figueroa","Tiempo de lectura":"2 minutos"},"schema":{"@context":"https:\/\/schema.org","@graph":[{"@type":"Article","@id":"https:\/\/web.consaguirre.com.ar\/noticias\/the-wood-brothers-anuncian-fechas-de-gira-por-norteamerica\/#article","isPartOf":{"@id":"https:\/\/web.consaguirre.com.ar\/noticias\/the-wood-brothers-anuncian-fechas-de-gira-por-norteamerica\/"},"author":{"name":"Javier Figueroa","@id":"https:\/\/web.consaguirre.com.ar\/noticias\/#\/schema\/person\/6558b0cfedee7ddc5425602b237d5722"},"headline":"The Wood Brothers anuncian fechas de gira por Norteam\u00e9rica","datePublished":"2026-01-30T02:41:21+00:00","dateModified":"2026-01-30T02:41:22+00:00","mainEntityOfPage":{"@id":"https:\/\/web.consaguirre.com.ar\/noticias\/the-wood-brothers-anuncian-fechas-de-gira-por-norteamerica\/"},"wordCount":390,"publisher":{"@id":"https:\/\/web.consaguirre.com.ar\/noticias\/#organization"},"image":{"@id":"https:\/\/web.consaguirre.com.ar\/noticias\/the-wood-brothers-anuncian-fechas-de-gira-por-norteamerica\/#primaryimage"},"thumbnailUrl":"https:\/\/web.consaguirre.com.ar\/noticias\/wp-content\/uploads\/2026\/01\/The-Wood-Brothers-anuncian-fechas-de-gira-por-Norteamerica.jpg","keywords":["anuncian","Brothers","fechas","gira","Norteam\u00e9rica","por","Wood"],"articleSection":["El \u00faltimo"],"inLanguage":"es-AR"},{"@type":"WebPage","@id":"https:\/\/web.consaguirre.com.ar\/noticias\/the-wood-brothers-anuncian-fechas-de-gira-por-norteamerica\/","url":"https:\/\/web.consaguirre.com.ar\/noticias\/the-wood-brothers-anuncian-fechas-de-gira-por-norteamerica\/","name":"The Wood Brothers anuncian fechas de gira por Norteam\u00e9rica","isPartOf":{"@id":"https:\/\/web.consaguirre.com.ar\/noticias\/#website"},"primaryImageOfPage":{"@id":"https:\/\/web.consaguirre.com.ar\/noticias\/the-wood-brothers-anuncian-fechas-de-gira-por-norteamerica\/#primaryimage"},"image":{"@id":"https:\/\/web.consaguirre.com.ar\/noticias\/the-wood-brothers-anuncian-fechas-de-gira-por-norteamerica\/#primaryimage"},"thumbnailUrl":"https:\/\/web.consaguirre.com.ar\/noticias\/wp-content\/uploads\/2026\/01\/The-Wood-Brothers-anuncian-fechas-de-gira-por-Norteamerica.jpg","datePublished":"2026-01-30T02:41:21+00:00","dateModified":"2026-01-30T02:41:22+00:00","breadcrumb":{"@id":"https:\/\/web.consaguirre.com.ar\/noticias\/the-wood-brothers-anuncian-fechas-de-gira-por-norteamerica\/#breadcrumb"},"inLanguage":"es-AR","potentialAction":[{"@type":"ReadAction","target":["https:\/\/web.consaguirre.com.ar\/noticias\/the-wood-brothers-anuncian-fechas-de-gira-por-norteamerica\/"]}]},{"@type":"ImageObject","inLanguage":"es-AR","@id":"https:\/\/web.consaguirre.com.ar\/noticias\/the-wood-brothers-anuncian-fechas-de-gira-por-norteamerica\/#primaryimage","url":"https:\/\/web.consaguirre.com.ar\/noticias\/wp-content\/uploads\/2026\/01\/The-Wood-Brothers-anuncian-fechas-de-gira-por-Norteamerica.jpg","contentUrl":"https:\/\/web.consaguirre.com.ar\/noticias\/wp-content\/uploads\/2026\/01\/The-Wood-Brothers-anuncian-fechas-de-gira-por-Norteamerica.jpg","width":820,"height":820,"caption":"The Wood Brothers"},{"@type":"BreadcrumbList","@id":"https:\/\/web.consaguirre.com.ar\/noticias\/the-wood-brothers-anuncian-fechas-de-gira-por-norteamerica\/#breadcrumb","itemListElement":[{"@type":"ListItem","position":1,"name":"Inicio","item":"https:\/\/web.consaguirre.com.ar\/noticias\/"},{"@type":"ListItem","position":2,"name":"The Wood Brothers anuncian fechas de gira por Norteam\u00e9rica"}]},{"@type":"WebSite","@id":"https:\/\/web.consaguirre.com.ar\/noticias\/#website","url":"https:\/\/web.consaguirre.com.ar\/noticias\/","name":"Conservatorio de M\u00fasica Juli\u00e1n Aguirre","description":"","publisher":{"@id":"https:\/\/web.consaguirre.com.ar\/noticias\/#organization"},"potentialAction":[{"@type":"SearchAction","target":{"@type":"EntryPoint","urlTemplate":"https:\/\/web.consaguirre.com.ar\/noticias\/?s={search_term_string}"},"query-input":"required name=search_term_string"}],"inLanguage":"es-AR"},{"@type":"Organization","@id":"https:\/\/web.consaguirre.com.ar\/noticias\/#organization","name":"Conservatorio de M\u00fasica Juli\u00e1n Aguirre","url":"https:\/\/web.consaguirre.com.ar\/noticias\/","logo":{"@type":"ImageObject","inLanguage":"es-AR","@id":"https:\/\/web.consaguirre.com.ar\/noticias\/#\/schema\/logo\/image\/","url":"https:\/\/web.consaguirre.com.ar\/noticias\/wp-content\/uploads\/2024\/08\/Banner-Aguirre-23.jpg","contentUrl":"https:\/\/web.consaguirre.com.ar\/noticias\/wp-content\/uploads\/2024\/08\/Banner-Aguirre-23.jpg","width":1192,"height":600,"caption":"Conservatorio de M\u00fasica Juli\u00e1n Aguirre"},"image":{"@id":"https:\/\/web.consaguirre.com.ar\/noticias\/#\/schema\/logo\/image\/"}},{"@type":"Person","@id":"https:\/\/web.consaguirre.com.ar\/noticias\/#\/schema\/person\/6558b0cfedee7ddc5425602b237d5722","name":"Javier Figueroa","image":{"@type":"ImageObject","inLanguage":"es-AR","@id":"https:\/\/web.consaguirre.com.ar\/noticias\/#\/schema\/person\/image\/","url":"https:\/\/web.consaguirre.com.ar\/noticias\/wp-content\/uploads\/2024\/08\/Consaguirre-scaled.jpg","contentUrl":"https:\/\/web.consaguirre.com.ar\/noticias\/wp-content\/uploads\/2024\/08\/Consaguirre-scaled.jpg","caption":"Javier Figueroa"},"description":"Me llamo Javier Figueroa y soy redactor para el sitio oficial del Conservatorio de M\u00fasica Juli\u00e1n Aguirre en Buenos Aires, consaguirre.com. Apasionado por la m\u00fasica y la escritura, me esfuerzo por destacar los talentos y eventos de nuestra prestigiosa instituci\u00f3n. Mi trayectoria se nutre de una profunda admiraci\u00f3n por los artistas, haciendo de cada art\u00edculo una celebraci\u00f3n de la creatividad y la cultura musical.","sameAs":["https:\/\/web.consaguirre.com.ar\/noticias"]}]}},"_links":{"self":[{"href":"https:\/\/web.consaguirre.com.ar\/noticias\/wp-json\/wp\/v2\/posts\/4974"}],"collection":[{"href":"https:\/\/web.consaguirre.com.ar\/noticias\/wp-json\/wp\/v2\/posts"}],"about":[{"href":"https:\/\/web.consaguirre.com.ar\/noticias\/wp-json\/wp\/v2\/types\/post"}],"author":[{"embeddable":true,"href":"https:\/\/web.consaguirre.com.ar\/noticias\/wp-json\/wp\/v2\/users\/1"}],"replies":[{"embeddable":true,"href":"https:\/\/web.consaguirre.com.ar\/noticias\/wp-json\/wp\/v2\/comments?post=4974"}],"version-history":[{"count":1,"href":"https:\/\/web.consaguirre.com.ar\/noticias\/wp-json\/wp\/v2\/posts\/4974\/revisions"}],"predecessor-version":[{"id":4976,"href":"https:\/\/web.consaguirre.com.ar\/noticias\/wp-json\/wp\/v2\/posts\/4974\/revisions\/4976"}],"wp:featuredmedia":[{"embeddable":true,"href":"https:\/\/web.consaguirre.com.ar\/noticias\/wp-json\/wp\/v2\/media\/4975"}],"wp:attachment":[{"href":"https:\/\/web.consaguirre.com.ar\/noticias\/wp-json\/wp\/v2\/media?parent=4974"}],"wp:term":[{"taxonomy":"category","embeddable":true,"href":"https:\/\/web.consaguirre.com.ar\/noticias\/wp-json\/wp\/v2\/categories?post=4974"},{"taxonomy":"post_tag","embeddable":true,"href":"https:\/\/web.consaguirre.com.ar\/noticias\/wp-json\/wp\/v2\/tags?post=4974"}],"curies":[{"name":"wp","href":"https:\/\/api.w.org\/{rel}","templated":true}]}}