{"id":4962,"date":"2026-01-28T17:40:35","date_gmt":"2026-01-28T20:40:35","guid":{"rendered":"https:\/\/web.consaguirre.com.ar\/noticias\/el-documental-paul-mccartney-man-on-the-run-se-estrenara-en-cines\/"},"modified":"2026-01-28T17:40:36","modified_gmt":"2026-01-28T20:40:36","slug":"el-documental-paul-mccartney-man-on-the-run-se-estrenara-en-cines","status":"publish","type":"post","link":"https:\/\/web.consaguirre.com.ar\/noticias\/el-documental-paul-mccartney-man-on-the-run-se-estrenara-en-cines\/","title":{"rendered":"El documental &#8216;Paul McCartney: Man On The Run&#8217; se estrenar\u00e1 en cines"},"content":{"rendered":"<p><em>Paul McCartney: el hombre en fuga<\/em>un nuevo documental sobre el legendario compositor, llegar\u00e1 a los cines solo por una noche, el jueves 19 de febrero. La pel\u00edcula, que llegar\u00e1 a los cines por cortes\u00eda de Trafalgar Releasing, se proyectar\u00e1 en todo el mundo. Las entradas estar\u00e1n disponibles a partir del 4 de febrero en manontherun.film. Adem\u00e1s de la pel\u00edcula, cada proyecci\u00f3n teatral contar\u00e1 con una conversaci\u00f3n entre Paul McCartney y Morgan Neville.<\/p>\n<p>El nuevo largometraje dirigido por Morgan Neville plantea una simple pregunta: \u201c\u00bfQu\u00e9 pasa cuando te despiertas la ma\u00f1ana despu\u00e9s de dejar la banda de rock m\u00e1s importante de todos los tiempos?\u201d<\/p>\n<div class=\"uD-YT-container\"><img decoding=\"async\" src=\"https:\/\/web.consaguirre.com.ar\/noticias\/wp-content\/uploads\/2026\/01\/1769632835_515_El-documental-Paul-McCartney-Man-On-The-Run-se-estrenara.jpg\" alt=\"V\u00eddeo de YouTube\"><br \/>Haga clic para cargar v\u00eddeo<\/div>\n<p>La pel\u00edcula captura la era de McCartney tras el lanzamiento de su primer \u00e1lbum en solitario, <em>McCartney<\/em>en abril de 1970.La pel\u00edcula se centra en una de las \u00e9pocas m\u00e1s fascinantes de la carrera del cantante, desde su partida de los Beatles hasta el enorme renombre obtenido por su nueva banda, Wings. La pel\u00edcula incorpora material de archivo y fotograf\u00edas de Linda McCartney, adem\u00e1s de entrevistas con Paul, Linda, Mary y Stella McCartney; varios miembros de la banda Wings; Sean Ono Lennon; Mick Jagger; Chrissie Hynde; y m\u00e1s.<\/p>\n<p>En un tr\u00e1iler que se dio a conocer a principios de este mes, McCartney declar\u00f3: &#8220;Los Beatles hab\u00edan sido toda mi vida, de verdad. Cuando nos separamos, pens\u00e9 que nunca volver\u00eda a escribir una nota musical. Ten\u00eda miedo de ser un adulto. Me sent\u00ed muy deprimido. Pero tuve mucha suerte porque ten\u00eda a Linda&#8221;.<\/p>\n<div align=\"center\">\n<div class=\"udiscover-store-container\">\n<div id='udiscover-store-two-product'><\/div>\n<\/div>\n<p>\/*<!(CDATA(*\/(function (){var scriptURL='https:\/\/sdks.shopifycdn.com\/buy-button\/latest\/buy-button-storefront.min.js';if(window.ShopifyBuy){if(window.ShopifyBuy.UI){ShopifyBuyInit();}else{loadScript();}}else{loadScript();}funci\u00f3n loadScript(){var script=document.createElement('script');script.async=true;script.src=scriptURL;(document.getElementsByTagName('head')(0)|| document.getElementsByTagName('body')(0)).appendChild(script);script.onload=ShopifyBuyInit;} function ShopifyBuyInit(){var cliente=ShopifyBuy.buildClient({dominio:'udiscover.myshopify.com',storefrontAccessToken: 'bdc89f347d2ce61c1feeb9f8c60b2b98',}); ShopifyBuy.UI.onReady(cliente).luego(funci\u00f3n(ui){ ui.createComponent('productSet',{ id:(7558906511437,7558906642509), nodo:document.getElementById('udiscover-store-two-product'), moneyFormat:'%24%7B%7Bamount%7D%7D', opciones:{&quot;producto&quot;:{&quot;marco flotante&quot;:FALSO,&quot;bot\u00f3nDestino&quot;:&quot;modal&quot;,&quot;contenido&quot;:{&quot;opciones&quot;:verdadero},&quot;texto&quot;:{&quot;bot\u00f3n&quot;:&quot;PEDIR AHORA&quot;,&quot;Agotado&quot;:&quot;Lo sentimos, esto est\u00e1 agotado.&quot;}},&quot;conjunto de productos&quot;:{&quot;marco flotante&quot;:FALSO},&quot;modalProducto&quot;:{&quot;marco flotante&quot;:FALSO,&quot;contenido&quot;:{&quot;imagen&quot;:FALSO,&quot;imgConCarrusel&quot;:verdadero,&quot;bot\u00f3n&quot;:FALSO,&quot;bot\u00f3nConCantidad&quot;:verdadero}},&quot;modal&quot;:{&quot;marco flotante&quot;:FALSO},&quot;opci\u00f3n&quot;:{&quot;marco flotante&quot;:FALSO},&quot;carro&quot;:{&quot;marco flotante&quot;:FALSO},&quot;palanca&quot;:{&quot;marco flotante&quot;:FALSO,&quot;contenido&quot;:{&quot;icono&quot;:FALSO}},&quot;art\u00edculo de l\u00ednea&quot;:{&quot;marco flotante&quot;:FALSO}}, }); }); } })(); \/*))>*\/ <\/div>\n<\/p>\n<p>&#8220;Siempre me han encantado los Beatles, pero Wings era la banda que sacaba discos cuando yo era joven&#8221;, dijo Neville sobre el documental. &#8220;Recuerdo comprarlos en tiendas y obsesionarme con ellos. Tener la oportunidad de revivir ese tiempo con Paul me hizo retroceder como lo hizo retroceder a \u00e9l. En muchos casos, Paul no hab\u00eda pensado en esos momentos en muchos a\u00f1os. As\u00ed que realmente fue una sensaci\u00f3n de redescubrir cosas juntos&#8221;.<\/p>\n<p>En otras noticias de Wings, el oto\u00f1o pasado, la banda lanz\u00f3 una antolog\u00eda que abarca toda su carrera, que McCartney supervis\u00f3 personalmente. La antolog\u00eda multiformato, que incluye \u00e9xitos como \u201cBand on the Run\u201d, \u201cJet\u201d y \u201cLive and Let Die\u201d, estuvo disponible en una colecci\u00f3n de vinilos en color 3LP, 2CD y Blu-ray, as\u00ed como en versiones 1CD y 1LP.<\/p>\n<p><b>Compre aqu\u00ed la m\u00fasica de Paul McCartney en vinilos y CD de edici\u00f3n limitada.<\/b><\/p>\n","protected":false},"excerpt":{"rendered":"<p>Paul McCartney: el hombre en fugaun nuevo documental sobre el legendario compositor, llegar\u00e1 a los cines solo por una noche, el jueves 19 de febrero.<\/p>\n","protected":false},"author":1,"featured_media":4963,"comment_status":"closed","ping_status":"","sticky":false,"template":"","format":"standard","meta":{"footnotes":""},"categories":[50],"tags":[426,419,266,1612,424,423,1992],"class_list":["post-4962","post","type-post","status-publish","format-standard","has-post-thumbnail","hentry","category-el-ultimo","tag-cines","tag-documental","tag-estrenara","tag-man","tag-mccartney","tag-paul","tag-run","generate-columns","tablet-grid-50","mobile-grid-100","grid-parent","grid-50"],"yoast_head":"<!-- This site is optimized with the Yoast SEO plugin v23.3 - https:\/\/yoast.com\/wordpress\/plugins\/seo\/ -->\n<title>El documental &#039;Paul McCartney: Man On The Run&#039; se estrenar\u00e1 en cines<\/title>\n<meta name=\"robots\" content=\"index, follow, max-snippet:-1, max-image-preview:large, max-video-preview:-1\" \/>\n<link rel=\"canonical\" href=\"https:\/\/web.consaguirre.com.ar\/noticias\/el-documental-paul-mccartney-man-on-the-run-se-estrenara-en-cines\/\" \/>\n<meta property=\"og:locale\" content=\"es_ES\" \/>\n<meta property=\"og:type\" content=\"article\" \/>\n<meta property=\"og:title\" content=\"El documental &#039;Paul McCartney: Man On The Run&#039; se estrenar\u00e1 en cines\" \/>\n<meta property=\"og:description\" content=\"Paul McCartney: el hombre en fugaun nuevo documental sobre el legendario compositor, llegar\u00e1 a los cines solo por una noche, el jueves 19 de febrero.\" \/>\n<meta property=\"og:url\" content=\"https:\/\/web.consaguirre.com.ar\/noticias\/el-documental-paul-mccartney-man-on-the-run-se-estrenara-en-cines\/\" \/>\n<meta property=\"og:site_name\" content=\"Conservatorio de M\u00fasica Juli\u00e1n Aguirre\" \/>\n<meta property=\"article:published_time\" content=\"2026-01-28T20:40:35+00:00\" \/>\n<meta property=\"article:modified_time\" content=\"2026-01-28T20:40:36+00:00\" \/>\n<meta property=\"og:image\" content=\"https:\/\/web.consaguirre.com.ar\/noticias\/wp-content\/uploads\/2026\/01\/1769632835_El-documental-Paul-McCartney-Man-On-The-Run-se-estrenara.jpg\" \/>\n\t<meta property=\"og:image:width\" content=\"1000\" \/>\n\t<meta property=\"og:image:height\" content=\"667\" \/>\n\t<meta property=\"og:image:type\" content=\"image\/jpeg\" \/>\n<meta name=\"author\" content=\"Javier Figueroa\" \/>\n<meta name=\"twitter:card\" content=\"summary_large_image\" \/>\n<meta name=\"twitter:label1\" content=\"Escrito por\" \/>\n\t<meta name=\"twitter:data1\" content=\"Javier Figueroa\" \/>\n\t<meta name=\"twitter:label2\" content=\"Tiempo de lectura\" \/>\n\t<meta name=\"twitter:data2\" content=\"2 minutos\" \/>\n<script type=\"application\/ld+json\" class=\"yoast-schema-graph\">{\"@context\":\"https:\/\/schema.org\",\"@graph\":[{\"@type\":\"Article\",\"@id\":\"https:\/\/web.consaguirre.com.ar\/noticias\/el-documental-paul-mccartney-man-on-the-run-se-estrenara-en-cines\/#article\",\"isPartOf\":{\"@id\":\"https:\/\/web.consaguirre.com.ar\/noticias\/el-documental-paul-mccartney-man-on-the-run-se-estrenara-en-cines\/\"},\"author\":{\"name\":\"Javier Figueroa\",\"@id\":\"https:\/\/web.consaguirre.com.ar\/noticias\/#\/schema\/person\/6558b0cfedee7ddc5425602b237d5722\"},\"headline\":\"El documental &#8216;Paul McCartney: Man On The Run&#8217; se estrenar\u00e1 en cines\",\"datePublished\":\"2026-01-28T20:40:35+00:00\",\"dateModified\":\"2026-01-28T20:40:36+00:00\",\"mainEntityOfPage\":{\"@id\":\"https:\/\/web.consaguirre.com.ar\/noticias\/el-documental-paul-mccartney-man-on-the-run-se-estrenara-en-cines\/\"},\"wordCount\":437,\"publisher\":{\"@id\":\"https:\/\/web.consaguirre.com.ar\/noticias\/#organization\"},\"image\":{\"@id\":\"https:\/\/web.consaguirre.com.ar\/noticias\/el-documental-paul-mccartney-man-on-the-run-se-estrenara-en-cines\/#primaryimage\"},\"thumbnailUrl\":\"https:\/\/web.consaguirre.com.ar\/noticias\/wp-content\/uploads\/2026\/01\/1769632835_El-documental-Paul-McCartney-Man-On-The-Run-se-estrenara.jpg\",\"keywords\":[\"cines\",\"documental\",\"estrenar\u00e1\",\"Man\",\"McCartney\",\"Paul\",\"Run\"],\"articleSection\":[\"El \u00faltimo\"],\"inLanguage\":\"es-AR\"},{\"@type\":\"WebPage\",\"@id\":\"https:\/\/web.consaguirre.com.ar\/noticias\/el-documental-paul-mccartney-man-on-the-run-se-estrenara-en-cines\/\",\"url\":\"https:\/\/web.consaguirre.com.ar\/noticias\/el-documental-paul-mccartney-man-on-the-run-se-estrenara-en-cines\/\",\"name\":\"El documental 'Paul McCartney: Man On The Run' se estrenar\u00e1 en cines\",\"isPartOf\":{\"@id\":\"https:\/\/web.consaguirre.com.ar\/noticias\/#website\"},\"primaryImageOfPage\":{\"@id\":\"https:\/\/web.consaguirre.com.ar\/noticias\/el-documental-paul-mccartney-man-on-the-run-se-estrenara-en-cines\/#primaryimage\"},\"image\":{\"@id\":\"https:\/\/web.consaguirre.com.ar\/noticias\/el-documental-paul-mccartney-man-on-the-run-se-estrenara-en-cines\/#primaryimage\"},\"thumbnailUrl\":\"https:\/\/web.consaguirre.com.ar\/noticias\/wp-content\/uploads\/2026\/01\/1769632835_El-documental-Paul-McCartney-Man-On-The-Run-se-estrenara.jpg\",\"datePublished\":\"2026-01-28T20:40:35+00:00\",\"dateModified\":\"2026-01-28T20:40:36+00:00\",\"breadcrumb\":{\"@id\":\"https:\/\/web.consaguirre.com.ar\/noticias\/el-documental-paul-mccartney-man-on-the-run-se-estrenara-en-cines\/#breadcrumb\"},\"inLanguage\":\"es-AR\",\"potentialAction\":[{\"@type\":\"ReadAction\",\"target\":[\"https:\/\/web.consaguirre.com.ar\/noticias\/el-documental-paul-mccartney-man-on-the-run-se-estrenara-en-cines\/\"]}]},{\"@type\":\"ImageObject\",\"inLanguage\":\"es-AR\",\"@id\":\"https:\/\/web.consaguirre.com.ar\/noticias\/el-documental-paul-mccartney-man-on-the-run-se-estrenara-en-cines\/#primaryimage\",\"url\":\"https:\/\/web.consaguirre.com.ar\/noticias\/wp-content\/uploads\/2026\/01\/1769632835_El-documental-Paul-McCartney-Man-On-The-Run-se-estrenara.jpg\",\"contentUrl\":\"https:\/\/web.consaguirre.com.ar\/noticias\/wp-content\/uploads\/2026\/01\/1769632835_El-documental-Paul-McCartney-Man-On-The-Run-se-estrenara.jpg\",\"width\":1000,\"height\":667,\"caption\":\"El documental 'Paul McCartney: Man On The Run' se estrenar\u00e1 en cines\"},{\"@type\":\"BreadcrumbList\",\"@id\":\"https:\/\/web.consaguirre.com.ar\/noticias\/el-documental-paul-mccartney-man-on-the-run-se-estrenara-en-cines\/#breadcrumb\",\"itemListElement\":[{\"@type\":\"ListItem\",\"position\":1,\"name\":\"Inicio\",\"item\":\"https:\/\/web.consaguirre.com.ar\/noticias\/\"},{\"@type\":\"ListItem\",\"position\":2,\"name\":\"El documental &#8216;Paul McCartney: Man On The Run&#8217; se estrenar\u00e1 en cines\"}]},{\"@type\":\"WebSite\",\"@id\":\"https:\/\/web.consaguirre.com.ar\/noticias\/#website\",\"url\":\"https:\/\/web.consaguirre.com.ar\/noticias\/\",\"name\":\"Conservatorio de M\u00fasica Juli\u00e1n Aguirre\",\"description\":\"\",\"publisher\":{\"@id\":\"https:\/\/web.consaguirre.com.ar\/noticias\/#organization\"},\"potentialAction\":[{\"@type\":\"SearchAction\",\"target\":{\"@type\":\"EntryPoint\",\"urlTemplate\":\"https:\/\/web.consaguirre.com.ar\/noticias\/?s={search_term_string}\"},\"query-input\":\"required name=search_term_string\"}],\"inLanguage\":\"es-AR\"},{\"@type\":\"Organization\",\"@id\":\"https:\/\/web.consaguirre.com.ar\/noticias\/#organization\",\"name\":\"Conservatorio de M\u00fasica Juli\u00e1n Aguirre\",\"url\":\"https:\/\/web.consaguirre.com.ar\/noticias\/\",\"logo\":{\"@type\":\"ImageObject\",\"inLanguage\":\"es-AR\",\"@id\":\"https:\/\/web.consaguirre.com.ar\/noticias\/#\/schema\/logo\/image\/\",\"url\":\"https:\/\/web.consaguirre.com.ar\/noticias\/wp-content\/uploads\/2024\/08\/Banner-Aguirre-23.jpg\",\"contentUrl\":\"https:\/\/web.consaguirre.com.ar\/noticias\/wp-content\/uploads\/2024\/08\/Banner-Aguirre-23.jpg\",\"width\":1192,\"height\":600,\"caption\":\"Conservatorio de M\u00fasica Juli\u00e1n Aguirre\"},\"image\":{\"@id\":\"https:\/\/web.consaguirre.com.ar\/noticias\/#\/schema\/logo\/image\/\"}},{\"@type\":\"Person\",\"@id\":\"https:\/\/web.consaguirre.com.ar\/noticias\/#\/schema\/person\/6558b0cfedee7ddc5425602b237d5722\",\"name\":\"Javier Figueroa\",\"image\":{\"@type\":\"ImageObject\",\"inLanguage\":\"es-AR\",\"@id\":\"https:\/\/web.consaguirre.com.ar\/noticias\/#\/schema\/person\/image\/\",\"url\":\"https:\/\/web.consaguirre.com.ar\/noticias\/wp-content\/uploads\/2024\/08\/Consaguirre-scaled.jpg\",\"contentUrl\":\"https:\/\/web.consaguirre.com.ar\/noticias\/wp-content\/uploads\/2024\/08\/Consaguirre-scaled.jpg\",\"caption\":\"Javier Figueroa\"},\"description\":\"Me llamo Javier Figueroa y soy redactor para el sitio oficial del Conservatorio de M\u00fasica Juli\u00e1n Aguirre en Buenos Aires, consaguirre.com. Apasionado por la m\u00fasica y la escritura, me esfuerzo por destacar los talentos y eventos de nuestra prestigiosa instituci\u00f3n. Mi trayectoria se nutre de una profunda admiraci\u00f3n por los artistas, haciendo de cada art\u00edculo una celebraci\u00f3n de la creatividad y la cultura musical.\",\"sameAs\":[\"https:\/\/web.consaguirre.com.ar\/noticias\"]}]}<\/script>\n<!-- \/ Yoast SEO plugin. -->","yoast_head_json":{"title":"El documental 'Paul McCartney: Man On The Run' se estrenar\u00e1 en cines","robots":{"index":"index","follow":"follow","max-snippet":"max-snippet:-1","max-image-preview":"max-image-preview:large","max-video-preview":"max-video-preview:-1"},"canonical":"https:\/\/web.consaguirre.com.ar\/noticias\/el-documental-paul-mccartney-man-on-the-run-se-estrenara-en-cines\/","og_locale":"es_ES","og_type":"article","og_title":"El documental 'Paul McCartney: Man On The Run' se estrenar\u00e1 en cines","og_description":"Paul McCartney: el hombre en fugaun nuevo documental sobre el legendario compositor, llegar\u00e1 a los cines solo por una noche, el jueves 19 de febrero.","og_url":"https:\/\/web.consaguirre.com.ar\/noticias\/el-documental-paul-mccartney-man-on-the-run-se-estrenara-en-cines\/","og_site_name":"Conservatorio de M\u00fasica Juli\u00e1n Aguirre","article_published_time":"2026-01-28T20:40:35+00:00","article_modified_time":"2026-01-28T20:40:36+00:00","og_image":[{"width":1000,"height":667,"url":"https:\/\/web.consaguirre.com.ar\/noticias\/wp-content\/uploads\/2026\/01\/1769632835_El-documental-Paul-McCartney-Man-On-The-Run-se-estrenara.jpg","type":"image\/jpeg"}],"author":"Javier Figueroa","twitter_card":"summary_large_image","twitter_misc":{"Escrito por":"Javier Figueroa","Tiempo de lectura":"2 minutos"},"schema":{"@context":"https:\/\/schema.org","@graph":[{"@type":"Article","@id":"https:\/\/web.consaguirre.com.ar\/noticias\/el-documental-paul-mccartney-man-on-the-run-se-estrenara-en-cines\/#article","isPartOf":{"@id":"https:\/\/web.consaguirre.com.ar\/noticias\/el-documental-paul-mccartney-man-on-the-run-se-estrenara-en-cines\/"},"author":{"name":"Javier Figueroa","@id":"https:\/\/web.consaguirre.com.ar\/noticias\/#\/schema\/person\/6558b0cfedee7ddc5425602b237d5722"},"headline":"El documental &#8216;Paul McCartney: Man On The Run&#8217; se estrenar\u00e1 en cines","datePublished":"2026-01-28T20:40:35+00:00","dateModified":"2026-01-28T20:40:36+00:00","mainEntityOfPage":{"@id":"https:\/\/web.consaguirre.com.ar\/noticias\/el-documental-paul-mccartney-man-on-the-run-se-estrenara-en-cines\/"},"wordCount":437,"publisher":{"@id":"https:\/\/web.consaguirre.com.ar\/noticias\/#organization"},"image":{"@id":"https:\/\/web.consaguirre.com.ar\/noticias\/el-documental-paul-mccartney-man-on-the-run-se-estrenara-en-cines\/#primaryimage"},"thumbnailUrl":"https:\/\/web.consaguirre.com.ar\/noticias\/wp-content\/uploads\/2026\/01\/1769632835_El-documental-Paul-McCartney-Man-On-The-Run-se-estrenara.jpg","keywords":["cines","documental","estrenar\u00e1","Man","McCartney","Paul","Run"],"articleSection":["El \u00faltimo"],"inLanguage":"es-AR"},{"@type":"WebPage","@id":"https:\/\/web.consaguirre.com.ar\/noticias\/el-documental-paul-mccartney-man-on-the-run-se-estrenara-en-cines\/","url":"https:\/\/web.consaguirre.com.ar\/noticias\/el-documental-paul-mccartney-man-on-the-run-se-estrenara-en-cines\/","name":"El documental 'Paul McCartney: Man On The Run' se estrenar\u00e1 en cines","isPartOf":{"@id":"https:\/\/web.consaguirre.com.ar\/noticias\/#website"},"primaryImageOfPage":{"@id":"https:\/\/web.consaguirre.com.ar\/noticias\/el-documental-paul-mccartney-man-on-the-run-se-estrenara-en-cines\/#primaryimage"},"image":{"@id":"https:\/\/web.consaguirre.com.ar\/noticias\/el-documental-paul-mccartney-man-on-the-run-se-estrenara-en-cines\/#primaryimage"},"thumbnailUrl":"https:\/\/web.consaguirre.com.ar\/noticias\/wp-content\/uploads\/2026\/01\/1769632835_El-documental-Paul-McCartney-Man-On-The-Run-se-estrenara.jpg","datePublished":"2026-01-28T20:40:35+00:00","dateModified":"2026-01-28T20:40:36+00:00","breadcrumb":{"@id":"https:\/\/web.consaguirre.com.ar\/noticias\/el-documental-paul-mccartney-man-on-the-run-se-estrenara-en-cines\/#breadcrumb"},"inLanguage":"es-AR","potentialAction":[{"@type":"ReadAction","target":["https:\/\/web.consaguirre.com.ar\/noticias\/el-documental-paul-mccartney-man-on-the-run-se-estrenara-en-cines\/"]}]},{"@type":"ImageObject","inLanguage":"es-AR","@id":"https:\/\/web.consaguirre.com.ar\/noticias\/el-documental-paul-mccartney-man-on-the-run-se-estrenara-en-cines\/#primaryimage","url":"https:\/\/web.consaguirre.com.ar\/noticias\/wp-content\/uploads\/2026\/01\/1769632835_El-documental-Paul-McCartney-Man-On-The-Run-se-estrenara.jpg","contentUrl":"https:\/\/web.consaguirre.com.ar\/noticias\/wp-content\/uploads\/2026\/01\/1769632835_El-documental-Paul-McCartney-Man-On-The-Run-se-estrenara.jpg","width":1000,"height":667,"caption":"El documental 'Paul McCartney: Man On The Run' se estrenar\u00e1 en cines"},{"@type":"BreadcrumbList","@id":"https:\/\/web.consaguirre.com.ar\/noticias\/el-documental-paul-mccartney-man-on-the-run-se-estrenara-en-cines\/#breadcrumb","itemListElement":[{"@type":"ListItem","position":1,"name":"Inicio","item":"https:\/\/web.consaguirre.com.ar\/noticias\/"},{"@type":"ListItem","position":2,"name":"El documental &#8216;Paul McCartney: Man On The Run&#8217; se estrenar\u00e1 en cines"}]},{"@type":"WebSite","@id":"https:\/\/web.consaguirre.com.ar\/noticias\/#website","url":"https:\/\/web.consaguirre.com.ar\/noticias\/","name":"Conservatorio de M\u00fasica Juli\u00e1n Aguirre","description":"","publisher":{"@id":"https:\/\/web.consaguirre.com.ar\/noticias\/#organization"},"potentialAction":[{"@type":"SearchAction","target":{"@type":"EntryPoint","urlTemplate":"https:\/\/web.consaguirre.com.ar\/noticias\/?s={search_term_string}"},"query-input":"required name=search_term_string"}],"inLanguage":"es-AR"},{"@type":"Organization","@id":"https:\/\/web.consaguirre.com.ar\/noticias\/#organization","name":"Conservatorio de M\u00fasica Juli\u00e1n Aguirre","url":"https:\/\/web.consaguirre.com.ar\/noticias\/","logo":{"@type":"ImageObject","inLanguage":"es-AR","@id":"https:\/\/web.consaguirre.com.ar\/noticias\/#\/schema\/logo\/image\/","url":"https:\/\/web.consaguirre.com.ar\/noticias\/wp-content\/uploads\/2024\/08\/Banner-Aguirre-23.jpg","contentUrl":"https:\/\/web.consaguirre.com.ar\/noticias\/wp-content\/uploads\/2024\/08\/Banner-Aguirre-23.jpg","width":1192,"height":600,"caption":"Conservatorio de M\u00fasica Juli\u00e1n Aguirre"},"image":{"@id":"https:\/\/web.consaguirre.com.ar\/noticias\/#\/schema\/logo\/image\/"}},{"@type":"Person","@id":"https:\/\/web.consaguirre.com.ar\/noticias\/#\/schema\/person\/6558b0cfedee7ddc5425602b237d5722","name":"Javier Figueroa","image":{"@type":"ImageObject","inLanguage":"es-AR","@id":"https:\/\/web.consaguirre.com.ar\/noticias\/#\/schema\/person\/image\/","url":"https:\/\/web.consaguirre.com.ar\/noticias\/wp-content\/uploads\/2024\/08\/Consaguirre-scaled.jpg","contentUrl":"https:\/\/web.consaguirre.com.ar\/noticias\/wp-content\/uploads\/2024\/08\/Consaguirre-scaled.jpg","caption":"Javier Figueroa"},"description":"Me llamo Javier Figueroa y soy redactor para el sitio oficial del Conservatorio de M\u00fasica Juli\u00e1n Aguirre en Buenos Aires, consaguirre.com. Apasionado por la m\u00fasica y la escritura, me esfuerzo por destacar los talentos y eventos de nuestra prestigiosa instituci\u00f3n. Mi trayectoria se nutre de una profunda admiraci\u00f3n por los artistas, haciendo de cada art\u00edculo una celebraci\u00f3n de la creatividad y la cultura musical.","sameAs":["https:\/\/web.consaguirre.com.ar\/noticias"]}]}},"_links":{"self":[{"href":"https:\/\/web.consaguirre.com.ar\/noticias\/wp-json\/wp\/v2\/posts\/4962"}],"collection":[{"href":"https:\/\/web.consaguirre.com.ar\/noticias\/wp-json\/wp\/v2\/posts"}],"about":[{"href":"https:\/\/web.consaguirre.com.ar\/noticias\/wp-json\/wp\/v2\/types\/post"}],"author":[{"embeddable":true,"href":"https:\/\/web.consaguirre.com.ar\/noticias\/wp-json\/wp\/v2\/users\/1"}],"replies":[{"embeddable":true,"href":"https:\/\/web.consaguirre.com.ar\/noticias\/wp-json\/wp\/v2\/comments?post=4962"}],"version-history":[{"count":1,"href":"https:\/\/web.consaguirre.com.ar\/noticias\/wp-json\/wp\/v2\/posts\/4962\/revisions"}],"predecessor-version":[{"id":4964,"href":"https:\/\/web.consaguirre.com.ar\/noticias\/wp-json\/wp\/v2\/posts\/4962\/revisions\/4964"}],"wp:featuredmedia":[{"embeddable":true,"href":"https:\/\/web.consaguirre.com.ar\/noticias\/wp-json\/wp\/v2\/media\/4963"}],"wp:attachment":[{"href":"https:\/\/web.consaguirre.com.ar\/noticias\/wp-json\/wp\/v2\/media?parent=4962"}],"wp:term":[{"taxonomy":"category","embeddable":true,"href":"https:\/\/web.consaguirre.com.ar\/noticias\/wp-json\/wp\/v2\/categories?post=4962"},{"taxonomy":"post_tag","embeddable":true,"href":"https:\/\/web.consaguirre.com.ar\/noticias\/wp-json\/wp\/v2\/tags?post=4962"}],"curies":[{"name":"wp","href":"https:\/\/api.w.org\/{rel}","templated":true}]}}