{"id":4959,"date":"2026-01-28T14:39:09","date_gmt":"2026-01-28T17:39:09","guid":{"rendered":"https:\/\/web.consaguirre.com.ar\/noticias\/ne-yo-y-akon-se-uniran-para-la-gira-mundial-nights-like-this\/"},"modified":"2026-01-28T14:39:10","modified_gmt":"2026-01-28T17:39:10","slug":"ne-yo-y-akon-se-uniran-para-la-gira-mundial-nights-like-this","status":"publish","type":"post","link":"https:\/\/web.consaguirre.com.ar\/noticias\/ne-yo-y-akon-se-uniran-para-la-gira-mundial-nights-like-this\/","title":{"rendered":"Ne-Yo y Akon se unir\u00e1n para la gira mundial &#8216;Nights Like This&#8217;"},"content":{"rendered":"<p>Ne-Yo y Akon han anunciado que realizar\u00e1n una gira juntos por todo el mundo en 2026. La gira co-estelar &#8216;Nights Like This&#8217; comenzar\u00e1 el 24 de abril en el 3Arena de Dubl\u00edn, Irlanda.<\/p>\n<p>Desde Irlanda, los dos artistas viajar\u00e1n por todo el Reino Unido y Europa antes de dirigirse a Norteam\u00e9rica el 17 de junio. Ese segmento de la gira comenzar\u00e1 en Vancouver, BC. A partir de ah\u00ed, Ne-Yo y Akon actuar\u00e1n en los principales mercados como Atlanta, Charlotte, Dallas, Houston, Las Vegas y Phoenix. La gira finalizar\u00e1 el viernes 21 de agosto en el Intuit Dome de Los \u00c1ngeles, CA.<\/p>\n<p>En el mundo de Ne-Yo, el cantante acaba de celebrar su monumental \u00e9xito \u201cSo Sick\u201d uni\u00e9ndose al Billions Club de Spotify. Este logro de abril marc\u00f3 la tercera canci\u00f3n del cantante en alcanzar este hito.<\/p>\n<div class=\"uD-YT-container\"><img decoding=\"async\" src=\"https:\/\/web.consaguirre.com.ar\/noticias\/wp-content\/uploads\/2025\/04\/1745606494_271_SO-SO-SOBLE-de-Ne-Yo-se-une-al-club-de.jpg\" alt=\"V\u00eddeo de YouTube\"><br \/>Haga clic para cargar v\u00eddeo<\/div>\n<p>Respecto a la canci\u00f3n, Ne-Yo dijo <em>Cartelera<\/em>: &#8220;Definitivamente es el que empez\u00f3 todo. Entonces fue cuando aprend\u00ed algo sobre la forma en que se publican los discos, o al menos en el libro de (el ejecutivo del sello discogr\u00e1fico) LA Reid. \u00c9l dice: &#8216;As\u00ed que vamos a publicar &#8216;Stay&#8217; primero y no va a explotar&#8230; pero ser\u00e1 suficiente para llamar su atenci\u00f3n. Y luego, una vez que consigamos su atenci\u00f3n, &#8216;So Sick'&#8221;. Ten\u00eda raz\u00f3n\u201d. Este \u00e9xito de la estrella de R&#038;B seguramente ser\u00e1 un elemento b\u00e1sico del setlist durante la gira &#8216;Nights Like This&#8217;.<\/p>\n<div align=\"center\">\n<div class=\"udiscover-store-container\">\n<div id='udiscover-store-two-product'><\/div>\n<\/div>\n<p>\/*<!(CDATA(*\/(function (){var scriptURL='https:\/\/sdks.shopifycdn.com\/buy-button\/latest\/buy-button-storefront.min.js';if(window.ShopifyBuy){if(window.ShopifyBuy.UI){ShopifyBuyInit();}else{loadScript();}}else{loadScript();}funci\u00f3n loadScript(){var script=document.createElement('script');script.async=true;script.src=scriptURL;(document.getElementsByTagName('head')(0)|| document.getElementsByTagName('body')(0)).appendChild(script);script.onload=ShopifyBuyInit;} function ShopifyBuyInit(){var cliente=ShopifyBuy.buildClient({dominio:'udiscover.myshopify.com',storefrontAccessToken: 'bdc89f347d2ce61c1feeb9f8c60b2b98',}); ShopifyBuy.UI.onReady(cliente).luego(funci\u00f3n(ui){ ui.createComponent('productSet',{ id:(7190292136013,7454002118733), nodo:document.getElementById('udiscover-store-two-product'), moneyFormat:'%24%7B%7Bamount%7D%7D', opciones:{&quot;producto&quot;:{&quot;marco flotante&quot;:FALSO,&quot;bot\u00f3nDestino&quot;:&quot;modal&quot;,&quot;contenido&quot;:{&quot;opciones&quot;:verdadero},&quot;texto&quot;:{&quot;bot\u00f3n&quot;:&quot;PEDIR AHORA&quot;,&quot;Agotado&quot;:&quot;Lo sentimos, esto est\u00e1 agotado.&quot;}},&quot;conjunto de productos&quot;:{&quot;marco flotante&quot;:FALSO},&quot;modalProducto&quot;:{&quot;marco flotante&quot;:FALSO,&quot;contenido&quot;:{&quot;imagen&quot;:FALSO,&quot;imgConCarrusel&quot;:verdadero,&quot;bot\u00f3n&quot;:FALSO,&quot;bot\u00f3nConCantidad&quot;:verdadero}},&quot;modal&quot;:{&quot;marco flotante&quot;:FALSO},&quot;opci\u00f3n&quot;:{&quot;marco flotante&quot;:FALSO},&quot;carro&quot;:{&quot;marco flotante&quot;:FALSO},&quot;palanca&quot;:{&quot;marco flotante&quot;:FALSO,&quot;contenido&quot;:{&quot;icono&quot;:FALSO}},&quot;art\u00edculo de l\u00ednea&quot;:{&quot;marco flotante&quot;:FALSO}}, }); }); } })(); \/*))>*\/ <\/div>\n<\/p>\n<p>En cuanto a Akon, durante el verano se asoci\u00f3 con Vevo \u201cCTRL\u201d para una presentaci\u00f3n en vivo de \u201cLocked Up\u201d, el sencillo principal de su monumental debut en 2004. <em>Problema<\/em>tema que seguramente ser\u00e1 interpretado por el cantante durante la pr\u00f3xima gira.<\/p>\n<p>La canci\u00f3n, que se ha convertido en un cl\u00e1sico de la amplia discograf\u00eda de Akon, comparte las reflexiones del cantante sobre su tiempo en prisi\u00f3n. Canta sobre estar tras las rejas y las implicaciones de gran alcance que lo llevaron a su camino hacia la redenci\u00f3n. M\u00e1s de 20 a\u00f1os despu\u00e9s, las palabras todav\u00eda impactan con fuerza.<\/p>\n<p><b>Explora nuestra colecci\u00f3n de hip-hop con vinilos y CD de edici\u00f3n limitada aqu\u00ed.<\/b><\/p>\n","protected":false},"excerpt":{"rendered":"<p>Ne-Yo y Akon han anunciado que realizar\u00e1n una gira juntos por todo el mundo en 2026. La gira co-estelar &#8216;Nights Like This&#8217; comenzar\u00e1 el 24<\/p>\n","protected":false},"author":1,"featured_media":4960,"comment_status":"closed","ping_status":"","sticky":false,"template":"","format":"standard","meta":{"footnotes":""},"categories":[50],"tags":[281,492,584,2394,3789,154,3788],"class_list":["post-4959","post","type-post","status-publish","format-standard","has-post-thumbnail","hentry","category-el-ultimo","tag-akon","tag-gira","tag-mundial","tag-neyo","tag-nights","tag-para","tag-uniran","generate-columns","tablet-grid-50","mobile-grid-100","grid-parent","grid-50"],"yoast_head":"<!-- This site is optimized with the Yoast SEO plugin v23.3 - https:\/\/yoast.com\/wordpress\/plugins\/seo\/ -->\n<title>Ne-Yo y Akon se unir\u00e1n para la gira mundial &#039;Nights Like This&#039;<\/title>\n<meta name=\"robots\" content=\"index, follow, max-snippet:-1, max-image-preview:large, max-video-preview:-1\" \/>\n<link rel=\"canonical\" href=\"https:\/\/web.consaguirre.com.ar\/noticias\/ne-yo-y-akon-se-uniran-para-la-gira-mundial-nights-like-this\/\" \/>\n<meta property=\"og:locale\" content=\"es_ES\" \/>\n<meta property=\"og:type\" content=\"article\" \/>\n<meta property=\"og:title\" content=\"Ne-Yo y Akon se unir\u00e1n para la gira mundial &#039;Nights Like This&#039;\" \/>\n<meta property=\"og:description\" content=\"Ne-Yo y Akon han anunciado que realizar\u00e1n una gira juntos por todo el mundo en 2026. La gira co-estelar &#8216;Nights Like This&#8217; comenzar\u00e1 el 24\" \/>\n<meta property=\"og:url\" content=\"https:\/\/web.consaguirre.com.ar\/noticias\/ne-yo-y-akon-se-uniran-para-la-gira-mundial-nights-like-this\/\" \/>\n<meta property=\"og:site_name\" content=\"Conservatorio de M\u00fasica Juli\u00e1n Aguirre\" \/>\n<meta property=\"article:published_time\" content=\"2026-01-28T17:39:09+00:00\" \/>\n<meta property=\"article:modified_time\" content=\"2026-01-28T17:39:10+00:00\" \/>\n<meta property=\"og:image\" content=\"https:\/\/web.consaguirre.com.ar\/noticias\/wp-content\/uploads\/2026\/01\/Ne-Yo-y-Akon-se-uniran-para-la-gira-mundial-Nights.jpg\" \/>\n\t<meta property=\"og:image:width\" content=\"820\" \/>\n\t<meta property=\"og:image:height\" content=\"820\" \/>\n\t<meta property=\"og:image:type\" content=\"image\/jpeg\" \/>\n<meta name=\"author\" content=\"Javier Figueroa\" \/>\n<meta name=\"twitter:card\" content=\"summary_large_image\" \/>\n<meta name=\"twitter:label1\" content=\"Escrito por\" \/>\n\t<meta name=\"twitter:data1\" content=\"Javier Figueroa\" \/>\n\t<meta name=\"twitter:label2\" content=\"Tiempo de lectura\" \/>\n\t<meta name=\"twitter:data2\" content=\"2 minutos\" \/>\n<script type=\"application\/ld+json\" class=\"yoast-schema-graph\">{\"@context\":\"https:\/\/schema.org\",\"@graph\":[{\"@type\":\"Article\",\"@id\":\"https:\/\/web.consaguirre.com.ar\/noticias\/ne-yo-y-akon-se-uniran-para-la-gira-mundial-nights-like-this\/#article\",\"isPartOf\":{\"@id\":\"https:\/\/web.consaguirre.com.ar\/noticias\/ne-yo-y-akon-se-uniran-para-la-gira-mundial-nights-like-this\/\"},\"author\":{\"name\":\"Javier Figueroa\",\"@id\":\"https:\/\/web.consaguirre.com.ar\/noticias\/#\/schema\/person\/6558b0cfedee7ddc5425602b237d5722\"},\"headline\":\"Ne-Yo y Akon se unir\u00e1n para la gira mundial &#8216;Nights Like This&#8217;\",\"datePublished\":\"2026-01-28T17:39:09+00:00\",\"dateModified\":\"2026-01-28T17:39:10+00:00\",\"mainEntityOfPage\":{\"@id\":\"https:\/\/web.consaguirre.com.ar\/noticias\/ne-yo-y-akon-se-uniran-para-la-gira-mundial-nights-like-this\/\"},\"wordCount\":382,\"publisher\":{\"@id\":\"https:\/\/web.consaguirre.com.ar\/noticias\/#organization\"},\"image\":{\"@id\":\"https:\/\/web.consaguirre.com.ar\/noticias\/ne-yo-y-akon-se-uniran-para-la-gira-mundial-nights-like-this\/#primaryimage\"},\"thumbnailUrl\":\"https:\/\/web.consaguirre.com.ar\/noticias\/wp-content\/uploads\/2026\/01\/Ne-Yo-y-Akon-se-uniran-para-la-gira-mundial-Nights.jpg\",\"keywords\":[\"Akon\",\"gira\",\"mundial\",\"NeYo\",\"Nights\",\"para\",\"unir\u00e1n\"],\"articleSection\":[\"El \u00faltimo\"],\"inLanguage\":\"es-AR\"},{\"@type\":\"WebPage\",\"@id\":\"https:\/\/web.consaguirre.com.ar\/noticias\/ne-yo-y-akon-se-uniran-para-la-gira-mundial-nights-like-this\/\",\"url\":\"https:\/\/web.consaguirre.com.ar\/noticias\/ne-yo-y-akon-se-uniran-para-la-gira-mundial-nights-like-this\/\",\"name\":\"Ne-Yo y Akon se unir\u00e1n para la gira mundial 'Nights Like This'\",\"isPartOf\":{\"@id\":\"https:\/\/web.consaguirre.com.ar\/noticias\/#website\"},\"primaryImageOfPage\":{\"@id\":\"https:\/\/web.consaguirre.com.ar\/noticias\/ne-yo-y-akon-se-uniran-para-la-gira-mundial-nights-like-this\/#primaryimage\"},\"image\":{\"@id\":\"https:\/\/web.consaguirre.com.ar\/noticias\/ne-yo-y-akon-se-uniran-para-la-gira-mundial-nights-like-this\/#primaryimage\"},\"thumbnailUrl\":\"https:\/\/web.consaguirre.com.ar\/noticias\/wp-content\/uploads\/2026\/01\/Ne-Yo-y-Akon-se-uniran-para-la-gira-mundial-Nights.jpg\",\"datePublished\":\"2026-01-28T17:39:09+00:00\",\"dateModified\":\"2026-01-28T17:39:10+00:00\",\"breadcrumb\":{\"@id\":\"https:\/\/web.consaguirre.com.ar\/noticias\/ne-yo-y-akon-se-uniran-para-la-gira-mundial-nights-like-this\/#breadcrumb\"},\"inLanguage\":\"es-AR\",\"potentialAction\":[{\"@type\":\"ReadAction\",\"target\":[\"https:\/\/web.consaguirre.com.ar\/noticias\/ne-yo-y-akon-se-uniran-para-la-gira-mundial-nights-like-this\/\"]}]},{\"@type\":\"ImageObject\",\"inLanguage\":\"es-AR\",\"@id\":\"https:\/\/web.consaguirre.com.ar\/noticias\/ne-yo-y-akon-se-uniran-para-la-gira-mundial-nights-like-this\/#primaryimage\",\"url\":\"https:\/\/web.consaguirre.com.ar\/noticias\/wp-content\/uploads\/2026\/01\/Ne-Yo-y-Akon-se-uniran-para-la-gira-mundial-Nights.jpg\",\"contentUrl\":\"https:\/\/web.consaguirre.com.ar\/noticias\/wp-content\/uploads\/2026\/01\/Ne-Yo-y-Akon-se-uniran-para-la-gira-mundial-Nights.jpg\",\"width\":820,\"height\":820,\"caption\":\"Ne-Yo and Akon tour\"},{\"@type\":\"BreadcrumbList\",\"@id\":\"https:\/\/web.consaguirre.com.ar\/noticias\/ne-yo-y-akon-se-uniran-para-la-gira-mundial-nights-like-this\/#breadcrumb\",\"itemListElement\":[{\"@type\":\"ListItem\",\"position\":1,\"name\":\"Inicio\",\"item\":\"https:\/\/web.consaguirre.com.ar\/noticias\/\"},{\"@type\":\"ListItem\",\"position\":2,\"name\":\"Ne-Yo y Akon se unir\u00e1n para la gira mundial &#8216;Nights Like This&#8217;\"}]},{\"@type\":\"WebSite\",\"@id\":\"https:\/\/web.consaguirre.com.ar\/noticias\/#website\",\"url\":\"https:\/\/web.consaguirre.com.ar\/noticias\/\",\"name\":\"Conservatorio de M\u00fasica Juli\u00e1n Aguirre\",\"description\":\"\",\"publisher\":{\"@id\":\"https:\/\/web.consaguirre.com.ar\/noticias\/#organization\"},\"potentialAction\":[{\"@type\":\"SearchAction\",\"target\":{\"@type\":\"EntryPoint\",\"urlTemplate\":\"https:\/\/web.consaguirre.com.ar\/noticias\/?s={search_term_string}\"},\"query-input\":\"required name=search_term_string\"}],\"inLanguage\":\"es-AR\"},{\"@type\":\"Organization\",\"@id\":\"https:\/\/web.consaguirre.com.ar\/noticias\/#organization\",\"name\":\"Conservatorio de M\u00fasica Juli\u00e1n Aguirre\",\"url\":\"https:\/\/web.consaguirre.com.ar\/noticias\/\",\"logo\":{\"@type\":\"ImageObject\",\"inLanguage\":\"es-AR\",\"@id\":\"https:\/\/web.consaguirre.com.ar\/noticias\/#\/schema\/logo\/image\/\",\"url\":\"https:\/\/web.consaguirre.com.ar\/noticias\/wp-content\/uploads\/2024\/08\/Banner-Aguirre-23.jpg\",\"contentUrl\":\"https:\/\/web.consaguirre.com.ar\/noticias\/wp-content\/uploads\/2024\/08\/Banner-Aguirre-23.jpg\",\"width\":1192,\"height\":600,\"caption\":\"Conservatorio de M\u00fasica Juli\u00e1n Aguirre\"},\"image\":{\"@id\":\"https:\/\/web.consaguirre.com.ar\/noticias\/#\/schema\/logo\/image\/\"}},{\"@type\":\"Person\",\"@id\":\"https:\/\/web.consaguirre.com.ar\/noticias\/#\/schema\/person\/6558b0cfedee7ddc5425602b237d5722\",\"name\":\"Javier Figueroa\",\"image\":{\"@type\":\"ImageObject\",\"inLanguage\":\"es-AR\",\"@id\":\"https:\/\/web.consaguirre.com.ar\/noticias\/#\/schema\/person\/image\/\",\"url\":\"https:\/\/web.consaguirre.com.ar\/noticias\/wp-content\/uploads\/2024\/08\/Consaguirre-scaled.jpg\",\"contentUrl\":\"https:\/\/web.consaguirre.com.ar\/noticias\/wp-content\/uploads\/2024\/08\/Consaguirre-scaled.jpg\",\"caption\":\"Javier Figueroa\"},\"description\":\"Me llamo Javier Figueroa y soy redactor para el sitio oficial del Conservatorio de M\u00fasica Juli\u00e1n Aguirre en Buenos Aires, consaguirre.com. Apasionado por la m\u00fasica y la escritura, me esfuerzo por destacar los talentos y eventos de nuestra prestigiosa instituci\u00f3n. Mi trayectoria se nutre de una profunda admiraci\u00f3n por los artistas, haciendo de cada art\u00edculo una celebraci\u00f3n de la creatividad y la cultura musical.\",\"sameAs\":[\"https:\/\/web.consaguirre.com.ar\/noticias\"]}]}<\/script>\n<!-- \/ Yoast SEO plugin. -->","yoast_head_json":{"title":"Ne-Yo y Akon se unir\u00e1n para la gira mundial 'Nights Like This'","robots":{"index":"index","follow":"follow","max-snippet":"max-snippet:-1","max-image-preview":"max-image-preview:large","max-video-preview":"max-video-preview:-1"},"canonical":"https:\/\/web.consaguirre.com.ar\/noticias\/ne-yo-y-akon-se-uniran-para-la-gira-mundial-nights-like-this\/","og_locale":"es_ES","og_type":"article","og_title":"Ne-Yo y Akon se unir\u00e1n para la gira mundial 'Nights Like This'","og_description":"Ne-Yo y Akon han anunciado que realizar\u00e1n una gira juntos por todo el mundo en 2026. La gira co-estelar &#8216;Nights Like This&#8217; comenzar\u00e1 el 24","og_url":"https:\/\/web.consaguirre.com.ar\/noticias\/ne-yo-y-akon-se-uniran-para-la-gira-mundial-nights-like-this\/","og_site_name":"Conservatorio de M\u00fasica Juli\u00e1n Aguirre","article_published_time":"2026-01-28T17:39:09+00:00","article_modified_time":"2026-01-28T17:39:10+00:00","og_image":[{"width":820,"height":820,"url":"https:\/\/web.consaguirre.com.ar\/noticias\/wp-content\/uploads\/2026\/01\/Ne-Yo-y-Akon-se-uniran-para-la-gira-mundial-Nights.jpg","type":"image\/jpeg"}],"author":"Javier Figueroa","twitter_card":"summary_large_image","twitter_misc":{"Escrito por":"Javier Figueroa","Tiempo de lectura":"2 minutos"},"schema":{"@context":"https:\/\/schema.org","@graph":[{"@type":"Article","@id":"https:\/\/web.consaguirre.com.ar\/noticias\/ne-yo-y-akon-se-uniran-para-la-gira-mundial-nights-like-this\/#article","isPartOf":{"@id":"https:\/\/web.consaguirre.com.ar\/noticias\/ne-yo-y-akon-se-uniran-para-la-gira-mundial-nights-like-this\/"},"author":{"name":"Javier Figueroa","@id":"https:\/\/web.consaguirre.com.ar\/noticias\/#\/schema\/person\/6558b0cfedee7ddc5425602b237d5722"},"headline":"Ne-Yo y Akon se unir\u00e1n para la gira mundial &#8216;Nights Like This&#8217;","datePublished":"2026-01-28T17:39:09+00:00","dateModified":"2026-01-28T17:39:10+00:00","mainEntityOfPage":{"@id":"https:\/\/web.consaguirre.com.ar\/noticias\/ne-yo-y-akon-se-uniran-para-la-gira-mundial-nights-like-this\/"},"wordCount":382,"publisher":{"@id":"https:\/\/web.consaguirre.com.ar\/noticias\/#organization"},"image":{"@id":"https:\/\/web.consaguirre.com.ar\/noticias\/ne-yo-y-akon-se-uniran-para-la-gira-mundial-nights-like-this\/#primaryimage"},"thumbnailUrl":"https:\/\/web.consaguirre.com.ar\/noticias\/wp-content\/uploads\/2026\/01\/Ne-Yo-y-Akon-se-uniran-para-la-gira-mundial-Nights.jpg","keywords":["Akon","gira","mundial","NeYo","Nights","para","unir\u00e1n"],"articleSection":["El \u00faltimo"],"inLanguage":"es-AR"},{"@type":"WebPage","@id":"https:\/\/web.consaguirre.com.ar\/noticias\/ne-yo-y-akon-se-uniran-para-la-gira-mundial-nights-like-this\/","url":"https:\/\/web.consaguirre.com.ar\/noticias\/ne-yo-y-akon-se-uniran-para-la-gira-mundial-nights-like-this\/","name":"Ne-Yo y Akon se unir\u00e1n para la gira mundial 'Nights Like This'","isPartOf":{"@id":"https:\/\/web.consaguirre.com.ar\/noticias\/#website"},"primaryImageOfPage":{"@id":"https:\/\/web.consaguirre.com.ar\/noticias\/ne-yo-y-akon-se-uniran-para-la-gira-mundial-nights-like-this\/#primaryimage"},"image":{"@id":"https:\/\/web.consaguirre.com.ar\/noticias\/ne-yo-y-akon-se-uniran-para-la-gira-mundial-nights-like-this\/#primaryimage"},"thumbnailUrl":"https:\/\/web.consaguirre.com.ar\/noticias\/wp-content\/uploads\/2026\/01\/Ne-Yo-y-Akon-se-uniran-para-la-gira-mundial-Nights.jpg","datePublished":"2026-01-28T17:39:09+00:00","dateModified":"2026-01-28T17:39:10+00:00","breadcrumb":{"@id":"https:\/\/web.consaguirre.com.ar\/noticias\/ne-yo-y-akon-se-uniran-para-la-gira-mundial-nights-like-this\/#breadcrumb"},"inLanguage":"es-AR","potentialAction":[{"@type":"ReadAction","target":["https:\/\/web.consaguirre.com.ar\/noticias\/ne-yo-y-akon-se-uniran-para-la-gira-mundial-nights-like-this\/"]}]},{"@type":"ImageObject","inLanguage":"es-AR","@id":"https:\/\/web.consaguirre.com.ar\/noticias\/ne-yo-y-akon-se-uniran-para-la-gira-mundial-nights-like-this\/#primaryimage","url":"https:\/\/web.consaguirre.com.ar\/noticias\/wp-content\/uploads\/2026\/01\/Ne-Yo-y-Akon-se-uniran-para-la-gira-mundial-Nights.jpg","contentUrl":"https:\/\/web.consaguirre.com.ar\/noticias\/wp-content\/uploads\/2026\/01\/Ne-Yo-y-Akon-se-uniran-para-la-gira-mundial-Nights.jpg","width":820,"height":820,"caption":"Ne-Yo and Akon tour"},{"@type":"BreadcrumbList","@id":"https:\/\/web.consaguirre.com.ar\/noticias\/ne-yo-y-akon-se-uniran-para-la-gira-mundial-nights-like-this\/#breadcrumb","itemListElement":[{"@type":"ListItem","position":1,"name":"Inicio","item":"https:\/\/web.consaguirre.com.ar\/noticias\/"},{"@type":"ListItem","position":2,"name":"Ne-Yo y Akon se unir\u00e1n para la gira mundial &#8216;Nights Like This&#8217;"}]},{"@type":"WebSite","@id":"https:\/\/web.consaguirre.com.ar\/noticias\/#website","url":"https:\/\/web.consaguirre.com.ar\/noticias\/","name":"Conservatorio de M\u00fasica Juli\u00e1n Aguirre","description":"","publisher":{"@id":"https:\/\/web.consaguirre.com.ar\/noticias\/#organization"},"potentialAction":[{"@type":"SearchAction","target":{"@type":"EntryPoint","urlTemplate":"https:\/\/web.consaguirre.com.ar\/noticias\/?s={search_term_string}"},"query-input":"required name=search_term_string"}],"inLanguage":"es-AR"},{"@type":"Organization","@id":"https:\/\/web.consaguirre.com.ar\/noticias\/#organization","name":"Conservatorio de M\u00fasica Juli\u00e1n Aguirre","url":"https:\/\/web.consaguirre.com.ar\/noticias\/","logo":{"@type":"ImageObject","inLanguage":"es-AR","@id":"https:\/\/web.consaguirre.com.ar\/noticias\/#\/schema\/logo\/image\/","url":"https:\/\/web.consaguirre.com.ar\/noticias\/wp-content\/uploads\/2024\/08\/Banner-Aguirre-23.jpg","contentUrl":"https:\/\/web.consaguirre.com.ar\/noticias\/wp-content\/uploads\/2024\/08\/Banner-Aguirre-23.jpg","width":1192,"height":600,"caption":"Conservatorio de M\u00fasica Juli\u00e1n Aguirre"},"image":{"@id":"https:\/\/web.consaguirre.com.ar\/noticias\/#\/schema\/logo\/image\/"}},{"@type":"Person","@id":"https:\/\/web.consaguirre.com.ar\/noticias\/#\/schema\/person\/6558b0cfedee7ddc5425602b237d5722","name":"Javier Figueroa","image":{"@type":"ImageObject","inLanguage":"es-AR","@id":"https:\/\/web.consaguirre.com.ar\/noticias\/#\/schema\/person\/image\/","url":"https:\/\/web.consaguirre.com.ar\/noticias\/wp-content\/uploads\/2024\/08\/Consaguirre-scaled.jpg","contentUrl":"https:\/\/web.consaguirre.com.ar\/noticias\/wp-content\/uploads\/2024\/08\/Consaguirre-scaled.jpg","caption":"Javier Figueroa"},"description":"Me llamo Javier Figueroa y soy redactor para el sitio oficial del Conservatorio de M\u00fasica Juli\u00e1n Aguirre en Buenos Aires, consaguirre.com. Apasionado por la m\u00fasica y la escritura, me esfuerzo por destacar los talentos y eventos de nuestra prestigiosa instituci\u00f3n. Mi trayectoria se nutre de una profunda admiraci\u00f3n por los artistas, haciendo de cada art\u00edculo una celebraci\u00f3n de la creatividad y la cultura musical.","sameAs":["https:\/\/web.consaguirre.com.ar\/noticias"]}]}},"_links":{"self":[{"href":"https:\/\/web.consaguirre.com.ar\/noticias\/wp-json\/wp\/v2\/posts\/4959"}],"collection":[{"href":"https:\/\/web.consaguirre.com.ar\/noticias\/wp-json\/wp\/v2\/posts"}],"about":[{"href":"https:\/\/web.consaguirre.com.ar\/noticias\/wp-json\/wp\/v2\/types\/post"}],"author":[{"embeddable":true,"href":"https:\/\/web.consaguirre.com.ar\/noticias\/wp-json\/wp\/v2\/users\/1"}],"replies":[{"embeddable":true,"href":"https:\/\/web.consaguirre.com.ar\/noticias\/wp-json\/wp\/v2\/comments?post=4959"}],"version-history":[{"count":1,"href":"https:\/\/web.consaguirre.com.ar\/noticias\/wp-json\/wp\/v2\/posts\/4959\/revisions"}],"predecessor-version":[{"id":4961,"href":"https:\/\/web.consaguirre.com.ar\/noticias\/wp-json\/wp\/v2\/posts\/4959\/revisions\/4961"}],"wp:featuredmedia":[{"embeddable":true,"href":"https:\/\/web.consaguirre.com.ar\/noticias\/wp-json\/wp\/v2\/media\/4960"}],"wp:attachment":[{"href":"https:\/\/web.consaguirre.com.ar\/noticias\/wp-json\/wp\/v2\/media?parent=4959"}],"wp:term":[{"taxonomy":"category","embeddable":true,"href":"https:\/\/web.consaguirre.com.ar\/noticias\/wp-json\/wp\/v2\/categories?post=4959"},{"taxonomy":"post_tag","embeddable":true,"href":"https:\/\/web.consaguirre.com.ar\/noticias\/wp-json\/wp\/v2\/tags?post=4959"}],"curies":[{"name":"wp","href":"https:\/\/api.w.org\/{rel}","templated":true}]}}