{"id":4949,"date":"2026-01-27T14:40:16","date_gmt":"2026-01-27T17:40:16","guid":{"rendered":"https:\/\/web.consaguirre.com.ar\/noticias\/summer-walker-anuncia-la-gira-the-still-finalmente-over-it\/"},"modified":"2026-01-27T14:40:16","modified_gmt":"2026-01-27T17:40:16","slug":"summer-walker-anuncia-la-gira-the-still-finalmente-over-it","status":"publish","type":"post","link":"https:\/\/web.consaguirre.com.ar\/noticias\/summer-walker-anuncia-la-gira-the-still-finalmente-over-it\/","title":{"rendered":"Summer Walker anuncia la gira &#8216;The Still Finalmente Over It&#8217;"},"content":{"rendered":"<p>Summer Walker ha anunciado que saldr\u00e1 de gira en 2026. La gira Still Finalmente Over It comenzar\u00e1 el 26 de mayo en el Scotiabank Arena de Toronto.<\/p>\n<p>Desde all\u00ed, el \u00edcono del R&#038;B se dirigir\u00e1 a Chicago, Detroit, Brooklyn, Filadelfia y m\u00e1s, antes de concluir la gira el 3 de julio en Vancouver. Odeal actuar\u00e1 como soporte directo y Monaleo tambi\u00e9n se unir\u00e1 en varias fechas. Despu\u00e9s del \u00faltimo concierto en Norteam\u00e9rica, Summer Walker se dirigir\u00e1 al O2 Arena de Londres el 2 de agosto para una actuaci\u00f3n especial.<\/p>\n<p>Summer comenz\u00f3 a adelantar la gira la semana pasada con una aparici\u00f3n sorpresa en la Universidad Estatal de Georgia. All\u00ed, se le unieron 40 mujeres vestidas con vestidos de novia. Adem\u00e1s, se vieron limusinas Still Finalmente Over It conduciendo por Atlanta y Los \u00c1ngeles para ayudar a dar pistas sobre la gira.<\/p>\n<div class=\"uD-YT-container\"><img decoding=\"async\" src=\"https:\/\/web.consaguirre.com.ar\/noticias\/wp-content\/uploads\/2026\/01\/Summer-Walker-anuncia-la-gira-The-Still-Finalmente-Over-It.jpg\" alt=\"V\u00eddeo de YouTube\"><br \/>Haga clic para cargar v\u00eddeo<\/div>\n<p>Las inteligentes activaciones de la cantante para anunciar la gira no sirvieron como su \u00fanica promoci\u00f3n innovadora durante la era Still Over It.<\/p>\n<p>Antes del \u00e1lbum, Walker comenz\u00f3 a presentar el contexto y los temas del proyecto con comerciales de l\u00ednea directa inspirados en los a\u00f1os 90 y una prueba de detector de mentiras que cuestionaba las teor\u00edas de los fan\u00e1ticos sobre qui\u00e9n podr\u00eda aparecer en el \u00e1lbum. Tambi\u00e9n present\u00f3 la sala de escape de Finalmente Over It en Atlanta y envi\u00f3 un cami\u00f3n volquete de Finalmente Over It de gira por ATL para recolectar cualquier art\u00edculo de sus ex de los que los fan\u00e1ticos quisieran deshacerse.<\/p>\n<p>Despu\u00e9s de la prueba del detector de mentiras, Summer Walker comparti\u00f3 los artistas destacados del \u00e1lbum con un plano de asientos y un video con el tema de la recepci\u00f3n de bodas. Los artistas que aparecen en el proyecto incluyen a Latto, Mariah the Scientist, Bryson Tiller, Teddy Swims, GloRilla, Sexyy Red, Brent Faiyaz, 21 Savage, Anderson.Paak, The Dream, Jeremih, Troy Taylor, Bryan-Michael Cox, Nineteen85, Ant Clemons, Jean Baptiste y m\u00e1s.<\/p>\n<div align=\"center\">\n<div class=\"udiscover-store-container\">\n<div id='udiscover-store-two-product'><\/div>\n<\/div>\n<p>\/*<!(CDATA(*\/(function (){var scriptURL='https:\/\/sdks.shopifycdn.com\/buy-button\/latest\/buy-button-storefront.min.js';if(window.ShopifyBuy){if(window.ShopifyBuy.UI){ShopifyBuyInit();}else{loadScript();}}else{loadScript();}funci\u00f3n loadScript(){var script=document.createElement('script');script.async=true;script.src=scriptURL;(document.getElementsByTagName('head')(0)|| document.getElementsByTagName('body')(0)).appendChild(script);script.onload=ShopifyBuyInit;} function ShopifyBuyInit(){var cliente=ShopifyBuy.buildClient({dominio:'udiscover.myshopify.com',storefrontAccessToken: 'bdc89f347d2ce61c1feeb9f8c60b2b98',}); ShopifyBuy.UI.onReady(cliente).luego(funci\u00f3n(ui){ ui.createComponent('productSet',{ id:(7602057445453,7621767495757), nodo:document.getElementById('udiscover-store-two-product'), moneyFormat:'%24%7B%7Bamount%7D%7D', opciones:{&quot;producto&quot;:{&quot;marco flotante&quot;:FALSO,&quot;bot\u00f3nDestino&quot;:&quot;modal&quot;,&quot;contenido&quot;:{&quot;opciones&quot;:verdadero},&quot;texto&quot;:{&quot;bot\u00f3n&quot;:&quot;PEDIR AHORA&quot;,&quot;Agotado&quot;:&quot;Lo sentimos, esto est\u00e1 agotado.&quot;}},&quot;conjunto de productos&quot;:{&quot;marco flotante&quot;:FALSO},&quot;modalProducto&quot;:{&quot;marco flotante&quot;:FALSO,&quot;contenido&quot;:{&quot;imagen&quot;:FALSO,&quot;imgConCarrusel&quot;:verdadero,&quot;bot\u00f3n&quot;:FALSO,&quot;bot\u00f3nConCantidad&quot;:verdadero}},&quot;modal&quot;:{&quot;marco flotante&quot;:FALSO},&quot;opci\u00f3n&quot;:{&quot;marco flotante&quot;:FALSO},&quot;carro&quot;:{&quot;marco flotante&quot;:FALSO},&quot;palanca&quot;:{&quot;marco flotante&quot;:FALSO,&quot;contenido&quot;:{&quot;icono&quot;:FALSO}},&quot;art\u00edculo de l\u00ednea&quot;:{&quot;marco flotante&quot;:FALSO}}, }); }); } })(); \/*))>*\/ <\/div>\n<\/p>\n<p><em>Finalmente lo super\u00e9<\/em> fue lanzado el 14 de noviembre y fue un \u00e9xito inmediato, debutando en el puesto n\u00famero 2 en el Billboard 200 y en el n\u00famero 1 en la lista de los mejores \u00e1lbumes de R&#038;B\/Hip-Hop de Billboard. El \u00e1lbum concluye una trilog\u00eda que comenz\u00f3 en 2019. <em>Encima de eso<\/em> y continu\u00f3 con el de 2021 <em>A\u00fan lo super\u00e9<\/em>que le dio a la estrella su primer \u00e1lbum n\u00famero uno en el Billboard 200.<\/p>\n<p>Comprar Summer Walker&#8217;s <em>A\u00fan lo super\u00e9<\/em> aqu\u00ed.<\/p>\n","protected":false},"excerpt":{"rendered":"<p>Summer Walker ha anunciado que saldr\u00e1 de gira en 2026. La gira Still Finalmente Over It comenzar\u00e1 el 26 de mayo en el Scotiabank Arena<\/p>\n","protected":false},"author":1,"featured_media":4375,"comment_status":"closed","ping_status":"","sticky":false,"template":"","format":"standard","meta":{"footnotes":""},"categories":[50],"tags":[56,394,492,379,1528],"class_list":["post-4949","post","type-post","status-publish","format-standard","has-post-thumbnail","hentry","category-el-ultimo","tag-anuncia","tag-finalmente","tag-gira","tag-summer","tag-walker","generate-columns","tablet-grid-50","mobile-grid-100","grid-parent","grid-50"],"yoast_head":"<!-- This site is optimized with the Yoast SEO plugin v23.3 - https:\/\/yoast.com\/wordpress\/plugins\/seo\/ -->\n<title>Summer Walker anuncia la gira &#039;The Still Finalmente Over It&#039;<\/title>\n<meta name=\"robots\" content=\"index, follow, max-snippet:-1, max-image-preview:large, max-video-preview:-1\" \/>\n<link rel=\"canonical\" href=\"https:\/\/web.consaguirre.com.ar\/noticias\/summer-walker-anuncia-la-gira-the-still-finalmente-over-it\/\" \/>\n<meta property=\"og:locale\" content=\"es_ES\" \/>\n<meta property=\"og:type\" content=\"article\" \/>\n<meta property=\"og:title\" content=\"Summer Walker anuncia la gira &#039;The Still Finalmente Over It&#039;\" \/>\n<meta property=\"og:description\" content=\"Summer Walker ha anunciado que saldr\u00e1 de gira en 2026. La gira Still Finalmente Over It comenzar\u00e1 el 26 de mayo en el Scotiabank Arena\" \/>\n<meta property=\"og:url\" content=\"https:\/\/web.consaguirre.com.ar\/noticias\/summer-walker-anuncia-la-gira-the-still-finalmente-over-it\/\" \/>\n<meta property=\"og:site_name\" content=\"Conservatorio de M\u00fasica Juli\u00e1n Aguirre\" \/>\n<meta property=\"article:published_time\" content=\"2026-01-27T17:40:16+00:00\" \/>\n<meta property=\"og:image\" content=\"https:\/\/web.consaguirre.com.ar\/noticias\/wp-content\/uploads\/2025\/11\/Summer-Walker-lanza-los-videos-Finally-Over-It-y-FMT.jpg\" \/>\n\t<meta property=\"og:image:width\" content=\"820\" \/>\n\t<meta property=\"og:image:height\" content=\"820\" \/>\n\t<meta property=\"og:image:type\" content=\"image\/jpeg\" \/>\n<meta name=\"author\" content=\"Javier Figueroa\" \/>\n<meta name=\"twitter:card\" content=\"summary_large_image\" \/>\n<meta name=\"twitter:label1\" content=\"Escrito por\" \/>\n\t<meta name=\"twitter:data1\" content=\"Javier Figueroa\" \/>\n\t<meta name=\"twitter:label2\" content=\"Tiempo de lectura\" \/>\n\t<meta name=\"twitter:data2\" content=\"2 minutos\" \/>\n<script type=\"application\/ld+json\" class=\"yoast-schema-graph\">{\"@context\":\"https:\/\/schema.org\",\"@graph\":[{\"@type\":\"Article\",\"@id\":\"https:\/\/web.consaguirre.com.ar\/noticias\/summer-walker-anuncia-la-gira-the-still-finalmente-over-it\/#article\",\"isPartOf\":{\"@id\":\"https:\/\/web.consaguirre.com.ar\/noticias\/summer-walker-anuncia-la-gira-the-still-finalmente-over-it\/\"},\"author\":{\"name\":\"Javier Figueroa\",\"@id\":\"https:\/\/web.consaguirre.com.ar\/noticias\/#\/schema\/person\/6558b0cfedee7ddc5425602b237d5722\"},\"headline\":\"Summer Walker anuncia la gira &#8216;The Still Finalmente Over It&#8217;\",\"datePublished\":\"2026-01-27T17:40:16+00:00\",\"dateModified\":\"2026-01-27T17:40:16+00:00\",\"mainEntityOfPage\":{\"@id\":\"https:\/\/web.consaguirre.com.ar\/noticias\/summer-walker-anuncia-la-gira-the-still-finalmente-over-it\/\"},\"wordCount\":436,\"publisher\":{\"@id\":\"https:\/\/web.consaguirre.com.ar\/noticias\/#organization\"},\"image\":{\"@id\":\"https:\/\/web.consaguirre.com.ar\/noticias\/summer-walker-anuncia-la-gira-the-still-finalmente-over-it\/#primaryimage\"},\"thumbnailUrl\":\"https:\/\/web.consaguirre.com.ar\/noticias\/wp-content\/uploads\/2025\/11\/Summer-Walker-lanza-los-videos-Finally-Over-It-y-FMT.jpg\",\"keywords\":[\"anuncia\",\"Finalmente\",\"gira\",\"Summer\",\"Walker\"],\"articleSection\":[\"El \u00faltimo\"],\"inLanguage\":\"es-AR\"},{\"@type\":\"WebPage\",\"@id\":\"https:\/\/web.consaguirre.com.ar\/noticias\/summer-walker-anuncia-la-gira-the-still-finalmente-over-it\/\",\"url\":\"https:\/\/web.consaguirre.com.ar\/noticias\/summer-walker-anuncia-la-gira-the-still-finalmente-over-it\/\",\"name\":\"Summer Walker anuncia la gira 'The Still Finalmente Over It'\",\"isPartOf\":{\"@id\":\"https:\/\/web.consaguirre.com.ar\/noticias\/#website\"},\"primaryImageOfPage\":{\"@id\":\"https:\/\/web.consaguirre.com.ar\/noticias\/summer-walker-anuncia-la-gira-the-still-finalmente-over-it\/#primaryimage\"},\"image\":{\"@id\":\"https:\/\/web.consaguirre.com.ar\/noticias\/summer-walker-anuncia-la-gira-the-still-finalmente-over-it\/#primaryimage\"},\"thumbnailUrl\":\"https:\/\/web.consaguirre.com.ar\/noticias\/wp-content\/uploads\/2025\/11\/Summer-Walker-lanza-los-videos-Finally-Over-It-y-FMT.jpg\",\"datePublished\":\"2026-01-27T17:40:16+00:00\",\"dateModified\":\"2026-01-27T17:40:16+00:00\",\"breadcrumb\":{\"@id\":\"https:\/\/web.consaguirre.com.ar\/noticias\/summer-walker-anuncia-la-gira-the-still-finalmente-over-it\/#breadcrumb\"},\"inLanguage\":\"es-AR\",\"potentialAction\":[{\"@type\":\"ReadAction\",\"target\":[\"https:\/\/web.consaguirre.com.ar\/noticias\/summer-walker-anuncia-la-gira-the-still-finalmente-over-it\/\"]}]},{\"@type\":\"ImageObject\",\"inLanguage\":\"es-AR\",\"@id\":\"https:\/\/web.consaguirre.com.ar\/noticias\/summer-walker-anuncia-la-gira-the-still-finalmente-over-it\/#primaryimage\",\"url\":\"https:\/\/web.consaguirre.com.ar\/noticias\/wp-content\/uploads\/2025\/11\/Summer-Walker-lanza-los-videos-Finally-Over-It-y-FMT.jpg\",\"contentUrl\":\"https:\/\/web.consaguirre.com.ar\/noticias\/wp-content\/uploads\/2025\/11\/Summer-Walker-lanza-los-videos-Finally-Over-It-y-FMT.jpg\",\"width\":820,\"height\":820,\"caption\":\"Summer Walker lanza los v\u00eddeos 'Finally Over It' y 'FMT'\"},{\"@type\":\"BreadcrumbList\",\"@id\":\"https:\/\/web.consaguirre.com.ar\/noticias\/summer-walker-anuncia-la-gira-the-still-finalmente-over-it\/#breadcrumb\",\"itemListElement\":[{\"@type\":\"ListItem\",\"position\":1,\"name\":\"Inicio\",\"item\":\"https:\/\/web.consaguirre.com.ar\/noticias\/\"},{\"@type\":\"ListItem\",\"position\":2,\"name\":\"Summer Walker anuncia la gira &#8216;The Still Finalmente Over It&#8217;\"}]},{\"@type\":\"WebSite\",\"@id\":\"https:\/\/web.consaguirre.com.ar\/noticias\/#website\",\"url\":\"https:\/\/web.consaguirre.com.ar\/noticias\/\",\"name\":\"Conservatorio de M\u00fasica Juli\u00e1n Aguirre\",\"description\":\"\",\"publisher\":{\"@id\":\"https:\/\/web.consaguirre.com.ar\/noticias\/#organization\"},\"potentialAction\":[{\"@type\":\"SearchAction\",\"target\":{\"@type\":\"EntryPoint\",\"urlTemplate\":\"https:\/\/web.consaguirre.com.ar\/noticias\/?s={search_term_string}\"},\"query-input\":\"required name=search_term_string\"}],\"inLanguage\":\"es-AR\"},{\"@type\":\"Organization\",\"@id\":\"https:\/\/web.consaguirre.com.ar\/noticias\/#organization\",\"name\":\"Conservatorio de M\u00fasica Juli\u00e1n Aguirre\",\"url\":\"https:\/\/web.consaguirre.com.ar\/noticias\/\",\"logo\":{\"@type\":\"ImageObject\",\"inLanguage\":\"es-AR\",\"@id\":\"https:\/\/web.consaguirre.com.ar\/noticias\/#\/schema\/logo\/image\/\",\"url\":\"https:\/\/web.consaguirre.com.ar\/noticias\/wp-content\/uploads\/2024\/08\/Banner-Aguirre-23.jpg\",\"contentUrl\":\"https:\/\/web.consaguirre.com.ar\/noticias\/wp-content\/uploads\/2024\/08\/Banner-Aguirre-23.jpg\",\"width\":1192,\"height\":600,\"caption\":\"Conservatorio de M\u00fasica Juli\u00e1n Aguirre\"},\"image\":{\"@id\":\"https:\/\/web.consaguirre.com.ar\/noticias\/#\/schema\/logo\/image\/\"}},{\"@type\":\"Person\",\"@id\":\"https:\/\/web.consaguirre.com.ar\/noticias\/#\/schema\/person\/6558b0cfedee7ddc5425602b237d5722\",\"name\":\"Javier Figueroa\",\"image\":{\"@type\":\"ImageObject\",\"inLanguage\":\"es-AR\",\"@id\":\"https:\/\/web.consaguirre.com.ar\/noticias\/#\/schema\/person\/image\/\",\"url\":\"https:\/\/web.consaguirre.com.ar\/noticias\/wp-content\/uploads\/2024\/08\/Consaguirre-scaled.jpg\",\"contentUrl\":\"https:\/\/web.consaguirre.com.ar\/noticias\/wp-content\/uploads\/2024\/08\/Consaguirre-scaled.jpg\",\"caption\":\"Javier Figueroa\"},\"description\":\"Me llamo Javier Figueroa y soy redactor para el sitio oficial del Conservatorio de M\u00fasica Juli\u00e1n Aguirre en Buenos Aires, consaguirre.com. Apasionado por la m\u00fasica y la escritura, me esfuerzo por destacar los talentos y eventos de nuestra prestigiosa instituci\u00f3n. Mi trayectoria se nutre de una profunda admiraci\u00f3n por los artistas, haciendo de cada art\u00edculo una celebraci\u00f3n de la creatividad y la cultura musical.\",\"sameAs\":[\"https:\/\/web.consaguirre.com.ar\/noticias\"]}]}<\/script>\n<!-- \/ Yoast SEO plugin. -->","yoast_head_json":{"title":"Summer Walker anuncia la gira 'The Still Finalmente Over It'","robots":{"index":"index","follow":"follow","max-snippet":"max-snippet:-1","max-image-preview":"max-image-preview:large","max-video-preview":"max-video-preview:-1"},"canonical":"https:\/\/web.consaguirre.com.ar\/noticias\/summer-walker-anuncia-la-gira-the-still-finalmente-over-it\/","og_locale":"es_ES","og_type":"article","og_title":"Summer Walker anuncia la gira 'The Still Finalmente Over It'","og_description":"Summer Walker ha anunciado que saldr\u00e1 de gira en 2026. La gira Still Finalmente Over It comenzar\u00e1 el 26 de mayo en el Scotiabank Arena","og_url":"https:\/\/web.consaguirre.com.ar\/noticias\/summer-walker-anuncia-la-gira-the-still-finalmente-over-it\/","og_site_name":"Conservatorio de M\u00fasica Juli\u00e1n Aguirre","article_published_time":"2026-01-27T17:40:16+00:00","og_image":[{"width":820,"height":820,"url":"https:\/\/web.consaguirre.com.ar\/noticias\/wp-content\/uploads\/2025\/11\/Summer-Walker-lanza-los-videos-Finally-Over-It-y-FMT.jpg","type":"image\/jpeg"}],"author":"Javier Figueroa","twitter_card":"summary_large_image","twitter_misc":{"Escrito por":"Javier Figueroa","Tiempo de lectura":"2 minutos"},"schema":{"@context":"https:\/\/schema.org","@graph":[{"@type":"Article","@id":"https:\/\/web.consaguirre.com.ar\/noticias\/summer-walker-anuncia-la-gira-the-still-finalmente-over-it\/#article","isPartOf":{"@id":"https:\/\/web.consaguirre.com.ar\/noticias\/summer-walker-anuncia-la-gira-the-still-finalmente-over-it\/"},"author":{"name":"Javier Figueroa","@id":"https:\/\/web.consaguirre.com.ar\/noticias\/#\/schema\/person\/6558b0cfedee7ddc5425602b237d5722"},"headline":"Summer Walker anuncia la gira &#8216;The Still Finalmente Over It&#8217;","datePublished":"2026-01-27T17:40:16+00:00","dateModified":"2026-01-27T17:40:16+00:00","mainEntityOfPage":{"@id":"https:\/\/web.consaguirre.com.ar\/noticias\/summer-walker-anuncia-la-gira-the-still-finalmente-over-it\/"},"wordCount":436,"publisher":{"@id":"https:\/\/web.consaguirre.com.ar\/noticias\/#organization"},"image":{"@id":"https:\/\/web.consaguirre.com.ar\/noticias\/summer-walker-anuncia-la-gira-the-still-finalmente-over-it\/#primaryimage"},"thumbnailUrl":"https:\/\/web.consaguirre.com.ar\/noticias\/wp-content\/uploads\/2025\/11\/Summer-Walker-lanza-los-videos-Finally-Over-It-y-FMT.jpg","keywords":["anuncia","Finalmente","gira","Summer","Walker"],"articleSection":["El \u00faltimo"],"inLanguage":"es-AR"},{"@type":"WebPage","@id":"https:\/\/web.consaguirre.com.ar\/noticias\/summer-walker-anuncia-la-gira-the-still-finalmente-over-it\/","url":"https:\/\/web.consaguirre.com.ar\/noticias\/summer-walker-anuncia-la-gira-the-still-finalmente-over-it\/","name":"Summer Walker anuncia la gira 'The Still Finalmente Over It'","isPartOf":{"@id":"https:\/\/web.consaguirre.com.ar\/noticias\/#website"},"primaryImageOfPage":{"@id":"https:\/\/web.consaguirre.com.ar\/noticias\/summer-walker-anuncia-la-gira-the-still-finalmente-over-it\/#primaryimage"},"image":{"@id":"https:\/\/web.consaguirre.com.ar\/noticias\/summer-walker-anuncia-la-gira-the-still-finalmente-over-it\/#primaryimage"},"thumbnailUrl":"https:\/\/web.consaguirre.com.ar\/noticias\/wp-content\/uploads\/2025\/11\/Summer-Walker-lanza-los-videos-Finally-Over-It-y-FMT.jpg","datePublished":"2026-01-27T17:40:16+00:00","dateModified":"2026-01-27T17:40:16+00:00","breadcrumb":{"@id":"https:\/\/web.consaguirre.com.ar\/noticias\/summer-walker-anuncia-la-gira-the-still-finalmente-over-it\/#breadcrumb"},"inLanguage":"es-AR","potentialAction":[{"@type":"ReadAction","target":["https:\/\/web.consaguirre.com.ar\/noticias\/summer-walker-anuncia-la-gira-the-still-finalmente-over-it\/"]}]},{"@type":"ImageObject","inLanguage":"es-AR","@id":"https:\/\/web.consaguirre.com.ar\/noticias\/summer-walker-anuncia-la-gira-the-still-finalmente-over-it\/#primaryimage","url":"https:\/\/web.consaguirre.com.ar\/noticias\/wp-content\/uploads\/2025\/11\/Summer-Walker-lanza-los-videos-Finally-Over-It-y-FMT.jpg","contentUrl":"https:\/\/web.consaguirre.com.ar\/noticias\/wp-content\/uploads\/2025\/11\/Summer-Walker-lanza-los-videos-Finally-Over-It-y-FMT.jpg","width":820,"height":820,"caption":"Summer Walker lanza los v\u00eddeos 'Finally Over It' y 'FMT'"},{"@type":"BreadcrumbList","@id":"https:\/\/web.consaguirre.com.ar\/noticias\/summer-walker-anuncia-la-gira-the-still-finalmente-over-it\/#breadcrumb","itemListElement":[{"@type":"ListItem","position":1,"name":"Inicio","item":"https:\/\/web.consaguirre.com.ar\/noticias\/"},{"@type":"ListItem","position":2,"name":"Summer Walker anuncia la gira &#8216;The Still Finalmente Over It&#8217;"}]},{"@type":"WebSite","@id":"https:\/\/web.consaguirre.com.ar\/noticias\/#website","url":"https:\/\/web.consaguirre.com.ar\/noticias\/","name":"Conservatorio de M\u00fasica Juli\u00e1n Aguirre","description":"","publisher":{"@id":"https:\/\/web.consaguirre.com.ar\/noticias\/#organization"},"potentialAction":[{"@type":"SearchAction","target":{"@type":"EntryPoint","urlTemplate":"https:\/\/web.consaguirre.com.ar\/noticias\/?s={search_term_string}"},"query-input":"required name=search_term_string"}],"inLanguage":"es-AR"},{"@type":"Organization","@id":"https:\/\/web.consaguirre.com.ar\/noticias\/#organization","name":"Conservatorio de M\u00fasica Juli\u00e1n Aguirre","url":"https:\/\/web.consaguirre.com.ar\/noticias\/","logo":{"@type":"ImageObject","inLanguage":"es-AR","@id":"https:\/\/web.consaguirre.com.ar\/noticias\/#\/schema\/logo\/image\/","url":"https:\/\/web.consaguirre.com.ar\/noticias\/wp-content\/uploads\/2024\/08\/Banner-Aguirre-23.jpg","contentUrl":"https:\/\/web.consaguirre.com.ar\/noticias\/wp-content\/uploads\/2024\/08\/Banner-Aguirre-23.jpg","width":1192,"height":600,"caption":"Conservatorio de M\u00fasica Juli\u00e1n Aguirre"},"image":{"@id":"https:\/\/web.consaguirre.com.ar\/noticias\/#\/schema\/logo\/image\/"}},{"@type":"Person","@id":"https:\/\/web.consaguirre.com.ar\/noticias\/#\/schema\/person\/6558b0cfedee7ddc5425602b237d5722","name":"Javier Figueroa","image":{"@type":"ImageObject","inLanguage":"es-AR","@id":"https:\/\/web.consaguirre.com.ar\/noticias\/#\/schema\/person\/image\/","url":"https:\/\/web.consaguirre.com.ar\/noticias\/wp-content\/uploads\/2024\/08\/Consaguirre-scaled.jpg","contentUrl":"https:\/\/web.consaguirre.com.ar\/noticias\/wp-content\/uploads\/2024\/08\/Consaguirre-scaled.jpg","caption":"Javier Figueroa"},"description":"Me llamo Javier Figueroa y soy redactor para el sitio oficial del Conservatorio de M\u00fasica Juli\u00e1n Aguirre en Buenos Aires, consaguirre.com. Apasionado por la m\u00fasica y la escritura, me esfuerzo por destacar los talentos y eventos de nuestra prestigiosa instituci\u00f3n. Mi trayectoria se nutre de una profunda admiraci\u00f3n por los artistas, haciendo de cada art\u00edculo una celebraci\u00f3n de la creatividad y la cultura musical.","sameAs":["https:\/\/web.consaguirre.com.ar\/noticias"]}]}},"_links":{"self":[{"href":"https:\/\/web.consaguirre.com.ar\/noticias\/wp-json\/wp\/v2\/posts\/4949"}],"collection":[{"href":"https:\/\/web.consaguirre.com.ar\/noticias\/wp-json\/wp\/v2\/posts"}],"about":[{"href":"https:\/\/web.consaguirre.com.ar\/noticias\/wp-json\/wp\/v2\/types\/post"}],"author":[{"embeddable":true,"href":"https:\/\/web.consaguirre.com.ar\/noticias\/wp-json\/wp\/v2\/users\/1"}],"replies":[{"embeddable":true,"href":"https:\/\/web.consaguirre.com.ar\/noticias\/wp-json\/wp\/v2\/comments?post=4949"}],"version-history":[{"count":1,"href":"https:\/\/web.consaguirre.com.ar\/noticias\/wp-json\/wp\/v2\/posts\/4949\/revisions"}],"predecessor-version":[{"id":4950,"href":"https:\/\/web.consaguirre.com.ar\/noticias\/wp-json\/wp\/v2\/posts\/4949\/revisions\/4950"}],"wp:featuredmedia":[{"embeddable":true,"href":"https:\/\/web.consaguirre.com.ar\/noticias\/wp-json\/wp\/v2\/media\/4375"}],"wp:attachment":[{"href":"https:\/\/web.consaguirre.com.ar\/noticias\/wp-json\/wp\/v2\/media?parent=4949"}],"wp:term":[{"taxonomy":"category","embeddable":true,"href":"https:\/\/web.consaguirre.com.ar\/noticias\/wp-json\/wp\/v2\/categories?post=4949"},{"taxonomy":"post_tag","embeddable":true,"href":"https:\/\/web.consaguirre.com.ar\/noticias\/wp-json\/wp\/v2\/tags?post=4949"}],"curies":[{"name":"wp","href":"https:\/\/api.w.org\/{rel}","templated":true}]}}