{"id":4946,"date":"2026-01-27T11:38:48","date_gmt":"2026-01-27T14:38:48","guid":{"rendered":"https:\/\/web.consaguirre.com.ar\/noticias\/aerosmith-anuncia-edicion-ampliada-de-su-debut-homonimo\/"},"modified":"2026-01-27T11:38:48","modified_gmt":"2026-01-27T14:38:48","slug":"aerosmith-anuncia-edicion-ampliada-de-su-debut-homonimo","status":"publish","type":"post","link":"https:\/\/web.consaguirre.com.ar\/noticias\/aerosmith-anuncia-edicion-ampliada-de-su-debut-homonimo\/","title":{"rendered":"Aerosmith anuncia edici\u00f3n ampliada de su debut hom\u00f3nimo"},"content":{"rendered":"<p>Aerosmith celebra cinco d\u00e9cadas de su debut hom\u00f3nimo con un nuevo paquete ampliado, remasterizado y remezclado. <em>Aerosmith (edici\u00f3n legendaria)<\/em> presenta pistas in\u00e9ditas, nuevas ilustraciones, fotograf\u00edas, notas y m\u00e1s. Estar\u00e1 disponible una variedad de configuraciones, incluida una caja de 5 LP de edici\u00f3n limitada. <em>Aerosmith (edici\u00f3n legendaria)<\/em> saldr\u00e1 el 20 de marzo de 2026 a trav\u00e9s de Capitol Records \/ UMe.<\/p>\n<div align=\"center\">\n<div class=\"udiscover-store-container\">\n<div id='udiscover-store-three-product'><\/div>\n<\/div>\n<p>\/*<!(CDATA(*\/(function (){var scriptURL='https:\/\/sdks.shopifycdn.com\/buy-button\/latest\/buy-button-storefront.min.js';if(window.ShopifyBuy){if(window.ShopifyBuy.UI){ShopifyBuyInit();}else{loadScript();}}else{loadScript();}funci\u00f3n loadScript(){var script=document.createElement('script');script.async=true;script.src=scriptURL;(document.getElementsByTagName('head')(0)|| document.getElementsByTagName('body')(0)).appendChild(script);script.onload=ShopifyBuyInit;} function ShopifyBuyInit(){var cliente=ShopifyBuy.buildClient({dominio:'udiscover.myshopify.com',storefrontAccessToken: 'bdc89f347d2ce61c1feeb9f8c60b2b98',}); ShopifyBuy.UI.onReady(cliente).luego(funci\u00f3n(ui){ ui.createComponent('productSet',{ id:(7678416584781,7678416683085,7678416453709), nodo:document.getElementById('udiscover-store-tres-producto'), moneyFormat:'%24%7B%7Bamount%7D%7D', opciones:{&quot;producto&quot;:{&quot;marco flotante&quot;:FALSO,&quot;bot\u00f3nDestino&quot;:&quot;modal&quot;,&quot;contenido&quot;:{&quot;opciones&quot;:verdadero},&quot;texto&quot;:{&quot;bot\u00f3n&quot;:&quot;PEDIR AHORA&quot;,&quot;Agotado&quot;:&quot;Lo sentimos, esto est\u00e1 agotado.&quot;}},&quot;conjunto de productos&quot;:{&quot;marco flotante&quot;:FALSO},&quot;modalProducto&quot;:{&quot;marco flotante&quot;:FALSO,&quot;contenido&quot;:{&quot;imagen&quot;:FALSO,&quot;imgConCarrusel&quot;:verdadero,&quot;bot\u00f3n&quot;:FALSO,&quot;bot\u00f3nConCantidad&quot;:verdadero}},&quot;modal&quot;:{&quot;marco flotante&quot;:FALSO},&quot;opci\u00f3n&quot;:{&quot;marco flotante&quot;:FALSO},&quot;carro&quot;:{&quot;marco flotante&quot;:FALSO},&quot;palanca&quot;:{&quot;marco flotante&quot;:FALSO,&quot;contenido&quot;:{&quot;icono&quot;:FALSO}},&quot;art\u00edculo de l\u00ednea&quot;:{&quot;marco flotante&quot;:FALSO}}, }); }); } })(); \/*))>*\/ <\/div>\n<\/p>\n<p>Aerosmith lanz\u00f3 su debut hom\u00f3nimo el 5 de enero de 1973. Lo grabaron en los Intermedia Studios de Boston en Newbury Street, cortando futuros cl\u00e1sicos como \u201cMake It\u201d, \u201cMama Kin\u201d y \u201cDream On\u201d durante las sesiones. El disco tard\u00f3 mucho en popularizarse y el quinteto estuvo de gira sin descanso durante dos a\u00f1os hasta que \u201cDream On\u201d despeg\u00f3 a finales de 1975. La canci\u00f3n finalmente subi\u00f3 al Top 10 del Billboard 200 y se ha convertido en una de las canciones de rock &#8216;n&#8217; roll m\u00e1s populares de la historia. En 2018, fue incluido en el Sal\u00f3n de la Fama de los Grammy.<\/p>\n<p>Los cofundadores de Aerosmith, Steven Tyler y Joe Perry, han mezclado recientemente las grabaciones y cintas originales junto con el productor y mezclador nominado al Grammy Zakk Cervini y el productor ganador del premio Grammy Steve Berkowitz.<\/p>\n<p>Las diversas configuraciones del \u00e1lbum incluyen la edici\u00f3n limitada <em>Aerosmith (Edici\u00f3n de coleccionista legendaria)<\/em>. Alojado en una caja de lujo de 5 LP, cuenta con el \u00e1lbum original ahora remasterizado en vinilo transparente de 180 g, la nueva mezcla del \u00e1lbum de 2024 impresa en vinilo rojo transl\u00facido de 180 g, una actuaci\u00f3n en vivo muy solicitada de Paul&#8217;s Mall en 1973 en vinilo negro de 180 g, pistas de estudio recientemente desenterradas y no escuchadas en vinilo negro de 180 g y un exclusivo vinilo transparente de 12 pulgadas con efecto de nube UV con \u201cDream On\u201d (2024 Remaster) y \u201cDream On\u201d (2024 Mix) colocados sobre una alfombra impresa en azul cielo.<\/p>\n<p>Con direcci\u00f3n creativa e im\u00e1genes ic\u00f3nicas del renombrado fot\u00f3grafo Ross Halfin, el paquete documenta la g\u00e9nesis de Aerosmith con un libro de tapa dura que presenta fotograf\u00edas nunca antes vistas. Escritas por el autor y compositor veterano Rick Florino, las notas cuentan la historia de Aerosmith en las propias palabras de la banda con nuevas entrevistas con los cinco miembros originales, as\u00ed como perspectivas de personas como Dolly Parton, Corey Taylor de Slipknot, Mike McCready de Pearl Jam, Jerry Cantrell de Alice In Chains, Chris Robinson de The Black Crowes, Slash de Guns N&#8217; Roses, Sully Erna de Godsmack y m\u00e1s. El paquete tambi\u00e9n incluye un exclusivo p\u00f3ster desplegable de 24\u201d por 36\u201d y una hoja de calcoman\u00edas. La caja en s\u00ed se despliega en un diorama emergente 3D de Aerosmith.<\/p>\n<div class=\"uD-YT-container\"><img decoding=\"async\" src=\"https:\/\/web.consaguirre.com.ar\/noticias\/wp-content\/uploads\/2026\/01\/1769524728_142_Aerosmith-anuncia-edicion-ampliada-de-su-debut-homonimo.jpg\" alt=\"V\u00eddeo de YouTube\"><br \/>Haga clic para cargar v\u00eddeo<\/div>\n<p>Hay dos fanpacks exclusivos disponibles para su compra. El <em>Aerosmith \u2013 Fanpack legendario de la edici\u00f3n de coleccionista<\/em> Incluye el 5LP Deluxe Box Set y una chaqueta bomber de sat\u00e9n. El <em>Aerosmith \u2013 Fanpack de edici\u00f3n legendaria<\/em> Incluye el vinilo rojo transl\u00facido y una camiseta nueva de la banda. <em>Aerosmith (Edici\u00f3n legendaria de lujo)<\/em> Consta de 4 LP prensados \u200b\u200ben vinilo negro de 180 g empaquetados en un estuche premium con el \u00e1lbum original remasterizado, la mezcla de 2024, Live At Paul&#8217;s Mall y las pistas de estudio desenterradas y no escuchadas en 2 LP, acompa\u00f1adas de un libro con las nuevas notas, fotograf\u00edas y m\u00e1s.<\/p>\n<p>Luego, est\u00e1 el 3CD. <em>Aerosmith (edici\u00f3n ampliada legendaria)<\/em>que incluye el original remasterizado, la mezcla de 2024, Live at Paul&#8217;s Mall y las pistas de estudio desenterradas e in\u00e9ditas. El folleto de 16 p\u00e1ginas incluye nuevas fotograf\u00edas.<\/p>\n<p>El <em>CD de edici\u00f3n legendaria<\/em> llega con un folleto de 12 p\u00e1ginas completo con fotograf\u00edas, mientras que el <em>LP de edici\u00f3n legendaria<\/em> se imprime en vinilo negro de 180 g o en vinilo rojo transl\u00facido de edici\u00f3n limitada encerrado dentro de una sobrecubierta premium numerada.<\/p>\n<p>La colecci\u00f3n cuenta con una gran cantidad de joyas ocultas como \u201cHarmonica Bass Jam Jelly\u201d, un ensayo sin filtros y una toma alternativa de \u201cMake It\u201d y la \u00e9pica de casi seis minutos \u201cJoined At The Hip\u201d.<\/p>\n<p>Aerosmith colabor\u00f3 \u200b\u200brecientemente con YUNGBLUD en el <em>Una vez m\u00e1s<\/em> PE. Encabez\u00f3 la lista Billboard Top Rock &#038; Alternative Albums y alcanz\u00f3 el puesto 9 en el Billboard 200.<\/p>\n<p><b>Comprar Aerosmith <em> Edici\u00f3n legendaria <\/em> en m\u00faltiples formatos aqu\u00ed.<\/b><\/p>\n","protected":false},"excerpt":{"rendered":"<p>Aerosmith celebra cinco d\u00e9cadas de su debut hom\u00f3nimo con un nuevo paquete ampliado, remasterizado y remezclado. Aerosmith (edici\u00f3n legendaria) presenta pistas in\u00e9ditas, nuevas ilustraciones, fotograf\u00edas,<\/p>\n","protected":false},"author":1,"featured_media":4947,"comment_status":"closed","ping_status":"","sticky":false,"template":"","format":"standard","meta":{"footnotes":""},"categories":[50],"tags":[678,535,56,257,160,258],"class_list":["post-4946","post","type-post","status-publish","format-standard","has-post-thumbnail","hentry","category-el-ultimo","tag-aerosmith","tag-ampliada","tag-anuncia","tag-debut","tag-edicion","tag-homonimo","generate-columns","tablet-grid-50","mobile-grid-100","grid-parent","grid-50"],"yoast_head":"<!-- This site is optimized with the Yoast SEO plugin v23.3 - https:\/\/yoast.com\/wordpress\/plugins\/seo\/ -->\n<title>Aerosmith anuncia edici\u00f3n ampliada de su debut hom\u00f3nimo<\/title>\n<meta name=\"robots\" content=\"index, follow, max-snippet:-1, max-image-preview:large, max-video-preview:-1\" \/>\n<link rel=\"canonical\" href=\"https:\/\/web.consaguirre.com.ar\/noticias\/aerosmith-anuncia-edicion-ampliada-de-su-debut-homonimo\/\" \/>\n<meta property=\"og:locale\" content=\"es_ES\" \/>\n<meta property=\"og:type\" content=\"article\" \/>\n<meta property=\"og:title\" content=\"Aerosmith anuncia edici\u00f3n ampliada de su debut hom\u00f3nimo\" \/>\n<meta property=\"og:description\" content=\"Aerosmith celebra cinco d\u00e9cadas de su debut hom\u00f3nimo con un nuevo paquete ampliado, remasterizado y remezclado. Aerosmith (edici\u00f3n legendaria) presenta pistas in\u00e9ditas, nuevas ilustraciones, fotograf\u00edas,\" \/>\n<meta property=\"og:url\" content=\"https:\/\/web.consaguirre.com.ar\/noticias\/aerosmith-anuncia-edicion-ampliada-de-su-debut-homonimo\/\" \/>\n<meta property=\"og:site_name\" content=\"Conservatorio de M\u00fasica Juli\u00e1n Aguirre\" \/>\n<meta property=\"article:published_time\" content=\"2026-01-27T14:38:48+00:00\" \/>\n<meta property=\"og:image\" content=\"https:\/\/web.consaguirre.com.ar\/noticias\/wp-content\/uploads\/2026\/01\/Aerosmith-anuncia-edicion-ampliada-de-su-debut-homonimo.jpg\" \/>\n\t<meta property=\"og:image:width\" content=\"1000\" \/>\n\t<meta property=\"og:image:height\" content=\"600\" \/>\n\t<meta property=\"og:image:type\" content=\"image\/jpeg\" \/>\n<meta name=\"author\" content=\"Javier Figueroa\" \/>\n<meta name=\"twitter:card\" content=\"summary_large_image\" \/>\n<meta name=\"twitter:label1\" content=\"Escrito por\" \/>\n\t<meta name=\"twitter:data1\" content=\"Javier Figueroa\" \/>\n\t<meta name=\"twitter:label2\" content=\"Tiempo de lectura\" \/>\n\t<meta name=\"twitter:data2\" content=\"4 minutos\" \/>\n<script type=\"application\/ld+json\" class=\"yoast-schema-graph\">{\"@context\":\"https:\/\/schema.org\",\"@graph\":[{\"@type\":\"Article\",\"@id\":\"https:\/\/web.consaguirre.com.ar\/noticias\/aerosmith-anuncia-edicion-ampliada-de-su-debut-homonimo\/#article\",\"isPartOf\":{\"@id\":\"https:\/\/web.consaguirre.com.ar\/noticias\/aerosmith-anuncia-edicion-ampliada-de-su-debut-homonimo\/\"},\"author\":{\"name\":\"Javier Figueroa\",\"@id\":\"https:\/\/web.consaguirre.com.ar\/noticias\/#\/schema\/person\/6558b0cfedee7ddc5425602b237d5722\"},\"headline\":\"Aerosmith anuncia edici\u00f3n ampliada de su debut hom\u00f3nimo\",\"datePublished\":\"2026-01-27T14:38:48+00:00\",\"dateModified\":\"2026-01-27T14:38:48+00:00\",\"mainEntityOfPage\":{\"@id\":\"https:\/\/web.consaguirre.com.ar\/noticias\/aerosmith-anuncia-edicion-ampliada-de-su-debut-homonimo\/\"},\"wordCount\":741,\"publisher\":{\"@id\":\"https:\/\/web.consaguirre.com.ar\/noticias\/#organization\"},\"image\":{\"@id\":\"https:\/\/web.consaguirre.com.ar\/noticias\/aerosmith-anuncia-edicion-ampliada-de-su-debut-homonimo\/#primaryimage\"},\"thumbnailUrl\":\"https:\/\/web.consaguirre.com.ar\/noticias\/wp-content\/uploads\/2026\/01\/Aerosmith-anuncia-edicion-ampliada-de-su-debut-homonimo.jpg\",\"keywords\":[\"Aerosmith\",\"ampliada\",\"anuncia\",\"debut\",\"edici\u00f3n\",\"hom\u00f3nimo\"],\"articleSection\":[\"El \u00faltimo\"],\"inLanguage\":\"es-AR\"},{\"@type\":\"WebPage\",\"@id\":\"https:\/\/web.consaguirre.com.ar\/noticias\/aerosmith-anuncia-edicion-ampliada-de-su-debut-homonimo\/\",\"url\":\"https:\/\/web.consaguirre.com.ar\/noticias\/aerosmith-anuncia-edicion-ampliada-de-su-debut-homonimo\/\",\"name\":\"Aerosmith anuncia edici\u00f3n ampliada de su debut hom\u00f3nimo\",\"isPartOf\":{\"@id\":\"https:\/\/web.consaguirre.com.ar\/noticias\/#website\"},\"primaryImageOfPage\":{\"@id\":\"https:\/\/web.consaguirre.com.ar\/noticias\/aerosmith-anuncia-edicion-ampliada-de-su-debut-homonimo\/#primaryimage\"},\"image\":{\"@id\":\"https:\/\/web.consaguirre.com.ar\/noticias\/aerosmith-anuncia-edicion-ampliada-de-su-debut-homonimo\/#primaryimage\"},\"thumbnailUrl\":\"https:\/\/web.consaguirre.com.ar\/noticias\/wp-content\/uploads\/2026\/01\/Aerosmith-anuncia-edicion-ampliada-de-su-debut-homonimo.jpg\",\"datePublished\":\"2026-01-27T14:38:48+00:00\",\"dateModified\":\"2026-01-27T14:38:48+00:00\",\"breadcrumb\":{\"@id\":\"https:\/\/web.consaguirre.com.ar\/noticias\/aerosmith-anuncia-edicion-ampliada-de-su-debut-homonimo\/#breadcrumb\"},\"inLanguage\":\"es-AR\",\"potentialAction\":[{\"@type\":\"ReadAction\",\"target\":[\"https:\/\/web.consaguirre.com.ar\/noticias\/aerosmith-anuncia-edicion-ampliada-de-su-debut-homonimo\/\"]}]},{\"@type\":\"ImageObject\",\"inLanguage\":\"es-AR\",\"@id\":\"https:\/\/web.consaguirre.com.ar\/noticias\/aerosmith-anuncia-edicion-ampliada-de-su-debut-homonimo\/#primaryimage\",\"url\":\"https:\/\/web.consaguirre.com.ar\/noticias\/wp-content\/uploads\/2026\/01\/Aerosmith-anuncia-edicion-ampliada-de-su-debut-homonimo.jpg\",\"contentUrl\":\"https:\/\/web.consaguirre.com.ar\/noticias\/wp-content\/uploads\/2026\/01\/Aerosmith-anuncia-edicion-ampliada-de-su-debut-homonimo.jpg\",\"width\":1000,\"height\":600,\"caption\":\"Aerosmith Legendary Edition\"},{\"@type\":\"BreadcrumbList\",\"@id\":\"https:\/\/web.consaguirre.com.ar\/noticias\/aerosmith-anuncia-edicion-ampliada-de-su-debut-homonimo\/#breadcrumb\",\"itemListElement\":[{\"@type\":\"ListItem\",\"position\":1,\"name\":\"Inicio\",\"item\":\"https:\/\/web.consaguirre.com.ar\/noticias\/\"},{\"@type\":\"ListItem\",\"position\":2,\"name\":\"Aerosmith anuncia edici\u00f3n ampliada de su debut hom\u00f3nimo\"}]},{\"@type\":\"WebSite\",\"@id\":\"https:\/\/web.consaguirre.com.ar\/noticias\/#website\",\"url\":\"https:\/\/web.consaguirre.com.ar\/noticias\/\",\"name\":\"Conservatorio de M\u00fasica Juli\u00e1n Aguirre\",\"description\":\"\",\"publisher\":{\"@id\":\"https:\/\/web.consaguirre.com.ar\/noticias\/#organization\"},\"potentialAction\":[{\"@type\":\"SearchAction\",\"target\":{\"@type\":\"EntryPoint\",\"urlTemplate\":\"https:\/\/web.consaguirre.com.ar\/noticias\/?s={search_term_string}\"},\"query-input\":\"required name=search_term_string\"}],\"inLanguage\":\"es-AR\"},{\"@type\":\"Organization\",\"@id\":\"https:\/\/web.consaguirre.com.ar\/noticias\/#organization\",\"name\":\"Conservatorio de M\u00fasica Juli\u00e1n Aguirre\",\"url\":\"https:\/\/web.consaguirre.com.ar\/noticias\/\",\"logo\":{\"@type\":\"ImageObject\",\"inLanguage\":\"es-AR\",\"@id\":\"https:\/\/web.consaguirre.com.ar\/noticias\/#\/schema\/logo\/image\/\",\"url\":\"https:\/\/web.consaguirre.com.ar\/noticias\/wp-content\/uploads\/2024\/08\/Banner-Aguirre-23.jpg\",\"contentUrl\":\"https:\/\/web.consaguirre.com.ar\/noticias\/wp-content\/uploads\/2024\/08\/Banner-Aguirre-23.jpg\",\"width\":1192,\"height\":600,\"caption\":\"Conservatorio de M\u00fasica Juli\u00e1n Aguirre\"},\"image\":{\"@id\":\"https:\/\/web.consaguirre.com.ar\/noticias\/#\/schema\/logo\/image\/\"}},{\"@type\":\"Person\",\"@id\":\"https:\/\/web.consaguirre.com.ar\/noticias\/#\/schema\/person\/6558b0cfedee7ddc5425602b237d5722\",\"name\":\"Javier Figueroa\",\"image\":{\"@type\":\"ImageObject\",\"inLanguage\":\"es-AR\",\"@id\":\"https:\/\/web.consaguirre.com.ar\/noticias\/#\/schema\/person\/image\/\",\"url\":\"https:\/\/web.consaguirre.com.ar\/noticias\/wp-content\/uploads\/2024\/08\/Consaguirre-scaled.jpg\",\"contentUrl\":\"https:\/\/web.consaguirre.com.ar\/noticias\/wp-content\/uploads\/2024\/08\/Consaguirre-scaled.jpg\",\"caption\":\"Javier Figueroa\"},\"description\":\"Me llamo Javier Figueroa y soy redactor para el sitio oficial del Conservatorio de M\u00fasica Juli\u00e1n Aguirre en Buenos Aires, consaguirre.com. Apasionado por la m\u00fasica y la escritura, me esfuerzo por destacar los talentos y eventos de nuestra prestigiosa instituci\u00f3n. Mi trayectoria se nutre de una profunda admiraci\u00f3n por los artistas, haciendo de cada art\u00edculo una celebraci\u00f3n de la creatividad y la cultura musical.\",\"sameAs\":[\"https:\/\/web.consaguirre.com.ar\/noticias\"]}]}<\/script>\n<!-- \/ Yoast SEO plugin. -->","yoast_head_json":{"title":"Aerosmith anuncia edici\u00f3n ampliada de su debut hom\u00f3nimo","robots":{"index":"index","follow":"follow","max-snippet":"max-snippet:-1","max-image-preview":"max-image-preview:large","max-video-preview":"max-video-preview:-1"},"canonical":"https:\/\/web.consaguirre.com.ar\/noticias\/aerosmith-anuncia-edicion-ampliada-de-su-debut-homonimo\/","og_locale":"es_ES","og_type":"article","og_title":"Aerosmith anuncia edici\u00f3n ampliada de su debut hom\u00f3nimo","og_description":"Aerosmith celebra cinco d\u00e9cadas de su debut hom\u00f3nimo con un nuevo paquete ampliado, remasterizado y remezclado. Aerosmith (edici\u00f3n legendaria) presenta pistas in\u00e9ditas, nuevas ilustraciones, fotograf\u00edas,","og_url":"https:\/\/web.consaguirre.com.ar\/noticias\/aerosmith-anuncia-edicion-ampliada-de-su-debut-homonimo\/","og_site_name":"Conservatorio de M\u00fasica Juli\u00e1n Aguirre","article_published_time":"2026-01-27T14:38:48+00:00","og_image":[{"width":1000,"height":600,"url":"https:\/\/web.consaguirre.com.ar\/noticias\/wp-content\/uploads\/2026\/01\/Aerosmith-anuncia-edicion-ampliada-de-su-debut-homonimo.jpg","type":"image\/jpeg"}],"author":"Javier Figueroa","twitter_card":"summary_large_image","twitter_misc":{"Escrito por":"Javier Figueroa","Tiempo de lectura":"4 minutos"},"schema":{"@context":"https:\/\/schema.org","@graph":[{"@type":"Article","@id":"https:\/\/web.consaguirre.com.ar\/noticias\/aerosmith-anuncia-edicion-ampliada-de-su-debut-homonimo\/#article","isPartOf":{"@id":"https:\/\/web.consaguirre.com.ar\/noticias\/aerosmith-anuncia-edicion-ampliada-de-su-debut-homonimo\/"},"author":{"name":"Javier Figueroa","@id":"https:\/\/web.consaguirre.com.ar\/noticias\/#\/schema\/person\/6558b0cfedee7ddc5425602b237d5722"},"headline":"Aerosmith anuncia edici\u00f3n ampliada de su debut hom\u00f3nimo","datePublished":"2026-01-27T14:38:48+00:00","dateModified":"2026-01-27T14:38:48+00:00","mainEntityOfPage":{"@id":"https:\/\/web.consaguirre.com.ar\/noticias\/aerosmith-anuncia-edicion-ampliada-de-su-debut-homonimo\/"},"wordCount":741,"publisher":{"@id":"https:\/\/web.consaguirre.com.ar\/noticias\/#organization"},"image":{"@id":"https:\/\/web.consaguirre.com.ar\/noticias\/aerosmith-anuncia-edicion-ampliada-de-su-debut-homonimo\/#primaryimage"},"thumbnailUrl":"https:\/\/web.consaguirre.com.ar\/noticias\/wp-content\/uploads\/2026\/01\/Aerosmith-anuncia-edicion-ampliada-de-su-debut-homonimo.jpg","keywords":["Aerosmith","ampliada","anuncia","debut","edici\u00f3n","hom\u00f3nimo"],"articleSection":["El \u00faltimo"],"inLanguage":"es-AR"},{"@type":"WebPage","@id":"https:\/\/web.consaguirre.com.ar\/noticias\/aerosmith-anuncia-edicion-ampliada-de-su-debut-homonimo\/","url":"https:\/\/web.consaguirre.com.ar\/noticias\/aerosmith-anuncia-edicion-ampliada-de-su-debut-homonimo\/","name":"Aerosmith anuncia edici\u00f3n ampliada de su debut hom\u00f3nimo","isPartOf":{"@id":"https:\/\/web.consaguirre.com.ar\/noticias\/#website"},"primaryImageOfPage":{"@id":"https:\/\/web.consaguirre.com.ar\/noticias\/aerosmith-anuncia-edicion-ampliada-de-su-debut-homonimo\/#primaryimage"},"image":{"@id":"https:\/\/web.consaguirre.com.ar\/noticias\/aerosmith-anuncia-edicion-ampliada-de-su-debut-homonimo\/#primaryimage"},"thumbnailUrl":"https:\/\/web.consaguirre.com.ar\/noticias\/wp-content\/uploads\/2026\/01\/Aerosmith-anuncia-edicion-ampliada-de-su-debut-homonimo.jpg","datePublished":"2026-01-27T14:38:48+00:00","dateModified":"2026-01-27T14:38:48+00:00","breadcrumb":{"@id":"https:\/\/web.consaguirre.com.ar\/noticias\/aerosmith-anuncia-edicion-ampliada-de-su-debut-homonimo\/#breadcrumb"},"inLanguage":"es-AR","potentialAction":[{"@type":"ReadAction","target":["https:\/\/web.consaguirre.com.ar\/noticias\/aerosmith-anuncia-edicion-ampliada-de-su-debut-homonimo\/"]}]},{"@type":"ImageObject","inLanguage":"es-AR","@id":"https:\/\/web.consaguirre.com.ar\/noticias\/aerosmith-anuncia-edicion-ampliada-de-su-debut-homonimo\/#primaryimage","url":"https:\/\/web.consaguirre.com.ar\/noticias\/wp-content\/uploads\/2026\/01\/Aerosmith-anuncia-edicion-ampliada-de-su-debut-homonimo.jpg","contentUrl":"https:\/\/web.consaguirre.com.ar\/noticias\/wp-content\/uploads\/2026\/01\/Aerosmith-anuncia-edicion-ampliada-de-su-debut-homonimo.jpg","width":1000,"height":600,"caption":"Aerosmith Legendary Edition"},{"@type":"BreadcrumbList","@id":"https:\/\/web.consaguirre.com.ar\/noticias\/aerosmith-anuncia-edicion-ampliada-de-su-debut-homonimo\/#breadcrumb","itemListElement":[{"@type":"ListItem","position":1,"name":"Inicio","item":"https:\/\/web.consaguirre.com.ar\/noticias\/"},{"@type":"ListItem","position":2,"name":"Aerosmith anuncia edici\u00f3n ampliada de su debut hom\u00f3nimo"}]},{"@type":"WebSite","@id":"https:\/\/web.consaguirre.com.ar\/noticias\/#website","url":"https:\/\/web.consaguirre.com.ar\/noticias\/","name":"Conservatorio de M\u00fasica Juli\u00e1n Aguirre","description":"","publisher":{"@id":"https:\/\/web.consaguirre.com.ar\/noticias\/#organization"},"potentialAction":[{"@type":"SearchAction","target":{"@type":"EntryPoint","urlTemplate":"https:\/\/web.consaguirre.com.ar\/noticias\/?s={search_term_string}"},"query-input":"required name=search_term_string"}],"inLanguage":"es-AR"},{"@type":"Organization","@id":"https:\/\/web.consaguirre.com.ar\/noticias\/#organization","name":"Conservatorio de M\u00fasica Juli\u00e1n Aguirre","url":"https:\/\/web.consaguirre.com.ar\/noticias\/","logo":{"@type":"ImageObject","inLanguage":"es-AR","@id":"https:\/\/web.consaguirre.com.ar\/noticias\/#\/schema\/logo\/image\/","url":"https:\/\/web.consaguirre.com.ar\/noticias\/wp-content\/uploads\/2024\/08\/Banner-Aguirre-23.jpg","contentUrl":"https:\/\/web.consaguirre.com.ar\/noticias\/wp-content\/uploads\/2024\/08\/Banner-Aguirre-23.jpg","width":1192,"height":600,"caption":"Conservatorio de M\u00fasica Juli\u00e1n Aguirre"},"image":{"@id":"https:\/\/web.consaguirre.com.ar\/noticias\/#\/schema\/logo\/image\/"}},{"@type":"Person","@id":"https:\/\/web.consaguirre.com.ar\/noticias\/#\/schema\/person\/6558b0cfedee7ddc5425602b237d5722","name":"Javier Figueroa","image":{"@type":"ImageObject","inLanguage":"es-AR","@id":"https:\/\/web.consaguirre.com.ar\/noticias\/#\/schema\/person\/image\/","url":"https:\/\/web.consaguirre.com.ar\/noticias\/wp-content\/uploads\/2024\/08\/Consaguirre-scaled.jpg","contentUrl":"https:\/\/web.consaguirre.com.ar\/noticias\/wp-content\/uploads\/2024\/08\/Consaguirre-scaled.jpg","caption":"Javier Figueroa"},"description":"Me llamo Javier Figueroa y soy redactor para el sitio oficial del Conservatorio de M\u00fasica Juli\u00e1n Aguirre en Buenos Aires, consaguirre.com. Apasionado por la m\u00fasica y la escritura, me esfuerzo por destacar los talentos y eventos de nuestra prestigiosa instituci\u00f3n. Mi trayectoria se nutre de una profunda admiraci\u00f3n por los artistas, haciendo de cada art\u00edculo una celebraci\u00f3n de la creatividad y la cultura musical.","sameAs":["https:\/\/web.consaguirre.com.ar\/noticias"]}]}},"_links":{"self":[{"href":"https:\/\/web.consaguirre.com.ar\/noticias\/wp-json\/wp\/v2\/posts\/4946"}],"collection":[{"href":"https:\/\/web.consaguirre.com.ar\/noticias\/wp-json\/wp\/v2\/posts"}],"about":[{"href":"https:\/\/web.consaguirre.com.ar\/noticias\/wp-json\/wp\/v2\/types\/post"}],"author":[{"embeddable":true,"href":"https:\/\/web.consaguirre.com.ar\/noticias\/wp-json\/wp\/v2\/users\/1"}],"replies":[{"embeddable":true,"href":"https:\/\/web.consaguirre.com.ar\/noticias\/wp-json\/wp\/v2\/comments?post=4946"}],"version-history":[{"count":1,"href":"https:\/\/web.consaguirre.com.ar\/noticias\/wp-json\/wp\/v2\/posts\/4946\/revisions"}],"predecessor-version":[{"id":4948,"href":"https:\/\/web.consaguirre.com.ar\/noticias\/wp-json\/wp\/v2\/posts\/4946\/revisions\/4948"}],"wp:featuredmedia":[{"embeddable":true,"href":"https:\/\/web.consaguirre.com.ar\/noticias\/wp-json\/wp\/v2\/media\/4947"}],"wp:attachment":[{"href":"https:\/\/web.consaguirre.com.ar\/noticias\/wp-json\/wp\/v2\/media?parent=4946"}],"wp:term":[{"taxonomy":"category","embeddable":true,"href":"https:\/\/web.consaguirre.com.ar\/noticias\/wp-json\/wp\/v2\/categories?post=4946"},{"taxonomy":"post_tag","embeddable":true,"href":"https:\/\/web.consaguirre.com.ar\/noticias\/wp-json\/wp\/v2\/tags?post=4946"}],"curies":[{"name":"wp","href":"https:\/\/api.w.org\/{rel}","templated":true}]}}