{"id":4935,"date":"2026-01-26T17:38:39","date_gmt":"2026-01-26T20:38:39","guid":{"rendered":"https:\/\/web.consaguirre.com.ar\/noticias\/sienna-spiro-lanza-video-de-su-gran-exito-die-on-this-hill\/"},"modified":"2026-01-26T17:38:40","modified_gmt":"2026-01-26T20:38:40","slug":"sienna-spiro-lanza-video-de-su-gran-exito-die-on-this-hill","status":"publish","type":"post","link":"https:\/\/web.consaguirre.com.ar\/noticias\/sienna-spiro-lanza-video-de-su-gran-exito-die-on-this-hill\/","title":{"rendered":"Sienna Spiro lanza v\u00eddeo de su gran \u00e9xito &#8216;Die On This Hill&#8217;"},"content":{"rendered":"<p>Tu pr\u00f3xima oportunidad de conectarte con Sienna Spiro est\u00e1 aqu\u00ed. La estrella en ascenso ha compartido el v\u00eddeo de su mayor \u00e9xito hasta el momento, la conmovedora balada de piano \u201cDie On This Hill\u201d, que hasta ahora ha ascendido al puesto 21 en Estados Unidos y al 9 en su Reino Unido natal.<\/p>\n<p>El fundador de Lyrical Lemonade, Cole Bennett, uno de los visionarios del v\u00eddeo m\u00e1s destacados de la \u00faltima d\u00e9cada, dirigi\u00f3 el clip en blanco y negro, que se estren\u00f3 en la p\u00e1gina de YouTube de Lyrical Lemonade. Bennett es conocido por su trabajo con artistas como Juice WRLD, Lil Yachty, Jack Harlow y Eminem, entre muchos otros.<\/p>\n<p>&#8220;Hacer nuevos amigos siempre es especial, pero trabajar con ellos es un privilegio&#8221;, dice Spiro sobre la experiencia. &#8220;Dar vida a este video me ense\u00f1\u00f3 mucho. Estoy muy agradecida por el amor que se ha mostrado hasta ahora en esta canci\u00f3n y por poder trabajar con un artista tan incre\u00edble como Cole, \u00a1a quien tambi\u00e9n puedo llamar amigo!&#8221;.<\/p>\n<div class=\"uD-YT-container\"><img decoding=\"async\" src=\"https:\/\/web.consaguirre.com.ar\/noticias\/wp-content\/uploads\/2026\/01\/Sienna-Spiro-lanza-video-de-su-gran-exito-Die-On.jpg\" alt=\"V\u00eddeo de YouTube\"><br \/>Haga clic para cargar v\u00eddeo<\/div>\n<p>\u201cInmediatamente me convert\u00ed en fan de Sienna, incluso antes de conocerla, pero una vez que nos hicimos buenos amigos, realmente entend\u00ed que ella es un talento \u00fanico en una generaci\u00f3n\u201d, agreg\u00f3 Bennett. &#8220;Ella me puso &#8216;Die On This Hill&#8217; un par de semanas antes de su lanzamiento y me dej\u00f3 alucinado. Seguimos dejando que la amistad creciera antes de comenzar a trabajar juntos. Gracias a eso pude entenderla m\u00e1s y c\u00f3mo quiere que su arte se comunique al mundo. Nunca hab\u00eda hecho un video para un artista pop como este, as\u00ed que todo era un territorio muy nuevo para m\u00ed. Estaba un poco nervioso, pero la emoci\u00f3n lo super\u00f3. Estoy incre\u00edblemente agradecida de haber podido trabajar con SIENNA. y espero hacer m\u00e1s\u201d.<\/p>\n<p>Spiro, quien primero construy\u00f3 su audiencia en TikTok, ha disfrutado de un gran \u00e9xito en los \u00faltimos a\u00f1os gracias al \u00e9xito de sencillos como \u201cMaybe\u201d, \u201cYou Stole The Show\u201d y ahora \u201cDie On This Hill\u201d. Est\u00e1 nominada al premio Critics&#8217; Choice Award en los BRIT Awards de este a\u00f1o y est\u00e1 preparada para un gran 2026.<\/p><\/p>\n","protected":false},"excerpt":{"rendered":"<p>Tu pr\u00f3xima oportunidad de conectarte con Sienna Spiro est\u00e1 aqu\u00ed. La estrella en ascenso ha compartido el v\u00eddeo de su mayor \u00e9xito hasta el momento,<\/p>\n","protected":false},"author":1,"featured_media":4843,"comment_status":"closed","ping_status":"","sticky":false,"template":"","format":"standard","meta":{"footnotes":""},"categories":[50],"tags":[1328,292,1102,198,218,3743,3744,202],"class_list":["post-4935","post","type-post","status-publish","format-standard","has-post-thumbnail","hentry","category-el-ultimo","tag-die","tag-exito","tag-gran","tag-hill","tag-lanza","tag-sienna","tag-spiro","tag-video","generate-columns","tablet-grid-50","mobile-grid-100","grid-parent","grid-50"],"yoast_head":"<!-- This site is optimized with the Yoast SEO plugin v23.3 - https:\/\/yoast.com\/wordpress\/plugins\/seo\/ -->\n<title>Sienna Spiro lanza v\u00eddeo de su gran \u00e9xito &#039;Die On This Hill&#039;<\/title>\n<meta name=\"robots\" content=\"index, follow, max-snippet:-1, max-image-preview:large, max-video-preview:-1\" \/>\n<link rel=\"canonical\" href=\"https:\/\/web.consaguirre.com.ar\/noticias\/sienna-spiro-lanza-video-de-su-gran-exito-die-on-this-hill\/\" \/>\n<meta property=\"og:locale\" content=\"es_ES\" \/>\n<meta property=\"og:type\" content=\"article\" \/>\n<meta property=\"og:title\" content=\"Sienna Spiro lanza v\u00eddeo de su gran \u00e9xito &#039;Die On This Hill&#039;\" \/>\n<meta property=\"og:description\" content=\"Tu pr\u00f3xima oportunidad de conectarte con Sienna Spiro est\u00e1 aqu\u00ed. La estrella en ascenso ha compartido el v\u00eddeo de su mayor \u00e9xito hasta el momento,\" \/>\n<meta property=\"og:url\" content=\"https:\/\/web.consaguirre.com.ar\/noticias\/sienna-spiro-lanza-video-de-su-gran-exito-die-on-this-hill\/\" \/>\n<meta property=\"og:site_name\" content=\"Conservatorio de M\u00fasica Juli\u00e1n Aguirre\" \/>\n<meta property=\"article:published_time\" content=\"2026-01-26T20:38:39+00:00\" \/>\n<meta property=\"article:modified_time\" content=\"2026-01-26T20:38:40+00:00\" \/>\n<meta property=\"og:image\" content=\"https:\/\/web.consaguirre.com.ar\/noticias\/wp-content\/uploads\/2026\/01\/1768531145_Sienna-Spiro-agota-las-entradas-para-la-gira-mundial-en.jpg\" \/>\n\t<meta property=\"og:image:width\" content=\"820\" \/>\n\t<meta property=\"og:image:height\" content=\"820\" \/>\n\t<meta property=\"og:image:type\" content=\"image\/jpeg\" \/>\n<meta name=\"author\" content=\"Javier Figueroa\" \/>\n<meta name=\"twitter:card\" content=\"summary_large_image\" \/>\n<meta name=\"twitter:label1\" content=\"Escrito por\" \/>\n\t<meta name=\"twitter:data1\" content=\"Javier Figueroa\" \/>\n\t<meta name=\"twitter:label2\" content=\"Tiempo de lectura\" \/>\n\t<meta name=\"twitter:data2\" content=\"2 minutos\" \/>\n<script type=\"application\/ld+json\" class=\"yoast-schema-graph\">{\"@context\":\"https:\/\/schema.org\",\"@graph\":[{\"@type\":\"Article\",\"@id\":\"https:\/\/web.consaguirre.com.ar\/noticias\/sienna-spiro-lanza-video-de-su-gran-exito-die-on-this-hill\/#article\",\"isPartOf\":{\"@id\":\"https:\/\/web.consaguirre.com.ar\/noticias\/sienna-spiro-lanza-video-de-su-gran-exito-die-on-this-hill\/\"},\"author\":{\"name\":\"Javier Figueroa\",\"@id\":\"https:\/\/web.consaguirre.com.ar\/noticias\/#\/schema\/person\/6558b0cfedee7ddc5425602b237d5722\"},\"headline\":\"Sienna Spiro lanza v\u00eddeo de su gran \u00e9xito &#8216;Die On This Hill&#8217;\",\"datePublished\":\"2026-01-26T20:38:39+00:00\",\"dateModified\":\"2026-01-26T20:38:40+00:00\",\"mainEntityOfPage\":{\"@id\":\"https:\/\/web.consaguirre.com.ar\/noticias\/sienna-spiro-lanza-video-de-su-gran-exito-die-on-this-hill\/\"},\"wordCount\":380,\"publisher\":{\"@id\":\"https:\/\/web.consaguirre.com.ar\/noticias\/#organization\"},\"image\":{\"@id\":\"https:\/\/web.consaguirre.com.ar\/noticias\/sienna-spiro-lanza-video-de-su-gran-exito-die-on-this-hill\/#primaryimage\"},\"thumbnailUrl\":\"https:\/\/web.consaguirre.com.ar\/noticias\/wp-content\/uploads\/2026\/01\/1768531145_Sienna-Spiro-agota-las-entradas-para-la-gira-mundial-en.jpg\",\"keywords\":[\"Die\",\"\u00e9xito\",\"Gran\",\"Hill\",\"lanza\",\"Sienna\",\"Spiro\",\"v\u00eddeo\"],\"articleSection\":[\"El \u00faltimo\"],\"inLanguage\":\"es-AR\"},{\"@type\":\"WebPage\",\"@id\":\"https:\/\/web.consaguirre.com.ar\/noticias\/sienna-spiro-lanza-video-de-su-gran-exito-die-on-this-hill\/\",\"url\":\"https:\/\/web.consaguirre.com.ar\/noticias\/sienna-spiro-lanza-video-de-su-gran-exito-die-on-this-hill\/\",\"name\":\"Sienna Spiro lanza v\u00eddeo de su gran \u00e9xito 'Die On This Hill'\",\"isPartOf\":{\"@id\":\"https:\/\/web.consaguirre.com.ar\/noticias\/#website\"},\"primaryImageOfPage\":{\"@id\":\"https:\/\/web.consaguirre.com.ar\/noticias\/sienna-spiro-lanza-video-de-su-gran-exito-die-on-this-hill\/#primaryimage\"},\"image\":{\"@id\":\"https:\/\/web.consaguirre.com.ar\/noticias\/sienna-spiro-lanza-video-de-su-gran-exito-die-on-this-hill\/#primaryimage\"},\"thumbnailUrl\":\"https:\/\/web.consaguirre.com.ar\/noticias\/wp-content\/uploads\/2026\/01\/1768531145_Sienna-Spiro-agota-las-entradas-para-la-gira-mundial-en.jpg\",\"datePublished\":\"2026-01-26T20:38:39+00:00\",\"dateModified\":\"2026-01-26T20:38:40+00:00\",\"breadcrumb\":{\"@id\":\"https:\/\/web.consaguirre.com.ar\/noticias\/sienna-spiro-lanza-video-de-su-gran-exito-die-on-this-hill\/#breadcrumb\"},\"inLanguage\":\"es-AR\",\"potentialAction\":[{\"@type\":\"ReadAction\",\"target\":[\"https:\/\/web.consaguirre.com.ar\/noticias\/sienna-spiro-lanza-video-de-su-gran-exito-die-on-this-hill\/\"]}]},{\"@type\":\"ImageObject\",\"inLanguage\":\"es-AR\",\"@id\":\"https:\/\/web.consaguirre.com.ar\/noticias\/sienna-spiro-lanza-video-de-su-gran-exito-die-on-this-hill\/#primaryimage\",\"url\":\"https:\/\/web.consaguirre.com.ar\/noticias\/wp-content\/uploads\/2026\/01\/1768531145_Sienna-Spiro-agota-las-entradas-para-la-gira-mundial-en.jpg\",\"contentUrl\":\"https:\/\/web.consaguirre.com.ar\/noticias\/wp-content\/uploads\/2026\/01\/1768531145_Sienna-Spiro-agota-las-entradas-para-la-gira-mundial-en.jpg\",\"width\":820,\"height\":820,\"caption\":\"Sienna Spiro agota las entradas para la gira mundial en segundos\"},{\"@type\":\"BreadcrumbList\",\"@id\":\"https:\/\/web.consaguirre.com.ar\/noticias\/sienna-spiro-lanza-video-de-su-gran-exito-die-on-this-hill\/#breadcrumb\",\"itemListElement\":[{\"@type\":\"ListItem\",\"position\":1,\"name\":\"Inicio\",\"item\":\"https:\/\/web.consaguirre.com.ar\/noticias\/\"},{\"@type\":\"ListItem\",\"position\":2,\"name\":\"Sienna Spiro lanza v\u00eddeo de su gran \u00e9xito &#8216;Die On This Hill&#8217;\"}]},{\"@type\":\"WebSite\",\"@id\":\"https:\/\/web.consaguirre.com.ar\/noticias\/#website\",\"url\":\"https:\/\/web.consaguirre.com.ar\/noticias\/\",\"name\":\"Conservatorio de M\u00fasica Juli\u00e1n Aguirre\",\"description\":\"\",\"publisher\":{\"@id\":\"https:\/\/web.consaguirre.com.ar\/noticias\/#organization\"},\"potentialAction\":[{\"@type\":\"SearchAction\",\"target\":{\"@type\":\"EntryPoint\",\"urlTemplate\":\"https:\/\/web.consaguirre.com.ar\/noticias\/?s={search_term_string}\"},\"query-input\":\"required name=search_term_string\"}],\"inLanguage\":\"es-AR\"},{\"@type\":\"Organization\",\"@id\":\"https:\/\/web.consaguirre.com.ar\/noticias\/#organization\",\"name\":\"Conservatorio de M\u00fasica Juli\u00e1n Aguirre\",\"url\":\"https:\/\/web.consaguirre.com.ar\/noticias\/\",\"logo\":{\"@type\":\"ImageObject\",\"inLanguage\":\"es-AR\",\"@id\":\"https:\/\/web.consaguirre.com.ar\/noticias\/#\/schema\/logo\/image\/\",\"url\":\"https:\/\/web.consaguirre.com.ar\/noticias\/wp-content\/uploads\/2024\/08\/Banner-Aguirre-23.jpg\",\"contentUrl\":\"https:\/\/web.consaguirre.com.ar\/noticias\/wp-content\/uploads\/2024\/08\/Banner-Aguirre-23.jpg\",\"width\":1192,\"height\":600,\"caption\":\"Conservatorio de M\u00fasica Juli\u00e1n Aguirre\"},\"image\":{\"@id\":\"https:\/\/web.consaguirre.com.ar\/noticias\/#\/schema\/logo\/image\/\"}},{\"@type\":\"Person\",\"@id\":\"https:\/\/web.consaguirre.com.ar\/noticias\/#\/schema\/person\/6558b0cfedee7ddc5425602b237d5722\",\"name\":\"Javier Figueroa\",\"image\":{\"@type\":\"ImageObject\",\"inLanguage\":\"es-AR\",\"@id\":\"https:\/\/web.consaguirre.com.ar\/noticias\/#\/schema\/person\/image\/\",\"url\":\"https:\/\/web.consaguirre.com.ar\/noticias\/wp-content\/uploads\/2024\/08\/Consaguirre-scaled.jpg\",\"contentUrl\":\"https:\/\/web.consaguirre.com.ar\/noticias\/wp-content\/uploads\/2024\/08\/Consaguirre-scaled.jpg\",\"caption\":\"Javier Figueroa\"},\"description\":\"Me llamo Javier Figueroa y soy redactor para el sitio oficial del Conservatorio de M\u00fasica Juli\u00e1n Aguirre en Buenos Aires, consaguirre.com. Apasionado por la m\u00fasica y la escritura, me esfuerzo por destacar los talentos y eventos de nuestra prestigiosa instituci\u00f3n. Mi trayectoria se nutre de una profunda admiraci\u00f3n por los artistas, haciendo de cada art\u00edculo una celebraci\u00f3n de la creatividad y la cultura musical.\",\"sameAs\":[\"https:\/\/web.consaguirre.com.ar\/noticias\"]}]}<\/script>\n<!-- \/ Yoast SEO plugin. -->","yoast_head_json":{"title":"Sienna Spiro lanza v\u00eddeo de su gran \u00e9xito 'Die On This Hill'","robots":{"index":"index","follow":"follow","max-snippet":"max-snippet:-1","max-image-preview":"max-image-preview:large","max-video-preview":"max-video-preview:-1"},"canonical":"https:\/\/web.consaguirre.com.ar\/noticias\/sienna-spiro-lanza-video-de-su-gran-exito-die-on-this-hill\/","og_locale":"es_ES","og_type":"article","og_title":"Sienna Spiro lanza v\u00eddeo de su gran \u00e9xito 'Die On This Hill'","og_description":"Tu pr\u00f3xima oportunidad de conectarte con Sienna Spiro est\u00e1 aqu\u00ed. La estrella en ascenso ha compartido el v\u00eddeo de su mayor \u00e9xito hasta el momento,","og_url":"https:\/\/web.consaguirre.com.ar\/noticias\/sienna-spiro-lanza-video-de-su-gran-exito-die-on-this-hill\/","og_site_name":"Conservatorio de M\u00fasica Juli\u00e1n Aguirre","article_published_time":"2026-01-26T20:38:39+00:00","article_modified_time":"2026-01-26T20:38:40+00:00","og_image":[{"width":820,"height":820,"url":"https:\/\/web.consaguirre.com.ar\/noticias\/wp-content\/uploads\/2026\/01\/1768531145_Sienna-Spiro-agota-las-entradas-para-la-gira-mundial-en.jpg","type":"image\/jpeg"}],"author":"Javier Figueroa","twitter_card":"summary_large_image","twitter_misc":{"Escrito por":"Javier Figueroa","Tiempo de lectura":"2 minutos"},"schema":{"@context":"https:\/\/schema.org","@graph":[{"@type":"Article","@id":"https:\/\/web.consaguirre.com.ar\/noticias\/sienna-spiro-lanza-video-de-su-gran-exito-die-on-this-hill\/#article","isPartOf":{"@id":"https:\/\/web.consaguirre.com.ar\/noticias\/sienna-spiro-lanza-video-de-su-gran-exito-die-on-this-hill\/"},"author":{"name":"Javier Figueroa","@id":"https:\/\/web.consaguirre.com.ar\/noticias\/#\/schema\/person\/6558b0cfedee7ddc5425602b237d5722"},"headline":"Sienna Spiro lanza v\u00eddeo de su gran \u00e9xito &#8216;Die On This Hill&#8217;","datePublished":"2026-01-26T20:38:39+00:00","dateModified":"2026-01-26T20:38:40+00:00","mainEntityOfPage":{"@id":"https:\/\/web.consaguirre.com.ar\/noticias\/sienna-spiro-lanza-video-de-su-gran-exito-die-on-this-hill\/"},"wordCount":380,"publisher":{"@id":"https:\/\/web.consaguirre.com.ar\/noticias\/#organization"},"image":{"@id":"https:\/\/web.consaguirre.com.ar\/noticias\/sienna-spiro-lanza-video-de-su-gran-exito-die-on-this-hill\/#primaryimage"},"thumbnailUrl":"https:\/\/web.consaguirre.com.ar\/noticias\/wp-content\/uploads\/2026\/01\/1768531145_Sienna-Spiro-agota-las-entradas-para-la-gira-mundial-en.jpg","keywords":["Die","\u00e9xito","Gran","Hill","lanza","Sienna","Spiro","v\u00eddeo"],"articleSection":["El \u00faltimo"],"inLanguage":"es-AR"},{"@type":"WebPage","@id":"https:\/\/web.consaguirre.com.ar\/noticias\/sienna-spiro-lanza-video-de-su-gran-exito-die-on-this-hill\/","url":"https:\/\/web.consaguirre.com.ar\/noticias\/sienna-spiro-lanza-video-de-su-gran-exito-die-on-this-hill\/","name":"Sienna Spiro lanza v\u00eddeo de su gran \u00e9xito 'Die On This Hill'","isPartOf":{"@id":"https:\/\/web.consaguirre.com.ar\/noticias\/#website"},"primaryImageOfPage":{"@id":"https:\/\/web.consaguirre.com.ar\/noticias\/sienna-spiro-lanza-video-de-su-gran-exito-die-on-this-hill\/#primaryimage"},"image":{"@id":"https:\/\/web.consaguirre.com.ar\/noticias\/sienna-spiro-lanza-video-de-su-gran-exito-die-on-this-hill\/#primaryimage"},"thumbnailUrl":"https:\/\/web.consaguirre.com.ar\/noticias\/wp-content\/uploads\/2026\/01\/1768531145_Sienna-Spiro-agota-las-entradas-para-la-gira-mundial-en.jpg","datePublished":"2026-01-26T20:38:39+00:00","dateModified":"2026-01-26T20:38:40+00:00","breadcrumb":{"@id":"https:\/\/web.consaguirre.com.ar\/noticias\/sienna-spiro-lanza-video-de-su-gran-exito-die-on-this-hill\/#breadcrumb"},"inLanguage":"es-AR","potentialAction":[{"@type":"ReadAction","target":["https:\/\/web.consaguirre.com.ar\/noticias\/sienna-spiro-lanza-video-de-su-gran-exito-die-on-this-hill\/"]}]},{"@type":"ImageObject","inLanguage":"es-AR","@id":"https:\/\/web.consaguirre.com.ar\/noticias\/sienna-spiro-lanza-video-de-su-gran-exito-die-on-this-hill\/#primaryimage","url":"https:\/\/web.consaguirre.com.ar\/noticias\/wp-content\/uploads\/2026\/01\/1768531145_Sienna-Spiro-agota-las-entradas-para-la-gira-mundial-en.jpg","contentUrl":"https:\/\/web.consaguirre.com.ar\/noticias\/wp-content\/uploads\/2026\/01\/1768531145_Sienna-Spiro-agota-las-entradas-para-la-gira-mundial-en.jpg","width":820,"height":820,"caption":"Sienna Spiro agota las entradas para la gira mundial en segundos"},{"@type":"BreadcrumbList","@id":"https:\/\/web.consaguirre.com.ar\/noticias\/sienna-spiro-lanza-video-de-su-gran-exito-die-on-this-hill\/#breadcrumb","itemListElement":[{"@type":"ListItem","position":1,"name":"Inicio","item":"https:\/\/web.consaguirre.com.ar\/noticias\/"},{"@type":"ListItem","position":2,"name":"Sienna Spiro lanza v\u00eddeo de su gran \u00e9xito &#8216;Die On This Hill&#8217;"}]},{"@type":"WebSite","@id":"https:\/\/web.consaguirre.com.ar\/noticias\/#website","url":"https:\/\/web.consaguirre.com.ar\/noticias\/","name":"Conservatorio de M\u00fasica Juli\u00e1n Aguirre","description":"","publisher":{"@id":"https:\/\/web.consaguirre.com.ar\/noticias\/#organization"},"potentialAction":[{"@type":"SearchAction","target":{"@type":"EntryPoint","urlTemplate":"https:\/\/web.consaguirre.com.ar\/noticias\/?s={search_term_string}"},"query-input":"required name=search_term_string"}],"inLanguage":"es-AR"},{"@type":"Organization","@id":"https:\/\/web.consaguirre.com.ar\/noticias\/#organization","name":"Conservatorio de M\u00fasica Juli\u00e1n Aguirre","url":"https:\/\/web.consaguirre.com.ar\/noticias\/","logo":{"@type":"ImageObject","inLanguage":"es-AR","@id":"https:\/\/web.consaguirre.com.ar\/noticias\/#\/schema\/logo\/image\/","url":"https:\/\/web.consaguirre.com.ar\/noticias\/wp-content\/uploads\/2024\/08\/Banner-Aguirre-23.jpg","contentUrl":"https:\/\/web.consaguirre.com.ar\/noticias\/wp-content\/uploads\/2024\/08\/Banner-Aguirre-23.jpg","width":1192,"height":600,"caption":"Conservatorio de M\u00fasica Juli\u00e1n Aguirre"},"image":{"@id":"https:\/\/web.consaguirre.com.ar\/noticias\/#\/schema\/logo\/image\/"}},{"@type":"Person","@id":"https:\/\/web.consaguirre.com.ar\/noticias\/#\/schema\/person\/6558b0cfedee7ddc5425602b237d5722","name":"Javier Figueroa","image":{"@type":"ImageObject","inLanguage":"es-AR","@id":"https:\/\/web.consaguirre.com.ar\/noticias\/#\/schema\/person\/image\/","url":"https:\/\/web.consaguirre.com.ar\/noticias\/wp-content\/uploads\/2024\/08\/Consaguirre-scaled.jpg","contentUrl":"https:\/\/web.consaguirre.com.ar\/noticias\/wp-content\/uploads\/2024\/08\/Consaguirre-scaled.jpg","caption":"Javier Figueroa"},"description":"Me llamo Javier Figueroa y soy redactor para el sitio oficial del Conservatorio de M\u00fasica Juli\u00e1n Aguirre en Buenos Aires, consaguirre.com. Apasionado por la m\u00fasica y la escritura, me esfuerzo por destacar los talentos y eventos de nuestra prestigiosa instituci\u00f3n. Mi trayectoria se nutre de una profunda admiraci\u00f3n por los artistas, haciendo de cada art\u00edculo una celebraci\u00f3n de la creatividad y la cultura musical.","sameAs":["https:\/\/web.consaguirre.com.ar\/noticias"]}]}},"_links":{"self":[{"href":"https:\/\/web.consaguirre.com.ar\/noticias\/wp-json\/wp\/v2\/posts\/4935"}],"collection":[{"href":"https:\/\/web.consaguirre.com.ar\/noticias\/wp-json\/wp\/v2\/posts"}],"about":[{"href":"https:\/\/web.consaguirre.com.ar\/noticias\/wp-json\/wp\/v2\/types\/post"}],"author":[{"embeddable":true,"href":"https:\/\/web.consaguirre.com.ar\/noticias\/wp-json\/wp\/v2\/users\/1"}],"replies":[{"embeddable":true,"href":"https:\/\/web.consaguirre.com.ar\/noticias\/wp-json\/wp\/v2\/comments?post=4935"}],"version-history":[{"count":1,"href":"https:\/\/web.consaguirre.com.ar\/noticias\/wp-json\/wp\/v2\/posts\/4935\/revisions"}],"predecessor-version":[{"id":4936,"href":"https:\/\/web.consaguirre.com.ar\/noticias\/wp-json\/wp\/v2\/posts\/4935\/revisions\/4936"}],"wp:featuredmedia":[{"embeddable":true,"href":"https:\/\/web.consaguirre.com.ar\/noticias\/wp-json\/wp\/v2\/media\/4843"}],"wp:attachment":[{"href":"https:\/\/web.consaguirre.com.ar\/noticias\/wp-json\/wp\/v2\/media?parent=4935"}],"wp:term":[{"taxonomy":"category","embeddable":true,"href":"https:\/\/web.consaguirre.com.ar\/noticias\/wp-json\/wp\/v2\/categories?post=4935"},{"taxonomy":"post_tag","embeddable":true,"href":"https:\/\/web.consaguirre.com.ar\/noticias\/wp-json\/wp\/v2\/tags?post=4935"}],"curies":[{"name":"wp","href":"https:\/\/api.w.org\/{rel}","templated":true}]}}