{"id":4906,"date":"2026-01-23T05:38:16","date_gmt":"2026-01-23T08:38:16","guid":{"rendered":"https:\/\/web.consaguirre.com.ar\/noticias\/noah-kahan-anuncia-regreso-con-el-sencillo-the-great-divide\/"},"modified":"2026-01-23T05:38:17","modified_gmt":"2026-01-23T08:38:17","slug":"noah-kahan-anuncia-regreso-con-el-sencillo-the-great-divide","status":"publish","type":"post","link":"https:\/\/web.consaguirre.com.ar\/noticias\/noah-kahan-anuncia-regreso-con-el-sencillo-the-great-divide\/","title":{"rendered":"Noah Kahan anuncia regreso con el sencillo &#8216;The Great Divide&#8217;"},"content":{"rendered":"<p>La temporada de palos casi ha terminado. Noah Kahan ha anunciado el amanecer de su pr\u00f3xima era, confirmando que su pr\u00f3ximo sencillo \u201cThe Great Divide\u201d se lanzar\u00e1 oficialmente el 30 de enero. El m\u00fasico confirm\u00f3 el lanzamiento de la canci\u00f3n con un video en Instagram, reproduciendo un par de l\u00edneas de la canci\u00f3n con clips de Kahan en el estudio y del paisaje rural de Nueva Inglaterra con el que est\u00e1 tan asociado. El video lleva el mensaje &#8220;cualquier cosa grandiosa vale la pena esperar&#8221;. La pista se puede guardar previamente ahora.<\/p>\n<p>Es posible que los fan\u00e1ticos de Kahan ya reconozcan \u201cThe Great Divide\u201d. El nativo de Vermont ha tocado la canci\u00f3n en shows en vivo desde 2024. Kahan dijo <em>GQ brit\u00e1nico<\/em> Ese mismo a\u00f1o la canci\u00f3n se inspir\u00f3 en una amistad en la que \u00e9l y el amigo fumaban y beb\u00edan en exceso, con la esperanza de ayudar a romper algunas de las barreras emocionales entre ellos, pero nunca lo hizo. &#8220;Hab\u00eda una atm\u00f3sfera de dolor donde est\u00e1bamos, pero nunca habl\u00e1bamos de eso debido al estigma de que no deber\u00edas ser un beb\u00e9 y hablar de sentimientos&#8221;, dijo Kahan sobre su crianza en Vermont.<\/p>\n<p>Esos temas de masculinidad y amistad son los que Kahan ha se\u00f1alado que explorar\u00e1 m\u00e1s en su pr\u00f3ximo \u00e1lbum, que a\u00fan no tiene fecha de lanzamiento oficial. Despu\u00e9s de la liberaci\u00f3n de <em>Temporada de palos<\/em> En 2022, los padres de Kahan se divorciaron, lo que tambi\u00e9n afect\u00f3 su vida y su trabajo. \u201cB\u00e1sicamente, esa fachada de que tus padres son sobrehumanos se desvanece y los ves como seres humanos con defectos\u201d, dijo. <em>GQ<\/em>.<\/p>\n<p>Aunque han pasado m\u00e1s de tres a\u00f1os desde el \u00faltimo \u00e1lbum de Kahan <em>Temporada de palos<\/em>el m\u00fasico se ha mantenido bastante ocupado. En 2023, lanz\u00f3 una versi\u00f3n ampliada del \u00e1lbum y otra versi\u00f3n ampliada del \u00e1lbum en 2024, con versiones reinventadas de las pistas con artistas invitados como Gracie Abrams y Post Malone. Kahan tambi\u00e9n realiz\u00f3 numerosas giras en The Stick Season Tour y The Stick Season (We&#8217;ll All Be Here Forever), que lo mantuvieron de gira desde 2022 hasta 2024. Kahan tambi\u00e9n fue nominado a Mejor Artista Nuevo en los Grammy de 2024 y nominado a Mejor Interpretaci\u00f3n de D\u00fao\/Grupo Country en 2025 por su d\u00fao \u201cCowboys Cry Too\u201d con Kelsea Ballerini.<\/p>\n<p><b>Guarde previamente \u201cThe Great Divide\u201d de Noah Kahan aqu\u00ed.<\/b><\/p>\n<p><script async src=\"\/\/www.instagram.com\/embed.js\"><\/script><\/p>\n","protected":false},"excerpt":{"rendered":"<p>La temporada de palos casi ha terminado. Noah Kahan ha anunciado el amanecer de su pr\u00f3xima era, confirmando que su pr\u00f3ximo sencillo \u201cThe Great Divide\u201d<\/p>\n","protected":false},"author":1,"featured_media":4907,"comment_status":"closed","ping_status":"","sticky":false,"template":"","format":"standard","meta":{"footnotes":""},"categories":[50],"tags":[56,32,3773,1649,55,54,1212,204],"class_list":["post-4906","post","type-post","status-publish","format-standard","has-post-thumbnail","hentry","category-el-ultimo","tag-anuncia","tag-con","tag-divide","tag-great","tag-kahan","tag-noah","tag-regreso","tag-sencillo","generate-columns","tablet-grid-50","mobile-grid-100","grid-parent","grid-50"],"yoast_head":"<!-- This site is optimized with the Yoast SEO plugin v23.3 - https:\/\/yoast.com\/wordpress\/plugins\/seo\/ -->\n<title>Noah Kahan anuncia regreso con el sencillo &#039;The Great Divide&#039;<\/title>\n<meta name=\"robots\" content=\"index, follow, max-snippet:-1, max-image-preview:large, max-video-preview:-1\" \/>\n<link rel=\"canonical\" href=\"https:\/\/web.consaguirre.com.ar\/noticias\/noah-kahan-anuncia-regreso-con-el-sencillo-the-great-divide\/\" \/>\n<meta property=\"og:locale\" content=\"es_ES\" \/>\n<meta property=\"og:type\" content=\"article\" \/>\n<meta property=\"og:title\" content=\"Noah Kahan anuncia regreso con el sencillo &#039;The Great Divide&#039;\" \/>\n<meta property=\"og:description\" content=\"La temporada de palos casi ha terminado. Noah Kahan ha anunciado el amanecer de su pr\u00f3xima era, confirmando que su pr\u00f3ximo sencillo \u201cThe Great Divide\u201d\" \/>\n<meta property=\"og:url\" content=\"https:\/\/web.consaguirre.com.ar\/noticias\/noah-kahan-anuncia-regreso-con-el-sencillo-the-great-divide\/\" \/>\n<meta property=\"og:site_name\" content=\"Conservatorio de M\u00fasica Juli\u00e1n Aguirre\" \/>\n<meta property=\"article:published_time\" content=\"2026-01-23T08:38:16+00:00\" \/>\n<meta property=\"article:modified_time\" content=\"2026-01-23T08:38:17+00:00\" \/>\n<meta property=\"og:image\" content=\"https:\/\/web.consaguirre.com.ar\/noticias\/wp-content\/uploads\/2026\/01\/Noah-Kahan-anuncia-regreso-con-el-sencillo-The-Great-Divide.jpg\" \/>\n\t<meta property=\"og:image:width\" content=\"1000\" \/>\n\t<meta property=\"og:image:height\" content=\"600\" \/>\n\t<meta property=\"og:image:type\" content=\"image\/jpeg\" \/>\n<meta name=\"author\" content=\"Javier Figueroa\" \/>\n<meta name=\"twitter:card\" content=\"summary_large_image\" \/>\n<meta name=\"twitter:label1\" content=\"Escrito por\" \/>\n\t<meta name=\"twitter:data1\" content=\"Javier Figueroa\" \/>\n\t<meta name=\"twitter:label2\" content=\"Tiempo de lectura\" \/>\n\t<meta name=\"twitter:data2\" content=\"2 minutos\" \/>\n<script type=\"application\/ld+json\" class=\"yoast-schema-graph\">{\"@context\":\"https:\/\/schema.org\",\"@graph\":[{\"@type\":\"Article\",\"@id\":\"https:\/\/web.consaguirre.com.ar\/noticias\/noah-kahan-anuncia-regreso-con-el-sencillo-the-great-divide\/#article\",\"isPartOf\":{\"@id\":\"https:\/\/web.consaguirre.com.ar\/noticias\/noah-kahan-anuncia-regreso-con-el-sencillo-the-great-divide\/\"},\"author\":{\"name\":\"Javier Figueroa\",\"@id\":\"https:\/\/web.consaguirre.com.ar\/noticias\/#\/schema\/person\/6558b0cfedee7ddc5425602b237d5722\"},\"headline\":\"Noah Kahan anuncia regreso con el sencillo &#8216;The Great Divide&#8217;\",\"datePublished\":\"2026-01-23T08:38:16+00:00\",\"dateModified\":\"2026-01-23T08:38:17+00:00\",\"mainEntityOfPage\":{\"@id\":\"https:\/\/web.consaguirre.com.ar\/noticias\/noah-kahan-anuncia-regreso-con-el-sencillo-the-great-divide\/\"},\"wordCount\":428,\"publisher\":{\"@id\":\"https:\/\/web.consaguirre.com.ar\/noticias\/#organization\"},\"image\":{\"@id\":\"https:\/\/web.consaguirre.com.ar\/noticias\/noah-kahan-anuncia-regreso-con-el-sencillo-the-great-divide\/#primaryimage\"},\"thumbnailUrl\":\"https:\/\/web.consaguirre.com.ar\/noticias\/wp-content\/uploads\/2026\/01\/Noah-Kahan-anuncia-regreso-con-el-sencillo-The-Great-Divide.jpg\",\"keywords\":[\"anuncia\",\"con\",\"Divide\",\"Great\",\"Kahan\",\"Noah\",\"regreso\",\"sencillo\"],\"articleSection\":[\"El \u00faltimo\"],\"inLanguage\":\"es-AR\"},{\"@type\":\"WebPage\",\"@id\":\"https:\/\/web.consaguirre.com.ar\/noticias\/noah-kahan-anuncia-regreso-con-el-sencillo-the-great-divide\/\",\"url\":\"https:\/\/web.consaguirre.com.ar\/noticias\/noah-kahan-anuncia-regreso-con-el-sencillo-the-great-divide\/\",\"name\":\"Noah Kahan anuncia regreso con el sencillo 'The Great Divide'\",\"isPartOf\":{\"@id\":\"https:\/\/web.consaguirre.com.ar\/noticias\/#website\"},\"primaryImageOfPage\":{\"@id\":\"https:\/\/web.consaguirre.com.ar\/noticias\/noah-kahan-anuncia-regreso-con-el-sencillo-the-great-divide\/#primaryimage\"},\"image\":{\"@id\":\"https:\/\/web.consaguirre.com.ar\/noticias\/noah-kahan-anuncia-regreso-con-el-sencillo-the-great-divide\/#primaryimage\"},\"thumbnailUrl\":\"https:\/\/web.consaguirre.com.ar\/noticias\/wp-content\/uploads\/2026\/01\/Noah-Kahan-anuncia-regreso-con-el-sencillo-The-Great-Divide.jpg\",\"datePublished\":\"2026-01-23T08:38:16+00:00\",\"dateModified\":\"2026-01-23T08:38:17+00:00\",\"breadcrumb\":{\"@id\":\"https:\/\/web.consaguirre.com.ar\/noticias\/noah-kahan-anuncia-regreso-con-el-sencillo-the-great-divide\/#breadcrumb\"},\"inLanguage\":\"es-AR\",\"potentialAction\":[{\"@type\":\"ReadAction\",\"target\":[\"https:\/\/web.consaguirre.com.ar\/noticias\/noah-kahan-anuncia-regreso-con-el-sencillo-the-great-divide\/\"]}]},{\"@type\":\"ImageObject\",\"inLanguage\":\"es-AR\",\"@id\":\"https:\/\/web.consaguirre.com.ar\/noticias\/noah-kahan-anuncia-regreso-con-el-sencillo-the-great-divide\/#primaryimage\",\"url\":\"https:\/\/web.consaguirre.com.ar\/noticias\/wp-content\/uploads\/2026\/01\/Noah-Kahan-anuncia-regreso-con-el-sencillo-The-Great-Divide.jpg\",\"contentUrl\":\"https:\/\/web.consaguirre.com.ar\/noticias\/wp-content\/uploads\/2026\/01\/Noah-Kahan-anuncia-regreso-con-el-sencillo-The-Great-Divide.jpg\",\"width\":1000,\"height\":600,\"caption\":\"Noah Kahan photo by Patrick McCormack\"},{\"@type\":\"BreadcrumbList\",\"@id\":\"https:\/\/web.consaguirre.com.ar\/noticias\/noah-kahan-anuncia-regreso-con-el-sencillo-the-great-divide\/#breadcrumb\",\"itemListElement\":[{\"@type\":\"ListItem\",\"position\":1,\"name\":\"Inicio\",\"item\":\"https:\/\/web.consaguirre.com.ar\/noticias\/\"},{\"@type\":\"ListItem\",\"position\":2,\"name\":\"Noah Kahan anuncia regreso con el sencillo &#8216;The Great Divide&#8217;\"}]},{\"@type\":\"WebSite\",\"@id\":\"https:\/\/web.consaguirre.com.ar\/noticias\/#website\",\"url\":\"https:\/\/web.consaguirre.com.ar\/noticias\/\",\"name\":\"Conservatorio de M\u00fasica Juli\u00e1n Aguirre\",\"description\":\"\",\"publisher\":{\"@id\":\"https:\/\/web.consaguirre.com.ar\/noticias\/#organization\"},\"potentialAction\":[{\"@type\":\"SearchAction\",\"target\":{\"@type\":\"EntryPoint\",\"urlTemplate\":\"https:\/\/web.consaguirre.com.ar\/noticias\/?s={search_term_string}\"},\"query-input\":\"required name=search_term_string\"}],\"inLanguage\":\"es-AR\"},{\"@type\":\"Organization\",\"@id\":\"https:\/\/web.consaguirre.com.ar\/noticias\/#organization\",\"name\":\"Conservatorio de M\u00fasica Juli\u00e1n Aguirre\",\"url\":\"https:\/\/web.consaguirre.com.ar\/noticias\/\",\"logo\":{\"@type\":\"ImageObject\",\"inLanguage\":\"es-AR\",\"@id\":\"https:\/\/web.consaguirre.com.ar\/noticias\/#\/schema\/logo\/image\/\",\"url\":\"https:\/\/web.consaguirre.com.ar\/noticias\/wp-content\/uploads\/2024\/08\/Banner-Aguirre-23.jpg\",\"contentUrl\":\"https:\/\/web.consaguirre.com.ar\/noticias\/wp-content\/uploads\/2024\/08\/Banner-Aguirre-23.jpg\",\"width\":1192,\"height\":600,\"caption\":\"Conservatorio de M\u00fasica Juli\u00e1n Aguirre\"},\"image\":{\"@id\":\"https:\/\/web.consaguirre.com.ar\/noticias\/#\/schema\/logo\/image\/\"}},{\"@type\":\"Person\",\"@id\":\"https:\/\/web.consaguirre.com.ar\/noticias\/#\/schema\/person\/6558b0cfedee7ddc5425602b237d5722\",\"name\":\"Javier Figueroa\",\"image\":{\"@type\":\"ImageObject\",\"inLanguage\":\"es-AR\",\"@id\":\"https:\/\/web.consaguirre.com.ar\/noticias\/#\/schema\/person\/image\/\",\"url\":\"https:\/\/web.consaguirre.com.ar\/noticias\/wp-content\/uploads\/2024\/08\/Consaguirre-scaled.jpg\",\"contentUrl\":\"https:\/\/web.consaguirre.com.ar\/noticias\/wp-content\/uploads\/2024\/08\/Consaguirre-scaled.jpg\",\"caption\":\"Javier Figueroa\"},\"description\":\"Me llamo Javier Figueroa y soy redactor para el sitio oficial del Conservatorio de M\u00fasica Juli\u00e1n Aguirre en Buenos Aires, consaguirre.com. Apasionado por la m\u00fasica y la escritura, me esfuerzo por destacar los talentos y eventos de nuestra prestigiosa instituci\u00f3n. Mi trayectoria se nutre de una profunda admiraci\u00f3n por los artistas, haciendo de cada art\u00edculo una celebraci\u00f3n de la creatividad y la cultura musical.\",\"sameAs\":[\"https:\/\/web.consaguirre.com.ar\/noticias\"]}]}<\/script>\n<!-- \/ Yoast SEO plugin. -->","yoast_head_json":{"title":"Noah Kahan anuncia regreso con el sencillo 'The Great Divide'","robots":{"index":"index","follow":"follow","max-snippet":"max-snippet:-1","max-image-preview":"max-image-preview:large","max-video-preview":"max-video-preview:-1"},"canonical":"https:\/\/web.consaguirre.com.ar\/noticias\/noah-kahan-anuncia-regreso-con-el-sencillo-the-great-divide\/","og_locale":"es_ES","og_type":"article","og_title":"Noah Kahan anuncia regreso con el sencillo 'The Great Divide'","og_description":"La temporada de palos casi ha terminado. Noah Kahan ha anunciado el amanecer de su pr\u00f3xima era, confirmando que su pr\u00f3ximo sencillo \u201cThe Great Divide\u201d","og_url":"https:\/\/web.consaguirre.com.ar\/noticias\/noah-kahan-anuncia-regreso-con-el-sencillo-the-great-divide\/","og_site_name":"Conservatorio de M\u00fasica Juli\u00e1n Aguirre","article_published_time":"2026-01-23T08:38:16+00:00","article_modified_time":"2026-01-23T08:38:17+00:00","og_image":[{"width":1000,"height":600,"url":"https:\/\/web.consaguirre.com.ar\/noticias\/wp-content\/uploads\/2026\/01\/Noah-Kahan-anuncia-regreso-con-el-sencillo-The-Great-Divide.jpg","type":"image\/jpeg"}],"author":"Javier Figueroa","twitter_card":"summary_large_image","twitter_misc":{"Escrito por":"Javier Figueroa","Tiempo de lectura":"2 minutos"},"schema":{"@context":"https:\/\/schema.org","@graph":[{"@type":"Article","@id":"https:\/\/web.consaguirre.com.ar\/noticias\/noah-kahan-anuncia-regreso-con-el-sencillo-the-great-divide\/#article","isPartOf":{"@id":"https:\/\/web.consaguirre.com.ar\/noticias\/noah-kahan-anuncia-regreso-con-el-sencillo-the-great-divide\/"},"author":{"name":"Javier Figueroa","@id":"https:\/\/web.consaguirre.com.ar\/noticias\/#\/schema\/person\/6558b0cfedee7ddc5425602b237d5722"},"headline":"Noah Kahan anuncia regreso con el sencillo &#8216;The Great Divide&#8217;","datePublished":"2026-01-23T08:38:16+00:00","dateModified":"2026-01-23T08:38:17+00:00","mainEntityOfPage":{"@id":"https:\/\/web.consaguirre.com.ar\/noticias\/noah-kahan-anuncia-regreso-con-el-sencillo-the-great-divide\/"},"wordCount":428,"publisher":{"@id":"https:\/\/web.consaguirre.com.ar\/noticias\/#organization"},"image":{"@id":"https:\/\/web.consaguirre.com.ar\/noticias\/noah-kahan-anuncia-regreso-con-el-sencillo-the-great-divide\/#primaryimage"},"thumbnailUrl":"https:\/\/web.consaguirre.com.ar\/noticias\/wp-content\/uploads\/2026\/01\/Noah-Kahan-anuncia-regreso-con-el-sencillo-The-Great-Divide.jpg","keywords":["anuncia","con","Divide","Great","Kahan","Noah","regreso","sencillo"],"articleSection":["El \u00faltimo"],"inLanguage":"es-AR"},{"@type":"WebPage","@id":"https:\/\/web.consaguirre.com.ar\/noticias\/noah-kahan-anuncia-regreso-con-el-sencillo-the-great-divide\/","url":"https:\/\/web.consaguirre.com.ar\/noticias\/noah-kahan-anuncia-regreso-con-el-sencillo-the-great-divide\/","name":"Noah Kahan anuncia regreso con el sencillo 'The Great Divide'","isPartOf":{"@id":"https:\/\/web.consaguirre.com.ar\/noticias\/#website"},"primaryImageOfPage":{"@id":"https:\/\/web.consaguirre.com.ar\/noticias\/noah-kahan-anuncia-regreso-con-el-sencillo-the-great-divide\/#primaryimage"},"image":{"@id":"https:\/\/web.consaguirre.com.ar\/noticias\/noah-kahan-anuncia-regreso-con-el-sencillo-the-great-divide\/#primaryimage"},"thumbnailUrl":"https:\/\/web.consaguirre.com.ar\/noticias\/wp-content\/uploads\/2026\/01\/Noah-Kahan-anuncia-regreso-con-el-sencillo-The-Great-Divide.jpg","datePublished":"2026-01-23T08:38:16+00:00","dateModified":"2026-01-23T08:38:17+00:00","breadcrumb":{"@id":"https:\/\/web.consaguirre.com.ar\/noticias\/noah-kahan-anuncia-regreso-con-el-sencillo-the-great-divide\/#breadcrumb"},"inLanguage":"es-AR","potentialAction":[{"@type":"ReadAction","target":["https:\/\/web.consaguirre.com.ar\/noticias\/noah-kahan-anuncia-regreso-con-el-sencillo-the-great-divide\/"]}]},{"@type":"ImageObject","inLanguage":"es-AR","@id":"https:\/\/web.consaguirre.com.ar\/noticias\/noah-kahan-anuncia-regreso-con-el-sencillo-the-great-divide\/#primaryimage","url":"https:\/\/web.consaguirre.com.ar\/noticias\/wp-content\/uploads\/2026\/01\/Noah-Kahan-anuncia-regreso-con-el-sencillo-The-Great-Divide.jpg","contentUrl":"https:\/\/web.consaguirre.com.ar\/noticias\/wp-content\/uploads\/2026\/01\/Noah-Kahan-anuncia-regreso-con-el-sencillo-The-Great-Divide.jpg","width":1000,"height":600,"caption":"Noah Kahan photo by Patrick McCormack"},{"@type":"BreadcrumbList","@id":"https:\/\/web.consaguirre.com.ar\/noticias\/noah-kahan-anuncia-regreso-con-el-sencillo-the-great-divide\/#breadcrumb","itemListElement":[{"@type":"ListItem","position":1,"name":"Inicio","item":"https:\/\/web.consaguirre.com.ar\/noticias\/"},{"@type":"ListItem","position":2,"name":"Noah Kahan anuncia regreso con el sencillo &#8216;The Great Divide&#8217;"}]},{"@type":"WebSite","@id":"https:\/\/web.consaguirre.com.ar\/noticias\/#website","url":"https:\/\/web.consaguirre.com.ar\/noticias\/","name":"Conservatorio de M\u00fasica Juli\u00e1n Aguirre","description":"","publisher":{"@id":"https:\/\/web.consaguirre.com.ar\/noticias\/#organization"},"potentialAction":[{"@type":"SearchAction","target":{"@type":"EntryPoint","urlTemplate":"https:\/\/web.consaguirre.com.ar\/noticias\/?s={search_term_string}"},"query-input":"required name=search_term_string"}],"inLanguage":"es-AR"},{"@type":"Organization","@id":"https:\/\/web.consaguirre.com.ar\/noticias\/#organization","name":"Conservatorio de M\u00fasica Juli\u00e1n Aguirre","url":"https:\/\/web.consaguirre.com.ar\/noticias\/","logo":{"@type":"ImageObject","inLanguage":"es-AR","@id":"https:\/\/web.consaguirre.com.ar\/noticias\/#\/schema\/logo\/image\/","url":"https:\/\/web.consaguirre.com.ar\/noticias\/wp-content\/uploads\/2024\/08\/Banner-Aguirre-23.jpg","contentUrl":"https:\/\/web.consaguirre.com.ar\/noticias\/wp-content\/uploads\/2024\/08\/Banner-Aguirre-23.jpg","width":1192,"height":600,"caption":"Conservatorio de M\u00fasica Juli\u00e1n Aguirre"},"image":{"@id":"https:\/\/web.consaguirre.com.ar\/noticias\/#\/schema\/logo\/image\/"}},{"@type":"Person","@id":"https:\/\/web.consaguirre.com.ar\/noticias\/#\/schema\/person\/6558b0cfedee7ddc5425602b237d5722","name":"Javier Figueroa","image":{"@type":"ImageObject","inLanguage":"es-AR","@id":"https:\/\/web.consaguirre.com.ar\/noticias\/#\/schema\/person\/image\/","url":"https:\/\/web.consaguirre.com.ar\/noticias\/wp-content\/uploads\/2024\/08\/Consaguirre-scaled.jpg","contentUrl":"https:\/\/web.consaguirre.com.ar\/noticias\/wp-content\/uploads\/2024\/08\/Consaguirre-scaled.jpg","caption":"Javier Figueroa"},"description":"Me llamo Javier Figueroa y soy redactor para el sitio oficial del Conservatorio de M\u00fasica Juli\u00e1n Aguirre en Buenos Aires, consaguirre.com. Apasionado por la m\u00fasica y la escritura, me esfuerzo por destacar los talentos y eventos de nuestra prestigiosa instituci\u00f3n. Mi trayectoria se nutre de una profunda admiraci\u00f3n por los artistas, haciendo de cada art\u00edculo una celebraci\u00f3n de la creatividad y la cultura musical.","sameAs":["https:\/\/web.consaguirre.com.ar\/noticias"]}]}},"_links":{"self":[{"href":"https:\/\/web.consaguirre.com.ar\/noticias\/wp-json\/wp\/v2\/posts\/4906"}],"collection":[{"href":"https:\/\/web.consaguirre.com.ar\/noticias\/wp-json\/wp\/v2\/posts"}],"about":[{"href":"https:\/\/web.consaguirre.com.ar\/noticias\/wp-json\/wp\/v2\/types\/post"}],"author":[{"embeddable":true,"href":"https:\/\/web.consaguirre.com.ar\/noticias\/wp-json\/wp\/v2\/users\/1"}],"replies":[{"embeddable":true,"href":"https:\/\/web.consaguirre.com.ar\/noticias\/wp-json\/wp\/v2\/comments?post=4906"}],"version-history":[{"count":1,"href":"https:\/\/web.consaguirre.com.ar\/noticias\/wp-json\/wp\/v2\/posts\/4906\/revisions"}],"predecessor-version":[{"id":4908,"href":"https:\/\/web.consaguirre.com.ar\/noticias\/wp-json\/wp\/v2\/posts\/4906\/revisions\/4908"}],"wp:featuredmedia":[{"embeddable":true,"href":"https:\/\/web.consaguirre.com.ar\/noticias\/wp-json\/wp\/v2\/media\/4907"}],"wp:attachment":[{"href":"https:\/\/web.consaguirre.com.ar\/noticias\/wp-json\/wp\/v2\/media?parent=4906"}],"wp:term":[{"taxonomy":"category","embeddable":true,"href":"https:\/\/web.consaguirre.com.ar\/noticias\/wp-json\/wp\/v2\/categories?post=4906"},{"taxonomy":"post_tag","embeddable":true,"href":"https:\/\/web.consaguirre.com.ar\/noticias\/wp-json\/wp\/v2\/tags?post=4906"}],"curies":[{"name":"wp","href":"https:\/\/api.w.org\/{rel}","templated":true}]}}