{"id":4897,"date":"2026-01-22T20:38:59","date_gmt":"2026-01-22T23:38:59","guid":{"rendered":"https:\/\/web.consaguirre.com.ar\/noticias\/verve-records-celebra-70-anos-con-una-lista-de-lanzamientos-exclusivos\/"},"modified":"2026-01-22T20:39:04","modified_gmt":"2026-01-22T23:39:04","slug":"verve-records-celebra-70-anos-con-una-lista-de-lanzamientos-exclusivos","status":"publish","type":"post","link":"https:\/\/web.consaguirre.com.ar\/noticias\/verve-records-celebra-70-anos-con-una-lista-de-lanzamientos-exclusivos\/","title":{"rendered":"Verve Records celebra 70 a\u00f1os con una lista de lanzamientos exclusivos"},"content":{"rendered":"<p>El sello ic\u00f3nico Verve Records celebra su 70 aniversario en 2026 y lo hace con estilo. El sello inici\u00f3 oficialmente la celebraci\u00f3n hoy y marcar\u00e1 la ocasi\u00f3n con una lista exclusiva de eventos y lanzamientos de m\u00fasica nueva y en vivo durante todo el a\u00f1o.<\/p>\n<p>Fundada en 1956 para resaltar los talentos de Ella Fitzgerald, el trabajo de la Reina del Jazz se destacar\u00e1 una vez m\u00e1s para la celebraci\u00f3n del 70 aniversario. El sello volver\u00e1 a lanzar <em>Ella Fitzgerald canta el cancionero de Cole Porter<\/em>su primer lanzamiento en Verve Records, el 22 de mayo como un LP doble de 32 pistas. El 17 de abril, Verve estrenar\u00e1 el in\u00e9dito <em>En vivo en Baker&#8217;s Keyboard Lounge<\/em> de \u00d3scar Peterson. Grabado en 1960 en Detroit, el proyecto fue concebido como un \u00e1lbum en vivo, pero nunca se comparti\u00f3 con el mundo, hasta ahora.<\/p>\n<p>A lo largo de 2026, Verve tambi\u00e9n continuar\u00e1 con su serie Acoustic Sounds, que se lanz\u00f3 por primera vez en 2020. La serie, que ofrece producciones de nivel audi\u00f3filo de algunos de los mejores \u00e1lbumes de jazz de la historia, compartir\u00e1 proyectos de artistas como Stan Getz, Astrud Gilberto, Grant Green, Lee Konitz, Jimmy Smith y Wes Montgomery durante todo el a\u00f1o. Verve Vault, que se lanz\u00f3 el a\u00f1o pasado, tambi\u00e9n continuar\u00e1 con lanzamientos de Cannonball Adderley, Art Blakey, Marcos Valle, George Benson, Bill Evans, Ahmad Jamal y Billy Mitchel, entre otros. Finalmente, los miembros de Verve Record Club tambi\u00e9n podr\u00e1n esperar lanzamientos como el de Sarah Vaughan. <em>cerca de ti<\/em> en marzo y el de Anita O&#8217;Day <em>\u00a1Incomparable!<\/em> en octubre.<\/p>\n<div class=\"uD-YT-container\"><img decoding=\"async\" src=\"https:\/\/web.consaguirre.com.ar\/noticias\/wp-content\/uploads\/2026\/01\/1769125139_779_Verve-Records-celebra-70-anos-con-una-lista-de-lanzamientos.jpg\" alt=\"V\u00eddeo de YouTube\"><br \/>Haga clic para cargar v\u00eddeo<\/div>\n<p>&#8220;Estamos realmente emocionados de celebrar los 70 a\u00f1os de Verve Records. Desde 1956, Verve ha sido el orgulloso hogar de artistas en lo m\u00e1s alto de su oficio; desde Ella Fitzgerald, Louis Armstrong y Velvet Underground, hasta la rica lista de talentos actuales como Diana Krall, Jon Batiste, Samara Joy y Kurt Vile, por nombrar solo algunos&#8221;, dice el presidente y director ejecutivo de Verve Label Group, Jamie Krents. &#8220;Es un honor poder compartir la m\u00fasica y las historias de estos artistas verdaderamente incomparables, y esperamos celebrarlos a ellos y a la historia de nuestro sello durante todo el a\u00f1o&#8221;.<\/p>\n<p>Algunos de los nuevos talentos de Verve tambi\u00e9n se han unido a la celebraci\u00f3n. &#8220;Ser artista discogr\u00e1fica de Verve ha cambiado la trayectoria de mi vida. Estoy incre\u00edblemente agradecida por el equipo y su apoyo inquebrantable en cada fase de mi carrera hasta el momento y espero con ansias a\u00f1os m\u00e1s fruct\u00edferos por delante&#8221;, dice la reciente ganadora del Grammy al Mejor Artista Nuevo, Samara Joy. El cantante, compositor y productor Arooj Aftab a\u00f1ade: &#8220;Estoy extremadamente orgulloso de estar en Verve, un sello que se convirti\u00f3 en sin\u00f3nimo de algunos de los nombres m\u00e1s importantes de la m\u00fasica. Me alegra verlos seguir construyendo nuevos artistas legados, honrando a personas con alma, integridad y creatividad poco convencional dentro de la m\u00fasica&#8221;.<\/p>\n<p><b>Explora la tienda oficial de Verve que ofrece productos y lanzamientos exclusivos del legendario sello.<\/b><\/p>\n","protected":false},"excerpt":{"rendered":"<p>El sello ic\u00f3nico Verve Records celebra su 70 aniversario en 2026 y lo hace con estilo. El sello inici\u00f3 oficialmente la celebraci\u00f3n hoy y marcar\u00e1<\/p>\n","protected":false},"author":1,"featured_media":4898,"comment_status":"closed","ping_status":"","sticky":false,"template":"","format":"standard","meta":{"footnotes":""},"categories":[50],"tags":[115,114,32,1163,716,286,256,191,1182],"class_list":["post-4897","post","type-post","status-publish","format-standard","has-post-thumbnail","hentry","category-el-ultimo","tag-anos","tag-celebra","tag-con","tag-exclusivos","tag-lanzamientos","tag-lista","tag-records","tag-una","tag-verve","generate-columns","tablet-grid-50","mobile-grid-100","grid-parent","grid-50"],"yoast_head":"<!-- This site is optimized with the Yoast SEO plugin v23.3 - https:\/\/yoast.com\/wordpress\/plugins\/seo\/ -->\n<title>Verve Records celebra 70 a\u00f1os con una lista de lanzamientos exclusivos<\/title>\n<meta name=\"robots\" content=\"index, follow, max-snippet:-1, max-image-preview:large, max-video-preview:-1\" \/>\n<link rel=\"canonical\" href=\"https:\/\/web.consaguirre.com.ar\/noticias\/verve-records-celebra-70-anos-con-una-lista-de-lanzamientos-exclusivos\/\" \/>\n<meta property=\"og:locale\" content=\"es_ES\" \/>\n<meta property=\"og:type\" content=\"article\" \/>\n<meta property=\"og:title\" content=\"Verve Records celebra 70 a\u00f1os con una lista de lanzamientos exclusivos\" \/>\n<meta property=\"og:description\" content=\"El sello ic\u00f3nico Verve Records celebra su 70 aniversario en 2026 y lo hace con estilo. El sello inici\u00f3 oficialmente la celebraci\u00f3n hoy y marcar\u00e1\" \/>\n<meta property=\"og:url\" content=\"https:\/\/web.consaguirre.com.ar\/noticias\/verve-records-celebra-70-anos-con-una-lista-de-lanzamientos-exclusivos\/\" \/>\n<meta property=\"og:site_name\" content=\"Conservatorio de M\u00fasica Juli\u00e1n Aguirre\" \/>\n<meta property=\"article:published_time\" content=\"2026-01-22T23:38:59+00:00\" \/>\n<meta property=\"article:modified_time\" content=\"2026-01-22T23:39:04+00:00\" \/>\n<meta property=\"og:image\" content=\"https:\/\/web.consaguirre.com.ar\/noticias\/wp-content\/uploads\/2026\/01\/Verve-Records-celebra-70-anos-con-una-lista-de-lanzamientos.jpg\" \/>\n\t<meta property=\"og:image:width\" content=\"1000\" \/>\n\t<meta property=\"og:image:height\" content=\"536\" \/>\n\t<meta property=\"og:image:type\" content=\"image\/jpeg\" \/>\n<meta name=\"author\" content=\"Javier Figueroa\" \/>\n<meta name=\"twitter:card\" content=\"summary_large_image\" \/>\n<meta name=\"twitter:label1\" content=\"Escrito por\" \/>\n\t<meta name=\"twitter:data1\" content=\"Javier Figueroa\" \/>\n\t<meta name=\"twitter:label2\" content=\"Tiempo de lectura\" \/>\n\t<meta name=\"twitter:data2\" content=\"3 minutos\" \/>\n<script type=\"application\/ld+json\" class=\"yoast-schema-graph\">{\"@context\":\"https:\/\/schema.org\",\"@graph\":[{\"@type\":\"Article\",\"@id\":\"https:\/\/web.consaguirre.com.ar\/noticias\/verve-records-celebra-70-anos-con-una-lista-de-lanzamientos-exclusivos\/#article\",\"isPartOf\":{\"@id\":\"https:\/\/web.consaguirre.com.ar\/noticias\/verve-records-celebra-70-anos-con-una-lista-de-lanzamientos-exclusivos\/\"},\"author\":{\"name\":\"Javier Figueroa\",\"@id\":\"https:\/\/web.consaguirre.com.ar\/noticias\/#\/schema\/person\/6558b0cfedee7ddc5425602b237d5722\"},\"headline\":\"Verve Records celebra 70 a\u00f1os con una lista de lanzamientos exclusivos\",\"datePublished\":\"2026-01-22T23:38:59+00:00\",\"dateModified\":\"2026-01-22T23:39:04+00:00\",\"mainEntityOfPage\":{\"@id\":\"https:\/\/web.consaguirre.com.ar\/noticias\/verve-records-celebra-70-anos-con-una-lista-de-lanzamientos-exclusivos\/\"},\"wordCount\":536,\"publisher\":{\"@id\":\"https:\/\/web.consaguirre.com.ar\/noticias\/#organization\"},\"image\":{\"@id\":\"https:\/\/web.consaguirre.com.ar\/noticias\/verve-records-celebra-70-anos-con-una-lista-de-lanzamientos-exclusivos\/#primaryimage\"},\"thumbnailUrl\":\"https:\/\/web.consaguirre.com.ar\/noticias\/wp-content\/uploads\/2026\/01\/Verve-Records-celebra-70-anos-con-una-lista-de-lanzamientos.jpg\",\"keywords\":[\"a\u00f1os\",\"celebra\",\"con\",\"exclusivos\",\"lanzamientos\",\"lista\",\"Records\",\"una\",\"Verve\"],\"articleSection\":[\"El \u00faltimo\"],\"inLanguage\":\"es-AR\"},{\"@type\":\"WebPage\",\"@id\":\"https:\/\/web.consaguirre.com.ar\/noticias\/verve-records-celebra-70-anos-con-una-lista-de-lanzamientos-exclusivos\/\",\"url\":\"https:\/\/web.consaguirre.com.ar\/noticias\/verve-records-celebra-70-anos-con-una-lista-de-lanzamientos-exclusivos\/\",\"name\":\"Verve Records celebra 70 a\u00f1os con una lista de lanzamientos exclusivos\",\"isPartOf\":{\"@id\":\"https:\/\/web.consaguirre.com.ar\/noticias\/#website\"},\"primaryImageOfPage\":{\"@id\":\"https:\/\/web.consaguirre.com.ar\/noticias\/verve-records-celebra-70-anos-con-una-lista-de-lanzamientos-exclusivos\/#primaryimage\"},\"image\":{\"@id\":\"https:\/\/web.consaguirre.com.ar\/noticias\/verve-records-celebra-70-anos-con-una-lista-de-lanzamientos-exclusivos\/#primaryimage\"},\"thumbnailUrl\":\"https:\/\/web.consaguirre.com.ar\/noticias\/wp-content\/uploads\/2026\/01\/Verve-Records-celebra-70-anos-con-una-lista-de-lanzamientos.jpg\",\"datePublished\":\"2026-01-22T23:38:59+00:00\",\"dateModified\":\"2026-01-22T23:39:04+00:00\",\"breadcrumb\":{\"@id\":\"https:\/\/web.consaguirre.com.ar\/noticias\/verve-records-celebra-70-anos-con-una-lista-de-lanzamientos-exclusivos\/#breadcrumb\"},\"inLanguage\":\"es-AR\",\"potentialAction\":[{\"@type\":\"ReadAction\",\"target\":[\"https:\/\/web.consaguirre.com.ar\/noticias\/verve-records-celebra-70-anos-con-una-lista-de-lanzamientos-exclusivos\/\"]}]},{\"@type\":\"ImageObject\",\"inLanguage\":\"es-AR\",\"@id\":\"https:\/\/web.consaguirre.com.ar\/noticias\/verve-records-celebra-70-anos-con-una-lista-de-lanzamientos-exclusivos\/#primaryimage\",\"url\":\"https:\/\/web.consaguirre.com.ar\/noticias\/wp-content\/uploads\/2026\/01\/Verve-Records-celebra-70-anos-con-una-lista-de-lanzamientos.jpg\",\"contentUrl\":\"https:\/\/web.consaguirre.com.ar\/noticias\/wp-content\/uploads\/2026\/01\/Verve-Records-celebra-70-anos-con-una-lista-de-lanzamientos.jpg\",\"width\":1000,\"height\":536,\"caption\":\"Verve 70th anniversary banner\"},{\"@type\":\"BreadcrumbList\",\"@id\":\"https:\/\/web.consaguirre.com.ar\/noticias\/verve-records-celebra-70-anos-con-una-lista-de-lanzamientos-exclusivos\/#breadcrumb\",\"itemListElement\":[{\"@type\":\"ListItem\",\"position\":1,\"name\":\"Inicio\",\"item\":\"https:\/\/web.consaguirre.com.ar\/noticias\/\"},{\"@type\":\"ListItem\",\"position\":2,\"name\":\"Verve Records celebra 70 a\u00f1os con una lista de lanzamientos exclusivos\"}]},{\"@type\":\"WebSite\",\"@id\":\"https:\/\/web.consaguirre.com.ar\/noticias\/#website\",\"url\":\"https:\/\/web.consaguirre.com.ar\/noticias\/\",\"name\":\"Conservatorio de M\u00fasica Juli\u00e1n Aguirre\",\"description\":\"\",\"publisher\":{\"@id\":\"https:\/\/web.consaguirre.com.ar\/noticias\/#organization\"},\"potentialAction\":[{\"@type\":\"SearchAction\",\"target\":{\"@type\":\"EntryPoint\",\"urlTemplate\":\"https:\/\/web.consaguirre.com.ar\/noticias\/?s={search_term_string}\"},\"query-input\":\"required name=search_term_string\"}],\"inLanguage\":\"es-AR\"},{\"@type\":\"Organization\",\"@id\":\"https:\/\/web.consaguirre.com.ar\/noticias\/#organization\",\"name\":\"Conservatorio de M\u00fasica Juli\u00e1n Aguirre\",\"url\":\"https:\/\/web.consaguirre.com.ar\/noticias\/\",\"logo\":{\"@type\":\"ImageObject\",\"inLanguage\":\"es-AR\",\"@id\":\"https:\/\/web.consaguirre.com.ar\/noticias\/#\/schema\/logo\/image\/\",\"url\":\"https:\/\/web.consaguirre.com.ar\/noticias\/wp-content\/uploads\/2024\/08\/Banner-Aguirre-23.jpg\",\"contentUrl\":\"https:\/\/web.consaguirre.com.ar\/noticias\/wp-content\/uploads\/2024\/08\/Banner-Aguirre-23.jpg\",\"width\":1192,\"height\":600,\"caption\":\"Conservatorio de M\u00fasica Juli\u00e1n Aguirre\"},\"image\":{\"@id\":\"https:\/\/web.consaguirre.com.ar\/noticias\/#\/schema\/logo\/image\/\"}},{\"@type\":\"Person\",\"@id\":\"https:\/\/web.consaguirre.com.ar\/noticias\/#\/schema\/person\/6558b0cfedee7ddc5425602b237d5722\",\"name\":\"Javier Figueroa\",\"image\":{\"@type\":\"ImageObject\",\"inLanguage\":\"es-AR\",\"@id\":\"https:\/\/web.consaguirre.com.ar\/noticias\/#\/schema\/person\/image\/\",\"url\":\"https:\/\/web.consaguirre.com.ar\/noticias\/wp-content\/uploads\/2024\/08\/Consaguirre-scaled.jpg\",\"contentUrl\":\"https:\/\/web.consaguirre.com.ar\/noticias\/wp-content\/uploads\/2024\/08\/Consaguirre-scaled.jpg\",\"caption\":\"Javier Figueroa\"},\"description\":\"Me llamo Javier Figueroa y soy redactor para el sitio oficial del Conservatorio de M\u00fasica Juli\u00e1n Aguirre en Buenos Aires, consaguirre.com. Apasionado por la m\u00fasica y la escritura, me esfuerzo por destacar los talentos y eventos de nuestra prestigiosa instituci\u00f3n. Mi trayectoria se nutre de una profunda admiraci\u00f3n por los artistas, haciendo de cada art\u00edculo una celebraci\u00f3n de la creatividad y la cultura musical.\",\"sameAs\":[\"https:\/\/web.consaguirre.com.ar\/noticias\"]}]}<\/script>\n<!-- \/ Yoast SEO plugin. -->","yoast_head_json":{"title":"Verve Records celebra 70 a\u00f1os con una lista de lanzamientos exclusivos","robots":{"index":"index","follow":"follow","max-snippet":"max-snippet:-1","max-image-preview":"max-image-preview:large","max-video-preview":"max-video-preview:-1"},"canonical":"https:\/\/web.consaguirre.com.ar\/noticias\/verve-records-celebra-70-anos-con-una-lista-de-lanzamientos-exclusivos\/","og_locale":"es_ES","og_type":"article","og_title":"Verve Records celebra 70 a\u00f1os con una lista de lanzamientos exclusivos","og_description":"El sello ic\u00f3nico Verve Records celebra su 70 aniversario en 2026 y lo hace con estilo. El sello inici\u00f3 oficialmente la celebraci\u00f3n hoy y marcar\u00e1","og_url":"https:\/\/web.consaguirre.com.ar\/noticias\/verve-records-celebra-70-anos-con-una-lista-de-lanzamientos-exclusivos\/","og_site_name":"Conservatorio de M\u00fasica Juli\u00e1n Aguirre","article_published_time":"2026-01-22T23:38:59+00:00","article_modified_time":"2026-01-22T23:39:04+00:00","og_image":[{"width":1000,"height":536,"url":"https:\/\/web.consaguirre.com.ar\/noticias\/wp-content\/uploads\/2026\/01\/Verve-Records-celebra-70-anos-con-una-lista-de-lanzamientos.jpg","type":"image\/jpeg"}],"author":"Javier Figueroa","twitter_card":"summary_large_image","twitter_misc":{"Escrito por":"Javier Figueroa","Tiempo de lectura":"3 minutos"},"schema":{"@context":"https:\/\/schema.org","@graph":[{"@type":"Article","@id":"https:\/\/web.consaguirre.com.ar\/noticias\/verve-records-celebra-70-anos-con-una-lista-de-lanzamientos-exclusivos\/#article","isPartOf":{"@id":"https:\/\/web.consaguirre.com.ar\/noticias\/verve-records-celebra-70-anos-con-una-lista-de-lanzamientos-exclusivos\/"},"author":{"name":"Javier Figueroa","@id":"https:\/\/web.consaguirre.com.ar\/noticias\/#\/schema\/person\/6558b0cfedee7ddc5425602b237d5722"},"headline":"Verve Records celebra 70 a\u00f1os con una lista de lanzamientos exclusivos","datePublished":"2026-01-22T23:38:59+00:00","dateModified":"2026-01-22T23:39:04+00:00","mainEntityOfPage":{"@id":"https:\/\/web.consaguirre.com.ar\/noticias\/verve-records-celebra-70-anos-con-una-lista-de-lanzamientos-exclusivos\/"},"wordCount":536,"publisher":{"@id":"https:\/\/web.consaguirre.com.ar\/noticias\/#organization"},"image":{"@id":"https:\/\/web.consaguirre.com.ar\/noticias\/verve-records-celebra-70-anos-con-una-lista-de-lanzamientos-exclusivos\/#primaryimage"},"thumbnailUrl":"https:\/\/web.consaguirre.com.ar\/noticias\/wp-content\/uploads\/2026\/01\/Verve-Records-celebra-70-anos-con-una-lista-de-lanzamientos.jpg","keywords":["a\u00f1os","celebra","con","exclusivos","lanzamientos","lista","Records","una","Verve"],"articleSection":["El \u00faltimo"],"inLanguage":"es-AR"},{"@type":"WebPage","@id":"https:\/\/web.consaguirre.com.ar\/noticias\/verve-records-celebra-70-anos-con-una-lista-de-lanzamientos-exclusivos\/","url":"https:\/\/web.consaguirre.com.ar\/noticias\/verve-records-celebra-70-anos-con-una-lista-de-lanzamientos-exclusivos\/","name":"Verve Records celebra 70 a\u00f1os con una lista de lanzamientos exclusivos","isPartOf":{"@id":"https:\/\/web.consaguirre.com.ar\/noticias\/#website"},"primaryImageOfPage":{"@id":"https:\/\/web.consaguirre.com.ar\/noticias\/verve-records-celebra-70-anos-con-una-lista-de-lanzamientos-exclusivos\/#primaryimage"},"image":{"@id":"https:\/\/web.consaguirre.com.ar\/noticias\/verve-records-celebra-70-anos-con-una-lista-de-lanzamientos-exclusivos\/#primaryimage"},"thumbnailUrl":"https:\/\/web.consaguirre.com.ar\/noticias\/wp-content\/uploads\/2026\/01\/Verve-Records-celebra-70-anos-con-una-lista-de-lanzamientos.jpg","datePublished":"2026-01-22T23:38:59+00:00","dateModified":"2026-01-22T23:39:04+00:00","breadcrumb":{"@id":"https:\/\/web.consaguirre.com.ar\/noticias\/verve-records-celebra-70-anos-con-una-lista-de-lanzamientos-exclusivos\/#breadcrumb"},"inLanguage":"es-AR","potentialAction":[{"@type":"ReadAction","target":["https:\/\/web.consaguirre.com.ar\/noticias\/verve-records-celebra-70-anos-con-una-lista-de-lanzamientos-exclusivos\/"]}]},{"@type":"ImageObject","inLanguage":"es-AR","@id":"https:\/\/web.consaguirre.com.ar\/noticias\/verve-records-celebra-70-anos-con-una-lista-de-lanzamientos-exclusivos\/#primaryimage","url":"https:\/\/web.consaguirre.com.ar\/noticias\/wp-content\/uploads\/2026\/01\/Verve-Records-celebra-70-anos-con-una-lista-de-lanzamientos.jpg","contentUrl":"https:\/\/web.consaguirre.com.ar\/noticias\/wp-content\/uploads\/2026\/01\/Verve-Records-celebra-70-anos-con-una-lista-de-lanzamientos.jpg","width":1000,"height":536,"caption":"Verve 70th anniversary banner"},{"@type":"BreadcrumbList","@id":"https:\/\/web.consaguirre.com.ar\/noticias\/verve-records-celebra-70-anos-con-una-lista-de-lanzamientos-exclusivos\/#breadcrumb","itemListElement":[{"@type":"ListItem","position":1,"name":"Inicio","item":"https:\/\/web.consaguirre.com.ar\/noticias\/"},{"@type":"ListItem","position":2,"name":"Verve Records celebra 70 a\u00f1os con una lista de lanzamientos exclusivos"}]},{"@type":"WebSite","@id":"https:\/\/web.consaguirre.com.ar\/noticias\/#website","url":"https:\/\/web.consaguirre.com.ar\/noticias\/","name":"Conservatorio de M\u00fasica Juli\u00e1n Aguirre","description":"","publisher":{"@id":"https:\/\/web.consaguirre.com.ar\/noticias\/#organization"},"potentialAction":[{"@type":"SearchAction","target":{"@type":"EntryPoint","urlTemplate":"https:\/\/web.consaguirre.com.ar\/noticias\/?s={search_term_string}"},"query-input":"required name=search_term_string"}],"inLanguage":"es-AR"},{"@type":"Organization","@id":"https:\/\/web.consaguirre.com.ar\/noticias\/#organization","name":"Conservatorio de M\u00fasica Juli\u00e1n Aguirre","url":"https:\/\/web.consaguirre.com.ar\/noticias\/","logo":{"@type":"ImageObject","inLanguage":"es-AR","@id":"https:\/\/web.consaguirre.com.ar\/noticias\/#\/schema\/logo\/image\/","url":"https:\/\/web.consaguirre.com.ar\/noticias\/wp-content\/uploads\/2024\/08\/Banner-Aguirre-23.jpg","contentUrl":"https:\/\/web.consaguirre.com.ar\/noticias\/wp-content\/uploads\/2024\/08\/Banner-Aguirre-23.jpg","width":1192,"height":600,"caption":"Conservatorio de M\u00fasica Juli\u00e1n Aguirre"},"image":{"@id":"https:\/\/web.consaguirre.com.ar\/noticias\/#\/schema\/logo\/image\/"}},{"@type":"Person","@id":"https:\/\/web.consaguirre.com.ar\/noticias\/#\/schema\/person\/6558b0cfedee7ddc5425602b237d5722","name":"Javier Figueroa","image":{"@type":"ImageObject","inLanguage":"es-AR","@id":"https:\/\/web.consaguirre.com.ar\/noticias\/#\/schema\/person\/image\/","url":"https:\/\/web.consaguirre.com.ar\/noticias\/wp-content\/uploads\/2024\/08\/Consaguirre-scaled.jpg","contentUrl":"https:\/\/web.consaguirre.com.ar\/noticias\/wp-content\/uploads\/2024\/08\/Consaguirre-scaled.jpg","caption":"Javier Figueroa"},"description":"Me llamo Javier Figueroa y soy redactor para el sitio oficial del Conservatorio de M\u00fasica Juli\u00e1n Aguirre en Buenos Aires, consaguirre.com. Apasionado por la m\u00fasica y la escritura, me esfuerzo por destacar los talentos y eventos de nuestra prestigiosa instituci\u00f3n. Mi trayectoria se nutre de una profunda admiraci\u00f3n por los artistas, haciendo de cada art\u00edculo una celebraci\u00f3n de la creatividad y la cultura musical.","sameAs":["https:\/\/web.consaguirre.com.ar\/noticias"]}]}},"_links":{"self":[{"href":"https:\/\/web.consaguirre.com.ar\/noticias\/wp-json\/wp\/v2\/posts\/4897"}],"collection":[{"href":"https:\/\/web.consaguirre.com.ar\/noticias\/wp-json\/wp\/v2\/posts"}],"about":[{"href":"https:\/\/web.consaguirre.com.ar\/noticias\/wp-json\/wp\/v2\/types\/post"}],"author":[{"embeddable":true,"href":"https:\/\/web.consaguirre.com.ar\/noticias\/wp-json\/wp\/v2\/users\/1"}],"replies":[{"embeddable":true,"href":"https:\/\/web.consaguirre.com.ar\/noticias\/wp-json\/wp\/v2\/comments?post=4897"}],"version-history":[{"count":1,"href":"https:\/\/web.consaguirre.com.ar\/noticias\/wp-json\/wp\/v2\/posts\/4897\/revisions"}],"predecessor-version":[{"id":4899,"href":"https:\/\/web.consaguirre.com.ar\/noticias\/wp-json\/wp\/v2\/posts\/4897\/revisions\/4899"}],"wp:featuredmedia":[{"embeddable":true,"href":"https:\/\/web.consaguirre.com.ar\/noticias\/wp-json\/wp\/v2\/media\/4898"}],"wp:attachment":[{"href":"https:\/\/web.consaguirre.com.ar\/noticias\/wp-json\/wp\/v2\/media?parent=4897"}],"wp:term":[{"taxonomy":"category","embeddable":true,"href":"https:\/\/web.consaguirre.com.ar\/noticias\/wp-json\/wp\/v2\/categories?post=4897"},{"taxonomy":"post_tag","embeddable":true,"href":"https:\/\/web.consaguirre.com.ar\/noticias\/wp-json\/wp\/v2\/tags?post=4897"}],"curies":[{"name":"wp","href":"https:\/\/api.w.org\/{rel}","templated":true}]}}