{"id":4885,"date":"2026-01-21T14:38:09","date_gmt":"2026-01-21T17:38:09","guid":{"rendered":"https:\/\/web.consaguirre.com.ar\/noticias\/sinatra-the-musical-se-estrenara-en-west-end-este-verano\/"},"modified":"2026-01-21T14:38:09","modified_gmt":"2026-01-21T17:38:09","slug":"sinatra-the-musical-se-estrenara-en-west-end-este-verano","status":"publish","type":"post","link":"https:\/\/web.consaguirre.com.ar\/noticias\/sinatra-the-musical-se-estrenara-en-west-end-este-verano\/","title":{"rendered":"&#8216;Sinatra The Musical&#8217; se estrenar\u00e1 en West End este verano"},"content":{"rendered":"<p><em>Sinatra El Musical<\/em>una nueva obra basada en la vida y carrera del ic\u00f3nico cantante, debutar\u00e1 en Londres en 2026.<\/p>\n<p>La producci\u00f3n contar\u00e1 con la incorporaci\u00f3n de m\u00e1s de 20 \u00e9xitos de Frank Sinatra, incluidos \u201cCome Fly With Me\u201d, \u201cOne For My Baby\u201d, \u201cThat&#8217;s Life\u201d y \u201cThe Best Is Yet To Come\u201d. Las funciones comenzar\u00e1n en el Teatro Aldwych de la ciudad el 3 de junio.<\/p>\n<p>El programa se centra en la vida de Sinatra como estrella en ascenso en sus a\u00f1os como figura cultural destacada. Comienza en la v\u00edspera de A\u00f1o Nuevo de 1942, en la que Sinatra, de 27 a\u00f1os, act\u00faa en el Paramount Theatre de Nueva York, actuaci\u00f3n que lo catapultar\u00eda al estrellato. La obra presenta su relaci\u00f3n con su esposa, Nancy, una historia de amor con Ava Gardner y los interminables momentos bajos que siguieron a su primer estrellato en la industria de la m\u00fasica. Al final, <em>Sinatra El Musical<\/em> es una historia de regreso, una historia de triunfo y un retrato de un artista con una voluntad indomable.<\/p>\n<div class=\"uD-YT-container\"><img decoding=\"async\" src=\"https:\/\/web.consaguirre.com.ar\/noticias\/wp-content\/uploads\/2026\/01\/1769017089_314_Sinatra-The-Musical-se-estrenara-en-West-End-este-verano.jpg\" alt=\"V\u00eddeo de YouTube\"><br \/>Haga clic para cargar v\u00eddeo<\/div>\n<p>Tina Sinatra dijo sobre la producci\u00f3n: \u201cMi pap\u00e1 siempre dec\u00eda: &#8216;Si no puedo sentirlo, no puedo cantarlo&#8217;. Como resultado, no solo cantaba canciones, sino que grababa un diario emocional de su vida. Y son estas canciones cl\u00e1sicas las que forman el coraz\u00f3n de <em>Sinatra El Musical<\/em>. Con el tel\u00f3n de fondo del mete\u00f3rico ascenso de mi padre, el programa revela un retrato m\u00e1s \u00edntimo del hombre que cualquier entrevista o titular. Y al igual que mi pap\u00e1, est\u00e1 lleno de m\u00fasica, pasi\u00f3n y humor. Estoy muy orgulloso de compartir su historia, nuestra historia, por fin\u201d.<\/p>\n<p><em>Sinatra El Musical<\/em> fue escrita por el dos veces ganador del premio Tony Joe DiPietro y dirigida y coreografiada por Kathleen Marshall, tres veces ganadora del premio Tony. DiPietro dijo lo siguiente sobre el espect\u00e1culo: &#8220;Cuando Tina Sinatra se acerc\u00f3 a m\u00ed para escribir un espect\u00e1culo que detallara los or\u00edgenes del genio de su padre, me dio un acceso sin precedentes a la historia personal de su padre. La voluntad de Tina de compartir las pruebas y los triunfos de la vida de su padre nos ha permitido a Kathleen, a m\u00ed y a este extraordinario equipo de artistas teatrales crear el retrato m\u00e1s revelador jam\u00e1s contado sobre la leyenda de Frank Sinatra&#8221;.<\/p>\n<p><b>Compre aqu\u00ed la m\u00fasica de Frank Sinatra en vinilo y CD.<\/b><\/p>\n","protected":false},"excerpt":{"rendered":"<p>Sinatra El Musicaluna nueva obra basada en la vida y carrera del ic\u00f3nico cantante, debutar\u00e1 en Londres en 2026. La producci\u00f3n contar\u00e1 con la incorporaci\u00f3n<\/p>\n","protected":false},"author":1,"featured_media":4886,"comment_status":"closed","ping_status":"","sticky":false,"template":"","format":"standard","meta":{"footnotes":""},"categories":[50],"tags":[791,266,203,330,2288,3763],"class_list":["post-4885","post","type-post","status-publish","format-standard","has-post-thumbnail","hentry","category-el-ultimo","tag-este","tag-estrenara","tag-musical","tag-sinatra","tag-verano","tag-west","generate-columns","tablet-grid-50","mobile-grid-100","grid-parent","grid-50"],"yoast_head":"<!-- This site is optimized with the Yoast SEO plugin v23.3 - https:\/\/yoast.com\/wordpress\/plugins\/seo\/ -->\n<title>&#039;Sinatra The Musical&#039; se estrenar\u00e1 en West End este verano<\/title>\n<meta name=\"robots\" content=\"index, follow, max-snippet:-1, max-image-preview:large, max-video-preview:-1\" \/>\n<link rel=\"canonical\" href=\"https:\/\/web.consaguirre.com.ar\/noticias\/sinatra-the-musical-se-estrenara-en-west-end-este-verano\/\" \/>\n<meta property=\"og:locale\" content=\"es_ES\" \/>\n<meta property=\"og:type\" content=\"article\" \/>\n<meta property=\"og:title\" content=\"&#039;Sinatra The Musical&#039; se estrenar\u00e1 en West End este verano\" \/>\n<meta property=\"og:description\" content=\"Sinatra El Musicaluna nueva obra basada en la vida y carrera del ic\u00f3nico cantante, debutar\u00e1 en Londres en 2026. La producci\u00f3n contar\u00e1 con la incorporaci\u00f3n\" \/>\n<meta property=\"og:url\" content=\"https:\/\/web.consaguirre.com.ar\/noticias\/sinatra-the-musical-se-estrenara-en-west-end-este-verano\/\" \/>\n<meta property=\"og:site_name\" content=\"Conservatorio de M\u00fasica Juli\u00e1n Aguirre\" \/>\n<meta property=\"article:published_time\" content=\"2026-01-21T17:38:09+00:00\" \/>\n<meta property=\"og:image\" content=\"https:\/\/web.consaguirre.com.ar\/noticias\/wp-content\/uploads\/2026\/01\/Sinatra-The-Musical-se-estrenara-en-West-End-este-verano.jpg\" \/>\n\t<meta property=\"og:image:width\" content=\"822\" \/>\n\t<meta property=\"og:image:height\" content=\"822\" \/>\n\t<meta property=\"og:image:type\" content=\"image\/jpeg\" \/>\n<meta name=\"author\" content=\"Javier Figueroa\" \/>\n<meta name=\"twitter:card\" content=\"summary_large_image\" \/>\n<meta name=\"twitter:label1\" content=\"Escrito por\" \/>\n\t<meta name=\"twitter:data1\" content=\"Javier Figueroa\" \/>\n\t<meta name=\"twitter:label2\" content=\"Tiempo de lectura\" \/>\n\t<meta name=\"twitter:data2\" content=\"2 minutos\" \/>\n<script type=\"application\/ld+json\" class=\"yoast-schema-graph\">{\"@context\":\"https:\/\/schema.org\",\"@graph\":[{\"@type\":\"Article\",\"@id\":\"https:\/\/web.consaguirre.com.ar\/noticias\/sinatra-the-musical-se-estrenara-en-west-end-este-verano\/#article\",\"isPartOf\":{\"@id\":\"https:\/\/web.consaguirre.com.ar\/noticias\/sinatra-the-musical-se-estrenara-en-west-end-este-verano\/\"},\"author\":{\"name\":\"Javier Figueroa\",\"@id\":\"https:\/\/web.consaguirre.com.ar\/noticias\/#\/schema\/person\/6558b0cfedee7ddc5425602b237d5722\"},\"headline\":\"&#8216;Sinatra The Musical&#8217; se estrenar\u00e1 en West End este verano\",\"datePublished\":\"2026-01-21T17:38:09+00:00\",\"dateModified\":\"2026-01-21T17:38:09+00:00\",\"mainEntityOfPage\":{\"@id\":\"https:\/\/web.consaguirre.com.ar\/noticias\/sinatra-the-musical-se-estrenara-en-west-end-este-verano\/\"},\"wordCount\":432,\"publisher\":{\"@id\":\"https:\/\/web.consaguirre.com.ar\/noticias\/#organization\"},\"image\":{\"@id\":\"https:\/\/web.consaguirre.com.ar\/noticias\/sinatra-the-musical-se-estrenara-en-west-end-este-verano\/#primaryimage\"},\"thumbnailUrl\":\"https:\/\/web.consaguirre.com.ar\/noticias\/wp-content\/uploads\/2026\/01\/Sinatra-The-Musical-se-estrenara-en-West-End-este-verano.jpg\",\"keywords\":[\"este\",\"estrenar\u00e1\",\"musical\",\"Sinatra\",\"verano\",\"West\"],\"articleSection\":[\"El \u00faltimo\"],\"inLanguage\":\"es-AR\"},{\"@type\":\"WebPage\",\"@id\":\"https:\/\/web.consaguirre.com.ar\/noticias\/sinatra-the-musical-se-estrenara-en-west-end-este-verano\/\",\"url\":\"https:\/\/web.consaguirre.com.ar\/noticias\/sinatra-the-musical-se-estrenara-en-west-end-este-verano\/\",\"name\":\"'Sinatra The Musical' se estrenar\u00e1 en West End este verano\",\"isPartOf\":{\"@id\":\"https:\/\/web.consaguirre.com.ar\/noticias\/#website\"},\"primaryImageOfPage\":{\"@id\":\"https:\/\/web.consaguirre.com.ar\/noticias\/sinatra-the-musical-se-estrenara-en-west-end-este-verano\/#primaryimage\"},\"image\":{\"@id\":\"https:\/\/web.consaguirre.com.ar\/noticias\/sinatra-the-musical-se-estrenara-en-west-end-este-verano\/#primaryimage\"},\"thumbnailUrl\":\"https:\/\/web.consaguirre.com.ar\/noticias\/wp-content\/uploads\/2026\/01\/Sinatra-The-Musical-se-estrenara-en-West-End-este-verano.jpg\",\"datePublished\":\"2026-01-21T17:38:09+00:00\",\"dateModified\":\"2026-01-21T17:38:09+00:00\",\"breadcrumb\":{\"@id\":\"https:\/\/web.consaguirre.com.ar\/noticias\/sinatra-the-musical-se-estrenara-en-west-end-este-verano\/#breadcrumb\"},\"inLanguage\":\"es-AR\",\"potentialAction\":[{\"@type\":\"ReadAction\",\"target\":[\"https:\/\/web.consaguirre.com.ar\/noticias\/sinatra-the-musical-se-estrenara-en-west-end-este-verano\/\"]}]},{\"@type\":\"ImageObject\",\"inLanguage\":\"es-AR\",\"@id\":\"https:\/\/web.consaguirre.com.ar\/noticias\/sinatra-the-musical-se-estrenara-en-west-end-este-verano\/#primaryimage\",\"url\":\"https:\/\/web.consaguirre.com.ar\/noticias\/wp-content\/uploads\/2026\/01\/Sinatra-The-Musical-se-estrenara-en-West-End-este-verano.jpg\",\"contentUrl\":\"https:\/\/web.consaguirre.com.ar\/noticias\/wp-content\/uploads\/2026\/01\/Sinatra-The-Musical-se-estrenara-en-West-End-este-verano.jpg\",\"width\":822,\"height\":822,\"caption\":\"Frank Sinatra photo courtesy of Story House\"},{\"@type\":\"BreadcrumbList\",\"@id\":\"https:\/\/web.consaguirre.com.ar\/noticias\/sinatra-the-musical-se-estrenara-en-west-end-este-verano\/#breadcrumb\",\"itemListElement\":[{\"@type\":\"ListItem\",\"position\":1,\"name\":\"Inicio\",\"item\":\"https:\/\/web.consaguirre.com.ar\/noticias\/\"},{\"@type\":\"ListItem\",\"position\":2,\"name\":\"&#8216;Sinatra The Musical&#8217; se estrenar\u00e1 en West End este verano\"}]},{\"@type\":\"WebSite\",\"@id\":\"https:\/\/web.consaguirre.com.ar\/noticias\/#website\",\"url\":\"https:\/\/web.consaguirre.com.ar\/noticias\/\",\"name\":\"Conservatorio de M\u00fasica Juli\u00e1n Aguirre\",\"description\":\"\",\"publisher\":{\"@id\":\"https:\/\/web.consaguirre.com.ar\/noticias\/#organization\"},\"potentialAction\":[{\"@type\":\"SearchAction\",\"target\":{\"@type\":\"EntryPoint\",\"urlTemplate\":\"https:\/\/web.consaguirre.com.ar\/noticias\/?s={search_term_string}\"},\"query-input\":\"required name=search_term_string\"}],\"inLanguage\":\"es-AR\"},{\"@type\":\"Organization\",\"@id\":\"https:\/\/web.consaguirre.com.ar\/noticias\/#organization\",\"name\":\"Conservatorio de M\u00fasica Juli\u00e1n Aguirre\",\"url\":\"https:\/\/web.consaguirre.com.ar\/noticias\/\",\"logo\":{\"@type\":\"ImageObject\",\"inLanguage\":\"es-AR\",\"@id\":\"https:\/\/web.consaguirre.com.ar\/noticias\/#\/schema\/logo\/image\/\",\"url\":\"https:\/\/web.consaguirre.com.ar\/noticias\/wp-content\/uploads\/2024\/08\/Banner-Aguirre-23.jpg\",\"contentUrl\":\"https:\/\/web.consaguirre.com.ar\/noticias\/wp-content\/uploads\/2024\/08\/Banner-Aguirre-23.jpg\",\"width\":1192,\"height\":600,\"caption\":\"Conservatorio de M\u00fasica Juli\u00e1n Aguirre\"},\"image\":{\"@id\":\"https:\/\/web.consaguirre.com.ar\/noticias\/#\/schema\/logo\/image\/\"}},{\"@type\":\"Person\",\"@id\":\"https:\/\/web.consaguirre.com.ar\/noticias\/#\/schema\/person\/6558b0cfedee7ddc5425602b237d5722\",\"name\":\"Javier Figueroa\",\"image\":{\"@type\":\"ImageObject\",\"inLanguage\":\"es-AR\",\"@id\":\"https:\/\/web.consaguirre.com.ar\/noticias\/#\/schema\/person\/image\/\",\"url\":\"https:\/\/web.consaguirre.com.ar\/noticias\/wp-content\/uploads\/2024\/08\/Consaguirre-scaled.jpg\",\"contentUrl\":\"https:\/\/web.consaguirre.com.ar\/noticias\/wp-content\/uploads\/2024\/08\/Consaguirre-scaled.jpg\",\"caption\":\"Javier Figueroa\"},\"description\":\"Me llamo Javier Figueroa y soy redactor para el sitio oficial del Conservatorio de M\u00fasica Juli\u00e1n Aguirre en Buenos Aires, consaguirre.com. Apasionado por la m\u00fasica y la escritura, me esfuerzo por destacar los talentos y eventos de nuestra prestigiosa instituci\u00f3n. Mi trayectoria se nutre de una profunda admiraci\u00f3n por los artistas, haciendo de cada art\u00edculo una celebraci\u00f3n de la creatividad y la cultura musical.\",\"sameAs\":[\"https:\/\/web.consaguirre.com.ar\/noticias\"]}]}<\/script>\n<!-- \/ Yoast SEO plugin. -->","yoast_head_json":{"title":"'Sinatra The Musical' se estrenar\u00e1 en West End este verano","robots":{"index":"index","follow":"follow","max-snippet":"max-snippet:-1","max-image-preview":"max-image-preview:large","max-video-preview":"max-video-preview:-1"},"canonical":"https:\/\/web.consaguirre.com.ar\/noticias\/sinatra-the-musical-se-estrenara-en-west-end-este-verano\/","og_locale":"es_ES","og_type":"article","og_title":"'Sinatra The Musical' se estrenar\u00e1 en West End este verano","og_description":"Sinatra El Musicaluna nueva obra basada en la vida y carrera del ic\u00f3nico cantante, debutar\u00e1 en Londres en 2026. La producci\u00f3n contar\u00e1 con la incorporaci\u00f3n","og_url":"https:\/\/web.consaguirre.com.ar\/noticias\/sinatra-the-musical-se-estrenara-en-west-end-este-verano\/","og_site_name":"Conservatorio de M\u00fasica Juli\u00e1n Aguirre","article_published_time":"2026-01-21T17:38:09+00:00","og_image":[{"width":822,"height":822,"url":"https:\/\/web.consaguirre.com.ar\/noticias\/wp-content\/uploads\/2026\/01\/Sinatra-The-Musical-se-estrenara-en-West-End-este-verano.jpg","type":"image\/jpeg"}],"author":"Javier Figueroa","twitter_card":"summary_large_image","twitter_misc":{"Escrito por":"Javier Figueroa","Tiempo de lectura":"2 minutos"},"schema":{"@context":"https:\/\/schema.org","@graph":[{"@type":"Article","@id":"https:\/\/web.consaguirre.com.ar\/noticias\/sinatra-the-musical-se-estrenara-en-west-end-este-verano\/#article","isPartOf":{"@id":"https:\/\/web.consaguirre.com.ar\/noticias\/sinatra-the-musical-se-estrenara-en-west-end-este-verano\/"},"author":{"name":"Javier Figueroa","@id":"https:\/\/web.consaguirre.com.ar\/noticias\/#\/schema\/person\/6558b0cfedee7ddc5425602b237d5722"},"headline":"&#8216;Sinatra The Musical&#8217; se estrenar\u00e1 en West End este verano","datePublished":"2026-01-21T17:38:09+00:00","dateModified":"2026-01-21T17:38:09+00:00","mainEntityOfPage":{"@id":"https:\/\/web.consaguirre.com.ar\/noticias\/sinatra-the-musical-se-estrenara-en-west-end-este-verano\/"},"wordCount":432,"publisher":{"@id":"https:\/\/web.consaguirre.com.ar\/noticias\/#organization"},"image":{"@id":"https:\/\/web.consaguirre.com.ar\/noticias\/sinatra-the-musical-se-estrenara-en-west-end-este-verano\/#primaryimage"},"thumbnailUrl":"https:\/\/web.consaguirre.com.ar\/noticias\/wp-content\/uploads\/2026\/01\/Sinatra-The-Musical-se-estrenara-en-West-End-este-verano.jpg","keywords":["este","estrenar\u00e1","musical","Sinatra","verano","West"],"articleSection":["El \u00faltimo"],"inLanguage":"es-AR"},{"@type":"WebPage","@id":"https:\/\/web.consaguirre.com.ar\/noticias\/sinatra-the-musical-se-estrenara-en-west-end-este-verano\/","url":"https:\/\/web.consaguirre.com.ar\/noticias\/sinatra-the-musical-se-estrenara-en-west-end-este-verano\/","name":"'Sinatra The Musical' se estrenar\u00e1 en West End este verano","isPartOf":{"@id":"https:\/\/web.consaguirre.com.ar\/noticias\/#website"},"primaryImageOfPage":{"@id":"https:\/\/web.consaguirre.com.ar\/noticias\/sinatra-the-musical-se-estrenara-en-west-end-este-verano\/#primaryimage"},"image":{"@id":"https:\/\/web.consaguirre.com.ar\/noticias\/sinatra-the-musical-se-estrenara-en-west-end-este-verano\/#primaryimage"},"thumbnailUrl":"https:\/\/web.consaguirre.com.ar\/noticias\/wp-content\/uploads\/2026\/01\/Sinatra-The-Musical-se-estrenara-en-West-End-este-verano.jpg","datePublished":"2026-01-21T17:38:09+00:00","dateModified":"2026-01-21T17:38:09+00:00","breadcrumb":{"@id":"https:\/\/web.consaguirre.com.ar\/noticias\/sinatra-the-musical-se-estrenara-en-west-end-este-verano\/#breadcrumb"},"inLanguage":"es-AR","potentialAction":[{"@type":"ReadAction","target":["https:\/\/web.consaguirre.com.ar\/noticias\/sinatra-the-musical-se-estrenara-en-west-end-este-verano\/"]}]},{"@type":"ImageObject","inLanguage":"es-AR","@id":"https:\/\/web.consaguirre.com.ar\/noticias\/sinatra-the-musical-se-estrenara-en-west-end-este-verano\/#primaryimage","url":"https:\/\/web.consaguirre.com.ar\/noticias\/wp-content\/uploads\/2026\/01\/Sinatra-The-Musical-se-estrenara-en-West-End-este-verano.jpg","contentUrl":"https:\/\/web.consaguirre.com.ar\/noticias\/wp-content\/uploads\/2026\/01\/Sinatra-The-Musical-se-estrenara-en-West-End-este-verano.jpg","width":822,"height":822,"caption":"Frank Sinatra photo courtesy of Story House"},{"@type":"BreadcrumbList","@id":"https:\/\/web.consaguirre.com.ar\/noticias\/sinatra-the-musical-se-estrenara-en-west-end-este-verano\/#breadcrumb","itemListElement":[{"@type":"ListItem","position":1,"name":"Inicio","item":"https:\/\/web.consaguirre.com.ar\/noticias\/"},{"@type":"ListItem","position":2,"name":"&#8216;Sinatra The Musical&#8217; se estrenar\u00e1 en West End este verano"}]},{"@type":"WebSite","@id":"https:\/\/web.consaguirre.com.ar\/noticias\/#website","url":"https:\/\/web.consaguirre.com.ar\/noticias\/","name":"Conservatorio de M\u00fasica Juli\u00e1n Aguirre","description":"","publisher":{"@id":"https:\/\/web.consaguirre.com.ar\/noticias\/#organization"},"potentialAction":[{"@type":"SearchAction","target":{"@type":"EntryPoint","urlTemplate":"https:\/\/web.consaguirre.com.ar\/noticias\/?s={search_term_string}"},"query-input":"required name=search_term_string"}],"inLanguage":"es-AR"},{"@type":"Organization","@id":"https:\/\/web.consaguirre.com.ar\/noticias\/#organization","name":"Conservatorio de M\u00fasica Juli\u00e1n Aguirre","url":"https:\/\/web.consaguirre.com.ar\/noticias\/","logo":{"@type":"ImageObject","inLanguage":"es-AR","@id":"https:\/\/web.consaguirre.com.ar\/noticias\/#\/schema\/logo\/image\/","url":"https:\/\/web.consaguirre.com.ar\/noticias\/wp-content\/uploads\/2024\/08\/Banner-Aguirre-23.jpg","contentUrl":"https:\/\/web.consaguirre.com.ar\/noticias\/wp-content\/uploads\/2024\/08\/Banner-Aguirre-23.jpg","width":1192,"height":600,"caption":"Conservatorio de M\u00fasica Juli\u00e1n Aguirre"},"image":{"@id":"https:\/\/web.consaguirre.com.ar\/noticias\/#\/schema\/logo\/image\/"}},{"@type":"Person","@id":"https:\/\/web.consaguirre.com.ar\/noticias\/#\/schema\/person\/6558b0cfedee7ddc5425602b237d5722","name":"Javier Figueroa","image":{"@type":"ImageObject","inLanguage":"es-AR","@id":"https:\/\/web.consaguirre.com.ar\/noticias\/#\/schema\/person\/image\/","url":"https:\/\/web.consaguirre.com.ar\/noticias\/wp-content\/uploads\/2024\/08\/Consaguirre-scaled.jpg","contentUrl":"https:\/\/web.consaguirre.com.ar\/noticias\/wp-content\/uploads\/2024\/08\/Consaguirre-scaled.jpg","caption":"Javier Figueroa"},"description":"Me llamo Javier Figueroa y soy redactor para el sitio oficial del Conservatorio de M\u00fasica Juli\u00e1n Aguirre en Buenos Aires, consaguirre.com. Apasionado por la m\u00fasica y la escritura, me esfuerzo por destacar los talentos y eventos de nuestra prestigiosa instituci\u00f3n. Mi trayectoria se nutre de una profunda admiraci\u00f3n por los artistas, haciendo de cada art\u00edculo una celebraci\u00f3n de la creatividad y la cultura musical.","sameAs":["https:\/\/web.consaguirre.com.ar\/noticias"]}]}},"_links":{"self":[{"href":"https:\/\/web.consaguirre.com.ar\/noticias\/wp-json\/wp\/v2\/posts\/4885"}],"collection":[{"href":"https:\/\/web.consaguirre.com.ar\/noticias\/wp-json\/wp\/v2\/posts"}],"about":[{"href":"https:\/\/web.consaguirre.com.ar\/noticias\/wp-json\/wp\/v2\/types\/post"}],"author":[{"embeddable":true,"href":"https:\/\/web.consaguirre.com.ar\/noticias\/wp-json\/wp\/v2\/users\/1"}],"replies":[{"embeddable":true,"href":"https:\/\/web.consaguirre.com.ar\/noticias\/wp-json\/wp\/v2\/comments?post=4885"}],"version-history":[{"count":1,"href":"https:\/\/web.consaguirre.com.ar\/noticias\/wp-json\/wp\/v2\/posts\/4885\/revisions"}],"predecessor-version":[{"id":4887,"href":"https:\/\/web.consaguirre.com.ar\/noticias\/wp-json\/wp\/v2\/posts\/4885\/revisions\/4887"}],"wp:featuredmedia":[{"embeddable":true,"href":"https:\/\/web.consaguirre.com.ar\/noticias\/wp-json\/wp\/v2\/media\/4886"}],"wp:attachment":[{"href":"https:\/\/web.consaguirre.com.ar\/noticias\/wp-json\/wp\/v2\/media?parent=4885"}],"wp:term":[{"taxonomy":"category","embeddable":true,"href":"https:\/\/web.consaguirre.com.ar\/noticias\/wp-json\/wp\/v2\/categories?post=4885"},{"taxonomy":"post_tag","embeddable":true,"href":"https:\/\/web.consaguirre.com.ar\/noticias\/wp-json\/wp\/v2\/tags?post=4885"}],"curies":[{"name":"wp","href":"https:\/\/api.w.org\/{rel}","templated":true}]}}