{"id":4882,"date":"2026-01-21T11:38:29","date_gmt":"2026-01-21T14:38:29","guid":{"rendered":"https:\/\/web.consaguirre.com.ar\/noticias\/los-beach-boys-anuncian-la-coleccion-1976-1977\/"},"modified":"2026-01-21T11:38:31","modified_gmt":"2026-01-21T14:38:31","slug":"los-beach-boys-anuncian-la-coleccion-1976-1977","status":"publish","type":"post","link":"https:\/\/web.consaguirre.com.ar\/noticias\/los-beach-boys-anuncian-la-coleccion-1976-1977\/","title":{"rendered":"Los Beach Boys anuncian la colecci\u00f3n 1976-1977"},"content":{"rendered":"<p>Los Beach Boys han anunciado una nueva caja que celebra su era de mediados de los 70. <em>Tenemos que bailar: los a\u00f1os de Brother Studio<\/em> Replantea 1976-77 como uno de los cap\u00edtulos m\u00e1s reveladores y creativamente inquietos de la evoluci\u00f3n de la banda. <em>Tenemos que bailar: los a\u00f1os de Brother Studio<\/em> saldr\u00e1 el 13 de febrero a trav\u00e9s de Capitol\/UMe y ya est\u00e1 disponible para pedidos anticipados.<\/p>\n<p>Con el anuncio llega una toma in\u00e9dita del <em>Te amo<\/em> sesiones, la canci\u00f3n que da t\u00edtulo a la colecci\u00f3n, &#8220;We Gotta Groove&#8221;.<\/p>\n<p>Coproducido por el aclamado productor\/ingeniero de mezcla James S\u00e1ez y el veterano historiador de los Beach Boys Howie Edelson, con direcci\u00f3n art\u00edstica del archivero de la banda Alan Boyd, <em>Tenemos que divertirnos<\/em> es una amplia colecci\u00f3n de 73 pistas que contiene 35 pistas in\u00e9ditas y 22 pistas reci\u00e9n mezcladas. El lanzamiento se basa en una edici\u00f3n recientemente remasterizada de <em>Los chicos de la playa te aman<\/em> y las sesiones del \u00e1lbum, el primer lanzamiento oficial del largamente guardado <em>Adulto\/Ni\u00f1o<\/em>y tomas descartadas y suplentes de la transici\u00f3n <em>15 grandes<\/em> sesiones.<\/p>\n<div align='center'>\n<div class=\"udiscover-store-container\">\n<div id='udiscover-store-one-product'><\/div>\n<\/div>\n<p>\/*<!(CDATA(*\/(function (){var scriptURL='https:\/\/sdks.shopifycdn.com\/buy-button\/latest\/buy-button-storefront.min.js';if(window.ShopifyBuy){if(window.ShopifyBuy.UI){ShopifyBuyInit();}else{loadScript();}}else{loadScript();}funci\u00f3n loadScript(){var script=document.createElement('script');script.async=true;script.src=scriptURL;(document.getElementsByTagName('head')(0)|| document.getElementsByTagName('body')(0)).appendChild(script);script.onload=ShopifyBuyInit;} function ShopifyBuyInit(){var cliente=ShopifyBuy.buildClient({dominio:'udiscover.myshopify.com',storefrontAccessToken: 'bdc89f347d2ce61c1feeb9f8c60b2b98',}); ShopifyBuy.UI.onReady(cliente).luego(funci\u00f3n(ui){ ui.createComponent('producto',{ id:(7671544217677), nodo:document.getElementById('udiscover-store-one-product'), moneyFormat:'%24%7B%7Bamount%7D%7D', opciones:{'product':{'iframe':false,'buttonDestination':'modal','contents':{'options':true},'text':{'button':'ORDEN AHORA','outOfStock':'Lo sentimos, esto est\u00e1 agotado stock'}},'productSet':{'iframe':false},'modalProduct':{'iframe':false,'contents':{'img':false,'imgWithCarousel':true,'button':false,'buttonWithQuantity':true} },'modal':{'iframe':false},'option':{'iframe':false},'cart':{'iframe':false},'toggle':{'iframe':false,'contents':{'icon':false}},'lineItem':{'iframe':false}}, }); }); <\/div>\n<\/p>\n<p><em>Tenemos que divertirnos<\/em> presenta la mayor\u00eda de las sesiones del \u00e1lbum en tres LP con tomas descartadas adicionales, mezclas alternativas y demos en tres CD, que tambi\u00e9n incluyen las mismas pistas que el vinilo. Los \u00e1lbumes est\u00e1n empaquetados en una funda de 12,75\u201d x 12,75\u201d adornada con una imagen de la impresionante vidriera que colgaba en Brother Studio y presenta un folleto de 40 p\u00e1ginas con notas del coproductor Edelson que se basa en entrevistas nuevas y de archivo con todos los Beach Boys y el equipo de ingenieros de Brother Studio formado por Stephen Moffitt, Earle Mankey y John Hanlon. El folleto est\u00e1 lleno de una gran cantidad de fotograf\u00edas raras, im\u00e1genes de cajas de cintas y artefactos de la \u00e9poca y una sesionograf\u00eda completa.<\/p>\n<p>El Museo Grammy en Los \u00c1ngeles celebrar\u00e1 el lanzamiento hist\u00f3rico con una velada especial el jueves 12 de febrero. Los productores de la compilaci\u00f3n Edelson y S\u00e1ez conversar\u00e1n con Moffitt, Mankey y Hanlon, marcando la primera reuni\u00f3n del tr\u00edo desde que se realizaron estas grabaciones hace 50 a\u00f1os.<\/p>\n<p>Tras el \u00e9xito inesperado de dos grandes \u00e9xitos consecutivos del Top 10, The Beach Boys llenaron estadios y arenas con entradas agotadas en todo Estados Unidos. En medio de esta era, Brian Wilson volvi\u00f3 a escribir canciones y producir, trabajando desde la nueva base de la banda en un antiguo cine con clasificaci\u00f3n X en 1454 5th St. en Santa M\u00f3nica, California, al que bautizaron Brother Studio. Los cinco miembros principales (Brian Wilson, Dennis Wilson, Carl Wilson, Mike Love y Al Jardine) contribuyeron a una serie de grabaciones crudas, sorprendentes y vulnerables.<\/p>\n<p>El primer disco de <em>Tenemos que divertirnos<\/em> caracter\u00edsticas <em>Los chicos de la playa te aman<\/em>reci\u00e9n remasterizado a partir de la mezcla original de 1977, junto con 10 tomas descartadas de la \u00e9poca. Grabado en gran parte en Brother Studio desde octubre de 1976 hasta enero de 1977 con Brian detr\u00e1s de la consola y tocando la mayor\u00eda de los instrumentos. <em>Te amo<\/em> reduce al grupo a sintetizadores anal\u00f3gicos y voces con micr\u00f3fono cercano.<\/p>\n<p>Aunque hubo divisi\u00f3n entre cr\u00edticos y fan\u00e1ticos en el momento del lanzamiento, Brian cit\u00f3 con frecuencia <em>Te amo<\/em> como su disco favorito de los Beach Boys, calific\u00e1ndolo como \u201cel mejor \u00e1lbum que jam\u00e1s hayamos hecho\u201d. Desde entonces se ha convertido en un cl\u00e1sico de culto. El guitarrista de REM, Peter Buck, lo destac\u00f3 como su \u00e1lbum favorito de Beach Boys. Como escribe Edelson en las notas, \u201cTras el lanzamiento inicial de <em>Los chicos de la playa te aman<\/em>los no creyentes adoptaron el esp\u00edritu punk del bricolaje desde el Lower East Side hasta los enclaves m\u00e1s modernos de toda Europa. Hoy en d\u00eda, el uso de teclados por parte de Brian Wilson en la d\u00e9cada de 1970 se considera una de las primeras influencias para los creadores de discos New Wave, Synth Pop y New Romantic de la d\u00e9cada de 1980.<\/p>\n<p>La grabaci\u00f3n de 1977 <em>Adulto\/Ni\u00f1o<\/em> era el seguimiento previsto, pero su publicaci\u00f3n finalmente fue vetada. Despu\u00e9s de circular durante d\u00e9cadas a trav\u00e9s de cintas de colecci\u00f3n y piratas, <em>Tenemos que divertirnos<\/em> presenta el material casi m\u00edtico en una secuencia de \u00e1lbum coherente por primera vez, complementado con nuevas mezclas de pistas de acompa\u00f1amiento de 2025 y momentos destacados de la sesi\u00f3n. \u201cUna vez escrib\u00ed una canci\u00f3n para Frank Sinatra llamada &#8216;Still I Dream Of It&#8217;. No dijo s\u00ed a la canci\u00f3n. Era una hermosa canci\u00f3n sobre la soledad y la esperanza. La canci\u00f3n termin\u00f3 en un \u00e1lbum llamado <em>Adulto\/Ni\u00f1o<\/em>que estaba lleno de ese tipo de canciones. Era un \u00e1lbum de Beach Boys que nunca sali\u00f3\u201d, coment\u00f3 Brian en una entrevista.<\/p>\n<p><em>Tenemos que divertirnos<\/em> Tambi\u00e9n ofrece una nueva perspectiva sobre el \u00e1lbum de 1976. <em>15 grandes<\/em> a trav\u00e9s de su riqueza de material de estudio. Grabado principalmente entre marzo y mayo de 1976, el \u00e1lbum fue el primero de la banda en acreditar a Brian con cr\u00e9ditos de producci\u00f3n exclusivos desde 1966. <em>Sonidos de mascotas<\/em>. Su lanzamiento estuvo acompa\u00f1ado del controvertido \u201c\u00a1Brian&#8217;s Back!\u201d campa\u00f1a, que ten\u00eda como objetivo anunciar su regreso al mando creativo total. <em>15 grandes<\/em> produjo el gran \u00e9xito \u201cRock and Roll music\u201d y devolvi\u00f3 a la banda al Top 10 de Estados Unidos. <em>Tenemos que divertirnos<\/em> presenta una variedad de versiones que no llegaron al montaje final, incluidas \u201cMony Mony\u201d, \u201cRunning Bear\u201d, \u201cShake, Rattle and Roll\u201d, \u201cOn Broadway\u201d y \u201cSea Cruise\u201d.<\/p>\n<p>Ordene los Beach Boys&#8217;s <em>Tenemos que bailar: los a\u00f1os de Brother Studio<\/em> ahora.<\/p>\n","protected":false},"excerpt":{"rendered":"<p>Los Beach Boys han anunciado una nueva caja que celebra su era de mediados de los 70. Tenemos que bailar: los a\u00f1os de Brother Studio<\/p>\n","protected":false},"author":1,"featured_media":4883,"comment_status":"closed","ping_status":"","sticky":false,"template":"","format":"standard","meta":{"footnotes":""},"categories":[50],"tags":[725,662,193,170,180],"class_list":["post-4882","post","type-post","status-publish","format-standard","has-post-thumbnail","hentry","category-el-ultimo","tag-anuncian","tag-beach","tag-boys","tag-coleccion","tag-los","generate-columns","tablet-grid-50","mobile-grid-100","grid-parent","grid-50"],"yoast_head":"<!-- This site is optimized with the Yoast SEO plugin v23.3 - https:\/\/yoast.com\/wordpress\/plugins\/seo\/ -->\n<title>Los Beach Boys anuncian la colecci\u00f3n 1976-1977<\/title>\n<meta name=\"robots\" content=\"index, follow, max-snippet:-1, max-image-preview:large, max-video-preview:-1\" \/>\n<link rel=\"canonical\" href=\"https:\/\/web.consaguirre.com.ar\/noticias\/los-beach-boys-anuncian-la-coleccion-1976-1977\/\" \/>\n<meta property=\"og:locale\" content=\"es_ES\" \/>\n<meta property=\"og:type\" content=\"article\" \/>\n<meta property=\"og:title\" content=\"Los Beach Boys anuncian la colecci\u00f3n 1976-1977\" \/>\n<meta property=\"og:description\" content=\"Los Beach Boys han anunciado una nueva caja que celebra su era de mediados de los 70. Tenemos que bailar: los a\u00f1os de Brother Studio\" \/>\n<meta property=\"og:url\" content=\"https:\/\/web.consaguirre.com.ar\/noticias\/los-beach-boys-anuncian-la-coleccion-1976-1977\/\" \/>\n<meta property=\"og:site_name\" content=\"Conservatorio de M\u00fasica Juli\u00e1n Aguirre\" \/>\n<meta property=\"article:published_time\" content=\"2026-01-21T14:38:29+00:00\" \/>\n<meta property=\"article:modified_time\" content=\"2026-01-21T14:38:31+00:00\" \/>\n<meta property=\"og:image\" content=\"https:\/\/web.consaguirre.com.ar\/noticias\/wp-content\/uploads\/2026\/01\/Los-Beach-Boys-anuncian-la-coleccion-1976-1977.jpg\" \/>\n\t<meta property=\"og:image:width\" content=\"1440\" \/>\n\t<meta property=\"og:image:height\" content=\"864\" \/>\n\t<meta property=\"og:image:type\" content=\"image\/jpeg\" \/>\n<meta name=\"author\" content=\"Javier Figueroa\" \/>\n<meta name=\"twitter:card\" content=\"summary_large_image\" \/>\n<meta name=\"twitter:label1\" content=\"Escrito por\" \/>\n\t<meta name=\"twitter:data1\" content=\"Javier Figueroa\" \/>\n\t<meta name=\"twitter:label2\" content=\"Tiempo de lectura\" \/>\n\t<meta name=\"twitter:data2\" content=\"5 minutos\" \/>\n<script type=\"application\/ld+json\" class=\"yoast-schema-graph\">{\"@context\":\"https:\/\/schema.org\",\"@graph\":[{\"@type\":\"Article\",\"@id\":\"https:\/\/web.consaguirre.com.ar\/noticias\/los-beach-boys-anuncian-la-coleccion-1976-1977\/#article\",\"isPartOf\":{\"@id\":\"https:\/\/web.consaguirre.com.ar\/noticias\/los-beach-boys-anuncian-la-coleccion-1976-1977\/\"},\"author\":{\"name\":\"Javier Figueroa\",\"@id\":\"https:\/\/web.consaguirre.com.ar\/noticias\/#\/schema\/person\/6558b0cfedee7ddc5425602b237d5722\"},\"headline\":\"Los Beach Boys anuncian la colecci\u00f3n 1976-1977\",\"datePublished\":\"2026-01-21T14:38:29+00:00\",\"dateModified\":\"2026-01-21T14:38:31+00:00\",\"mainEntityOfPage\":{\"@id\":\"https:\/\/web.consaguirre.com.ar\/noticias\/los-beach-boys-anuncian-la-coleccion-1976-1977\/\"},\"wordCount\":976,\"publisher\":{\"@id\":\"https:\/\/web.consaguirre.com.ar\/noticias\/#organization\"},\"image\":{\"@id\":\"https:\/\/web.consaguirre.com.ar\/noticias\/los-beach-boys-anuncian-la-coleccion-1976-1977\/#primaryimage\"},\"thumbnailUrl\":\"https:\/\/web.consaguirre.com.ar\/noticias\/wp-content\/uploads\/2026\/01\/Los-Beach-Boys-anuncian-la-coleccion-1976-1977.jpg\",\"keywords\":[\"anuncian\",\"Beach\",\"Boys\",\"colecci\u00f3n\",\"los\"],\"articleSection\":[\"El \u00faltimo\"],\"inLanguage\":\"es-AR\"},{\"@type\":\"WebPage\",\"@id\":\"https:\/\/web.consaguirre.com.ar\/noticias\/los-beach-boys-anuncian-la-coleccion-1976-1977\/\",\"url\":\"https:\/\/web.consaguirre.com.ar\/noticias\/los-beach-boys-anuncian-la-coleccion-1976-1977\/\",\"name\":\"Los Beach Boys anuncian la colecci\u00f3n 1976-1977\",\"isPartOf\":{\"@id\":\"https:\/\/web.consaguirre.com.ar\/noticias\/#website\"},\"primaryImageOfPage\":{\"@id\":\"https:\/\/web.consaguirre.com.ar\/noticias\/los-beach-boys-anuncian-la-coleccion-1976-1977\/#primaryimage\"},\"image\":{\"@id\":\"https:\/\/web.consaguirre.com.ar\/noticias\/los-beach-boys-anuncian-la-coleccion-1976-1977\/#primaryimage\"},\"thumbnailUrl\":\"https:\/\/web.consaguirre.com.ar\/noticias\/wp-content\/uploads\/2026\/01\/Los-Beach-Boys-anuncian-la-coleccion-1976-1977.jpg\",\"datePublished\":\"2026-01-21T14:38:29+00:00\",\"dateModified\":\"2026-01-21T14:38:31+00:00\",\"breadcrumb\":{\"@id\":\"https:\/\/web.consaguirre.com.ar\/noticias\/los-beach-boys-anuncian-la-coleccion-1976-1977\/#breadcrumb\"},\"inLanguage\":\"es-AR\",\"potentialAction\":[{\"@type\":\"ReadAction\",\"target\":[\"https:\/\/web.consaguirre.com.ar\/noticias\/los-beach-boys-anuncian-la-coleccion-1976-1977\/\"]}]},{\"@type\":\"ImageObject\",\"inLanguage\":\"es-AR\",\"@id\":\"https:\/\/web.consaguirre.com.ar\/noticias\/los-beach-boys-anuncian-la-coleccion-1976-1977\/#primaryimage\",\"url\":\"https:\/\/web.consaguirre.com.ar\/noticias\/wp-content\/uploads\/2026\/01\/Los-Beach-Boys-anuncian-la-coleccion-1976-1977.jpg\",\"contentUrl\":\"https:\/\/web.consaguirre.com.ar\/noticias\/wp-content\/uploads\/2026\/01\/Los-Beach-Boys-anuncian-la-coleccion-1976-1977.jpg\",\"width\":1440,\"height\":864,\"caption\":\"Los Beach Boys anuncian la colecci\u00f3n 1976-1977\"},{\"@type\":\"BreadcrumbList\",\"@id\":\"https:\/\/web.consaguirre.com.ar\/noticias\/los-beach-boys-anuncian-la-coleccion-1976-1977\/#breadcrumb\",\"itemListElement\":[{\"@type\":\"ListItem\",\"position\":1,\"name\":\"Inicio\",\"item\":\"https:\/\/web.consaguirre.com.ar\/noticias\/\"},{\"@type\":\"ListItem\",\"position\":2,\"name\":\"Los Beach Boys anuncian la colecci\u00f3n 1976-1977\"}]},{\"@type\":\"WebSite\",\"@id\":\"https:\/\/web.consaguirre.com.ar\/noticias\/#website\",\"url\":\"https:\/\/web.consaguirre.com.ar\/noticias\/\",\"name\":\"Conservatorio de M\u00fasica Juli\u00e1n Aguirre\",\"description\":\"\",\"publisher\":{\"@id\":\"https:\/\/web.consaguirre.com.ar\/noticias\/#organization\"},\"potentialAction\":[{\"@type\":\"SearchAction\",\"target\":{\"@type\":\"EntryPoint\",\"urlTemplate\":\"https:\/\/web.consaguirre.com.ar\/noticias\/?s={search_term_string}\"},\"query-input\":\"required name=search_term_string\"}],\"inLanguage\":\"es-AR\"},{\"@type\":\"Organization\",\"@id\":\"https:\/\/web.consaguirre.com.ar\/noticias\/#organization\",\"name\":\"Conservatorio de M\u00fasica Juli\u00e1n Aguirre\",\"url\":\"https:\/\/web.consaguirre.com.ar\/noticias\/\",\"logo\":{\"@type\":\"ImageObject\",\"inLanguage\":\"es-AR\",\"@id\":\"https:\/\/web.consaguirre.com.ar\/noticias\/#\/schema\/logo\/image\/\",\"url\":\"https:\/\/web.consaguirre.com.ar\/noticias\/wp-content\/uploads\/2024\/08\/Banner-Aguirre-23.jpg\",\"contentUrl\":\"https:\/\/web.consaguirre.com.ar\/noticias\/wp-content\/uploads\/2024\/08\/Banner-Aguirre-23.jpg\",\"width\":1192,\"height\":600,\"caption\":\"Conservatorio de M\u00fasica Juli\u00e1n Aguirre\"},\"image\":{\"@id\":\"https:\/\/web.consaguirre.com.ar\/noticias\/#\/schema\/logo\/image\/\"}},{\"@type\":\"Person\",\"@id\":\"https:\/\/web.consaguirre.com.ar\/noticias\/#\/schema\/person\/6558b0cfedee7ddc5425602b237d5722\",\"name\":\"Javier Figueroa\",\"image\":{\"@type\":\"ImageObject\",\"inLanguage\":\"es-AR\",\"@id\":\"https:\/\/web.consaguirre.com.ar\/noticias\/#\/schema\/person\/image\/\",\"url\":\"https:\/\/web.consaguirre.com.ar\/noticias\/wp-content\/uploads\/2024\/08\/Consaguirre-scaled.jpg\",\"contentUrl\":\"https:\/\/web.consaguirre.com.ar\/noticias\/wp-content\/uploads\/2024\/08\/Consaguirre-scaled.jpg\",\"caption\":\"Javier Figueroa\"},\"description\":\"Me llamo Javier Figueroa y soy redactor para el sitio oficial del Conservatorio de M\u00fasica Juli\u00e1n Aguirre en Buenos Aires, consaguirre.com. Apasionado por la m\u00fasica y la escritura, me esfuerzo por destacar los talentos y eventos de nuestra prestigiosa instituci\u00f3n. Mi trayectoria se nutre de una profunda admiraci\u00f3n por los artistas, haciendo de cada art\u00edculo una celebraci\u00f3n de la creatividad y la cultura musical.\",\"sameAs\":[\"https:\/\/web.consaguirre.com.ar\/noticias\"]}]}<\/script>\n<!-- \/ Yoast SEO plugin. -->","yoast_head_json":{"title":"Los Beach Boys anuncian la colecci\u00f3n 1976-1977","robots":{"index":"index","follow":"follow","max-snippet":"max-snippet:-1","max-image-preview":"max-image-preview:large","max-video-preview":"max-video-preview:-1"},"canonical":"https:\/\/web.consaguirre.com.ar\/noticias\/los-beach-boys-anuncian-la-coleccion-1976-1977\/","og_locale":"es_ES","og_type":"article","og_title":"Los Beach Boys anuncian la colecci\u00f3n 1976-1977","og_description":"Los Beach Boys han anunciado una nueva caja que celebra su era de mediados de los 70. Tenemos que bailar: los a\u00f1os de Brother Studio","og_url":"https:\/\/web.consaguirre.com.ar\/noticias\/los-beach-boys-anuncian-la-coleccion-1976-1977\/","og_site_name":"Conservatorio de M\u00fasica Juli\u00e1n Aguirre","article_published_time":"2026-01-21T14:38:29+00:00","article_modified_time":"2026-01-21T14:38:31+00:00","og_image":[{"width":1440,"height":864,"url":"https:\/\/web.consaguirre.com.ar\/noticias\/wp-content\/uploads\/2026\/01\/Los-Beach-Boys-anuncian-la-coleccion-1976-1977.jpg","type":"image\/jpeg"}],"author":"Javier Figueroa","twitter_card":"summary_large_image","twitter_misc":{"Escrito por":"Javier Figueroa","Tiempo de lectura":"5 minutos"},"schema":{"@context":"https:\/\/schema.org","@graph":[{"@type":"Article","@id":"https:\/\/web.consaguirre.com.ar\/noticias\/los-beach-boys-anuncian-la-coleccion-1976-1977\/#article","isPartOf":{"@id":"https:\/\/web.consaguirre.com.ar\/noticias\/los-beach-boys-anuncian-la-coleccion-1976-1977\/"},"author":{"name":"Javier Figueroa","@id":"https:\/\/web.consaguirre.com.ar\/noticias\/#\/schema\/person\/6558b0cfedee7ddc5425602b237d5722"},"headline":"Los Beach Boys anuncian la colecci\u00f3n 1976-1977","datePublished":"2026-01-21T14:38:29+00:00","dateModified":"2026-01-21T14:38:31+00:00","mainEntityOfPage":{"@id":"https:\/\/web.consaguirre.com.ar\/noticias\/los-beach-boys-anuncian-la-coleccion-1976-1977\/"},"wordCount":976,"publisher":{"@id":"https:\/\/web.consaguirre.com.ar\/noticias\/#organization"},"image":{"@id":"https:\/\/web.consaguirre.com.ar\/noticias\/los-beach-boys-anuncian-la-coleccion-1976-1977\/#primaryimage"},"thumbnailUrl":"https:\/\/web.consaguirre.com.ar\/noticias\/wp-content\/uploads\/2026\/01\/Los-Beach-Boys-anuncian-la-coleccion-1976-1977.jpg","keywords":["anuncian","Beach","Boys","colecci\u00f3n","los"],"articleSection":["El \u00faltimo"],"inLanguage":"es-AR"},{"@type":"WebPage","@id":"https:\/\/web.consaguirre.com.ar\/noticias\/los-beach-boys-anuncian-la-coleccion-1976-1977\/","url":"https:\/\/web.consaguirre.com.ar\/noticias\/los-beach-boys-anuncian-la-coleccion-1976-1977\/","name":"Los Beach Boys anuncian la colecci\u00f3n 1976-1977","isPartOf":{"@id":"https:\/\/web.consaguirre.com.ar\/noticias\/#website"},"primaryImageOfPage":{"@id":"https:\/\/web.consaguirre.com.ar\/noticias\/los-beach-boys-anuncian-la-coleccion-1976-1977\/#primaryimage"},"image":{"@id":"https:\/\/web.consaguirre.com.ar\/noticias\/los-beach-boys-anuncian-la-coleccion-1976-1977\/#primaryimage"},"thumbnailUrl":"https:\/\/web.consaguirre.com.ar\/noticias\/wp-content\/uploads\/2026\/01\/Los-Beach-Boys-anuncian-la-coleccion-1976-1977.jpg","datePublished":"2026-01-21T14:38:29+00:00","dateModified":"2026-01-21T14:38:31+00:00","breadcrumb":{"@id":"https:\/\/web.consaguirre.com.ar\/noticias\/los-beach-boys-anuncian-la-coleccion-1976-1977\/#breadcrumb"},"inLanguage":"es-AR","potentialAction":[{"@type":"ReadAction","target":["https:\/\/web.consaguirre.com.ar\/noticias\/los-beach-boys-anuncian-la-coleccion-1976-1977\/"]}]},{"@type":"ImageObject","inLanguage":"es-AR","@id":"https:\/\/web.consaguirre.com.ar\/noticias\/los-beach-boys-anuncian-la-coleccion-1976-1977\/#primaryimage","url":"https:\/\/web.consaguirre.com.ar\/noticias\/wp-content\/uploads\/2026\/01\/Los-Beach-Boys-anuncian-la-coleccion-1976-1977.jpg","contentUrl":"https:\/\/web.consaguirre.com.ar\/noticias\/wp-content\/uploads\/2026\/01\/Los-Beach-Boys-anuncian-la-coleccion-1976-1977.jpg","width":1440,"height":864,"caption":"Los Beach Boys anuncian la colecci\u00f3n 1976-1977"},{"@type":"BreadcrumbList","@id":"https:\/\/web.consaguirre.com.ar\/noticias\/los-beach-boys-anuncian-la-coleccion-1976-1977\/#breadcrumb","itemListElement":[{"@type":"ListItem","position":1,"name":"Inicio","item":"https:\/\/web.consaguirre.com.ar\/noticias\/"},{"@type":"ListItem","position":2,"name":"Los Beach Boys anuncian la colecci\u00f3n 1976-1977"}]},{"@type":"WebSite","@id":"https:\/\/web.consaguirre.com.ar\/noticias\/#website","url":"https:\/\/web.consaguirre.com.ar\/noticias\/","name":"Conservatorio de M\u00fasica Juli\u00e1n Aguirre","description":"","publisher":{"@id":"https:\/\/web.consaguirre.com.ar\/noticias\/#organization"},"potentialAction":[{"@type":"SearchAction","target":{"@type":"EntryPoint","urlTemplate":"https:\/\/web.consaguirre.com.ar\/noticias\/?s={search_term_string}"},"query-input":"required name=search_term_string"}],"inLanguage":"es-AR"},{"@type":"Organization","@id":"https:\/\/web.consaguirre.com.ar\/noticias\/#organization","name":"Conservatorio de M\u00fasica Juli\u00e1n Aguirre","url":"https:\/\/web.consaguirre.com.ar\/noticias\/","logo":{"@type":"ImageObject","inLanguage":"es-AR","@id":"https:\/\/web.consaguirre.com.ar\/noticias\/#\/schema\/logo\/image\/","url":"https:\/\/web.consaguirre.com.ar\/noticias\/wp-content\/uploads\/2024\/08\/Banner-Aguirre-23.jpg","contentUrl":"https:\/\/web.consaguirre.com.ar\/noticias\/wp-content\/uploads\/2024\/08\/Banner-Aguirre-23.jpg","width":1192,"height":600,"caption":"Conservatorio de M\u00fasica Juli\u00e1n Aguirre"},"image":{"@id":"https:\/\/web.consaguirre.com.ar\/noticias\/#\/schema\/logo\/image\/"}},{"@type":"Person","@id":"https:\/\/web.consaguirre.com.ar\/noticias\/#\/schema\/person\/6558b0cfedee7ddc5425602b237d5722","name":"Javier Figueroa","image":{"@type":"ImageObject","inLanguage":"es-AR","@id":"https:\/\/web.consaguirre.com.ar\/noticias\/#\/schema\/person\/image\/","url":"https:\/\/web.consaguirre.com.ar\/noticias\/wp-content\/uploads\/2024\/08\/Consaguirre-scaled.jpg","contentUrl":"https:\/\/web.consaguirre.com.ar\/noticias\/wp-content\/uploads\/2024\/08\/Consaguirre-scaled.jpg","caption":"Javier Figueroa"},"description":"Me llamo Javier Figueroa y soy redactor para el sitio oficial del Conservatorio de M\u00fasica Juli\u00e1n Aguirre en Buenos Aires, consaguirre.com. Apasionado por la m\u00fasica y la escritura, me esfuerzo por destacar los talentos y eventos de nuestra prestigiosa instituci\u00f3n. Mi trayectoria se nutre de una profunda admiraci\u00f3n por los artistas, haciendo de cada art\u00edculo una celebraci\u00f3n de la creatividad y la cultura musical.","sameAs":["https:\/\/web.consaguirre.com.ar\/noticias"]}]}},"_links":{"self":[{"href":"https:\/\/web.consaguirre.com.ar\/noticias\/wp-json\/wp\/v2\/posts\/4882"}],"collection":[{"href":"https:\/\/web.consaguirre.com.ar\/noticias\/wp-json\/wp\/v2\/posts"}],"about":[{"href":"https:\/\/web.consaguirre.com.ar\/noticias\/wp-json\/wp\/v2\/types\/post"}],"author":[{"embeddable":true,"href":"https:\/\/web.consaguirre.com.ar\/noticias\/wp-json\/wp\/v2\/users\/1"}],"replies":[{"embeddable":true,"href":"https:\/\/web.consaguirre.com.ar\/noticias\/wp-json\/wp\/v2\/comments?post=4882"}],"version-history":[{"count":1,"href":"https:\/\/web.consaguirre.com.ar\/noticias\/wp-json\/wp\/v2\/posts\/4882\/revisions"}],"predecessor-version":[{"id":4884,"href":"https:\/\/web.consaguirre.com.ar\/noticias\/wp-json\/wp\/v2\/posts\/4882\/revisions\/4884"}],"wp:featuredmedia":[{"embeddable":true,"href":"https:\/\/web.consaguirre.com.ar\/noticias\/wp-json\/wp\/v2\/media\/4883"}],"wp:attachment":[{"href":"https:\/\/web.consaguirre.com.ar\/noticias\/wp-json\/wp\/v2\/media?parent=4882"}],"wp:term":[{"taxonomy":"category","embeddable":true,"href":"https:\/\/web.consaguirre.com.ar\/noticias\/wp-json\/wp\/v2\/categories?post=4882"},{"taxonomy":"post_tag","embeddable":true,"href":"https:\/\/web.consaguirre.com.ar\/noticias\/wp-json\/wp\/v2\/tags?post=4882"}],"curies":[{"name":"wp","href":"https:\/\/api.w.org\/{rel}","templated":true}]}}