{"id":4879,"date":"2026-01-21T02:38:10","date_gmt":"2026-01-21T05:38:10","guid":{"rendered":"https:\/\/web.consaguirre.com.ar\/noticias\/elevation-de-pharoah-sanders-se-une-a-la-serie-verve-vault\/"},"modified":"2026-01-21T02:38:11","modified_gmt":"2026-01-21T05:38:11","slug":"elevation-de-pharoah-sanders-se-une-a-la-serie-verve-vault","status":"publish","type":"post","link":"https:\/\/web.consaguirre.com.ar\/noticias\/elevation-de-pharoah-sanders-se-une-a-la-serie-verve-vault\/","title":{"rendered":"&#8216;Elevation&#8217; de Pharoah Sanders se une a la serie Verve Vault"},"content":{"rendered":"<p><em>Elevaci\u00f3n<\/em>lanzado originalmente en 1974 en Impulse! Records, encuentra al saxofonista tenor Pharoah Sanders ampliando su visi\u00f3n espiritual del jazz en un \u00e1lbum que equilibra la expresi\u00f3n ext\u00e1tica con la interacci\u00f3n grupal enfocada. El \u00e1lbum se reeditar\u00e1 en vinilo totalmente anal\u00f3gico de 180 gramos el 13 de marzo de 2026, como parte de la serie Verve Vault.<\/p>\n<p>Producida por Ed Michel y grabada en 1973, <em>Elevaci\u00f3n<\/em> presenta un conjunto din\u00e1mico. Las formas abiertas, los ritmos modales y los temas espirituales del \u00e1lbum subrayan la b\u00fasqueda continua de Sanders de trascendencia y afirmaci\u00f3n cultural a trav\u00e9s del sonido.<\/p>\n<div align='center'>\n<div class=\"udiscover-store-container\">\n<div id='udiscover-store-one-product'><\/div>\n<\/div>\n<p>\/*<!(CDATA(*\/(function (){var scriptURL='https:\/\/sdks.shopifycdn.com\/buy-button\/latest\/buy-button-storefront.min.js';if(window.ShopifyBuy){if(window.ShopifyBuy.UI){ShopifyBuyInit();}else{loadScript();}}else{loadScript();}funci\u00f3n loadScript(){var script=document.createElement('script');script.async=true;script.src=scriptURL;(document.getElementsByTagName('head')(0)|| document.getElementsByTagName('body')(0)).appendChild(script);script.onload=ShopifyBuyInit;} function ShopifyBuyInit(){var cliente=ShopifyBuy.buildClient({dominio:'udiscover.myshopify.com',storefrontAccessToken: 'bdc89f347d2ce61c1feeb9f8c60b2b98',}); ShopifyBuy.UI.onReady(cliente).luego(funci\u00f3n(ui){ ui.createComponent('producto',{ id:(7671875895373), nodo:document.getElementById('udiscover-store-one-product'), moneyFormat:'%24%7B%7Bamount%7D%7D', opciones:{'product':{'iframe':false,'buttonDestination':'modal','contents':{'options':true},'text':{'button':'ORDEN AHORA','outOfStock':'Lo sentimos, esto est\u00e1 agotado stock'}},'productSet':{'iframe':false},'modalProduct':{'iframe':false,'contents':{'img':false,'imgWithCarousel':true,'button':false,'buttonWithQuantity':true} },'modal':{'iframe':false},'option':{'iframe':false},'cart':{'iframe':false},'toggle':{'iframe':false,'contents':{'icon':false}},'lineItem':{'iframe':false}}, }); }); <\/div>\n<\/p>\n<p>Con melod\u00edas parecidas a c\u00e1nticos, motivos circulares y texturas r\u00edtmicas inmersivas, piezas como \u201cThe Gathering\u201d y la canci\u00f3n principal reflejan un lado m\u00e1s meditativo y exploratorio de la est\u00e9tica de Sanders. <em>Elevaci\u00f3n<\/em> marca la culminaci\u00f3n de su Impulso! discograf\u00eda: una declaraci\u00f3n final de estudio cohesiva y espiritualmente resonante para el sello que une el fuego crudo de \u00e1lbumes anteriores con un sonido m\u00e1s profundo y espacioso.<\/p>\n<p>La serie Verve Vault presenta reediciones en vinilo totalmente anal\u00f3gico de 180 gramos de \u00e1lbumes esenciales de Verve, Impulse!, Mercury y cat\u00e1logos asociados. Masterizado por Ryan K. Smith a partir de las cintas anal\u00f3gicas originales y prensado en Optimal, cada lanzamiento combina una fidelidad de audio excepcional con una atenci\u00f3n meticulosa al detalle, desde la masterizaci\u00f3n hasta la reproducci\u00f3n de la cubierta. La serie se enorgullece de destacar tanto t\u00edtulos ic\u00f3nicos como joyas pasadas por alto desde los a\u00f1os cincuenta hasta los setenta.<\/p>\n<p><b>Compre la serie Verve Vault ahora.<\/b><\/p>\n","protected":false},"excerpt":{"rendered":"<p>Elevaci\u00f3nlanzado originalmente en 1974 en Impulse! Records, encuentra al saxofonista tenor Pharoah Sanders ampliando su visi\u00f3n espiritual del jazz en un \u00e1lbum que equilibra la<\/p>\n","protected":false},"author":1,"featured_media":4880,"comment_status":"closed","ping_status":"","sticky":false,"template":"","format":"standard","meta":{"footnotes":""},"categories":[50],"tags":[3762,1993,1994,220,455,718,1182],"class_list":["post-4879","post","type-post","status-publish","format-standard","has-post-thumbnail","hentry","category-el-ultimo","tag-elevation","tag-pharoah","tag-sanders","tag-serie","tag-une","tag-vault","tag-verve","generate-columns","tablet-grid-50","mobile-grid-100","grid-parent","grid-50"],"yoast_head":"<!-- This site is optimized with the Yoast SEO plugin v23.3 - https:\/\/yoast.com\/wordpress\/plugins\/seo\/ -->\n<title>&#039;Elevation&#039; de Pharoah Sanders se une a la serie Verve Vault<\/title>\n<meta name=\"robots\" content=\"index, follow, max-snippet:-1, max-image-preview:large, max-video-preview:-1\" \/>\n<link rel=\"canonical\" href=\"https:\/\/web.consaguirre.com.ar\/noticias\/elevation-de-pharoah-sanders-se-une-a-la-serie-verve-vault\/\" \/>\n<meta property=\"og:locale\" content=\"es_ES\" \/>\n<meta property=\"og:type\" content=\"article\" \/>\n<meta property=\"og:title\" content=\"&#039;Elevation&#039; de Pharoah Sanders se une a la serie Verve Vault\" \/>\n<meta property=\"og:description\" content=\"Elevaci\u00f3nlanzado originalmente en 1974 en Impulse! Records, encuentra al saxofonista tenor Pharoah Sanders ampliando su visi\u00f3n espiritual del jazz en un \u00e1lbum que equilibra la\" \/>\n<meta property=\"og:url\" content=\"https:\/\/web.consaguirre.com.ar\/noticias\/elevation-de-pharoah-sanders-se-une-a-la-serie-verve-vault\/\" \/>\n<meta property=\"og:site_name\" content=\"Conservatorio de M\u00fasica Juli\u00e1n Aguirre\" \/>\n<meta property=\"article:published_time\" content=\"2026-01-21T05:38:10+00:00\" \/>\n<meta property=\"article:modified_time\" content=\"2026-01-21T05:38:11+00:00\" \/>\n<meta property=\"og:image\" content=\"https:\/\/web.consaguirre.com.ar\/noticias\/wp-content\/uploads\/2026\/01\/Elevation-de-Pharoah-Sanders-se-une-a-la-serie-Verve.jpg\" \/>\n\t<meta property=\"og:image:width\" content=\"820\" \/>\n\t<meta property=\"og:image:height\" content=\"820\" \/>\n\t<meta property=\"og:image:type\" content=\"image\/jpeg\" \/>\n<meta name=\"author\" content=\"Javier Figueroa\" \/>\n<meta name=\"twitter:card\" content=\"summary_large_image\" \/>\n<meta name=\"twitter:label1\" content=\"Escrito por\" \/>\n\t<meta name=\"twitter:data1\" content=\"Javier Figueroa\" \/>\n\t<meta name=\"twitter:label2\" content=\"Tiempo de lectura\" \/>\n\t<meta name=\"twitter:data2\" content=\"1 minuto\" \/>\n<script type=\"application\/ld+json\" class=\"yoast-schema-graph\">{\"@context\":\"https:\/\/schema.org\",\"@graph\":[{\"@type\":\"Article\",\"@id\":\"https:\/\/web.consaguirre.com.ar\/noticias\/elevation-de-pharoah-sanders-se-une-a-la-serie-verve-vault\/#article\",\"isPartOf\":{\"@id\":\"https:\/\/web.consaguirre.com.ar\/noticias\/elevation-de-pharoah-sanders-se-une-a-la-serie-verve-vault\/\"},\"author\":{\"name\":\"Javier Figueroa\",\"@id\":\"https:\/\/web.consaguirre.com.ar\/noticias\/#\/schema\/person\/6558b0cfedee7ddc5425602b237d5722\"},\"headline\":\"&#8216;Elevation&#8217; de Pharoah Sanders se une a la serie Verve Vault\",\"datePublished\":\"2026-01-21T05:38:10+00:00\",\"dateModified\":\"2026-01-21T05:38:11+00:00\",\"mainEntityOfPage\":{\"@id\":\"https:\/\/web.consaguirre.com.ar\/noticias\/elevation-de-pharoah-sanders-se-une-a-la-serie-verve-vault\/\"},\"wordCount\":287,\"publisher\":{\"@id\":\"https:\/\/web.consaguirre.com.ar\/noticias\/#organization\"},\"image\":{\"@id\":\"https:\/\/web.consaguirre.com.ar\/noticias\/elevation-de-pharoah-sanders-se-une-a-la-serie-verve-vault\/#primaryimage\"},\"thumbnailUrl\":\"https:\/\/web.consaguirre.com.ar\/noticias\/wp-content\/uploads\/2026\/01\/Elevation-de-Pharoah-Sanders-se-une-a-la-serie-Verve.jpg\",\"keywords\":[\"Elevation\",\"Pharoah\",\"Sanders\",\"serie\",\"une\",\"Vault\",\"Verve\"],\"articleSection\":[\"El \u00faltimo\"],\"inLanguage\":\"es-AR\"},{\"@type\":\"WebPage\",\"@id\":\"https:\/\/web.consaguirre.com.ar\/noticias\/elevation-de-pharoah-sanders-se-une-a-la-serie-verve-vault\/\",\"url\":\"https:\/\/web.consaguirre.com.ar\/noticias\/elevation-de-pharoah-sanders-se-une-a-la-serie-verve-vault\/\",\"name\":\"'Elevation' de Pharoah Sanders se une a la serie Verve Vault\",\"isPartOf\":{\"@id\":\"https:\/\/web.consaguirre.com.ar\/noticias\/#website\"},\"primaryImageOfPage\":{\"@id\":\"https:\/\/web.consaguirre.com.ar\/noticias\/elevation-de-pharoah-sanders-se-une-a-la-serie-verve-vault\/#primaryimage\"},\"image\":{\"@id\":\"https:\/\/web.consaguirre.com.ar\/noticias\/elevation-de-pharoah-sanders-se-une-a-la-serie-verve-vault\/#primaryimage\"},\"thumbnailUrl\":\"https:\/\/web.consaguirre.com.ar\/noticias\/wp-content\/uploads\/2026\/01\/Elevation-de-Pharoah-Sanders-se-une-a-la-serie-Verve.jpg\",\"datePublished\":\"2026-01-21T05:38:10+00:00\",\"dateModified\":\"2026-01-21T05:38:11+00:00\",\"breadcrumb\":{\"@id\":\"https:\/\/web.consaguirre.com.ar\/noticias\/elevation-de-pharoah-sanders-se-une-a-la-serie-verve-vault\/#breadcrumb\"},\"inLanguage\":\"es-AR\",\"potentialAction\":[{\"@type\":\"ReadAction\",\"target\":[\"https:\/\/web.consaguirre.com.ar\/noticias\/elevation-de-pharoah-sanders-se-une-a-la-serie-verve-vault\/\"]}]},{\"@type\":\"ImageObject\",\"inLanguage\":\"es-AR\",\"@id\":\"https:\/\/web.consaguirre.com.ar\/noticias\/elevation-de-pharoah-sanders-se-une-a-la-serie-verve-vault\/#primaryimage\",\"url\":\"https:\/\/web.consaguirre.com.ar\/noticias\/wp-content\/uploads\/2026\/01\/Elevation-de-Pharoah-Sanders-se-une-a-la-serie-Verve.jpg\",\"contentUrl\":\"https:\/\/web.consaguirre.com.ar\/noticias\/wp-content\/uploads\/2026\/01\/Elevation-de-Pharoah-Sanders-se-une-a-la-serie-Verve.jpg\",\"width\":820,\"height\":820,\"caption\":\"'Elevation' de Pharoah Sanders se une a la serie Verve Vault\"},{\"@type\":\"BreadcrumbList\",\"@id\":\"https:\/\/web.consaguirre.com.ar\/noticias\/elevation-de-pharoah-sanders-se-une-a-la-serie-verve-vault\/#breadcrumb\",\"itemListElement\":[{\"@type\":\"ListItem\",\"position\":1,\"name\":\"Inicio\",\"item\":\"https:\/\/web.consaguirre.com.ar\/noticias\/\"},{\"@type\":\"ListItem\",\"position\":2,\"name\":\"&#8216;Elevation&#8217; de Pharoah Sanders se une a la serie Verve Vault\"}]},{\"@type\":\"WebSite\",\"@id\":\"https:\/\/web.consaguirre.com.ar\/noticias\/#website\",\"url\":\"https:\/\/web.consaguirre.com.ar\/noticias\/\",\"name\":\"Conservatorio de M\u00fasica Juli\u00e1n Aguirre\",\"description\":\"\",\"publisher\":{\"@id\":\"https:\/\/web.consaguirre.com.ar\/noticias\/#organization\"},\"potentialAction\":[{\"@type\":\"SearchAction\",\"target\":{\"@type\":\"EntryPoint\",\"urlTemplate\":\"https:\/\/web.consaguirre.com.ar\/noticias\/?s={search_term_string}\"},\"query-input\":\"required name=search_term_string\"}],\"inLanguage\":\"es-AR\"},{\"@type\":\"Organization\",\"@id\":\"https:\/\/web.consaguirre.com.ar\/noticias\/#organization\",\"name\":\"Conservatorio de M\u00fasica Juli\u00e1n Aguirre\",\"url\":\"https:\/\/web.consaguirre.com.ar\/noticias\/\",\"logo\":{\"@type\":\"ImageObject\",\"inLanguage\":\"es-AR\",\"@id\":\"https:\/\/web.consaguirre.com.ar\/noticias\/#\/schema\/logo\/image\/\",\"url\":\"https:\/\/web.consaguirre.com.ar\/noticias\/wp-content\/uploads\/2024\/08\/Banner-Aguirre-23.jpg\",\"contentUrl\":\"https:\/\/web.consaguirre.com.ar\/noticias\/wp-content\/uploads\/2024\/08\/Banner-Aguirre-23.jpg\",\"width\":1192,\"height\":600,\"caption\":\"Conservatorio de M\u00fasica Juli\u00e1n Aguirre\"},\"image\":{\"@id\":\"https:\/\/web.consaguirre.com.ar\/noticias\/#\/schema\/logo\/image\/\"}},{\"@type\":\"Person\",\"@id\":\"https:\/\/web.consaguirre.com.ar\/noticias\/#\/schema\/person\/6558b0cfedee7ddc5425602b237d5722\",\"name\":\"Javier Figueroa\",\"image\":{\"@type\":\"ImageObject\",\"inLanguage\":\"es-AR\",\"@id\":\"https:\/\/web.consaguirre.com.ar\/noticias\/#\/schema\/person\/image\/\",\"url\":\"https:\/\/web.consaguirre.com.ar\/noticias\/wp-content\/uploads\/2024\/08\/Consaguirre-scaled.jpg\",\"contentUrl\":\"https:\/\/web.consaguirre.com.ar\/noticias\/wp-content\/uploads\/2024\/08\/Consaguirre-scaled.jpg\",\"caption\":\"Javier Figueroa\"},\"description\":\"Me llamo Javier Figueroa y soy redactor para el sitio oficial del Conservatorio de M\u00fasica Juli\u00e1n Aguirre en Buenos Aires, consaguirre.com. Apasionado por la m\u00fasica y la escritura, me esfuerzo por destacar los talentos y eventos de nuestra prestigiosa instituci\u00f3n. Mi trayectoria se nutre de una profunda admiraci\u00f3n por los artistas, haciendo de cada art\u00edculo una celebraci\u00f3n de la creatividad y la cultura musical.\",\"sameAs\":[\"https:\/\/web.consaguirre.com.ar\/noticias\"]}]}<\/script>\n<!-- \/ Yoast SEO plugin. -->","yoast_head_json":{"title":"'Elevation' de Pharoah Sanders se une a la serie Verve Vault","robots":{"index":"index","follow":"follow","max-snippet":"max-snippet:-1","max-image-preview":"max-image-preview:large","max-video-preview":"max-video-preview:-1"},"canonical":"https:\/\/web.consaguirre.com.ar\/noticias\/elevation-de-pharoah-sanders-se-une-a-la-serie-verve-vault\/","og_locale":"es_ES","og_type":"article","og_title":"'Elevation' de Pharoah Sanders se une a la serie Verve Vault","og_description":"Elevaci\u00f3nlanzado originalmente en 1974 en Impulse! Records, encuentra al saxofonista tenor Pharoah Sanders ampliando su visi\u00f3n espiritual del jazz en un \u00e1lbum que equilibra la","og_url":"https:\/\/web.consaguirre.com.ar\/noticias\/elevation-de-pharoah-sanders-se-une-a-la-serie-verve-vault\/","og_site_name":"Conservatorio de M\u00fasica Juli\u00e1n Aguirre","article_published_time":"2026-01-21T05:38:10+00:00","article_modified_time":"2026-01-21T05:38:11+00:00","og_image":[{"width":820,"height":820,"url":"https:\/\/web.consaguirre.com.ar\/noticias\/wp-content\/uploads\/2026\/01\/Elevation-de-Pharoah-Sanders-se-une-a-la-serie-Verve.jpg","type":"image\/jpeg"}],"author":"Javier Figueroa","twitter_card":"summary_large_image","twitter_misc":{"Escrito por":"Javier Figueroa","Tiempo de lectura":"1 minuto"},"schema":{"@context":"https:\/\/schema.org","@graph":[{"@type":"Article","@id":"https:\/\/web.consaguirre.com.ar\/noticias\/elevation-de-pharoah-sanders-se-une-a-la-serie-verve-vault\/#article","isPartOf":{"@id":"https:\/\/web.consaguirre.com.ar\/noticias\/elevation-de-pharoah-sanders-se-une-a-la-serie-verve-vault\/"},"author":{"name":"Javier Figueroa","@id":"https:\/\/web.consaguirre.com.ar\/noticias\/#\/schema\/person\/6558b0cfedee7ddc5425602b237d5722"},"headline":"&#8216;Elevation&#8217; de Pharoah Sanders se une a la serie Verve Vault","datePublished":"2026-01-21T05:38:10+00:00","dateModified":"2026-01-21T05:38:11+00:00","mainEntityOfPage":{"@id":"https:\/\/web.consaguirre.com.ar\/noticias\/elevation-de-pharoah-sanders-se-une-a-la-serie-verve-vault\/"},"wordCount":287,"publisher":{"@id":"https:\/\/web.consaguirre.com.ar\/noticias\/#organization"},"image":{"@id":"https:\/\/web.consaguirre.com.ar\/noticias\/elevation-de-pharoah-sanders-se-une-a-la-serie-verve-vault\/#primaryimage"},"thumbnailUrl":"https:\/\/web.consaguirre.com.ar\/noticias\/wp-content\/uploads\/2026\/01\/Elevation-de-Pharoah-Sanders-se-une-a-la-serie-Verve.jpg","keywords":["Elevation","Pharoah","Sanders","serie","une","Vault","Verve"],"articleSection":["El \u00faltimo"],"inLanguage":"es-AR"},{"@type":"WebPage","@id":"https:\/\/web.consaguirre.com.ar\/noticias\/elevation-de-pharoah-sanders-se-une-a-la-serie-verve-vault\/","url":"https:\/\/web.consaguirre.com.ar\/noticias\/elevation-de-pharoah-sanders-se-une-a-la-serie-verve-vault\/","name":"'Elevation' de Pharoah Sanders se une a la serie Verve Vault","isPartOf":{"@id":"https:\/\/web.consaguirre.com.ar\/noticias\/#website"},"primaryImageOfPage":{"@id":"https:\/\/web.consaguirre.com.ar\/noticias\/elevation-de-pharoah-sanders-se-une-a-la-serie-verve-vault\/#primaryimage"},"image":{"@id":"https:\/\/web.consaguirre.com.ar\/noticias\/elevation-de-pharoah-sanders-se-une-a-la-serie-verve-vault\/#primaryimage"},"thumbnailUrl":"https:\/\/web.consaguirre.com.ar\/noticias\/wp-content\/uploads\/2026\/01\/Elevation-de-Pharoah-Sanders-se-une-a-la-serie-Verve.jpg","datePublished":"2026-01-21T05:38:10+00:00","dateModified":"2026-01-21T05:38:11+00:00","breadcrumb":{"@id":"https:\/\/web.consaguirre.com.ar\/noticias\/elevation-de-pharoah-sanders-se-une-a-la-serie-verve-vault\/#breadcrumb"},"inLanguage":"es-AR","potentialAction":[{"@type":"ReadAction","target":["https:\/\/web.consaguirre.com.ar\/noticias\/elevation-de-pharoah-sanders-se-une-a-la-serie-verve-vault\/"]}]},{"@type":"ImageObject","inLanguage":"es-AR","@id":"https:\/\/web.consaguirre.com.ar\/noticias\/elevation-de-pharoah-sanders-se-une-a-la-serie-verve-vault\/#primaryimage","url":"https:\/\/web.consaguirre.com.ar\/noticias\/wp-content\/uploads\/2026\/01\/Elevation-de-Pharoah-Sanders-se-une-a-la-serie-Verve.jpg","contentUrl":"https:\/\/web.consaguirre.com.ar\/noticias\/wp-content\/uploads\/2026\/01\/Elevation-de-Pharoah-Sanders-se-une-a-la-serie-Verve.jpg","width":820,"height":820,"caption":"'Elevation' de Pharoah Sanders se une a la serie Verve Vault"},{"@type":"BreadcrumbList","@id":"https:\/\/web.consaguirre.com.ar\/noticias\/elevation-de-pharoah-sanders-se-une-a-la-serie-verve-vault\/#breadcrumb","itemListElement":[{"@type":"ListItem","position":1,"name":"Inicio","item":"https:\/\/web.consaguirre.com.ar\/noticias\/"},{"@type":"ListItem","position":2,"name":"&#8216;Elevation&#8217; de Pharoah Sanders se une a la serie Verve Vault"}]},{"@type":"WebSite","@id":"https:\/\/web.consaguirre.com.ar\/noticias\/#website","url":"https:\/\/web.consaguirre.com.ar\/noticias\/","name":"Conservatorio de M\u00fasica Juli\u00e1n Aguirre","description":"","publisher":{"@id":"https:\/\/web.consaguirre.com.ar\/noticias\/#organization"},"potentialAction":[{"@type":"SearchAction","target":{"@type":"EntryPoint","urlTemplate":"https:\/\/web.consaguirre.com.ar\/noticias\/?s={search_term_string}"},"query-input":"required name=search_term_string"}],"inLanguage":"es-AR"},{"@type":"Organization","@id":"https:\/\/web.consaguirre.com.ar\/noticias\/#organization","name":"Conservatorio de M\u00fasica Juli\u00e1n Aguirre","url":"https:\/\/web.consaguirre.com.ar\/noticias\/","logo":{"@type":"ImageObject","inLanguage":"es-AR","@id":"https:\/\/web.consaguirre.com.ar\/noticias\/#\/schema\/logo\/image\/","url":"https:\/\/web.consaguirre.com.ar\/noticias\/wp-content\/uploads\/2024\/08\/Banner-Aguirre-23.jpg","contentUrl":"https:\/\/web.consaguirre.com.ar\/noticias\/wp-content\/uploads\/2024\/08\/Banner-Aguirre-23.jpg","width":1192,"height":600,"caption":"Conservatorio de M\u00fasica Juli\u00e1n Aguirre"},"image":{"@id":"https:\/\/web.consaguirre.com.ar\/noticias\/#\/schema\/logo\/image\/"}},{"@type":"Person","@id":"https:\/\/web.consaguirre.com.ar\/noticias\/#\/schema\/person\/6558b0cfedee7ddc5425602b237d5722","name":"Javier Figueroa","image":{"@type":"ImageObject","inLanguage":"es-AR","@id":"https:\/\/web.consaguirre.com.ar\/noticias\/#\/schema\/person\/image\/","url":"https:\/\/web.consaguirre.com.ar\/noticias\/wp-content\/uploads\/2024\/08\/Consaguirre-scaled.jpg","contentUrl":"https:\/\/web.consaguirre.com.ar\/noticias\/wp-content\/uploads\/2024\/08\/Consaguirre-scaled.jpg","caption":"Javier Figueroa"},"description":"Me llamo Javier Figueroa y soy redactor para el sitio oficial del Conservatorio de M\u00fasica Juli\u00e1n Aguirre en Buenos Aires, consaguirre.com. Apasionado por la m\u00fasica y la escritura, me esfuerzo por destacar los talentos y eventos de nuestra prestigiosa instituci\u00f3n. Mi trayectoria se nutre de una profunda admiraci\u00f3n por los artistas, haciendo de cada art\u00edculo una celebraci\u00f3n de la creatividad y la cultura musical.","sameAs":["https:\/\/web.consaguirre.com.ar\/noticias"]}]}},"_links":{"self":[{"href":"https:\/\/web.consaguirre.com.ar\/noticias\/wp-json\/wp\/v2\/posts\/4879"}],"collection":[{"href":"https:\/\/web.consaguirre.com.ar\/noticias\/wp-json\/wp\/v2\/posts"}],"about":[{"href":"https:\/\/web.consaguirre.com.ar\/noticias\/wp-json\/wp\/v2\/types\/post"}],"author":[{"embeddable":true,"href":"https:\/\/web.consaguirre.com.ar\/noticias\/wp-json\/wp\/v2\/users\/1"}],"replies":[{"embeddable":true,"href":"https:\/\/web.consaguirre.com.ar\/noticias\/wp-json\/wp\/v2\/comments?post=4879"}],"version-history":[{"count":1,"href":"https:\/\/web.consaguirre.com.ar\/noticias\/wp-json\/wp\/v2\/posts\/4879\/revisions"}],"predecessor-version":[{"id":4881,"href":"https:\/\/web.consaguirre.com.ar\/noticias\/wp-json\/wp\/v2\/posts\/4879\/revisions\/4881"}],"wp:featuredmedia":[{"embeddable":true,"href":"https:\/\/web.consaguirre.com.ar\/noticias\/wp-json\/wp\/v2\/media\/4880"}],"wp:attachment":[{"href":"https:\/\/web.consaguirre.com.ar\/noticias\/wp-json\/wp\/v2\/media?parent=4879"}],"wp:term":[{"taxonomy":"category","embeddable":true,"href":"https:\/\/web.consaguirre.com.ar\/noticias\/wp-json\/wp\/v2\/categories?post=4879"},{"taxonomy":"post_tag","embeddable":true,"href":"https:\/\/web.consaguirre.com.ar\/noticias\/wp-json\/wp\/v2\/tags?post=4879"}],"curies":[{"name":"wp","href":"https:\/\/api.w.org\/{rel}","templated":true}]}}