{"id":4876,"date":"2026-01-20T23:38:44","date_gmt":"2026-01-21T02:38:44","guid":{"rendered":"https:\/\/web.consaguirre.com.ar\/noticias\/reba-mcentire-incorpora-a-suzy-bogguss-al-grand-ole-opry\/"},"modified":"2026-01-20T23:38:44","modified_gmt":"2026-01-21T02:38:44","slug":"reba-mcentire-incorpora-a-suzy-bogguss-al-grand-ole-opry","status":"publish","type":"post","link":"https:\/\/web.consaguirre.com.ar\/noticias\/reba-mcentire-incorpora-a-suzy-bogguss-al-grand-ole-opry\/","title":{"rendered":"Reba McEntire incorpora a Suzy Bogguss al Grand Ole Opry"},"content":{"rendered":"<p>En otra noche hist\u00f3rica en el Grand Ole Opry, Suzy Bogguss se convirti\u00f3 el viernes por la noche en el \u00faltimo miembro de la instituci\u00f3n de m\u00fasica country. Bogguss fue incluida en Opry por su amiga Reba McEntire, quien estaba celebrando el 40 aniversario de su membres\u00eda en Opry. Trisha Yearwood, miembro de Opry, tambi\u00e9n contribuy\u00f3 a la celebraci\u00f3n.<\/p>\n<p>Esto ha tardado mucho en llegar para Bogguss. Hizo su debut en Opry el 12 de mayo de 1989, poco despu\u00e9s de ser nombrada Mejor Vocalista Femenina Revelaci\u00f3n en los Premios ACM, y ha actuado en la instituci\u00f3n de Nashville muchas veces a lo largo de los a\u00f1os. Luego gan\u00f3 premios Grammy y premios CMA y lanz\u00f3 \u00e9xitos como &#8220;Drive South&#8221; y &#8220;Just Like the Weather&#8221;.<\/p>\n<div class=\"uD-YT-container\"><img decoding=\"async\" src=\"https:\/\/web.consaguirre.com.ar\/noticias\/wp-content\/uploads\/2026\/01\/1768963124_324_Reba-McEntire-incorpora-a-Suzy-Bogguss-al-Grand-Ole-Opry.jpg\" alt=\"V\u00eddeo de YouTube\"><br \/>Haga clic para cargar v\u00eddeo<\/div>\n<p>Bogguss comenz\u00f3 su noche de inducci\u00f3n interpretando sus \u00e9xitos de 1991 \u201cSomeday Soon\u201d, \u201cAces\u201d y \u201cOutbound Plane\u201d, despu\u00e9s de lo cual Yearwood hizo una aparici\u00f3n sorpresa para felicitar a su amiga. &#8220;Amo a esta mujer&#8221;, dijo Yearwood a la multitud de Opry. &#8220;Es realmente un honor estar aqu\u00ed en un momento tan especial. Estar aqu\u00ed la noche en que fuiste invitado y estar aqu\u00ed esta noche es simplemente incre\u00edble&#8221;. Yearwood continu\u00f3 elogiando a Bogguss: &#8220;Suzy Bogguss es una de esas artistas que no s\u00f3lo canta canciones, sino que las vive. Su voz, su coraz\u00f3n y su compromiso con la m\u00fasica han inspirado a muchos, incluy\u00e9ndome a m\u00ed&#8221;.<\/p>\n<p>Yearwood le dio la bienvenida a McEntire al escenario para continuar con el gran momento de Bogguss. &#8220;Esto es tan especial, Suzy&#8221;, dijo McEntire. &#8220;Esta familia es incre\u00edble. Son cari\u00f1osos. Todos en este edificio. Esta etapa es muy importante para todos nosotros desde hace muchas, muchas generaciones. Poder entregarles este trofeo es muy especial para m\u00ed, para todos los que est\u00e1n sentados aqu\u00ed y para todos los que est\u00e1n en este edificio mirando&#8221;.<\/p>\n<p>McEntire luego se uni\u00f3 a Yearwood para colmar de adulaci\u00f3n a sus amigos y compa\u00f1eros y le dijo a la audiencia: &#8220;La voz de Suzy Bogguss es como la voz de un \u00e1ngel. Cuando canta, lo sabes. Lo sabes cuando lo escuchas en la radio. Estoy muy orgulloso de entregarte este trofeo que te dice que eres el \u00faltimo miembro del Grand Ole Opry. \u00a1Felicitaciones!&#8221;.<\/p>\n<p>Despu\u00e9s de expresar su gratitud y la sensaci\u00f3n de paz que le produjo haber sido incluida en Opry, Bogguss se asoci\u00f3 con McEntire y Yearwood, adem\u00e1s de sus compa\u00f1eras de Opry Terri Clark y Kathy Mattea, en una conmovedora interpretaci\u00f3n de \u201cHey Cinderella\u201d. McEntire tom\u00f3 el centro de atenci\u00f3n para cerrar la noche, interpretando una serie de sus propios \u00e9xitos, incluidos &#8220;I&#8217;m A Survivor&#8221;, &#8220;Happy&#8217;s Place&#8221; y &#8220;Back To God&#8221; antes de dar la bienvenida a las legendarias &#8220;gal pals&#8221; para cerrar la noche con &#8220;Why Haven&#8217;t I Heard From You&#8221;.<\/p>\n<p><b>Compre ahora la m\u00fasica de Reba Mcentire en vinilo o CD.<\/b><\/p>\n","protected":false},"excerpt":{"rendered":"<p>En otra noche hist\u00f3rica en el Grand Ole Opry, Suzy Bogguss se convirti\u00f3 el viernes por la noche en el \u00faltimo miembro de la instituci\u00f3n<\/p>\n","protected":false},"author":1,"featured_media":4877,"comment_status":"closed","ping_status":"","sticky":false,"template":"","format":"standard","meta":{"footnotes":""},"categories":[50],"tags":[3761,1414,3502,1086,1588,1589,1085,3760],"class_list":["post-4876","post","type-post","status-publish","format-standard","has-post-thumbnail","hentry","category-el-ultimo","tag-bogguss","tag-grand","tag-incorpora","tag-mcentire","tag-ole","tag-opry","tag-reba","tag-suzy","generate-columns","tablet-grid-50","mobile-grid-100","grid-parent","grid-50"],"yoast_head":"<!-- This site is optimized with the Yoast SEO plugin v23.3 - https:\/\/yoast.com\/wordpress\/plugins\/seo\/ -->\n<title>Reba McEntire incorpora a Suzy Bogguss al Grand Ole Opry<\/title>\n<meta name=\"robots\" content=\"index, follow, max-snippet:-1, max-image-preview:large, max-video-preview:-1\" \/>\n<link rel=\"canonical\" href=\"https:\/\/web.consaguirre.com.ar\/noticias\/reba-mcentire-incorpora-a-suzy-bogguss-al-grand-ole-opry\/\" \/>\n<meta property=\"og:locale\" content=\"es_ES\" \/>\n<meta property=\"og:type\" content=\"article\" \/>\n<meta property=\"og:title\" content=\"Reba McEntire incorpora a Suzy Bogguss al Grand Ole Opry\" \/>\n<meta property=\"og:description\" content=\"En otra noche hist\u00f3rica en el Grand Ole Opry, Suzy Bogguss se convirti\u00f3 el viernes por la noche en el \u00faltimo miembro de la instituci\u00f3n\" \/>\n<meta property=\"og:url\" content=\"https:\/\/web.consaguirre.com.ar\/noticias\/reba-mcentire-incorpora-a-suzy-bogguss-al-grand-ole-opry\/\" \/>\n<meta property=\"og:site_name\" content=\"Conservatorio de M\u00fasica Juli\u00e1n Aguirre\" \/>\n<meta property=\"article:published_time\" content=\"2026-01-21T02:38:44+00:00\" \/>\n<meta property=\"og:image\" content=\"https:\/\/web.consaguirre.com.ar\/noticias\/wp-content\/uploads\/2026\/01\/Reba-McEntire-incorpora-a-Suzy-Bogguss-al-Grand-Ole-Opry.jpg\" \/>\n\t<meta property=\"og:image:width\" content=\"820\" \/>\n\t<meta property=\"og:image:height\" content=\"820\" \/>\n\t<meta property=\"og:image:type\" content=\"image\/jpeg\" \/>\n<meta name=\"author\" content=\"Javier Figueroa\" \/>\n<meta name=\"twitter:card\" content=\"summary_large_image\" \/>\n<meta name=\"twitter:label1\" content=\"Escrito por\" \/>\n\t<meta name=\"twitter:data1\" content=\"Javier Figueroa\" \/>\n\t<meta name=\"twitter:label2\" content=\"Tiempo de lectura\" \/>\n\t<meta name=\"twitter:data2\" content=\"3 minutos\" \/>\n<script type=\"application\/ld+json\" class=\"yoast-schema-graph\">{\"@context\":\"https:\/\/schema.org\",\"@graph\":[{\"@type\":\"Article\",\"@id\":\"https:\/\/web.consaguirre.com.ar\/noticias\/reba-mcentire-incorpora-a-suzy-bogguss-al-grand-ole-opry\/#article\",\"isPartOf\":{\"@id\":\"https:\/\/web.consaguirre.com.ar\/noticias\/reba-mcentire-incorpora-a-suzy-bogguss-al-grand-ole-opry\/\"},\"author\":{\"name\":\"Javier Figueroa\",\"@id\":\"https:\/\/web.consaguirre.com.ar\/noticias\/#\/schema\/person\/6558b0cfedee7ddc5425602b237d5722\"},\"headline\":\"Reba McEntire incorpora a Suzy Bogguss al Grand Ole Opry\",\"datePublished\":\"2026-01-21T02:38:44+00:00\",\"dateModified\":\"2026-01-21T02:38:44+00:00\",\"mainEntityOfPage\":{\"@id\":\"https:\/\/web.consaguirre.com.ar\/noticias\/reba-mcentire-incorpora-a-suzy-bogguss-al-grand-ole-opry\/\"},\"wordCount\":518,\"publisher\":{\"@id\":\"https:\/\/web.consaguirre.com.ar\/noticias\/#organization\"},\"image\":{\"@id\":\"https:\/\/web.consaguirre.com.ar\/noticias\/reba-mcentire-incorpora-a-suzy-bogguss-al-grand-ole-opry\/#primaryimage\"},\"thumbnailUrl\":\"https:\/\/web.consaguirre.com.ar\/noticias\/wp-content\/uploads\/2026\/01\/Reba-McEntire-incorpora-a-Suzy-Bogguss-al-Grand-Ole-Opry.jpg\",\"keywords\":[\"Bogguss\",\"Grand\",\"incorpora\",\"McEntire\",\"Ole\",\"Opry\",\"Reba\",\"Suzy\"],\"articleSection\":[\"El \u00faltimo\"],\"inLanguage\":\"es-AR\"},{\"@type\":\"WebPage\",\"@id\":\"https:\/\/web.consaguirre.com.ar\/noticias\/reba-mcentire-incorpora-a-suzy-bogguss-al-grand-ole-opry\/\",\"url\":\"https:\/\/web.consaguirre.com.ar\/noticias\/reba-mcentire-incorpora-a-suzy-bogguss-al-grand-ole-opry\/\",\"name\":\"Reba McEntire incorpora a Suzy Bogguss al Grand Ole Opry\",\"isPartOf\":{\"@id\":\"https:\/\/web.consaguirre.com.ar\/noticias\/#website\"},\"primaryImageOfPage\":{\"@id\":\"https:\/\/web.consaguirre.com.ar\/noticias\/reba-mcentire-incorpora-a-suzy-bogguss-al-grand-ole-opry\/#primaryimage\"},\"image\":{\"@id\":\"https:\/\/web.consaguirre.com.ar\/noticias\/reba-mcentire-incorpora-a-suzy-bogguss-al-grand-ole-opry\/#primaryimage\"},\"thumbnailUrl\":\"https:\/\/web.consaguirre.com.ar\/noticias\/wp-content\/uploads\/2026\/01\/Reba-McEntire-incorpora-a-Suzy-Bogguss-al-Grand-Ole-Opry.jpg\",\"datePublished\":\"2026-01-21T02:38:44+00:00\",\"dateModified\":\"2026-01-21T02:38:44+00:00\",\"breadcrumb\":{\"@id\":\"https:\/\/web.consaguirre.com.ar\/noticias\/reba-mcentire-incorpora-a-suzy-bogguss-al-grand-ole-opry\/#breadcrumb\"},\"inLanguage\":\"es-AR\",\"potentialAction\":[{\"@type\":\"ReadAction\",\"target\":[\"https:\/\/web.consaguirre.com.ar\/noticias\/reba-mcentire-incorpora-a-suzy-bogguss-al-grand-ole-opry\/\"]}]},{\"@type\":\"ImageObject\",\"inLanguage\":\"es-AR\",\"@id\":\"https:\/\/web.consaguirre.com.ar\/noticias\/reba-mcentire-incorpora-a-suzy-bogguss-al-grand-ole-opry\/#primaryimage\",\"url\":\"https:\/\/web.consaguirre.com.ar\/noticias\/wp-content\/uploads\/2026\/01\/Reba-McEntire-incorpora-a-Suzy-Bogguss-al-Grand-Ole-Opry.jpg\",\"contentUrl\":\"https:\/\/web.consaguirre.com.ar\/noticias\/wp-content\/uploads\/2026\/01\/Reba-McEntire-incorpora-a-Suzy-Bogguss-al-Grand-Ole-Opry.jpg\",\"width\":820,\"height\":820,\"caption\":\"Reba McEntire incorpora a Suzy Bogguss al Grand Ole Opry\"},{\"@type\":\"BreadcrumbList\",\"@id\":\"https:\/\/web.consaguirre.com.ar\/noticias\/reba-mcentire-incorpora-a-suzy-bogguss-al-grand-ole-opry\/#breadcrumb\",\"itemListElement\":[{\"@type\":\"ListItem\",\"position\":1,\"name\":\"Inicio\",\"item\":\"https:\/\/web.consaguirre.com.ar\/noticias\/\"},{\"@type\":\"ListItem\",\"position\":2,\"name\":\"Reba McEntire incorpora a Suzy Bogguss al Grand Ole Opry\"}]},{\"@type\":\"WebSite\",\"@id\":\"https:\/\/web.consaguirre.com.ar\/noticias\/#website\",\"url\":\"https:\/\/web.consaguirre.com.ar\/noticias\/\",\"name\":\"Conservatorio de M\u00fasica Juli\u00e1n Aguirre\",\"description\":\"\",\"publisher\":{\"@id\":\"https:\/\/web.consaguirre.com.ar\/noticias\/#organization\"},\"potentialAction\":[{\"@type\":\"SearchAction\",\"target\":{\"@type\":\"EntryPoint\",\"urlTemplate\":\"https:\/\/web.consaguirre.com.ar\/noticias\/?s={search_term_string}\"},\"query-input\":\"required name=search_term_string\"}],\"inLanguage\":\"es-AR\"},{\"@type\":\"Organization\",\"@id\":\"https:\/\/web.consaguirre.com.ar\/noticias\/#organization\",\"name\":\"Conservatorio de M\u00fasica Juli\u00e1n Aguirre\",\"url\":\"https:\/\/web.consaguirre.com.ar\/noticias\/\",\"logo\":{\"@type\":\"ImageObject\",\"inLanguage\":\"es-AR\",\"@id\":\"https:\/\/web.consaguirre.com.ar\/noticias\/#\/schema\/logo\/image\/\",\"url\":\"https:\/\/web.consaguirre.com.ar\/noticias\/wp-content\/uploads\/2024\/08\/Banner-Aguirre-23.jpg\",\"contentUrl\":\"https:\/\/web.consaguirre.com.ar\/noticias\/wp-content\/uploads\/2024\/08\/Banner-Aguirre-23.jpg\",\"width\":1192,\"height\":600,\"caption\":\"Conservatorio de M\u00fasica Juli\u00e1n Aguirre\"},\"image\":{\"@id\":\"https:\/\/web.consaguirre.com.ar\/noticias\/#\/schema\/logo\/image\/\"}},{\"@type\":\"Person\",\"@id\":\"https:\/\/web.consaguirre.com.ar\/noticias\/#\/schema\/person\/6558b0cfedee7ddc5425602b237d5722\",\"name\":\"Javier Figueroa\",\"image\":{\"@type\":\"ImageObject\",\"inLanguage\":\"es-AR\",\"@id\":\"https:\/\/web.consaguirre.com.ar\/noticias\/#\/schema\/person\/image\/\",\"url\":\"https:\/\/web.consaguirre.com.ar\/noticias\/wp-content\/uploads\/2024\/08\/Consaguirre-scaled.jpg\",\"contentUrl\":\"https:\/\/web.consaguirre.com.ar\/noticias\/wp-content\/uploads\/2024\/08\/Consaguirre-scaled.jpg\",\"caption\":\"Javier Figueroa\"},\"description\":\"Me llamo Javier Figueroa y soy redactor para el sitio oficial del Conservatorio de M\u00fasica Juli\u00e1n Aguirre en Buenos Aires, consaguirre.com. Apasionado por la m\u00fasica y la escritura, me esfuerzo por destacar los talentos y eventos de nuestra prestigiosa instituci\u00f3n. Mi trayectoria se nutre de una profunda admiraci\u00f3n por los artistas, haciendo de cada art\u00edculo una celebraci\u00f3n de la creatividad y la cultura musical.\",\"sameAs\":[\"https:\/\/web.consaguirre.com.ar\/noticias\"]}]}<\/script>\n<!-- \/ Yoast SEO plugin. -->","yoast_head_json":{"title":"Reba McEntire incorpora a Suzy Bogguss al Grand Ole Opry","robots":{"index":"index","follow":"follow","max-snippet":"max-snippet:-1","max-image-preview":"max-image-preview:large","max-video-preview":"max-video-preview:-1"},"canonical":"https:\/\/web.consaguirre.com.ar\/noticias\/reba-mcentire-incorpora-a-suzy-bogguss-al-grand-ole-opry\/","og_locale":"es_ES","og_type":"article","og_title":"Reba McEntire incorpora a Suzy Bogguss al Grand Ole Opry","og_description":"En otra noche hist\u00f3rica en el Grand Ole Opry, Suzy Bogguss se convirti\u00f3 el viernes por la noche en el \u00faltimo miembro de la instituci\u00f3n","og_url":"https:\/\/web.consaguirre.com.ar\/noticias\/reba-mcentire-incorpora-a-suzy-bogguss-al-grand-ole-opry\/","og_site_name":"Conservatorio de M\u00fasica Juli\u00e1n Aguirre","article_published_time":"2026-01-21T02:38:44+00:00","og_image":[{"width":820,"height":820,"url":"https:\/\/web.consaguirre.com.ar\/noticias\/wp-content\/uploads\/2026\/01\/Reba-McEntire-incorpora-a-Suzy-Bogguss-al-Grand-Ole-Opry.jpg","type":"image\/jpeg"}],"author":"Javier Figueroa","twitter_card":"summary_large_image","twitter_misc":{"Escrito por":"Javier Figueroa","Tiempo de lectura":"3 minutos"},"schema":{"@context":"https:\/\/schema.org","@graph":[{"@type":"Article","@id":"https:\/\/web.consaguirre.com.ar\/noticias\/reba-mcentire-incorpora-a-suzy-bogguss-al-grand-ole-opry\/#article","isPartOf":{"@id":"https:\/\/web.consaguirre.com.ar\/noticias\/reba-mcentire-incorpora-a-suzy-bogguss-al-grand-ole-opry\/"},"author":{"name":"Javier Figueroa","@id":"https:\/\/web.consaguirre.com.ar\/noticias\/#\/schema\/person\/6558b0cfedee7ddc5425602b237d5722"},"headline":"Reba McEntire incorpora a Suzy Bogguss al Grand Ole Opry","datePublished":"2026-01-21T02:38:44+00:00","dateModified":"2026-01-21T02:38:44+00:00","mainEntityOfPage":{"@id":"https:\/\/web.consaguirre.com.ar\/noticias\/reba-mcentire-incorpora-a-suzy-bogguss-al-grand-ole-opry\/"},"wordCount":518,"publisher":{"@id":"https:\/\/web.consaguirre.com.ar\/noticias\/#organization"},"image":{"@id":"https:\/\/web.consaguirre.com.ar\/noticias\/reba-mcentire-incorpora-a-suzy-bogguss-al-grand-ole-opry\/#primaryimage"},"thumbnailUrl":"https:\/\/web.consaguirre.com.ar\/noticias\/wp-content\/uploads\/2026\/01\/Reba-McEntire-incorpora-a-Suzy-Bogguss-al-Grand-Ole-Opry.jpg","keywords":["Bogguss","Grand","incorpora","McEntire","Ole","Opry","Reba","Suzy"],"articleSection":["El \u00faltimo"],"inLanguage":"es-AR"},{"@type":"WebPage","@id":"https:\/\/web.consaguirre.com.ar\/noticias\/reba-mcentire-incorpora-a-suzy-bogguss-al-grand-ole-opry\/","url":"https:\/\/web.consaguirre.com.ar\/noticias\/reba-mcentire-incorpora-a-suzy-bogguss-al-grand-ole-opry\/","name":"Reba McEntire incorpora a Suzy Bogguss al Grand Ole Opry","isPartOf":{"@id":"https:\/\/web.consaguirre.com.ar\/noticias\/#website"},"primaryImageOfPage":{"@id":"https:\/\/web.consaguirre.com.ar\/noticias\/reba-mcentire-incorpora-a-suzy-bogguss-al-grand-ole-opry\/#primaryimage"},"image":{"@id":"https:\/\/web.consaguirre.com.ar\/noticias\/reba-mcentire-incorpora-a-suzy-bogguss-al-grand-ole-opry\/#primaryimage"},"thumbnailUrl":"https:\/\/web.consaguirre.com.ar\/noticias\/wp-content\/uploads\/2026\/01\/Reba-McEntire-incorpora-a-Suzy-Bogguss-al-Grand-Ole-Opry.jpg","datePublished":"2026-01-21T02:38:44+00:00","dateModified":"2026-01-21T02:38:44+00:00","breadcrumb":{"@id":"https:\/\/web.consaguirre.com.ar\/noticias\/reba-mcentire-incorpora-a-suzy-bogguss-al-grand-ole-opry\/#breadcrumb"},"inLanguage":"es-AR","potentialAction":[{"@type":"ReadAction","target":["https:\/\/web.consaguirre.com.ar\/noticias\/reba-mcentire-incorpora-a-suzy-bogguss-al-grand-ole-opry\/"]}]},{"@type":"ImageObject","inLanguage":"es-AR","@id":"https:\/\/web.consaguirre.com.ar\/noticias\/reba-mcentire-incorpora-a-suzy-bogguss-al-grand-ole-opry\/#primaryimage","url":"https:\/\/web.consaguirre.com.ar\/noticias\/wp-content\/uploads\/2026\/01\/Reba-McEntire-incorpora-a-Suzy-Bogguss-al-Grand-Ole-Opry.jpg","contentUrl":"https:\/\/web.consaguirre.com.ar\/noticias\/wp-content\/uploads\/2026\/01\/Reba-McEntire-incorpora-a-Suzy-Bogguss-al-Grand-Ole-Opry.jpg","width":820,"height":820,"caption":"Reba McEntire incorpora a Suzy Bogguss al Grand Ole Opry"},{"@type":"BreadcrumbList","@id":"https:\/\/web.consaguirre.com.ar\/noticias\/reba-mcentire-incorpora-a-suzy-bogguss-al-grand-ole-opry\/#breadcrumb","itemListElement":[{"@type":"ListItem","position":1,"name":"Inicio","item":"https:\/\/web.consaguirre.com.ar\/noticias\/"},{"@type":"ListItem","position":2,"name":"Reba McEntire incorpora a Suzy Bogguss al Grand Ole Opry"}]},{"@type":"WebSite","@id":"https:\/\/web.consaguirre.com.ar\/noticias\/#website","url":"https:\/\/web.consaguirre.com.ar\/noticias\/","name":"Conservatorio de M\u00fasica Juli\u00e1n Aguirre","description":"","publisher":{"@id":"https:\/\/web.consaguirre.com.ar\/noticias\/#organization"},"potentialAction":[{"@type":"SearchAction","target":{"@type":"EntryPoint","urlTemplate":"https:\/\/web.consaguirre.com.ar\/noticias\/?s={search_term_string}"},"query-input":"required name=search_term_string"}],"inLanguage":"es-AR"},{"@type":"Organization","@id":"https:\/\/web.consaguirre.com.ar\/noticias\/#organization","name":"Conservatorio de M\u00fasica Juli\u00e1n Aguirre","url":"https:\/\/web.consaguirre.com.ar\/noticias\/","logo":{"@type":"ImageObject","inLanguage":"es-AR","@id":"https:\/\/web.consaguirre.com.ar\/noticias\/#\/schema\/logo\/image\/","url":"https:\/\/web.consaguirre.com.ar\/noticias\/wp-content\/uploads\/2024\/08\/Banner-Aguirre-23.jpg","contentUrl":"https:\/\/web.consaguirre.com.ar\/noticias\/wp-content\/uploads\/2024\/08\/Banner-Aguirre-23.jpg","width":1192,"height":600,"caption":"Conservatorio de M\u00fasica Juli\u00e1n Aguirre"},"image":{"@id":"https:\/\/web.consaguirre.com.ar\/noticias\/#\/schema\/logo\/image\/"}},{"@type":"Person","@id":"https:\/\/web.consaguirre.com.ar\/noticias\/#\/schema\/person\/6558b0cfedee7ddc5425602b237d5722","name":"Javier Figueroa","image":{"@type":"ImageObject","inLanguage":"es-AR","@id":"https:\/\/web.consaguirre.com.ar\/noticias\/#\/schema\/person\/image\/","url":"https:\/\/web.consaguirre.com.ar\/noticias\/wp-content\/uploads\/2024\/08\/Consaguirre-scaled.jpg","contentUrl":"https:\/\/web.consaguirre.com.ar\/noticias\/wp-content\/uploads\/2024\/08\/Consaguirre-scaled.jpg","caption":"Javier Figueroa"},"description":"Me llamo Javier Figueroa y soy redactor para el sitio oficial del Conservatorio de M\u00fasica Juli\u00e1n Aguirre en Buenos Aires, consaguirre.com. Apasionado por la m\u00fasica y la escritura, me esfuerzo por destacar los talentos y eventos de nuestra prestigiosa instituci\u00f3n. Mi trayectoria se nutre de una profunda admiraci\u00f3n por los artistas, haciendo de cada art\u00edculo una celebraci\u00f3n de la creatividad y la cultura musical.","sameAs":["https:\/\/web.consaguirre.com.ar\/noticias"]}]}},"_links":{"self":[{"href":"https:\/\/web.consaguirre.com.ar\/noticias\/wp-json\/wp\/v2\/posts\/4876"}],"collection":[{"href":"https:\/\/web.consaguirre.com.ar\/noticias\/wp-json\/wp\/v2\/posts"}],"about":[{"href":"https:\/\/web.consaguirre.com.ar\/noticias\/wp-json\/wp\/v2\/types\/post"}],"author":[{"embeddable":true,"href":"https:\/\/web.consaguirre.com.ar\/noticias\/wp-json\/wp\/v2\/users\/1"}],"replies":[{"embeddable":true,"href":"https:\/\/web.consaguirre.com.ar\/noticias\/wp-json\/wp\/v2\/comments?post=4876"}],"version-history":[{"count":1,"href":"https:\/\/web.consaguirre.com.ar\/noticias\/wp-json\/wp\/v2\/posts\/4876\/revisions"}],"predecessor-version":[{"id":4878,"href":"https:\/\/web.consaguirre.com.ar\/noticias\/wp-json\/wp\/v2\/posts\/4876\/revisions\/4878"}],"wp:featuredmedia":[{"embeddable":true,"href":"https:\/\/web.consaguirre.com.ar\/noticias\/wp-json\/wp\/v2\/media\/4877"}],"wp:attachment":[{"href":"https:\/\/web.consaguirre.com.ar\/noticias\/wp-json\/wp\/v2\/media?parent=4876"}],"wp:term":[{"taxonomy":"category","embeddable":true,"href":"https:\/\/web.consaguirre.com.ar\/noticias\/wp-json\/wp\/v2\/categories?post=4876"},{"taxonomy":"post_tag","embeddable":true,"href":"https:\/\/web.consaguirre.com.ar\/noticias\/wp-json\/wp\/v2\/tags?post=4876"}],"curies":[{"name":"wp","href":"https:\/\/api.w.org\/{rel}","templated":true}]}}