{"id":4865,"date":"2026-01-19T23:38:54","date_gmt":"2026-01-20T02:38:54","guid":{"rendered":"https:\/\/web.consaguirre.com.ar\/noticias\/madden-metcalf-firma-con-mca-y-freddy-wexler\/"},"modified":"2026-01-19T23:38:55","modified_gmt":"2026-01-20T02:38:55","slug":"madden-metcalf-firma-con-mca-y-freddy-wexler","status":"publish","type":"post","link":"https:\/\/web.consaguirre.com.ar\/noticias\/madden-metcalf-firma-con-mca-y-freddy-wexler\/","title":{"rendered":"Madden Metcalf firma con MCA y Freddy Wexler"},"content":{"rendered":"<p>El m\u00fasico country en ascenso Madden Metcalf ha firmado con MCA y el compositor y productor nominado al Grammy Freddy Wexler. El anuncio llega con un nuevo sencillo de Madden, \u201cLike My Hometown\u201d, una canci\u00f3n de amor que usa el lenguaje del hogar para describir el conocimiento completo de alguien (\u201cPorque s\u00e9 que te gusta mi propio patio trasero\/Como el \u00fanico buen bar cuando comienzan los juegos en casa\u201d).<\/p>\n<p>La medida sigue a un per\u00edodo de desarrollo enfocado liderado por Wexler (Billy Joel, Justin Bieber, Ariana Grande), cuyo trabajo multig\u00e9nero ha ayudado a dar forma a la direcci\u00f3n art\u00edstica de Madden y afinar su identidad como compositor e int\u00e9rprete.<\/p>\n<p>&#8220;Madden tiene todo lo que no se puede ense\u00f1ar: grandes instintos, autenticidad, carisma, poder de estrella&#8221;, dice Wexler. &#8220;Tambi\u00e9n es alguien con un contagioso sentido de gratitud. Te hace querer mover una monta\u00f1a por \u00e9l. Estoy incre\u00edblemente emocionado de trabajar con MCA mientras ayudamos a Madden a construir algo real y duradero&#8221;.<\/p>\n<div class=\"uD-YT-container\"><img decoding=\"async\" src=\"https:\/\/web.consaguirre.com.ar\/noticias\/wp-content\/uploads\/2026\/01\/1768876734_668_Madden-Metcalf-firma-con-MCA-y-Freddy-Wexler.jpg\" alt=\"V\u00eddeo de YouTube\"><br \/>Haga clic para cargar v\u00eddeo<\/div>\n<p>Madden, de veinte a\u00f1os, se cri\u00f3 en Panacea, Florida, un pueblo pesquero con menos de mil habitantes. Su familia ha vivido all\u00ed durante cuatro generaciones, y Madden pasaba las ma\u00f1anas temprano en el barco cangrejero y las noches trabajando en un restaurante local. Su m\u00fasica se nutre del valor de un pueblo peque\u00f1o, las ra\u00edces de la Costa del Golfo y una dieta saludable de Johnny Cash, Jimmy Buffett y Kenny Chesney.<\/p>\n<p>&#8220;Todav\u00eda no puedo creer que un ni\u00f1o de la costa del Golfo de un peque\u00f1o pueblo pesquero de unas mil personas tenga una oportunidad como \u00e9sta&#8221;, dice Madden. &#8220;Estoy incre\u00edblemente agradecido con Dios, con mi familia, con mi equipo y con todos los que han estado conmigo desde el principio&#8221;.<\/p>\n<p>El oto\u00f1o pasado, en su cumplea\u00f1os n\u00famero 20, Metcalf comparti\u00f3 su sencillo debut, &#8220;IDWK&#8221;. \u201cLike My Hometown\u201d marca el comienzo de una nueva era para Madden. En la primavera de 2026, lanzar\u00e1 el <em>Agua salada del sur<\/em> EP, que combina ganchos country modernos con una narraci\u00f3n emocional inspirada en su educaci\u00f3n en la Costa del Golfo.<\/p>\n<p>&#8220;Madden tiene una voz clara y un nivel de convicci\u00f3n poco com\u00fan para alguien en una etapa tan temprana de su carrera&#8221;, dice Mike Harris, presidente y director ejecutivo de MCA. &#8220;Su m\u00fasica refleja la vida real, el lugar real y la identidad real, y esa es la base de lo que hace que un artista se destaque. Estamos orgullosos de ser el hogar de su sello y ayudar a amplificar lo que est\u00e1 construyendo&#8221;.<\/p><\/p>\n","protected":false},"excerpt":{"rendered":"<p>El m\u00fasico country en ascenso Madden Metcalf ha firmado con MCA y el compositor y productor nominado al Grammy Freddy Wexler. El anuncio llega con<\/p>\n","protected":false},"author":1,"featured_media":4866,"comment_status":"closed","ping_status":"","sticky":false,"template":"","format":"standard","meta":{"footnotes":""},"categories":[50],"tags":[32,389,3695,3754,2629,3755,3696],"class_list":["post-4865","post","type-post","status-publish","format-standard","has-post-thumbnail","hentry","category-el-ultimo","tag-con","tag-firma","tag-freddy","tag-madden","tag-mca","tag-metcalf","tag-wexler","generate-columns","tablet-grid-50","mobile-grid-100","grid-parent","grid-50"],"yoast_head":"<!-- This site is optimized with the Yoast SEO plugin v23.3 - https:\/\/yoast.com\/wordpress\/plugins\/seo\/ -->\n<title>Madden Metcalf firma con MCA y Freddy Wexler<\/title>\n<meta name=\"robots\" content=\"index, follow, max-snippet:-1, max-image-preview:large, max-video-preview:-1\" \/>\n<link rel=\"canonical\" href=\"https:\/\/web.consaguirre.com.ar\/noticias\/madden-metcalf-firma-con-mca-y-freddy-wexler\/\" \/>\n<meta property=\"og:locale\" content=\"es_ES\" \/>\n<meta property=\"og:type\" content=\"article\" \/>\n<meta property=\"og:title\" content=\"Madden Metcalf firma con MCA y Freddy Wexler\" \/>\n<meta property=\"og:description\" content=\"El m\u00fasico country en ascenso Madden Metcalf ha firmado con MCA y el compositor y productor nominado al Grammy Freddy Wexler. El anuncio llega con\" \/>\n<meta property=\"og:url\" content=\"https:\/\/web.consaguirre.com.ar\/noticias\/madden-metcalf-firma-con-mca-y-freddy-wexler\/\" \/>\n<meta property=\"og:site_name\" content=\"Conservatorio de M\u00fasica Juli\u00e1n Aguirre\" \/>\n<meta property=\"article:published_time\" content=\"2026-01-20T02:38:54+00:00\" \/>\n<meta property=\"article:modified_time\" content=\"2026-01-20T02:38:55+00:00\" \/>\n<meta property=\"og:image\" content=\"https:\/\/web.consaguirre.com.ar\/noticias\/wp-content\/uploads\/2026\/01\/Madden-Metcalf-firma-con-MCA-y-Freddy-Wexler.jpg\" \/>\n\t<meta property=\"og:image:width\" content=\"820\" \/>\n\t<meta property=\"og:image:height\" content=\"820\" \/>\n\t<meta property=\"og:image:type\" content=\"image\/jpeg\" \/>\n<meta name=\"author\" content=\"Javier Figueroa\" \/>\n<meta name=\"twitter:card\" content=\"summary_large_image\" \/>\n<meta name=\"twitter:label1\" content=\"Escrito por\" \/>\n\t<meta name=\"twitter:data1\" content=\"Javier Figueroa\" \/>\n\t<meta name=\"twitter:label2\" content=\"Tiempo de lectura\" \/>\n\t<meta name=\"twitter:data2\" content=\"2 minutos\" \/>\n<script type=\"application\/ld+json\" class=\"yoast-schema-graph\">{\"@context\":\"https:\/\/schema.org\",\"@graph\":[{\"@type\":\"Article\",\"@id\":\"https:\/\/web.consaguirre.com.ar\/noticias\/madden-metcalf-firma-con-mca-y-freddy-wexler\/#article\",\"isPartOf\":{\"@id\":\"https:\/\/web.consaguirre.com.ar\/noticias\/madden-metcalf-firma-con-mca-y-freddy-wexler\/\"},\"author\":{\"name\":\"Javier Figueroa\",\"@id\":\"https:\/\/web.consaguirre.com.ar\/noticias\/#\/schema\/person\/6558b0cfedee7ddc5425602b237d5722\"},\"headline\":\"Madden Metcalf firma con MCA y Freddy Wexler\",\"datePublished\":\"2026-01-20T02:38:54+00:00\",\"dateModified\":\"2026-01-20T02:38:55+00:00\",\"mainEntityOfPage\":{\"@id\":\"https:\/\/web.consaguirre.com.ar\/noticias\/madden-metcalf-firma-con-mca-y-freddy-wexler\/\"},\"wordCount\":455,\"publisher\":{\"@id\":\"https:\/\/web.consaguirre.com.ar\/noticias\/#organization\"},\"image\":{\"@id\":\"https:\/\/web.consaguirre.com.ar\/noticias\/madden-metcalf-firma-con-mca-y-freddy-wexler\/#primaryimage\"},\"thumbnailUrl\":\"https:\/\/web.consaguirre.com.ar\/noticias\/wp-content\/uploads\/2026\/01\/Madden-Metcalf-firma-con-MCA-y-Freddy-Wexler.jpg\",\"keywords\":[\"con\",\"firma\",\"Freddy\",\"Madden\",\"MCA\",\"Metcalf\",\"Wexler\"],\"articleSection\":[\"El \u00faltimo\"],\"inLanguage\":\"es-AR\"},{\"@type\":\"WebPage\",\"@id\":\"https:\/\/web.consaguirre.com.ar\/noticias\/madden-metcalf-firma-con-mca-y-freddy-wexler\/\",\"url\":\"https:\/\/web.consaguirre.com.ar\/noticias\/madden-metcalf-firma-con-mca-y-freddy-wexler\/\",\"name\":\"Madden Metcalf firma con MCA y Freddy Wexler\",\"isPartOf\":{\"@id\":\"https:\/\/web.consaguirre.com.ar\/noticias\/#website\"},\"primaryImageOfPage\":{\"@id\":\"https:\/\/web.consaguirre.com.ar\/noticias\/madden-metcalf-firma-con-mca-y-freddy-wexler\/#primaryimage\"},\"image\":{\"@id\":\"https:\/\/web.consaguirre.com.ar\/noticias\/madden-metcalf-firma-con-mca-y-freddy-wexler\/#primaryimage\"},\"thumbnailUrl\":\"https:\/\/web.consaguirre.com.ar\/noticias\/wp-content\/uploads\/2026\/01\/Madden-Metcalf-firma-con-MCA-y-Freddy-Wexler.jpg\",\"datePublished\":\"2026-01-20T02:38:54+00:00\",\"dateModified\":\"2026-01-20T02:38:55+00:00\",\"breadcrumb\":{\"@id\":\"https:\/\/web.consaguirre.com.ar\/noticias\/madden-metcalf-firma-con-mca-y-freddy-wexler\/#breadcrumb\"},\"inLanguage\":\"es-AR\",\"potentialAction\":[{\"@type\":\"ReadAction\",\"target\":[\"https:\/\/web.consaguirre.com.ar\/noticias\/madden-metcalf-firma-con-mca-y-freddy-wexler\/\"]}]},{\"@type\":\"ImageObject\",\"inLanguage\":\"es-AR\",\"@id\":\"https:\/\/web.consaguirre.com.ar\/noticias\/madden-metcalf-firma-con-mca-y-freddy-wexler\/#primaryimage\",\"url\":\"https:\/\/web.consaguirre.com.ar\/noticias\/wp-content\/uploads\/2026\/01\/Madden-Metcalf-firma-con-MCA-y-Freddy-Wexler.jpg\",\"contentUrl\":\"https:\/\/web.consaguirre.com.ar\/noticias\/wp-content\/uploads\/2026\/01\/Madden-Metcalf-firma-con-MCA-y-Freddy-Wexler.jpg\",\"width\":820,\"height\":820,\"caption\":\"Madden Metcalf firma con MCA y Freddy Wexler\"},{\"@type\":\"BreadcrumbList\",\"@id\":\"https:\/\/web.consaguirre.com.ar\/noticias\/madden-metcalf-firma-con-mca-y-freddy-wexler\/#breadcrumb\",\"itemListElement\":[{\"@type\":\"ListItem\",\"position\":1,\"name\":\"Inicio\",\"item\":\"https:\/\/web.consaguirre.com.ar\/noticias\/\"},{\"@type\":\"ListItem\",\"position\":2,\"name\":\"Madden Metcalf firma con MCA y Freddy Wexler\"}]},{\"@type\":\"WebSite\",\"@id\":\"https:\/\/web.consaguirre.com.ar\/noticias\/#website\",\"url\":\"https:\/\/web.consaguirre.com.ar\/noticias\/\",\"name\":\"Conservatorio de M\u00fasica Juli\u00e1n Aguirre\",\"description\":\"\",\"publisher\":{\"@id\":\"https:\/\/web.consaguirre.com.ar\/noticias\/#organization\"},\"potentialAction\":[{\"@type\":\"SearchAction\",\"target\":{\"@type\":\"EntryPoint\",\"urlTemplate\":\"https:\/\/web.consaguirre.com.ar\/noticias\/?s={search_term_string}\"},\"query-input\":\"required name=search_term_string\"}],\"inLanguage\":\"es-AR\"},{\"@type\":\"Organization\",\"@id\":\"https:\/\/web.consaguirre.com.ar\/noticias\/#organization\",\"name\":\"Conservatorio de M\u00fasica Juli\u00e1n Aguirre\",\"url\":\"https:\/\/web.consaguirre.com.ar\/noticias\/\",\"logo\":{\"@type\":\"ImageObject\",\"inLanguage\":\"es-AR\",\"@id\":\"https:\/\/web.consaguirre.com.ar\/noticias\/#\/schema\/logo\/image\/\",\"url\":\"https:\/\/web.consaguirre.com.ar\/noticias\/wp-content\/uploads\/2024\/08\/Banner-Aguirre-23.jpg\",\"contentUrl\":\"https:\/\/web.consaguirre.com.ar\/noticias\/wp-content\/uploads\/2024\/08\/Banner-Aguirre-23.jpg\",\"width\":1192,\"height\":600,\"caption\":\"Conservatorio de M\u00fasica Juli\u00e1n Aguirre\"},\"image\":{\"@id\":\"https:\/\/web.consaguirre.com.ar\/noticias\/#\/schema\/logo\/image\/\"}},{\"@type\":\"Person\",\"@id\":\"https:\/\/web.consaguirre.com.ar\/noticias\/#\/schema\/person\/6558b0cfedee7ddc5425602b237d5722\",\"name\":\"Javier Figueroa\",\"image\":{\"@type\":\"ImageObject\",\"inLanguage\":\"es-AR\",\"@id\":\"https:\/\/web.consaguirre.com.ar\/noticias\/#\/schema\/person\/image\/\",\"url\":\"https:\/\/web.consaguirre.com.ar\/noticias\/wp-content\/uploads\/2024\/08\/Consaguirre-scaled.jpg\",\"contentUrl\":\"https:\/\/web.consaguirre.com.ar\/noticias\/wp-content\/uploads\/2024\/08\/Consaguirre-scaled.jpg\",\"caption\":\"Javier Figueroa\"},\"description\":\"Me llamo Javier Figueroa y soy redactor para el sitio oficial del Conservatorio de M\u00fasica Juli\u00e1n Aguirre en Buenos Aires, consaguirre.com. Apasionado por la m\u00fasica y la escritura, me esfuerzo por destacar los talentos y eventos de nuestra prestigiosa instituci\u00f3n. Mi trayectoria se nutre de una profunda admiraci\u00f3n por los artistas, haciendo de cada art\u00edculo una celebraci\u00f3n de la creatividad y la cultura musical.\",\"sameAs\":[\"https:\/\/web.consaguirre.com.ar\/noticias\"]}]}<\/script>\n<!-- \/ Yoast SEO plugin. -->","yoast_head_json":{"title":"Madden Metcalf firma con MCA y Freddy Wexler","robots":{"index":"index","follow":"follow","max-snippet":"max-snippet:-1","max-image-preview":"max-image-preview:large","max-video-preview":"max-video-preview:-1"},"canonical":"https:\/\/web.consaguirre.com.ar\/noticias\/madden-metcalf-firma-con-mca-y-freddy-wexler\/","og_locale":"es_ES","og_type":"article","og_title":"Madden Metcalf firma con MCA y Freddy Wexler","og_description":"El m\u00fasico country en ascenso Madden Metcalf ha firmado con MCA y el compositor y productor nominado al Grammy Freddy Wexler. El anuncio llega con","og_url":"https:\/\/web.consaguirre.com.ar\/noticias\/madden-metcalf-firma-con-mca-y-freddy-wexler\/","og_site_name":"Conservatorio de M\u00fasica Juli\u00e1n Aguirre","article_published_time":"2026-01-20T02:38:54+00:00","article_modified_time":"2026-01-20T02:38:55+00:00","og_image":[{"width":820,"height":820,"url":"https:\/\/web.consaguirre.com.ar\/noticias\/wp-content\/uploads\/2026\/01\/Madden-Metcalf-firma-con-MCA-y-Freddy-Wexler.jpg","type":"image\/jpeg"}],"author":"Javier Figueroa","twitter_card":"summary_large_image","twitter_misc":{"Escrito por":"Javier Figueroa","Tiempo de lectura":"2 minutos"},"schema":{"@context":"https:\/\/schema.org","@graph":[{"@type":"Article","@id":"https:\/\/web.consaguirre.com.ar\/noticias\/madden-metcalf-firma-con-mca-y-freddy-wexler\/#article","isPartOf":{"@id":"https:\/\/web.consaguirre.com.ar\/noticias\/madden-metcalf-firma-con-mca-y-freddy-wexler\/"},"author":{"name":"Javier Figueroa","@id":"https:\/\/web.consaguirre.com.ar\/noticias\/#\/schema\/person\/6558b0cfedee7ddc5425602b237d5722"},"headline":"Madden Metcalf firma con MCA y Freddy Wexler","datePublished":"2026-01-20T02:38:54+00:00","dateModified":"2026-01-20T02:38:55+00:00","mainEntityOfPage":{"@id":"https:\/\/web.consaguirre.com.ar\/noticias\/madden-metcalf-firma-con-mca-y-freddy-wexler\/"},"wordCount":455,"publisher":{"@id":"https:\/\/web.consaguirre.com.ar\/noticias\/#organization"},"image":{"@id":"https:\/\/web.consaguirre.com.ar\/noticias\/madden-metcalf-firma-con-mca-y-freddy-wexler\/#primaryimage"},"thumbnailUrl":"https:\/\/web.consaguirre.com.ar\/noticias\/wp-content\/uploads\/2026\/01\/Madden-Metcalf-firma-con-MCA-y-Freddy-Wexler.jpg","keywords":["con","firma","Freddy","Madden","MCA","Metcalf","Wexler"],"articleSection":["El \u00faltimo"],"inLanguage":"es-AR"},{"@type":"WebPage","@id":"https:\/\/web.consaguirre.com.ar\/noticias\/madden-metcalf-firma-con-mca-y-freddy-wexler\/","url":"https:\/\/web.consaguirre.com.ar\/noticias\/madden-metcalf-firma-con-mca-y-freddy-wexler\/","name":"Madden Metcalf firma con MCA y Freddy Wexler","isPartOf":{"@id":"https:\/\/web.consaguirre.com.ar\/noticias\/#website"},"primaryImageOfPage":{"@id":"https:\/\/web.consaguirre.com.ar\/noticias\/madden-metcalf-firma-con-mca-y-freddy-wexler\/#primaryimage"},"image":{"@id":"https:\/\/web.consaguirre.com.ar\/noticias\/madden-metcalf-firma-con-mca-y-freddy-wexler\/#primaryimage"},"thumbnailUrl":"https:\/\/web.consaguirre.com.ar\/noticias\/wp-content\/uploads\/2026\/01\/Madden-Metcalf-firma-con-MCA-y-Freddy-Wexler.jpg","datePublished":"2026-01-20T02:38:54+00:00","dateModified":"2026-01-20T02:38:55+00:00","breadcrumb":{"@id":"https:\/\/web.consaguirre.com.ar\/noticias\/madden-metcalf-firma-con-mca-y-freddy-wexler\/#breadcrumb"},"inLanguage":"es-AR","potentialAction":[{"@type":"ReadAction","target":["https:\/\/web.consaguirre.com.ar\/noticias\/madden-metcalf-firma-con-mca-y-freddy-wexler\/"]}]},{"@type":"ImageObject","inLanguage":"es-AR","@id":"https:\/\/web.consaguirre.com.ar\/noticias\/madden-metcalf-firma-con-mca-y-freddy-wexler\/#primaryimage","url":"https:\/\/web.consaguirre.com.ar\/noticias\/wp-content\/uploads\/2026\/01\/Madden-Metcalf-firma-con-MCA-y-Freddy-Wexler.jpg","contentUrl":"https:\/\/web.consaguirre.com.ar\/noticias\/wp-content\/uploads\/2026\/01\/Madden-Metcalf-firma-con-MCA-y-Freddy-Wexler.jpg","width":820,"height":820,"caption":"Madden Metcalf firma con MCA y Freddy Wexler"},{"@type":"BreadcrumbList","@id":"https:\/\/web.consaguirre.com.ar\/noticias\/madden-metcalf-firma-con-mca-y-freddy-wexler\/#breadcrumb","itemListElement":[{"@type":"ListItem","position":1,"name":"Inicio","item":"https:\/\/web.consaguirre.com.ar\/noticias\/"},{"@type":"ListItem","position":2,"name":"Madden Metcalf firma con MCA y Freddy Wexler"}]},{"@type":"WebSite","@id":"https:\/\/web.consaguirre.com.ar\/noticias\/#website","url":"https:\/\/web.consaguirre.com.ar\/noticias\/","name":"Conservatorio de M\u00fasica Juli\u00e1n Aguirre","description":"","publisher":{"@id":"https:\/\/web.consaguirre.com.ar\/noticias\/#organization"},"potentialAction":[{"@type":"SearchAction","target":{"@type":"EntryPoint","urlTemplate":"https:\/\/web.consaguirre.com.ar\/noticias\/?s={search_term_string}"},"query-input":"required name=search_term_string"}],"inLanguage":"es-AR"},{"@type":"Organization","@id":"https:\/\/web.consaguirre.com.ar\/noticias\/#organization","name":"Conservatorio de M\u00fasica Juli\u00e1n Aguirre","url":"https:\/\/web.consaguirre.com.ar\/noticias\/","logo":{"@type":"ImageObject","inLanguage":"es-AR","@id":"https:\/\/web.consaguirre.com.ar\/noticias\/#\/schema\/logo\/image\/","url":"https:\/\/web.consaguirre.com.ar\/noticias\/wp-content\/uploads\/2024\/08\/Banner-Aguirre-23.jpg","contentUrl":"https:\/\/web.consaguirre.com.ar\/noticias\/wp-content\/uploads\/2024\/08\/Banner-Aguirre-23.jpg","width":1192,"height":600,"caption":"Conservatorio de M\u00fasica Juli\u00e1n Aguirre"},"image":{"@id":"https:\/\/web.consaguirre.com.ar\/noticias\/#\/schema\/logo\/image\/"}},{"@type":"Person","@id":"https:\/\/web.consaguirre.com.ar\/noticias\/#\/schema\/person\/6558b0cfedee7ddc5425602b237d5722","name":"Javier Figueroa","image":{"@type":"ImageObject","inLanguage":"es-AR","@id":"https:\/\/web.consaguirre.com.ar\/noticias\/#\/schema\/person\/image\/","url":"https:\/\/web.consaguirre.com.ar\/noticias\/wp-content\/uploads\/2024\/08\/Consaguirre-scaled.jpg","contentUrl":"https:\/\/web.consaguirre.com.ar\/noticias\/wp-content\/uploads\/2024\/08\/Consaguirre-scaled.jpg","caption":"Javier Figueroa"},"description":"Me llamo Javier Figueroa y soy redactor para el sitio oficial del Conservatorio de M\u00fasica Juli\u00e1n Aguirre en Buenos Aires, consaguirre.com. Apasionado por la m\u00fasica y la escritura, me esfuerzo por destacar los talentos y eventos de nuestra prestigiosa instituci\u00f3n. Mi trayectoria se nutre de una profunda admiraci\u00f3n por los artistas, haciendo de cada art\u00edculo una celebraci\u00f3n de la creatividad y la cultura musical.","sameAs":["https:\/\/web.consaguirre.com.ar\/noticias"]}]}},"_links":{"self":[{"href":"https:\/\/web.consaguirre.com.ar\/noticias\/wp-json\/wp\/v2\/posts\/4865"}],"collection":[{"href":"https:\/\/web.consaguirre.com.ar\/noticias\/wp-json\/wp\/v2\/posts"}],"about":[{"href":"https:\/\/web.consaguirre.com.ar\/noticias\/wp-json\/wp\/v2\/types\/post"}],"author":[{"embeddable":true,"href":"https:\/\/web.consaguirre.com.ar\/noticias\/wp-json\/wp\/v2\/users\/1"}],"replies":[{"embeddable":true,"href":"https:\/\/web.consaguirre.com.ar\/noticias\/wp-json\/wp\/v2\/comments?post=4865"}],"version-history":[{"count":1,"href":"https:\/\/web.consaguirre.com.ar\/noticias\/wp-json\/wp\/v2\/posts\/4865\/revisions"}],"predecessor-version":[{"id":4867,"href":"https:\/\/web.consaguirre.com.ar\/noticias\/wp-json\/wp\/v2\/posts\/4865\/revisions\/4867"}],"wp:featuredmedia":[{"embeddable":true,"href":"https:\/\/web.consaguirre.com.ar\/noticias\/wp-json\/wp\/v2\/media\/4866"}],"wp:attachment":[{"href":"https:\/\/web.consaguirre.com.ar\/noticias\/wp-json\/wp\/v2\/media?parent=4865"}],"wp:term":[{"taxonomy":"category","embeddable":true,"href":"https:\/\/web.consaguirre.com.ar\/noticias\/wp-json\/wp\/v2\/categories?post=4865"},{"taxonomy":"post_tag","embeddable":true,"href":"https:\/\/web.consaguirre.com.ar\/noticias\/wp-json\/wp\/v2\/tags?post=4865"}],"curies":[{"name":"wp","href":"https:\/\/api.w.org\/{rel}","templated":true}]}}