{"id":4856,"date":"2026-01-19T14:38:10","date_gmt":"2026-01-19T17:38:10","guid":{"rendered":"https:\/\/web.consaguirre.com.ar\/noticias\/jose-james-celebra-el-50-aniversario-de-i-want-you-de-marvin-gaye\/"},"modified":"2026-01-19T14:38:11","modified_gmt":"2026-01-19T17:38:11","slug":"jose-james-celebra-el-50-aniversario-de-i-want-you-de-marvin-gaye","status":"publish","type":"post","link":"https:\/\/web.consaguirre.com.ar\/noticias\/jose-james-celebra-el-50-aniversario-de-i-want-you-de-marvin-gaye\/","title":{"rendered":"Jos\u00e9 James celebra el 50 aniversario de &#8216;I Want You&#8217; de Marvin Gaye"},"content":{"rendered":"<p>En febrero, Jos\u00e9 James presentar\u00e1 un par de espect\u00e1culos celebrando el 50 Aniversario de Marvin Gaye. <em>Te deseo<\/em>.<\/p>\n<p>Los conciertos tendr\u00e1n lugar el viernes 6 de febrero en el Symphony Center de la Orquesta Sinf\u00f3nica de Chicago y el s\u00e1bado 7 de febrero en el Matthews Theatre de Princeton, Nueva Jersey. Al vocalista y compositor se unir\u00e1 en ambos espect\u00e1culos la cantante nominada al Grammy Lizz Wright. Se anunciar\u00e1n m\u00e1s invitados especiales. James tambi\u00e9n ha formado una banda en vivo de clase mundial con el guitarrista Marcus Machado, el bajista David Ginyard y el baterista Jharis Yokley.<\/p>\n<p>Gaye lanz\u00f3 \u00e1lbumes a un ritmo constante durante las d\u00e9cadas de 1960 y 1970, pr\u00e1cticamente un disco por a\u00f1o. En 1971, dio a conocer un cambio en la direcci\u00f3n art\u00edstica con <em>Qu\u00e9 est\u00e1 sucediendo<\/em>que comentaba cuestiones sociales, ecol\u00f3gicas y humanas. Gaye sigui\u00f3 ese \u00e1lbum con la banda sonora de 1972 del thriller criminal de bajo presupuesto sobre blaxploitation. <em>hombre problem\u00e1tico<\/em>. 1973 <em>Vamos a seguir adelante<\/em> present\u00f3 la personalidad de amante que Gaye encarnar\u00eda durante el resto de su carrera. Tres a\u00f1os m\u00e1s tarde, surgi\u00f3 con su decimocuarto \u00e1lbum en solitario, una audaz mezcla de jazz, funk, R&#038;B, soul y disco que ha tenido un profundo impacto en los artistas de entonces y de ahora.<\/p>\n<div class=\"uD-YT-container\"><img decoding=\"async\" src=\"https:\/\/web.consaguirre.com.ar\/noticias\/wp-content\/uploads\/2026\/01\/1768844290_407_Jose-James-celebra-el-50-aniversario-de-I-Want-You.jpg\" alt=\"V\u00eddeo de YouTube\"><br \/>Haga clic para cargar v\u00eddeo<\/div>\n<p>Despu\u00e9s de luchar por encontrar una direcci\u00f3n para su nuevo \u00e1lbum, Gaye revivi\u00f3 al conocer a Leon Ware, compositor de Michael Jackson, The Miracles y Minnie Riperton, entre muchos otros. En el momento de la grabaci\u00f3n, Gaye estaba en una relaci\u00f3n rom\u00e1ntica de larga duraci\u00f3n con Janis Hunter, quien hab\u00eda inspirado <em>Vamos a seguir adelante<\/em>. La obsesi\u00f3n de Gaye con la mujer m\u00e1s joven, con quien m\u00e1s tarde se casar\u00eda, probablemente inspir\u00f3 el deseo carnal que fluye a trav\u00e9s de <em>Te deseo<\/em>.<\/p>\n<p>La escena de baile de la portada del \u00e1lbum, una pintura de 1971 de Ernie Barnes titulada &#8220;Sugar Shack&#8221;, dej\u00f3 muy claras las intenciones de Gaye para el \u00e1lbum: quer\u00eda que sus oyentes se sumergieran en sus fantas\u00edas er\u00f3ticas y sus sensuales vuelos.<\/p>\n<p><b>Compre ahora la m\u00fasica de Marvin Gaye en vinilo o CD.<\/b><\/p>\n","protected":false},"excerpt":{"rendered":"<p>En febrero, Jos\u00e9 James presentar\u00e1 un par de espect\u00e1culos celebrando el 50 Aniversario de Marvin Gaye. Te deseo. Los conciertos tendr\u00e1n lugar el viernes 6<\/p>\n","protected":false},"author":1,"featured_media":4857,"comment_status":"closed","ping_status":"","sticky":false,"template":"","format":"standard","meta":{"footnotes":""},"categories":[50],"tags":[98,114,1338,453,3749,1337],"class_list":["post-4856","post","type-post","status-publish","format-standard","has-post-thumbnail","hentry","category-el-ultimo","tag-aniversario","tag-celebra","tag-gaye","tag-james","tag-jose","tag-marvin","generate-columns","tablet-grid-50","mobile-grid-100","grid-parent","grid-50"],"yoast_head":"<!-- This site is optimized with the Yoast SEO plugin v23.3 - https:\/\/yoast.com\/wordpress\/plugins\/seo\/ -->\n<title>Jos\u00e9 James celebra el 50 aniversario de &#039;I Want You&#039; de Marvin Gaye<\/title>\n<meta name=\"robots\" content=\"index, follow, max-snippet:-1, max-image-preview:large, max-video-preview:-1\" \/>\n<link rel=\"canonical\" href=\"https:\/\/web.consaguirre.com.ar\/noticias\/jose-james-celebra-el-50-aniversario-de-i-want-you-de-marvin-gaye\/\" \/>\n<meta property=\"og:locale\" content=\"es_ES\" \/>\n<meta property=\"og:type\" content=\"article\" \/>\n<meta property=\"og:title\" content=\"Jos\u00e9 James celebra el 50 aniversario de &#039;I Want You&#039; de Marvin Gaye\" \/>\n<meta property=\"og:description\" content=\"En febrero, Jos\u00e9 James presentar\u00e1 un par de espect\u00e1culos celebrando el 50 Aniversario de Marvin Gaye. Te deseo. Los conciertos tendr\u00e1n lugar el viernes 6\" \/>\n<meta property=\"og:url\" content=\"https:\/\/web.consaguirre.com.ar\/noticias\/jose-james-celebra-el-50-aniversario-de-i-want-you-de-marvin-gaye\/\" \/>\n<meta property=\"og:site_name\" content=\"Conservatorio de M\u00fasica Juli\u00e1n Aguirre\" \/>\n<meta property=\"article:published_time\" content=\"2026-01-19T17:38:10+00:00\" \/>\n<meta property=\"article:modified_time\" content=\"2026-01-19T17:38:11+00:00\" \/>\n<meta property=\"og:image\" content=\"https:\/\/web.consaguirre.com.ar\/noticias\/wp-content\/uploads\/2026\/01\/Jose-James-celebra-el-50-aniversario-de-I-Want-You.jpg\" \/>\n\t<meta property=\"og:image:width\" content=\"1280\" \/>\n\t<meta property=\"og:image:height\" content=\"1280\" \/>\n\t<meta property=\"og:image:type\" content=\"image\/jpeg\" \/>\n<meta name=\"author\" content=\"Javier Figueroa\" \/>\n<meta name=\"twitter:card\" content=\"summary_large_image\" \/>\n<meta name=\"twitter:label1\" content=\"Escrito por\" \/>\n\t<meta name=\"twitter:data1\" content=\"Javier Figueroa\" \/>\n\t<meta name=\"twitter:label2\" content=\"Tiempo de lectura\" \/>\n\t<meta name=\"twitter:data2\" content=\"2 minutos\" \/>\n<script type=\"application\/ld+json\" class=\"yoast-schema-graph\">{\"@context\":\"https:\/\/schema.org\",\"@graph\":[{\"@type\":\"Article\",\"@id\":\"https:\/\/web.consaguirre.com.ar\/noticias\/jose-james-celebra-el-50-aniversario-de-i-want-you-de-marvin-gaye\/#article\",\"isPartOf\":{\"@id\":\"https:\/\/web.consaguirre.com.ar\/noticias\/jose-james-celebra-el-50-aniversario-de-i-want-you-de-marvin-gaye\/\"},\"author\":{\"name\":\"Javier Figueroa\",\"@id\":\"https:\/\/web.consaguirre.com.ar\/noticias\/#\/schema\/person\/6558b0cfedee7ddc5425602b237d5722\"},\"headline\":\"Jos\u00e9 James celebra el 50 aniversario de &#8216;I Want You&#8217; de Marvin Gaye\",\"datePublished\":\"2026-01-19T17:38:10+00:00\",\"dateModified\":\"2026-01-19T17:38:11+00:00\",\"mainEntityOfPage\":{\"@id\":\"https:\/\/web.consaguirre.com.ar\/noticias\/jose-james-celebra-el-50-aniversario-de-i-want-you-de-marvin-gaye\/\"},\"wordCount\":391,\"publisher\":{\"@id\":\"https:\/\/web.consaguirre.com.ar\/noticias\/#organization\"},\"image\":{\"@id\":\"https:\/\/web.consaguirre.com.ar\/noticias\/jose-james-celebra-el-50-aniversario-de-i-want-you-de-marvin-gaye\/#primaryimage\"},\"thumbnailUrl\":\"https:\/\/web.consaguirre.com.ar\/noticias\/wp-content\/uploads\/2026\/01\/Jose-James-celebra-el-50-aniversario-de-I-Want-You.jpg\",\"keywords\":[\"aniversario\",\"celebra\",\"Gaye\",\"James\",\"Jos\u00e9\",\"Marvin\"],\"articleSection\":[\"El \u00faltimo\"],\"inLanguage\":\"es-AR\"},{\"@type\":\"WebPage\",\"@id\":\"https:\/\/web.consaguirre.com.ar\/noticias\/jose-james-celebra-el-50-aniversario-de-i-want-you-de-marvin-gaye\/\",\"url\":\"https:\/\/web.consaguirre.com.ar\/noticias\/jose-james-celebra-el-50-aniversario-de-i-want-you-de-marvin-gaye\/\",\"name\":\"Jos\u00e9 James celebra el 50 aniversario de 'I Want You' de Marvin Gaye\",\"isPartOf\":{\"@id\":\"https:\/\/web.consaguirre.com.ar\/noticias\/#website\"},\"primaryImageOfPage\":{\"@id\":\"https:\/\/web.consaguirre.com.ar\/noticias\/jose-james-celebra-el-50-aniversario-de-i-want-you-de-marvin-gaye\/#primaryimage\"},\"image\":{\"@id\":\"https:\/\/web.consaguirre.com.ar\/noticias\/jose-james-celebra-el-50-aniversario-de-i-want-you-de-marvin-gaye\/#primaryimage\"},\"thumbnailUrl\":\"https:\/\/web.consaguirre.com.ar\/noticias\/wp-content\/uploads\/2026\/01\/Jose-James-celebra-el-50-aniversario-de-I-Want-You.jpg\",\"datePublished\":\"2026-01-19T17:38:10+00:00\",\"dateModified\":\"2026-01-19T17:38:11+00:00\",\"breadcrumb\":{\"@id\":\"https:\/\/web.consaguirre.com.ar\/noticias\/jose-james-celebra-el-50-aniversario-de-i-want-you-de-marvin-gaye\/#breadcrumb\"},\"inLanguage\":\"es-AR\",\"potentialAction\":[{\"@type\":\"ReadAction\",\"target\":[\"https:\/\/web.consaguirre.com.ar\/noticias\/jose-james-celebra-el-50-aniversario-de-i-want-you-de-marvin-gaye\/\"]}]},{\"@type\":\"ImageObject\",\"inLanguage\":\"es-AR\",\"@id\":\"https:\/\/web.consaguirre.com.ar\/noticias\/jose-james-celebra-el-50-aniversario-de-i-want-you-de-marvin-gaye\/#primaryimage\",\"url\":\"https:\/\/web.consaguirre.com.ar\/noticias\/wp-content\/uploads\/2026\/01\/Jose-James-celebra-el-50-aniversario-de-I-Want-You.jpg\",\"contentUrl\":\"https:\/\/web.consaguirre.com.ar\/noticias\/wp-content\/uploads\/2026\/01\/Jose-James-celebra-el-50-aniversario-de-I-Want-You.jpg\",\"width\":1280,\"height\":1280,\"caption\":\"Marvin Gaye, \u2018I Want You\u2019 - Photo: Courtesy of Motown Records\"},{\"@type\":\"BreadcrumbList\",\"@id\":\"https:\/\/web.consaguirre.com.ar\/noticias\/jose-james-celebra-el-50-aniversario-de-i-want-you-de-marvin-gaye\/#breadcrumb\",\"itemListElement\":[{\"@type\":\"ListItem\",\"position\":1,\"name\":\"Inicio\",\"item\":\"https:\/\/web.consaguirre.com.ar\/noticias\/\"},{\"@type\":\"ListItem\",\"position\":2,\"name\":\"Jos\u00e9 James celebra el 50 aniversario de &#8216;I Want You&#8217; de Marvin Gaye\"}]},{\"@type\":\"WebSite\",\"@id\":\"https:\/\/web.consaguirre.com.ar\/noticias\/#website\",\"url\":\"https:\/\/web.consaguirre.com.ar\/noticias\/\",\"name\":\"Conservatorio de M\u00fasica Juli\u00e1n Aguirre\",\"description\":\"\",\"publisher\":{\"@id\":\"https:\/\/web.consaguirre.com.ar\/noticias\/#organization\"},\"potentialAction\":[{\"@type\":\"SearchAction\",\"target\":{\"@type\":\"EntryPoint\",\"urlTemplate\":\"https:\/\/web.consaguirre.com.ar\/noticias\/?s={search_term_string}\"},\"query-input\":\"required name=search_term_string\"}],\"inLanguage\":\"es-AR\"},{\"@type\":\"Organization\",\"@id\":\"https:\/\/web.consaguirre.com.ar\/noticias\/#organization\",\"name\":\"Conservatorio de M\u00fasica Juli\u00e1n Aguirre\",\"url\":\"https:\/\/web.consaguirre.com.ar\/noticias\/\",\"logo\":{\"@type\":\"ImageObject\",\"inLanguage\":\"es-AR\",\"@id\":\"https:\/\/web.consaguirre.com.ar\/noticias\/#\/schema\/logo\/image\/\",\"url\":\"https:\/\/web.consaguirre.com.ar\/noticias\/wp-content\/uploads\/2024\/08\/Banner-Aguirre-23.jpg\",\"contentUrl\":\"https:\/\/web.consaguirre.com.ar\/noticias\/wp-content\/uploads\/2024\/08\/Banner-Aguirre-23.jpg\",\"width\":1192,\"height\":600,\"caption\":\"Conservatorio de M\u00fasica Juli\u00e1n Aguirre\"},\"image\":{\"@id\":\"https:\/\/web.consaguirre.com.ar\/noticias\/#\/schema\/logo\/image\/\"}},{\"@type\":\"Person\",\"@id\":\"https:\/\/web.consaguirre.com.ar\/noticias\/#\/schema\/person\/6558b0cfedee7ddc5425602b237d5722\",\"name\":\"Javier Figueroa\",\"image\":{\"@type\":\"ImageObject\",\"inLanguage\":\"es-AR\",\"@id\":\"https:\/\/web.consaguirre.com.ar\/noticias\/#\/schema\/person\/image\/\",\"url\":\"https:\/\/web.consaguirre.com.ar\/noticias\/wp-content\/uploads\/2024\/08\/Consaguirre-scaled.jpg\",\"contentUrl\":\"https:\/\/web.consaguirre.com.ar\/noticias\/wp-content\/uploads\/2024\/08\/Consaguirre-scaled.jpg\",\"caption\":\"Javier Figueroa\"},\"description\":\"Me llamo Javier Figueroa y soy redactor para el sitio oficial del Conservatorio de M\u00fasica Juli\u00e1n Aguirre en Buenos Aires, consaguirre.com. Apasionado por la m\u00fasica y la escritura, me esfuerzo por destacar los talentos y eventos de nuestra prestigiosa instituci\u00f3n. Mi trayectoria se nutre de una profunda admiraci\u00f3n por los artistas, haciendo de cada art\u00edculo una celebraci\u00f3n de la creatividad y la cultura musical.\",\"sameAs\":[\"https:\/\/web.consaguirre.com.ar\/noticias\"]}]}<\/script>\n<!-- \/ Yoast SEO plugin. -->","yoast_head_json":{"title":"Jos\u00e9 James celebra el 50 aniversario de 'I Want You' de Marvin Gaye","robots":{"index":"index","follow":"follow","max-snippet":"max-snippet:-1","max-image-preview":"max-image-preview:large","max-video-preview":"max-video-preview:-1"},"canonical":"https:\/\/web.consaguirre.com.ar\/noticias\/jose-james-celebra-el-50-aniversario-de-i-want-you-de-marvin-gaye\/","og_locale":"es_ES","og_type":"article","og_title":"Jos\u00e9 James celebra el 50 aniversario de 'I Want You' de Marvin Gaye","og_description":"En febrero, Jos\u00e9 James presentar\u00e1 un par de espect\u00e1culos celebrando el 50 Aniversario de Marvin Gaye. Te deseo. Los conciertos tendr\u00e1n lugar el viernes 6","og_url":"https:\/\/web.consaguirre.com.ar\/noticias\/jose-james-celebra-el-50-aniversario-de-i-want-you-de-marvin-gaye\/","og_site_name":"Conservatorio de M\u00fasica Juli\u00e1n Aguirre","article_published_time":"2026-01-19T17:38:10+00:00","article_modified_time":"2026-01-19T17:38:11+00:00","og_image":[{"width":1280,"height":1280,"url":"https:\/\/web.consaguirre.com.ar\/noticias\/wp-content\/uploads\/2026\/01\/Jose-James-celebra-el-50-aniversario-de-I-Want-You.jpg","type":"image\/jpeg"}],"author":"Javier Figueroa","twitter_card":"summary_large_image","twitter_misc":{"Escrito por":"Javier Figueroa","Tiempo de lectura":"2 minutos"},"schema":{"@context":"https:\/\/schema.org","@graph":[{"@type":"Article","@id":"https:\/\/web.consaguirre.com.ar\/noticias\/jose-james-celebra-el-50-aniversario-de-i-want-you-de-marvin-gaye\/#article","isPartOf":{"@id":"https:\/\/web.consaguirre.com.ar\/noticias\/jose-james-celebra-el-50-aniversario-de-i-want-you-de-marvin-gaye\/"},"author":{"name":"Javier Figueroa","@id":"https:\/\/web.consaguirre.com.ar\/noticias\/#\/schema\/person\/6558b0cfedee7ddc5425602b237d5722"},"headline":"Jos\u00e9 James celebra el 50 aniversario de &#8216;I Want You&#8217; de Marvin Gaye","datePublished":"2026-01-19T17:38:10+00:00","dateModified":"2026-01-19T17:38:11+00:00","mainEntityOfPage":{"@id":"https:\/\/web.consaguirre.com.ar\/noticias\/jose-james-celebra-el-50-aniversario-de-i-want-you-de-marvin-gaye\/"},"wordCount":391,"publisher":{"@id":"https:\/\/web.consaguirre.com.ar\/noticias\/#organization"},"image":{"@id":"https:\/\/web.consaguirre.com.ar\/noticias\/jose-james-celebra-el-50-aniversario-de-i-want-you-de-marvin-gaye\/#primaryimage"},"thumbnailUrl":"https:\/\/web.consaguirre.com.ar\/noticias\/wp-content\/uploads\/2026\/01\/Jose-James-celebra-el-50-aniversario-de-I-Want-You.jpg","keywords":["aniversario","celebra","Gaye","James","Jos\u00e9","Marvin"],"articleSection":["El \u00faltimo"],"inLanguage":"es-AR"},{"@type":"WebPage","@id":"https:\/\/web.consaguirre.com.ar\/noticias\/jose-james-celebra-el-50-aniversario-de-i-want-you-de-marvin-gaye\/","url":"https:\/\/web.consaguirre.com.ar\/noticias\/jose-james-celebra-el-50-aniversario-de-i-want-you-de-marvin-gaye\/","name":"Jos\u00e9 James celebra el 50 aniversario de 'I Want You' de Marvin Gaye","isPartOf":{"@id":"https:\/\/web.consaguirre.com.ar\/noticias\/#website"},"primaryImageOfPage":{"@id":"https:\/\/web.consaguirre.com.ar\/noticias\/jose-james-celebra-el-50-aniversario-de-i-want-you-de-marvin-gaye\/#primaryimage"},"image":{"@id":"https:\/\/web.consaguirre.com.ar\/noticias\/jose-james-celebra-el-50-aniversario-de-i-want-you-de-marvin-gaye\/#primaryimage"},"thumbnailUrl":"https:\/\/web.consaguirre.com.ar\/noticias\/wp-content\/uploads\/2026\/01\/Jose-James-celebra-el-50-aniversario-de-I-Want-You.jpg","datePublished":"2026-01-19T17:38:10+00:00","dateModified":"2026-01-19T17:38:11+00:00","breadcrumb":{"@id":"https:\/\/web.consaguirre.com.ar\/noticias\/jose-james-celebra-el-50-aniversario-de-i-want-you-de-marvin-gaye\/#breadcrumb"},"inLanguage":"es-AR","potentialAction":[{"@type":"ReadAction","target":["https:\/\/web.consaguirre.com.ar\/noticias\/jose-james-celebra-el-50-aniversario-de-i-want-you-de-marvin-gaye\/"]}]},{"@type":"ImageObject","inLanguage":"es-AR","@id":"https:\/\/web.consaguirre.com.ar\/noticias\/jose-james-celebra-el-50-aniversario-de-i-want-you-de-marvin-gaye\/#primaryimage","url":"https:\/\/web.consaguirre.com.ar\/noticias\/wp-content\/uploads\/2026\/01\/Jose-James-celebra-el-50-aniversario-de-I-Want-You.jpg","contentUrl":"https:\/\/web.consaguirre.com.ar\/noticias\/wp-content\/uploads\/2026\/01\/Jose-James-celebra-el-50-aniversario-de-I-Want-You.jpg","width":1280,"height":1280,"caption":"Marvin Gaye, \u2018I Want You\u2019 - Photo: Courtesy of Motown Records"},{"@type":"BreadcrumbList","@id":"https:\/\/web.consaguirre.com.ar\/noticias\/jose-james-celebra-el-50-aniversario-de-i-want-you-de-marvin-gaye\/#breadcrumb","itemListElement":[{"@type":"ListItem","position":1,"name":"Inicio","item":"https:\/\/web.consaguirre.com.ar\/noticias\/"},{"@type":"ListItem","position":2,"name":"Jos\u00e9 James celebra el 50 aniversario de &#8216;I Want You&#8217; de Marvin Gaye"}]},{"@type":"WebSite","@id":"https:\/\/web.consaguirre.com.ar\/noticias\/#website","url":"https:\/\/web.consaguirre.com.ar\/noticias\/","name":"Conservatorio de M\u00fasica Juli\u00e1n Aguirre","description":"","publisher":{"@id":"https:\/\/web.consaguirre.com.ar\/noticias\/#organization"},"potentialAction":[{"@type":"SearchAction","target":{"@type":"EntryPoint","urlTemplate":"https:\/\/web.consaguirre.com.ar\/noticias\/?s={search_term_string}"},"query-input":"required name=search_term_string"}],"inLanguage":"es-AR"},{"@type":"Organization","@id":"https:\/\/web.consaguirre.com.ar\/noticias\/#organization","name":"Conservatorio de M\u00fasica Juli\u00e1n Aguirre","url":"https:\/\/web.consaguirre.com.ar\/noticias\/","logo":{"@type":"ImageObject","inLanguage":"es-AR","@id":"https:\/\/web.consaguirre.com.ar\/noticias\/#\/schema\/logo\/image\/","url":"https:\/\/web.consaguirre.com.ar\/noticias\/wp-content\/uploads\/2024\/08\/Banner-Aguirre-23.jpg","contentUrl":"https:\/\/web.consaguirre.com.ar\/noticias\/wp-content\/uploads\/2024\/08\/Banner-Aguirre-23.jpg","width":1192,"height":600,"caption":"Conservatorio de M\u00fasica Juli\u00e1n Aguirre"},"image":{"@id":"https:\/\/web.consaguirre.com.ar\/noticias\/#\/schema\/logo\/image\/"}},{"@type":"Person","@id":"https:\/\/web.consaguirre.com.ar\/noticias\/#\/schema\/person\/6558b0cfedee7ddc5425602b237d5722","name":"Javier Figueroa","image":{"@type":"ImageObject","inLanguage":"es-AR","@id":"https:\/\/web.consaguirre.com.ar\/noticias\/#\/schema\/person\/image\/","url":"https:\/\/web.consaguirre.com.ar\/noticias\/wp-content\/uploads\/2024\/08\/Consaguirre-scaled.jpg","contentUrl":"https:\/\/web.consaguirre.com.ar\/noticias\/wp-content\/uploads\/2024\/08\/Consaguirre-scaled.jpg","caption":"Javier Figueroa"},"description":"Me llamo Javier Figueroa y soy redactor para el sitio oficial del Conservatorio de M\u00fasica Juli\u00e1n Aguirre en Buenos Aires, consaguirre.com. Apasionado por la m\u00fasica y la escritura, me esfuerzo por destacar los talentos y eventos de nuestra prestigiosa instituci\u00f3n. Mi trayectoria se nutre de una profunda admiraci\u00f3n por los artistas, haciendo de cada art\u00edculo una celebraci\u00f3n de la creatividad y la cultura musical.","sameAs":["https:\/\/web.consaguirre.com.ar\/noticias"]}]}},"_links":{"self":[{"href":"https:\/\/web.consaguirre.com.ar\/noticias\/wp-json\/wp\/v2\/posts\/4856"}],"collection":[{"href":"https:\/\/web.consaguirre.com.ar\/noticias\/wp-json\/wp\/v2\/posts"}],"about":[{"href":"https:\/\/web.consaguirre.com.ar\/noticias\/wp-json\/wp\/v2\/types\/post"}],"author":[{"embeddable":true,"href":"https:\/\/web.consaguirre.com.ar\/noticias\/wp-json\/wp\/v2\/users\/1"}],"replies":[{"embeddable":true,"href":"https:\/\/web.consaguirre.com.ar\/noticias\/wp-json\/wp\/v2\/comments?post=4856"}],"version-history":[{"count":1,"href":"https:\/\/web.consaguirre.com.ar\/noticias\/wp-json\/wp\/v2\/posts\/4856\/revisions"}],"predecessor-version":[{"id":4858,"href":"https:\/\/web.consaguirre.com.ar\/noticias\/wp-json\/wp\/v2\/posts\/4856\/revisions\/4858"}],"wp:featuredmedia":[{"embeddable":true,"href":"https:\/\/web.consaguirre.com.ar\/noticias\/wp-json\/wp\/v2\/media\/4857"}],"wp:attachment":[{"href":"https:\/\/web.consaguirre.com.ar\/noticias\/wp-json\/wp\/v2\/media?parent=4856"}],"wp:term":[{"taxonomy":"category","embeddable":true,"href":"https:\/\/web.consaguirre.com.ar\/noticias\/wp-json\/wp\/v2\/categories?post=4856"},{"taxonomy":"post_tag","embeddable":true,"href":"https:\/\/web.consaguirre.com.ar\/noticias\/wp-json\/wp\/v2\/tags?post=4856"}],"curies":[{"name":"wp","href":"https:\/\/api.w.org\/{rel}","templated":true}]}}