{"id":4852,"date":"2026-01-16T23:39:38","date_gmt":"2026-01-17T02:39:38","guid":{"rendered":"https:\/\/web.consaguirre.com.ar\/noticias\/disclosure-anuncia-gira-norteamericana-de-primavera-de-2026\/"},"modified":"2026-01-16T23:39:39","modified_gmt":"2026-01-17T02:39:39","slug":"disclosure-anuncia-gira-norteamericana-de-primavera-de-2026","status":"publish","type":"post","link":"https:\/\/web.consaguirre.com.ar\/noticias\/disclosure-anuncia-gira-norteamericana-de-primavera-de-2026\/","title":{"rendered":"Disclosure anuncia gira norteamericana de primavera de 2026"},"content":{"rendered":"<p>El d\u00fao electr\u00f3nico multiplatino Disclosure ha anunciado una gira principal de 14 fechas por Norteam\u00e9rica esta primavera. La gira comenzar\u00e1 el 7 de abril con dos noches en el Santa Barbara Bowl del sur de California y concluir\u00e1 el 9 de mayo con dos noches en The Salt Shed de Chicago.<\/p>\n<p>Las preventas comienzan el mi\u00e9rcoles 21 de enero y la venta general se lanzar\u00e1 el jueves 22 de enero a las 10 a. m., hora local. Los fan\u00e1ticos pueden registrarse ahora para la preventa del artista, que comienza a las 12 p. m. hora local del 21 de enero, mientras que la preventa en Spotify comienza a las 2 p. m. del mismo d\u00eda. Puede encontrar m\u00e1s informaci\u00f3n en el sitio web de Disclosure.<\/p>\n<p>Adem\u00e1s de las fechas en Santa B\u00e1rbara y Chicago, la gira de primavera incluir\u00e1 tres noches en Mission Ballroom en Denver (del 23 al 25 de abril) y dos noches en The Eastern en Atlanta (1 y 2 de mayo). Continuando, la gira har\u00e1 paradas en el Red Hat Amphitheater en Raleigh, Carolina del Norte (30 de abril), The Pinnacle en Nashville (5 de mayo) y Masonic Temple Theatre en Detroit (7 de mayo).<\/p>\n<div class=\"uD-YT-container\"><img decoding=\"async\" src=\"https:\/\/web.consaguirre.com.ar\/noticias\/wp-content\/uploads\/2025\/12\/1764869906_791_Disclosure-se-une-a-Leon-Thomas-para-el-nuevo-sencillo.jpg\" alt=\"V\u00eddeo de YouTube\"><br \/>Haga clic para cargar v\u00eddeo<\/div>\n<p>La gira tambi\u00e9n incluir\u00e1 el muy esperado regreso de Disclosure al escenario de Coachella los d\u00edas 10 y 17 de abril. Se ha anunciado una lista de artistas secundarios, incluidos ADALAREIGN, Todd Edwards, Chlo\u00e9 Robinson, Malugi, Laurence Guy y Mike Dunn.<\/p>\n<p>Si bien estas son todas las fechas que se han compartido por ahora, es posible que haya m\u00e1s por venir. El d\u00fao ingl\u00e9s respondi\u00f3 a un fan que preguntaba por programas canadienses en Instagram y escribi\u00f3: &#8220;Tengo algunas fechas que anunciar all\u00ed pronto. Espera&#8221;.<\/p>\n<p>El mes pasado, Disclosure estren\u00f3 su nuevo sencillo \u201cDeeper\u201d, una colaboraci\u00f3n con el nominado al Grammy Leon Thomas. Su colaboraci\u00f3n de 2025 con Anderson .Paak, \u201cNO CAP\u201d, obtuvo una nominaci\u00f3n a Mejor grabaci\u00f3n dance\/electr\u00f3nica en los pr\u00f3ximos premios Grammy 2026. El total de nominaciones al Grammy de Disclosure ahora es el d\u00e9cimo, despu\u00e9s de haber recibido su primera nominaci\u00f3n por su \u00e1lbum debut, <em>Asentarse<\/em>all\u00e1 por 2014.<\/p>\n<p><b>Compre m\u00fasica de Disclosure en vinilo o CD ahora.<\/b><\/p>\n","protected":false},"excerpt":{"rendered":"<p>El d\u00fao electr\u00f3nico multiplatino Disclosure ha anunciado una gira principal de 14 fechas por Norteam\u00e9rica esta primavera. La gira comenzar\u00e1 el 7 de abril con<\/p>\n","protected":false},"author":1,"featured_media":4531,"comment_status":"closed","ping_status":"","sticky":false,"template":"","format":"standard","meta":{"footnotes":""},"categories":[50],"tags":[56,755,492,1300,3282],"class_list":["post-4852","post","type-post","status-publish","format-standard","has-post-thumbnail","hentry","category-el-ultimo","tag-anuncia","tag-disclosure","tag-gira","tag-norteamericana","tag-primavera","generate-columns","tablet-grid-50","mobile-grid-100","grid-parent","grid-50"],"yoast_head":"<!-- This site is optimized with the Yoast SEO plugin v23.3 - https:\/\/yoast.com\/wordpress\/plugins\/seo\/ -->\n<title>Disclosure anuncia gira norteamericana de primavera de 2026<\/title>\n<meta name=\"robots\" content=\"index, follow, max-snippet:-1, max-image-preview:large, max-video-preview:-1\" \/>\n<link rel=\"canonical\" href=\"https:\/\/web.consaguirre.com.ar\/noticias\/disclosure-anuncia-gira-norteamericana-de-primavera-de-2026\/\" \/>\n<meta property=\"og:locale\" content=\"es_ES\" \/>\n<meta property=\"og:type\" content=\"article\" \/>\n<meta property=\"og:title\" content=\"Disclosure anuncia gira norteamericana de primavera de 2026\" \/>\n<meta property=\"og:description\" content=\"El d\u00fao electr\u00f3nico multiplatino Disclosure ha anunciado una gira principal de 14 fechas por Norteam\u00e9rica esta primavera. La gira comenzar\u00e1 el 7 de abril con\" \/>\n<meta property=\"og:url\" content=\"https:\/\/web.consaguirre.com.ar\/noticias\/disclosure-anuncia-gira-norteamericana-de-primavera-de-2026\/\" \/>\n<meta property=\"og:site_name\" content=\"Conservatorio de M\u00fasica Juli\u00e1n Aguirre\" \/>\n<meta property=\"article:published_time\" content=\"2026-01-17T02:39:38+00:00\" \/>\n<meta property=\"article:modified_time\" content=\"2026-01-17T02:39:39+00:00\" \/>\n<meta property=\"og:image\" content=\"https:\/\/web.consaguirre.com.ar\/noticias\/wp-content\/uploads\/2025\/12\/Disclosure-se-une-a-Leon-Thomas-para-el-nuevo-sencillo.jpg\" \/>\n\t<meta property=\"og:image:width\" content=\"820\" \/>\n\t<meta property=\"og:image:height\" content=\"820\" \/>\n\t<meta property=\"og:image:type\" content=\"image\/jpeg\" \/>\n<meta name=\"author\" content=\"Javier Figueroa\" \/>\n<meta name=\"twitter:card\" content=\"summary_large_image\" \/>\n<meta name=\"twitter:label1\" content=\"Escrito por\" \/>\n\t<meta name=\"twitter:data1\" content=\"Javier Figueroa\" \/>\n\t<meta name=\"twitter:label2\" content=\"Tiempo de lectura\" \/>\n\t<meta name=\"twitter:data2\" content=\"2 minutos\" \/>\n<script type=\"application\/ld+json\" class=\"yoast-schema-graph\">{\"@context\":\"https:\/\/schema.org\",\"@graph\":[{\"@type\":\"Article\",\"@id\":\"https:\/\/web.consaguirre.com.ar\/noticias\/disclosure-anuncia-gira-norteamericana-de-primavera-de-2026\/#article\",\"isPartOf\":{\"@id\":\"https:\/\/web.consaguirre.com.ar\/noticias\/disclosure-anuncia-gira-norteamericana-de-primavera-de-2026\/\"},\"author\":{\"name\":\"Javier Figueroa\",\"@id\":\"https:\/\/web.consaguirre.com.ar\/noticias\/#\/schema\/person\/6558b0cfedee7ddc5425602b237d5722\"},\"headline\":\"Disclosure anuncia gira norteamericana de primavera de 2026\",\"datePublished\":\"2026-01-17T02:39:38+00:00\",\"dateModified\":\"2026-01-17T02:39:39+00:00\",\"mainEntityOfPage\":{\"@id\":\"https:\/\/web.consaguirre.com.ar\/noticias\/disclosure-anuncia-gira-norteamericana-de-primavera-de-2026\/\"},\"wordCount\":377,\"publisher\":{\"@id\":\"https:\/\/web.consaguirre.com.ar\/noticias\/#organization\"},\"image\":{\"@id\":\"https:\/\/web.consaguirre.com.ar\/noticias\/disclosure-anuncia-gira-norteamericana-de-primavera-de-2026\/#primaryimage\"},\"thumbnailUrl\":\"https:\/\/web.consaguirre.com.ar\/noticias\/wp-content\/uploads\/2025\/12\/Disclosure-se-une-a-Leon-Thomas-para-el-nuevo-sencillo.jpg\",\"keywords\":[\"anuncia\",\"Disclosure\",\"gira\",\"norteamericana\",\"Primavera\"],\"articleSection\":[\"El \u00faltimo\"],\"inLanguage\":\"es-AR\"},{\"@type\":\"WebPage\",\"@id\":\"https:\/\/web.consaguirre.com.ar\/noticias\/disclosure-anuncia-gira-norteamericana-de-primavera-de-2026\/\",\"url\":\"https:\/\/web.consaguirre.com.ar\/noticias\/disclosure-anuncia-gira-norteamericana-de-primavera-de-2026\/\",\"name\":\"Disclosure anuncia gira norteamericana de primavera de 2026\",\"isPartOf\":{\"@id\":\"https:\/\/web.consaguirre.com.ar\/noticias\/#website\"},\"primaryImageOfPage\":{\"@id\":\"https:\/\/web.consaguirre.com.ar\/noticias\/disclosure-anuncia-gira-norteamericana-de-primavera-de-2026\/#primaryimage\"},\"image\":{\"@id\":\"https:\/\/web.consaguirre.com.ar\/noticias\/disclosure-anuncia-gira-norteamericana-de-primavera-de-2026\/#primaryimage\"},\"thumbnailUrl\":\"https:\/\/web.consaguirre.com.ar\/noticias\/wp-content\/uploads\/2025\/12\/Disclosure-se-une-a-Leon-Thomas-para-el-nuevo-sencillo.jpg\",\"datePublished\":\"2026-01-17T02:39:38+00:00\",\"dateModified\":\"2026-01-17T02:39:39+00:00\",\"breadcrumb\":{\"@id\":\"https:\/\/web.consaguirre.com.ar\/noticias\/disclosure-anuncia-gira-norteamericana-de-primavera-de-2026\/#breadcrumb\"},\"inLanguage\":\"es-AR\",\"potentialAction\":[{\"@type\":\"ReadAction\",\"target\":[\"https:\/\/web.consaguirre.com.ar\/noticias\/disclosure-anuncia-gira-norteamericana-de-primavera-de-2026\/\"]}]},{\"@type\":\"ImageObject\",\"inLanguage\":\"es-AR\",\"@id\":\"https:\/\/web.consaguirre.com.ar\/noticias\/disclosure-anuncia-gira-norteamericana-de-primavera-de-2026\/#primaryimage\",\"url\":\"https:\/\/web.consaguirre.com.ar\/noticias\/wp-content\/uploads\/2025\/12\/Disclosure-se-une-a-Leon-Thomas-para-el-nuevo-sencillo.jpg\",\"contentUrl\":\"https:\/\/web.consaguirre.com.ar\/noticias\/wp-content\/uploads\/2025\/12\/Disclosure-se-une-a-Leon-Thomas-para-el-nuevo-sencillo.jpg\",\"width\":820,\"height\":820,\"caption\":\"Disclosure se une a Leon Thomas para el nuevo sencillo 'Deeper'\"},{\"@type\":\"BreadcrumbList\",\"@id\":\"https:\/\/web.consaguirre.com.ar\/noticias\/disclosure-anuncia-gira-norteamericana-de-primavera-de-2026\/#breadcrumb\",\"itemListElement\":[{\"@type\":\"ListItem\",\"position\":1,\"name\":\"Inicio\",\"item\":\"https:\/\/web.consaguirre.com.ar\/noticias\/\"},{\"@type\":\"ListItem\",\"position\":2,\"name\":\"Disclosure anuncia gira norteamericana de primavera de 2026\"}]},{\"@type\":\"WebSite\",\"@id\":\"https:\/\/web.consaguirre.com.ar\/noticias\/#website\",\"url\":\"https:\/\/web.consaguirre.com.ar\/noticias\/\",\"name\":\"Conservatorio de M\u00fasica Juli\u00e1n Aguirre\",\"description\":\"\",\"publisher\":{\"@id\":\"https:\/\/web.consaguirre.com.ar\/noticias\/#organization\"},\"potentialAction\":[{\"@type\":\"SearchAction\",\"target\":{\"@type\":\"EntryPoint\",\"urlTemplate\":\"https:\/\/web.consaguirre.com.ar\/noticias\/?s={search_term_string}\"},\"query-input\":\"required name=search_term_string\"}],\"inLanguage\":\"es-AR\"},{\"@type\":\"Organization\",\"@id\":\"https:\/\/web.consaguirre.com.ar\/noticias\/#organization\",\"name\":\"Conservatorio de M\u00fasica Juli\u00e1n Aguirre\",\"url\":\"https:\/\/web.consaguirre.com.ar\/noticias\/\",\"logo\":{\"@type\":\"ImageObject\",\"inLanguage\":\"es-AR\",\"@id\":\"https:\/\/web.consaguirre.com.ar\/noticias\/#\/schema\/logo\/image\/\",\"url\":\"https:\/\/web.consaguirre.com.ar\/noticias\/wp-content\/uploads\/2024\/08\/Banner-Aguirre-23.jpg\",\"contentUrl\":\"https:\/\/web.consaguirre.com.ar\/noticias\/wp-content\/uploads\/2024\/08\/Banner-Aguirre-23.jpg\",\"width\":1192,\"height\":600,\"caption\":\"Conservatorio de M\u00fasica Juli\u00e1n Aguirre\"},\"image\":{\"@id\":\"https:\/\/web.consaguirre.com.ar\/noticias\/#\/schema\/logo\/image\/\"}},{\"@type\":\"Person\",\"@id\":\"https:\/\/web.consaguirre.com.ar\/noticias\/#\/schema\/person\/6558b0cfedee7ddc5425602b237d5722\",\"name\":\"Javier Figueroa\",\"image\":{\"@type\":\"ImageObject\",\"inLanguage\":\"es-AR\",\"@id\":\"https:\/\/web.consaguirre.com.ar\/noticias\/#\/schema\/person\/image\/\",\"url\":\"https:\/\/web.consaguirre.com.ar\/noticias\/wp-content\/uploads\/2024\/08\/Consaguirre-scaled.jpg\",\"contentUrl\":\"https:\/\/web.consaguirre.com.ar\/noticias\/wp-content\/uploads\/2024\/08\/Consaguirre-scaled.jpg\",\"caption\":\"Javier Figueroa\"},\"description\":\"Me llamo Javier Figueroa y soy redactor para el sitio oficial del Conservatorio de M\u00fasica Juli\u00e1n Aguirre en Buenos Aires, consaguirre.com. Apasionado por la m\u00fasica y la escritura, me esfuerzo por destacar los talentos y eventos de nuestra prestigiosa instituci\u00f3n. Mi trayectoria se nutre de una profunda admiraci\u00f3n por los artistas, haciendo de cada art\u00edculo una celebraci\u00f3n de la creatividad y la cultura musical.\",\"sameAs\":[\"https:\/\/web.consaguirre.com.ar\/noticias\"]}]}<\/script>\n<!-- \/ Yoast SEO plugin. -->","yoast_head_json":{"title":"Disclosure anuncia gira norteamericana de primavera de 2026","robots":{"index":"index","follow":"follow","max-snippet":"max-snippet:-1","max-image-preview":"max-image-preview:large","max-video-preview":"max-video-preview:-1"},"canonical":"https:\/\/web.consaguirre.com.ar\/noticias\/disclosure-anuncia-gira-norteamericana-de-primavera-de-2026\/","og_locale":"es_ES","og_type":"article","og_title":"Disclosure anuncia gira norteamericana de primavera de 2026","og_description":"El d\u00fao electr\u00f3nico multiplatino Disclosure ha anunciado una gira principal de 14 fechas por Norteam\u00e9rica esta primavera. La gira comenzar\u00e1 el 7 de abril con","og_url":"https:\/\/web.consaguirre.com.ar\/noticias\/disclosure-anuncia-gira-norteamericana-de-primavera-de-2026\/","og_site_name":"Conservatorio de M\u00fasica Juli\u00e1n Aguirre","article_published_time":"2026-01-17T02:39:38+00:00","article_modified_time":"2026-01-17T02:39:39+00:00","og_image":[{"width":820,"height":820,"url":"https:\/\/web.consaguirre.com.ar\/noticias\/wp-content\/uploads\/2025\/12\/Disclosure-se-une-a-Leon-Thomas-para-el-nuevo-sencillo.jpg","type":"image\/jpeg"}],"author":"Javier Figueroa","twitter_card":"summary_large_image","twitter_misc":{"Escrito por":"Javier Figueroa","Tiempo de lectura":"2 minutos"},"schema":{"@context":"https:\/\/schema.org","@graph":[{"@type":"Article","@id":"https:\/\/web.consaguirre.com.ar\/noticias\/disclosure-anuncia-gira-norteamericana-de-primavera-de-2026\/#article","isPartOf":{"@id":"https:\/\/web.consaguirre.com.ar\/noticias\/disclosure-anuncia-gira-norteamericana-de-primavera-de-2026\/"},"author":{"name":"Javier Figueroa","@id":"https:\/\/web.consaguirre.com.ar\/noticias\/#\/schema\/person\/6558b0cfedee7ddc5425602b237d5722"},"headline":"Disclosure anuncia gira norteamericana de primavera de 2026","datePublished":"2026-01-17T02:39:38+00:00","dateModified":"2026-01-17T02:39:39+00:00","mainEntityOfPage":{"@id":"https:\/\/web.consaguirre.com.ar\/noticias\/disclosure-anuncia-gira-norteamericana-de-primavera-de-2026\/"},"wordCount":377,"publisher":{"@id":"https:\/\/web.consaguirre.com.ar\/noticias\/#organization"},"image":{"@id":"https:\/\/web.consaguirre.com.ar\/noticias\/disclosure-anuncia-gira-norteamericana-de-primavera-de-2026\/#primaryimage"},"thumbnailUrl":"https:\/\/web.consaguirre.com.ar\/noticias\/wp-content\/uploads\/2025\/12\/Disclosure-se-une-a-Leon-Thomas-para-el-nuevo-sencillo.jpg","keywords":["anuncia","Disclosure","gira","norteamericana","Primavera"],"articleSection":["El \u00faltimo"],"inLanguage":"es-AR"},{"@type":"WebPage","@id":"https:\/\/web.consaguirre.com.ar\/noticias\/disclosure-anuncia-gira-norteamericana-de-primavera-de-2026\/","url":"https:\/\/web.consaguirre.com.ar\/noticias\/disclosure-anuncia-gira-norteamericana-de-primavera-de-2026\/","name":"Disclosure anuncia gira norteamericana de primavera de 2026","isPartOf":{"@id":"https:\/\/web.consaguirre.com.ar\/noticias\/#website"},"primaryImageOfPage":{"@id":"https:\/\/web.consaguirre.com.ar\/noticias\/disclosure-anuncia-gira-norteamericana-de-primavera-de-2026\/#primaryimage"},"image":{"@id":"https:\/\/web.consaguirre.com.ar\/noticias\/disclosure-anuncia-gira-norteamericana-de-primavera-de-2026\/#primaryimage"},"thumbnailUrl":"https:\/\/web.consaguirre.com.ar\/noticias\/wp-content\/uploads\/2025\/12\/Disclosure-se-une-a-Leon-Thomas-para-el-nuevo-sencillo.jpg","datePublished":"2026-01-17T02:39:38+00:00","dateModified":"2026-01-17T02:39:39+00:00","breadcrumb":{"@id":"https:\/\/web.consaguirre.com.ar\/noticias\/disclosure-anuncia-gira-norteamericana-de-primavera-de-2026\/#breadcrumb"},"inLanguage":"es-AR","potentialAction":[{"@type":"ReadAction","target":["https:\/\/web.consaguirre.com.ar\/noticias\/disclosure-anuncia-gira-norteamericana-de-primavera-de-2026\/"]}]},{"@type":"ImageObject","inLanguage":"es-AR","@id":"https:\/\/web.consaguirre.com.ar\/noticias\/disclosure-anuncia-gira-norteamericana-de-primavera-de-2026\/#primaryimage","url":"https:\/\/web.consaguirre.com.ar\/noticias\/wp-content\/uploads\/2025\/12\/Disclosure-se-une-a-Leon-Thomas-para-el-nuevo-sencillo.jpg","contentUrl":"https:\/\/web.consaguirre.com.ar\/noticias\/wp-content\/uploads\/2025\/12\/Disclosure-se-une-a-Leon-Thomas-para-el-nuevo-sencillo.jpg","width":820,"height":820,"caption":"Disclosure se une a Leon Thomas para el nuevo sencillo 'Deeper'"},{"@type":"BreadcrumbList","@id":"https:\/\/web.consaguirre.com.ar\/noticias\/disclosure-anuncia-gira-norteamericana-de-primavera-de-2026\/#breadcrumb","itemListElement":[{"@type":"ListItem","position":1,"name":"Inicio","item":"https:\/\/web.consaguirre.com.ar\/noticias\/"},{"@type":"ListItem","position":2,"name":"Disclosure anuncia gira norteamericana de primavera de 2026"}]},{"@type":"WebSite","@id":"https:\/\/web.consaguirre.com.ar\/noticias\/#website","url":"https:\/\/web.consaguirre.com.ar\/noticias\/","name":"Conservatorio de M\u00fasica Juli\u00e1n Aguirre","description":"","publisher":{"@id":"https:\/\/web.consaguirre.com.ar\/noticias\/#organization"},"potentialAction":[{"@type":"SearchAction","target":{"@type":"EntryPoint","urlTemplate":"https:\/\/web.consaguirre.com.ar\/noticias\/?s={search_term_string}"},"query-input":"required name=search_term_string"}],"inLanguage":"es-AR"},{"@type":"Organization","@id":"https:\/\/web.consaguirre.com.ar\/noticias\/#organization","name":"Conservatorio de M\u00fasica Juli\u00e1n Aguirre","url":"https:\/\/web.consaguirre.com.ar\/noticias\/","logo":{"@type":"ImageObject","inLanguage":"es-AR","@id":"https:\/\/web.consaguirre.com.ar\/noticias\/#\/schema\/logo\/image\/","url":"https:\/\/web.consaguirre.com.ar\/noticias\/wp-content\/uploads\/2024\/08\/Banner-Aguirre-23.jpg","contentUrl":"https:\/\/web.consaguirre.com.ar\/noticias\/wp-content\/uploads\/2024\/08\/Banner-Aguirre-23.jpg","width":1192,"height":600,"caption":"Conservatorio de M\u00fasica Juli\u00e1n Aguirre"},"image":{"@id":"https:\/\/web.consaguirre.com.ar\/noticias\/#\/schema\/logo\/image\/"}},{"@type":"Person","@id":"https:\/\/web.consaguirre.com.ar\/noticias\/#\/schema\/person\/6558b0cfedee7ddc5425602b237d5722","name":"Javier Figueroa","image":{"@type":"ImageObject","inLanguage":"es-AR","@id":"https:\/\/web.consaguirre.com.ar\/noticias\/#\/schema\/person\/image\/","url":"https:\/\/web.consaguirre.com.ar\/noticias\/wp-content\/uploads\/2024\/08\/Consaguirre-scaled.jpg","contentUrl":"https:\/\/web.consaguirre.com.ar\/noticias\/wp-content\/uploads\/2024\/08\/Consaguirre-scaled.jpg","caption":"Javier Figueroa"},"description":"Me llamo Javier Figueroa y soy redactor para el sitio oficial del Conservatorio de M\u00fasica Juli\u00e1n Aguirre en Buenos Aires, consaguirre.com. Apasionado por la m\u00fasica y la escritura, me esfuerzo por destacar los talentos y eventos de nuestra prestigiosa instituci\u00f3n. Mi trayectoria se nutre de una profunda admiraci\u00f3n por los artistas, haciendo de cada art\u00edculo una celebraci\u00f3n de la creatividad y la cultura musical.","sameAs":["https:\/\/web.consaguirre.com.ar\/noticias"]}]}},"_links":{"self":[{"href":"https:\/\/web.consaguirre.com.ar\/noticias\/wp-json\/wp\/v2\/posts\/4852"}],"collection":[{"href":"https:\/\/web.consaguirre.com.ar\/noticias\/wp-json\/wp\/v2\/posts"}],"about":[{"href":"https:\/\/web.consaguirre.com.ar\/noticias\/wp-json\/wp\/v2\/types\/post"}],"author":[{"embeddable":true,"href":"https:\/\/web.consaguirre.com.ar\/noticias\/wp-json\/wp\/v2\/users\/1"}],"replies":[{"embeddable":true,"href":"https:\/\/web.consaguirre.com.ar\/noticias\/wp-json\/wp\/v2\/comments?post=4852"}],"version-history":[{"count":1,"href":"https:\/\/web.consaguirre.com.ar\/noticias\/wp-json\/wp\/v2\/posts\/4852\/revisions"}],"predecessor-version":[{"id":4853,"href":"https:\/\/web.consaguirre.com.ar\/noticias\/wp-json\/wp\/v2\/posts\/4852\/revisions\/4853"}],"wp:featuredmedia":[{"embeddable":true,"href":"https:\/\/web.consaguirre.com.ar\/noticias\/wp-json\/wp\/v2\/media\/4531"}],"wp:attachment":[{"href":"https:\/\/web.consaguirre.com.ar\/noticias\/wp-json\/wp\/v2\/media?parent=4852"}],"wp:term":[{"taxonomy":"category","embeddable":true,"href":"https:\/\/web.consaguirre.com.ar\/noticias\/wp-json\/wp\/v2\/categories?post=4852"},{"taxonomy":"post_tag","embeddable":true,"href":"https:\/\/web.consaguirre.com.ar\/noticias\/wp-json\/wp\/v2\/tags?post=4852"}],"curies":[{"name":"wp","href":"https:\/\/api.w.org\/{rel}","templated":true}]}}