{"id":4845,"date":"2026-01-16T02:38:20","date_gmt":"2026-01-16T05:38:20","guid":{"rendered":"https:\/\/web.consaguirre.com.ar\/noticias\/john-mellencamp-anuncia-las-fechas-de-la-gira-de-grandes-exitos-de-dancing-words\/"},"modified":"2026-01-16T02:38:21","modified_gmt":"2026-01-16T05:38:21","slug":"john-mellencamp-anuncia-las-fechas-de-la-gira-de-grandes-exitos-de-dancing-words","status":"publish","type":"post","link":"https:\/\/web.consaguirre.com.ar\/noticias\/john-mellencamp-anuncia-las-fechas-de-la-gira-de-grandes-exitos-de-dancing-words\/","title":{"rendered":"John Mellencamp anuncia las fechas de la gira de grandes \u00e9xitos de &#8216;Dancing Words&#8217;"},"content":{"rendered":"<p>John Mellencamp se ha resistido durante mucho tiempo a interpretar sus numerosos \u00e9xitos en conciertos, pero eso ahora est\u00e1 a punto de cambiar. La estrella de rock est\u00e1 cumpliendo los deseos tan esperados de los fans con la reci\u00e9n anunciada gira de grandes \u00e9xitos \u201cDancing Words\u201d este verano.<\/p>\n<p>La noticia se anunci\u00f3 en un tr\u00e1iler protagonizado por el actor Sean Penn, un viejo amigo de Mellencamp desde los a\u00f1os 80. El clip muestra a la pareja reuni\u00e9ndose en un restaurante al borde de la carretera cuya m\u00e1quina de discos, casualmente, no presenta nada m\u00e1s que las melod\u00edas del cantante.<\/p>\n<p><b><\/p>\n<div align='center'>\n<div class=\"udiscover-store-container\">\n<div id='udiscover-store-one-product'><\/div>\n<\/div>\n<p>\/*<!(CDATA(*\/(function (){var scriptURL='https:\/\/sdks.shopifycdn.com\/buy-button\/latest\/buy-button-storefront.min.js';if(window.ShopifyBuy){if(window.ShopifyBuy.UI){ShopifyBuyInit();}else{loadScript();}}else{loadScript();}funci\u00f3n loadScript(){var script=document.createElement('script');script.async=true;script.src=scriptURL;(document.getElementsByTagName('head')(0)|| document.getElementsByTagName('body')(0)).appendChild(script);script.onload=ShopifyBuyInit;} function ShopifyBuyInit(){var cliente=ShopifyBuy.buildClient({dominio:'udiscover.myshopify.com',storefrontAccessToken: 'bdc89f347d2ce61c1feeb9f8c60b2b98',}); ShopifyBuy.UI.onReady(cliente).luego(funci\u00f3n(ui){ ui.createComponent('producto',{ id:(6685669556301), nodo:document.getElementById('udiscover-store-one-product'), moneyFormat:'%24%7B%7Bamount%7D%7D', opciones:{'product':{'iframe':false,'buttonDestination':'modal','contents':{'options':true},'text':{'button':'ORDEN AHORA','outOfStock':'Lo sentimos, esto est\u00e1 agotado stock'}},'productSet':{'iframe':false},'modalProduct':{'iframe':false,'contents':{'img':false,'imgWithCarousel':true,'button':false,'buttonWithQuantity':true} },'modal':{'iframe':false},'option':{'iframe':false},'cart':{'iframe':false},'toggle':{'iframe':false,'contents':{'icon':false}},'lineItem':{'iframe':false}}, }); }); <\/div>\n<p><\/b><\/p>\n<p>El miembro del Sal\u00f3n de la Fama del Rock and Roll y cofundador de Farm Aid se pregunta si deber\u00eda volver a visitar sus himnos, que, seg\u00fan dice, dej\u00f3 de hacer &#8220;hace 17 a\u00f1os&#8221;. Penn responde: &#8220;Dios no permita que seas generoso con tus \u00e9xitos y toda la banda sonora de la vida de las personas. No puedo imaginar que quieras hacer eso (o) tal vez permitirte disfrutarlo&#8221;. Poco despu\u00e9s, el personal y los clientes del restaurante comienzan a cantar el cl\u00e1sico de 1982 &#8220;Jack and Diane&#8221; de Mellencamp.<\/p>\n<p>La caminata comienza el 10 de julio en Grand Rapids, Michigan, antes de dirigirse a ciudades como Kansas City, Cincinnati, Houston, Phoenix y Hollywood. La gira de 19 fechas finalizar\u00e1 el 12 de agosto en Mountain View, CA. Es la primera vez que Mellencamp interpretar\u00e1 todas sus canciones m\u00e1s queridas, muchas de las cuales no se han tocado en vivo en a\u00f1os. Durante casi dos d\u00e9cadas, el cantante ha optado por lugares m\u00e1s \u00edntimos y m\u00e1s peque\u00f1os, centr\u00e1ndose en material nuevo e integrando segmentos de narraci\u00f3n en su actuaci\u00f3n.<\/p>\n<div class=\"uD-YT-container\"><img decoding=\"async\" src=\"https:\/\/web.consaguirre.com.ar\/noticias\/wp-content\/uploads\/2026\/01\/1768541900_57_John-Mellencamp-anuncia-las-fechas-de-la-gira-de-grandes.jpg\" alt=\"V\u00eddeo de YouTube\"><br \/>Haga clic para cargar v\u00eddeo<\/div>\n<p>Seg\u00fan el comunicado de prensa, los fan\u00e1ticos pueden esperar cl\u00e1sicos como \u201cPink Houses\u201d, \u201cJack and Diane\u201d, \u201cSmall Town\u201d, \u201cHurts So Good\u201d, \u201cAuthority Song\u201d, \u201cKey West Intermezzo (I Saw You First)\u201d, as\u00ed como temas que no ha tocado en m\u00e1s de una d\u00e9cada, incluidos \u201cROCK in the USA\u201d, \u201cI Need a Lover\u201d, \u201cWild Nights\u201d y \u201cAin&#8217;t Even Done With the Night\u201d.<\/p>\n<p>Los titulares de tarjetas Citi tendr\u00e1n acceso a la preventa de boletos a partir del 20 de enero a las 10 a.m. hora local hasta el 22 de enero a las 10 p.m. hora local a trav\u00e9s del programa Citi Entertainment. Luego se realizar\u00e1n preventas adicionales antes de la venta general el 23 de enero a las 10 a. m. hora local en mellencamp.com.<\/p>\n<p>La gira \u201cDancing Words\u201d tambi\u00e9n ofrecer\u00e1 varios paquetes VIP y experiencias para los fan\u00e1ticos, que incluyen boletos premium, una invitaci\u00f3n al sal\u00f3n VIP Scarecrow antes del espect\u00e1culo, un p\u00f3ster de la gira VIP autografiado, art\u00edculos de regalo y m\u00e1s.<\/p>\n<p>La primavera pasada, Mellencamp comenz\u00f3 a provocar letras de canciones en Instagram, se\u00f1alando que aparecer\u00edan en su pr\u00f3ximo \u00e1lbum de 2026. <em>Tren hu\u00e9rfano<\/em>. Marcar\u00e1 su primer \u00e1lbum desde 2023. <em>Orfeo descendiendo<\/em>.<\/p>\n<p><b>Compre ahora la m\u00fasica de John Mellencamp en vinilo o CD.<\/b><\/p>\n<p><script async src=\"\/\/www.instagram.com\/embed.js\"><\/script><\/p>\n","protected":false},"excerpt":{"rendered":"<p>John Mellencamp se ha resistido durante mucho tiempo a interpretar sus numerosos \u00e9xitos en conciertos, pero eso ahora est\u00e1 a punto de cambiar. La estrella<\/p>\n","protected":false},"author":1,"featured_media":4846,"comment_status":"closed","ping_status":"","sticky":false,"template":"","format":"standard","meta":{"footnotes":""},"categories":[50],"tags":[56,2794,209,1299,492,550,91,18,1707,3746],"class_list":["post-4845","post","type-post","status-publish","format-standard","has-post-thumbnail","hentry","category-el-ultimo","tag-anuncia","tag-dancing","tag-exitos","tag-fechas","tag-gira","tag-grandes","tag-john","tag-las","tag-mellencamp","tag-words","generate-columns","tablet-grid-50","mobile-grid-100","grid-parent","grid-50"],"yoast_head":"<!-- This site is optimized with the Yoast SEO plugin v23.3 - https:\/\/yoast.com\/wordpress\/plugins\/seo\/ -->\n<title>John Mellencamp anuncia las fechas de la gira de grandes \u00e9xitos de &#039;Dancing Words&#039;<\/title>\n<meta name=\"robots\" content=\"index, follow, max-snippet:-1, max-image-preview:large, max-video-preview:-1\" \/>\n<link rel=\"canonical\" href=\"https:\/\/web.consaguirre.com.ar\/noticias\/john-mellencamp-anuncia-las-fechas-de-la-gira-de-grandes-exitos-de-dancing-words\/\" \/>\n<meta property=\"og:locale\" content=\"es_ES\" \/>\n<meta property=\"og:type\" content=\"article\" \/>\n<meta property=\"og:title\" content=\"John Mellencamp anuncia las fechas de la gira de grandes \u00e9xitos de &#039;Dancing Words&#039;\" \/>\n<meta property=\"og:description\" content=\"John Mellencamp se ha resistido durante mucho tiempo a interpretar sus numerosos \u00e9xitos en conciertos, pero eso ahora est\u00e1 a punto de cambiar. La estrella\" \/>\n<meta property=\"og:url\" content=\"https:\/\/web.consaguirre.com.ar\/noticias\/john-mellencamp-anuncia-las-fechas-de-la-gira-de-grandes-exitos-de-dancing-words\/\" \/>\n<meta property=\"og:site_name\" content=\"Conservatorio de M\u00fasica Juli\u00e1n Aguirre\" \/>\n<meta property=\"article:published_time\" content=\"2026-01-16T05:38:20+00:00\" \/>\n<meta property=\"article:modified_time\" content=\"2026-01-16T05:38:21+00:00\" \/>\n<meta property=\"og:image\" content=\"https:\/\/web.consaguirre.com.ar\/noticias\/wp-content\/uploads\/2026\/01\/John-Mellencamp-anuncia-las-fechas-de-la-gira-de-grandes.jpg\" \/>\n\t<meta property=\"og:image:width\" content=\"820\" \/>\n\t<meta property=\"og:image:height\" content=\"820\" \/>\n\t<meta property=\"og:image:type\" content=\"image\/jpeg\" \/>\n<meta name=\"author\" content=\"Javier Figueroa\" \/>\n<meta name=\"twitter:card\" content=\"summary_large_image\" \/>\n<meta name=\"twitter:label1\" content=\"Escrito por\" \/>\n\t<meta name=\"twitter:data1\" content=\"Javier Figueroa\" \/>\n\t<meta name=\"twitter:label2\" content=\"Tiempo de lectura\" \/>\n\t<meta name=\"twitter:data2\" content=\"3 minutos\" \/>\n<script type=\"application\/ld+json\" class=\"yoast-schema-graph\">{\"@context\":\"https:\/\/schema.org\",\"@graph\":[{\"@type\":\"Article\",\"@id\":\"https:\/\/web.consaguirre.com.ar\/noticias\/john-mellencamp-anuncia-las-fechas-de-la-gira-de-grandes-exitos-de-dancing-words\/#article\",\"isPartOf\":{\"@id\":\"https:\/\/web.consaguirre.com.ar\/noticias\/john-mellencamp-anuncia-las-fechas-de-la-gira-de-grandes-exitos-de-dancing-words\/\"},\"author\":{\"name\":\"Javier Figueroa\",\"@id\":\"https:\/\/web.consaguirre.com.ar\/noticias\/#\/schema\/person\/6558b0cfedee7ddc5425602b237d5722\"},\"headline\":\"John Mellencamp anuncia las fechas de la gira de grandes \u00e9xitos de &#8216;Dancing Words&#8217;\",\"datePublished\":\"2026-01-16T05:38:20+00:00\",\"dateModified\":\"2026-01-16T05:38:21+00:00\",\"mainEntityOfPage\":{\"@id\":\"https:\/\/web.consaguirre.com.ar\/noticias\/john-mellencamp-anuncia-las-fechas-de-la-gira-de-grandes-exitos-de-dancing-words\/\"},\"wordCount\":535,\"publisher\":{\"@id\":\"https:\/\/web.consaguirre.com.ar\/noticias\/#organization\"},\"image\":{\"@id\":\"https:\/\/web.consaguirre.com.ar\/noticias\/john-mellencamp-anuncia-las-fechas-de-la-gira-de-grandes-exitos-de-dancing-words\/#primaryimage\"},\"thumbnailUrl\":\"https:\/\/web.consaguirre.com.ar\/noticias\/wp-content\/uploads\/2026\/01\/John-Mellencamp-anuncia-las-fechas-de-la-gira-de-grandes.jpg\",\"keywords\":[\"anuncia\",\"Dancing\",\"\u00e9xitos\",\"fechas\",\"gira\",\"Grandes\",\"John\",\"las\",\"Mellencamp\",\"Words\"],\"articleSection\":[\"El \u00faltimo\"],\"inLanguage\":\"es-AR\"},{\"@type\":\"WebPage\",\"@id\":\"https:\/\/web.consaguirre.com.ar\/noticias\/john-mellencamp-anuncia-las-fechas-de-la-gira-de-grandes-exitos-de-dancing-words\/\",\"url\":\"https:\/\/web.consaguirre.com.ar\/noticias\/john-mellencamp-anuncia-las-fechas-de-la-gira-de-grandes-exitos-de-dancing-words\/\",\"name\":\"John Mellencamp anuncia las fechas de la gira de grandes \u00e9xitos de 'Dancing Words'\",\"isPartOf\":{\"@id\":\"https:\/\/web.consaguirre.com.ar\/noticias\/#website\"},\"primaryImageOfPage\":{\"@id\":\"https:\/\/web.consaguirre.com.ar\/noticias\/john-mellencamp-anuncia-las-fechas-de-la-gira-de-grandes-exitos-de-dancing-words\/#primaryimage\"},\"image\":{\"@id\":\"https:\/\/web.consaguirre.com.ar\/noticias\/john-mellencamp-anuncia-las-fechas-de-la-gira-de-grandes-exitos-de-dancing-words\/#primaryimage\"},\"thumbnailUrl\":\"https:\/\/web.consaguirre.com.ar\/noticias\/wp-content\/uploads\/2026\/01\/John-Mellencamp-anuncia-las-fechas-de-la-gira-de-grandes.jpg\",\"datePublished\":\"2026-01-16T05:38:20+00:00\",\"dateModified\":\"2026-01-16T05:38:21+00:00\",\"breadcrumb\":{\"@id\":\"https:\/\/web.consaguirre.com.ar\/noticias\/john-mellencamp-anuncia-las-fechas-de-la-gira-de-grandes-exitos-de-dancing-words\/#breadcrumb\"},\"inLanguage\":\"es-AR\",\"potentialAction\":[{\"@type\":\"ReadAction\",\"target\":[\"https:\/\/web.consaguirre.com.ar\/noticias\/john-mellencamp-anuncia-las-fechas-de-la-gira-de-grandes-exitos-de-dancing-words\/\"]}]},{\"@type\":\"ImageObject\",\"inLanguage\":\"es-AR\",\"@id\":\"https:\/\/web.consaguirre.com.ar\/noticias\/john-mellencamp-anuncia-las-fechas-de-la-gira-de-grandes-exitos-de-dancing-words\/#primaryimage\",\"url\":\"https:\/\/web.consaguirre.com.ar\/noticias\/wp-content\/uploads\/2026\/01\/John-Mellencamp-anuncia-las-fechas-de-la-gira-de-grandes.jpg\",\"contentUrl\":\"https:\/\/web.consaguirre.com.ar\/noticias\/wp-content\/uploads\/2026\/01\/John-Mellencamp-anuncia-las-fechas-de-la-gira-de-grandes.jpg\",\"width\":820,\"height\":820,\"caption\":\"John Mellencamp anuncia las fechas de la gira de grandes \u00e9xitos de 'Dancing Words'\"},{\"@type\":\"BreadcrumbList\",\"@id\":\"https:\/\/web.consaguirre.com.ar\/noticias\/john-mellencamp-anuncia-las-fechas-de-la-gira-de-grandes-exitos-de-dancing-words\/#breadcrumb\",\"itemListElement\":[{\"@type\":\"ListItem\",\"position\":1,\"name\":\"Inicio\",\"item\":\"https:\/\/web.consaguirre.com.ar\/noticias\/\"},{\"@type\":\"ListItem\",\"position\":2,\"name\":\"John Mellencamp anuncia las fechas de la gira de grandes \u00e9xitos de &#8216;Dancing Words&#8217;\"}]},{\"@type\":\"WebSite\",\"@id\":\"https:\/\/web.consaguirre.com.ar\/noticias\/#website\",\"url\":\"https:\/\/web.consaguirre.com.ar\/noticias\/\",\"name\":\"Conservatorio de M\u00fasica Juli\u00e1n Aguirre\",\"description\":\"\",\"publisher\":{\"@id\":\"https:\/\/web.consaguirre.com.ar\/noticias\/#organization\"},\"potentialAction\":[{\"@type\":\"SearchAction\",\"target\":{\"@type\":\"EntryPoint\",\"urlTemplate\":\"https:\/\/web.consaguirre.com.ar\/noticias\/?s={search_term_string}\"},\"query-input\":\"required name=search_term_string\"}],\"inLanguage\":\"es-AR\"},{\"@type\":\"Organization\",\"@id\":\"https:\/\/web.consaguirre.com.ar\/noticias\/#organization\",\"name\":\"Conservatorio de M\u00fasica Juli\u00e1n Aguirre\",\"url\":\"https:\/\/web.consaguirre.com.ar\/noticias\/\",\"logo\":{\"@type\":\"ImageObject\",\"inLanguage\":\"es-AR\",\"@id\":\"https:\/\/web.consaguirre.com.ar\/noticias\/#\/schema\/logo\/image\/\",\"url\":\"https:\/\/web.consaguirre.com.ar\/noticias\/wp-content\/uploads\/2024\/08\/Banner-Aguirre-23.jpg\",\"contentUrl\":\"https:\/\/web.consaguirre.com.ar\/noticias\/wp-content\/uploads\/2024\/08\/Banner-Aguirre-23.jpg\",\"width\":1192,\"height\":600,\"caption\":\"Conservatorio de M\u00fasica Juli\u00e1n Aguirre\"},\"image\":{\"@id\":\"https:\/\/web.consaguirre.com.ar\/noticias\/#\/schema\/logo\/image\/\"}},{\"@type\":\"Person\",\"@id\":\"https:\/\/web.consaguirre.com.ar\/noticias\/#\/schema\/person\/6558b0cfedee7ddc5425602b237d5722\",\"name\":\"Javier Figueroa\",\"image\":{\"@type\":\"ImageObject\",\"inLanguage\":\"es-AR\",\"@id\":\"https:\/\/web.consaguirre.com.ar\/noticias\/#\/schema\/person\/image\/\",\"url\":\"https:\/\/web.consaguirre.com.ar\/noticias\/wp-content\/uploads\/2024\/08\/Consaguirre-scaled.jpg\",\"contentUrl\":\"https:\/\/web.consaguirre.com.ar\/noticias\/wp-content\/uploads\/2024\/08\/Consaguirre-scaled.jpg\",\"caption\":\"Javier Figueroa\"},\"description\":\"Me llamo Javier Figueroa y soy redactor para el sitio oficial del Conservatorio de M\u00fasica Juli\u00e1n Aguirre en Buenos Aires, consaguirre.com. Apasionado por la m\u00fasica y la escritura, me esfuerzo por destacar los talentos y eventos de nuestra prestigiosa instituci\u00f3n. Mi trayectoria se nutre de una profunda admiraci\u00f3n por los artistas, haciendo de cada art\u00edculo una celebraci\u00f3n de la creatividad y la cultura musical.\",\"sameAs\":[\"https:\/\/web.consaguirre.com.ar\/noticias\"]}]}<\/script>\n<!-- \/ Yoast SEO plugin. -->","yoast_head_json":{"title":"John Mellencamp anuncia las fechas de la gira de grandes \u00e9xitos de 'Dancing Words'","robots":{"index":"index","follow":"follow","max-snippet":"max-snippet:-1","max-image-preview":"max-image-preview:large","max-video-preview":"max-video-preview:-1"},"canonical":"https:\/\/web.consaguirre.com.ar\/noticias\/john-mellencamp-anuncia-las-fechas-de-la-gira-de-grandes-exitos-de-dancing-words\/","og_locale":"es_ES","og_type":"article","og_title":"John Mellencamp anuncia las fechas de la gira de grandes \u00e9xitos de 'Dancing Words'","og_description":"John Mellencamp se ha resistido durante mucho tiempo a interpretar sus numerosos \u00e9xitos en conciertos, pero eso ahora est\u00e1 a punto de cambiar. La estrella","og_url":"https:\/\/web.consaguirre.com.ar\/noticias\/john-mellencamp-anuncia-las-fechas-de-la-gira-de-grandes-exitos-de-dancing-words\/","og_site_name":"Conservatorio de M\u00fasica Juli\u00e1n Aguirre","article_published_time":"2026-01-16T05:38:20+00:00","article_modified_time":"2026-01-16T05:38:21+00:00","og_image":[{"width":820,"height":820,"url":"https:\/\/web.consaguirre.com.ar\/noticias\/wp-content\/uploads\/2026\/01\/John-Mellencamp-anuncia-las-fechas-de-la-gira-de-grandes.jpg","type":"image\/jpeg"}],"author":"Javier Figueroa","twitter_card":"summary_large_image","twitter_misc":{"Escrito por":"Javier Figueroa","Tiempo de lectura":"3 minutos"},"schema":{"@context":"https:\/\/schema.org","@graph":[{"@type":"Article","@id":"https:\/\/web.consaguirre.com.ar\/noticias\/john-mellencamp-anuncia-las-fechas-de-la-gira-de-grandes-exitos-de-dancing-words\/#article","isPartOf":{"@id":"https:\/\/web.consaguirre.com.ar\/noticias\/john-mellencamp-anuncia-las-fechas-de-la-gira-de-grandes-exitos-de-dancing-words\/"},"author":{"name":"Javier Figueroa","@id":"https:\/\/web.consaguirre.com.ar\/noticias\/#\/schema\/person\/6558b0cfedee7ddc5425602b237d5722"},"headline":"John Mellencamp anuncia las fechas de la gira de grandes \u00e9xitos de &#8216;Dancing Words&#8217;","datePublished":"2026-01-16T05:38:20+00:00","dateModified":"2026-01-16T05:38:21+00:00","mainEntityOfPage":{"@id":"https:\/\/web.consaguirre.com.ar\/noticias\/john-mellencamp-anuncia-las-fechas-de-la-gira-de-grandes-exitos-de-dancing-words\/"},"wordCount":535,"publisher":{"@id":"https:\/\/web.consaguirre.com.ar\/noticias\/#organization"},"image":{"@id":"https:\/\/web.consaguirre.com.ar\/noticias\/john-mellencamp-anuncia-las-fechas-de-la-gira-de-grandes-exitos-de-dancing-words\/#primaryimage"},"thumbnailUrl":"https:\/\/web.consaguirre.com.ar\/noticias\/wp-content\/uploads\/2026\/01\/John-Mellencamp-anuncia-las-fechas-de-la-gira-de-grandes.jpg","keywords":["anuncia","Dancing","\u00e9xitos","fechas","gira","Grandes","John","las","Mellencamp","Words"],"articleSection":["El \u00faltimo"],"inLanguage":"es-AR"},{"@type":"WebPage","@id":"https:\/\/web.consaguirre.com.ar\/noticias\/john-mellencamp-anuncia-las-fechas-de-la-gira-de-grandes-exitos-de-dancing-words\/","url":"https:\/\/web.consaguirre.com.ar\/noticias\/john-mellencamp-anuncia-las-fechas-de-la-gira-de-grandes-exitos-de-dancing-words\/","name":"John Mellencamp anuncia las fechas de la gira de grandes \u00e9xitos de 'Dancing Words'","isPartOf":{"@id":"https:\/\/web.consaguirre.com.ar\/noticias\/#website"},"primaryImageOfPage":{"@id":"https:\/\/web.consaguirre.com.ar\/noticias\/john-mellencamp-anuncia-las-fechas-de-la-gira-de-grandes-exitos-de-dancing-words\/#primaryimage"},"image":{"@id":"https:\/\/web.consaguirre.com.ar\/noticias\/john-mellencamp-anuncia-las-fechas-de-la-gira-de-grandes-exitos-de-dancing-words\/#primaryimage"},"thumbnailUrl":"https:\/\/web.consaguirre.com.ar\/noticias\/wp-content\/uploads\/2026\/01\/John-Mellencamp-anuncia-las-fechas-de-la-gira-de-grandes.jpg","datePublished":"2026-01-16T05:38:20+00:00","dateModified":"2026-01-16T05:38:21+00:00","breadcrumb":{"@id":"https:\/\/web.consaguirre.com.ar\/noticias\/john-mellencamp-anuncia-las-fechas-de-la-gira-de-grandes-exitos-de-dancing-words\/#breadcrumb"},"inLanguage":"es-AR","potentialAction":[{"@type":"ReadAction","target":["https:\/\/web.consaguirre.com.ar\/noticias\/john-mellencamp-anuncia-las-fechas-de-la-gira-de-grandes-exitos-de-dancing-words\/"]}]},{"@type":"ImageObject","inLanguage":"es-AR","@id":"https:\/\/web.consaguirre.com.ar\/noticias\/john-mellencamp-anuncia-las-fechas-de-la-gira-de-grandes-exitos-de-dancing-words\/#primaryimage","url":"https:\/\/web.consaguirre.com.ar\/noticias\/wp-content\/uploads\/2026\/01\/John-Mellencamp-anuncia-las-fechas-de-la-gira-de-grandes.jpg","contentUrl":"https:\/\/web.consaguirre.com.ar\/noticias\/wp-content\/uploads\/2026\/01\/John-Mellencamp-anuncia-las-fechas-de-la-gira-de-grandes.jpg","width":820,"height":820,"caption":"John Mellencamp anuncia las fechas de la gira de grandes \u00e9xitos de 'Dancing Words'"},{"@type":"BreadcrumbList","@id":"https:\/\/web.consaguirre.com.ar\/noticias\/john-mellencamp-anuncia-las-fechas-de-la-gira-de-grandes-exitos-de-dancing-words\/#breadcrumb","itemListElement":[{"@type":"ListItem","position":1,"name":"Inicio","item":"https:\/\/web.consaguirre.com.ar\/noticias\/"},{"@type":"ListItem","position":2,"name":"John Mellencamp anuncia las fechas de la gira de grandes \u00e9xitos de &#8216;Dancing Words&#8217;"}]},{"@type":"WebSite","@id":"https:\/\/web.consaguirre.com.ar\/noticias\/#website","url":"https:\/\/web.consaguirre.com.ar\/noticias\/","name":"Conservatorio de M\u00fasica Juli\u00e1n Aguirre","description":"","publisher":{"@id":"https:\/\/web.consaguirre.com.ar\/noticias\/#organization"},"potentialAction":[{"@type":"SearchAction","target":{"@type":"EntryPoint","urlTemplate":"https:\/\/web.consaguirre.com.ar\/noticias\/?s={search_term_string}"},"query-input":"required name=search_term_string"}],"inLanguage":"es-AR"},{"@type":"Organization","@id":"https:\/\/web.consaguirre.com.ar\/noticias\/#organization","name":"Conservatorio de M\u00fasica Juli\u00e1n Aguirre","url":"https:\/\/web.consaguirre.com.ar\/noticias\/","logo":{"@type":"ImageObject","inLanguage":"es-AR","@id":"https:\/\/web.consaguirre.com.ar\/noticias\/#\/schema\/logo\/image\/","url":"https:\/\/web.consaguirre.com.ar\/noticias\/wp-content\/uploads\/2024\/08\/Banner-Aguirre-23.jpg","contentUrl":"https:\/\/web.consaguirre.com.ar\/noticias\/wp-content\/uploads\/2024\/08\/Banner-Aguirre-23.jpg","width":1192,"height":600,"caption":"Conservatorio de M\u00fasica Juli\u00e1n Aguirre"},"image":{"@id":"https:\/\/web.consaguirre.com.ar\/noticias\/#\/schema\/logo\/image\/"}},{"@type":"Person","@id":"https:\/\/web.consaguirre.com.ar\/noticias\/#\/schema\/person\/6558b0cfedee7ddc5425602b237d5722","name":"Javier Figueroa","image":{"@type":"ImageObject","inLanguage":"es-AR","@id":"https:\/\/web.consaguirre.com.ar\/noticias\/#\/schema\/person\/image\/","url":"https:\/\/web.consaguirre.com.ar\/noticias\/wp-content\/uploads\/2024\/08\/Consaguirre-scaled.jpg","contentUrl":"https:\/\/web.consaguirre.com.ar\/noticias\/wp-content\/uploads\/2024\/08\/Consaguirre-scaled.jpg","caption":"Javier Figueroa"},"description":"Me llamo Javier Figueroa y soy redactor para el sitio oficial del Conservatorio de M\u00fasica Juli\u00e1n Aguirre en Buenos Aires, consaguirre.com. Apasionado por la m\u00fasica y la escritura, me esfuerzo por destacar los talentos y eventos de nuestra prestigiosa instituci\u00f3n. Mi trayectoria se nutre de una profunda admiraci\u00f3n por los artistas, haciendo de cada art\u00edculo una celebraci\u00f3n de la creatividad y la cultura musical.","sameAs":["https:\/\/web.consaguirre.com.ar\/noticias"]}]}},"_links":{"self":[{"href":"https:\/\/web.consaguirre.com.ar\/noticias\/wp-json\/wp\/v2\/posts\/4845"}],"collection":[{"href":"https:\/\/web.consaguirre.com.ar\/noticias\/wp-json\/wp\/v2\/posts"}],"about":[{"href":"https:\/\/web.consaguirre.com.ar\/noticias\/wp-json\/wp\/v2\/types\/post"}],"author":[{"embeddable":true,"href":"https:\/\/web.consaguirre.com.ar\/noticias\/wp-json\/wp\/v2\/users\/1"}],"replies":[{"embeddable":true,"href":"https:\/\/web.consaguirre.com.ar\/noticias\/wp-json\/wp\/v2\/comments?post=4845"}],"version-history":[{"count":1,"href":"https:\/\/web.consaguirre.com.ar\/noticias\/wp-json\/wp\/v2\/posts\/4845\/revisions"}],"predecessor-version":[{"id":4847,"href":"https:\/\/web.consaguirre.com.ar\/noticias\/wp-json\/wp\/v2\/posts\/4845\/revisions\/4847"}],"wp:featuredmedia":[{"embeddable":true,"href":"https:\/\/web.consaguirre.com.ar\/noticias\/wp-json\/wp\/v2\/media\/4846"}],"wp:attachment":[{"href":"https:\/\/web.consaguirre.com.ar\/noticias\/wp-json\/wp\/v2\/media?parent=4845"}],"wp:term":[{"taxonomy":"category","embeddable":true,"href":"https:\/\/web.consaguirre.com.ar\/noticias\/wp-json\/wp\/v2\/categories?post=4845"},{"taxonomy":"post_tag","embeddable":true,"href":"https:\/\/web.consaguirre.com.ar\/noticias\/wp-json\/wp\/v2\/tags?post=4845"}],"curies":[{"name":"wp","href":"https:\/\/api.w.org\/{rel}","templated":true}]}}