{"id":4842,"date":"2026-01-15T23:39:05","date_gmt":"2026-01-16T02:39:05","guid":{"rendered":"https:\/\/web.consaguirre.com.ar\/noticias\/sienna-spiro-agota-las-entradas-para-la-gira-mundial-en-segundos\/"},"modified":"2026-01-15T23:39:06","modified_gmt":"2026-01-16T02:39:06","slug":"sienna-spiro-agota-las-entradas-para-la-gira-mundial-en-segundos","status":"publish","type":"post","link":"https:\/\/web.consaguirre.com.ar\/noticias\/sienna-spiro-agota-las-entradas-para-la-gira-mundial-en-segundos\/","title":{"rendered":"Sienna Spiro agota las entradas para la gira mundial en segundos"},"content":{"rendered":"<p>Sienna Spiro est\u00e1 celebrando algunos hitos importantes al principio de su carrera. El pr\u00f3ximo \u201cThe Visitor Tour\u201d del cantautor brit\u00e1nico se agot\u00f3 en cuesti\u00f3n de segundos, lo que llev\u00f3 a la adici\u00f3n de nuevas fechas.<\/p>\n<p>Marcando el primer viaje de Spiro a Am\u00e9rica del Norte, comienza el 3 de marzo en el Troubadour de Los \u00c1ngeles y concluye el 18 de marzo en el Bowery Ballroom de Nueva York. Desde all\u00ed, el cantante se dirige al Reino Unido y Europa para varias fechas en Dubl\u00edn, Londres, Colonia, Par\u00eds y m\u00e1s. Las etapas europeas de la gira concluyen el 24 de mayo.<\/p>\n<p>Junto con las noticias de \u201cThe Vistor Tour\u201d con entradas agotadas, \u201cDie On This Hill\u201d de Spiro recientemente alcanz\u00f3 el Top 10 en la lista global de Spotify. La cantante se une a RAYE y Olivia Dean como los \u00fanicos otros artistas brit\u00e1nicos en el Top 10 global y el \u00fanico artista en esa categor\u00eda que a\u00fan no ha lanzado su \u00e1lbum debut. La balada viral ha obtenido m\u00e1s de 173 millones de reproducciones globales hasta la fecha, ingres\u00f3 al Top 50 en 20 pa\u00edses y alcanz\u00f3 el puesto n\u00famero 9 en la lista de singles del Reino Unido.<\/p>\n<div class=\"uD-YT-container\"><img decoding=\"async\" src=\"https:\/\/web.consaguirre.com.ar\/noticias\/wp-content\/uploads\/2026\/01\/1768531145_831_Sienna-Spiro-agota-las-entradas-para-la-gira-mundial-en.jpg\" alt=\"V\u00eddeo de YouTube\"><br \/>Haga clic para cargar v\u00eddeo<\/div>\n<p>El cantante de 20 a\u00f1os ha ganado impulso con una serie constante de apariciones en vivo, incluido un espacio de apertura de seis noches en la residencia de Sam Smith en Nueva York y uni\u00e9ndose a Teddy Swims en una gira por Norteam\u00e9rica. Tambi\u00e9n realiz\u00f3 interpretaciones de &#8220;Die On This Hill&#8221; en <em>M\u00e1s tarde\u2026 con Jools Holland<\/em>, <em>El programa de hoy<\/em>y m\u00e1s recientemente en <em>El programa de esta noche protagonizado por Jimmy Fallon<\/em>.<\/p>\n<p>&#8220;&#8216;Die On This Hill&#8217; significa muchas cosas para m\u00ed, pero en \u00faltima instancia, cada vez que la escucho, recuerdo mucho a m\u00ed mismo. Una cosa de la que me enorgullezco es mi lealtad. Me cuesta mucho dejar entrar a la gente, pero una vez que lo hago, quedo atrapado por esa persona, lo cual es una bendici\u00f3n y una maldici\u00f3n&#8221;, ha dicho Spiro sobre escribir la balada. &#8220;A menudo me encuentro en situaciones en las que me pierdo para ayudar a otros a descubrir qui\u00e9nes son, y creo que lo que a veces enmascaro como terquedad es en realidad solo un miedo profundo de ser solo un visitante de alguien, y no significar tanto para ellos como ellos para m\u00ed. As\u00ed que, en resumen, creo que la frase &#8216;Die On This Hill&#8217; se siente como lealtad para m\u00ed, y tambi\u00e9n que lo que a veces se enmascara como terquedad es en realidad solo un miedo a ser temporal para alguien&#8221;.<\/p>\n<p>El mes pasado, Spiro fue preseleccionado para el premio Critics&#8217; Choice Award 2026 de los BRIT Awards junto a Jacob Alon (cuyo <em>En Limerencia<\/em> debut tambi\u00e9n fue preseleccionado para el Premio Mercury 2025) y la cantante pop Rose Gray. Los BRIT Awards 2026 se llevar\u00e1n a cabo el 28 de febrero en el Co-Op Live Arena de Manchester.<\/p><\/p>\n","protected":false},"excerpt":{"rendered":"<p>Sienna Spiro est\u00e1 celebrando algunos hitos importantes al principio de su carrera. El pr\u00f3ximo \u201cThe Visitor Tour\u201d del cantautor brit\u00e1nico se agot\u00f3 en cuesti\u00f3n de<\/p>\n","protected":false},"author":1,"featured_media":4843,"comment_status":"closed","ping_status":"","sticky":false,"template":"","format":"standard","meta":{"footnotes":""},"categories":[50],"tags":[3745,1972,492,18,584,154,2828,3743,3744],"class_list":["post-4842","post","type-post","status-publish","format-standard","has-post-thumbnail","hentry","category-el-ultimo","tag-agota","tag-entradas","tag-gira","tag-las","tag-mundial","tag-para","tag-segundos","tag-sienna","tag-spiro","generate-columns","tablet-grid-50","mobile-grid-100","grid-parent","grid-50"],"yoast_head":"<!-- This site is optimized with the Yoast SEO plugin v23.3 - https:\/\/yoast.com\/wordpress\/plugins\/seo\/ -->\n<title>Sienna Spiro agota las entradas para la gira mundial en segundos<\/title>\n<meta name=\"robots\" content=\"index, follow, max-snippet:-1, max-image-preview:large, max-video-preview:-1\" \/>\n<link rel=\"canonical\" href=\"https:\/\/web.consaguirre.com.ar\/noticias\/sienna-spiro-agota-las-entradas-para-la-gira-mundial-en-segundos\/\" \/>\n<meta property=\"og:locale\" content=\"es_ES\" \/>\n<meta property=\"og:type\" content=\"article\" \/>\n<meta property=\"og:title\" content=\"Sienna Spiro agota las entradas para la gira mundial en segundos\" \/>\n<meta property=\"og:description\" content=\"Sienna Spiro est\u00e1 celebrando algunos hitos importantes al principio de su carrera. El pr\u00f3ximo \u201cThe Visitor Tour\u201d del cantautor brit\u00e1nico se agot\u00f3 en cuesti\u00f3n de\" \/>\n<meta property=\"og:url\" content=\"https:\/\/web.consaguirre.com.ar\/noticias\/sienna-spiro-agota-las-entradas-para-la-gira-mundial-en-segundos\/\" \/>\n<meta property=\"og:site_name\" content=\"Conservatorio de M\u00fasica Juli\u00e1n Aguirre\" \/>\n<meta property=\"article:published_time\" content=\"2026-01-16T02:39:05+00:00\" \/>\n<meta property=\"article:modified_time\" content=\"2026-01-16T02:39:06+00:00\" \/>\n<meta property=\"og:image\" content=\"https:\/\/web.consaguirre.com.ar\/noticias\/wp-content\/uploads\/2026\/01\/1768531145_Sienna-Spiro-agota-las-entradas-para-la-gira-mundial-en.jpg\" \/>\n\t<meta property=\"og:image:width\" content=\"820\" \/>\n\t<meta property=\"og:image:height\" content=\"820\" \/>\n\t<meta property=\"og:image:type\" content=\"image\/jpeg\" \/>\n<meta name=\"author\" content=\"Javier Figueroa\" \/>\n<meta name=\"twitter:card\" content=\"summary_large_image\" \/>\n<meta name=\"twitter:label1\" content=\"Escrito por\" \/>\n\t<meta name=\"twitter:data1\" content=\"Javier Figueroa\" \/>\n\t<meta name=\"twitter:label2\" content=\"Tiempo de lectura\" \/>\n\t<meta name=\"twitter:data2\" content=\"3 minutos\" \/>\n<script type=\"application\/ld+json\" class=\"yoast-schema-graph\">{\"@context\":\"https:\/\/schema.org\",\"@graph\":[{\"@type\":\"Article\",\"@id\":\"https:\/\/web.consaguirre.com.ar\/noticias\/sienna-spiro-agota-las-entradas-para-la-gira-mundial-en-segundos\/#article\",\"isPartOf\":{\"@id\":\"https:\/\/web.consaguirre.com.ar\/noticias\/sienna-spiro-agota-las-entradas-para-la-gira-mundial-en-segundos\/\"},\"author\":{\"name\":\"Javier Figueroa\",\"@id\":\"https:\/\/web.consaguirre.com.ar\/noticias\/#\/schema\/person\/6558b0cfedee7ddc5425602b237d5722\"},\"headline\":\"Sienna Spiro agota las entradas para la gira mundial en segundos\",\"datePublished\":\"2026-01-16T02:39:05+00:00\",\"dateModified\":\"2026-01-16T02:39:06+00:00\",\"mainEntityOfPage\":{\"@id\":\"https:\/\/web.consaguirre.com.ar\/noticias\/sienna-spiro-agota-las-entradas-para-la-gira-mundial-en-segundos\/\"},\"wordCount\":520,\"publisher\":{\"@id\":\"https:\/\/web.consaguirre.com.ar\/noticias\/#organization\"},\"image\":{\"@id\":\"https:\/\/web.consaguirre.com.ar\/noticias\/sienna-spiro-agota-las-entradas-para-la-gira-mundial-en-segundos\/#primaryimage\"},\"thumbnailUrl\":\"https:\/\/web.consaguirre.com.ar\/noticias\/wp-content\/uploads\/2026\/01\/1768531145_Sienna-Spiro-agota-las-entradas-para-la-gira-mundial-en.jpg\",\"keywords\":[\"agota\",\"entradas\",\"gira\",\"las\",\"mundial\",\"para\",\"segundos\",\"Sienna\",\"Spiro\"],\"articleSection\":[\"El \u00faltimo\"],\"inLanguage\":\"es-AR\"},{\"@type\":\"WebPage\",\"@id\":\"https:\/\/web.consaguirre.com.ar\/noticias\/sienna-spiro-agota-las-entradas-para-la-gira-mundial-en-segundos\/\",\"url\":\"https:\/\/web.consaguirre.com.ar\/noticias\/sienna-spiro-agota-las-entradas-para-la-gira-mundial-en-segundos\/\",\"name\":\"Sienna Spiro agota las entradas para la gira mundial en segundos\",\"isPartOf\":{\"@id\":\"https:\/\/web.consaguirre.com.ar\/noticias\/#website\"},\"primaryImageOfPage\":{\"@id\":\"https:\/\/web.consaguirre.com.ar\/noticias\/sienna-spiro-agota-las-entradas-para-la-gira-mundial-en-segundos\/#primaryimage\"},\"image\":{\"@id\":\"https:\/\/web.consaguirre.com.ar\/noticias\/sienna-spiro-agota-las-entradas-para-la-gira-mundial-en-segundos\/#primaryimage\"},\"thumbnailUrl\":\"https:\/\/web.consaguirre.com.ar\/noticias\/wp-content\/uploads\/2026\/01\/1768531145_Sienna-Spiro-agota-las-entradas-para-la-gira-mundial-en.jpg\",\"datePublished\":\"2026-01-16T02:39:05+00:00\",\"dateModified\":\"2026-01-16T02:39:06+00:00\",\"breadcrumb\":{\"@id\":\"https:\/\/web.consaguirre.com.ar\/noticias\/sienna-spiro-agota-las-entradas-para-la-gira-mundial-en-segundos\/#breadcrumb\"},\"inLanguage\":\"es-AR\",\"potentialAction\":[{\"@type\":\"ReadAction\",\"target\":[\"https:\/\/web.consaguirre.com.ar\/noticias\/sienna-spiro-agota-las-entradas-para-la-gira-mundial-en-segundos\/\"]}]},{\"@type\":\"ImageObject\",\"inLanguage\":\"es-AR\",\"@id\":\"https:\/\/web.consaguirre.com.ar\/noticias\/sienna-spiro-agota-las-entradas-para-la-gira-mundial-en-segundos\/#primaryimage\",\"url\":\"https:\/\/web.consaguirre.com.ar\/noticias\/wp-content\/uploads\/2026\/01\/1768531145_Sienna-Spiro-agota-las-entradas-para-la-gira-mundial-en.jpg\",\"contentUrl\":\"https:\/\/web.consaguirre.com.ar\/noticias\/wp-content\/uploads\/2026\/01\/1768531145_Sienna-Spiro-agota-las-entradas-para-la-gira-mundial-en.jpg\",\"width\":820,\"height\":820,\"caption\":\"Sienna Spiro agota las entradas para la gira mundial en segundos\"},{\"@type\":\"BreadcrumbList\",\"@id\":\"https:\/\/web.consaguirre.com.ar\/noticias\/sienna-spiro-agota-las-entradas-para-la-gira-mundial-en-segundos\/#breadcrumb\",\"itemListElement\":[{\"@type\":\"ListItem\",\"position\":1,\"name\":\"Inicio\",\"item\":\"https:\/\/web.consaguirre.com.ar\/noticias\/\"},{\"@type\":\"ListItem\",\"position\":2,\"name\":\"Sienna Spiro agota las entradas para la gira mundial en segundos\"}]},{\"@type\":\"WebSite\",\"@id\":\"https:\/\/web.consaguirre.com.ar\/noticias\/#website\",\"url\":\"https:\/\/web.consaguirre.com.ar\/noticias\/\",\"name\":\"Conservatorio de M\u00fasica Juli\u00e1n Aguirre\",\"description\":\"\",\"publisher\":{\"@id\":\"https:\/\/web.consaguirre.com.ar\/noticias\/#organization\"},\"potentialAction\":[{\"@type\":\"SearchAction\",\"target\":{\"@type\":\"EntryPoint\",\"urlTemplate\":\"https:\/\/web.consaguirre.com.ar\/noticias\/?s={search_term_string}\"},\"query-input\":\"required name=search_term_string\"}],\"inLanguage\":\"es-AR\"},{\"@type\":\"Organization\",\"@id\":\"https:\/\/web.consaguirre.com.ar\/noticias\/#organization\",\"name\":\"Conservatorio de M\u00fasica Juli\u00e1n Aguirre\",\"url\":\"https:\/\/web.consaguirre.com.ar\/noticias\/\",\"logo\":{\"@type\":\"ImageObject\",\"inLanguage\":\"es-AR\",\"@id\":\"https:\/\/web.consaguirre.com.ar\/noticias\/#\/schema\/logo\/image\/\",\"url\":\"https:\/\/web.consaguirre.com.ar\/noticias\/wp-content\/uploads\/2024\/08\/Banner-Aguirre-23.jpg\",\"contentUrl\":\"https:\/\/web.consaguirre.com.ar\/noticias\/wp-content\/uploads\/2024\/08\/Banner-Aguirre-23.jpg\",\"width\":1192,\"height\":600,\"caption\":\"Conservatorio de M\u00fasica Juli\u00e1n Aguirre\"},\"image\":{\"@id\":\"https:\/\/web.consaguirre.com.ar\/noticias\/#\/schema\/logo\/image\/\"}},{\"@type\":\"Person\",\"@id\":\"https:\/\/web.consaguirre.com.ar\/noticias\/#\/schema\/person\/6558b0cfedee7ddc5425602b237d5722\",\"name\":\"Javier Figueroa\",\"image\":{\"@type\":\"ImageObject\",\"inLanguage\":\"es-AR\",\"@id\":\"https:\/\/web.consaguirre.com.ar\/noticias\/#\/schema\/person\/image\/\",\"url\":\"https:\/\/web.consaguirre.com.ar\/noticias\/wp-content\/uploads\/2024\/08\/Consaguirre-scaled.jpg\",\"contentUrl\":\"https:\/\/web.consaguirre.com.ar\/noticias\/wp-content\/uploads\/2024\/08\/Consaguirre-scaled.jpg\",\"caption\":\"Javier Figueroa\"},\"description\":\"Me llamo Javier Figueroa y soy redactor para el sitio oficial del Conservatorio de M\u00fasica Juli\u00e1n Aguirre en Buenos Aires, consaguirre.com. Apasionado por la m\u00fasica y la escritura, me esfuerzo por destacar los talentos y eventos de nuestra prestigiosa instituci\u00f3n. Mi trayectoria se nutre de una profunda admiraci\u00f3n por los artistas, haciendo de cada art\u00edculo una celebraci\u00f3n de la creatividad y la cultura musical.\",\"sameAs\":[\"https:\/\/web.consaguirre.com.ar\/noticias\"]}]}<\/script>\n<!-- \/ Yoast SEO plugin. -->","yoast_head_json":{"title":"Sienna Spiro agota las entradas para la gira mundial en segundos","robots":{"index":"index","follow":"follow","max-snippet":"max-snippet:-1","max-image-preview":"max-image-preview:large","max-video-preview":"max-video-preview:-1"},"canonical":"https:\/\/web.consaguirre.com.ar\/noticias\/sienna-spiro-agota-las-entradas-para-la-gira-mundial-en-segundos\/","og_locale":"es_ES","og_type":"article","og_title":"Sienna Spiro agota las entradas para la gira mundial en segundos","og_description":"Sienna Spiro est\u00e1 celebrando algunos hitos importantes al principio de su carrera. El pr\u00f3ximo \u201cThe Visitor Tour\u201d del cantautor brit\u00e1nico se agot\u00f3 en cuesti\u00f3n de","og_url":"https:\/\/web.consaguirre.com.ar\/noticias\/sienna-spiro-agota-las-entradas-para-la-gira-mundial-en-segundos\/","og_site_name":"Conservatorio de M\u00fasica Juli\u00e1n Aguirre","article_published_time":"2026-01-16T02:39:05+00:00","article_modified_time":"2026-01-16T02:39:06+00:00","og_image":[{"width":820,"height":820,"url":"https:\/\/web.consaguirre.com.ar\/noticias\/wp-content\/uploads\/2026\/01\/1768531145_Sienna-Spiro-agota-las-entradas-para-la-gira-mundial-en.jpg","type":"image\/jpeg"}],"author":"Javier Figueroa","twitter_card":"summary_large_image","twitter_misc":{"Escrito por":"Javier Figueroa","Tiempo de lectura":"3 minutos"},"schema":{"@context":"https:\/\/schema.org","@graph":[{"@type":"Article","@id":"https:\/\/web.consaguirre.com.ar\/noticias\/sienna-spiro-agota-las-entradas-para-la-gira-mundial-en-segundos\/#article","isPartOf":{"@id":"https:\/\/web.consaguirre.com.ar\/noticias\/sienna-spiro-agota-las-entradas-para-la-gira-mundial-en-segundos\/"},"author":{"name":"Javier Figueroa","@id":"https:\/\/web.consaguirre.com.ar\/noticias\/#\/schema\/person\/6558b0cfedee7ddc5425602b237d5722"},"headline":"Sienna Spiro agota las entradas para la gira mundial en segundos","datePublished":"2026-01-16T02:39:05+00:00","dateModified":"2026-01-16T02:39:06+00:00","mainEntityOfPage":{"@id":"https:\/\/web.consaguirre.com.ar\/noticias\/sienna-spiro-agota-las-entradas-para-la-gira-mundial-en-segundos\/"},"wordCount":520,"publisher":{"@id":"https:\/\/web.consaguirre.com.ar\/noticias\/#organization"},"image":{"@id":"https:\/\/web.consaguirre.com.ar\/noticias\/sienna-spiro-agota-las-entradas-para-la-gira-mundial-en-segundos\/#primaryimage"},"thumbnailUrl":"https:\/\/web.consaguirre.com.ar\/noticias\/wp-content\/uploads\/2026\/01\/1768531145_Sienna-Spiro-agota-las-entradas-para-la-gira-mundial-en.jpg","keywords":["agota","entradas","gira","las","mundial","para","segundos","Sienna","Spiro"],"articleSection":["El \u00faltimo"],"inLanguage":"es-AR"},{"@type":"WebPage","@id":"https:\/\/web.consaguirre.com.ar\/noticias\/sienna-spiro-agota-las-entradas-para-la-gira-mundial-en-segundos\/","url":"https:\/\/web.consaguirre.com.ar\/noticias\/sienna-spiro-agota-las-entradas-para-la-gira-mundial-en-segundos\/","name":"Sienna Spiro agota las entradas para la gira mundial en segundos","isPartOf":{"@id":"https:\/\/web.consaguirre.com.ar\/noticias\/#website"},"primaryImageOfPage":{"@id":"https:\/\/web.consaguirre.com.ar\/noticias\/sienna-spiro-agota-las-entradas-para-la-gira-mundial-en-segundos\/#primaryimage"},"image":{"@id":"https:\/\/web.consaguirre.com.ar\/noticias\/sienna-spiro-agota-las-entradas-para-la-gira-mundial-en-segundos\/#primaryimage"},"thumbnailUrl":"https:\/\/web.consaguirre.com.ar\/noticias\/wp-content\/uploads\/2026\/01\/1768531145_Sienna-Spiro-agota-las-entradas-para-la-gira-mundial-en.jpg","datePublished":"2026-01-16T02:39:05+00:00","dateModified":"2026-01-16T02:39:06+00:00","breadcrumb":{"@id":"https:\/\/web.consaguirre.com.ar\/noticias\/sienna-spiro-agota-las-entradas-para-la-gira-mundial-en-segundos\/#breadcrumb"},"inLanguage":"es-AR","potentialAction":[{"@type":"ReadAction","target":["https:\/\/web.consaguirre.com.ar\/noticias\/sienna-spiro-agota-las-entradas-para-la-gira-mundial-en-segundos\/"]}]},{"@type":"ImageObject","inLanguage":"es-AR","@id":"https:\/\/web.consaguirre.com.ar\/noticias\/sienna-spiro-agota-las-entradas-para-la-gira-mundial-en-segundos\/#primaryimage","url":"https:\/\/web.consaguirre.com.ar\/noticias\/wp-content\/uploads\/2026\/01\/1768531145_Sienna-Spiro-agota-las-entradas-para-la-gira-mundial-en.jpg","contentUrl":"https:\/\/web.consaguirre.com.ar\/noticias\/wp-content\/uploads\/2026\/01\/1768531145_Sienna-Spiro-agota-las-entradas-para-la-gira-mundial-en.jpg","width":820,"height":820,"caption":"Sienna Spiro agota las entradas para la gira mundial en segundos"},{"@type":"BreadcrumbList","@id":"https:\/\/web.consaguirre.com.ar\/noticias\/sienna-spiro-agota-las-entradas-para-la-gira-mundial-en-segundos\/#breadcrumb","itemListElement":[{"@type":"ListItem","position":1,"name":"Inicio","item":"https:\/\/web.consaguirre.com.ar\/noticias\/"},{"@type":"ListItem","position":2,"name":"Sienna Spiro agota las entradas para la gira mundial en segundos"}]},{"@type":"WebSite","@id":"https:\/\/web.consaguirre.com.ar\/noticias\/#website","url":"https:\/\/web.consaguirre.com.ar\/noticias\/","name":"Conservatorio de M\u00fasica Juli\u00e1n Aguirre","description":"","publisher":{"@id":"https:\/\/web.consaguirre.com.ar\/noticias\/#organization"},"potentialAction":[{"@type":"SearchAction","target":{"@type":"EntryPoint","urlTemplate":"https:\/\/web.consaguirre.com.ar\/noticias\/?s={search_term_string}"},"query-input":"required name=search_term_string"}],"inLanguage":"es-AR"},{"@type":"Organization","@id":"https:\/\/web.consaguirre.com.ar\/noticias\/#organization","name":"Conservatorio de M\u00fasica Juli\u00e1n Aguirre","url":"https:\/\/web.consaguirre.com.ar\/noticias\/","logo":{"@type":"ImageObject","inLanguage":"es-AR","@id":"https:\/\/web.consaguirre.com.ar\/noticias\/#\/schema\/logo\/image\/","url":"https:\/\/web.consaguirre.com.ar\/noticias\/wp-content\/uploads\/2024\/08\/Banner-Aguirre-23.jpg","contentUrl":"https:\/\/web.consaguirre.com.ar\/noticias\/wp-content\/uploads\/2024\/08\/Banner-Aguirre-23.jpg","width":1192,"height":600,"caption":"Conservatorio de M\u00fasica Juli\u00e1n Aguirre"},"image":{"@id":"https:\/\/web.consaguirre.com.ar\/noticias\/#\/schema\/logo\/image\/"}},{"@type":"Person","@id":"https:\/\/web.consaguirre.com.ar\/noticias\/#\/schema\/person\/6558b0cfedee7ddc5425602b237d5722","name":"Javier Figueroa","image":{"@type":"ImageObject","inLanguage":"es-AR","@id":"https:\/\/web.consaguirre.com.ar\/noticias\/#\/schema\/person\/image\/","url":"https:\/\/web.consaguirre.com.ar\/noticias\/wp-content\/uploads\/2024\/08\/Consaguirre-scaled.jpg","contentUrl":"https:\/\/web.consaguirre.com.ar\/noticias\/wp-content\/uploads\/2024\/08\/Consaguirre-scaled.jpg","caption":"Javier Figueroa"},"description":"Me llamo Javier Figueroa y soy redactor para el sitio oficial del Conservatorio de M\u00fasica Juli\u00e1n Aguirre en Buenos Aires, consaguirre.com. Apasionado por la m\u00fasica y la escritura, me esfuerzo por destacar los talentos y eventos de nuestra prestigiosa instituci\u00f3n. Mi trayectoria se nutre de una profunda admiraci\u00f3n por los artistas, haciendo de cada art\u00edculo una celebraci\u00f3n de la creatividad y la cultura musical.","sameAs":["https:\/\/web.consaguirre.com.ar\/noticias"]}]}},"_links":{"self":[{"href":"https:\/\/web.consaguirre.com.ar\/noticias\/wp-json\/wp\/v2\/posts\/4842"}],"collection":[{"href":"https:\/\/web.consaguirre.com.ar\/noticias\/wp-json\/wp\/v2\/posts"}],"about":[{"href":"https:\/\/web.consaguirre.com.ar\/noticias\/wp-json\/wp\/v2\/types\/post"}],"author":[{"embeddable":true,"href":"https:\/\/web.consaguirre.com.ar\/noticias\/wp-json\/wp\/v2\/users\/1"}],"replies":[{"embeddable":true,"href":"https:\/\/web.consaguirre.com.ar\/noticias\/wp-json\/wp\/v2\/comments?post=4842"}],"version-history":[{"count":1,"href":"https:\/\/web.consaguirre.com.ar\/noticias\/wp-json\/wp\/v2\/posts\/4842\/revisions"}],"predecessor-version":[{"id":4844,"href":"https:\/\/web.consaguirre.com.ar\/noticias\/wp-json\/wp\/v2\/posts\/4842\/revisions\/4844"}],"wp:featuredmedia":[{"embeddable":true,"href":"https:\/\/web.consaguirre.com.ar\/noticias\/wp-json\/wp\/v2\/media\/4843"}],"wp:attachment":[{"href":"https:\/\/web.consaguirre.com.ar\/noticias\/wp-json\/wp\/v2\/media?parent=4842"}],"wp:term":[{"taxonomy":"category","embeddable":true,"href":"https:\/\/web.consaguirre.com.ar\/noticias\/wp-json\/wp\/v2\/categories?post=4842"},{"taxonomy":"post_tag","embeddable":true,"href":"https:\/\/web.consaguirre.com.ar\/noticias\/wp-json\/wp\/v2\/tags?post=4842"}],"curies":[{"name":"wp","href":"https:\/\/api.w.org\/{rel}","templated":true}]}}