{"id":4839,"date":"2026-01-15T20:39:45","date_gmt":"2026-01-15T23:39:45","guid":{"rendered":"https:\/\/web.consaguirre.com.ar\/noticias\/mire-el-trailer-del-documental-de-paul-mccartney-man-on-the-run\/"},"modified":"2026-01-15T20:39:46","modified_gmt":"2026-01-15T23:39:46","slug":"mire-el-trailer-del-documental-de-paul-mccartney-man-on-the-run","status":"publish","type":"post","link":"https:\/\/web.consaguirre.com.ar\/noticias\/mire-el-trailer-del-documental-de-paul-mccartney-man-on-the-run\/","title":{"rendered":"Mire el tr\u00e1iler del documental de Paul McCartney, &#8216;Man on the Run&#8217;"},"content":{"rendered":"<p>Paul McCartney levanta el velo de su era post-Beatles en el nuevo tr\u00e1iler de <em>Hombre en fuga<\/em>. El esperado documental se estrenar\u00e1 exclusivamente en Prime Video el 27 de febrero.<\/p>\n<p>Dirigida por el cineasta ganador del Oscar Morgan Neville, <em>Hombre en fuga<\/em> detalla los altibajos de la carrera solista de McCartney, centr\u00e1ndose en la formaci\u00f3n de su banda Wings y su relaci\u00f3n con su difunta esposa y compa\u00f1era de banda Linda McCartney, con quien se cas\u00f3 en 1969 y que muri\u00f3 en 1998 a los 56 a\u00f1os.<\/p>\n<p>El tr\u00e1iler muestra una mezcla de material de archivo nunca antes visto y nuevas citas de McCartney, mientras el \u00edcono de la m\u00fasica recuerda c\u00f3mo equilibr\u00f3 la ruptura de los Beatles y las abrumadoras expectativas del p\u00fablico al convertirse en un hombre de familia y reinventar su sonido con Wings. &#8220;En realidad, los Beatles hab\u00edan sido toda mi vida&#8221;, afirma McCartney en el tr\u00e1iler. &#8220;Cuando nos separamos, pens\u00e9 que nunca volver\u00eda a escribir otra nota musical. Ten\u00eda miedo de ser adulta. Me sent\u00ed muy deprimida. Pero tuve mucha suerte porque ten\u00eda a Linda&#8221;.<\/p>\n<div class=\"uD-YT-container\"><img decoding=\"async\" src=\"https:\/\/web.consaguirre.com.ar\/noticias\/wp-content\/uploads\/2026\/01\/1768520385_404_Mire-el-trailer-del-documental-de-Paul-McCartney-Man-on.jpg\" alt=\"V\u00eddeo de YouTube\"><br \/>Haga clic para cargar v\u00eddeo<\/div>\n<p>&#8220;Siempre me han encantado los Beatles, pero Wings era la banda que sacaba discos cuando yo era joven&#8221;, dijo Neville sobre el documental. &#8220;Recuerdo comprarlos en tiendas y obsesionarme con ellos. Tener la oportunidad de revivir ese tiempo con Paul me hizo retroceder como lo hizo retroceder a \u00e9l. En muchos casos, Paul no hab\u00eda pensado en esos momentos en muchos a\u00f1os. As\u00ed que realmente fue una sensaci\u00f3n de redescubrir cosas juntos&#8221;.<\/p>\n<p>McCartney, que ahora tiene 83 a\u00f1os, sigue tan activo como siempre. El oto\u00f1o pasado, Wings lanz\u00f3 una antolog\u00eda que abarca toda su carrera, que McCartney supervis\u00f3 personalmente. La antolog\u00eda multiformato, que incluye \u00e9xitos como \u201cBand on the Run\u201d, \u201cJet\u201d y \u201cLive and Let Die\u201d, estuvo disponible en una colecci\u00f3n de vinilos en color 3LP, 2CD y Blu-ray, as\u00ed como en versiones 1CD y 1LP.<\/p>\n<p>En el frente de The Beatles, la tan esperada banda <em>Antolog\u00eda<\/em> La compilaci\u00f3n fue lanzada el pasado mes de noviembre. La colecci\u00f3n completa incluye 191 pistas en cuatro vol\u00famenes, incluidas 13 grabaciones in\u00e9ditas del nuevo Anthology 4. Tambi\u00e9n se lanz\u00f3 un nuevo vinilo de edici\u00f3n limitada despu\u00e9s de la compilaci\u00f3n. El doble lado A 7\u201d incluye nuevas mezclas de sencillos exitosos incluidos en el conjunto Anthology: \u201cFree As A Bird\u201d y \u201cReal Love\u201d.<\/p>\n<p><b>Compre ahora la m\u00fasica de Paul McCartney en vinilo o CD.<\/b><\/p>\n","protected":false},"excerpt":{"rendered":"<p>Paul McCartney levanta el velo de su era post-Beatles en el nuevo tr\u00e1iler de Hombre en fuga. El esperado documental se estrenar\u00e1 exclusivamente en Prime<\/p>\n","protected":false},"author":1,"featured_media":4840,"comment_status":"closed","ping_status":"","sticky":false,"template":"","format":"standard","meta":{"footnotes":""},"categories":[50],"tags":[10,419,1612,424,1518,423,1992,635],"class_list":["post-4839","post","type-post","status-publish","format-standard","has-post-thumbnail","hentry","category-el-ultimo","tag-del","tag-documental","tag-man","tag-mccartney","tag-mire","tag-paul","tag-run","tag-trailer","generate-columns","tablet-grid-50","mobile-grid-100","grid-parent","grid-50"],"yoast_head":"<!-- This site is optimized with the Yoast SEO plugin v23.3 - https:\/\/yoast.com\/wordpress\/plugins\/seo\/ -->\n<title>Mire el tr\u00e1iler del documental de Paul McCartney, &#039;Man on the Run&#039;<\/title>\n<meta name=\"robots\" content=\"index, follow, max-snippet:-1, max-image-preview:large, max-video-preview:-1\" \/>\n<link rel=\"canonical\" href=\"https:\/\/web.consaguirre.com.ar\/noticias\/mire-el-trailer-del-documental-de-paul-mccartney-man-on-the-run\/\" \/>\n<meta property=\"og:locale\" content=\"es_ES\" \/>\n<meta property=\"og:type\" content=\"article\" \/>\n<meta property=\"og:title\" content=\"Mire el tr\u00e1iler del documental de Paul McCartney, &#039;Man on the Run&#039;\" \/>\n<meta property=\"og:description\" content=\"Paul McCartney levanta el velo de su era post-Beatles en el nuevo tr\u00e1iler de Hombre en fuga. El esperado documental se estrenar\u00e1 exclusivamente en Prime\" \/>\n<meta property=\"og:url\" content=\"https:\/\/web.consaguirre.com.ar\/noticias\/mire-el-trailer-del-documental-de-paul-mccartney-man-on-the-run\/\" \/>\n<meta property=\"og:site_name\" content=\"Conservatorio de M\u00fasica Juli\u00e1n Aguirre\" \/>\n<meta property=\"article:published_time\" content=\"2026-01-15T23:39:45+00:00\" \/>\n<meta property=\"article:modified_time\" content=\"2026-01-15T23:39:46+00:00\" \/>\n<meta property=\"og:image\" content=\"https:\/\/web.consaguirre.com.ar\/noticias\/wp-content\/uploads\/2026\/01\/1768520385_Mire-el-trailer-del-documental-de-Paul-McCartney-Man-on.jpg\" \/>\n\t<meta property=\"og:image:width\" content=\"820\" \/>\n\t<meta property=\"og:image:height\" content=\"820\" \/>\n\t<meta property=\"og:image:type\" content=\"image\/jpeg\" \/>\n<meta name=\"author\" content=\"Javier Figueroa\" \/>\n<meta name=\"twitter:card\" content=\"summary_large_image\" \/>\n<meta name=\"twitter:label1\" content=\"Escrito por\" \/>\n\t<meta name=\"twitter:data1\" content=\"Javier Figueroa\" \/>\n\t<meta name=\"twitter:label2\" content=\"Tiempo de lectura\" \/>\n\t<meta name=\"twitter:data2\" content=\"2 minutos\" \/>\n<script type=\"application\/ld+json\" class=\"yoast-schema-graph\">{\"@context\":\"https:\/\/schema.org\",\"@graph\":[{\"@type\":\"Article\",\"@id\":\"https:\/\/web.consaguirre.com.ar\/noticias\/mire-el-trailer-del-documental-de-paul-mccartney-man-on-the-run\/#article\",\"isPartOf\":{\"@id\":\"https:\/\/web.consaguirre.com.ar\/noticias\/mire-el-trailer-del-documental-de-paul-mccartney-man-on-the-run\/\"},\"author\":{\"name\":\"Javier Figueroa\",\"@id\":\"https:\/\/web.consaguirre.com.ar\/noticias\/#\/schema\/person\/6558b0cfedee7ddc5425602b237d5722\"},\"headline\":\"Mire el tr\u00e1iler del documental de Paul McCartney, &#8216;Man on the Run&#8217;\",\"datePublished\":\"2026-01-15T23:39:45+00:00\",\"dateModified\":\"2026-01-15T23:39:46+00:00\",\"mainEntityOfPage\":{\"@id\":\"https:\/\/web.consaguirre.com.ar\/noticias\/mire-el-trailer-del-documental-de-paul-mccartney-man-on-the-run\/\"},\"wordCount\":443,\"publisher\":{\"@id\":\"https:\/\/web.consaguirre.com.ar\/noticias\/#organization\"},\"image\":{\"@id\":\"https:\/\/web.consaguirre.com.ar\/noticias\/mire-el-trailer-del-documental-de-paul-mccartney-man-on-the-run\/#primaryimage\"},\"thumbnailUrl\":\"https:\/\/web.consaguirre.com.ar\/noticias\/wp-content\/uploads\/2026\/01\/1768520385_Mire-el-trailer-del-documental-de-Paul-McCartney-Man-on.jpg\",\"keywords\":[\"del\",\"documental\",\"Man\",\"McCartney\",\"Mire\",\"Paul\",\"Run\",\"tr\u00e1iler\"],\"articleSection\":[\"El \u00faltimo\"],\"inLanguage\":\"es-AR\"},{\"@type\":\"WebPage\",\"@id\":\"https:\/\/web.consaguirre.com.ar\/noticias\/mire-el-trailer-del-documental-de-paul-mccartney-man-on-the-run\/\",\"url\":\"https:\/\/web.consaguirre.com.ar\/noticias\/mire-el-trailer-del-documental-de-paul-mccartney-man-on-the-run\/\",\"name\":\"Mire el tr\u00e1iler del documental de Paul McCartney, 'Man on the Run'\",\"isPartOf\":{\"@id\":\"https:\/\/web.consaguirre.com.ar\/noticias\/#website\"},\"primaryImageOfPage\":{\"@id\":\"https:\/\/web.consaguirre.com.ar\/noticias\/mire-el-trailer-del-documental-de-paul-mccartney-man-on-the-run\/#primaryimage\"},\"image\":{\"@id\":\"https:\/\/web.consaguirre.com.ar\/noticias\/mire-el-trailer-del-documental-de-paul-mccartney-man-on-the-run\/#primaryimage\"},\"thumbnailUrl\":\"https:\/\/web.consaguirre.com.ar\/noticias\/wp-content\/uploads\/2026\/01\/1768520385_Mire-el-trailer-del-documental-de-Paul-McCartney-Man-on.jpg\",\"datePublished\":\"2026-01-15T23:39:45+00:00\",\"dateModified\":\"2026-01-15T23:39:46+00:00\",\"breadcrumb\":{\"@id\":\"https:\/\/web.consaguirre.com.ar\/noticias\/mire-el-trailer-del-documental-de-paul-mccartney-man-on-the-run\/#breadcrumb\"},\"inLanguage\":\"es-AR\",\"potentialAction\":[{\"@type\":\"ReadAction\",\"target\":[\"https:\/\/web.consaguirre.com.ar\/noticias\/mire-el-trailer-del-documental-de-paul-mccartney-man-on-the-run\/\"]}]},{\"@type\":\"ImageObject\",\"inLanguage\":\"es-AR\",\"@id\":\"https:\/\/web.consaguirre.com.ar\/noticias\/mire-el-trailer-del-documental-de-paul-mccartney-man-on-the-run\/#primaryimage\",\"url\":\"https:\/\/web.consaguirre.com.ar\/noticias\/wp-content\/uploads\/2026\/01\/1768520385_Mire-el-trailer-del-documental-de-Paul-McCartney-Man-on.jpg\",\"contentUrl\":\"https:\/\/web.consaguirre.com.ar\/noticias\/wp-content\/uploads\/2026\/01\/1768520385_Mire-el-trailer-del-documental-de-Paul-McCartney-Man-on.jpg\",\"width\":820,\"height\":820,\"caption\":\"Mire el tr\u00e1iler del documental de Paul McCartney, 'Man on the Run'\"},{\"@type\":\"BreadcrumbList\",\"@id\":\"https:\/\/web.consaguirre.com.ar\/noticias\/mire-el-trailer-del-documental-de-paul-mccartney-man-on-the-run\/#breadcrumb\",\"itemListElement\":[{\"@type\":\"ListItem\",\"position\":1,\"name\":\"Inicio\",\"item\":\"https:\/\/web.consaguirre.com.ar\/noticias\/\"},{\"@type\":\"ListItem\",\"position\":2,\"name\":\"Mire el tr\u00e1iler del documental de Paul McCartney, &#8216;Man on the Run&#8217;\"}]},{\"@type\":\"WebSite\",\"@id\":\"https:\/\/web.consaguirre.com.ar\/noticias\/#website\",\"url\":\"https:\/\/web.consaguirre.com.ar\/noticias\/\",\"name\":\"Conservatorio de M\u00fasica Juli\u00e1n Aguirre\",\"description\":\"\",\"publisher\":{\"@id\":\"https:\/\/web.consaguirre.com.ar\/noticias\/#organization\"},\"potentialAction\":[{\"@type\":\"SearchAction\",\"target\":{\"@type\":\"EntryPoint\",\"urlTemplate\":\"https:\/\/web.consaguirre.com.ar\/noticias\/?s={search_term_string}\"},\"query-input\":\"required name=search_term_string\"}],\"inLanguage\":\"es-AR\"},{\"@type\":\"Organization\",\"@id\":\"https:\/\/web.consaguirre.com.ar\/noticias\/#organization\",\"name\":\"Conservatorio de M\u00fasica Juli\u00e1n Aguirre\",\"url\":\"https:\/\/web.consaguirre.com.ar\/noticias\/\",\"logo\":{\"@type\":\"ImageObject\",\"inLanguage\":\"es-AR\",\"@id\":\"https:\/\/web.consaguirre.com.ar\/noticias\/#\/schema\/logo\/image\/\",\"url\":\"https:\/\/web.consaguirre.com.ar\/noticias\/wp-content\/uploads\/2024\/08\/Banner-Aguirre-23.jpg\",\"contentUrl\":\"https:\/\/web.consaguirre.com.ar\/noticias\/wp-content\/uploads\/2024\/08\/Banner-Aguirre-23.jpg\",\"width\":1192,\"height\":600,\"caption\":\"Conservatorio de M\u00fasica Juli\u00e1n Aguirre\"},\"image\":{\"@id\":\"https:\/\/web.consaguirre.com.ar\/noticias\/#\/schema\/logo\/image\/\"}},{\"@type\":\"Person\",\"@id\":\"https:\/\/web.consaguirre.com.ar\/noticias\/#\/schema\/person\/6558b0cfedee7ddc5425602b237d5722\",\"name\":\"Javier Figueroa\",\"image\":{\"@type\":\"ImageObject\",\"inLanguage\":\"es-AR\",\"@id\":\"https:\/\/web.consaguirre.com.ar\/noticias\/#\/schema\/person\/image\/\",\"url\":\"https:\/\/web.consaguirre.com.ar\/noticias\/wp-content\/uploads\/2024\/08\/Consaguirre-scaled.jpg\",\"contentUrl\":\"https:\/\/web.consaguirre.com.ar\/noticias\/wp-content\/uploads\/2024\/08\/Consaguirre-scaled.jpg\",\"caption\":\"Javier Figueroa\"},\"description\":\"Me llamo Javier Figueroa y soy redactor para el sitio oficial del Conservatorio de M\u00fasica Juli\u00e1n Aguirre en Buenos Aires, consaguirre.com. Apasionado por la m\u00fasica y la escritura, me esfuerzo por destacar los talentos y eventos de nuestra prestigiosa instituci\u00f3n. Mi trayectoria se nutre de una profunda admiraci\u00f3n por los artistas, haciendo de cada art\u00edculo una celebraci\u00f3n de la creatividad y la cultura musical.\",\"sameAs\":[\"https:\/\/web.consaguirre.com.ar\/noticias\"]}]}<\/script>\n<!-- \/ Yoast SEO plugin. -->","yoast_head_json":{"title":"Mire el tr\u00e1iler del documental de Paul McCartney, 'Man on the Run'","robots":{"index":"index","follow":"follow","max-snippet":"max-snippet:-1","max-image-preview":"max-image-preview:large","max-video-preview":"max-video-preview:-1"},"canonical":"https:\/\/web.consaguirre.com.ar\/noticias\/mire-el-trailer-del-documental-de-paul-mccartney-man-on-the-run\/","og_locale":"es_ES","og_type":"article","og_title":"Mire el tr\u00e1iler del documental de Paul McCartney, 'Man on the Run'","og_description":"Paul McCartney levanta el velo de su era post-Beatles en el nuevo tr\u00e1iler de Hombre en fuga. El esperado documental se estrenar\u00e1 exclusivamente en Prime","og_url":"https:\/\/web.consaguirre.com.ar\/noticias\/mire-el-trailer-del-documental-de-paul-mccartney-man-on-the-run\/","og_site_name":"Conservatorio de M\u00fasica Juli\u00e1n Aguirre","article_published_time":"2026-01-15T23:39:45+00:00","article_modified_time":"2026-01-15T23:39:46+00:00","og_image":[{"width":820,"height":820,"url":"https:\/\/web.consaguirre.com.ar\/noticias\/wp-content\/uploads\/2026\/01\/1768520385_Mire-el-trailer-del-documental-de-Paul-McCartney-Man-on.jpg","type":"image\/jpeg"}],"author":"Javier Figueroa","twitter_card":"summary_large_image","twitter_misc":{"Escrito por":"Javier Figueroa","Tiempo de lectura":"2 minutos"},"schema":{"@context":"https:\/\/schema.org","@graph":[{"@type":"Article","@id":"https:\/\/web.consaguirre.com.ar\/noticias\/mire-el-trailer-del-documental-de-paul-mccartney-man-on-the-run\/#article","isPartOf":{"@id":"https:\/\/web.consaguirre.com.ar\/noticias\/mire-el-trailer-del-documental-de-paul-mccartney-man-on-the-run\/"},"author":{"name":"Javier Figueroa","@id":"https:\/\/web.consaguirre.com.ar\/noticias\/#\/schema\/person\/6558b0cfedee7ddc5425602b237d5722"},"headline":"Mire el tr\u00e1iler del documental de Paul McCartney, &#8216;Man on the Run&#8217;","datePublished":"2026-01-15T23:39:45+00:00","dateModified":"2026-01-15T23:39:46+00:00","mainEntityOfPage":{"@id":"https:\/\/web.consaguirre.com.ar\/noticias\/mire-el-trailer-del-documental-de-paul-mccartney-man-on-the-run\/"},"wordCount":443,"publisher":{"@id":"https:\/\/web.consaguirre.com.ar\/noticias\/#organization"},"image":{"@id":"https:\/\/web.consaguirre.com.ar\/noticias\/mire-el-trailer-del-documental-de-paul-mccartney-man-on-the-run\/#primaryimage"},"thumbnailUrl":"https:\/\/web.consaguirre.com.ar\/noticias\/wp-content\/uploads\/2026\/01\/1768520385_Mire-el-trailer-del-documental-de-Paul-McCartney-Man-on.jpg","keywords":["del","documental","Man","McCartney","Mire","Paul","Run","tr\u00e1iler"],"articleSection":["El \u00faltimo"],"inLanguage":"es-AR"},{"@type":"WebPage","@id":"https:\/\/web.consaguirre.com.ar\/noticias\/mire-el-trailer-del-documental-de-paul-mccartney-man-on-the-run\/","url":"https:\/\/web.consaguirre.com.ar\/noticias\/mire-el-trailer-del-documental-de-paul-mccartney-man-on-the-run\/","name":"Mire el tr\u00e1iler del documental de Paul McCartney, 'Man on the Run'","isPartOf":{"@id":"https:\/\/web.consaguirre.com.ar\/noticias\/#website"},"primaryImageOfPage":{"@id":"https:\/\/web.consaguirre.com.ar\/noticias\/mire-el-trailer-del-documental-de-paul-mccartney-man-on-the-run\/#primaryimage"},"image":{"@id":"https:\/\/web.consaguirre.com.ar\/noticias\/mire-el-trailer-del-documental-de-paul-mccartney-man-on-the-run\/#primaryimage"},"thumbnailUrl":"https:\/\/web.consaguirre.com.ar\/noticias\/wp-content\/uploads\/2026\/01\/1768520385_Mire-el-trailer-del-documental-de-Paul-McCartney-Man-on.jpg","datePublished":"2026-01-15T23:39:45+00:00","dateModified":"2026-01-15T23:39:46+00:00","breadcrumb":{"@id":"https:\/\/web.consaguirre.com.ar\/noticias\/mire-el-trailer-del-documental-de-paul-mccartney-man-on-the-run\/#breadcrumb"},"inLanguage":"es-AR","potentialAction":[{"@type":"ReadAction","target":["https:\/\/web.consaguirre.com.ar\/noticias\/mire-el-trailer-del-documental-de-paul-mccartney-man-on-the-run\/"]}]},{"@type":"ImageObject","inLanguage":"es-AR","@id":"https:\/\/web.consaguirre.com.ar\/noticias\/mire-el-trailer-del-documental-de-paul-mccartney-man-on-the-run\/#primaryimage","url":"https:\/\/web.consaguirre.com.ar\/noticias\/wp-content\/uploads\/2026\/01\/1768520385_Mire-el-trailer-del-documental-de-Paul-McCartney-Man-on.jpg","contentUrl":"https:\/\/web.consaguirre.com.ar\/noticias\/wp-content\/uploads\/2026\/01\/1768520385_Mire-el-trailer-del-documental-de-Paul-McCartney-Man-on.jpg","width":820,"height":820,"caption":"Mire el tr\u00e1iler del documental de Paul McCartney, 'Man on the Run'"},{"@type":"BreadcrumbList","@id":"https:\/\/web.consaguirre.com.ar\/noticias\/mire-el-trailer-del-documental-de-paul-mccartney-man-on-the-run\/#breadcrumb","itemListElement":[{"@type":"ListItem","position":1,"name":"Inicio","item":"https:\/\/web.consaguirre.com.ar\/noticias\/"},{"@type":"ListItem","position":2,"name":"Mire el tr\u00e1iler del documental de Paul McCartney, &#8216;Man on the Run&#8217;"}]},{"@type":"WebSite","@id":"https:\/\/web.consaguirre.com.ar\/noticias\/#website","url":"https:\/\/web.consaguirre.com.ar\/noticias\/","name":"Conservatorio de M\u00fasica Juli\u00e1n Aguirre","description":"","publisher":{"@id":"https:\/\/web.consaguirre.com.ar\/noticias\/#organization"},"potentialAction":[{"@type":"SearchAction","target":{"@type":"EntryPoint","urlTemplate":"https:\/\/web.consaguirre.com.ar\/noticias\/?s={search_term_string}"},"query-input":"required name=search_term_string"}],"inLanguage":"es-AR"},{"@type":"Organization","@id":"https:\/\/web.consaguirre.com.ar\/noticias\/#organization","name":"Conservatorio de M\u00fasica Juli\u00e1n Aguirre","url":"https:\/\/web.consaguirre.com.ar\/noticias\/","logo":{"@type":"ImageObject","inLanguage":"es-AR","@id":"https:\/\/web.consaguirre.com.ar\/noticias\/#\/schema\/logo\/image\/","url":"https:\/\/web.consaguirre.com.ar\/noticias\/wp-content\/uploads\/2024\/08\/Banner-Aguirre-23.jpg","contentUrl":"https:\/\/web.consaguirre.com.ar\/noticias\/wp-content\/uploads\/2024\/08\/Banner-Aguirre-23.jpg","width":1192,"height":600,"caption":"Conservatorio de M\u00fasica Juli\u00e1n Aguirre"},"image":{"@id":"https:\/\/web.consaguirre.com.ar\/noticias\/#\/schema\/logo\/image\/"}},{"@type":"Person","@id":"https:\/\/web.consaguirre.com.ar\/noticias\/#\/schema\/person\/6558b0cfedee7ddc5425602b237d5722","name":"Javier Figueroa","image":{"@type":"ImageObject","inLanguage":"es-AR","@id":"https:\/\/web.consaguirre.com.ar\/noticias\/#\/schema\/person\/image\/","url":"https:\/\/web.consaguirre.com.ar\/noticias\/wp-content\/uploads\/2024\/08\/Consaguirre-scaled.jpg","contentUrl":"https:\/\/web.consaguirre.com.ar\/noticias\/wp-content\/uploads\/2024\/08\/Consaguirre-scaled.jpg","caption":"Javier Figueroa"},"description":"Me llamo Javier Figueroa y soy redactor para el sitio oficial del Conservatorio de M\u00fasica Juli\u00e1n Aguirre en Buenos Aires, consaguirre.com. Apasionado por la m\u00fasica y la escritura, me esfuerzo por destacar los talentos y eventos de nuestra prestigiosa instituci\u00f3n. Mi trayectoria se nutre de una profunda admiraci\u00f3n por los artistas, haciendo de cada art\u00edculo una celebraci\u00f3n de la creatividad y la cultura musical.","sameAs":["https:\/\/web.consaguirre.com.ar\/noticias"]}]}},"_links":{"self":[{"href":"https:\/\/web.consaguirre.com.ar\/noticias\/wp-json\/wp\/v2\/posts\/4839"}],"collection":[{"href":"https:\/\/web.consaguirre.com.ar\/noticias\/wp-json\/wp\/v2\/posts"}],"about":[{"href":"https:\/\/web.consaguirre.com.ar\/noticias\/wp-json\/wp\/v2\/types\/post"}],"author":[{"embeddable":true,"href":"https:\/\/web.consaguirre.com.ar\/noticias\/wp-json\/wp\/v2\/users\/1"}],"replies":[{"embeddable":true,"href":"https:\/\/web.consaguirre.com.ar\/noticias\/wp-json\/wp\/v2\/comments?post=4839"}],"version-history":[{"count":1,"href":"https:\/\/web.consaguirre.com.ar\/noticias\/wp-json\/wp\/v2\/posts\/4839\/revisions"}],"predecessor-version":[{"id":4841,"href":"https:\/\/web.consaguirre.com.ar\/noticias\/wp-json\/wp\/v2\/posts\/4839\/revisions\/4841"}],"wp:featuredmedia":[{"embeddable":true,"href":"https:\/\/web.consaguirre.com.ar\/noticias\/wp-json\/wp\/v2\/media\/4840"}],"wp:attachment":[{"href":"https:\/\/web.consaguirre.com.ar\/noticias\/wp-json\/wp\/v2\/media?parent=4839"}],"wp:term":[{"taxonomy":"category","embeddable":true,"href":"https:\/\/web.consaguirre.com.ar\/noticias\/wp-json\/wp\/v2\/categories?post=4839"},{"taxonomy":"post_tag","embeddable":true,"href":"https:\/\/web.consaguirre.com.ar\/noticias\/wp-json\/wp\/v2\/tags?post=4839"}],"curies":[{"name":"wp","href":"https:\/\/api.w.org\/{rel}","templated":true}]}}