{"id":4836,"date":"2026-01-15T11:41:06","date_gmt":"2026-01-15T14:41:06","guid":{"rendered":"https:\/\/web.consaguirre.com.ar\/noticias\/peter-frampton-celebra-50-anos-de-frampton-cobra-vida-con-reedicion-vinilica\/"},"modified":"2026-01-15T11:41:07","modified_gmt":"2026-01-15T14:41:07","slug":"peter-frampton-celebra-50-anos-de-frampton-cobra-vida-con-reedicion-vinilica","status":"publish","type":"post","link":"https:\/\/web.consaguirre.com.ar\/noticias\/peter-frampton-celebra-50-anos-de-frampton-cobra-vida-con-reedicion-vinilica\/","title":{"rendered":"Peter Frampton celebra 50 a\u00f1os de &#8216;\u00a1Frampton cobra vida!&#8217; Con reedici\u00f3n vin\u00edlica"},"content":{"rendered":"<p>Peter Frampton est\u00e1 celebrando el 50 aniversario de <em>\u00a1Framton cobra vida!<\/em> con una edici\u00f3n especial Vinylphyle del \u00e1lbum. El nuevo lanzamiento llegar\u00e1 el 22 de enero a trav\u00e9s de A&#038;M\/UMe.<\/p>\n<p>La edici\u00f3n limitada del doble LP de Vinylphyle proviene del master de producci\u00f3n original de 1\/4\u2033 de 1975 de Doug Sax, con lacas cortadas por Joe Nino-Hernes. Como todas las dem\u00e1s ediciones de Vinylphyle hasta el momento, esta nueva edici\u00f3n se imprimi\u00f3 en vinilo negro de 180 g en RTI.<\/p>\n<p>El paquete presenta un inserto de cuatro paneles con material como una nueva entrevista con Frampton realizada por Anthony Fantano de The Needle Drop. La edici\u00f3n del 50 aniversario de <em>\u00a1Framton cobra vida!<\/em> Tambi\u00e9n estar\u00e1 disponible en Dolby Atmos.<\/p>\n<p>\u201cNo puedo creer que hayan pasado 50 a\u00f1os desde <em>\u00a1Framton cobra vida!<\/em> fue lanzado, pero ese disco todav\u00eda lo siento como un momento vivo en mi vida&#8221;, dice Frampton. &#8220;Cuando decidimos hacer esta edici\u00f3n de Vinylphyle, era importante para m\u00ed que se hiciera de la manera correcta. Personalmente ped\u00ed que el audio procediera del master de producci\u00f3n original de Doug Sax de 1975 porque quer\u00eda que sonara exactamente como lo escuchamos en aquel entonces. Este \u00e1lbum naci\u00f3 en el escenario y escucharlo presentado de esta manera en vinilo es como devolverle esa energ\u00eda a la vida tanto para los fans de toda la vida como para los nuevos oyentes\u201d.<\/p>\n<div align='center'>\n<div class=\"udiscover-store-container\">\n<div id='udiscover-store-one-product'><\/div>\n<\/div>\n<p>\/*<!(CDATA(*\/(function (){var scriptURL='https:\/\/sdks.shopifycdn.com\/buy-button\/latest\/buy-button-storefront.min.js';if(window.ShopifyBuy){if(window.ShopifyBuy.UI){ShopifyBuyInit();}else{loadScript();}}else{loadScript();}funci\u00f3n loadScript(){var script=document.createElement('script');script.async=true;script.src=scriptURL;(document.getElementsByTagName('head')(0)|| document.getElementsByTagName('body')(0)).appendChild(script);script.onload=ShopifyBuyInit;} function ShopifyBuyInit(){var cliente=ShopifyBuy.buildClient({dominio:'udiscover.myshopify.com',storefrontAccessToken: 'bdc89f347d2ce61c1feeb9f8c60b2b98',}); ShopifyBuy.UI.onReady(cliente).luego(funci\u00f3n(ui){ ui.createComponent('producto',{ id:(7670105112653), nodo:document.getElementById('udiscover-store-one-product'), moneyFormat:'%24%7B%7Bamount%7D%7D', opciones:{'product':{'iframe':false,'buttonDestination':'modal','contents':{'options':true},'text':{'button':'ORDEN AHORA','outOfStock':'Lo sentimos, esto est\u00e1 agotado stock'}},'productSet':{'iframe':false},'modalProduct':{'iframe':false,'contents':{'img':false,'imgWithCarousel':true,'button':false,'buttonWithQuantity':true} },'modal':{'iframe':false},'option':{'iframe':false},'cart':{'iframe':false},'toggle':{'iframe':false,'contents':{'icon':false}},'lineItem':{'iframe':false}}, }); }); <\/div>\n<\/p>\n<p>Tras su lanzamiento original en 1976, <em>\u00a1Framton cobra vida!<\/em> se convirti\u00f3 en un gran \u00e9xito, estatus que conserva hoy. Sigue siendo uno de los \u00e1lbumes en vivo m\u00e1s vendidos de todos los tiempos, con casi 20 millones de copias vendidas en todo el mundo. Cuando lleg\u00f3 por primera vez, el \u00e1lbum pas\u00f3 10 semanas en el n\u00famero 1 del Billboard 200, obtuvo una nominaci\u00f3n a \u00c1lbum del A\u00f1o en la 19.\u00aa edici\u00f3n de los Premios Grammy y fue certificado 8 veces Platino por la RIAA.<\/p>\n<p>El <em>\u00a1Framton cobra vida!<\/em> El aniversario llega en un momento emocionante para Frampton, quien recientemente concluy\u00f3 su Let&#8217;s Do It Again! recorrido. El regreso del compositor a la carretera ha sido un deleite inesperado para los fans. En 2019, revel\u00f3 un raro trastorno muscular degenerativo y anunci\u00f3 una gira de despedida. Contra todo pron\u00f3stico, siete a\u00f1os despu\u00e9s, sigue actuando ante un p\u00fablico que lo adora.<\/p>\n<p><b>Compra la edici\u00f3n exclusiva Vinylphyle de <em>Frampton cobra vida<\/em> aqu\u00ed.<\/b><\/p>\n","protected":false},"excerpt":{"rendered":"<p>Peter Frampton est\u00e1 celebrando el 50 aniversario de \u00a1Framton cobra vida! con una edici\u00f3n especial Vinylphyle del \u00e1lbum. El nuevo lanzamiento llegar\u00e1 el 22 de<\/p>\n","protected":false},"author":1,"featured_media":4837,"comment_status":"closed","ping_status":"","sticky":false,"template":"","format":"standard","meta":{"footnotes":""},"categories":[50],"tags":[115,114,3741,32,490,489,117,1716,3742],"class_list":["post-4836","post","type-post","status-publish","format-standard","has-post-thumbnail","hentry","category-el-ultimo","tag-anos","tag-celebra","tag-cobra","tag-con","tag-frampton","tag-peter","tag-reedicion","tag-vida","tag-vinilica","generate-columns","tablet-grid-50","mobile-grid-100","grid-parent","grid-50"],"yoast_head":"<!-- This site is optimized with the Yoast SEO plugin v23.3 - https:\/\/yoast.com\/wordpress\/plugins\/seo\/ -->\n<title>Peter Frampton celebra 50 a\u00f1os de &#039;\u00a1Frampton cobra vida!&#039; Con reedici\u00f3n vin\u00edlica<\/title>\n<meta name=\"robots\" content=\"index, follow, max-snippet:-1, max-image-preview:large, max-video-preview:-1\" \/>\n<link rel=\"canonical\" href=\"https:\/\/web.consaguirre.com.ar\/noticias\/peter-frampton-celebra-50-anos-de-frampton-cobra-vida-con-reedicion-vinilica\/\" \/>\n<meta property=\"og:locale\" content=\"es_ES\" \/>\n<meta property=\"og:type\" content=\"article\" \/>\n<meta property=\"og:title\" content=\"Peter Frampton celebra 50 a\u00f1os de &#039;\u00a1Frampton cobra vida!&#039; Con reedici\u00f3n vin\u00edlica\" \/>\n<meta property=\"og:description\" content=\"Peter Frampton est\u00e1 celebrando el 50 aniversario de \u00a1Framton cobra vida! con una edici\u00f3n especial Vinylphyle del \u00e1lbum. El nuevo lanzamiento llegar\u00e1 el 22 de\" \/>\n<meta property=\"og:url\" content=\"https:\/\/web.consaguirre.com.ar\/noticias\/peter-frampton-celebra-50-anos-de-frampton-cobra-vida-con-reedicion-vinilica\/\" \/>\n<meta property=\"og:site_name\" content=\"Conservatorio de M\u00fasica Juli\u00e1n Aguirre\" \/>\n<meta property=\"article:published_time\" content=\"2026-01-15T14:41:06+00:00\" \/>\n<meta property=\"article:modified_time\" content=\"2026-01-15T14:41:07+00:00\" \/>\n<meta property=\"og:image\" content=\"https:\/\/web.consaguirre.com.ar\/noticias\/wp-content\/uploads\/2026\/01\/Peter-Frampton-celebra-50-anos-de-\u00a1Frampton-cobra-vida-Con.jpg\" \/>\n\t<meta property=\"og:image:width\" content=\"1000\" \/>\n\t<meta property=\"og:image:height\" content=\"600\" \/>\n\t<meta property=\"og:image:type\" content=\"image\/jpeg\" \/>\n<meta name=\"author\" content=\"Javier Figueroa\" \/>\n<meta name=\"twitter:card\" content=\"summary_large_image\" \/>\n<meta name=\"twitter:label1\" content=\"Escrito por\" \/>\n\t<meta name=\"twitter:data1\" content=\"Javier Figueroa\" \/>\n\t<meta name=\"twitter:label2\" content=\"Tiempo de lectura\" \/>\n\t<meta name=\"twitter:data2\" content=\"2 minutos\" \/>\n<script type=\"application\/ld+json\" class=\"yoast-schema-graph\">{\"@context\":\"https:\/\/schema.org\",\"@graph\":[{\"@type\":\"Article\",\"@id\":\"https:\/\/web.consaguirre.com.ar\/noticias\/peter-frampton-celebra-50-anos-de-frampton-cobra-vida-con-reedicion-vinilica\/#article\",\"isPartOf\":{\"@id\":\"https:\/\/web.consaguirre.com.ar\/noticias\/peter-frampton-celebra-50-anos-de-frampton-cobra-vida-con-reedicion-vinilica\/\"},\"author\":{\"name\":\"Javier Figueroa\",\"@id\":\"https:\/\/web.consaguirre.com.ar\/noticias\/#\/schema\/person\/6558b0cfedee7ddc5425602b237d5722\"},\"headline\":\"Peter Frampton celebra 50 a\u00f1os de &#8216;\u00a1Frampton cobra vida!&#8217; Con reedici\u00f3n vin\u00edlica\",\"datePublished\":\"2026-01-15T14:41:06+00:00\",\"dateModified\":\"2026-01-15T14:41:07+00:00\",\"mainEntityOfPage\":{\"@id\":\"https:\/\/web.consaguirre.com.ar\/noticias\/peter-frampton-celebra-50-anos-de-frampton-cobra-vida-con-reedicion-vinilica\/\"},\"wordCount\":413,\"publisher\":{\"@id\":\"https:\/\/web.consaguirre.com.ar\/noticias\/#organization\"},\"image\":{\"@id\":\"https:\/\/web.consaguirre.com.ar\/noticias\/peter-frampton-celebra-50-anos-de-frampton-cobra-vida-con-reedicion-vinilica\/#primaryimage\"},\"thumbnailUrl\":\"https:\/\/web.consaguirre.com.ar\/noticias\/wp-content\/uploads\/2026\/01\/Peter-Frampton-celebra-50-anos-de-\u00a1Frampton-cobra-vida-Con.jpg\",\"keywords\":[\"a\u00f1os\",\"celebra\",\"cobra\",\"con\",\"Frampton\",\"Peter\",\"reedici\u00f3n\",\"vida\",\"vin\u00edlica\"],\"articleSection\":[\"El \u00faltimo\"],\"inLanguage\":\"es-AR\"},{\"@type\":\"WebPage\",\"@id\":\"https:\/\/web.consaguirre.com.ar\/noticias\/peter-frampton-celebra-50-anos-de-frampton-cobra-vida-con-reedicion-vinilica\/\",\"url\":\"https:\/\/web.consaguirre.com.ar\/noticias\/peter-frampton-celebra-50-anos-de-frampton-cobra-vida-con-reedicion-vinilica\/\",\"name\":\"Peter Frampton celebra 50 a\u00f1os de '\u00a1Frampton cobra vida!' Con reedici\u00f3n vin\u00edlica\",\"isPartOf\":{\"@id\":\"https:\/\/web.consaguirre.com.ar\/noticias\/#website\"},\"primaryImageOfPage\":{\"@id\":\"https:\/\/web.consaguirre.com.ar\/noticias\/peter-frampton-celebra-50-anos-de-frampton-cobra-vida-con-reedicion-vinilica\/#primaryimage\"},\"image\":{\"@id\":\"https:\/\/web.consaguirre.com.ar\/noticias\/peter-frampton-celebra-50-anos-de-frampton-cobra-vida-con-reedicion-vinilica\/#primaryimage\"},\"thumbnailUrl\":\"https:\/\/web.consaguirre.com.ar\/noticias\/wp-content\/uploads\/2026\/01\/Peter-Frampton-celebra-50-anos-de-\u00a1Frampton-cobra-vida-Con.jpg\",\"datePublished\":\"2026-01-15T14:41:06+00:00\",\"dateModified\":\"2026-01-15T14:41:07+00:00\",\"breadcrumb\":{\"@id\":\"https:\/\/web.consaguirre.com.ar\/noticias\/peter-frampton-celebra-50-anos-de-frampton-cobra-vida-con-reedicion-vinilica\/#breadcrumb\"},\"inLanguage\":\"es-AR\",\"potentialAction\":[{\"@type\":\"ReadAction\",\"target\":[\"https:\/\/web.consaguirre.com.ar\/noticias\/peter-frampton-celebra-50-anos-de-frampton-cobra-vida-con-reedicion-vinilica\/\"]}]},{\"@type\":\"ImageObject\",\"inLanguage\":\"es-AR\",\"@id\":\"https:\/\/web.consaguirre.com.ar\/noticias\/peter-frampton-celebra-50-anos-de-frampton-cobra-vida-con-reedicion-vinilica\/#primaryimage\",\"url\":\"https:\/\/web.consaguirre.com.ar\/noticias\/wp-content\/uploads\/2026\/01\/Peter-Frampton-celebra-50-anos-de-\u00a1Frampton-cobra-vida-Con.jpg\",\"contentUrl\":\"https:\/\/web.consaguirre.com.ar\/noticias\/wp-content\/uploads\/2026\/01\/Peter-Frampton-celebra-50-anos-de-\u00a1Frampton-cobra-vida-Con.jpg\",\"width\":1000,\"height\":600,\"caption\":\"Peter Frampton - Frampton Comes Alive Vinylphyle edition\"},{\"@type\":\"BreadcrumbList\",\"@id\":\"https:\/\/web.consaguirre.com.ar\/noticias\/peter-frampton-celebra-50-anos-de-frampton-cobra-vida-con-reedicion-vinilica\/#breadcrumb\",\"itemListElement\":[{\"@type\":\"ListItem\",\"position\":1,\"name\":\"Inicio\",\"item\":\"https:\/\/web.consaguirre.com.ar\/noticias\/\"},{\"@type\":\"ListItem\",\"position\":2,\"name\":\"Peter Frampton celebra 50 a\u00f1os de &#8216;\u00a1Frampton cobra vida!&#8217; Con reedici\u00f3n vin\u00edlica\"}]},{\"@type\":\"WebSite\",\"@id\":\"https:\/\/web.consaguirre.com.ar\/noticias\/#website\",\"url\":\"https:\/\/web.consaguirre.com.ar\/noticias\/\",\"name\":\"Conservatorio de M\u00fasica Juli\u00e1n Aguirre\",\"description\":\"\",\"publisher\":{\"@id\":\"https:\/\/web.consaguirre.com.ar\/noticias\/#organization\"},\"potentialAction\":[{\"@type\":\"SearchAction\",\"target\":{\"@type\":\"EntryPoint\",\"urlTemplate\":\"https:\/\/web.consaguirre.com.ar\/noticias\/?s={search_term_string}\"},\"query-input\":\"required name=search_term_string\"}],\"inLanguage\":\"es-AR\"},{\"@type\":\"Organization\",\"@id\":\"https:\/\/web.consaguirre.com.ar\/noticias\/#organization\",\"name\":\"Conservatorio de M\u00fasica Juli\u00e1n Aguirre\",\"url\":\"https:\/\/web.consaguirre.com.ar\/noticias\/\",\"logo\":{\"@type\":\"ImageObject\",\"inLanguage\":\"es-AR\",\"@id\":\"https:\/\/web.consaguirre.com.ar\/noticias\/#\/schema\/logo\/image\/\",\"url\":\"https:\/\/web.consaguirre.com.ar\/noticias\/wp-content\/uploads\/2024\/08\/Banner-Aguirre-23.jpg\",\"contentUrl\":\"https:\/\/web.consaguirre.com.ar\/noticias\/wp-content\/uploads\/2024\/08\/Banner-Aguirre-23.jpg\",\"width\":1192,\"height\":600,\"caption\":\"Conservatorio de M\u00fasica Juli\u00e1n Aguirre\"},\"image\":{\"@id\":\"https:\/\/web.consaguirre.com.ar\/noticias\/#\/schema\/logo\/image\/\"}},{\"@type\":\"Person\",\"@id\":\"https:\/\/web.consaguirre.com.ar\/noticias\/#\/schema\/person\/6558b0cfedee7ddc5425602b237d5722\",\"name\":\"Javier Figueroa\",\"image\":{\"@type\":\"ImageObject\",\"inLanguage\":\"es-AR\",\"@id\":\"https:\/\/web.consaguirre.com.ar\/noticias\/#\/schema\/person\/image\/\",\"url\":\"https:\/\/web.consaguirre.com.ar\/noticias\/wp-content\/uploads\/2024\/08\/Consaguirre-scaled.jpg\",\"contentUrl\":\"https:\/\/web.consaguirre.com.ar\/noticias\/wp-content\/uploads\/2024\/08\/Consaguirre-scaled.jpg\",\"caption\":\"Javier Figueroa\"},\"description\":\"Me llamo Javier Figueroa y soy redactor para el sitio oficial del Conservatorio de M\u00fasica Juli\u00e1n Aguirre en Buenos Aires, consaguirre.com. Apasionado por la m\u00fasica y la escritura, me esfuerzo por destacar los talentos y eventos de nuestra prestigiosa instituci\u00f3n. Mi trayectoria se nutre de una profunda admiraci\u00f3n por los artistas, haciendo de cada art\u00edculo una celebraci\u00f3n de la creatividad y la cultura musical.\",\"sameAs\":[\"https:\/\/web.consaguirre.com.ar\/noticias\"]}]}<\/script>\n<!-- \/ Yoast SEO plugin. -->","yoast_head_json":{"title":"Peter Frampton celebra 50 a\u00f1os de '\u00a1Frampton cobra vida!' Con reedici\u00f3n vin\u00edlica","robots":{"index":"index","follow":"follow","max-snippet":"max-snippet:-1","max-image-preview":"max-image-preview:large","max-video-preview":"max-video-preview:-1"},"canonical":"https:\/\/web.consaguirre.com.ar\/noticias\/peter-frampton-celebra-50-anos-de-frampton-cobra-vida-con-reedicion-vinilica\/","og_locale":"es_ES","og_type":"article","og_title":"Peter Frampton celebra 50 a\u00f1os de '\u00a1Frampton cobra vida!' Con reedici\u00f3n vin\u00edlica","og_description":"Peter Frampton est\u00e1 celebrando el 50 aniversario de \u00a1Framton cobra vida! con una edici\u00f3n especial Vinylphyle del \u00e1lbum. El nuevo lanzamiento llegar\u00e1 el 22 de","og_url":"https:\/\/web.consaguirre.com.ar\/noticias\/peter-frampton-celebra-50-anos-de-frampton-cobra-vida-con-reedicion-vinilica\/","og_site_name":"Conservatorio de M\u00fasica Juli\u00e1n Aguirre","article_published_time":"2026-01-15T14:41:06+00:00","article_modified_time":"2026-01-15T14:41:07+00:00","og_image":[{"width":1000,"height":600,"url":"https:\/\/web.consaguirre.com.ar\/noticias\/wp-content\/uploads\/2026\/01\/Peter-Frampton-celebra-50-anos-de-\u00a1Frampton-cobra-vida-Con.jpg","type":"image\/jpeg"}],"author":"Javier Figueroa","twitter_card":"summary_large_image","twitter_misc":{"Escrito por":"Javier Figueroa","Tiempo de lectura":"2 minutos"},"schema":{"@context":"https:\/\/schema.org","@graph":[{"@type":"Article","@id":"https:\/\/web.consaguirre.com.ar\/noticias\/peter-frampton-celebra-50-anos-de-frampton-cobra-vida-con-reedicion-vinilica\/#article","isPartOf":{"@id":"https:\/\/web.consaguirre.com.ar\/noticias\/peter-frampton-celebra-50-anos-de-frampton-cobra-vida-con-reedicion-vinilica\/"},"author":{"name":"Javier Figueroa","@id":"https:\/\/web.consaguirre.com.ar\/noticias\/#\/schema\/person\/6558b0cfedee7ddc5425602b237d5722"},"headline":"Peter Frampton celebra 50 a\u00f1os de &#8216;\u00a1Frampton cobra vida!&#8217; Con reedici\u00f3n vin\u00edlica","datePublished":"2026-01-15T14:41:06+00:00","dateModified":"2026-01-15T14:41:07+00:00","mainEntityOfPage":{"@id":"https:\/\/web.consaguirre.com.ar\/noticias\/peter-frampton-celebra-50-anos-de-frampton-cobra-vida-con-reedicion-vinilica\/"},"wordCount":413,"publisher":{"@id":"https:\/\/web.consaguirre.com.ar\/noticias\/#organization"},"image":{"@id":"https:\/\/web.consaguirre.com.ar\/noticias\/peter-frampton-celebra-50-anos-de-frampton-cobra-vida-con-reedicion-vinilica\/#primaryimage"},"thumbnailUrl":"https:\/\/web.consaguirre.com.ar\/noticias\/wp-content\/uploads\/2026\/01\/Peter-Frampton-celebra-50-anos-de-\u00a1Frampton-cobra-vida-Con.jpg","keywords":["a\u00f1os","celebra","cobra","con","Frampton","Peter","reedici\u00f3n","vida","vin\u00edlica"],"articleSection":["El \u00faltimo"],"inLanguage":"es-AR"},{"@type":"WebPage","@id":"https:\/\/web.consaguirre.com.ar\/noticias\/peter-frampton-celebra-50-anos-de-frampton-cobra-vida-con-reedicion-vinilica\/","url":"https:\/\/web.consaguirre.com.ar\/noticias\/peter-frampton-celebra-50-anos-de-frampton-cobra-vida-con-reedicion-vinilica\/","name":"Peter Frampton celebra 50 a\u00f1os de '\u00a1Frampton cobra vida!' Con reedici\u00f3n vin\u00edlica","isPartOf":{"@id":"https:\/\/web.consaguirre.com.ar\/noticias\/#website"},"primaryImageOfPage":{"@id":"https:\/\/web.consaguirre.com.ar\/noticias\/peter-frampton-celebra-50-anos-de-frampton-cobra-vida-con-reedicion-vinilica\/#primaryimage"},"image":{"@id":"https:\/\/web.consaguirre.com.ar\/noticias\/peter-frampton-celebra-50-anos-de-frampton-cobra-vida-con-reedicion-vinilica\/#primaryimage"},"thumbnailUrl":"https:\/\/web.consaguirre.com.ar\/noticias\/wp-content\/uploads\/2026\/01\/Peter-Frampton-celebra-50-anos-de-\u00a1Frampton-cobra-vida-Con.jpg","datePublished":"2026-01-15T14:41:06+00:00","dateModified":"2026-01-15T14:41:07+00:00","breadcrumb":{"@id":"https:\/\/web.consaguirre.com.ar\/noticias\/peter-frampton-celebra-50-anos-de-frampton-cobra-vida-con-reedicion-vinilica\/#breadcrumb"},"inLanguage":"es-AR","potentialAction":[{"@type":"ReadAction","target":["https:\/\/web.consaguirre.com.ar\/noticias\/peter-frampton-celebra-50-anos-de-frampton-cobra-vida-con-reedicion-vinilica\/"]}]},{"@type":"ImageObject","inLanguage":"es-AR","@id":"https:\/\/web.consaguirre.com.ar\/noticias\/peter-frampton-celebra-50-anos-de-frampton-cobra-vida-con-reedicion-vinilica\/#primaryimage","url":"https:\/\/web.consaguirre.com.ar\/noticias\/wp-content\/uploads\/2026\/01\/Peter-Frampton-celebra-50-anos-de-\u00a1Frampton-cobra-vida-Con.jpg","contentUrl":"https:\/\/web.consaguirre.com.ar\/noticias\/wp-content\/uploads\/2026\/01\/Peter-Frampton-celebra-50-anos-de-\u00a1Frampton-cobra-vida-Con.jpg","width":1000,"height":600,"caption":"Peter Frampton - Frampton Comes Alive Vinylphyle edition"},{"@type":"BreadcrumbList","@id":"https:\/\/web.consaguirre.com.ar\/noticias\/peter-frampton-celebra-50-anos-de-frampton-cobra-vida-con-reedicion-vinilica\/#breadcrumb","itemListElement":[{"@type":"ListItem","position":1,"name":"Inicio","item":"https:\/\/web.consaguirre.com.ar\/noticias\/"},{"@type":"ListItem","position":2,"name":"Peter Frampton celebra 50 a\u00f1os de &#8216;\u00a1Frampton cobra vida!&#8217; Con reedici\u00f3n vin\u00edlica"}]},{"@type":"WebSite","@id":"https:\/\/web.consaguirre.com.ar\/noticias\/#website","url":"https:\/\/web.consaguirre.com.ar\/noticias\/","name":"Conservatorio de M\u00fasica Juli\u00e1n Aguirre","description":"","publisher":{"@id":"https:\/\/web.consaguirre.com.ar\/noticias\/#organization"},"potentialAction":[{"@type":"SearchAction","target":{"@type":"EntryPoint","urlTemplate":"https:\/\/web.consaguirre.com.ar\/noticias\/?s={search_term_string}"},"query-input":"required name=search_term_string"}],"inLanguage":"es-AR"},{"@type":"Organization","@id":"https:\/\/web.consaguirre.com.ar\/noticias\/#organization","name":"Conservatorio de M\u00fasica Juli\u00e1n Aguirre","url":"https:\/\/web.consaguirre.com.ar\/noticias\/","logo":{"@type":"ImageObject","inLanguage":"es-AR","@id":"https:\/\/web.consaguirre.com.ar\/noticias\/#\/schema\/logo\/image\/","url":"https:\/\/web.consaguirre.com.ar\/noticias\/wp-content\/uploads\/2024\/08\/Banner-Aguirre-23.jpg","contentUrl":"https:\/\/web.consaguirre.com.ar\/noticias\/wp-content\/uploads\/2024\/08\/Banner-Aguirre-23.jpg","width":1192,"height":600,"caption":"Conservatorio de M\u00fasica Juli\u00e1n Aguirre"},"image":{"@id":"https:\/\/web.consaguirre.com.ar\/noticias\/#\/schema\/logo\/image\/"}},{"@type":"Person","@id":"https:\/\/web.consaguirre.com.ar\/noticias\/#\/schema\/person\/6558b0cfedee7ddc5425602b237d5722","name":"Javier Figueroa","image":{"@type":"ImageObject","inLanguage":"es-AR","@id":"https:\/\/web.consaguirre.com.ar\/noticias\/#\/schema\/person\/image\/","url":"https:\/\/web.consaguirre.com.ar\/noticias\/wp-content\/uploads\/2024\/08\/Consaguirre-scaled.jpg","contentUrl":"https:\/\/web.consaguirre.com.ar\/noticias\/wp-content\/uploads\/2024\/08\/Consaguirre-scaled.jpg","caption":"Javier Figueroa"},"description":"Me llamo Javier Figueroa y soy redactor para el sitio oficial del Conservatorio de M\u00fasica Juli\u00e1n Aguirre en Buenos Aires, consaguirre.com. Apasionado por la m\u00fasica y la escritura, me esfuerzo por destacar los talentos y eventos de nuestra prestigiosa instituci\u00f3n. Mi trayectoria se nutre de una profunda admiraci\u00f3n por los artistas, haciendo de cada art\u00edculo una celebraci\u00f3n de la creatividad y la cultura musical.","sameAs":["https:\/\/web.consaguirre.com.ar\/noticias"]}]}},"_links":{"self":[{"href":"https:\/\/web.consaguirre.com.ar\/noticias\/wp-json\/wp\/v2\/posts\/4836"}],"collection":[{"href":"https:\/\/web.consaguirre.com.ar\/noticias\/wp-json\/wp\/v2\/posts"}],"about":[{"href":"https:\/\/web.consaguirre.com.ar\/noticias\/wp-json\/wp\/v2\/types\/post"}],"author":[{"embeddable":true,"href":"https:\/\/web.consaguirre.com.ar\/noticias\/wp-json\/wp\/v2\/users\/1"}],"replies":[{"embeddable":true,"href":"https:\/\/web.consaguirre.com.ar\/noticias\/wp-json\/wp\/v2\/comments?post=4836"}],"version-history":[{"count":1,"href":"https:\/\/web.consaguirre.com.ar\/noticias\/wp-json\/wp\/v2\/posts\/4836\/revisions"}],"predecessor-version":[{"id":4838,"href":"https:\/\/web.consaguirre.com.ar\/noticias\/wp-json\/wp\/v2\/posts\/4836\/revisions\/4838"}],"wp:featuredmedia":[{"embeddable":true,"href":"https:\/\/web.consaguirre.com.ar\/noticias\/wp-json\/wp\/v2\/media\/4837"}],"wp:attachment":[{"href":"https:\/\/web.consaguirre.com.ar\/noticias\/wp-json\/wp\/v2\/media?parent=4836"}],"wp:term":[{"taxonomy":"category","embeddable":true,"href":"https:\/\/web.consaguirre.com.ar\/noticias\/wp-json\/wp\/v2\/categories?post=4836"},{"taxonomy":"post_tag","embeddable":true,"href":"https:\/\/web.consaguirre.com.ar\/noticias\/wp-json\/wp\/v2\/tags?post=4836"}],"curies":[{"name":"wp","href":"https:\/\/api.w.org\/{rel}","templated":true}]}}