{"id":4830,"date":"2026-01-14T17:39:53","date_gmt":"2026-01-14T20:39:53","guid":{"rendered":"https:\/\/web.consaguirre.com.ar\/noticias\/bts-anuncia-gira-mundial-masiva-2026-2027\/"},"modified":"2026-01-14T17:39:53","modified_gmt":"2026-01-14T20:39:53","slug":"bts-anuncia-gira-mundial-masiva-2026-2027","status":"publish","type":"post","link":"https:\/\/web.consaguirre.com.ar\/noticias\/bts-anuncia-gira-mundial-masiva-2026-2027\/","title":{"rendered":"BTS anuncia gira mundial masiva 2026-2027"},"content":{"rendered":"<p>BTS ha anunciado que regresar\u00e1n al escenario para su primera gira desde 2021 y la gira Permission to Dance on Stage de 2022.<\/p>\n<p>Los \u00edconos del K-pop comenzar\u00e1n su gira mundial el 9 de abril y realizar\u00e1n shows hasta 2027. La gira contar\u00e1 con la banda realizando 79 shows en 34 regiones.<\/p>\n<p>La muy esperada carrera de BTS comenzar\u00e1 con tres noches en Goyang, Corea del Sur. De ah\u00ed, actuar\u00e1n en Tokio, antes de dirigirse a Norteam\u00e9rica donde las fechas de la banda en el pa\u00eds y M\u00e9xico comenzar\u00e1n con dos shows en Tampa, FL el 25 y 26 de abril. De all\u00ed, BTS actuar\u00e1 en El Paso, TX; Ciudad de M\u00e9xico, MX; Stanford, California; y Las Vegas, NV los d\u00edas 23, 24 y 27 de mayo. Despu\u00e9s de eso, BTS se dirigir\u00e1 a Europa y el Reino Unido, donde actuar\u00e1n en Madrid, Espa\u00f1a; Bruselas, B\u00e9lgica; Londres, Reino Unido; M\u00fanich, Alemania; y Par\u00eds, Francia. Una vez que concluya la gira europea, regresar\u00e1n a Norteam\u00e9rica en agosto para espect\u00e1culos en estadios en East Rutherford, Nueva Jersey; Foxborough, MA; Baltimore, MD; Arlington, Texas; Toronto, ON; Chicago, Illinois; y Los \u00c1ngeles, California.<\/p>\n<div class=\"uD-YT-container\"><img decoding=\"async\" src=\"https:\/\/web.consaguirre.com.ar\/noticias\/wp-content\/uploads\/2026\/01\/1768423193_592_BTS-anuncia-gira-mundial-masiva-2026-2027.jpg\" alt=\"V\u00eddeo de YouTube\"><br \/>Haga clic para cargar v\u00eddeo<\/div>\n<p>Despu\u00e9s de que la banda concluya sus shows en Los \u00c1ngeles, la banda continuar\u00e1 hacia Am\u00e9rica Latina y Asia, con paradas planeadas en Bogot\u00e1, S\u00e3o Paulo, Kaohsiung, Bangkok, Singapur y m\u00e1s. Luego, el grupo regresar\u00e1 a Australia a principios del pr\u00f3ximo a\u00f1o para presentaciones en Melbourne y Sydney.<\/p>\n<p>La banda tambi\u00e9n ha anunciado que actuar\u00e1n en un escenario circular de 360 \u200b\u200bgrados. La configuraci\u00f3n coloca a la audiencia en el centro del espect\u00e1culo, al tiempo que permite una mayor capacidad en cada lugar.<\/p>\n<p>Los boletos estar\u00e1n disponibles a partir del jueves 22 de enero a trav\u00e9s de la preventa de Membres\u00eda del Ej\u00e9rcito. Adem\u00e1s, fechas seleccionadas estar\u00e1n disponibles mediante preventa el viernes 23 de enero. Los boletos restantes estar\u00e1n disponibles mediante venta general a partir del s\u00e1bado 24 de enero. Los usuarios de Army Membership deben registrarse para la preventa en Weverse antes del 18 de enero a las 3:00 p. m., hora del Pac\u00edfico.<\/p>\n<p><b>Explora nuestra colecci\u00f3n BTS aqu\u00ed.<\/b><\/p>\n","protected":false},"excerpt":{"rendered":"<p>BTS ha anunciado que regresar\u00e1n al escenario para su primera gira desde 2021 y la gira Permission to Dance on Stage de 2022. Los \u00edconos<\/p>\n","protected":false},"author":1,"featured_media":4831,"comment_status":"closed","ping_status":"","sticky":false,"template":"","format":"standard","meta":{"footnotes":""},"categories":[50],"tags":[56,1437,492,3739,584],"class_list":["post-4830","post","type-post","status-publish","format-standard","has-post-thumbnail","hentry","category-el-ultimo","tag-anuncia","tag-bts","tag-gira","tag-masiva","tag-mundial","generate-columns","tablet-grid-50","mobile-grid-100","grid-parent","grid-50"],"yoast_head":"<!-- This site is optimized with the Yoast SEO plugin v23.3 - https:\/\/yoast.com\/wordpress\/plugins\/seo\/ -->\n<title>BTS anuncia gira mundial masiva 2026-2027<\/title>\n<meta name=\"robots\" content=\"index, follow, max-snippet:-1, max-image-preview:large, max-video-preview:-1\" \/>\n<link rel=\"canonical\" href=\"https:\/\/web.consaguirre.com.ar\/noticias\/bts-anuncia-gira-mundial-masiva-2026-2027\/\" \/>\n<meta property=\"og:locale\" content=\"es_ES\" \/>\n<meta property=\"og:type\" content=\"article\" \/>\n<meta property=\"og:title\" content=\"BTS anuncia gira mundial masiva 2026-2027\" \/>\n<meta property=\"og:description\" content=\"BTS ha anunciado que regresar\u00e1n al escenario para su primera gira desde 2021 y la gira Permission to Dance on Stage de 2022. Los \u00edconos\" \/>\n<meta property=\"og:url\" content=\"https:\/\/web.consaguirre.com.ar\/noticias\/bts-anuncia-gira-mundial-masiva-2026-2027\/\" \/>\n<meta property=\"og:site_name\" content=\"Conservatorio de M\u00fasica Juli\u00e1n Aguirre\" \/>\n<meta property=\"article:published_time\" content=\"2026-01-14T20:39:53+00:00\" \/>\n<meta property=\"og:image\" content=\"https:\/\/web.consaguirre.com.ar\/noticias\/wp-content\/uploads\/2026\/01\/BTS-anuncia-gira-mundial-masiva-2026-2027.jpg\" \/>\n\t<meta property=\"og:image:width\" content=\"1000\" \/>\n\t<meta property=\"og:image:height\" content=\"600\" \/>\n\t<meta property=\"og:image:type\" content=\"image\/jpeg\" \/>\n<meta name=\"author\" content=\"Javier Figueroa\" \/>\n<meta name=\"twitter:card\" content=\"summary_large_image\" \/>\n<meta name=\"twitter:label1\" content=\"Escrito por\" \/>\n\t<meta name=\"twitter:data1\" content=\"Javier Figueroa\" \/>\n\t<meta name=\"twitter:label2\" content=\"Tiempo de lectura\" \/>\n\t<meta name=\"twitter:data2\" content=\"2 minutos\" \/>\n<script type=\"application\/ld+json\" class=\"yoast-schema-graph\">{\"@context\":\"https:\/\/schema.org\",\"@graph\":[{\"@type\":\"Article\",\"@id\":\"https:\/\/web.consaguirre.com.ar\/noticias\/bts-anuncia-gira-mundial-masiva-2026-2027\/#article\",\"isPartOf\":{\"@id\":\"https:\/\/web.consaguirre.com.ar\/noticias\/bts-anuncia-gira-mundial-masiva-2026-2027\/\"},\"author\":{\"name\":\"Javier Figueroa\",\"@id\":\"https:\/\/web.consaguirre.com.ar\/noticias\/#\/schema\/person\/6558b0cfedee7ddc5425602b237d5722\"},\"headline\":\"BTS anuncia gira mundial masiva 2026-2027\",\"datePublished\":\"2026-01-14T20:39:53+00:00\",\"dateModified\":\"2026-01-14T20:39:53+00:00\",\"mainEntityOfPage\":{\"@id\":\"https:\/\/web.consaguirre.com.ar\/noticias\/bts-anuncia-gira-mundial-masiva-2026-2027\/\"},\"wordCount\":383,\"publisher\":{\"@id\":\"https:\/\/web.consaguirre.com.ar\/noticias\/#organization\"},\"image\":{\"@id\":\"https:\/\/web.consaguirre.com.ar\/noticias\/bts-anuncia-gira-mundial-masiva-2026-2027\/#primaryimage\"},\"thumbnailUrl\":\"https:\/\/web.consaguirre.com.ar\/noticias\/wp-content\/uploads\/2026\/01\/BTS-anuncia-gira-mundial-masiva-2026-2027.jpg\",\"keywords\":[\"anuncia\",\"BTS\",\"gira\",\"masiva\",\"mundial\"],\"articleSection\":[\"El \u00faltimo\"],\"inLanguage\":\"es-AR\"},{\"@type\":\"WebPage\",\"@id\":\"https:\/\/web.consaguirre.com.ar\/noticias\/bts-anuncia-gira-mundial-masiva-2026-2027\/\",\"url\":\"https:\/\/web.consaguirre.com.ar\/noticias\/bts-anuncia-gira-mundial-masiva-2026-2027\/\",\"name\":\"BTS anuncia gira mundial masiva 2026-2027\",\"isPartOf\":{\"@id\":\"https:\/\/web.consaguirre.com.ar\/noticias\/#website\"},\"primaryImageOfPage\":{\"@id\":\"https:\/\/web.consaguirre.com.ar\/noticias\/bts-anuncia-gira-mundial-masiva-2026-2027\/#primaryimage\"},\"image\":{\"@id\":\"https:\/\/web.consaguirre.com.ar\/noticias\/bts-anuncia-gira-mundial-masiva-2026-2027\/#primaryimage\"},\"thumbnailUrl\":\"https:\/\/web.consaguirre.com.ar\/noticias\/wp-content\/uploads\/2026\/01\/BTS-anuncia-gira-mundial-masiva-2026-2027.jpg\",\"datePublished\":\"2026-01-14T20:39:53+00:00\",\"dateModified\":\"2026-01-14T20:39:53+00:00\",\"breadcrumb\":{\"@id\":\"https:\/\/web.consaguirre.com.ar\/noticias\/bts-anuncia-gira-mundial-masiva-2026-2027\/#breadcrumb\"},\"inLanguage\":\"es-AR\",\"potentialAction\":[{\"@type\":\"ReadAction\",\"target\":[\"https:\/\/web.consaguirre.com.ar\/noticias\/bts-anuncia-gira-mundial-masiva-2026-2027\/\"]}]},{\"@type\":\"ImageObject\",\"inLanguage\":\"es-AR\",\"@id\":\"https:\/\/web.consaguirre.com.ar\/noticias\/bts-anuncia-gira-mundial-masiva-2026-2027\/#primaryimage\",\"url\":\"https:\/\/web.consaguirre.com.ar\/noticias\/wp-content\/uploads\/2026\/01\/BTS-anuncia-gira-mundial-masiva-2026-2027.jpg\",\"contentUrl\":\"https:\/\/web.consaguirre.com.ar\/noticias\/wp-content\/uploads\/2026\/01\/BTS-anuncia-gira-mundial-masiva-2026-2027.jpg\",\"width\":1000,\"height\":600,\"caption\":\"BTS photo courtesy of HYBE\"},{\"@type\":\"BreadcrumbList\",\"@id\":\"https:\/\/web.consaguirre.com.ar\/noticias\/bts-anuncia-gira-mundial-masiva-2026-2027\/#breadcrumb\",\"itemListElement\":[{\"@type\":\"ListItem\",\"position\":1,\"name\":\"Inicio\",\"item\":\"https:\/\/web.consaguirre.com.ar\/noticias\/\"},{\"@type\":\"ListItem\",\"position\":2,\"name\":\"BTS anuncia gira mundial masiva 2026-2027\"}]},{\"@type\":\"WebSite\",\"@id\":\"https:\/\/web.consaguirre.com.ar\/noticias\/#website\",\"url\":\"https:\/\/web.consaguirre.com.ar\/noticias\/\",\"name\":\"Conservatorio de M\u00fasica Juli\u00e1n Aguirre\",\"description\":\"\",\"publisher\":{\"@id\":\"https:\/\/web.consaguirre.com.ar\/noticias\/#organization\"},\"potentialAction\":[{\"@type\":\"SearchAction\",\"target\":{\"@type\":\"EntryPoint\",\"urlTemplate\":\"https:\/\/web.consaguirre.com.ar\/noticias\/?s={search_term_string}\"},\"query-input\":\"required name=search_term_string\"}],\"inLanguage\":\"es-AR\"},{\"@type\":\"Organization\",\"@id\":\"https:\/\/web.consaguirre.com.ar\/noticias\/#organization\",\"name\":\"Conservatorio de M\u00fasica Juli\u00e1n Aguirre\",\"url\":\"https:\/\/web.consaguirre.com.ar\/noticias\/\",\"logo\":{\"@type\":\"ImageObject\",\"inLanguage\":\"es-AR\",\"@id\":\"https:\/\/web.consaguirre.com.ar\/noticias\/#\/schema\/logo\/image\/\",\"url\":\"https:\/\/web.consaguirre.com.ar\/noticias\/wp-content\/uploads\/2024\/08\/Banner-Aguirre-23.jpg\",\"contentUrl\":\"https:\/\/web.consaguirre.com.ar\/noticias\/wp-content\/uploads\/2024\/08\/Banner-Aguirre-23.jpg\",\"width\":1192,\"height\":600,\"caption\":\"Conservatorio de M\u00fasica Juli\u00e1n Aguirre\"},\"image\":{\"@id\":\"https:\/\/web.consaguirre.com.ar\/noticias\/#\/schema\/logo\/image\/\"}},{\"@type\":\"Person\",\"@id\":\"https:\/\/web.consaguirre.com.ar\/noticias\/#\/schema\/person\/6558b0cfedee7ddc5425602b237d5722\",\"name\":\"Javier Figueroa\",\"image\":{\"@type\":\"ImageObject\",\"inLanguage\":\"es-AR\",\"@id\":\"https:\/\/web.consaguirre.com.ar\/noticias\/#\/schema\/person\/image\/\",\"url\":\"https:\/\/web.consaguirre.com.ar\/noticias\/wp-content\/uploads\/2024\/08\/Consaguirre-scaled.jpg\",\"contentUrl\":\"https:\/\/web.consaguirre.com.ar\/noticias\/wp-content\/uploads\/2024\/08\/Consaguirre-scaled.jpg\",\"caption\":\"Javier Figueroa\"},\"description\":\"Me llamo Javier Figueroa y soy redactor para el sitio oficial del Conservatorio de M\u00fasica Juli\u00e1n Aguirre en Buenos Aires, consaguirre.com. Apasionado por la m\u00fasica y la escritura, me esfuerzo por destacar los talentos y eventos de nuestra prestigiosa instituci\u00f3n. Mi trayectoria se nutre de una profunda admiraci\u00f3n por los artistas, haciendo de cada art\u00edculo una celebraci\u00f3n de la creatividad y la cultura musical.\",\"sameAs\":[\"https:\/\/web.consaguirre.com.ar\/noticias\"]}]}<\/script>\n<!-- \/ Yoast SEO plugin. -->","yoast_head_json":{"title":"BTS anuncia gira mundial masiva 2026-2027","robots":{"index":"index","follow":"follow","max-snippet":"max-snippet:-1","max-image-preview":"max-image-preview:large","max-video-preview":"max-video-preview:-1"},"canonical":"https:\/\/web.consaguirre.com.ar\/noticias\/bts-anuncia-gira-mundial-masiva-2026-2027\/","og_locale":"es_ES","og_type":"article","og_title":"BTS anuncia gira mundial masiva 2026-2027","og_description":"BTS ha anunciado que regresar\u00e1n al escenario para su primera gira desde 2021 y la gira Permission to Dance on Stage de 2022. Los \u00edconos","og_url":"https:\/\/web.consaguirre.com.ar\/noticias\/bts-anuncia-gira-mundial-masiva-2026-2027\/","og_site_name":"Conservatorio de M\u00fasica Juli\u00e1n Aguirre","article_published_time":"2026-01-14T20:39:53+00:00","og_image":[{"width":1000,"height":600,"url":"https:\/\/web.consaguirre.com.ar\/noticias\/wp-content\/uploads\/2026\/01\/BTS-anuncia-gira-mundial-masiva-2026-2027.jpg","type":"image\/jpeg"}],"author":"Javier Figueroa","twitter_card":"summary_large_image","twitter_misc":{"Escrito por":"Javier Figueroa","Tiempo de lectura":"2 minutos"},"schema":{"@context":"https:\/\/schema.org","@graph":[{"@type":"Article","@id":"https:\/\/web.consaguirre.com.ar\/noticias\/bts-anuncia-gira-mundial-masiva-2026-2027\/#article","isPartOf":{"@id":"https:\/\/web.consaguirre.com.ar\/noticias\/bts-anuncia-gira-mundial-masiva-2026-2027\/"},"author":{"name":"Javier Figueroa","@id":"https:\/\/web.consaguirre.com.ar\/noticias\/#\/schema\/person\/6558b0cfedee7ddc5425602b237d5722"},"headline":"BTS anuncia gira mundial masiva 2026-2027","datePublished":"2026-01-14T20:39:53+00:00","dateModified":"2026-01-14T20:39:53+00:00","mainEntityOfPage":{"@id":"https:\/\/web.consaguirre.com.ar\/noticias\/bts-anuncia-gira-mundial-masiva-2026-2027\/"},"wordCount":383,"publisher":{"@id":"https:\/\/web.consaguirre.com.ar\/noticias\/#organization"},"image":{"@id":"https:\/\/web.consaguirre.com.ar\/noticias\/bts-anuncia-gira-mundial-masiva-2026-2027\/#primaryimage"},"thumbnailUrl":"https:\/\/web.consaguirre.com.ar\/noticias\/wp-content\/uploads\/2026\/01\/BTS-anuncia-gira-mundial-masiva-2026-2027.jpg","keywords":["anuncia","BTS","gira","masiva","mundial"],"articleSection":["El \u00faltimo"],"inLanguage":"es-AR"},{"@type":"WebPage","@id":"https:\/\/web.consaguirre.com.ar\/noticias\/bts-anuncia-gira-mundial-masiva-2026-2027\/","url":"https:\/\/web.consaguirre.com.ar\/noticias\/bts-anuncia-gira-mundial-masiva-2026-2027\/","name":"BTS anuncia gira mundial masiva 2026-2027","isPartOf":{"@id":"https:\/\/web.consaguirre.com.ar\/noticias\/#website"},"primaryImageOfPage":{"@id":"https:\/\/web.consaguirre.com.ar\/noticias\/bts-anuncia-gira-mundial-masiva-2026-2027\/#primaryimage"},"image":{"@id":"https:\/\/web.consaguirre.com.ar\/noticias\/bts-anuncia-gira-mundial-masiva-2026-2027\/#primaryimage"},"thumbnailUrl":"https:\/\/web.consaguirre.com.ar\/noticias\/wp-content\/uploads\/2026\/01\/BTS-anuncia-gira-mundial-masiva-2026-2027.jpg","datePublished":"2026-01-14T20:39:53+00:00","dateModified":"2026-01-14T20:39:53+00:00","breadcrumb":{"@id":"https:\/\/web.consaguirre.com.ar\/noticias\/bts-anuncia-gira-mundial-masiva-2026-2027\/#breadcrumb"},"inLanguage":"es-AR","potentialAction":[{"@type":"ReadAction","target":["https:\/\/web.consaguirre.com.ar\/noticias\/bts-anuncia-gira-mundial-masiva-2026-2027\/"]}]},{"@type":"ImageObject","inLanguage":"es-AR","@id":"https:\/\/web.consaguirre.com.ar\/noticias\/bts-anuncia-gira-mundial-masiva-2026-2027\/#primaryimage","url":"https:\/\/web.consaguirre.com.ar\/noticias\/wp-content\/uploads\/2026\/01\/BTS-anuncia-gira-mundial-masiva-2026-2027.jpg","contentUrl":"https:\/\/web.consaguirre.com.ar\/noticias\/wp-content\/uploads\/2026\/01\/BTS-anuncia-gira-mundial-masiva-2026-2027.jpg","width":1000,"height":600,"caption":"BTS photo courtesy of HYBE"},{"@type":"BreadcrumbList","@id":"https:\/\/web.consaguirre.com.ar\/noticias\/bts-anuncia-gira-mundial-masiva-2026-2027\/#breadcrumb","itemListElement":[{"@type":"ListItem","position":1,"name":"Inicio","item":"https:\/\/web.consaguirre.com.ar\/noticias\/"},{"@type":"ListItem","position":2,"name":"BTS anuncia gira mundial masiva 2026-2027"}]},{"@type":"WebSite","@id":"https:\/\/web.consaguirre.com.ar\/noticias\/#website","url":"https:\/\/web.consaguirre.com.ar\/noticias\/","name":"Conservatorio de M\u00fasica Juli\u00e1n Aguirre","description":"","publisher":{"@id":"https:\/\/web.consaguirre.com.ar\/noticias\/#organization"},"potentialAction":[{"@type":"SearchAction","target":{"@type":"EntryPoint","urlTemplate":"https:\/\/web.consaguirre.com.ar\/noticias\/?s={search_term_string}"},"query-input":"required name=search_term_string"}],"inLanguage":"es-AR"},{"@type":"Organization","@id":"https:\/\/web.consaguirre.com.ar\/noticias\/#organization","name":"Conservatorio de M\u00fasica Juli\u00e1n Aguirre","url":"https:\/\/web.consaguirre.com.ar\/noticias\/","logo":{"@type":"ImageObject","inLanguage":"es-AR","@id":"https:\/\/web.consaguirre.com.ar\/noticias\/#\/schema\/logo\/image\/","url":"https:\/\/web.consaguirre.com.ar\/noticias\/wp-content\/uploads\/2024\/08\/Banner-Aguirre-23.jpg","contentUrl":"https:\/\/web.consaguirre.com.ar\/noticias\/wp-content\/uploads\/2024\/08\/Banner-Aguirre-23.jpg","width":1192,"height":600,"caption":"Conservatorio de M\u00fasica Juli\u00e1n Aguirre"},"image":{"@id":"https:\/\/web.consaguirre.com.ar\/noticias\/#\/schema\/logo\/image\/"}},{"@type":"Person","@id":"https:\/\/web.consaguirre.com.ar\/noticias\/#\/schema\/person\/6558b0cfedee7ddc5425602b237d5722","name":"Javier Figueroa","image":{"@type":"ImageObject","inLanguage":"es-AR","@id":"https:\/\/web.consaguirre.com.ar\/noticias\/#\/schema\/person\/image\/","url":"https:\/\/web.consaguirre.com.ar\/noticias\/wp-content\/uploads\/2024\/08\/Consaguirre-scaled.jpg","contentUrl":"https:\/\/web.consaguirre.com.ar\/noticias\/wp-content\/uploads\/2024\/08\/Consaguirre-scaled.jpg","caption":"Javier Figueroa"},"description":"Me llamo Javier Figueroa y soy redactor para el sitio oficial del Conservatorio de M\u00fasica Juli\u00e1n Aguirre en Buenos Aires, consaguirre.com. Apasionado por la m\u00fasica y la escritura, me esfuerzo por destacar los talentos y eventos de nuestra prestigiosa instituci\u00f3n. Mi trayectoria se nutre de una profunda admiraci\u00f3n por los artistas, haciendo de cada art\u00edculo una celebraci\u00f3n de la creatividad y la cultura musical.","sameAs":["https:\/\/web.consaguirre.com.ar\/noticias"]}]}},"_links":{"self":[{"href":"https:\/\/web.consaguirre.com.ar\/noticias\/wp-json\/wp\/v2\/posts\/4830"}],"collection":[{"href":"https:\/\/web.consaguirre.com.ar\/noticias\/wp-json\/wp\/v2\/posts"}],"about":[{"href":"https:\/\/web.consaguirre.com.ar\/noticias\/wp-json\/wp\/v2\/types\/post"}],"author":[{"embeddable":true,"href":"https:\/\/web.consaguirre.com.ar\/noticias\/wp-json\/wp\/v2\/users\/1"}],"replies":[{"embeddable":true,"href":"https:\/\/web.consaguirre.com.ar\/noticias\/wp-json\/wp\/v2\/comments?post=4830"}],"version-history":[{"count":1,"href":"https:\/\/web.consaguirre.com.ar\/noticias\/wp-json\/wp\/v2\/posts\/4830\/revisions"}],"predecessor-version":[{"id":4832,"href":"https:\/\/web.consaguirre.com.ar\/noticias\/wp-json\/wp\/v2\/posts\/4830\/revisions\/4832"}],"wp:featuredmedia":[{"embeddable":true,"href":"https:\/\/web.consaguirre.com.ar\/noticias\/wp-json\/wp\/v2\/media\/4831"}],"wp:attachment":[{"href":"https:\/\/web.consaguirre.com.ar\/noticias\/wp-json\/wp\/v2\/media?parent=4830"}],"wp:term":[{"taxonomy":"category","embeddable":true,"href":"https:\/\/web.consaguirre.com.ar\/noticias\/wp-json\/wp\/v2\/categories?post=4830"},{"taxonomy":"post_tag","embeddable":true,"href":"https:\/\/web.consaguirre.com.ar\/noticias\/wp-json\/wp\/v2\/tags?post=4830"}],"curies":[{"name":"wp","href":"https:\/\/api.w.org\/{rel}","templated":true}]}}