{"id":4827,"date":"2026-01-14T14:40:47","date_gmt":"2026-01-14T17:40:47","guid":{"rendered":"https:\/\/web.consaguirre.com.ar\/noticias\/the-style-council-comparte-nueva-cancion-de-la-reedicion-de-cafe-bleu-boy-hairdresser\/"},"modified":"2026-01-14T14:40:48","modified_gmt":"2026-01-14T17:40:48","slug":"the-style-council-comparte-nueva-cancion-de-la-reedicion-de-cafe-bleu-boy-hairdresser","status":"publish","type":"post","link":"https:\/\/web.consaguirre.com.ar\/noticias\/the-style-council-comparte-nueva-cancion-de-la-reedicion-de-cafe-bleu-boy-hairdresser\/","title":{"rendered":"The Style Council comparte nueva canci\u00f3n de la reedici\u00f3n de &#8216;Cafe Bleu&#8217;, &#8216;Boy Hairdresser&#8217;"},"content":{"rendered":"<p>The Style Council ha presentado una nueva canci\u00f3n, \u201cBoy Hairdresser\u201d, antes de la tan esperada reedici\u00f3n de <em>Caf\u00e9 Azul<\/em>. La nueva edici\u00f3n de su ic\u00f3nico debut de 1984 llegar\u00e1 el 30 de enero a trav\u00e9s de Universal Music Recordings.<\/p>\n<p>El nombre de la novela hom\u00f3nima de Joe Orton de 1954, \u201cBoy Hairdresser\u201d fue coescrito por Paul Weller con la artista de Respond Records, Tracie Young. La canci\u00f3n fue lanzada por primera vez por Young como cara B de su sencillo de 1983 &#8220;Give It Some Emotion&#8221;. Esa versi\u00f3n de \u201cBoy Hairdresser\u201d se incluy\u00f3 m\u00e1s tarde en una reedici\u00f3n de su primer LP, <em>Lejos del tipo que sufre<\/em>. Esta nueva versi\u00f3n del Style Council ha sido desenterrada de las b\u00f3vedas y cuenta con la voz de Weller. The Style Council naci\u00f3 poco despu\u00e9s de que Weller disolviera The Jam en 1982. Weller ampli\u00f3 su alcance musical y tem\u00e1tico junto a Mick Talbot en varios sencillos y, finalmente, <em>Caf\u00e9 Azul<\/em><em>.<\/em><\/p>\n<div class=\"uD-YT-container\"><img decoding=\"async\" src=\"https:\/\/web.consaguirre.com.ar\/noticias\/wp-content\/uploads\/2026\/01\/1768412447_256_The-Style-Council-comparte-nueva-cancion-de-la-reedicion-de.jpg\" alt=\"V\u00eddeo de YouTube\"><br \/>Haga clic para cargar v\u00eddeo<\/div>\n<p>Para esta nueva edici\u00f3n de <em>Caf\u00e9 Azul<\/em>The Style Council ha encontrado una serie de tesoros in\u00e9ditos para poblar la reedici\u00f3n, incluidos demos, tomas alternativas y canciones in\u00e9ditas. Adem\u00e1s, el lanzamiento incluye una colecci\u00f3n de sesiones de la BBC y grabaciones en vivo. Adem\u00e1s de la nueva versi\u00f3n de \u201cBoy Hairdresser\u201d, la colecci\u00f3n incluye una versi\u00f3n temprana de 1982 de \u201cLong Hot Summer\u201d y una versi\u00f3n temprana de \u201cSummertime Song\u201d.<\/p>\n<p>El lanzamiento tambi\u00e9n incluye algunas pistas instrumentales in\u00e9ditas de Mick Talbot, incluida una versi\u00f3n inspirada en el jazz de \u201cParty Chambers\u201d y \u201cMick&#8217;s Demo\u201d. Mientras tanto, los lanzamientos en vivo incluyen grabaciones de Gold Diggers de Cheltenham y del Dominion Theatre de Londres, adem\u00e1s de sesiones de BBC Radio One. Esas actuaciones incluyen versiones de \u201cHeadstart for Happiness\u201d, \u201cThe Paris Match\u201d, \u201cLong Hot Summer\u201d y \u201cMy Ever Changing Moods\u201d.<\/p>\n<p><b>Comprar The Style Council&#8217;s <em>Caf\u00e9 Azul<\/em> en vinilo y CD aqu\u00ed.<\/b><\/p>\n","protected":false},"excerpt":{"rendered":"<p>The Style Council ha presentado una nueva canci\u00f3n, \u201cBoy Hairdresser\u201d, antes de la tan esperada reedici\u00f3n de Caf\u00e9 Azul. La nueva edici\u00f3n de su ic\u00f3nico<\/p>\n","protected":false},"author":1,"featured_media":4828,"comment_status":"closed","ping_status":"","sticky":false,"template":"","format":"standard","meta":{"footnotes":""},"categories":[50],"tags":[3497,437,1947,460,201,3499,3738,116,117,3498],"class_list":["post-4827","post","type-post","status-publish","format-standard","has-post-thumbnail","hentry","category-el-ultimo","tag-bleu","tag-boy","tag-cafe","tag-cancion","tag-comparte","tag-council","tag-hairdresser","tag-nueva","tag-reedicion","tag-style","generate-columns","tablet-grid-50","mobile-grid-100","grid-parent","grid-50"],"yoast_head":"<!-- This site is optimized with the Yoast SEO plugin v23.3 - https:\/\/yoast.com\/wordpress\/plugins\/seo\/ -->\n<title>The Style Council comparte nueva canci\u00f3n de la reedici\u00f3n de &#039;Cafe Bleu&#039;, &#039;Boy Hairdresser&#039;<\/title>\n<meta name=\"robots\" content=\"index, follow, max-snippet:-1, max-image-preview:large, max-video-preview:-1\" \/>\n<link rel=\"canonical\" href=\"https:\/\/web.consaguirre.com.ar\/noticias\/the-style-council-comparte-nueva-cancion-de-la-reedicion-de-cafe-bleu-boy-hairdresser\/\" \/>\n<meta property=\"og:locale\" content=\"es_ES\" \/>\n<meta property=\"og:type\" content=\"article\" \/>\n<meta property=\"og:title\" content=\"The Style Council comparte nueva canci\u00f3n de la reedici\u00f3n de &#039;Cafe Bleu&#039;, &#039;Boy Hairdresser&#039;\" \/>\n<meta property=\"og:description\" content=\"The Style Council ha presentado una nueva canci\u00f3n, \u201cBoy Hairdresser\u201d, antes de la tan esperada reedici\u00f3n de Caf\u00e9 Azul. La nueva edici\u00f3n de su ic\u00f3nico\" \/>\n<meta property=\"og:url\" content=\"https:\/\/web.consaguirre.com.ar\/noticias\/the-style-council-comparte-nueva-cancion-de-la-reedicion-de-cafe-bleu-boy-hairdresser\/\" \/>\n<meta property=\"og:site_name\" content=\"Conservatorio de M\u00fasica Juli\u00e1n Aguirre\" \/>\n<meta property=\"article:published_time\" content=\"2026-01-14T17:40:47+00:00\" \/>\n<meta property=\"article:modified_time\" content=\"2026-01-14T17:40:48+00:00\" \/>\n<meta property=\"og:image\" content=\"https:\/\/web.consaguirre.com.ar\/noticias\/wp-content\/uploads\/2026\/01\/The-Style-Council-comparte-nueva-cancion-de-la-reedicion-de.jpg\" \/>\n\t<meta property=\"og:image:width\" content=\"820\" \/>\n\t<meta property=\"og:image:height\" content=\"820\" \/>\n\t<meta property=\"og:image:type\" content=\"image\/jpeg\" \/>\n<meta name=\"author\" content=\"Javier Figueroa\" \/>\n<meta name=\"twitter:card\" content=\"summary_large_image\" \/>\n<meta name=\"twitter:label1\" content=\"Escrito por\" \/>\n\t<meta name=\"twitter:data1\" content=\"Javier Figueroa\" \/>\n\t<meta name=\"twitter:label2\" content=\"Tiempo de lectura\" \/>\n\t<meta name=\"twitter:data2\" content=\"2 minutos\" \/>\n<script type=\"application\/ld+json\" class=\"yoast-schema-graph\">{\"@context\":\"https:\/\/schema.org\",\"@graph\":[{\"@type\":\"Article\",\"@id\":\"https:\/\/web.consaguirre.com.ar\/noticias\/the-style-council-comparte-nueva-cancion-de-la-reedicion-de-cafe-bleu-boy-hairdresser\/#article\",\"isPartOf\":{\"@id\":\"https:\/\/web.consaguirre.com.ar\/noticias\/the-style-council-comparte-nueva-cancion-de-la-reedicion-de-cafe-bleu-boy-hairdresser\/\"},\"author\":{\"name\":\"Javier Figueroa\",\"@id\":\"https:\/\/web.consaguirre.com.ar\/noticias\/#\/schema\/person\/6558b0cfedee7ddc5425602b237d5722\"},\"headline\":\"The Style Council comparte nueva canci\u00f3n de la reedici\u00f3n de &#8216;Cafe Bleu&#8217;, &#8216;Boy Hairdresser&#8217;\",\"datePublished\":\"2026-01-14T17:40:47+00:00\",\"dateModified\":\"2026-01-14T17:40:48+00:00\",\"mainEntityOfPage\":{\"@id\":\"https:\/\/web.consaguirre.com.ar\/noticias\/the-style-council-comparte-nueva-cancion-de-la-reedicion-de-cafe-bleu-boy-hairdresser\/\"},\"wordCount\":354,\"publisher\":{\"@id\":\"https:\/\/web.consaguirre.com.ar\/noticias\/#organization\"},\"image\":{\"@id\":\"https:\/\/web.consaguirre.com.ar\/noticias\/the-style-council-comparte-nueva-cancion-de-la-reedicion-de-cafe-bleu-boy-hairdresser\/#primaryimage\"},\"thumbnailUrl\":\"https:\/\/web.consaguirre.com.ar\/noticias\/wp-content\/uploads\/2026\/01\/The-Style-Council-comparte-nueva-cancion-de-la-reedicion-de.jpg\",\"keywords\":[\"Bleu\",\"Boy\",\"Cafe\",\"canci\u00f3n\",\"comparte\",\"Council\",\"Hairdresser\",\"nueva\",\"reedici\u00f3n\",\"Style\"],\"articleSection\":[\"El \u00faltimo\"],\"inLanguage\":\"es-AR\"},{\"@type\":\"WebPage\",\"@id\":\"https:\/\/web.consaguirre.com.ar\/noticias\/the-style-council-comparte-nueva-cancion-de-la-reedicion-de-cafe-bleu-boy-hairdresser\/\",\"url\":\"https:\/\/web.consaguirre.com.ar\/noticias\/the-style-council-comparte-nueva-cancion-de-la-reedicion-de-cafe-bleu-boy-hairdresser\/\",\"name\":\"The Style Council comparte nueva canci\u00f3n de la reedici\u00f3n de 'Cafe Bleu', 'Boy Hairdresser'\",\"isPartOf\":{\"@id\":\"https:\/\/web.consaguirre.com.ar\/noticias\/#website\"},\"primaryImageOfPage\":{\"@id\":\"https:\/\/web.consaguirre.com.ar\/noticias\/the-style-council-comparte-nueva-cancion-de-la-reedicion-de-cafe-bleu-boy-hairdresser\/#primaryimage\"},\"image\":{\"@id\":\"https:\/\/web.consaguirre.com.ar\/noticias\/the-style-council-comparte-nueva-cancion-de-la-reedicion-de-cafe-bleu-boy-hairdresser\/#primaryimage\"},\"thumbnailUrl\":\"https:\/\/web.consaguirre.com.ar\/noticias\/wp-content\/uploads\/2026\/01\/The-Style-Council-comparte-nueva-cancion-de-la-reedicion-de.jpg\",\"datePublished\":\"2026-01-14T17:40:47+00:00\",\"dateModified\":\"2026-01-14T17:40:48+00:00\",\"breadcrumb\":{\"@id\":\"https:\/\/web.consaguirre.com.ar\/noticias\/the-style-council-comparte-nueva-cancion-de-la-reedicion-de-cafe-bleu-boy-hairdresser\/#breadcrumb\"},\"inLanguage\":\"es-AR\",\"potentialAction\":[{\"@type\":\"ReadAction\",\"target\":[\"https:\/\/web.consaguirre.com.ar\/noticias\/the-style-council-comparte-nueva-cancion-de-la-reedicion-de-cafe-bleu-boy-hairdresser\/\"]}]},{\"@type\":\"ImageObject\",\"inLanguage\":\"es-AR\",\"@id\":\"https:\/\/web.consaguirre.com.ar\/noticias\/the-style-council-comparte-nueva-cancion-de-la-reedicion-de-cafe-bleu-boy-hairdresser\/#primaryimage\",\"url\":\"https:\/\/web.consaguirre.com.ar\/noticias\/wp-content\/uploads\/2026\/01\/The-Style-Council-comparte-nueva-cancion-de-la-reedicion-de.jpg\",\"contentUrl\":\"https:\/\/web.consaguirre.com.ar\/noticias\/wp-content\/uploads\/2026\/01\/The-Style-Council-comparte-nueva-cancion-de-la-reedicion-de.jpg\",\"width\":820,\"height\":820,\"caption\":\"The Style Council Caf\u00e9 Bleu album cover\"},{\"@type\":\"BreadcrumbList\",\"@id\":\"https:\/\/web.consaguirre.com.ar\/noticias\/the-style-council-comparte-nueva-cancion-de-la-reedicion-de-cafe-bleu-boy-hairdresser\/#breadcrumb\",\"itemListElement\":[{\"@type\":\"ListItem\",\"position\":1,\"name\":\"Inicio\",\"item\":\"https:\/\/web.consaguirre.com.ar\/noticias\/\"},{\"@type\":\"ListItem\",\"position\":2,\"name\":\"The Style Council comparte nueva canci\u00f3n de la reedici\u00f3n de &#8216;Cafe Bleu&#8217;, &#8216;Boy Hairdresser&#8217;\"}]},{\"@type\":\"WebSite\",\"@id\":\"https:\/\/web.consaguirre.com.ar\/noticias\/#website\",\"url\":\"https:\/\/web.consaguirre.com.ar\/noticias\/\",\"name\":\"Conservatorio de M\u00fasica Juli\u00e1n Aguirre\",\"description\":\"\",\"publisher\":{\"@id\":\"https:\/\/web.consaguirre.com.ar\/noticias\/#organization\"},\"potentialAction\":[{\"@type\":\"SearchAction\",\"target\":{\"@type\":\"EntryPoint\",\"urlTemplate\":\"https:\/\/web.consaguirre.com.ar\/noticias\/?s={search_term_string}\"},\"query-input\":\"required name=search_term_string\"}],\"inLanguage\":\"es-AR\"},{\"@type\":\"Organization\",\"@id\":\"https:\/\/web.consaguirre.com.ar\/noticias\/#organization\",\"name\":\"Conservatorio de M\u00fasica Juli\u00e1n Aguirre\",\"url\":\"https:\/\/web.consaguirre.com.ar\/noticias\/\",\"logo\":{\"@type\":\"ImageObject\",\"inLanguage\":\"es-AR\",\"@id\":\"https:\/\/web.consaguirre.com.ar\/noticias\/#\/schema\/logo\/image\/\",\"url\":\"https:\/\/web.consaguirre.com.ar\/noticias\/wp-content\/uploads\/2024\/08\/Banner-Aguirre-23.jpg\",\"contentUrl\":\"https:\/\/web.consaguirre.com.ar\/noticias\/wp-content\/uploads\/2024\/08\/Banner-Aguirre-23.jpg\",\"width\":1192,\"height\":600,\"caption\":\"Conservatorio de M\u00fasica Juli\u00e1n Aguirre\"},\"image\":{\"@id\":\"https:\/\/web.consaguirre.com.ar\/noticias\/#\/schema\/logo\/image\/\"}},{\"@type\":\"Person\",\"@id\":\"https:\/\/web.consaguirre.com.ar\/noticias\/#\/schema\/person\/6558b0cfedee7ddc5425602b237d5722\",\"name\":\"Javier Figueroa\",\"image\":{\"@type\":\"ImageObject\",\"inLanguage\":\"es-AR\",\"@id\":\"https:\/\/web.consaguirre.com.ar\/noticias\/#\/schema\/person\/image\/\",\"url\":\"https:\/\/web.consaguirre.com.ar\/noticias\/wp-content\/uploads\/2024\/08\/Consaguirre-scaled.jpg\",\"contentUrl\":\"https:\/\/web.consaguirre.com.ar\/noticias\/wp-content\/uploads\/2024\/08\/Consaguirre-scaled.jpg\",\"caption\":\"Javier Figueroa\"},\"description\":\"Me llamo Javier Figueroa y soy redactor para el sitio oficial del Conservatorio de M\u00fasica Juli\u00e1n Aguirre en Buenos Aires, consaguirre.com. Apasionado por la m\u00fasica y la escritura, me esfuerzo por destacar los talentos y eventos de nuestra prestigiosa instituci\u00f3n. Mi trayectoria se nutre de una profunda admiraci\u00f3n por los artistas, haciendo de cada art\u00edculo una celebraci\u00f3n de la creatividad y la cultura musical.\",\"sameAs\":[\"https:\/\/web.consaguirre.com.ar\/noticias\"]}]}<\/script>\n<!-- \/ Yoast SEO plugin. -->","yoast_head_json":{"title":"The Style Council comparte nueva canci\u00f3n de la reedici\u00f3n de 'Cafe Bleu', 'Boy Hairdresser'","robots":{"index":"index","follow":"follow","max-snippet":"max-snippet:-1","max-image-preview":"max-image-preview:large","max-video-preview":"max-video-preview:-1"},"canonical":"https:\/\/web.consaguirre.com.ar\/noticias\/the-style-council-comparte-nueva-cancion-de-la-reedicion-de-cafe-bleu-boy-hairdresser\/","og_locale":"es_ES","og_type":"article","og_title":"The Style Council comparte nueva canci\u00f3n de la reedici\u00f3n de 'Cafe Bleu', 'Boy Hairdresser'","og_description":"The Style Council ha presentado una nueva canci\u00f3n, \u201cBoy Hairdresser\u201d, antes de la tan esperada reedici\u00f3n de Caf\u00e9 Azul. La nueva edici\u00f3n de su ic\u00f3nico","og_url":"https:\/\/web.consaguirre.com.ar\/noticias\/the-style-council-comparte-nueva-cancion-de-la-reedicion-de-cafe-bleu-boy-hairdresser\/","og_site_name":"Conservatorio de M\u00fasica Juli\u00e1n Aguirre","article_published_time":"2026-01-14T17:40:47+00:00","article_modified_time":"2026-01-14T17:40:48+00:00","og_image":[{"width":820,"height":820,"url":"https:\/\/web.consaguirre.com.ar\/noticias\/wp-content\/uploads\/2026\/01\/The-Style-Council-comparte-nueva-cancion-de-la-reedicion-de.jpg","type":"image\/jpeg"}],"author":"Javier Figueroa","twitter_card":"summary_large_image","twitter_misc":{"Escrito por":"Javier Figueroa","Tiempo de lectura":"2 minutos"},"schema":{"@context":"https:\/\/schema.org","@graph":[{"@type":"Article","@id":"https:\/\/web.consaguirre.com.ar\/noticias\/the-style-council-comparte-nueva-cancion-de-la-reedicion-de-cafe-bleu-boy-hairdresser\/#article","isPartOf":{"@id":"https:\/\/web.consaguirre.com.ar\/noticias\/the-style-council-comparte-nueva-cancion-de-la-reedicion-de-cafe-bleu-boy-hairdresser\/"},"author":{"name":"Javier Figueroa","@id":"https:\/\/web.consaguirre.com.ar\/noticias\/#\/schema\/person\/6558b0cfedee7ddc5425602b237d5722"},"headline":"The Style Council comparte nueva canci\u00f3n de la reedici\u00f3n de &#8216;Cafe Bleu&#8217;, &#8216;Boy Hairdresser&#8217;","datePublished":"2026-01-14T17:40:47+00:00","dateModified":"2026-01-14T17:40:48+00:00","mainEntityOfPage":{"@id":"https:\/\/web.consaguirre.com.ar\/noticias\/the-style-council-comparte-nueva-cancion-de-la-reedicion-de-cafe-bleu-boy-hairdresser\/"},"wordCount":354,"publisher":{"@id":"https:\/\/web.consaguirre.com.ar\/noticias\/#organization"},"image":{"@id":"https:\/\/web.consaguirre.com.ar\/noticias\/the-style-council-comparte-nueva-cancion-de-la-reedicion-de-cafe-bleu-boy-hairdresser\/#primaryimage"},"thumbnailUrl":"https:\/\/web.consaguirre.com.ar\/noticias\/wp-content\/uploads\/2026\/01\/The-Style-Council-comparte-nueva-cancion-de-la-reedicion-de.jpg","keywords":["Bleu","Boy","Cafe","canci\u00f3n","comparte","Council","Hairdresser","nueva","reedici\u00f3n","Style"],"articleSection":["El \u00faltimo"],"inLanguage":"es-AR"},{"@type":"WebPage","@id":"https:\/\/web.consaguirre.com.ar\/noticias\/the-style-council-comparte-nueva-cancion-de-la-reedicion-de-cafe-bleu-boy-hairdresser\/","url":"https:\/\/web.consaguirre.com.ar\/noticias\/the-style-council-comparte-nueva-cancion-de-la-reedicion-de-cafe-bleu-boy-hairdresser\/","name":"The Style Council comparte nueva canci\u00f3n de la reedici\u00f3n de 'Cafe Bleu', 'Boy Hairdresser'","isPartOf":{"@id":"https:\/\/web.consaguirre.com.ar\/noticias\/#website"},"primaryImageOfPage":{"@id":"https:\/\/web.consaguirre.com.ar\/noticias\/the-style-council-comparte-nueva-cancion-de-la-reedicion-de-cafe-bleu-boy-hairdresser\/#primaryimage"},"image":{"@id":"https:\/\/web.consaguirre.com.ar\/noticias\/the-style-council-comparte-nueva-cancion-de-la-reedicion-de-cafe-bleu-boy-hairdresser\/#primaryimage"},"thumbnailUrl":"https:\/\/web.consaguirre.com.ar\/noticias\/wp-content\/uploads\/2026\/01\/The-Style-Council-comparte-nueva-cancion-de-la-reedicion-de.jpg","datePublished":"2026-01-14T17:40:47+00:00","dateModified":"2026-01-14T17:40:48+00:00","breadcrumb":{"@id":"https:\/\/web.consaguirre.com.ar\/noticias\/the-style-council-comparte-nueva-cancion-de-la-reedicion-de-cafe-bleu-boy-hairdresser\/#breadcrumb"},"inLanguage":"es-AR","potentialAction":[{"@type":"ReadAction","target":["https:\/\/web.consaguirre.com.ar\/noticias\/the-style-council-comparte-nueva-cancion-de-la-reedicion-de-cafe-bleu-boy-hairdresser\/"]}]},{"@type":"ImageObject","inLanguage":"es-AR","@id":"https:\/\/web.consaguirre.com.ar\/noticias\/the-style-council-comparte-nueva-cancion-de-la-reedicion-de-cafe-bleu-boy-hairdresser\/#primaryimage","url":"https:\/\/web.consaguirre.com.ar\/noticias\/wp-content\/uploads\/2026\/01\/The-Style-Council-comparte-nueva-cancion-de-la-reedicion-de.jpg","contentUrl":"https:\/\/web.consaguirre.com.ar\/noticias\/wp-content\/uploads\/2026\/01\/The-Style-Council-comparte-nueva-cancion-de-la-reedicion-de.jpg","width":820,"height":820,"caption":"The Style Council Caf\u00e9 Bleu album cover"},{"@type":"BreadcrumbList","@id":"https:\/\/web.consaguirre.com.ar\/noticias\/the-style-council-comparte-nueva-cancion-de-la-reedicion-de-cafe-bleu-boy-hairdresser\/#breadcrumb","itemListElement":[{"@type":"ListItem","position":1,"name":"Inicio","item":"https:\/\/web.consaguirre.com.ar\/noticias\/"},{"@type":"ListItem","position":2,"name":"The Style Council comparte nueva canci\u00f3n de la reedici\u00f3n de &#8216;Cafe Bleu&#8217;, &#8216;Boy Hairdresser&#8217;"}]},{"@type":"WebSite","@id":"https:\/\/web.consaguirre.com.ar\/noticias\/#website","url":"https:\/\/web.consaguirre.com.ar\/noticias\/","name":"Conservatorio de M\u00fasica Juli\u00e1n Aguirre","description":"","publisher":{"@id":"https:\/\/web.consaguirre.com.ar\/noticias\/#organization"},"potentialAction":[{"@type":"SearchAction","target":{"@type":"EntryPoint","urlTemplate":"https:\/\/web.consaguirre.com.ar\/noticias\/?s={search_term_string}"},"query-input":"required name=search_term_string"}],"inLanguage":"es-AR"},{"@type":"Organization","@id":"https:\/\/web.consaguirre.com.ar\/noticias\/#organization","name":"Conservatorio de M\u00fasica Juli\u00e1n Aguirre","url":"https:\/\/web.consaguirre.com.ar\/noticias\/","logo":{"@type":"ImageObject","inLanguage":"es-AR","@id":"https:\/\/web.consaguirre.com.ar\/noticias\/#\/schema\/logo\/image\/","url":"https:\/\/web.consaguirre.com.ar\/noticias\/wp-content\/uploads\/2024\/08\/Banner-Aguirre-23.jpg","contentUrl":"https:\/\/web.consaguirre.com.ar\/noticias\/wp-content\/uploads\/2024\/08\/Banner-Aguirre-23.jpg","width":1192,"height":600,"caption":"Conservatorio de M\u00fasica Juli\u00e1n Aguirre"},"image":{"@id":"https:\/\/web.consaguirre.com.ar\/noticias\/#\/schema\/logo\/image\/"}},{"@type":"Person","@id":"https:\/\/web.consaguirre.com.ar\/noticias\/#\/schema\/person\/6558b0cfedee7ddc5425602b237d5722","name":"Javier Figueroa","image":{"@type":"ImageObject","inLanguage":"es-AR","@id":"https:\/\/web.consaguirre.com.ar\/noticias\/#\/schema\/person\/image\/","url":"https:\/\/web.consaguirre.com.ar\/noticias\/wp-content\/uploads\/2024\/08\/Consaguirre-scaled.jpg","contentUrl":"https:\/\/web.consaguirre.com.ar\/noticias\/wp-content\/uploads\/2024\/08\/Consaguirre-scaled.jpg","caption":"Javier Figueroa"},"description":"Me llamo Javier Figueroa y soy redactor para el sitio oficial del Conservatorio de M\u00fasica Juli\u00e1n Aguirre en Buenos Aires, consaguirre.com. Apasionado por la m\u00fasica y la escritura, me esfuerzo por destacar los talentos y eventos de nuestra prestigiosa instituci\u00f3n. Mi trayectoria se nutre de una profunda admiraci\u00f3n por los artistas, haciendo de cada art\u00edculo una celebraci\u00f3n de la creatividad y la cultura musical.","sameAs":["https:\/\/web.consaguirre.com.ar\/noticias"]}]}},"_links":{"self":[{"href":"https:\/\/web.consaguirre.com.ar\/noticias\/wp-json\/wp\/v2\/posts\/4827"}],"collection":[{"href":"https:\/\/web.consaguirre.com.ar\/noticias\/wp-json\/wp\/v2\/posts"}],"about":[{"href":"https:\/\/web.consaguirre.com.ar\/noticias\/wp-json\/wp\/v2\/types\/post"}],"author":[{"embeddable":true,"href":"https:\/\/web.consaguirre.com.ar\/noticias\/wp-json\/wp\/v2\/users\/1"}],"replies":[{"embeddable":true,"href":"https:\/\/web.consaguirre.com.ar\/noticias\/wp-json\/wp\/v2\/comments?post=4827"}],"version-history":[{"count":1,"href":"https:\/\/web.consaguirre.com.ar\/noticias\/wp-json\/wp\/v2\/posts\/4827\/revisions"}],"predecessor-version":[{"id":4829,"href":"https:\/\/web.consaguirre.com.ar\/noticias\/wp-json\/wp\/v2\/posts\/4827\/revisions\/4829"}],"wp:featuredmedia":[{"embeddable":true,"href":"https:\/\/web.consaguirre.com.ar\/noticias\/wp-json\/wp\/v2\/media\/4828"}],"wp:attachment":[{"href":"https:\/\/web.consaguirre.com.ar\/noticias\/wp-json\/wp\/v2\/media?parent=4827"}],"wp:term":[{"taxonomy":"category","embeddable":true,"href":"https:\/\/web.consaguirre.com.ar\/noticias\/wp-json\/wp\/v2\/categories?post=4827"},{"taxonomy":"post_tag","embeddable":true,"href":"https:\/\/web.consaguirre.com.ar\/noticias\/wp-json\/wp\/v2\/tags?post=4827"}],"curies":[{"name":"wp","href":"https:\/\/api.w.org\/{rel}","templated":true}]}}