{"id":4822,"date":"2026-01-13T20:39:13","date_gmt":"2026-01-13T23:39:13","guid":{"rendered":"https:\/\/web.consaguirre.com.ar\/noticias\/olafur-arnalds-anuncia-gira-mundial-falling-apart-together\/"},"modified":"2026-01-13T20:39:14","modified_gmt":"2026-01-13T23:39:14","slug":"olafur-arnalds-anuncia-gira-mundial-falling-apart-together","status":"publish","type":"post","link":"https:\/\/web.consaguirre.com.ar\/noticias\/olafur-arnalds-anuncia-gira-mundial-falling-apart-together\/","title":{"rendered":"\u00d3lafur Arnalds anuncia gira mundial Falling Apart Together"},"content":{"rendered":"<p>\u00d3lafur Arnalds est\u00e1 a punto de hacer que personas de todo el mundo se desmoronen juntas. El galardonado artista, compositor y productor ha anunciado planes para llevar su espect\u00e1culo inmersivo en vivo Falling Apart Together a ambos lados del Oc\u00e9ano Atl\u00e1ntico, con 19 espect\u00e1culos repartidos por Europa y Am\u00e9rica del Norte.<\/p>\n<p>Arnalds, originario de Mosfellsb\u00e6r, Islandia, es mundialmente conocido por su mezcla de elementos cl\u00e1sicos y electr\u00f3nicos, infundiendo a sus sonidos h\u00edbridos un dinamismo que se remonta a su \u00e9poca como baterista de metal y hardcore. \u00c9l llama al concepto de alta tecnolog\u00eda Falling Apart Together &#8220;un intento de desmantelar la distancia entre nosotros. Un concierto h\u00edbrido que revela las capas que construimos para sentirnos seguros, los momentos en los que esas capas tiemblan y la sensaci\u00f3n de intimidad y humanidad compartida que emerge cuando permitimos que nos expongan&#8221;.<\/p>\n<div class=\"uD-YT-container\"><img decoding=\"async\" src=\"https:\/\/web.consaguirre.com.ar\/noticias\/wp-content\/uploads\/2026\/01\/1768347553_707_Olafur-Arnalds-anuncia-gira-mundial-Falling-Apart-Together.jpg\" alt=\"V\u00eddeo de YouTube\"><br \/>Haga clic para cargar v\u00eddeo<\/div>\n<p>El itinerario de Falling Apart Together comienza en octubre con 13 espect\u00e1culos en Europa, incluidas presentaciones de varias noches en Dubl\u00edn, Londres, Bruselas, \u00c1msterdam y P\u00e9cs, adem\u00e1s de visitas a Par\u00eds, Berl\u00edn y Viena. En noviembre, Arnalds llevar\u00e1 la producci\u00f3n a Norteam\u00e9rica para paradas de una noche en Nueva York, Montreal, Toronto, San Francisco, Los \u00c1ngeles y Ciudad de M\u00e9xico. La preventa para miembros de OPIA Discord, Bandsintown y \u00d3A Newsletter comienza el 19 de enero, y la venta general se lanzar\u00e1 el 21 de enero.<\/p>\n<p>Arnalds acaba de salir del lanzamiento de 2025 de <em>Un amanecer<\/em>su colaboraci\u00f3n de larga duraci\u00f3n con su difunto amigo Eoin French, el m\u00fasico electr\u00f3nico irland\u00e9s conocido como Talos. La pareja hizo el \u00e1lbum juntos en la tierra natal de Arnalds despu\u00e9s de que French cayera enfermo, y Arnalds lo complet\u00f3 despu\u00e9s de la muerte del irland\u00e9s en 2024. Tambi\u00e9n form\u00f3 el proyecto colaborativo SAGES con la cantante sueca Loreen y lanz\u00f3 el EP debut hom\u00f3nimo del proyecto.<\/p>\n<p>Su lanzamiento actual es <em>Flujo 5-6<\/em>la tercera entrega de su serie ambiental Flow. El lanzamiento est\u00e1 limitado a 1.000 copias en vinilo, vendidas exclusivamente a trav\u00e9s de la tienda online de Arnalds. Las copias restantes se vender\u00e1n en espect\u00e1culos durante la gira Falling Apart Together. <em>Flujo 1-2<\/em> fue parte de la caja de lujo para 2018 <em>recordar<\/em>mientras <em>Flujo 3-4<\/em> se incluyeron en la caja para 2020 <em>alg\u00fan tipo de paz<\/em>.<\/p>\n<p><b>Compra m\u00fasica de \u00d3lafur Arnalds en vinilo y CD aqu\u00ed.<\/b><\/p>\n","protected":false},"excerpt":{"rendered":"<p>\u00d3lafur Arnalds est\u00e1 a punto de hacer que personas de todo el mundo se desmoronen juntas. El galardonado artista, compositor y productor ha anunciado planes<\/p>\n","protected":false},"author":1,"featured_media":4823,"comment_status":"closed","ping_status":"","sticky":false,"template":"","format":"standard","meta":{"footnotes":""},"categories":[50],"tags":[56,249,3737,492,584,248],"class_list":["post-4822","post","type-post","status-publish","format-standard","has-post-thumbnail","hentry","category-el-ultimo","tag-anuncia","tag-arnalds","tag-falling","tag-gira","tag-mundial","tag-olafur","generate-columns","tablet-grid-50","mobile-grid-100","grid-parent","grid-50"],"yoast_head":"<!-- This site is optimized with the Yoast SEO plugin v23.3 - https:\/\/yoast.com\/wordpress\/plugins\/seo\/ -->\n<title>\u00d3lafur Arnalds anuncia gira mundial Falling Apart Together<\/title>\n<meta name=\"robots\" content=\"index, follow, max-snippet:-1, max-image-preview:large, max-video-preview:-1\" \/>\n<link rel=\"canonical\" href=\"https:\/\/web.consaguirre.com.ar\/noticias\/olafur-arnalds-anuncia-gira-mundial-falling-apart-together\/\" \/>\n<meta property=\"og:locale\" content=\"es_ES\" \/>\n<meta property=\"og:type\" content=\"article\" \/>\n<meta property=\"og:title\" content=\"\u00d3lafur Arnalds anuncia gira mundial Falling Apart Together\" \/>\n<meta property=\"og:description\" content=\"\u00d3lafur Arnalds est\u00e1 a punto de hacer que personas de todo el mundo se desmoronen juntas. El galardonado artista, compositor y productor ha anunciado planes\" \/>\n<meta property=\"og:url\" content=\"https:\/\/web.consaguirre.com.ar\/noticias\/olafur-arnalds-anuncia-gira-mundial-falling-apart-together\/\" \/>\n<meta property=\"og:site_name\" content=\"Conservatorio de M\u00fasica Juli\u00e1n Aguirre\" \/>\n<meta property=\"article:published_time\" content=\"2026-01-13T23:39:13+00:00\" \/>\n<meta property=\"article:modified_time\" content=\"2026-01-13T23:39:14+00:00\" \/>\n<meta property=\"og:image\" content=\"https:\/\/web.consaguirre.com.ar\/noticias\/wp-content\/uploads\/2026\/01\/Olafur-Arnalds-anuncia-gira-mundial-Falling-Apart-Together.jpg\" \/>\n\t<meta property=\"og:image:width\" content=\"820\" \/>\n\t<meta property=\"og:image:height\" content=\"820\" \/>\n\t<meta property=\"og:image:type\" content=\"image\/jpeg\" \/>\n<meta name=\"author\" content=\"Javier Figueroa\" \/>\n<meta name=\"twitter:card\" content=\"summary_large_image\" \/>\n<meta name=\"twitter:label1\" content=\"Escrito por\" \/>\n\t<meta name=\"twitter:data1\" content=\"Javier Figueroa\" \/>\n\t<meta name=\"twitter:label2\" content=\"Tiempo de lectura\" \/>\n\t<meta name=\"twitter:data2\" content=\"2 minutos\" \/>\n<script type=\"application\/ld+json\" class=\"yoast-schema-graph\">{\"@context\":\"https:\/\/schema.org\",\"@graph\":[{\"@type\":\"Article\",\"@id\":\"https:\/\/web.consaguirre.com.ar\/noticias\/olafur-arnalds-anuncia-gira-mundial-falling-apart-together\/#article\",\"isPartOf\":{\"@id\":\"https:\/\/web.consaguirre.com.ar\/noticias\/olafur-arnalds-anuncia-gira-mundial-falling-apart-together\/\"},\"author\":{\"name\":\"Javier Figueroa\",\"@id\":\"https:\/\/web.consaguirre.com.ar\/noticias\/#\/schema\/person\/6558b0cfedee7ddc5425602b237d5722\"},\"headline\":\"\u00d3lafur Arnalds anuncia gira mundial Falling Apart Together\",\"datePublished\":\"2026-01-13T23:39:13+00:00\",\"dateModified\":\"2026-01-13T23:39:14+00:00\",\"mainEntityOfPage\":{\"@id\":\"https:\/\/web.consaguirre.com.ar\/noticias\/olafur-arnalds-anuncia-gira-mundial-falling-apart-together\/\"},\"wordCount\":424,\"publisher\":{\"@id\":\"https:\/\/web.consaguirre.com.ar\/noticias\/#organization\"},\"image\":{\"@id\":\"https:\/\/web.consaguirre.com.ar\/noticias\/olafur-arnalds-anuncia-gira-mundial-falling-apart-together\/#primaryimage\"},\"thumbnailUrl\":\"https:\/\/web.consaguirre.com.ar\/noticias\/wp-content\/uploads\/2026\/01\/Olafur-Arnalds-anuncia-gira-mundial-Falling-Apart-Together.jpg\",\"keywords\":[\"anuncia\",\"Arnalds\",\"Falling\",\"gira\",\"mundial\",\"\u00d3lafur\"],\"articleSection\":[\"El \u00faltimo\"],\"inLanguage\":\"es-AR\"},{\"@type\":\"WebPage\",\"@id\":\"https:\/\/web.consaguirre.com.ar\/noticias\/olafur-arnalds-anuncia-gira-mundial-falling-apart-together\/\",\"url\":\"https:\/\/web.consaguirre.com.ar\/noticias\/olafur-arnalds-anuncia-gira-mundial-falling-apart-together\/\",\"name\":\"\u00d3lafur Arnalds anuncia gira mundial Falling Apart Together\",\"isPartOf\":{\"@id\":\"https:\/\/web.consaguirre.com.ar\/noticias\/#website\"},\"primaryImageOfPage\":{\"@id\":\"https:\/\/web.consaguirre.com.ar\/noticias\/olafur-arnalds-anuncia-gira-mundial-falling-apart-together\/#primaryimage\"},\"image\":{\"@id\":\"https:\/\/web.consaguirre.com.ar\/noticias\/olafur-arnalds-anuncia-gira-mundial-falling-apart-together\/#primaryimage\"},\"thumbnailUrl\":\"https:\/\/web.consaguirre.com.ar\/noticias\/wp-content\/uploads\/2026\/01\/Olafur-Arnalds-anuncia-gira-mundial-Falling-Apart-Together.jpg\",\"datePublished\":\"2026-01-13T23:39:13+00:00\",\"dateModified\":\"2026-01-13T23:39:14+00:00\",\"breadcrumb\":{\"@id\":\"https:\/\/web.consaguirre.com.ar\/noticias\/olafur-arnalds-anuncia-gira-mundial-falling-apart-together\/#breadcrumb\"},\"inLanguage\":\"es-AR\",\"potentialAction\":[{\"@type\":\"ReadAction\",\"target\":[\"https:\/\/web.consaguirre.com.ar\/noticias\/olafur-arnalds-anuncia-gira-mundial-falling-apart-together\/\"]}]},{\"@type\":\"ImageObject\",\"inLanguage\":\"es-AR\",\"@id\":\"https:\/\/web.consaguirre.com.ar\/noticias\/olafur-arnalds-anuncia-gira-mundial-falling-apart-together\/#primaryimage\",\"url\":\"https:\/\/web.consaguirre.com.ar\/noticias\/wp-content\/uploads\/2026\/01\/Olafur-Arnalds-anuncia-gira-mundial-Falling-Apart-Together.jpg\",\"contentUrl\":\"https:\/\/web.consaguirre.com.ar\/noticias\/wp-content\/uploads\/2026\/01\/Olafur-Arnalds-anuncia-gira-mundial-Falling-Apart-Together.jpg\",\"width\":820,\"height\":820,\"caption\":\"Olafur Arnalds Falling Apart Together\"},{\"@type\":\"BreadcrumbList\",\"@id\":\"https:\/\/web.consaguirre.com.ar\/noticias\/olafur-arnalds-anuncia-gira-mundial-falling-apart-together\/#breadcrumb\",\"itemListElement\":[{\"@type\":\"ListItem\",\"position\":1,\"name\":\"Inicio\",\"item\":\"https:\/\/web.consaguirre.com.ar\/noticias\/\"},{\"@type\":\"ListItem\",\"position\":2,\"name\":\"\u00d3lafur Arnalds anuncia gira mundial Falling Apart Together\"}]},{\"@type\":\"WebSite\",\"@id\":\"https:\/\/web.consaguirre.com.ar\/noticias\/#website\",\"url\":\"https:\/\/web.consaguirre.com.ar\/noticias\/\",\"name\":\"Conservatorio de M\u00fasica Juli\u00e1n Aguirre\",\"description\":\"\",\"publisher\":{\"@id\":\"https:\/\/web.consaguirre.com.ar\/noticias\/#organization\"},\"potentialAction\":[{\"@type\":\"SearchAction\",\"target\":{\"@type\":\"EntryPoint\",\"urlTemplate\":\"https:\/\/web.consaguirre.com.ar\/noticias\/?s={search_term_string}\"},\"query-input\":\"required name=search_term_string\"}],\"inLanguage\":\"es-AR\"},{\"@type\":\"Organization\",\"@id\":\"https:\/\/web.consaguirre.com.ar\/noticias\/#organization\",\"name\":\"Conservatorio de M\u00fasica Juli\u00e1n Aguirre\",\"url\":\"https:\/\/web.consaguirre.com.ar\/noticias\/\",\"logo\":{\"@type\":\"ImageObject\",\"inLanguage\":\"es-AR\",\"@id\":\"https:\/\/web.consaguirre.com.ar\/noticias\/#\/schema\/logo\/image\/\",\"url\":\"https:\/\/web.consaguirre.com.ar\/noticias\/wp-content\/uploads\/2024\/08\/Banner-Aguirre-23.jpg\",\"contentUrl\":\"https:\/\/web.consaguirre.com.ar\/noticias\/wp-content\/uploads\/2024\/08\/Banner-Aguirre-23.jpg\",\"width\":1192,\"height\":600,\"caption\":\"Conservatorio de M\u00fasica Juli\u00e1n Aguirre\"},\"image\":{\"@id\":\"https:\/\/web.consaguirre.com.ar\/noticias\/#\/schema\/logo\/image\/\"}},{\"@type\":\"Person\",\"@id\":\"https:\/\/web.consaguirre.com.ar\/noticias\/#\/schema\/person\/6558b0cfedee7ddc5425602b237d5722\",\"name\":\"Javier Figueroa\",\"image\":{\"@type\":\"ImageObject\",\"inLanguage\":\"es-AR\",\"@id\":\"https:\/\/web.consaguirre.com.ar\/noticias\/#\/schema\/person\/image\/\",\"url\":\"https:\/\/web.consaguirre.com.ar\/noticias\/wp-content\/uploads\/2024\/08\/Consaguirre-scaled.jpg\",\"contentUrl\":\"https:\/\/web.consaguirre.com.ar\/noticias\/wp-content\/uploads\/2024\/08\/Consaguirre-scaled.jpg\",\"caption\":\"Javier Figueroa\"},\"description\":\"Me llamo Javier Figueroa y soy redactor para el sitio oficial del Conservatorio de M\u00fasica Juli\u00e1n Aguirre en Buenos Aires, consaguirre.com. Apasionado por la m\u00fasica y la escritura, me esfuerzo por destacar los talentos y eventos de nuestra prestigiosa instituci\u00f3n. Mi trayectoria se nutre de una profunda admiraci\u00f3n por los artistas, haciendo de cada art\u00edculo una celebraci\u00f3n de la creatividad y la cultura musical.\",\"sameAs\":[\"https:\/\/web.consaguirre.com.ar\/noticias\"]}]}<\/script>\n<!-- \/ Yoast SEO plugin. -->","yoast_head_json":{"title":"\u00d3lafur Arnalds anuncia gira mundial Falling Apart Together","robots":{"index":"index","follow":"follow","max-snippet":"max-snippet:-1","max-image-preview":"max-image-preview:large","max-video-preview":"max-video-preview:-1"},"canonical":"https:\/\/web.consaguirre.com.ar\/noticias\/olafur-arnalds-anuncia-gira-mundial-falling-apart-together\/","og_locale":"es_ES","og_type":"article","og_title":"\u00d3lafur Arnalds anuncia gira mundial Falling Apart Together","og_description":"\u00d3lafur Arnalds est\u00e1 a punto de hacer que personas de todo el mundo se desmoronen juntas. El galardonado artista, compositor y productor ha anunciado planes","og_url":"https:\/\/web.consaguirre.com.ar\/noticias\/olafur-arnalds-anuncia-gira-mundial-falling-apart-together\/","og_site_name":"Conservatorio de M\u00fasica Juli\u00e1n Aguirre","article_published_time":"2026-01-13T23:39:13+00:00","article_modified_time":"2026-01-13T23:39:14+00:00","og_image":[{"width":820,"height":820,"url":"https:\/\/web.consaguirre.com.ar\/noticias\/wp-content\/uploads\/2026\/01\/Olafur-Arnalds-anuncia-gira-mundial-Falling-Apart-Together.jpg","type":"image\/jpeg"}],"author":"Javier Figueroa","twitter_card":"summary_large_image","twitter_misc":{"Escrito por":"Javier Figueroa","Tiempo de lectura":"2 minutos"},"schema":{"@context":"https:\/\/schema.org","@graph":[{"@type":"Article","@id":"https:\/\/web.consaguirre.com.ar\/noticias\/olafur-arnalds-anuncia-gira-mundial-falling-apart-together\/#article","isPartOf":{"@id":"https:\/\/web.consaguirre.com.ar\/noticias\/olafur-arnalds-anuncia-gira-mundial-falling-apart-together\/"},"author":{"name":"Javier Figueroa","@id":"https:\/\/web.consaguirre.com.ar\/noticias\/#\/schema\/person\/6558b0cfedee7ddc5425602b237d5722"},"headline":"\u00d3lafur Arnalds anuncia gira mundial Falling Apart Together","datePublished":"2026-01-13T23:39:13+00:00","dateModified":"2026-01-13T23:39:14+00:00","mainEntityOfPage":{"@id":"https:\/\/web.consaguirre.com.ar\/noticias\/olafur-arnalds-anuncia-gira-mundial-falling-apart-together\/"},"wordCount":424,"publisher":{"@id":"https:\/\/web.consaguirre.com.ar\/noticias\/#organization"},"image":{"@id":"https:\/\/web.consaguirre.com.ar\/noticias\/olafur-arnalds-anuncia-gira-mundial-falling-apart-together\/#primaryimage"},"thumbnailUrl":"https:\/\/web.consaguirre.com.ar\/noticias\/wp-content\/uploads\/2026\/01\/Olafur-Arnalds-anuncia-gira-mundial-Falling-Apart-Together.jpg","keywords":["anuncia","Arnalds","Falling","gira","mundial","\u00d3lafur"],"articleSection":["El \u00faltimo"],"inLanguage":"es-AR"},{"@type":"WebPage","@id":"https:\/\/web.consaguirre.com.ar\/noticias\/olafur-arnalds-anuncia-gira-mundial-falling-apart-together\/","url":"https:\/\/web.consaguirre.com.ar\/noticias\/olafur-arnalds-anuncia-gira-mundial-falling-apart-together\/","name":"\u00d3lafur Arnalds anuncia gira mundial Falling Apart Together","isPartOf":{"@id":"https:\/\/web.consaguirre.com.ar\/noticias\/#website"},"primaryImageOfPage":{"@id":"https:\/\/web.consaguirre.com.ar\/noticias\/olafur-arnalds-anuncia-gira-mundial-falling-apart-together\/#primaryimage"},"image":{"@id":"https:\/\/web.consaguirre.com.ar\/noticias\/olafur-arnalds-anuncia-gira-mundial-falling-apart-together\/#primaryimage"},"thumbnailUrl":"https:\/\/web.consaguirre.com.ar\/noticias\/wp-content\/uploads\/2026\/01\/Olafur-Arnalds-anuncia-gira-mundial-Falling-Apart-Together.jpg","datePublished":"2026-01-13T23:39:13+00:00","dateModified":"2026-01-13T23:39:14+00:00","breadcrumb":{"@id":"https:\/\/web.consaguirre.com.ar\/noticias\/olafur-arnalds-anuncia-gira-mundial-falling-apart-together\/#breadcrumb"},"inLanguage":"es-AR","potentialAction":[{"@type":"ReadAction","target":["https:\/\/web.consaguirre.com.ar\/noticias\/olafur-arnalds-anuncia-gira-mundial-falling-apart-together\/"]}]},{"@type":"ImageObject","inLanguage":"es-AR","@id":"https:\/\/web.consaguirre.com.ar\/noticias\/olafur-arnalds-anuncia-gira-mundial-falling-apart-together\/#primaryimage","url":"https:\/\/web.consaguirre.com.ar\/noticias\/wp-content\/uploads\/2026\/01\/Olafur-Arnalds-anuncia-gira-mundial-Falling-Apart-Together.jpg","contentUrl":"https:\/\/web.consaguirre.com.ar\/noticias\/wp-content\/uploads\/2026\/01\/Olafur-Arnalds-anuncia-gira-mundial-Falling-Apart-Together.jpg","width":820,"height":820,"caption":"Olafur Arnalds Falling Apart Together"},{"@type":"BreadcrumbList","@id":"https:\/\/web.consaguirre.com.ar\/noticias\/olafur-arnalds-anuncia-gira-mundial-falling-apart-together\/#breadcrumb","itemListElement":[{"@type":"ListItem","position":1,"name":"Inicio","item":"https:\/\/web.consaguirre.com.ar\/noticias\/"},{"@type":"ListItem","position":2,"name":"\u00d3lafur Arnalds anuncia gira mundial Falling Apart Together"}]},{"@type":"WebSite","@id":"https:\/\/web.consaguirre.com.ar\/noticias\/#website","url":"https:\/\/web.consaguirre.com.ar\/noticias\/","name":"Conservatorio de M\u00fasica Juli\u00e1n Aguirre","description":"","publisher":{"@id":"https:\/\/web.consaguirre.com.ar\/noticias\/#organization"},"potentialAction":[{"@type":"SearchAction","target":{"@type":"EntryPoint","urlTemplate":"https:\/\/web.consaguirre.com.ar\/noticias\/?s={search_term_string}"},"query-input":"required name=search_term_string"}],"inLanguage":"es-AR"},{"@type":"Organization","@id":"https:\/\/web.consaguirre.com.ar\/noticias\/#organization","name":"Conservatorio de M\u00fasica Juli\u00e1n Aguirre","url":"https:\/\/web.consaguirre.com.ar\/noticias\/","logo":{"@type":"ImageObject","inLanguage":"es-AR","@id":"https:\/\/web.consaguirre.com.ar\/noticias\/#\/schema\/logo\/image\/","url":"https:\/\/web.consaguirre.com.ar\/noticias\/wp-content\/uploads\/2024\/08\/Banner-Aguirre-23.jpg","contentUrl":"https:\/\/web.consaguirre.com.ar\/noticias\/wp-content\/uploads\/2024\/08\/Banner-Aguirre-23.jpg","width":1192,"height":600,"caption":"Conservatorio de M\u00fasica Juli\u00e1n Aguirre"},"image":{"@id":"https:\/\/web.consaguirre.com.ar\/noticias\/#\/schema\/logo\/image\/"}},{"@type":"Person","@id":"https:\/\/web.consaguirre.com.ar\/noticias\/#\/schema\/person\/6558b0cfedee7ddc5425602b237d5722","name":"Javier Figueroa","image":{"@type":"ImageObject","inLanguage":"es-AR","@id":"https:\/\/web.consaguirre.com.ar\/noticias\/#\/schema\/person\/image\/","url":"https:\/\/web.consaguirre.com.ar\/noticias\/wp-content\/uploads\/2024\/08\/Consaguirre-scaled.jpg","contentUrl":"https:\/\/web.consaguirre.com.ar\/noticias\/wp-content\/uploads\/2024\/08\/Consaguirre-scaled.jpg","caption":"Javier Figueroa"},"description":"Me llamo Javier Figueroa y soy redactor para el sitio oficial del Conservatorio de M\u00fasica Juli\u00e1n Aguirre en Buenos Aires, consaguirre.com. Apasionado por la m\u00fasica y la escritura, me esfuerzo por destacar los talentos y eventos de nuestra prestigiosa instituci\u00f3n. Mi trayectoria se nutre de una profunda admiraci\u00f3n por los artistas, haciendo de cada art\u00edculo una celebraci\u00f3n de la creatividad y la cultura musical.","sameAs":["https:\/\/web.consaguirre.com.ar\/noticias"]}]}},"_links":{"self":[{"href":"https:\/\/web.consaguirre.com.ar\/noticias\/wp-json\/wp\/v2\/posts\/4822"}],"collection":[{"href":"https:\/\/web.consaguirre.com.ar\/noticias\/wp-json\/wp\/v2\/posts"}],"about":[{"href":"https:\/\/web.consaguirre.com.ar\/noticias\/wp-json\/wp\/v2\/types\/post"}],"author":[{"embeddable":true,"href":"https:\/\/web.consaguirre.com.ar\/noticias\/wp-json\/wp\/v2\/users\/1"}],"replies":[{"embeddable":true,"href":"https:\/\/web.consaguirre.com.ar\/noticias\/wp-json\/wp\/v2\/comments?post=4822"}],"version-history":[{"count":1,"href":"https:\/\/web.consaguirre.com.ar\/noticias\/wp-json\/wp\/v2\/posts\/4822\/revisions"}],"predecessor-version":[{"id":4824,"href":"https:\/\/web.consaguirre.com.ar\/noticias\/wp-json\/wp\/v2\/posts\/4822\/revisions\/4824"}],"wp:featuredmedia":[{"embeddable":true,"href":"https:\/\/web.consaguirre.com.ar\/noticias\/wp-json\/wp\/v2\/media\/4823"}],"wp:attachment":[{"href":"https:\/\/web.consaguirre.com.ar\/noticias\/wp-json\/wp\/v2\/media?parent=4822"}],"wp:term":[{"taxonomy":"category","embeddable":true,"href":"https:\/\/web.consaguirre.com.ar\/noticias\/wp-json\/wp\/v2\/categories?post=4822"},{"taxonomy":"post_tag","embeddable":true,"href":"https:\/\/web.consaguirre.com.ar\/noticias\/wp-json\/wp\/v2\/tags?post=4822"}],"curies":[{"name":"wp","href":"https:\/\/api.w.org\/{rel}","templated":true}]}}