{"id":4817,"date":"2026-01-13T14:42:27","date_gmt":"2026-01-13T17:42:27","guid":{"rendered":"https:\/\/web.consaguirre.com.ar\/noticias\/andrea-bocelli-actuara-en-la-ceremonia-de-apertura-de-los-juegos-olimpicos-de-invierno\/"},"modified":"2026-01-13T14:42:29","modified_gmt":"2026-01-13T17:42:29","slug":"andrea-bocelli-actuara-en-la-ceremonia-de-apertura-de-los-juegos-olimpicos-de-invierno","status":"publish","type":"post","link":"https:\/\/web.consaguirre.com.ar\/noticias\/andrea-bocelli-actuara-en-la-ceremonia-de-apertura-de-los-juegos-olimpicos-de-invierno\/","title":{"rendered":"Andrea Bocelli actuar\u00e1 en la ceremonia de apertura de los Juegos Ol\u00edmpicos de Invierno"},"content":{"rendered":"<p>Los Juegos Ol\u00edmpicos de Invierno de 2026 en Mil\u00e1n y Cortina est\u00e1n a la vuelta de la esquina, y el maestro Andrea Bocelli estar\u00e1 all\u00ed para ayudar a inaugurarlos. El ic\u00f3nico tenor italiano ha sido anunciado como int\u00e9rprete en la ceremonia de apertura, que se llevar\u00e1 a cabo el viernes 6 de febrero en el Estadio Ol\u00edmpico de San Siro en Mil\u00e1n.<\/p>\n<p>La ceremonia se titula Armonia, que en italiano significa &#8220;armon\u00eda&#8221;. Marco Balich, director creativo del evento, explic\u00f3 anteriormente: &#8220;Significa &#8216;reunir&#8217; en t\u00e9rminos musicales, diferentes elementos. Porque hay dos ciudades, Mil\u00e1n y Cortina, ciudad y monta\u00f1a, la armon\u00eda entre el hombre y la naturaleza, entre culturas, personas y diferentes formas de pensar&#8221;.<\/p>\n<div class=\"uD-YT-container\"><img decoding=\"async\" src=\"https:\/\/web.consaguirre.com.ar\/noticias\/wp-content\/uploads\/2026\/01\/1768326147_651_Andrea-Bocelli-actuara-en-la-ceremonia-de-apertura-de-los.jpg\" alt=\"V\u00eddeo de YouTube\"><br \/>Haga clic para cargar v\u00eddeo<\/div>\n<p>Bocelli es el \u00faltimo artista anunciado para la ceremonia de apertura luego de la noticia del mes pasado de que Mariah Carey subir\u00e1 al escenario. Su participaci\u00f3n fue revelada a trav\u00e9s de una publicaci\u00f3n colaborativa de Instagram desde su cuenta y la cuenta oficial de los juegos de Mil\u00e1n y Cortina. &#8220;La m\u00fasica tiene el poder de detener el tiempo y convertir un momento en algo inolvidable&#8221;, se lee en la leyenda de la publicaci\u00f3n. &#8220;Durante la ceremonia de apertura, Armonia unir\u00e1 a Italia y al mundo entero&#8221;.<\/p>\n<p>Esta no ser\u00e1 la primera vez que Bocelli participe en unos Juegos Ol\u00edmpicos. Anteriormente cant\u00f3 en la ceremonia de clausura de los juegos de Torino en 2006. M\u00e1s recientemente, actu\u00f3 durante un tipo diferente de evento deportivo, cantando \u201cWhite Christmas\u201d con su hijo Matteo Bocelli y Snoop Dogg durante la transmisi\u00f3n en vivo del d\u00eda de Navidad de la NFL desde Minneapolis.<\/p>\n<p>Debido a la naturaleza geogr\u00e1ficamente extendida de estos Juegos Ol\u00edmpicos, algunas partes de la Ceremonia de Apertura se llevar\u00e1n a cabo fuera de San Siro. Las ubicaciones auxiliares incluyen Cortina en las monta\u00f1as Dolomitas, Livigno en los Alpes y Predazzo en la provincia de Trento. Los artistas que actuar\u00e1n en estos lugares a\u00fan no se han anunciado.<\/p>\n<p><b>Compre aqu\u00ed nuestra colecci\u00f3n de Andrea Bocelli que incluye vinilos y CD de edici\u00f3n limitada.<\/b><\/p>\n","protected":false},"excerpt":{"rendered":"<p>Los Juegos Ol\u00edmpicos de Invierno de 2026 en Mil\u00e1n y Cortina est\u00e1n a la vuelta de la esquina, y el maestro Andrea Bocelli estar\u00e1 all\u00ed<\/p>\n","protected":false},"author":1,"featured_media":4818,"comment_status":"closed","ping_status":"","sticky":false,"template":"","format":"standard","meta":{"footnotes":""},"categories":[50],"tags":[305,636,3651,637,3650,2089,444,180,445],"class_list":["post-4817","post","type-post","status-publish","format-standard","has-post-thumbnail","hentry","category-el-ultimo","tag-actuara","tag-andrea","tag-apertura","tag-bocelli","tag-ceremonia","tag-invierno","tag-juegos","tag-los","tag-olimpicos","generate-columns","tablet-grid-50","mobile-grid-100","grid-parent","grid-50"],"yoast_head":"<!-- This site is optimized with the Yoast SEO plugin v23.3 - https:\/\/yoast.com\/wordpress\/plugins\/seo\/ -->\n<title>Andrea Bocelli actuar\u00e1 en la ceremonia de apertura de los Juegos Ol\u00edmpicos de Invierno<\/title>\n<meta name=\"robots\" content=\"index, follow, max-snippet:-1, max-image-preview:large, max-video-preview:-1\" \/>\n<link rel=\"canonical\" href=\"https:\/\/web.consaguirre.com.ar\/noticias\/andrea-bocelli-actuara-en-la-ceremonia-de-apertura-de-los-juegos-olimpicos-de-invierno\/\" \/>\n<meta property=\"og:locale\" content=\"es_ES\" \/>\n<meta property=\"og:type\" content=\"article\" \/>\n<meta property=\"og:title\" content=\"Andrea Bocelli actuar\u00e1 en la ceremonia de apertura de los Juegos Ol\u00edmpicos de Invierno\" \/>\n<meta property=\"og:description\" content=\"Los Juegos Ol\u00edmpicos de Invierno de 2026 en Mil\u00e1n y Cortina est\u00e1n a la vuelta de la esquina, y el maestro Andrea Bocelli estar\u00e1 all\u00ed\" \/>\n<meta property=\"og:url\" content=\"https:\/\/web.consaguirre.com.ar\/noticias\/andrea-bocelli-actuara-en-la-ceremonia-de-apertura-de-los-juegos-olimpicos-de-invierno\/\" \/>\n<meta property=\"og:site_name\" content=\"Conservatorio de M\u00fasica Juli\u00e1n Aguirre\" \/>\n<meta property=\"article:published_time\" content=\"2026-01-13T17:42:27+00:00\" \/>\n<meta property=\"article:modified_time\" content=\"2026-01-13T17:42:29+00:00\" \/>\n<meta property=\"og:image\" content=\"https:\/\/web.consaguirre.com.ar\/noticias\/wp-content\/uploads\/2026\/01\/Andrea-Bocelli-actuara-en-la-ceremonia-de-apertura-de-los.jpg\" \/>\n\t<meta property=\"og:image:width\" content=\"1280\" \/>\n\t<meta property=\"og:image:height\" content=\"1280\" \/>\n\t<meta property=\"og:image:type\" content=\"image\/jpeg\" \/>\n<meta name=\"author\" content=\"Javier Figueroa\" \/>\n<meta name=\"twitter:card\" content=\"summary_large_image\" \/>\n<meta name=\"twitter:label1\" content=\"Escrito por\" \/>\n\t<meta name=\"twitter:data1\" content=\"Javier Figueroa\" \/>\n\t<meta name=\"twitter:label2\" content=\"Tiempo de lectura\" \/>\n\t<meta name=\"twitter:data2\" content=\"2 minutos\" \/>\n<script type=\"application\/ld+json\" class=\"yoast-schema-graph\">{\"@context\":\"https:\/\/schema.org\",\"@graph\":[{\"@type\":\"Article\",\"@id\":\"https:\/\/web.consaguirre.com.ar\/noticias\/andrea-bocelli-actuara-en-la-ceremonia-de-apertura-de-los-juegos-olimpicos-de-invierno\/#article\",\"isPartOf\":{\"@id\":\"https:\/\/web.consaguirre.com.ar\/noticias\/andrea-bocelli-actuara-en-la-ceremonia-de-apertura-de-los-juegos-olimpicos-de-invierno\/\"},\"author\":{\"name\":\"Javier Figueroa\",\"@id\":\"https:\/\/web.consaguirre.com.ar\/noticias\/#\/schema\/person\/6558b0cfedee7ddc5425602b237d5722\"},\"headline\":\"Andrea Bocelli actuar\u00e1 en la ceremonia de apertura de los Juegos Ol\u00edmpicos de Invierno\",\"datePublished\":\"2026-01-13T17:42:27+00:00\",\"dateModified\":\"2026-01-13T17:42:29+00:00\",\"mainEntityOfPage\":{\"@id\":\"https:\/\/web.consaguirre.com.ar\/noticias\/andrea-bocelli-actuara-en-la-ceremonia-de-apertura-de-los-juegos-olimpicos-de-invierno\/\"},\"wordCount\":383,\"publisher\":{\"@id\":\"https:\/\/web.consaguirre.com.ar\/noticias\/#organization\"},\"image\":{\"@id\":\"https:\/\/web.consaguirre.com.ar\/noticias\/andrea-bocelli-actuara-en-la-ceremonia-de-apertura-de-los-juegos-olimpicos-de-invierno\/#primaryimage\"},\"thumbnailUrl\":\"https:\/\/web.consaguirre.com.ar\/noticias\/wp-content\/uploads\/2026\/01\/Andrea-Bocelli-actuara-en-la-ceremonia-de-apertura-de-los.jpg\",\"keywords\":[\"actuar\u00e1\",\"Andrea\",\"apertura\",\"Bocelli\",\"ceremonia\",\"invierno\",\"Juegos\",\"los\",\"Ol\u00edmpicos\"],\"articleSection\":[\"El \u00faltimo\"],\"inLanguage\":\"es-AR\"},{\"@type\":\"WebPage\",\"@id\":\"https:\/\/web.consaguirre.com.ar\/noticias\/andrea-bocelli-actuara-en-la-ceremonia-de-apertura-de-los-juegos-olimpicos-de-invierno\/\",\"url\":\"https:\/\/web.consaguirre.com.ar\/noticias\/andrea-bocelli-actuara-en-la-ceremonia-de-apertura-de-los-juegos-olimpicos-de-invierno\/\",\"name\":\"Andrea Bocelli actuar\u00e1 en la ceremonia de apertura de los Juegos Ol\u00edmpicos de Invierno\",\"isPartOf\":{\"@id\":\"https:\/\/web.consaguirre.com.ar\/noticias\/#website\"},\"primaryImageOfPage\":{\"@id\":\"https:\/\/web.consaguirre.com.ar\/noticias\/andrea-bocelli-actuara-en-la-ceremonia-de-apertura-de-los-juegos-olimpicos-de-invierno\/#primaryimage\"},\"image\":{\"@id\":\"https:\/\/web.consaguirre.com.ar\/noticias\/andrea-bocelli-actuara-en-la-ceremonia-de-apertura-de-los-juegos-olimpicos-de-invierno\/#primaryimage\"},\"thumbnailUrl\":\"https:\/\/web.consaguirre.com.ar\/noticias\/wp-content\/uploads\/2026\/01\/Andrea-Bocelli-actuara-en-la-ceremonia-de-apertura-de-los.jpg\",\"datePublished\":\"2026-01-13T17:42:27+00:00\",\"dateModified\":\"2026-01-13T17:42:29+00:00\",\"breadcrumb\":{\"@id\":\"https:\/\/web.consaguirre.com.ar\/noticias\/andrea-bocelli-actuara-en-la-ceremonia-de-apertura-de-los-juegos-olimpicos-de-invierno\/#breadcrumb\"},\"inLanguage\":\"es-AR\",\"potentialAction\":[{\"@type\":\"ReadAction\",\"target\":[\"https:\/\/web.consaguirre.com.ar\/noticias\/andrea-bocelli-actuara-en-la-ceremonia-de-apertura-de-los-juegos-olimpicos-de-invierno\/\"]}]},{\"@type\":\"ImageObject\",\"inLanguage\":\"es-AR\",\"@id\":\"https:\/\/web.consaguirre.com.ar\/noticias\/andrea-bocelli-actuara-en-la-ceremonia-de-apertura-de-los-juegos-olimpicos-de-invierno\/#primaryimage\",\"url\":\"https:\/\/web.consaguirre.com.ar\/noticias\/wp-content\/uploads\/2026\/01\/Andrea-Bocelli-actuara-en-la-ceremonia-de-apertura-de-los.jpg\",\"contentUrl\":\"https:\/\/web.consaguirre.com.ar\/noticias\/wp-content\/uploads\/2026\/01\/Andrea-Bocelli-actuara-en-la-ceremonia-de-apertura-de-los.jpg\",\"width\":1280,\"height\":1280,\"caption\":\"Andrea Bocelli actuar\u00e1 en la ceremonia de apertura de los Juegos Ol\u00edmpicos de Invierno\"},{\"@type\":\"BreadcrumbList\",\"@id\":\"https:\/\/web.consaguirre.com.ar\/noticias\/andrea-bocelli-actuara-en-la-ceremonia-de-apertura-de-los-juegos-olimpicos-de-invierno\/#breadcrumb\",\"itemListElement\":[{\"@type\":\"ListItem\",\"position\":1,\"name\":\"Inicio\",\"item\":\"https:\/\/web.consaguirre.com.ar\/noticias\/\"},{\"@type\":\"ListItem\",\"position\":2,\"name\":\"Andrea Bocelli actuar\u00e1 en la ceremonia de apertura de los Juegos Ol\u00edmpicos de Invierno\"}]},{\"@type\":\"WebSite\",\"@id\":\"https:\/\/web.consaguirre.com.ar\/noticias\/#website\",\"url\":\"https:\/\/web.consaguirre.com.ar\/noticias\/\",\"name\":\"Conservatorio de M\u00fasica Juli\u00e1n Aguirre\",\"description\":\"\",\"publisher\":{\"@id\":\"https:\/\/web.consaguirre.com.ar\/noticias\/#organization\"},\"potentialAction\":[{\"@type\":\"SearchAction\",\"target\":{\"@type\":\"EntryPoint\",\"urlTemplate\":\"https:\/\/web.consaguirre.com.ar\/noticias\/?s={search_term_string}\"},\"query-input\":\"required name=search_term_string\"}],\"inLanguage\":\"es-AR\"},{\"@type\":\"Organization\",\"@id\":\"https:\/\/web.consaguirre.com.ar\/noticias\/#organization\",\"name\":\"Conservatorio de M\u00fasica Juli\u00e1n Aguirre\",\"url\":\"https:\/\/web.consaguirre.com.ar\/noticias\/\",\"logo\":{\"@type\":\"ImageObject\",\"inLanguage\":\"es-AR\",\"@id\":\"https:\/\/web.consaguirre.com.ar\/noticias\/#\/schema\/logo\/image\/\",\"url\":\"https:\/\/web.consaguirre.com.ar\/noticias\/wp-content\/uploads\/2024\/08\/Banner-Aguirre-23.jpg\",\"contentUrl\":\"https:\/\/web.consaguirre.com.ar\/noticias\/wp-content\/uploads\/2024\/08\/Banner-Aguirre-23.jpg\",\"width\":1192,\"height\":600,\"caption\":\"Conservatorio de M\u00fasica Juli\u00e1n Aguirre\"},\"image\":{\"@id\":\"https:\/\/web.consaguirre.com.ar\/noticias\/#\/schema\/logo\/image\/\"}},{\"@type\":\"Person\",\"@id\":\"https:\/\/web.consaguirre.com.ar\/noticias\/#\/schema\/person\/6558b0cfedee7ddc5425602b237d5722\",\"name\":\"Javier Figueroa\",\"image\":{\"@type\":\"ImageObject\",\"inLanguage\":\"es-AR\",\"@id\":\"https:\/\/web.consaguirre.com.ar\/noticias\/#\/schema\/person\/image\/\",\"url\":\"https:\/\/web.consaguirre.com.ar\/noticias\/wp-content\/uploads\/2024\/08\/Consaguirre-scaled.jpg\",\"contentUrl\":\"https:\/\/web.consaguirre.com.ar\/noticias\/wp-content\/uploads\/2024\/08\/Consaguirre-scaled.jpg\",\"caption\":\"Javier Figueroa\"},\"description\":\"Me llamo Javier Figueroa y soy redactor para el sitio oficial del Conservatorio de M\u00fasica Juli\u00e1n Aguirre en Buenos Aires, consaguirre.com. Apasionado por la m\u00fasica y la escritura, me esfuerzo por destacar los talentos y eventos de nuestra prestigiosa instituci\u00f3n. Mi trayectoria se nutre de una profunda admiraci\u00f3n por los artistas, haciendo de cada art\u00edculo una celebraci\u00f3n de la creatividad y la cultura musical.\",\"sameAs\":[\"https:\/\/web.consaguirre.com.ar\/noticias\"]}]}<\/script>\n<!-- \/ Yoast SEO plugin. -->","yoast_head_json":{"title":"Andrea Bocelli actuar\u00e1 en la ceremonia de apertura de los Juegos Ol\u00edmpicos de Invierno","robots":{"index":"index","follow":"follow","max-snippet":"max-snippet:-1","max-image-preview":"max-image-preview:large","max-video-preview":"max-video-preview:-1"},"canonical":"https:\/\/web.consaguirre.com.ar\/noticias\/andrea-bocelli-actuara-en-la-ceremonia-de-apertura-de-los-juegos-olimpicos-de-invierno\/","og_locale":"es_ES","og_type":"article","og_title":"Andrea Bocelli actuar\u00e1 en la ceremonia de apertura de los Juegos Ol\u00edmpicos de Invierno","og_description":"Los Juegos Ol\u00edmpicos de Invierno de 2026 en Mil\u00e1n y Cortina est\u00e1n a la vuelta de la esquina, y el maestro Andrea Bocelli estar\u00e1 all\u00ed","og_url":"https:\/\/web.consaguirre.com.ar\/noticias\/andrea-bocelli-actuara-en-la-ceremonia-de-apertura-de-los-juegos-olimpicos-de-invierno\/","og_site_name":"Conservatorio de M\u00fasica Juli\u00e1n Aguirre","article_published_time":"2026-01-13T17:42:27+00:00","article_modified_time":"2026-01-13T17:42:29+00:00","og_image":[{"width":1280,"height":1280,"url":"https:\/\/web.consaguirre.com.ar\/noticias\/wp-content\/uploads\/2026\/01\/Andrea-Bocelli-actuara-en-la-ceremonia-de-apertura-de-los.jpg","type":"image\/jpeg"}],"author":"Javier Figueroa","twitter_card":"summary_large_image","twitter_misc":{"Escrito por":"Javier Figueroa","Tiempo de lectura":"2 minutos"},"schema":{"@context":"https:\/\/schema.org","@graph":[{"@type":"Article","@id":"https:\/\/web.consaguirre.com.ar\/noticias\/andrea-bocelli-actuara-en-la-ceremonia-de-apertura-de-los-juegos-olimpicos-de-invierno\/#article","isPartOf":{"@id":"https:\/\/web.consaguirre.com.ar\/noticias\/andrea-bocelli-actuara-en-la-ceremonia-de-apertura-de-los-juegos-olimpicos-de-invierno\/"},"author":{"name":"Javier Figueroa","@id":"https:\/\/web.consaguirre.com.ar\/noticias\/#\/schema\/person\/6558b0cfedee7ddc5425602b237d5722"},"headline":"Andrea Bocelli actuar\u00e1 en la ceremonia de apertura de los Juegos Ol\u00edmpicos de Invierno","datePublished":"2026-01-13T17:42:27+00:00","dateModified":"2026-01-13T17:42:29+00:00","mainEntityOfPage":{"@id":"https:\/\/web.consaguirre.com.ar\/noticias\/andrea-bocelli-actuara-en-la-ceremonia-de-apertura-de-los-juegos-olimpicos-de-invierno\/"},"wordCount":383,"publisher":{"@id":"https:\/\/web.consaguirre.com.ar\/noticias\/#organization"},"image":{"@id":"https:\/\/web.consaguirre.com.ar\/noticias\/andrea-bocelli-actuara-en-la-ceremonia-de-apertura-de-los-juegos-olimpicos-de-invierno\/#primaryimage"},"thumbnailUrl":"https:\/\/web.consaguirre.com.ar\/noticias\/wp-content\/uploads\/2026\/01\/Andrea-Bocelli-actuara-en-la-ceremonia-de-apertura-de-los.jpg","keywords":["actuar\u00e1","Andrea","apertura","Bocelli","ceremonia","invierno","Juegos","los","Ol\u00edmpicos"],"articleSection":["El \u00faltimo"],"inLanguage":"es-AR"},{"@type":"WebPage","@id":"https:\/\/web.consaguirre.com.ar\/noticias\/andrea-bocelli-actuara-en-la-ceremonia-de-apertura-de-los-juegos-olimpicos-de-invierno\/","url":"https:\/\/web.consaguirre.com.ar\/noticias\/andrea-bocelli-actuara-en-la-ceremonia-de-apertura-de-los-juegos-olimpicos-de-invierno\/","name":"Andrea Bocelli actuar\u00e1 en la ceremonia de apertura de los Juegos Ol\u00edmpicos de Invierno","isPartOf":{"@id":"https:\/\/web.consaguirre.com.ar\/noticias\/#website"},"primaryImageOfPage":{"@id":"https:\/\/web.consaguirre.com.ar\/noticias\/andrea-bocelli-actuara-en-la-ceremonia-de-apertura-de-los-juegos-olimpicos-de-invierno\/#primaryimage"},"image":{"@id":"https:\/\/web.consaguirre.com.ar\/noticias\/andrea-bocelli-actuara-en-la-ceremonia-de-apertura-de-los-juegos-olimpicos-de-invierno\/#primaryimage"},"thumbnailUrl":"https:\/\/web.consaguirre.com.ar\/noticias\/wp-content\/uploads\/2026\/01\/Andrea-Bocelli-actuara-en-la-ceremonia-de-apertura-de-los.jpg","datePublished":"2026-01-13T17:42:27+00:00","dateModified":"2026-01-13T17:42:29+00:00","breadcrumb":{"@id":"https:\/\/web.consaguirre.com.ar\/noticias\/andrea-bocelli-actuara-en-la-ceremonia-de-apertura-de-los-juegos-olimpicos-de-invierno\/#breadcrumb"},"inLanguage":"es-AR","potentialAction":[{"@type":"ReadAction","target":["https:\/\/web.consaguirre.com.ar\/noticias\/andrea-bocelli-actuara-en-la-ceremonia-de-apertura-de-los-juegos-olimpicos-de-invierno\/"]}]},{"@type":"ImageObject","inLanguage":"es-AR","@id":"https:\/\/web.consaguirre.com.ar\/noticias\/andrea-bocelli-actuara-en-la-ceremonia-de-apertura-de-los-juegos-olimpicos-de-invierno\/#primaryimage","url":"https:\/\/web.consaguirre.com.ar\/noticias\/wp-content\/uploads\/2026\/01\/Andrea-Bocelli-actuara-en-la-ceremonia-de-apertura-de-los.jpg","contentUrl":"https:\/\/web.consaguirre.com.ar\/noticias\/wp-content\/uploads\/2026\/01\/Andrea-Bocelli-actuara-en-la-ceremonia-de-apertura-de-los.jpg","width":1280,"height":1280,"caption":"Andrea Bocelli actuar\u00e1 en la ceremonia de apertura de los Juegos Ol\u00edmpicos de Invierno"},{"@type":"BreadcrumbList","@id":"https:\/\/web.consaguirre.com.ar\/noticias\/andrea-bocelli-actuara-en-la-ceremonia-de-apertura-de-los-juegos-olimpicos-de-invierno\/#breadcrumb","itemListElement":[{"@type":"ListItem","position":1,"name":"Inicio","item":"https:\/\/web.consaguirre.com.ar\/noticias\/"},{"@type":"ListItem","position":2,"name":"Andrea Bocelli actuar\u00e1 en la ceremonia de apertura de los Juegos Ol\u00edmpicos de Invierno"}]},{"@type":"WebSite","@id":"https:\/\/web.consaguirre.com.ar\/noticias\/#website","url":"https:\/\/web.consaguirre.com.ar\/noticias\/","name":"Conservatorio de M\u00fasica Juli\u00e1n Aguirre","description":"","publisher":{"@id":"https:\/\/web.consaguirre.com.ar\/noticias\/#organization"},"potentialAction":[{"@type":"SearchAction","target":{"@type":"EntryPoint","urlTemplate":"https:\/\/web.consaguirre.com.ar\/noticias\/?s={search_term_string}"},"query-input":"required name=search_term_string"}],"inLanguage":"es-AR"},{"@type":"Organization","@id":"https:\/\/web.consaguirre.com.ar\/noticias\/#organization","name":"Conservatorio de M\u00fasica Juli\u00e1n Aguirre","url":"https:\/\/web.consaguirre.com.ar\/noticias\/","logo":{"@type":"ImageObject","inLanguage":"es-AR","@id":"https:\/\/web.consaguirre.com.ar\/noticias\/#\/schema\/logo\/image\/","url":"https:\/\/web.consaguirre.com.ar\/noticias\/wp-content\/uploads\/2024\/08\/Banner-Aguirre-23.jpg","contentUrl":"https:\/\/web.consaguirre.com.ar\/noticias\/wp-content\/uploads\/2024\/08\/Banner-Aguirre-23.jpg","width":1192,"height":600,"caption":"Conservatorio de M\u00fasica Juli\u00e1n Aguirre"},"image":{"@id":"https:\/\/web.consaguirre.com.ar\/noticias\/#\/schema\/logo\/image\/"}},{"@type":"Person","@id":"https:\/\/web.consaguirre.com.ar\/noticias\/#\/schema\/person\/6558b0cfedee7ddc5425602b237d5722","name":"Javier Figueroa","image":{"@type":"ImageObject","inLanguage":"es-AR","@id":"https:\/\/web.consaguirre.com.ar\/noticias\/#\/schema\/person\/image\/","url":"https:\/\/web.consaguirre.com.ar\/noticias\/wp-content\/uploads\/2024\/08\/Consaguirre-scaled.jpg","contentUrl":"https:\/\/web.consaguirre.com.ar\/noticias\/wp-content\/uploads\/2024\/08\/Consaguirre-scaled.jpg","caption":"Javier Figueroa"},"description":"Me llamo Javier Figueroa y soy redactor para el sitio oficial del Conservatorio de M\u00fasica Juli\u00e1n Aguirre en Buenos Aires, consaguirre.com. Apasionado por la m\u00fasica y la escritura, me esfuerzo por destacar los talentos y eventos de nuestra prestigiosa instituci\u00f3n. Mi trayectoria se nutre de una profunda admiraci\u00f3n por los artistas, haciendo de cada art\u00edculo una celebraci\u00f3n de la creatividad y la cultura musical.","sameAs":["https:\/\/web.consaguirre.com.ar\/noticias"]}]}},"_links":{"self":[{"href":"https:\/\/web.consaguirre.com.ar\/noticias\/wp-json\/wp\/v2\/posts\/4817"}],"collection":[{"href":"https:\/\/web.consaguirre.com.ar\/noticias\/wp-json\/wp\/v2\/posts"}],"about":[{"href":"https:\/\/web.consaguirre.com.ar\/noticias\/wp-json\/wp\/v2\/types\/post"}],"author":[{"embeddable":true,"href":"https:\/\/web.consaguirre.com.ar\/noticias\/wp-json\/wp\/v2\/users\/1"}],"replies":[{"embeddable":true,"href":"https:\/\/web.consaguirre.com.ar\/noticias\/wp-json\/wp\/v2\/comments?post=4817"}],"version-history":[{"count":1,"href":"https:\/\/web.consaguirre.com.ar\/noticias\/wp-json\/wp\/v2\/posts\/4817\/revisions"}],"predecessor-version":[{"id":4819,"href":"https:\/\/web.consaguirre.com.ar\/noticias\/wp-json\/wp\/v2\/posts\/4817\/revisions\/4819"}],"wp:featuredmedia":[{"embeddable":true,"href":"https:\/\/web.consaguirre.com.ar\/noticias\/wp-json\/wp\/v2\/media\/4818"}],"wp:attachment":[{"href":"https:\/\/web.consaguirre.com.ar\/noticias\/wp-json\/wp\/v2\/media?parent=4817"}],"wp:term":[{"taxonomy":"category","embeddable":true,"href":"https:\/\/web.consaguirre.com.ar\/noticias\/wp-json\/wp\/v2\/categories?post=4817"},{"taxonomy":"post_tag","embeddable":true,"href":"https:\/\/web.consaguirre.com.ar\/noticias\/wp-json\/wp\/v2\/tags?post=4817"}],"curies":[{"name":"wp","href":"https:\/\/api.w.org\/{rel}","templated":true}]}}