{"id":4811,"date":"2026-01-13T02:38:07","date_gmt":"2026-01-13T05:38:07","guid":{"rendered":"https:\/\/web.consaguirre.com.ar\/noticias\/ari-lennox-encuentra-su-llama-gemela\/"},"modified":"2026-01-13T02:38:08","modified_gmt":"2026-01-13T05:38:08","slug":"ari-lennox-encuentra-su-llama-gemela","status":"publish","type":"post","link":"https:\/\/web.consaguirre.com.ar\/noticias\/ari-lennox-encuentra-su-llama-gemela\/","title":{"rendered":"Ari Lennox encuentra su &#8216;llama gemela&#8217;"},"content":{"rendered":"<p>Ari Lennox ha compartido una nueva canci\u00f3n para dar la bienvenida al 2026. Producida por Tommy \u201cTBHits\u201d Brown and Leather Jacket, \u201cTwin Flame\u201d es una sensual oda de R&#038;B a la pasi\u00f3n compartida. &#8220;Ooh, me tienes aqu\u00ed actuando diferente&#8221;, canta Lennox. \u201cTwin Flame\u201d ya est\u00e1 disponible a trav\u00e9s de Interscope Records.<\/p>\n<p>\u201cTwin Flame\u201d aparecer\u00e1 en el esperado tercer \u00e1lbum de estudio de Lennox, <em>Vacante<\/em>que llega el 23 de enero de 2026 y ya est\u00e1 disponible para pedidos por adelantado.<\/p>\n<p>Ya se han lanzado varios sencillos del \u00e1lbum, incluidos \u201cUnder The Moon\u201d, \u201cVacancy\u201d y \u201cSoft Girl Era\u201d.<\/p>\n<div class=\"uD-YT-container\"><img decoding=\"async\" src=\"https:\/\/web.consaguirre.com.ar\/noticias\/wp-content\/uploads\/2026\/01\/1768282687_395_Ari-Lennox-encuentra-su-llama-gemela.jpg\" alt=\"V\u00eddeo de YouTube\"><br \/>Haga clic para cargar v\u00eddeo<\/div>\n<p>La canci\u00f3n principal reuni\u00f3 a Lennox con los creadores de \u00e9xitos Jermaine Dupri y Bryan-Michael Cox, el mismo d\u00fao poderoso detr\u00e1s de su \u00e9xito &#8220;Pressure&#8221;, certificado por la RIAA y que lleg\u00f3 a las listas de Billboard. &#8220;Cari\u00f1o, quiero que llenes esta vacante. Pasa. Quiero que te mudes a este espacio conmigo esta noche&#8221;, canta en el gancho de &#8220;Vacancy&#8221;.<\/p>\n<p><em>Vacante<\/em> es el seguimiento de Lennox a 2022 <em>edad\/sexo\/ubicaci\u00f3n<\/em>. Hizo su debut de larga duraci\u00f3n en 2019 con <em>Beb\u00e9 de manteca de karit\u00e9<\/em>que cont\u00f3 con colaboraciones con JID y J. Cole. Ambos \u00e1lbumes fueron aclamados por la cr\u00edtica, con <em>Beb\u00e9 de manteca de karit\u00e9<\/em> habiendo sido certificado oro en Estados Unidos.<\/p>\n<p>Lennox fue recientemente una invitada especial durante el concierto Blue Note de Robert Glasper en Los \u00c1ngeles, luego de una presentaci\u00f3n destacada en One Music Fest en Atlanta, donde interpret\u00f3 \u201cVacancy\u201d junto a los favoritos de los fan\u00e1ticos de mayor edad. M\u00e1s tarde, regres\u00f3 al escenario con su compa\u00f1era potencia del R&#038;B Jazmine Sullivan para una interpretaci\u00f3n de su querida colaboraci\u00f3n de 2021, \u201cOn It\u201d. En noviembre, actu\u00f3 en la 80.\u00aa Gala EBONY Power 100, uni\u00e9ndose a la celebraci\u00f3n hist\u00f3rica de la excelencia negra.<\/p>\n<p>En 2024, Lennox lanz\u00f3 el sencillo &#8220;Smoke&#8221;, que result\u00f3 en su sexto top 20 en la lista Adult R&#038;B Airplay de Billboard. Ese mismo a\u00f1o, colabor\u00f3 \u200b\u200bcon Camper en \u201cWar\u201d junto a Jeremih, \u201cStay A while\u201d de Foggieraw y \u201cJUST LIKE THIS\u201d de Jessie Reyez.<\/p>\n<p><b>Comprar Ari Lennox <em>Vacante<\/em> en vinilo aqu\u00ed.<\/b><\/p>\n","protected":false},"excerpt":{"rendered":"<p>Ari Lennox ha compartido una nueva canci\u00f3n para dar la bienvenida al 2026. Producida por Tommy \u201cTBHits\u201d Brown and Leather Jacket, \u201cTwin Flame\u201d es una<\/p>\n","protected":false},"author":1,"featured_media":4812,"comment_status":"closed","ping_status":"","sticky":false,"template":"","format":"standard","meta":{"footnotes":""},"categories":[50],"tags":[3438,2984,3732,3439,1727],"class_list":["post-4811","post","type-post","status-publish","format-standard","has-post-thumbnail","hentry","category-el-ultimo","tag-ari","tag-encuentra","tag-gemela","tag-lennox","tag-llama","generate-columns","tablet-grid-50","mobile-grid-100","grid-parent","grid-50"],"yoast_head":"<!-- This site is optimized with the Yoast SEO plugin v23.3 - https:\/\/yoast.com\/wordpress\/plugins\/seo\/ -->\n<title>Ari Lennox encuentra su &#039;llama gemela&#039;<\/title>\n<meta name=\"robots\" content=\"index, follow, max-snippet:-1, max-image-preview:large, max-video-preview:-1\" \/>\n<link rel=\"canonical\" href=\"https:\/\/web.consaguirre.com.ar\/noticias\/ari-lennox-encuentra-su-llama-gemela\/\" \/>\n<meta property=\"og:locale\" content=\"es_ES\" \/>\n<meta property=\"og:type\" content=\"article\" \/>\n<meta property=\"og:title\" content=\"Ari Lennox encuentra su &#039;llama gemela&#039;\" \/>\n<meta property=\"og:description\" content=\"Ari Lennox ha compartido una nueva canci\u00f3n para dar la bienvenida al 2026. Producida por Tommy \u201cTBHits\u201d Brown and Leather Jacket, \u201cTwin Flame\u201d es una\" \/>\n<meta property=\"og:url\" content=\"https:\/\/web.consaguirre.com.ar\/noticias\/ari-lennox-encuentra-su-llama-gemela\/\" \/>\n<meta property=\"og:site_name\" content=\"Conservatorio de M\u00fasica Juli\u00e1n Aguirre\" \/>\n<meta property=\"article:published_time\" content=\"2026-01-13T05:38:07+00:00\" \/>\n<meta property=\"article:modified_time\" content=\"2026-01-13T05:38:08+00:00\" \/>\n<meta property=\"og:image\" content=\"https:\/\/web.consaguirre.com.ar\/noticias\/wp-content\/uploads\/2026\/01\/Ari-Lennox-encuentra-su-llama-gemela.jpg\" \/>\n\t<meta property=\"og:image:width\" content=\"820\" \/>\n\t<meta property=\"og:image:height\" content=\"820\" \/>\n\t<meta property=\"og:image:type\" content=\"image\/jpeg\" \/>\n<meta name=\"author\" content=\"Javier Figueroa\" \/>\n<meta name=\"twitter:card\" content=\"summary_large_image\" \/>\n<meta name=\"twitter:label1\" content=\"Escrito por\" \/>\n\t<meta name=\"twitter:data1\" content=\"Javier Figueroa\" \/>\n\t<meta name=\"twitter:label2\" content=\"Tiempo de lectura\" \/>\n\t<meta name=\"twitter:data2\" content=\"2 minutos\" \/>\n<script type=\"application\/ld+json\" class=\"yoast-schema-graph\">{\"@context\":\"https:\/\/schema.org\",\"@graph\":[{\"@type\":\"Article\",\"@id\":\"https:\/\/web.consaguirre.com.ar\/noticias\/ari-lennox-encuentra-su-llama-gemela\/#article\",\"isPartOf\":{\"@id\":\"https:\/\/web.consaguirre.com.ar\/noticias\/ari-lennox-encuentra-su-llama-gemela\/\"},\"author\":{\"name\":\"Javier Figueroa\",\"@id\":\"https:\/\/web.consaguirre.com.ar\/noticias\/#\/schema\/person\/6558b0cfedee7ddc5425602b237d5722\"},\"headline\":\"Ari Lennox encuentra su &#8216;llama gemela&#8217;\",\"datePublished\":\"2026-01-13T05:38:07+00:00\",\"dateModified\":\"2026-01-13T05:38:08+00:00\",\"mainEntityOfPage\":{\"@id\":\"https:\/\/web.consaguirre.com.ar\/noticias\/ari-lennox-encuentra-su-llama-gemela\/\"},\"wordCount\":371,\"publisher\":{\"@id\":\"https:\/\/web.consaguirre.com.ar\/noticias\/#organization\"},\"image\":{\"@id\":\"https:\/\/web.consaguirre.com.ar\/noticias\/ari-lennox-encuentra-su-llama-gemela\/#primaryimage\"},\"thumbnailUrl\":\"https:\/\/web.consaguirre.com.ar\/noticias\/wp-content\/uploads\/2026\/01\/Ari-Lennox-encuentra-su-llama-gemela.jpg\",\"keywords\":[\"Ari\",\"encuentra\",\"gemela\",\"Lennox\",\"llama\"],\"articleSection\":[\"El \u00faltimo\"],\"inLanguage\":\"es-AR\"},{\"@type\":\"WebPage\",\"@id\":\"https:\/\/web.consaguirre.com.ar\/noticias\/ari-lennox-encuentra-su-llama-gemela\/\",\"url\":\"https:\/\/web.consaguirre.com.ar\/noticias\/ari-lennox-encuentra-su-llama-gemela\/\",\"name\":\"Ari Lennox encuentra su 'llama gemela'\",\"isPartOf\":{\"@id\":\"https:\/\/web.consaguirre.com.ar\/noticias\/#website\"},\"primaryImageOfPage\":{\"@id\":\"https:\/\/web.consaguirre.com.ar\/noticias\/ari-lennox-encuentra-su-llama-gemela\/#primaryimage\"},\"image\":{\"@id\":\"https:\/\/web.consaguirre.com.ar\/noticias\/ari-lennox-encuentra-su-llama-gemela\/#primaryimage\"},\"thumbnailUrl\":\"https:\/\/web.consaguirre.com.ar\/noticias\/wp-content\/uploads\/2026\/01\/Ari-Lennox-encuentra-su-llama-gemela.jpg\",\"datePublished\":\"2026-01-13T05:38:07+00:00\",\"dateModified\":\"2026-01-13T05:38:08+00:00\",\"breadcrumb\":{\"@id\":\"https:\/\/web.consaguirre.com.ar\/noticias\/ari-lennox-encuentra-su-llama-gemela\/#breadcrumb\"},\"inLanguage\":\"es-AR\",\"potentialAction\":[{\"@type\":\"ReadAction\",\"target\":[\"https:\/\/web.consaguirre.com.ar\/noticias\/ari-lennox-encuentra-su-llama-gemela\/\"]}]},{\"@type\":\"ImageObject\",\"inLanguage\":\"es-AR\",\"@id\":\"https:\/\/web.consaguirre.com.ar\/noticias\/ari-lennox-encuentra-su-llama-gemela\/#primaryimage\",\"url\":\"https:\/\/web.consaguirre.com.ar\/noticias\/wp-content\/uploads\/2026\/01\/Ari-Lennox-encuentra-su-llama-gemela.jpg\",\"contentUrl\":\"https:\/\/web.consaguirre.com.ar\/noticias\/wp-content\/uploads\/2026\/01\/Ari-Lennox-encuentra-su-llama-gemela.jpg\",\"width\":820,\"height\":820,\"caption\":\"Ari Lennox Vacancy album cover\"},{\"@type\":\"BreadcrumbList\",\"@id\":\"https:\/\/web.consaguirre.com.ar\/noticias\/ari-lennox-encuentra-su-llama-gemela\/#breadcrumb\",\"itemListElement\":[{\"@type\":\"ListItem\",\"position\":1,\"name\":\"Inicio\",\"item\":\"https:\/\/web.consaguirre.com.ar\/noticias\/\"},{\"@type\":\"ListItem\",\"position\":2,\"name\":\"Ari Lennox encuentra su &#8216;llama gemela&#8217;\"}]},{\"@type\":\"WebSite\",\"@id\":\"https:\/\/web.consaguirre.com.ar\/noticias\/#website\",\"url\":\"https:\/\/web.consaguirre.com.ar\/noticias\/\",\"name\":\"Conservatorio de M\u00fasica Juli\u00e1n Aguirre\",\"description\":\"\",\"publisher\":{\"@id\":\"https:\/\/web.consaguirre.com.ar\/noticias\/#organization\"},\"potentialAction\":[{\"@type\":\"SearchAction\",\"target\":{\"@type\":\"EntryPoint\",\"urlTemplate\":\"https:\/\/web.consaguirre.com.ar\/noticias\/?s={search_term_string}\"},\"query-input\":\"required name=search_term_string\"}],\"inLanguage\":\"es-AR\"},{\"@type\":\"Organization\",\"@id\":\"https:\/\/web.consaguirre.com.ar\/noticias\/#organization\",\"name\":\"Conservatorio de M\u00fasica Juli\u00e1n Aguirre\",\"url\":\"https:\/\/web.consaguirre.com.ar\/noticias\/\",\"logo\":{\"@type\":\"ImageObject\",\"inLanguage\":\"es-AR\",\"@id\":\"https:\/\/web.consaguirre.com.ar\/noticias\/#\/schema\/logo\/image\/\",\"url\":\"https:\/\/web.consaguirre.com.ar\/noticias\/wp-content\/uploads\/2024\/08\/Banner-Aguirre-23.jpg\",\"contentUrl\":\"https:\/\/web.consaguirre.com.ar\/noticias\/wp-content\/uploads\/2024\/08\/Banner-Aguirre-23.jpg\",\"width\":1192,\"height\":600,\"caption\":\"Conservatorio de M\u00fasica Juli\u00e1n Aguirre\"},\"image\":{\"@id\":\"https:\/\/web.consaguirre.com.ar\/noticias\/#\/schema\/logo\/image\/\"}},{\"@type\":\"Person\",\"@id\":\"https:\/\/web.consaguirre.com.ar\/noticias\/#\/schema\/person\/6558b0cfedee7ddc5425602b237d5722\",\"name\":\"Javier Figueroa\",\"image\":{\"@type\":\"ImageObject\",\"inLanguage\":\"es-AR\",\"@id\":\"https:\/\/web.consaguirre.com.ar\/noticias\/#\/schema\/person\/image\/\",\"url\":\"https:\/\/web.consaguirre.com.ar\/noticias\/wp-content\/uploads\/2024\/08\/Consaguirre-scaled.jpg\",\"contentUrl\":\"https:\/\/web.consaguirre.com.ar\/noticias\/wp-content\/uploads\/2024\/08\/Consaguirre-scaled.jpg\",\"caption\":\"Javier Figueroa\"},\"description\":\"Me llamo Javier Figueroa y soy redactor para el sitio oficial del Conservatorio de M\u00fasica Juli\u00e1n Aguirre en Buenos Aires, consaguirre.com. Apasionado por la m\u00fasica y la escritura, me esfuerzo por destacar los talentos y eventos de nuestra prestigiosa instituci\u00f3n. Mi trayectoria se nutre de una profunda admiraci\u00f3n por los artistas, haciendo de cada art\u00edculo una celebraci\u00f3n de la creatividad y la cultura musical.\",\"sameAs\":[\"https:\/\/web.consaguirre.com.ar\/noticias\"]}]}<\/script>\n<!-- \/ Yoast SEO plugin. -->","yoast_head_json":{"title":"Ari Lennox encuentra su 'llama gemela'","robots":{"index":"index","follow":"follow","max-snippet":"max-snippet:-1","max-image-preview":"max-image-preview:large","max-video-preview":"max-video-preview:-1"},"canonical":"https:\/\/web.consaguirre.com.ar\/noticias\/ari-lennox-encuentra-su-llama-gemela\/","og_locale":"es_ES","og_type":"article","og_title":"Ari Lennox encuentra su 'llama gemela'","og_description":"Ari Lennox ha compartido una nueva canci\u00f3n para dar la bienvenida al 2026. Producida por Tommy \u201cTBHits\u201d Brown and Leather Jacket, \u201cTwin Flame\u201d es una","og_url":"https:\/\/web.consaguirre.com.ar\/noticias\/ari-lennox-encuentra-su-llama-gemela\/","og_site_name":"Conservatorio de M\u00fasica Juli\u00e1n Aguirre","article_published_time":"2026-01-13T05:38:07+00:00","article_modified_time":"2026-01-13T05:38:08+00:00","og_image":[{"width":820,"height":820,"url":"https:\/\/web.consaguirre.com.ar\/noticias\/wp-content\/uploads\/2026\/01\/Ari-Lennox-encuentra-su-llama-gemela.jpg","type":"image\/jpeg"}],"author":"Javier Figueroa","twitter_card":"summary_large_image","twitter_misc":{"Escrito por":"Javier Figueroa","Tiempo de lectura":"2 minutos"},"schema":{"@context":"https:\/\/schema.org","@graph":[{"@type":"Article","@id":"https:\/\/web.consaguirre.com.ar\/noticias\/ari-lennox-encuentra-su-llama-gemela\/#article","isPartOf":{"@id":"https:\/\/web.consaguirre.com.ar\/noticias\/ari-lennox-encuentra-su-llama-gemela\/"},"author":{"name":"Javier Figueroa","@id":"https:\/\/web.consaguirre.com.ar\/noticias\/#\/schema\/person\/6558b0cfedee7ddc5425602b237d5722"},"headline":"Ari Lennox encuentra su &#8216;llama gemela&#8217;","datePublished":"2026-01-13T05:38:07+00:00","dateModified":"2026-01-13T05:38:08+00:00","mainEntityOfPage":{"@id":"https:\/\/web.consaguirre.com.ar\/noticias\/ari-lennox-encuentra-su-llama-gemela\/"},"wordCount":371,"publisher":{"@id":"https:\/\/web.consaguirre.com.ar\/noticias\/#organization"},"image":{"@id":"https:\/\/web.consaguirre.com.ar\/noticias\/ari-lennox-encuentra-su-llama-gemela\/#primaryimage"},"thumbnailUrl":"https:\/\/web.consaguirre.com.ar\/noticias\/wp-content\/uploads\/2026\/01\/Ari-Lennox-encuentra-su-llama-gemela.jpg","keywords":["Ari","encuentra","gemela","Lennox","llama"],"articleSection":["El \u00faltimo"],"inLanguage":"es-AR"},{"@type":"WebPage","@id":"https:\/\/web.consaguirre.com.ar\/noticias\/ari-lennox-encuentra-su-llama-gemela\/","url":"https:\/\/web.consaguirre.com.ar\/noticias\/ari-lennox-encuentra-su-llama-gemela\/","name":"Ari Lennox encuentra su 'llama gemela'","isPartOf":{"@id":"https:\/\/web.consaguirre.com.ar\/noticias\/#website"},"primaryImageOfPage":{"@id":"https:\/\/web.consaguirre.com.ar\/noticias\/ari-lennox-encuentra-su-llama-gemela\/#primaryimage"},"image":{"@id":"https:\/\/web.consaguirre.com.ar\/noticias\/ari-lennox-encuentra-su-llama-gemela\/#primaryimage"},"thumbnailUrl":"https:\/\/web.consaguirre.com.ar\/noticias\/wp-content\/uploads\/2026\/01\/Ari-Lennox-encuentra-su-llama-gemela.jpg","datePublished":"2026-01-13T05:38:07+00:00","dateModified":"2026-01-13T05:38:08+00:00","breadcrumb":{"@id":"https:\/\/web.consaguirre.com.ar\/noticias\/ari-lennox-encuentra-su-llama-gemela\/#breadcrumb"},"inLanguage":"es-AR","potentialAction":[{"@type":"ReadAction","target":["https:\/\/web.consaguirre.com.ar\/noticias\/ari-lennox-encuentra-su-llama-gemela\/"]}]},{"@type":"ImageObject","inLanguage":"es-AR","@id":"https:\/\/web.consaguirre.com.ar\/noticias\/ari-lennox-encuentra-su-llama-gemela\/#primaryimage","url":"https:\/\/web.consaguirre.com.ar\/noticias\/wp-content\/uploads\/2026\/01\/Ari-Lennox-encuentra-su-llama-gemela.jpg","contentUrl":"https:\/\/web.consaguirre.com.ar\/noticias\/wp-content\/uploads\/2026\/01\/Ari-Lennox-encuentra-su-llama-gemela.jpg","width":820,"height":820,"caption":"Ari Lennox Vacancy album cover"},{"@type":"BreadcrumbList","@id":"https:\/\/web.consaguirre.com.ar\/noticias\/ari-lennox-encuentra-su-llama-gemela\/#breadcrumb","itemListElement":[{"@type":"ListItem","position":1,"name":"Inicio","item":"https:\/\/web.consaguirre.com.ar\/noticias\/"},{"@type":"ListItem","position":2,"name":"Ari Lennox encuentra su &#8216;llama gemela&#8217;"}]},{"@type":"WebSite","@id":"https:\/\/web.consaguirre.com.ar\/noticias\/#website","url":"https:\/\/web.consaguirre.com.ar\/noticias\/","name":"Conservatorio de M\u00fasica Juli\u00e1n Aguirre","description":"","publisher":{"@id":"https:\/\/web.consaguirre.com.ar\/noticias\/#organization"},"potentialAction":[{"@type":"SearchAction","target":{"@type":"EntryPoint","urlTemplate":"https:\/\/web.consaguirre.com.ar\/noticias\/?s={search_term_string}"},"query-input":"required name=search_term_string"}],"inLanguage":"es-AR"},{"@type":"Organization","@id":"https:\/\/web.consaguirre.com.ar\/noticias\/#organization","name":"Conservatorio de M\u00fasica Juli\u00e1n Aguirre","url":"https:\/\/web.consaguirre.com.ar\/noticias\/","logo":{"@type":"ImageObject","inLanguage":"es-AR","@id":"https:\/\/web.consaguirre.com.ar\/noticias\/#\/schema\/logo\/image\/","url":"https:\/\/web.consaguirre.com.ar\/noticias\/wp-content\/uploads\/2024\/08\/Banner-Aguirre-23.jpg","contentUrl":"https:\/\/web.consaguirre.com.ar\/noticias\/wp-content\/uploads\/2024\/08\/Banner-Aguirre-23.jpg","width":1192,"height":600,"caption":"Conservatorio de M\u00fasica Juli\u00e1n Aguirre"},"image":{"@id":"https:\/\/web.consaguirre.com.ar\/noticias\/#\/schema\/logo\/image\/"}},{"@type":"Person","@id":"https:\/\/web.consaguirre.com.ar\/noticias\/#\/schema\/person\/6558b0cfedee7ddc5425602b237d5722","name":"Javier Figueroa","image":{"@type":"ImageObject","inLanguage":"es-AR","@id":"https:\/\/web.consaguirre.com.ar\/noticias\/#\/schema\/person\/image\/","url":"https:\/\/web.consaguirre.com.ar\/noticias\/wp-content\/uploads\/2024\/08\/Consaguirre-scaled.jpg","contentUrl":"https:\/\/web.consaguirre.com.ar\/noticias\/wp-content\/uploads\/2024\/08\/Consaguirre-scaled.jpg","caption":"Javier Figueroa"},"description":"Me llamo Javier Figueroa y soy redactor para el sitio oficial del Conservatorio de M\u00fasica Juli\u00e1n Aguirre en Buenos Aires, consaguirre.com. Apasionado por la m\u00fasica y la escritura, me esfuerzo por destacar los talentos y eventos de nuestra prestigiosa instituci\u00f3n. Mi trayectoria se nutre de una profunda admiraci\u00f3n por los artistas, haciendo de cada art\u00edculo una celebraci\u00f3n de la creatividad y la cultura musical.","sameAs":["https:\/\/web.consaguirre.com.ar\/noticias"]}]}},"_links":{"self":[{"href":"https:\/\/web.consaguirre.com.ar\/noticias\/wp-json\/wp\/v2\/posts\/4811"}],"collection":[{"href":"https:\/\/web.consaguirre.com.ar\/noticias\/wp-json\/wp\/v2\/posts"}],"about":[{"href":"https:\/\/web.consaguirre.com.ar\/noticias\/wp-json\/wp\/v2\/types\/post"}],"author":[{"embeddable":true,"href":"https:\/\/web.consaguirre.com.ar\/noticias\/wp-json\/wp\/v2\/users\/1"}],"replies":[{"embeddable":true,"href":"https:\/\/web.consaguirre.com.ar\/noticias\/wp-json\/wp\/v2\/comments?post=4811"}],"version-history":[{"count":1,"href":"https:\/\/web.consaguirre.com.ar\/noticias\/wp-json\/wp\/v2\/posts\/4811\/revisions"}],"predecessor-version":[{"id":4813,"href":"https:\/\/web.consaguirre.com.ar\/noticias\/wp-json\/wp\/v2\/posts\/4811\/revisions\/4813"}],"wp:featuredmedia":[{"embeddable":true,"href":"https:\/\/web.consaguirre.com.ar\/noticias\/wp-json\/wp\/v2\/media\/4812"}],"wp:attachment":[{"href":"https:\/\/web.consaguirre.com.ar\/noticias\/wp-json\/wp\/v2\/media?parent=4811"}],"wp:term":[{"taxonomy":"category","embeddable":true,"href":"https:\/\/web.consaguirre.com.ar\/noticias\/wp-json\/wp\/v2\/categories?post=4811"},{"taxonomy":"post_tag","embeddable":true,"href":"https:\/\/web.consaguirre.com.ar\/noticias\/wp-json\/wp\/v2\/tags?post=4811"}],"curies":[{"name":"wp","href":"https:\/\/api.w.org\/{rel}","templated":true}]}}