{"id":4787,"date":"2026-01-09T17:40:08","date_gmt":"2026-01-09T20:40:08","guid":{"rendered":"https:\/\/web.consaguirre.com.ar\/noticias\/ariana-grande-selena-gomez-y-kate-hudson-entre-los-nominados-a-los-premios-al-actor-2026\/"},"modified":"2026-01-09T17:40:08","modified_gmt":"2026-01-09T20:40:08","slug":"ariana-grande-selena-gomez-y-kate-hudson-entre-los-nominados-a-los-premios-al-actor-2026","status":"publish","type":"post","link":"https:\/\/web.consaguirre.com.ar\/noticias\/ariana-grande-selena-gomez-y-kate-hudson-entre-los-nominados-a-los-premios-al-actor-2026\/","title":{"rendered":"Ariana Grande, Selena Gomez y Kate Hudson entre los nominados a los premios al actor 2026"},"content":{"rendered":"<p>Dos de las mujeres m\u00e1s importantes del pop, Ariana Grande y Selena Gomez, han sido anunciadas como nominadas en la 32\u00aa edici\u00f3n de los Premios Actores presentados por SAG-Aftra, anteriormente conocidos como Premios SAG. Grande est\u00e1 nominada a actriz de reparto por su interpretaci\u00f3n de Glinda en <em>Malvado: para siempre<\/em>mientras que G\u00f3mez est\u00e1 nominada a Reparto en una Serie de Comedia por su trabajo como Mabel en <em>S\u00f3lo asesinatos en el edificio<\/em>.<\/p>\n<p>Esta es la segunda vez que Grande es nominada como actriz de reparto, luego de haber sido nominada por primera vez el a\u00f1o pasado. <em>Malvado<\/em> pel\u00edcula. Grande es el \u00fanico nominado en funciones del <em>Malvado<\/em> serie en los pr\u00f3ximos premios, ya que Cynthia Erivo no entr\u00f3 en la lista de actores principales esta vez. &#8220;Adoro ser parte de esta comunidad y este reconocimiento significa m\u00e1s de lo que las palabras pueden expresar&#8221;, escribi\u00f3 Ariana en una historia de Instagram el d\u00eda que se anunciaron las nominaciones. \u201cComparto esto y todo lo bueno que me pasa a mi <em>Malvado<\/em> familia.&#8221;<\/p>\n<div class=\"uD-YT-container\"><img decoding=\"async\" src=\"https:\/\/web.consaguirre.com.ar\/noticias\/wp-content\/uploads\/2026\/01\/Ariana-Grande-Selena-Gomez-y-Kate-Hudson-entre-los-nominados.jpg\" alt=\"V\u00eddeo de YouTube\"><br \/>Haga clic para cargar v\u00eddeo<\/div>\n<p>G\u00f3mez y el elenco de <em>S\u00f3lo asesinatos en el edificio<\/em> han sido nominados cinco veces consecutivas por Reparto en una Serie de Comedia y se llevaron el premio a casa por primera vez el a\u00f1o pasado. En 2025, Selena tambi\u00e9n fue nominada al Elenco de una Pel\u00edcula por <em>Emilia P\u00e9rez<\/em>.<\/p>\n<p>Otros musicales nominados incluyen a Kate Hudson como actriz en un papel principal por su trabajo en <em>Canci\u00f3n cantada azul<\/em>as\u00ed como a Ethan Hawke como actor masculino en un papel principal por su interpretaci\u00f3n del famoso letrista Lorenz Hart en <em>luna azul<\/em>.<\/p>\n<p>Los quince premios de los Actor Awards en televisi\u00f3n y cine son votados por los m\u00e1s de 160.000 miembros de SAG-AFTRA, lo que lo convierte en el organismo de votaci\u00f3n m\u00e1s grande en el circuito de premios. La 32\u00aa ceremonia anual se celebrar\u00e1 el 1 de marzo de 2026.<\/p>\n<p><b>Compra el <em>Malvado: para siempre<\/em> banda sonora aqu\u00ed.<\/b><\/p>\n","protected":false},"excerpt":{"rendered":"<p>Dos de las mujeres m\u00e1s importantes del pop, Ariana Grande y Selena Gomez, han sido anunciadas como nominadas en la 32\u00aa edici\u00f3n de los Premios<\/p>\n","protected":false},"author":1,"featured_media":3899,"comment_status":"closed","ping_status":"","sticky":false,"template":"","format":"standard","meta":{"footnotes":""},"categories":[50],"tags":[3728,158,1563,1312,159,729,3727,180,1725,821,1311],"class_list":["post-4787","post","type-post","status-publish","format-standard","has-post-thumbnail","hentry","category-el-ultimo","tag-actor","tag-ariana","tag-entre","tag-gomez","tag-grande","tag-hudson","tag-kate","tag-los","tag-nominados","tag-premios","tag-selena","generate-columns","tablet-grid-50","mobile-grid-100","grid-parent","grid-50"],"yoast_head":"<!-- This site is optimized with the Yoast SEO plugin v23.3 - https:\/\/yoast.com\/wordpress\/plugins\/seo\/ -->\n<title>Ariana Grande, Selena Gomez y Kate Hudson entre los nominados a los premios al actor 2026<\/title>\n<meta name=\"robots\" content=\"index, follow, max-snippet:-1, max-image-preview:large, max-video-preview:-1\" \/>\n<link rel=\"canonical\" href=\"https:\/\/web.consaguirre.com.ar\/noticias\/ariana-grande-selena-gomez-y-kate-hudson-entre-los-nominados-a-los-premios-al-actor-2026\/\" \/>\n<meta property=\"og:locale\" content=\"es_ES\" \/>\n<meta property=\"og:type\" content=\"article\" \/>\n<meta property=\"og:title\" content=\"Ariana Grande, Selena Gomez y Kate Hudson entre los nominados a los premios al actor 2026\" \/>\n<meta property=\"og:description\" content=\"Dos de las mujeres m\u00e1s importantes del pop, Ariana Grande y Selena Gomez, han sido anunciadas como nominadas en la 32\u00aa edici\u00f3n de los Premios\" \/>\n<meta property=\"og:url\" content=\"https:\/\/web.consaguirre.com.ar\/noticias\/ariana-grande-selena-gomez-y-kate-hudson-entre-los-nominados-a-los-premios-al-actor-2026\/\" \/>\n<meta property=\"og:site_name\" content=\"Conservatorio de M\u00fasica Juli\u00e1n Aguirre\" \/>\n<meta property=\"article:published_time\" content=\"2026-01-09T20:40:08+00:00\" \/>\n<meta property=\"og:image\" content=\"https:\/\/web.consaguirre.com.ar\/noticias\/wp-content\/uploads\/2025\/10\/Wicked-For-Good-Botnack-revela-la-fecha-de-lanzamiento-y.jpg\" \/>\n\t<meta property=\"og:image:width\" content=\"820\" \/>\n\t<meta property=\"og:image:height\" content=\"820\" \/>\n\t<meta property=\"og:image:type\" content=\"image\/jpeg\" \/>\n<meta name=\"author\" content=\"Javier Figueroa\" \/>\n<meta name=\"twitter:card\" content=\"summary_large_image\" \/>\n<meta name=\"twitter:label1\" content=\"Escrito por\" \/>\n\t<meta name=\"twitter:data1\" content=\"Javier Figueroa\" \/>\n\t<meta name=\"twitter:label2\" content=\"Tiempo de lectura\" \/>\n\t<meta name=\"twitter:data2\" content=\"2 minutos\" \/>\n<script type=\"application\/ld+json\" class=\"yoast-schema-graph\">{\"@context\":\"https:\/\/schema.org\",\"@graph\":[{\"@type\":\"Article\",\"@id\":\"https:\/\/web.consaguirre.com.ar\/noticias\/ariana-grande-selena-gomez-y-kate-hudson-entre-los-nominados-a-los-premios-al-actor-2026\/#article\",\"isPartOf\":{\"@id\":\"https:\/\/web.consaguirre.com.ar\/noticias\/ariana-grande-selena-gomez-y-kate-hudson-entre-los-nominados-a-los-premios-al-actor-2026\/\"},\"author\":{\"name\":\"Javier Figueroa\",\"@id\":\"https:\/\/web.consaguirre.com.ar\/noticias\/#\/schema\/person\/6558b0cfedee7ddc5425602b237d5722\"},\"headline\":\"Ariana Grande, Selena Gomez y Kate Hudson entre los nominados a los premios al actor 2026\",\"datePublished\":\"2026-01-09T20:40:08+00:00\",\"dateModified\":\"2026-01-09T20:40:08+00:00\",\"mainEntityOfPage\":{\"@id\":\"https:\/\/web.consaguirre.com.ar\/noticias\/ariana-grande-selena-gomez-y-kate-hudson-entre-los-nominados-a-los-premios-al-actor-2026\/\"},\"wordCount\":357,\"publisher\":{\"@id\":\"https:\/\/web.consaguirre.com.ar\/noticias\/#organization\"},\"image\":{\"@id\":\"https:\/\/web.consaguirre.com.ar\/noticias\/ariana-grande-selena-gomez-y-kate-hudson-entre-los-nominados-a-los-premios-al-actor-2026\/#primaryimage\"},\"thumbnailUrl\":\"https:\/\/web.consaguirre.com.ar\/noticias\/wp-content\/uploads\/2025\/10\/Wicked-For-Good-Botnack-revela-la-fecha-de-lanzamiento-y.jpg\",\"keywords\":[\"actor\",\"Ariana\",\"entre\",\"Gomez\",\"Grande\",\"Hudson\",\"Kate\",\"los\",\"nominados\",\"premios\",\"Selena\"],\"articleSection\":[\"El \u00faltimo\"],\"inLanguage\":\"es-AR\"},{\"@type\":\"WebPage\",\"@id\":\"https:\/\/web.consaguirre.com.ar\/noticias\/ariana-grande-selena-gomez-y-kate-hudson-entre-los-nominados-a-los-premios-al-actor-2026\/\",\"url\":\"https:\/\/web.consaguirre.com.ar\/noticias\/ariana-grande-selena-gomez-y-kate-hudson-entre-los-nominados-a-los-premios-al-actor-2026\/\",\"name\":\"Ariana Grande, Selena Gomez y Kate Hudson entre los nominados a los premios al actor 2026\",\"isPartOf\":{\"@id\":\"https:\/\/web.consaguirre.com.ar\/noticias\/#website\"},\"primaryImageOfPage\":{\"@id\":\"https:\/\/web.consaguirre.com.ar\/noticias\/ariana-grande-selena-gomez-y-kate-hudson-entre-los-nominados-a-los-premios-al-actor-2026\/#primaryimage\"},\"image\":{\"@id\":\"https:\/\/web.consaguirre.com.ar\/noticias\/ariana-grande-selena-gomez-y-kate-hudson-entre-los-nominados-a-los-premios-al-actor-2026\/#primaryimage\"},\"thumbnailUrl\":\"https:\/\/web.consaguirre.com.ar\/noticias\/wp-content\/uploads\/2025\/10\/Wicked-For-Good-Botnack-revela-la-fecha-de-lanzamiento-y.jpg\",\"datePublished\":\"2026-01-09T20:40:08+00:00\",\"dateModified\":\"2026-01-09T20:40:08+00:00\",\"breadcrumb\":{\"@id\":\"https:\/\/web.consaguirre.com.ar\/noticias\/ariana-grande-selena-gomez-y-kate-hudson-entre-los-nominados-a-los-premios-al-actor-2026\/#breadcrumb\"},\"inLanguage\":\"es-AR\",\"potentialAction\":[{\"@type\":\"ReadAction\",\"target\":[\"https:\/\/web.consaguirre.com.ar\/noticias\/ariana-grande-selena-gomez-y-kate-hudson-entre-los-nominados-a-los-premios-al-actor-2026\/\"]}]},{\"@type\":\"ImageObject\",\"inLanguage\":\"es-AR\",\"@id\":\"https:\/\/web.consaguirre.com.ar\/noticias\/ariana-grande-selena-gomez-y-kate-hudson-entre-los-nominados-a-los-premios-al-actor-2026\/#primaryimage\",\"url\":\"https:\/\/web.consaguirre.com.ar\/noticias\/wp-content\/uploads\/2025\/10\/Wicked-For-Good-Botnack-revela-la-fecha-de-lanzamiento-y.jpg\",\"contentUrl\":\"https:\/\/web.consaguirre.com.ar\/noticias\/wp-content\/uploads\/2025\/10\/Wicked-For-Good-Botnack-revela-la-fecha-de-lanzamiento-y.jpg\",\"width\":820,\"height\":820,\"caption\":\"'Wicked: For Good' Botnack revela la fecha de lanzamiento y la lista de canciones\"},{\"@type\":\"BreadcrumbList\",\"@id\":\"https:\/\/web.consaguirre.com.ar\/noticias\/ariana-grande-selena-gomez-y-kate-hudson-entre-los-nominados-a-los-premios-al-actor-2026\/#breadcrumb\",\"itemListElement\":[{\"@type\":\"ListItem\",\"position\":1,\"name\":\"Inicio\",\"item\":\"https:\/\/web.consaguirre.com.ar\/noticias\/\"},{\"@type\":\"ListItem\",\"position\":2,\"name\":\"Ariana Grande, Selena Gomez y Kate Hudson entre los nominados a los premios al actor 2026\"}]},{\"@type\":\"WebSite\",\"@id\":\"https:\/\/web.consaguirre.com.ar\/noticias\/#website\",\"url\":\"https:\/\/web.consaguirre.com.ar\/noticias\/\",\"name\":\"Conservatorio de M\u00fasica Juli\u00e1n Aguirre\",\"description\":\"\",\"publisher\":{\"@id\":\"https:\/\/web.consaguirre.com.ar\/noticias\/#organization\"},\"potentialAction\":[{\"@type\":\"SearchAction\",\"target\":{\"@type\":\"EntryPoint\",\"urlTemplate\":\"https:\/\/web.consaguirre.com.ar\/noticias\/?s={search_term_string}\"},\"query-input\":\"required name=search_term_string\"}],\"inLanguage\":\"es-AR\"},{\"@type\":\"Organization\",\"@id\":\"https:\/\/web.consaguirre.com.ar\/noticias\/#organization\",\"name\":\"Conservatorio de M\u00fasica Juli\u00e1n Aguirre\",\"url\":\"https:\/\/web.consaguirre.com.ar\/noticias\/\",\"logo\":{\"@type\":\"ImageObject\",\"inLanguage\":\"es-AR\",\"@id\":\"https:\/\/web.consaguirre.com.ar\/noticias\/#\/schema\/logo\/image\/\",\"url\":\"https:\/\/web.consaguirre.com.ar\/noticias\/wp-content\/uploads\/2024\/08\/Banner-Aguirre-23.jpg\",\"contentUrl\":\"https:\/\/web.consaguirre.com.ar\/noticias\/wp-content\/uploads\/2024\/08\/Banner-Aguirre-23.jpg\",\"width\":1192,\"height\":600,\"caption\":\"Conservatorio de M\u00fasica Juli\u00e1n Aguirre\"},\"image\":{\"@id\":\"https:\/\/web.consaguirre.com.ar\/noticias\/#\/schema\/logo\/image\/\"}},{\"@type\":\"Person\",\"@id\":\"https:\/\/web.consaguirre.com.ar\/noticias\/#\/schema\/person\/6558b0cfedee7ddc5425602b237d5722\",\"name\":\"Javier Figueroa\",\"image\":{\"@type\":\"ImageObject\",\"inLanguage\":\"es-AR\",\"@id\":\"https:\/\/web.consaguirre.com.ar\/noticias\/#\/schema\/person\/image\/\",\"url\":\"https:\/\/web.consaguirre.com.ar\/noticias\/wp-content\/uploads\/2024\/08\/Consaguirre-scaled.jpg\",\"contentUrl\":\"https:\/\/web.consaguirre.com.ar\/noticias\/wp-content\/uploads\/2024\/08\/Consaguirre-scaled.jpg\",\"caption\":\"Javier Figueroa\"},\"description\":\"Me llamo Javier Figueroa y soy redactor para el sitio oficial del Conservatorio de M\u00fasica Juli\u00e1n Aguirre en Buenos Aires, consaguirre.com. Apasionado por la m\u00fasica y la escritura, me esfuerzo por destacar los talentos y eventos de nuestra prestigiosa instituci\u00f3n. Mi trayectoria se nutre de una profunda admiraci\u00f3n por los artistas, haciendo de cada art\u00edculo una celebraci\u00f3n de la creatividad y la cultura musical.\",\"sameAs\":[\"https:\/\/web.consaguirre.com.ar\/noticias\"]}]}<\/script>\n<!-- \/ Yoast SEO plugin. -->","yoast_head_json":{"title":"Ariana Grande, Selena Gomez y Kate Hudson entre los nominados a los premios al actor 2026","robots":{"index":"index","follow":"follow","max-snippet":"max-snippet:-1","max-image-preview":"max-image-preview:large","max-video-preview":"max-video-preview:-1"},"canonical":"https:\/\/web.consaguirre.com.ar\/noticias\/ariana-grande-selena-gomez-y-kate-hudson-entre-los-nominados-a-los-premios-al-actor-2026\/","og_locale":"es_ES","og_type":"article","og_title":"Ariana Grande, Selena Gomez y Kate Hudson entre los nominados a los premios al actor 2026","og_description":"Dos de las mujeres m\u00e1s importantes del pop, Ariana Grande y Selena Gomez, han sido anunciadas como nominadas en la 32\u00aa edici\u00f3n de los Premios","og_url":"https:\/\/web.consaguirre.com.ar\/noticias\/ariana-grande-selena-gomez-y-kate-hudson-entre-los-nominados-a-los-premios-al-actor-2026\/","og_site_name":"Conservatorio de M\u00fasica Juli\u00e1n Aguirre","article_published_time":"2026-01-09T20:40:08+00:00","og_image":[{"width":820,"height":820,"url":"https:\/\/web.consaguirre.com.ar\/noticias\/wp-content\/uploads\/2025\/10\/Wicked-For-Good-Botnack-revela-la-fecha-de-lanzamiento-y.jpg","type":"image\/jpeg"}],"author":"Javier Figueroa","twitter_card":"summary_large_image","twitter_misc":{"Escrito por":"Javier Figueroa","Tiempo de lectura":"2 minutos"},"schema":{"@context":"https:\/\/schema.org","@graph":[{"@type":"Article","@id":"https:\/\/web.consaguirre.com.ar\/noticias\/ariana-grande-selena-gomez-y-kate-hudson-entre-los-nominados-a-los-premios-al-actor-2026\/#article","isPartOf":{"@id":"https:\/\/web.consaguirre.com.ar\/noticias\/ariana-grande-selena-gomez-y-kate-hudson-entre-los-nominados-a-los-premios-al-actor-2026\/"},"author":{"name":"Javier Figueroa","@id":"https:\/\/web.consaguirre.com.ar\/noticias\/#\/schema\/person\/6558b0cfedee7ddc5425602b237d5722"},"headline":"Ariana Grande, Selena Gomez y Kate Hudson entre los nominados a los premios al actor 2026","datePublished":"2026-01-09T20:40:08+00:00","dateModified":"2026-01-09T20:40:08+00:00","mainEntityOfPage":{"@id":"https:\/\/web.consaguirre.com.ar\/noticias\/ariana-grande-selena-gomez-y-kate-hudson-entre-los-nominados-a-los-premios-al-actor-2026\/"},"wordCount":357,"publisher":{"@id":"https:\/\/web.consaguirre.com.ar\/noticias\/#organization"},"image":{"@id":"https:\/\/web.consaguirre.com.ar\/noticias\/ariana-grande-selena-gomez-y-kate-hudson-entre-los-nominados-a-los-premios-al-actor-2026\/#primaryimage"},"thumbnailUrl":"https:\/\/web.consaguirre.com.ar\/noticias\/wp-content\/uploads\/2025\/10\/Wicked-For-Good-Botnack-revela-la-fecha-de-lanzamiento-y.jpg","keywords":["actor","Ariana","entre","Gomez","Grande","Hudson","Kate","los","nominados","premios","Selena"],"articleSection":["El \u00faltimo"],"inLanguage":"es-AR"},{"@type":"WebPage","@id":"https:\/\/web.consaguirre.com.ar\/noticias\/ariana-grande-selena-gomez-y-kate-hudson-entre-los-nominados-a-los-premios-al-actor-2026\/","url":"https:\/\/web.consaguirre.com.ar\/noticias\/ariana-grande-selena-gomez-y-kate-hudson-entre-los-nominados-a-los-premios-al-actor-2026\/","name":"Ariana Grande, Selena Gomez y Kate Hudson entre los nominados a los premios al actor 2026","isPartOf":{"@id":"https:\/\/web.consaguirre.com.ar\/noticias\/#website"},"primaryImageOfPage":{"@id":"https:\/\/web.consaguirre.com.ar\/noticias\/ariana-grande-selena-gomez-y-kate-hudson-entre-los-nominados-a-los-premios-al-actor-2026\/#primaryimage"},"image":{"@id":"https:\/\/web.consaguirre.com.ar\/noticias\/ariana-grande-selena-gomez-y-kate-hudson-entre-los-nominados-a-los-premios-al-actor-2026\/#primaryimage"},"thumbnailUrl":"https:\/\/web.consaguirre.com.ar\/noticias\/wp-content\/uploads\/2025\/10\/Wicked-For-Good-Botnack-revela-la-fecha-de-lanzamiento-y.jpg","datePublished":"2026-01-09T20:40:08+00:00","dateModified":"2026-01-09T20:40:08+00:00","breadcrumb":{"@id":"https:\/\/web.consaguirre.com.ar\/noticias\/ariana-grande-selena-gomez-y-kate-hudson-entre-los-nominados-a-los-premios-al-actor-2026\/#breadcrumb"},"inLanguage":"es-AR","potentialAction":[{"@type":"ReadAction","target":["https:\/\/web.consaguirre.com.ar\/noticias\/ariana-grande-selena-gomez-y-kate-hudson-entre-los-nominados-a-los-premios-al-actor-2026\/"]}]},{"@type":"ImageObject","inLanguage":"es-AR","@id":"https:\/\/web.consaguirre.com.ar\/noticias\/ariana-grande-selena-gomez-y-kate-hudson-entre-los-nominados-a-los-premios-al-actor-2026\/#primaryimage","url":"https:\/\/web.consaguirre.com.ar\/noticias\/wp-content\/uploads\/2025\/10\/Wicked-For-Good-Botnack-revela-la-fecha-de-lanzamiento-y.jpg","contentUrl":"https:\/\/web.consaguirre.com.ar\/noticias\/wp-content\/uploads\/2025\/10\/Wicked-For-Good-Botnack-revela-la-fecha-de-lanzamiento-y.jpg","width":820,"height":820,"caption":"'Wicked: For Good' Botnack revela la fecha de lanzamiento y la lista de canciones"},{"@type":"BreadcrumbList","@id":"https:\/\/web.consaguirre.com.ar\/noticias\/ariana-grande-selena-gomez-y-kate-hudson-entre-los-nominados-a-los-premios-al-actor-2026\/#breadcrumb","itemListElement":[{"@type":"ListItem","position":1,"name":"Inicio","item":"https:\/\/web.consaguirre.com.ar\/noticias\/"},{"@type":"ListItem","position":2,"name":"Ariana Grande, Selena Gomez y Kate Hudson entre los nominados a los premios al actor 2026"}]},{"@type":"WebSite","@id":"https:\/\/web.consaguirre.com.ar\/noticias\/#website","url":"https:\/\/web.consaguirre.com.ar\/noticias\/","name":"Conservatorio de M\u00fasica Juli\u00e1n Aguirre","description":"","publisher":{"@id":"https:\/\/web.consaguirre.com.ar\/noticias\/#organization"},"potentialAction":[{"@type":"SearchAction","target":{"@type":"EntryPoint","urlTemplate":"https:\/\/web.consaguirre.com.ar\/noticias\/?s={search_term_string}"},"query-input":"required name=search_term_string"}],"inLanguage":"es-AR"},{"@type":"Organization","@id":"https:\/\/web.consaguirre.com.ar\/noticias\/#organization","name":"Conservatorio de M\u00fasica Juli\u00e1n Aguirre","url":"https:\/\/web.consaguirre.com.ar\/noticias\/","logo":{"@type":"ImageObject","inLanguage":"es-AR","@id":"https:\/\/web.consaguirre.com.ar\/noticias\/#\/schema\/logo\/image\/","url":"https:\/\/web.consaguirre.com.ar\/noticias\/wp-content\/uploads\/2024\/08\/Banner-Aguirre-23.jpg","contentUrl":"https:\/\/web.consaguirre.com.ar\/noticias\/wp-content\/uploads\/2024\/08\/Banner-Aguirre-23.jpg","width":1192,"height":600,"caption":"Conservatorio de M\u00fasica Juli\u00e1n Aguirre"},"image":{"@id":"https:\/\/web.consaguirre.com.ar\/noticias\/#\/schema\/logo\/image\/"}},{"@type":"Person","@id":"https:\/\/web.consaguirre.com.ar\/noticias\/#\/schema\/person\/6558b0cfedee7ddc5425602b237d5722","name":"Javier Figueroa","image":{"@type":"ImageObject","inLanguage":"es-AR","@id":"https:\/\/web.consaguirre.com.ar\/noticias\/#\/schema\/person\/image\/","url":"https:\/\/web.consaguirre.com.ar\/noticias\/wp-content\/uploads\/2024\/08\/Consaguirre-scaled.jpg","contentUrl":"https:\/\/web.consaguirre.com.ar\/noticias\/wp-content\/uploads\/2024\/08\/Consaguirre-scaled.jpg","caption":"Javier Figueroa"},"description":"Me llamo Javier Figueroa y soy redactor para el sitio oficial del Conservatorio de M\u00fasica Juli\u00e1n Aguirre en Buenos Aires, consaguirre.com. Apasionado por la m\u00fasica y la escritura, me esfuerzo por destacar los talentos y eventos de nuestra prestigiosa instituci\u00f3n. Mi trayectoria se nutre de una profunda admiraci\u00f3n por los artistas, haciendo de cada art\u00edculo una celebraci\u00f3n de la creatividad y la cultura musical.","sameAs":["https:\/\/web.consaguirre.com.ar\/noticias"]}]}},"_links":{"self":[{"href":"https:\/\/web.consaguirre.com.ar\/noticias\/wp-json\/wp\/v2\/posts\/4787"}],"collection":[{"href":"https:\/\/web.consaguirre.com.ar\/noticias\/wp-json\/wp\/v2\/posts"}],"about":[{"href":"https:\/\/web.consaguirre.com.ar\/noticias\/wp-json\/wp\/v2\/types\/post"}],"author":[{"embeddable":true,"href":"https:\/\/web.consaguirre.com.ar\/noticias\/wp-json\/wp\/v2\/users\/1"}],"replies":[{"embeddable":true,"href":"https:\/\/web.consaguirre.com.ar\/noticias\/wp-json\/wp\/v2\/comments?post=4787"}],"version-history":[{"count":1,"href":"https:\/\/web.consaguirre.com.ar\/noticias\/wp-json\/wp\/v2\/posts\/4787\/revisions"}],"predecessor-version":[{"id":4788,"href":"https:\/\/web.consaguirre.com.ar\/noticias\/wp-json\/wp\/v2\/posts\/4787\/revisions\/4788"}],"wp:featuredmedia":[{"embeddable":true,"href":"https:\/\/web.consaguirre.com.ar\/noticias\/wp-json\/wp\/v2\/media\/3899"}],"wp:attachment":[{"href":"https:\/\/web.consaguirre.com.ar\/noticias\/wp-json\/wp\/v2\/media?parent=4787"}],"wp:term":[{"taxonomy":"category","embeddable":true,"href":"https:\/\/web.consaguirre.com.ar\/noticias\/wp-json\/wp\/v2\/categories?post=4787"},{"taxonomy":"post_tag","embeddable":true,"href":"https:\/\/web.consaguirre.com.ar\/noticias\/wp-json\/wp\/v2\/tags?post=4787"}],"curies":[{"name":"wp","href":"https:\/\/api.w.org\/{rel}","templated":true}]}}