{"id":4784,"date":"2026-01-09T14:39:47","date_gmt":"2026-01-09T17:39:47","guid":{"rendered":"https:\/\/web.consaguirre.com.ar\/noticias\/decca-estrenara-joan-sutherland-the-operas-1971-1988\/"},"modified":"2026-01-09T14:39:48","modified_gmt":"2026-01-09T17:39:48","slug":"decca-estrenara-joan-sutherland-the-operas-1971-1988","status":"publish","type":"post","link":"https:\/\/web.consaguirre.com.ar\/noticias\/decca-estrenara-joan-sutherland-the-operas-1971-1988\/","title":{"rendered":"Decca estrenar\u00e1 &#8216;Joan Sutherland: The Operas 1971-1988&#8217;"},"content":{"rendered":"<p>La \u00faltima etapa de la carrera de Joan Sutherland regresa a casa gracias a un nuevo conjunto de 46 CD de Decca. <em>Joan Sutherland: Las \u00f3peras 1971-1988<\/em> es la tercera y \u00faltima colecci\u00f3n de grabaciones de Decca de Sutherland, que presenta la voz de la leyenda de la \u00f3pera en su forma m\u00e1s madura.<\/p>\n<p>Entre la colecci\u00f3n se encuentra la grabaci\u00f3n de Sutherland de 1971 de la obra de Offenbach. <em>Los cuentos de Hoffmann<\/em>en el que canta las partes de las cuatro mu\u00f1ecas. Su grabaci\u00f3n de 1972, incluida aqu\u00ed, de <em>Turandot<\/em> cantada con Luciano Pavarotti y Montserrat Caball\u00e9 y dirigida por Zubin Mehta se considera una de las grabaciones m\u00e1s famosas de la historia de la \u00f3pera, a pesar de que Sutherland nunca cant\u00f3 el papel en el escenario.<\/p>\n<div class=\"uD-YT-container\"><img decoding=\"async\" src=\"https:\/\/web.consaguirre.com.ar\/noticias\/wp-content\/uploads\/2026\/01\/1767980387_914_Decca-estrenara-Joan-Sutherland-The-Operas-1971-1988.jpg\" alt=\"V\u00eddeo de YouTube\"><br \/>Haga clic para cargar v\u00eddeo<\/div>\n<p>Varias de las grabaciones incluidas en el paquete se encuentran entre las favoritas de Sutherland. &#8220;Mis favoritas han sido (en) Norma y La Traviata, no es ning\u00fan secreto&#8221;, dijo en una entrevista de 1996 con el programa de televisi\u00f3n franc\u00e9s. <em>M\u00fasica y compa\u00f1\u00eda<\/em>. &#8220;Porque encuentro que, para m\u00ed, son personas reales, personas muy reales, personas muy humanas. Muchos de los personajes que interpreto son concepciones maravillosas de la mente de un autor&#8230; Generalmente estoy muy feliz de cantar cualquier cosa que cante. Siempre he disfrutado cualquier papel que he estado haciendo en un momento determinado&#8221;. Sutherland tambi\u00e9n dijo que le gustaba mucho cantar. <em>Se\u00f1or Ang\u00e9lica<\/em>que tambi\u00e9n est\u00e1 incluida en la colecci\u00f3n, \u201cporque era diferente en tipo musical a lo que yo estaba acostumbrado a cantar\u201d. Ella tambi\u00e9n dijo que <em>Adriana Lecouvreur<\/em>que cierra la colecci\u00f3n, \u201cera una gran favorita, pero creo que una de las piezas maravillosas (tambi\u00e9n lo era) <em>La son\u00e1mbula<\/em>\u2026 Todos han sido favoritos. Todas han sido cosas maravillosas, piezas maravillosas para tocar\u201d.<\/p>\n<p>Nacido en Sydney en 1910, Sutherland se convirti\u00f3 en el primer australiano en ganar un Grammy en 1962 a la Mejor Interpretaci\u00f3n Cl\u00e1sica Vocal. Aunque han pasado 15 a\u00f1os desde su muerte, Sutherland sigue siendo una de las mejores int\u00e9rpretes de \u00f3pera de todos los tiempos a los ojos de muchos cr\u00edticos. Otras grabaciones destacadas de <em>Joan Sutherland: Las \u00f3peras 1971-1988<\/em> incluir el de Verdi <em>Rigoletto<\/em>, <em>El trovador<\/em>, <em>Ernani<\/em>y <em>yo masnadieri<\/em>y Bellini <em>yo puritano<\/em>.<\/p>\n<p><b>Compra ahora la mejor m\u00fasica cl\u00e1sica en vinilo o CD.<\/b><\/p>\n","protected":false},"excerpt":{"rendered":"<p>La \u00faltima etapa de la carrera de Joan Sutherland regresa a casa gracias a un nuevo conjunto de 46 CD de Decca. Joan Sutherland: Las<\/p>\n","protected":false},"author":1,"featured_media":4785,"comment_status":"closed","ping_status":"","sticky":false,"template":"","format":"standard","meta":{"footnotes":""},"categories":[50],"tags":[1462,266,1712,3726,3725],"class_list":["post-4784","post","type-post","status-publish","format-standard","has-post-thumbnail","hentry","category-el-ultimo","tag-decca","tag-estrenara","tag-joan","tag-operas","tag-sutherland","generate-columns","tablet-grid-50","mobile-grid-100","grid-parent","grid-50"],"yoast_head":"<!-- This site is optimized with the Yoast SEO plugin v23.3 - https:\/\/yoast.com\/wordpress\/plugins\/seo\/ -->\n<title>Decca estrenar\u00e1 &#039;Joan Sutherland: The Operas 1971-1988&#039;<\/title>\n<meta name=\"robots\" content=\"index, follow, max-snippet:-1, max-image-preview:large, max-video-preview:-1\" \/>\n<link rel=\"canonical\" href=\"https:\/\/web.consaguirre.com.ar\/noticias\/decca-estrenara-joan-sutherland-the-operas-1971-1988\/\" \/>\n<meta property=\"og:locale\" content=\"es_ES\" \/>\n<meta property=\"og:type\" content=\"article\" \/>\n<meta property=\"og:title\" content=\"Decca estrenar\u00e1 &#039;Joan Sutherland: The Operas 1971-1988&#039;\" \/>\n<meta property=\"og:description\" content=\"La \u00faltima etapa de la carrera de Joan Sutherland regresa a casa gracias a un nuevo conjunto de 46 CD de Decca. Joan Sutherland: Las\" \/>\n<meta property=\"og:url\" content=\"https:\/\/web.consaguirre.com.ar\/noticias\/decca-estrenara-joan-sutherland-the-operas-1971-1988\/\" \/>\n<meta property=\"og:site_name\" content=\"Conservatorio de M\u00fasica Juli\u00e1n Aguirre\" \/>\n<meta property=\"article:published_time\" content=\"2026-01-09T17:39:47+00:00\" \/>\n<meta property=\"article:modified_time\" content=\"2026-01-09T17:39:48+00:00\" \/>\n<meta property=\"og:image\" content=\"https:\/\/web.consaguirre.com.ar\/noticias\/wp-content\/uploads\/2026\/01\/1767980388_Decca-estrenara-Joan-Sutherland-The-Operas-1971-1988.jpg\" \/>\n\t<meta property=\"og:image:width\" content=\"1000\" \/>\n\t<meta property=\"og:image:height\" content=\"600\" \/>\n\t<meta property=\"og:image:type\" content=\"image\/jpeg\" \/>\n<meta name=\"author\" content=\"Javier Figueroa\" \/>\n<meta name=\"twitter:card\" content=\"summary_large_image\" \/>\n<meta name=\"twitter:label1\" content=\"Escrito por\" \/>\n\t<meta name=\"twitter:data1\" content=\"Javier Figueroa\" \/>\n\t<meta name=\"twitter:label2\" content=\"Tiempo de lectura\" \/>\n\t<meta name=\"twitter:data2\" content=\"2 minutos\" \/>\n<script type=\"application\/ld+json\" class=\"yoast-schema-graph\">{\"@context\":\"https:\/\/schema.org\",\"@graph\":[{\"@type\":\"Article\",\"@id\":\"https:\/\/web.consaguirre.com.ar\/noticias\/decca-estrenara-joan-sutherland-the-operas-1971-1988\/#article\",\"isPartOf\":{\"@id\":\"https:\/\/web.consaguirre.com.ar\/noticias\/decca-estrenara-joan-sutherland-the-operas-1971-1988\/\"},\"author\":{\"name\":\"Javier Figueroa\",\"@id\":\"https:\/\/web.consaguirre.com.ar\/noticias\/#\/schema\/person\/6558b0cfedee7ddc5425602b237d5722\"},\"headline\":\"Decca estrenar\u00e1 &#8216;Joan Sutherland: The Operas 1971-1988&#8217;\",\"datePublished\":\"2026-01-09T17:39:47+00:00\",\"dateModified\":\"2026-01-09T17:39:48+00:00\",\"mainEntityOfPage\":{\"@id\":\"https:\/\/web.consaguirre.com.ar\/noticias\/decca-estrenara-joan-sutherland-the-operas-1971-1988\/\"},\"wordCount\":411,\"publisher\":{\"@id\":\"https:\/\/web.consaguirre.com.ar\/noticias\/#organization\"},\"image\":{\"@id\":\"https:\/\/web.consaguirre.com.ar\/noticias\/decca-estrenara-joan-sutherland-the-operas-1971-1988\/#primaryimage\"},\"thumbnailUrl\":\"https:\/\/web.consaguirre.com.ar\/noticias\/wp-content\/uploads\/2026\/01\/1767980388_Decca-estrenara-Joan-Sutherland-The-Operas-1971-1988.jpg\",\"keywords\":[\"Decca\",\"estrenar\u00e1\",\"Joan\",\"Operas\",\"Sutherland\"],\"articleSection\":[\"El \u00faltimo\"],\"inLanguage\":\"es-AR\"},{\"@type\":\"WebPage\",\"@id\":\"https:\/\/web.consaguirre.com.ar\/noticias\/decca-estrenara-joan-sutherland-the-operas-1971-1988\/\",\"url\":\"https:\/\/web.consaguirre.com.ar\/noticias\/decca-estrenara-joan-sutherland-the-operas-1971-1988\/\",\"name\":\"Decca estrenar\u00e1 'Joan Sutherland: The Operas 1971-1988'\",\"isPartOf\":{\"@id\":\"https:\/\/web.consaguirre.com.ar\/noticias\/#website\"},\"primaryImageOfPage\":{\"@id\":\"https:\/\/web.consaguirre.com.ar\/noticias\/decca-estrenara-joan-sutherland-the-operas-1971-1988\/#primaryimage\"},\"image\":{\"@id\":\"https:\/\/web.consaguirre.com.ar\/noticias\/decca-estrenara-joan-sutherland-the-operas-1971-1988\/#primaryimage\"},\"thumbnailUrl\":\"https:\/\/web.consaguirre.com.ar\/noticias\/wp-content\/uploads\/2026\/01\/1767980388_Decca-estrenara-Joan-Sutherland-The-Operas-1971-1988.jpg\",\"datePublished\":\"2026-01-09T17:39:47+00:00\",\"dateModified\":\"2026-01-09T17:39:48+00:00\",\"breadcrumb\":{\"@id\":\"https:\/\/web.consaguirre.com.ar\/noticias\/decca-estrenara-joan-sutherland-the-operas-1971-1988\/#breadcrumb\"},\"inLanguage\":\"es-AR\",\"potentialAction\":[{\"@type\":\"ReadAction\",\"target\":[\"https:\/\/web.consaguirre.com.ar\/noticias\/decca-estrenara-joan-sutherland-the-operas-1971-1988\/\"]}]},{\"@type\":\"ImageObject\",\"inLanguage\":\"es-AR\",\"@id\":\"https:\/\/web.consaguirre.com.ar\/noticias\/decca-estrenara-joan-sutherland-the-operas-1971-1988\/#primaryimage\",\"url\":\"https:\/\/web.consaguirre.com.ar\/noticias\/wp-content\/uploads\/2026\/01\/1767980388_Decca-estrenara-Joan-Sutherland-The-Operas-1971-1988.jpg\",\"contentUrl\":\"https:\/\/web.consaguirre.com.ar\/noticias\/wp-content\/uploads\/2026\/01\/1767980388_Decca-estrenara-Joan-Sutherland-The-Operas-1971-1988.jpg\",\"width\":1000,\"height\":600,\"caption\":\"Joan Sutherland The Complete Operas box set\"},{\"@type\":\"BreadcrumbList\",\"@id\":\"https:\/\/web.consaguirre.com.ar\/noticias\/decca-estrenara-joan-sutherland-the-operas-1971-1988\/#breadcrumb\",\"itemListElement\":[{\"@type\":\"ListItem\",\"position\":1,\"name\":\"Inicio\",\"item\":\"https:\/\/web.consaguirre.com.ar\/noticias\/\"},{\"@type\":\"ListItem\",\"position\":2,\"name\":\"Decca estrenar\u00e1 &#8216;Joan Sutherland: The Operas 1971-1988&#8217;\"}]},{\"@type\":\"WebSite\",\"@id\":\"https:\/\/web.consaguirre.com.ar\/noticias\/#website\",\"url\":\"https:\/\/web.consaguirre.com.ar\/noticias\/\",\"name\":\"Conservatorio de M\u00fasica Juli\u00e1n Aguirre\",\"description\":\"\",\"publisher\":{\"@id\":\"https:\/\/web.consaguirre.com.ar\/noticias\/#organization\"},\"potentialAction\":[{\"@type\":\"SearchAction\",\"target\":{\"@type\":\"EntryPoint\",\"urlTemplate\":\"https:\/\/web.consaguirre.com.ar\/noticias\/?s={search_term_string}\"},\"query-input\":\"required name=search_term_string\"}],\"inLanguage\":\"es-AR\"},{\"@type\":\"Organization\",\"@id\":\"https:\/\/web.consaguirre.com.ar\/noticias\/#organization\",\"name\":\"Conservatorio de M\u00fasica Juli\u00e1n Aguirre\",\"url\":\"https:\/\/web.consaguirre.com.ar\/noticias\/\",\"logo\":{\"@type\":\"ImageObject\",\"inLanguage\":\"es-AR\",\"@id\":\"https:\/\/web.consaguirre.com.ar\/noticias\/#\/schema\/logo\/image\/\",\"url\":\"https:\/\/web.consaguirre.com.ar\/noticias\/wp-content\/uploads\/2024\/08\/Banner-Aguirre-23.jpg\",\"contentUrl\":\"https:\/\/web.consaguirre.com.ar\/noticias\/wp-content\/uploads\/2024\/08\/Banner-Aguirre-23.jpg\",\"width\":1192,\"height\":600,\"caption\":\"Conservatorio de M\u00fasica Juli\u00e1n Aguirre\"},\"image\":{\"@id\":\"https:\/\/web.consaguirre.com.ar\/noticias\/#\/schema\/logo\/image\/\"}},{\"@type\":\"Person\",\"@id\":\"https:\/\/web.consaguirre.com.ar\/noticias\/#\/schema\/person\/6558b0cfedee7ddc5425602b237d5722\",\"name\":\"Javier Figueroa\",\"image\":{\"@type\":\"ImageObject\",\"inLanguage\":\"es-AR\",\"@id\":\"https:\/\/web.consaguirre.com.ar\/noticias\/#\/schema\/person\/image\/\",\"url\":\"https:\/\/web.consaguirre.com.ar\/noticias\/wp-content\/uploads\/2024\/08\/Consaguirre-scaled.jpg\",\"contentUrl\":\"https:\/\/web.consaguirre.com.ar\/noticias\/wp-content\/uploads\/2024\/08\/Consaguirre-scaled.jpg\",\"caption\":\"Javier Figueroa\"},\"description\":\"Me llamo Javier Figueroa y soy redactor para el sitio oficial del Conservatorio de M\u00fasica Juli\u00e1n Aguirre en Buenos Aires, consaguirre.com. Apasionado por la m\u00fasica y la escritura, me esfuerzo por destacar los talentos y eventos de nuestra prestigiosa instituci\u00f3n. Mi trayectoria se nutre de una profunda admiraci\u00f3n por los artistas, haciendo de cada art\u00edculo una celebraci\u00f3n de la creatividad y la cultura musical.\",\"sameAs\":[\"https:\/\/web.consaguirre.com.ar\/noticias\"]}]}<\/script>\n<!-- \/ Yoast SEO plugin. -->","yoast_head_json":{"title":"Decca estrenar\u00e1 'Joan Sutherland: The Operas 1971-1988'","robots":{"index":"index","follow":"follow","max-snippet":"max-snippet:-1","max-image-preview":"max-image-preview:large","max-video-preview":"max-video-preview:-1"},"canonical":"https:\/\/web.consaguirre.com.ar\/noticias\/decca-estrenara-joan-sutherland-the-operas-1971-1988\/","og_locale":"es_ES","og_type":"article","og_title":"Decca estrenar\u00e1 'Joan Sutherland: The Operas 1971-1988'","og_description":"La \u00faltima etapa de la carrera de Joan Sutherland regresa a casa gracias a un nuevo conjunto de 46 CD de Decca. Joan Sutherland: Las","og_url":"https:\/\/web.consaguirre.com.ar\/noticias\/decca-estrenara-joan-sutherland-the-operas-1971-1988\/","og_site_name":"Conservatorio de M\u00fasica Juli\u00e1n Aguirre","article_published_time":"2026-01-09T17:39:47+00:00","article_modified_time":"2026-01-09T17:39:48+00:00","og_image":[{"width":1000,"height":600,"url":"https:\/\/web.consaguirre.com.ar\/noticias\/wp-content\/uploads\/2026\/01\/1767980388_Decca-estrenara-Joan-Sutherland-The-Operas-1971-1988.jpg","type":"image\/jpeg"}],"author":"Javier Figueroa","twitter_card":"summary_large_image","twitter_misc":{"Escrito por":"Javier Figueroa","Tiempo de lectura":"2 minutos"},"schema":{"@context":"https:\/\/schema.org","@graph":[{"@type":"Article","@id":"https:\/\/web.consaguirre.com.ar\/noticias\/decca-estrenara-joan-sutherland-the-operas-1971-1988\/#article","isPartOf":{"@id":"https:\/\/web.consaguirre.com.ar\/noticias\/decca-estrenara-joan-sutherland-the-operas-1971-1988\/"},"author":{"name":"Javier Figueroa","@id":"https:\/\/web.consaguirre.com.ar\/noticias\/#\/schema\/person\/6558b0cfedee7ddc5425602b237d5722"},"headline":"Decca estrenar\u00e1 &#8216;Joan Sutherland: The Operas 1971-1988&#8217;","datePublished":"2026-01-09T17:39:47+00:00","dateModified":"2026-01-09T17:39:48+00:00","mainEntityOfPage":{"@id":"https:\/\/web.consaguirre.com.ar\/noticias\/decca-estrenara-joan-sutherland-the-operas-1971-1988\/"},"wordCount":411,"publisher":{"@id":"https:\/\/web.consaguirre.com.ar\/noticias\/#organization"},"image":{"@id":"https:\/\/web.consaguirre.com.ar\/noticias\/decca-estrenara-joan-sutherland-the-operas-1971-1988\/#primaryimage"},"thumbnailUrl":"https:\/\/web.consaguirre.com.ar\/noticias\/wp-content\/uploads\/2026\/01\/1767980388_Decca-estrenara-Joan-Sutherland-The-Operas-1971-1988.jpg","keywords":["Decca","estrenar\u00e1","Joan","Operas","Sutherland"],"articleSection":["El \u00faltimo"],"inLanguage":"es-AR"},{"@type":"WebPage","@id":"https:\/\/web.consaguirre.com.ar\/noticias\/decca-estrenara-joan-sutherland-the-operas-1971-1988\/","url":"https:\/\/web.consaguirre.com.ar\/noticias\/decca-estrenara-joan-sutherland-the-operas-1971-1988\/","name":"Decca estrenar\u00e1 'Joan Sutherland: The Operas 1971-1988'","isPartOf":{"@id":"https:\/\/web.consaguirre.com.ar\/noticias\/#website"},"primaryImageOfPage":{"@id":"https:\/\/web.consaguirre.com.ar\/noticias\/decca-estrenara-joan-sutherland-the-operas-1971-1988\/#primaryimage"},"image":{"@id":"https:\/\/web.consaguirre.com.ar\/noticias\/decca-estrenara-joan-sutherland-the-operas-1971-1988\/#primaryimage"},"thumbnailUrl":"https:\/\/web.consaguirre.com.ar\/noticias\/wp-content\/uploads\/2026\/01\/1767980388_Decca-estrenara-Joan-Sutherland-The-Operas-1971-1988.jpg","datePublished":"2026-01-09T17:39:47+00:00","dateModified":"2026-01-09T17:39:48+00:00","breadcrumb":{"@id":"https:\/\/web.consaguirre.com.ar\/noticias\/decca-estrenara-joan-sutherland-the-operas-1971-1988\/#breadcrumb"},"inLanguage":"es-AR","potentialAction":[{"@type":"ReadAction","target":["https:\/\/web.consaguirre.com.ar\/noticias\/decca-estrenara-joan-sutherland-the-operas-1971-1988\/"]}]},{"@type":"ImageObject","inLanguage":"es-AR","@id":"https:\/\/web.consaguirre.com.ar\/noticias\/decca-estrenara-joan-sutherland-the-operas-1971-1988\/#primaryimage","url":"https:\/\/web.consaguirre.com.ar\/noticias\/wp-content\/uploads\/2026\/01\/1767980388_Decca-estrenara-Joan-Sutherland-The-Operas-1971-1988.jpg","contentUrl":"https:\/\/web.consaguirre.com.ar\/noticias\/wp-content\/uploads\/2026\/01\/1767980388_Decca-estrenara-Joan-Sutherland-The-Operas-1971-1988.jpg","width":1000,"height":600,"caption":"Joan Sutherland The Complete Operas box set"},{"@type":"BreadcrumbList","@id":"https:\/\/web.consaguirre.com.ar\/noticias\/decca-estrenara-joan-sutherland-the-operas-1971-1988\/#breadcrumb","itemListElement":[{"@type":"ListItem","position":1,"name":"Inicio","item":"https:\/\/web.consaguirre.com.ar\/noticias\/"},{"@type":"ListItem","position":2,"name":"Decca estrenar\u00e1 &#8216;Joan Sutherland: The Operas 1971-1988&#8217;"}]},{"@type":"WebSite","@id":"https:\/\/web.consaguirre.com.ar\/noticias\/#website","url":"https:\/\/web.consaguirre.com.ar\/noticias\/","name":"Conservatorio de M\u00fasica Juli\u00e1n Aguirre","description":"","publisher":{"@id":"https:\/\/web.consaguirre.com.ar\/noticias\/#organization"},"potentialAction":[{"@type":"SearchAction","target":{"@type":"EntryPoint","urlTemplate":"https:\/\/web.consaguirre.com.ar\/noticias\/?s={search_term_string}"},"query-input":"required name=search_term_string"}],"inLanguage":"es-AR"},{"@type":"Organization","@id":"https:\/\/web.consaguirre.com.ar\/noticias\/#organization","name":"Conservatorio de M\u00fasica Juli\u00e1n Aguirre","url":"https:\/\/web.consaguirre.com.ar\/noticias\/","logo":{"@type":"ImageObject","inLanguage":"es-AR","@id":"https:\/\/web.consaguirre.com.ar\/noticias\/#\/schema\/logo\/image\/","url":"https:\/\/web.consaguirre.com.ar\/noticias\/wp-content\/uploads\/2024\/08\/Banner-Aguirre-23.jpg","contentUrl":"https:\/\/web.consaguirre.com.ar\/noticias\/wp-content\/uploads\/2024\/08\/Banner-Aguirre-23.jpg","width":1192,"height":600,"caption":"Conservatorio de M\u00fasica Juli\u00e1n Aguirre"},"image":{"@id":"https:\/\/web.consaguirre.com.ar\/noticias\/#\/schema\/logo\/image\/"}},{"@type":"Person","@id":"https:\/\/web.consaguirre.com.ar\/noticias\/#\/schema\/person\/6558b0cfedee7ddc5425602b237d5722","name":"Javier Figueroa","image":{"@type":"ImageObject","inLanguage":"es-AR","@id":"https:\/\/web.consaguirre.com.ar\/noticias\/#\/schema\/person\/image\/","url":"https:\/\/web.consaguirre.com.ar\/noticias\/wp-content\/uploads\/2024\/08\/Consaguirre-scaled.jpg","contentUrl":"https:\/\/web.consaguirre.com.ar\/noticias\/wp-content\/uploads\/2024\/08\/Consaguirre-scaled.jpg","caption":"Javier Figueroa"},"description":"Me llamo Javier Figueroa y soy redactor para el sitio oficial del Conservatorio de M\u00fasica Juli\u00e1n Aguirre en Buenos Aires, consaguirre.com. Apasionado por la m\u00fasica y la escritura, me esfuerzo por destacar los talentos y eventos de nuestra prestigiosa instituci\u00f3n. Mi trayectoria se nutre de una profunda admiraci\u00f3n por los artistas, haciendo de cada art\u00edculo una celebraci\u00f3n de la creatividad y la cultura musical.","sameAs":["https:\/\/web.consaguirre.com.ar\/noticias"]}]}},"_links":{"self":[{"href":"https:\/\/web.consaguirre.com.ar\/noticias\/wp-json\/wp\/v2\/posts\/4784"}],"collection":[{"href":"https:\/\/web.consaguirre.com.ar\/noticias\/wp-json\/wp\/v2\/posts"}],"about":[{"href":"https:\/\/web.consaguirre.com.ar\/noticias\/wp-json\/wp\/v2\/types\/post"}],"author":[{"embeddable":true,"href":"https:\/\/web.consaguirre.com.ar\/noticias\/wp-json\/wp\/v2\/users\/1"}],"replies":[{"embeddable":true,"href":"https:\/\/web.consaguirre.com.ar\/noticias\/wp-json\/wp\/v2\/comments?post=4784"}],"version-history":[{"count":1,"href":"https:\/\/web.consaguirre.com.ar\/noticias\/wp-json\/wp\/v2\/posts\/4784\/revisions"}],"predecessor-version":[{"id":4786,"href":"https:\/\/web.consaguirre.com.ar\/noticias\/wp-json\/wp\/v2\/posts\/4784\/revisions\/4786"}],"wp:featuredmedia":[{"embeddable":true,"href":"https:\/\/web.consaguirre.com.ar\/noticias\/wp-json\/wp\/v2\/media\/4785"}],"wp:attachment":[{"href":"https:\/\/web.consaguirre.com.ar\/noticias\/wp-json\/wp\/v2\/media?parent=4784"}],"wp:term":[{"taxonomy":"category","embeddable":true,"href":"https:\/\/web.consaguirre.com.ar\/noticias\/wp-json\/wp\/v2\/categories?post=4784"},{"taxonomy":"post_tag","embeddable":true,"href":"https:\/\/web.consaguirre.com.ar\/noticias\/wp-json\/wp\/v2\/tags?post=4784"}],"curies":[{"name":"wp","href":"https:\/\/api.w.org\/{rel}","templated":true}]}}