{"id":4777,"date":"2026-01-08T17:38:17","date_gmt":"2026-01-08T20:38:17","guid":{"rendered":"https:\/\/web.consaguirre.com.ar\/noticias\/melissa-aldana-prepara-lanzamiento-de-album-filin\/"},"modified":"2026-01-08T17:38:17","modified_gmt":"2026-01-08T20:38:17","slug":"melissa-aldana-prepara-lanzamiento-de-album-filin","status":"publish","type":"post","link":"https:\/\/web.consaguirre.com.ar\/noticias\/melissa-aldana-prepara-lanzamiento-de-album-filin\/","title":{"rendered":"Melissa Aldana prepara lanzamiento de \u00e1lbum &#8216;Filin&#8217;"},"content":{"rendered":"<p>La saxofonista de jazz Melissa Aldana ha fijado su pr\u00f3ximo disco. El m\u00fasico chileno ha fijado el lanzamiento para el 13 de febrero de <em>filin<\/em>un nuevo \u00e1lbum de baladas arraigadas en la tradici\u00f3n del filin cubano. A Aldana se unir\u00e1n el pianista Gonzalo Rubalcaba, el bajista Peter Washington, el baterista Kush Abadey y la vocalista C\u00e9cile McLorin Salvant.<\/p>\n<p>Con el anuncio, Aldana comparti\u00f3 que el proyecto surgi\u00f3 del deseo de explorar la idea del sonido en s\u00ed. &#8220;Transcribo a Sonny Rollins, Wayne Shorter, John Coltrane, Joe Henderson, Lester Young, Charlie Parker y Don Byas, entre muchos otros. Para ellos el sonido en s\u00ed es una herramienta para expresar una emoci\u00f3n&#8221;, afirma el m\u00fasico. &#8220;Cada nota es un mundo entero. As\u00ed que hay un lado t\u00e9cnico al tocar, pero luego est\u00e1 ese lado m\u00edstico del sonido que&#8230; todav\u00eda no s\u00e9 exactamente qu\u00e9 es&#8221;. La exploraci\u00f3n la llev\u00f3 a ella y a Rubalcaba al g\u00e9nero filin. \u201cSe sent\u00edan como las baladas que amo del Great American Songbook\u201d, contin\u00faa Aldana, \u201cpero como las letras est\u00e1n en espa\u00f1ol, pude conectarme con estas canciones de una manera que nunca pens\u00e9 que podr\u00eda hacerlo\u201d.<\/p>\n<div class=\"uD-YT-container\"><img decoding=\"async\" src=\"https:\/\/web.consaguirre.com.ar\/noticias\/wp-content\/uploads\/2026\/01\/1767904697_368_Melissa-Aldana-prepara-lanzamiento-de-album-Filin.jpg\" alt=\"V\u00eddeo de YouTube\"><br \/>Haga clic para cargar v\u00eddeo<\/div>\n<p>Para ayudar a promocionar el \u00e1lbum, Aldana actuar\u00e1 en todo el mundo. Enero de 2026 la llevar\u00e1 a Nueva York, San Francisco y Los \u00c1ngeles antes de dirigirse a Argentina y Chile en febrero. En marzo, Aldana actuar\u00e1 en B\u00e9lgica, Suecia, Italia, Alemania y Espa\u00f1a antes de regresar a Nueva York en junio.<\/p>\n<p>Desde que firm\u00f3 con Blue Note Records en 2021, Aldana ha lanzado dos \u00e1lbumes. 2022 trajo <em>12 estrellas<\/em>que se inspir\u00f3 en el tarot y la astrolog\u00eda. En 2024, Aldana lanz\u00f3 <em>Ecos del profeta interior<\/em>. De <em>filin<\/em>Aldana dice sobre su proceso: &#8220;S\u00f3lo estaba tratando de tocar dentro de la banda, dejar espacio y estar lo m\u00e1s presente posible, dejar que las canciones respiren. Yo tambi\u00e9n soy mayor, as\u00ed que tal vez me sienta menos como si tuviera algo que demostrar. Tambi\u00e9n sent\u00ed en mis entra\u00f1as que quer\u00eda hacer un disco de baladas, que ten\u00eda algo que decir&#8221;.<\/p>\n<p><b>Comprar Melissa Aldana <em>filin<\/em> aqu\u00ed.<\/b><\/p>\n","protected":false},"excerpt":{"rendered":"<p>La saxofonista de jazz Melissa Aldana ha fijado su pr\u00f3ximo disco. El m\u00fasico chileno ha fijado el lanzamiento para el 13 de febrero de filinun<\/p>\n","protected":false},"author":1,"featured_media":4778,"comment_status":"closed","ping_status":"","sticky":false,"template":"","format":"standard","meta":{"footnotes":""},"categories":[50],"tags":[147,3722,3723,237,3721,231],"class_list":["post-4777","post","type-post","status-publish","format-standard","has-post-thumbnail","hentry","category-el-ultimo","tag-album","tag-aldana","tag-filin","tag-lanzamiento","tag-melissa","tag-prepara","generate-columns","tablet-grid-50","mobile-grid-100","grid-parent","grid-50"],"yoast_head":"<!-- This site is optimized with the Yoast SEO plugin v23.3 - https:\/\/yoast.com\/wordpress\/plugins\/seo\/ -->\n<title>Melissa Aldana prepara lanzamiento de \u00e1lbum &#039;Filin&#039;<\/title>\n<meta name=\"robots\" content=\"index, follow, max-snippet:-1, max-image-preview:large, max-video-preview:-1\" \/>\n<link rel=\"canonical\" href=\"https:\/\/web.consaguirre.com.ar\/noticias\/melissa-aldana-prepara-lanzamiento-de-album-filin\/\" \/>\n<meta property=\"og:locale\" content=\"es_ES\" \/>\n<meta property=\"og:type\" content=\"article\" \/>\n<meta property=\"og:title\" content=\"Melissa Aldana prepara lanzamiento de \u00e1lbum &#039;Filin&#039;\" \/>\n<meta property=\"og:description\" content=\"La saxofonista de jazz Melissa Aldana ha fijado su pr\u00f3ximo disco. El m\u00fasico chileno ha fijado el lanzamiento para el 13 de febrero de filinun\" \/>\n<meta property=\"og:url\" content=\"https:\/\/web.consaguirre.com.ar\/noticias\/melissa-aldana-prepara-lanzamiento-de-album-filin\/\" \/>\n<meta property=\"og:site_name\" content=\"Conservatorio de M\u00fasica Juli\u00e1n Aguirre\" \/>\n<meta property=\"article:published_time\" content=\"2026-01-08T20:38:17+00:00\" \/>\n<meta property=\"og:image\" content=\"https:\/\/web.consaguirre.com.ar\/noticias\/wp-content\/uploads\/2026\/01\/Melissa-Aldana-prepara-lanzamiento-de-album-Filin.jpg\" \/>\n\t<meta property=\"og:image:width\" content=\"820\" \/>\n\t<meta property=\"og:image:height\" content=\"820\" \/>\n\t<meta property=\"og:image:type\" content=\"image\/jpeg\" \/>\n<meta name=\"author\" content=\"Javier Figueroa\" \/>\n<meta name=\"twitter:card\" content=\"summary_large_image\" \/>\n<meta name=\"twitter:label1\" content=\"Escrito por\" \/>\n\t<meta name=\"twitter:data1\" content=\"Javier Figueroa\" \/>\n\t<meta name=\"twitter:label2\" content=\"Tiempo de lectura\" \/>\n\t<meta name=\"twitter:data2\" content=\"2 minutos\" \/>\n<script type=\"application\/ld+json\" class=\"yoast-schema-graph\">{\"@context\":\"https:\/\/schema.org\",\"@graph\":[{\"@type\":\"Article\",\"@id\":\"https:\/\/web.consaguirre.com.ar\/noticias\/melissa-aldana-prepara-lanzamiento-de-album-filin\/#article\",\"isPartOf\":{\"@id\":\"https:\/\/web.consaguirre.com.ar\/noticias\/melissa-aldana-prepara-lanzamiento-de-album-filin\/\"},\"author\":{\"name\":\"Javier Figueroa\",\"@id\":\"https:\/\/web.consaguirre.com.ar\/noticias\/#\/schema\/person\/6558b0cfedee7ddc5425602b237d5722\"},\"headline\":\"Melissa Aldana prepara lanzamiento de \u00e1lbum &#8216;Filin&#8217;\",\"datePublished\":\"2026-01-08T20:38:17+00:00\",\"dateModified\":\"2026-01-08T20:38:17+00:00\",\"mainEntityOfPage\":{\"@id\":\"https:\/\/web.consaguirre.com.ar\/noticias\/melissa-aldana-prepara-lanzamiento-de-album-filin\/\"},\"wordCount\":376,\"publisher\":{\"@id\":\"https:\/\/web.consaguirre.com.ar\/noticias\/#organization\"},\"image\":{\"@id\":\"https:\/\/web.consaguirre.com.ar\/noticias\/melissa-aldana-prepara-lanzamiento-de-album-filin\/#primaryimage\"},\"thumbnailUrl\":\"https:\/\/web.consaguirre.com.ar\/noticias\/wp-content\/uploads\/2026\/01\/Melissa-Aldana-prepara-lanzamiento-de-album-Filin.jpg\",\"keywords\":[\"\u00e1lbum\",\"Aldana\",\"Filin\",\"lanzamiento\",\"Melissa\",\"prepara\"],\"articleSection\":[\"El \u00faltimo\"],\"inLanguage\":\"es-AR\"},{\"@type\":\"WebPage\",\"@id\":\"https:\/\/web.consaguirre.com.ar\/noticias\/melissa-aldana-prepara-lanzamiento-de-album-filin\/\",\"url\":\"https:\/\/web.consaguirre.com.ar\/noticias\/melissa-aldana-prepara-lanzamiento-de-album-filin\/\",\"name\":\"Melissa Aldana prepara lanzamiento de \u00e1lbum 'Filin'\",\"isPartOf\":{\"@id\":\"https:\/\/web.consaguirre.com.ar\/noticias\/#website\"},\"primaryImageOfPage\":{\"@id\":\"https:\/\/web.consaguirre.com.ar\/noticias\/melissa-aldana-prepara-lanzamiento-de-album-filin\/#primaryimage\"},\"image\":{\"@id\":\"https:\/\/web.consaguirre.com.ar\/noticias\/melissa-aldana-prepara-lanzamiento-de-album-filin\/#primaryimage\"},\"thumbnailUrl\":\"https:\/\/web.consaguirre.com.ar\/noticias\/wp-content\/uploads\/2026\/01\/Melissa-Aldana-prepara-lanzamiento-de-album-Filin.jpg\",\"datePublished\":\"2026-01-08T20:38:17+00:00\",\"dateModified\":\"2026-01-08T20:38:17+00:00\",\"breadcrumb\":{\"@id\":\"https:\/\/web.consaguirre.com.ar\/noticias\/melissa-aldana-prepara-lanzamiento-de-album-filin\/#breadcrumb\"},\"inLanguage\":\"es-AR\",\"potentialAction\":[{\"@type\":\"ReadAction\",\"target\":[\"https:\/\/web.consaguirre.com.ar\/noticias\/melissa-aldana-prepara-lanzamiento-de-album-filin\/\"]}]},{\"@type\":\"ImageObject\",\"inLanguage\":\"es-AR\",\"@id\":\"https:\/\/web.consaguirre.com.ar\/noticias\/melissa-aldana-prepara-lanzamiento-de-album-filin\/#primaryimage\",\"url\":\"https:\/\/web.consaguirre.com.ar\/noticias\/wp-content\/uploads\/2026\/01\/Melissa-Aldana-prepara-lanzamiento-de-album-Filin.jpg\",\"contentUrl\":\"https:\/\/web.consaguirre.com.ar\/noticias\/wp-content\/uploads\/2026\/01\/Melissa-Aldana-prepara-lanzamiento-de-album-Filin.jpg\",\"width\":820,\"height\":820,\"caption\":\"Melissa Aldana Filin\"},{\"@type\":\"BreadcrumbList\",\"@id\":\"https:\/\/web.consaguirre.com.ar\/noticias\/melissa-aldana-prepara-lanzamiento-de-album-filin\/#breadcrumb\",\"itemListElement\":[{\"@type\":\"ListItem\",\"position\":1,\"name\":\"Inicio\",\"item\":\"https:\/\/web.consaguirre.com.ar\/noticias\/\"},{\"@type\":\"ListItem\",\"position\":2,\"name\":\"Melissa Aldana prepara lanzamiento de \u00e1lbum &#8216;Filin&#8217;\"}]},{\"@type\":\"WebSite\",\"@id\":\"https:\/\/web.consaguirre.com.ar\/noticias\/#website\",\"url\":\"https:\/\/web.consaguirre.com.ar\/noticias\/\",\"name\":\"Conservatorio de M\u00fasica Juli\u00e1n Aguirre\",\"description\":\"\",\"publisher\":{\"@id\":\"https:\/\/web.consaguirre.com.ar\/noticias\/#organization\"},\"potentialAction\":[{\"@type\":\"SearchAction\",\"target\":{\"@type\":\"EntryPoint\",\"urlTemplate\":\"https:\/\/web.consaguirre.com.ar\/noticias\/?s={search_term_string}\"},\"query-input\":\"required name=search_term_string\"}],\"inLanguage\":\"es-AR\"},{\"@type\":\"Organization\",\"@id\":\"https:\/\/web.consaguirre.com.ar\/noticias\/#organization\",\"name\":\"Conservatorio de M\u00fasica Juli\u00e1n Aguirre\",\"url\":\"https:\/\/web.consaguirre.com.ar\/noticias\/\",\"logo\":{\"@type\":\"ImageObject\",\"inLanguage\":\"es-AR\",\"@id\":\"https:\/\/web.consaguirre.com.ar\/noticias\/#\/schema\/logo\/image\/\",\"url\":\"https:\/\/web.consaguirre.com.ar\/noticias\/wp-content\/uploads\/2024\/08\/Banner-Aguirre-23.jpg\",\"contentUrl\":\"https:\/\/web.consaguirre.com.ar\/noticias\/wp-content\/uploads\/2024\/08\/Banner-Aguirre-23.jpg\",\"width\":1192,\"height\":600,\"caption\":\"Conservatorio de M\u00fasica Juli\u00e1n Aguirre\"},\"image\":{\"@id\":\"https:\/\/web.consaguirre.com.ar\/noticias\/#\/schema\/logo\/image\/\"}},{\"@type\":\"Person\",\"@id\":\"https:\/\/web.consaguirre.com.ar\/noticias\/#\/schema\/person\/6558b0cfedee7ddc5425602b237d5722\",\"name\":\"Javier Figueroa\",\"image\":{\"@type\":\"ImageObject\",\"inLanguage\":\"es-AR\",\"@id\":\"https:\/\/web.consaguirre.com.ar\/noticias\/#\/schema\/person\/image\/\",\"url\":\"https:\/\/web.consaguirre.com.ar\/noticias\/wp-content\/uploads\/2024\/08\/Consaguirre-scaled.jpg\",\"contentUrl\":\"https:\/\/web.consaguirre.com.ar\/noticias\/wp-content\/uploads\/2024\/08\/Consaguirre-scaled.jpg\",\"caption\":\"Javier Figueroa\"},\"description\":\"Me llamo Javier Figueroa y soy redactor para el sitio oficial del Conservatorio de M\u00fasica Juli\u00e1n Aguirre en Buenos Aires, consaguirre.com. Apasionado por la m\u00fasica y la escritura, me esfuerzo por destacar los talentos y eventos de nuestra prestigiosa instituci\u00f3n. Mi trayectoria se nutre de una profunda admiraci\u00f3n por los artistas, haciendo de cada art\u00edculo una celebraci\u00f3n de la creatividad y la cultura musical.\",\"sameAs\":[\"https:\/\/web.consaguirre.com.ar\/noticias\"]}]}<\/script>\n<!-- \/ Yoast SEO plugin. -->","yoast_head_json":{"title":"Melissa Aldana prepara lanzamiento de \u00e1lbum 'Filin'","robots":{"index":"index","follow":"follow","max-snippet":"max-snippet:-1","max-image-preview":"max-image-preview:large","max-video-preview":"max-video-preview:-1"},"canonical":"https:\/\/web.consaguirre.com.ar\/noticias\/melissa-aldana-prepara-lanzamiento-de-album-filin\/","og_locale":"es_ES","og_type":"article","og_title":"Melissa Aldana prepara lanzamiento de \u00e1lbum 'Filin'","og_description":"La saxofonista de jazz Melissa Aldana ha fijado su pr\u00f3ximo disco. El m\u00fasico chileno ha fijado el lanzamiento para el 13 de febrero de filinun","og_url":"https:\/\/web.consaguirre.com.ar\/noticias\/melissa-aldana-prepara-lanzamiento-de-album-filin\/","og_site_name":"Conservatorio de M\u00fasica Juli\u00e1n Aguirre","article_published_time":"2026-01-08T20:38:17+00:00","og_image":[{"width":820,"height":820,"url":"https:\/\/web.consaguirre.com.ar\/noticias\/wp-content\/uploads\/2026\/01\/Melissa-Aldana-prepara-lanzamiento-de-album-Filin.jpg","type":"image\/jpeg"}],"author":"Javier Figueroa","twitter_card":"summary_large_image","twitter_misc":{"Escrito por":"Javier Figueroa","Tiempo de lectura":"2 minutos"},"schema":{"@context":"https:\/\/schema.org","@graph":[{"@type":"Article","@id":"https:\/\/web.consaguirre.com.ar\/noticias\/melissa-aldana-prepara-lanzamiento-de-album-filin\/#article","isPartOf":{"@id":"https:\/\/web.consaguirre.com.ar\/noticias\/melissa-aldana-prepara-lanzamiento-de-album-filin\/"},"author":{"name":"Javier Figueroa","@id":"https:\/\/web.consaguirre.com.ar\/noticias\/#\/schema\/person\/6558b0cfedee7ddc5425602b237d5722"},"headline":"Melissa Aldana prepara lanzamiento de \u00e1lbum &#8216;Filin&#8217;","datePublished":"2026-01-08T20:38:17+00:00","dateModified":"2026-01-08T20:38:17+00:00","mainEntityOfPage":{"@id":"https:\/\/web.consaguirre.com.ar\/noticias\/melissa-aldana-prepara-lanzamiento-de-album-filin\/"},"wordCount":376,"publisher":{"@id":"https:\/\/web.consaguirre.com.ar\/noticias\/#organization"},"image":{"@id":"https:\/\/web.consaguirre.com.ar\/noticias\/melissa-aldana-prepara-lanzamiento-de-album-filin\/#primaryimage"},"thumbnailUrl":"https:\/\/web.consaguirre.com.ar\/noticias\/wp-content\/uploads\/2026\/01\/Melissa-Aldana-prepara-lanzamiento-de-album-Filin.jpg","keywords":["\u00e1lbum","Aldana","Filin","lanzamiento","Melissa","prepara"],"articleSection":["El \u00faltimo"],"inLanguage":"es-AR"},{"@type":"WebPage","@id":"https:\/\/web.consaguirre.com.ar\/noticias\/melissa-aldana-prepara-lanzamiento-de-album-filin\/","url":"https:\/\/web.consaguirre.com.ar\/noticias\/melissa-aldana-prepara-lanzamiento-de-album-filin\/","name":"Melissa Aldana prepara lanzamiento de \u00e1lbum 'Filin'","isPartOf":{"@id":"https:\/\/web.consaguirre.com.ar\/noticias\/#website"},"primaryImageOfPage":{"@id":"https:\/\/web.consaguirre.com.ar\/noticias\/melissa-aldana-prepara-lanzamiento-de-album-filin\/#primaryimage"},"image":{"@id":"https:\/\/web.consaguirre.com.ar\/noticias\/melissa-aldana-prepara-lanzamiento-de-album-filin\/#primaryimage"},"thumbnailUrl":"https:\/\/web.consaguirre.com.ar\/noticias\/wp-content\/uploads\/2026\/01\/Melissa-Aldana-prepara-lanzamiento-de-album-Filin.jpg","datePublished":"2026-01-08T20:38:17+00:00","dateModified":"2026-01-08T20:38:17+00:00","breadcrumb":{"@id":"https:\/\/web.consaguirre.com.ar\/noticias\/melissa-aldana-prepara-lanzamiento-de-album-filin\/#breadcrumb"},"inLanguage":"es-AR","potentialAction":[{"@type":"ReadAction","target":["https:\/\/web.consaguirre.com.ar\/noticias\/melissa-aldana-prepara-lanzamiento-de-album-filin\/"]}]},{"@type":"ImageObject","inLanguage":"es-AR","@id":"https:\/\/web.consaguirre.com.ar\/noticias\/melissa-aldana-prepara-lanzamiento-de-album-filin\/#primaryimage","url":"https:\/\/web.consaguirre.com.ar\/noticias\/wp-content\/uploads\/2026\/01\/Melissa-Aldana-prepara-lanzamiento-de-album-Filin.jpg","contentUrl":"https:\/\/web.consaguirre.com.ar\/noticias\/wp-content\/uploads\/2026\/01\/Melissa-Aldana-prepara-lanzamiento-de-album-Filin.jpg","width":820,"height":820,"caption":"Melissa Aldana Filin"},{"@type":"BreadcrumbList","@id":"https:\/\/web.consaguirre.com.ar\/noticias\/melissa-aldana-prepara-lanzamiento-de-album-filin\/#breadcrumb","itemListElement":[{"@type":"ListItem","position":1,"name":"Inicio","item":"https:\/\/web.consaguirre.com.ar\/noticias\/"},{"@type":"ListItem","position":2,"name":"Melissa Aldana prepara lanzamiento de \u00e1lbum &#8216;Filin&#8217;"}]},{"@type":"WebSite","@id":"https:\/\/web.consaguirre.com.ar\/noticias\/#website","url":"https:\/\/web.consaguirre.com.ar\/noticias\/","name":"Conservatorio de M\u00fasica Juli\u00e1n Aguirre","description":"","publisher":{"@id":"https:\/\/web.consaguirre.com.ar\/noticias\/#organization"},"potentialAction":[{"@type":"SearchAction","target":{"@type":"EntryPoint","urlTemplate":"https:\/\/web.consaguirre.com.ar\/noticias\/?s={search_term_string}"},"query-input":"required name=search_term_string"}],"inLanguage":"es-AR"},{"@type":"Organization","@id":"https:\/\/web.consaguirre.com.ar\/noticias\/#organization","name":"Conservatorio de M\u00fasica Juli\u00e1n Aguirre","url":"https:\/\/web.consaguirre.com.ar\/noticias\/","logo":{"@type":"ImageObject","inLanguage":"es-AR","@id":"https:\/\/web.consaguirre.com.ar\/noticias\/#\/schema\/logo\/image\/","url":"https:\/\/web.consaguirre.com.ar\/noticias\/wp-content\/uploads\/2024\/08\/Banner-Aguirre-23.jpg","contentUrl":"https:\/\/web.consaguirre.com.ar\/noticias\/wp-content\/uploads\/2024\/08\/Banner-Aguirre-23.jpg","width":1192,"height":600,"caption":"Conservatorio de M\u00fasica Juli\u00e1n Aguirre"},"image":{"@id":"https:\/\/web.consaguirre.com.ar\/noticias\/#\/schema\/logo\/image\/"}},{"@type":"Person","@id":"https:\/\/web.consaguirre.com.ar\/noticias\/#\/schema\/person\/6558b0cfedee7ddc5425602b237d5722","name":"Javier Figueroa","image":{"@type":"ImageObject","inLanguage":"es-AR","@id":"https:\/\/web.consaguirre.com.ar\/noticias\/#\/schema\/person\/image\/","url":"https:\/\/web.consaguirre.com.ar\/noticias\/wp-content\/uploads\/2024\/08\/Consaguirre-scaled.jpg","contentUrl":"https:\/\/web.consaguirre.com.ar\/noticias\/wp-content\/uploads\/2024\/08\/Consaguirre-scaled.jpg","caption":"Javier Figueroa"},"description":"Me llamo Javier Figueroa y soy redactor para el sitio oficial del Conservatorio de M\u00fasica Juli\u00e1n Aguirre en Buenos Aires, consaguirre.com. Apasionado por la m\u00fasica y la escritura, me esfuerzo por destacar los talentos y eventos de nuestra prestigiosa instituci\u00f3n. Mi trayectoria se nutre de una profunda admiraci\u00f3n por los artistas, haciendo de cada art\u00edculo una celebraci\u00f3n de la creatividad y la cultura musical.","sameAs":["https:\/\/web.consaguirre.com.ar\/noticias"]}]}},"_links":{"self":[{"href":"https:\/\/web.consaguirre.com.ar\/noticias\/wp-json\/wp\/v2\/posts\/4777"}],"collection":[{"href":"https:\/\/web.consaguirre.com.ar\/noticias\/wp-json\/wp\/v2\/posts"}],"about":[{"href":"https:\/\/web.consaguirre.com.ar\/noticias\/wp-json\/wp\/v2\/types\/post"}],"author":[{"embeddable":true,"href":"https:\/\/web.consaguirre.com.ar\/noticias\/wp-json\/wp\/v2\/users\/1"}],"replies":[{"embeddable":true,"href":"https:\/\/web.consaguirre.com.ar\/noticias\/wp-json\/wp\/v2\/comments?post=4777"}],"version-history":[{"count":1,"href":"https:\/\/web.consaguirre.com.ar\/noticias\/wp-json\/wp\/v2\/posts\/4777\/revisions"}],"predecessor-version":[{"id":4779,"href":"https:\/\/web.consaguirre.com.ar\/noticias\/wp-json\/wp\/v2\/posts\/4777\/revisions\/4779"}],"wp:featuredmedia":[{"embeddable":true,"href":"https:\/\/web.consaguirre.com.ar\/noticias\/wp-json\/wp\/v2\/media\/4778"}],"wp:attachment":[{"href":"https:\/\/web.consaguirre.com.ar\/noticias\/wp-json\/wp\/v2\/media?parent=4777"}],"wp:term":[{"taxonomy":"category","embeddable":true,"href":"https:\/\/web.consaguirre.com.ar\/noticias\/wp-json\/wp\/v2\/categories?post=4777"},{"taxonomy":"post_tag","embeddable":true,"href":"https:\/\/web.consaguirre.com.ar\/noticias\/wp-json\/wp\/v2\/tags?post=4777"}],"curies":[{"name":"wp","href":"https:\/\/api.w.org\/{rel}","templated":true}]}}