{"id":4774,"date":"2026-01-08T14:39:35","date_gmt":"2026-01-08T17:39:35","guid":{"rendered":"https:\/\/web.consaguirre.com.ar\/noticias\/fecha-inaugural-del-dia-de-bienestar-y-5-km-de-beach-boys\/"},"modified":"2026-01-08T14:39:36","modified_gmt":"2026-01-08T17:39:36","slug":"fecha-inaugural-del-dia-de-bienestar-y-5-km-de-beach-boys","status":"publish","type":"post","link":"https:\/\/web.consaguirre.com.ar\/noticias\/fecha-inaugural-del-dia-de-bienestar-y-5-km-de-beach-boys\/","title":{"rendered":"Fecha inaugural del d\u00eda de bienestar y 5 km de Beach Boys"},"content":{"rendered":"<p>El primer Beach Boys 5K &#038; Wellness Day est\u00e1 oficialmente en el horizonte. El 16 de mayo de 2026, el evento inaugural, que celebra a la ic\u00f3nica banda de California y el 60 aniversario de su \u00e1lbum fundamental. <em>Sonidos de mascotas<\/em>tendr\u00e1 lugar en Santa M\u00f3nica. Al combinar m\u00fasica en vivo y ejercicio f\u00edsico, el Beach Boys 5K &#038; Wellness Day honrar\u00e1 la m\u00fasica de la banda por excelencia e involucrar\u00e1 las mentes y los cuerpos de los fan\u00e1ticos. Los atletas interesados \u200b\u200by los fan\u00e1ticos de los Beach Boys pueden confirmar su asistencia ahora.<\/p>\n<p>En el evento, habr\u00e1 una serie de diferentes experiencias de fitness para que los fan\u00e1ticos exploren. El evento principal es The Beach Boys 5K, que traza un recorrido de 3,1 millas a lo largo de Ocean Ave y ofrece vistas del mar de Santa M\u00f3nica a medida que se acerca a la l\u00ednea de meta frente al mar. Tambi\u00e9n est\u00e1 el Pooch Run \u201cPet Sounds\u201d, que invita a los fan\u00e1ticos a correr con su mejor amigo peludo. Los perros que finalicen el curso tambi\u00e9n recibir\u00e1n su propia medalla comestible. Tambi\u00e9n hay algunas activaciones de bienestar \u201cEres tan bueno conmigo\u201d, que se centran en la salud mental y hol\u00edstica. Las opciones bajo este paraguas incluyen meditaciones guiadas, clases de spinning y yoga. Los fan\u00e1ticos que prefieran simplemente disfrutar el d\u00eda y escuchar algo de m\u00fasica tambi\u00e9n pueden visitar el Beer Garden &#8220;Don&#8217;t Worry Baby&#8221;, donde los DJ tocar\u00e1n cl\u00e1sicos de los Beach Boys y nueva m\u00fasica de artistas emergentes.<\/p>\n<div class=\"uD-YT-container\"><img decoding=\"async\" src=\"https:\/\/web.consaguirre.com.ar\/noticias\/wp-content\/uploads\/2026\/01\/1767893975_796_Fecha-inaugural-del-dia-de-bienestar-y-5-km-de.jpg\" alt=\"V\u00eddeo de YouTube\"><br \/>Haga clic para cargar v\u00eddeo<\/div>\n<p>Los fan\u00e1ticos no tienen que esperar hasta el 16 de mayo para involucrarse y mantenerse activos. Los organizadores del evento ya han seleccionado una lista de reproducci\u00f3n \u201cRun, Run, Run\u201d Beach Boys 5K Run, que re\u00fane algunos de los \u00e9xitos cl\u00e1sicos m\u00e1s grandes y energ\u00e9ticos de la banda junto con algunas caras B m\u00e1s contemplativas. La lista de reproducci\u00f3n ya est\u00e1 disponible en Spotify.<\/p>\n<p>Aunque han pasado 60 a\u00f1os desde el lanzamiento de <em>Sonidos de mascotas<\/em>los Beach Boys han seguido siendo un punto de contacto cultural para varias generaciones. La banda, liderada ahora por el miembro fundador Mike Love, contin\u00faa actuando hoy. En los pr\u00f3ximos meses, la banda estar\u00e1 en Florida, Carolina del Sur, Arizona, Nuevo M\u00e9xico y California, adem\u00e1s de fechas en Inglaterra y Escocia.<\/p>\n<p><b>Compra aqu\u00ed la m\u00fasica de The Beach Boys en vinilos y CD de edici\u00f3n limitada.<\/b><\/p>\n","protected":false},"excerpt":{"rendered":"<p>El primer Beach Boys 5K &#038; Wellness Day est\u00e1 oficialmente en el horizonte. El 16 de mayo de 2026, el evento inaugural, que celebra a<\/p>\n","protected":false},"author":1,"featured_media":4775,"comment_status":"closed","ping_status":"","sticky":false,"template":"","format":"standard","meta":{"footnotes":""},"categories":[50],"tags":[662,3720,193,10,921,288,3719],"class_list":["post-4774","post","type-post","status-publish","format-standard","has-post-thumbnail","hentry","category-el-ultimo","tag-beach","tag-bienestar","tag-boys","tag-del","tag-dia","tag-fecha","tag-inaugural","generate-columns","tablet-grid-50","mobile-grid-100","grid-parent","grid-50"],"yoast_head":"<!-- This site is optimized with the Yoast SEO plugin v23.3 - https:\/\/yoast.com\/wordpress\/plugins\/seo\/ -->\n<title>Fecha inaugural del d\u00eda de bienestar y 5 km de Beach Boys<\/title>\n<meta name=\"robots\" content=\"index, follow, max-snippet:-1, max-image-preview:large, max-video-preview:-1\" \/>\n<link rel=\"canonical\" href=\"https:\/\/web.consaguirre.com.ar\/noticias\/fecha-inaugural-del-dia-de-bienestar-y-5-km-de-beach-boys\/\" \/>\n<meta property=\"og:locale\" content=\"es_ES\" \/>\n<meta property=\"og:type\" content=\"article\" \/>\n<meta property=\"og:title\" content=\"Fecha inaugural del d\u00eda de bienestar y 5 km de Beach Boys\" \/>\n<meta property=\"og:description\" content=\"El primer Beach Boys 5K &#038; Wellness Day est\u00e1 oficialmente en el horizonte. El 16 de mayo de 2026, el evento inaugural, que celebra a\" \/>\n<meta property=\"og:url\" content=\"https:\/\/web.consaguirre.com.ar\/noticias\/fecha-inaugural-del-dia-de-bienestar-y-5-km-de-beach-boys\/\" \/>\n<meta property=\"og:site_name\" content=\"Conservatorio de M\u00fasica Juli\u00e1n Aguirre\" \/>\n<meta property=\"article:published_time\" content=\"2026-01-08T17:39:35+00:00\" \/>\n<meta property=\"article:modified_time\" content=\"2026-01-08T17:39:36+00:00\" \/>\n<meta property=\"og:image\" content=\"https:\/\/web.consaguirre.com.ar\/noticias\/wp-content\/uploads\/2026\/01\/Fecha-inaugural-del-dia-de-bienestar-y-5-km-de.jpg\" \/>\n\t<meta property=\"og:image:width\" content=\"1440\" \/>\n\t<meta property=\"og:image:height\" content=\"864\" \/>\n\t<meta property=\"og:image:type\" content=\"image\/jpeg\" \/>\n<meta name=\"author\" content=\"Javier Figueroa\" \/>\n<meta name=\"twitter:card\" content=\"summary_large_image\" \/>\n<meta name=\"twitter:label1\" content=\"Escrito por\" \/>\n\t<meta name=\"twitter:data1\" content=\"Javier Figueroa\" \/>\n\t<meta name=\"twitter:label2\" content=\"Tiempo de lectura\" \/>\n\t<meta name=\"twitter:data2\" content=\"2 minutos\" \/>\n<script type=\"application\/ld+json\" class=\"yoast-schema-graph\">{\"@context\":\"https:\/\/schema.org\",\"@graph\":[{\"@type\":\"Article\",\"@id\":\"https:\/\/web.consaguirre.com.ar\/noticias\/fecha-inaugural-del-dia-de-bienestar-y-5-km-de-beach-boys\/#article\",\"isPartOf\":{\"@id\":\"https:\/\/web.consaguirre.com.ar\/noticias\/fecha-inaugural-del-dia-de-bienestar-y-5-km-de-beach-boys\/\"},\"author\":{\"name\":\"Javier Figueroa\",\"@id\":\"https:\/\/web.consaguirre.com.ar\/noticias\/#\/schema\/person\/6558b0cfedee7ddc5425602b237d5722\"},\"headline\":\"Fecha inaugural del d\u00eda de bienestar y 5 km de Beach Boys\",\"datePublished\":\"2026-01-08T17:39:35+00:00\",\"dateModified\":\"2026-01-08T17:39:36+00:00\",\"mainEntityOfPage\":{\"@id\":\"https:\/\/web.consaguirre.com.ar\/noticias\/fecha-inaugural-del-dia-de-bienestar-y-5-km-de-beach-boys\/\"},\"wordCount\":441,\"publisher\":{\"@id\":\"https:\/\/web.consaguirre.com.ar\/noticias\/#organization\"},\"image\":{\"@id\":\"https:\/\/web.consaguirre.com.ar\/noticias\/fecha-inaugural-del-dia-de-bienestar-y-5-km-de-beach-boys\/#primaryimage\"},\"thumbnailUrl\":\"https:\/\/web.consaguirre.com.ar\/noticias\/wp-content\/uploads\/2026\/01\/Fecha-inaugural-del-dia-de-bienestar-y-5-km-de.jpg\",\"keywords\":[\"Beach\",\"bienestar\",\"Boys\",\"del\",\"d\u00eda\",\"fecha\",\"inaugural\"],\"articleSection\":[\"El \u00faltimo\"],\"inLanguage\":\"es-AR\"},{\"@type\":\"WebPage\",\"@id\":\"https:\/\/web.consaguirre.com.ar\/noticias\/fecha-inaugural-del-dia-de-bienestar-y-5-km-de-beach-boys\/\",\"url\":\"https:\/\/web.consaguirre.com.ar\/noticias\/fecha-inaugural-del-dia-de-bienestar-y-5-km-de-beach-boys\/\",\"name\":\"Fecha inaugural del d\u00eda de bienestar y 5 km de Beach Boys\",\"isPartOf\":{\"@id\":\"https:\/\/web.consaguirre.com.ar\/noticias\/#website\"},\"primaryImageOfPage\":{\"@id\":\"https:\/\/web.consaguirre.com.ar\/noticias\/fecha-inaugural-del-dia-de-bienestar-y-5-km-de-beach-boys\/#primaryimage\"},\"image\":{\"@id\":\"https:\/\/web.consaguirre.com.ar\/noticias\/fecha-inaugural-del-dia-de-bienestar-y-5-km-de-beach-boys\/#primaryimage\"},\"thumbnailUrl\":\"https:\/\/web.consaguirre.com.ar\/noticias\/wp-content\/uploads\/2026\/01\/Fecha-inaugural-del-dia-de-bienestar-y-5-km-de.jpg\",\"datePublished\":\"2026-01-08T17:39:35+00:00\",\"dateModified\":\"2026-01-08T17:39:36+00:00\",\"breadcrumb\":{\"@id\":\"https:\/\/web.consaguirre.com.ar\/noticias\/fecha-inaugural-del-dia-de-bienestar-y-5-km-de-beach-boys\/#breadcrumb\"},\"inLanguage\":\"es-AR\",\"potentialAction\":[{\"@type\":\"ReadAction\",\"target\":[\"https:\/\/web.consaguirre.com.ar\/noticias\/fecha-inaugural-del-dia-de-bienestar-y-5-km-de-beach-boys\/\"]}]},{\"@type\":\"ImageObject\",\"inLanguage\":\"es-AR\",\"@id\":\"https:\/\/web.consaguirre.com.ar\/noticias\/fecha-inaugural-del-dia-de-bienestar-y-5-km-de-beach-boys\/#primaryimage\",\"url\":\"https:\/\/web.consaguirre.com.ar\/noticias\/wp-content\/uploads\/2026\/01\/Fecha-inaugural-del-dia-de-bienestar-y-5-km-de.jpg\",\"contentUrl\":\"https:\/\/web.consaguirre.com.ar\/noticias\/wp-content\/uploads\/2026\/01\/Fecha-inaugural-del-dia-de-bienestar-y-5-km-de.jpg\",\"width\":1440,\"height\":864,\"caption\":\"The Beach Boys - Photo: Michael Ochs Archives\/Getty Images\"},{\"@type\":\"BreadcrumbList\",\"@id\":\"https:\/\/web.consaguirre.com.ar\/noticias\/fecha-inaugural-del-dia-de-bienestar-y-5-km-de-beach-boys\/#breadcrumb\",\"itemListElement\":[{\"@type\":\"ListItem\",\"position\":1,\"name\":\"Inicio\",\"item\":\"https:\/\/web.consaguirre.com.ar\/noticias\/\"},{\"@type\":\"ListItem\",\"position\":2,\"name\":\"Fecha inaugural del d\u00eda de bienestar y 5 km de Beach Boys\"}]},{\"@type\":\"WebSite\",\"@id\":\"https:\/\/web.consaguirre.com.ar\/noticias\/#website\",\"url\":\"https:\/\/web.consaguirre.com.ar\/noticias\/\",\"name\":\"Conservatorio de M\u00fasica Juli\u00e1n Aguirre\",\"description\":\"\",\"publisher\":{\"@id\":\"https:\/\/web.consaguirre.com.ar\/noticias\/#organization\"},\"potentialAction\":[{\"@type\":\"SearchAction\",\"target\":{\"@type\":\"EntryPoint\",\"urlTemplate\":\"https:\/\/web.consaguirre.com.ar\/noticias\/?s={search_term_string}\"},\"query-input\":\"required name=search_term_string\"}],\"inLanguage\":\"es-AR\"},{\"@type\":\"Organization\",\"@id\":\"https:\/\/web.consaguirre.com.ar\/noticias\/#organization\",\"name\":\"Conservatorio de M\u00fasica Juli\u00e1n Aguirre\",\"url\":\"https:\/\/web.consaguirre.com.ar\/noticias\/\",\"logo\":{\"@type\":\"ImageObject\",\"inLanguage\":\"es-AR\",\"@id\":\"https:\/\/web.consaguirre.com.ar\/noticias\/#\/schema\/logo\/image\/\",\"url\":\"https:\/\/web.consaguirre.com.ar\/noticias\/wp-content\/uploads\/2024\/08\/Banner-Aguirre-23.jpg\",\"contentUrl\":\"https:\/\/web.consaguirre.com.ar\/noticias\/wp-content\/uploads\/2024\/08\/Banner-Aguirre-23.jpg\",\"width\":1192,\"height\":600,\"caption\":\"Conservatorio de M\u00fasica Juli\u00e1n Aguirre\"},\"image\":{\"@id\":\"https:\/\/web.consaguirre.com.ar\/noticias\/#\/schema\/logo\/image\/\"}},{\"@type\":\"Person\",\"@id\":\"https:\/\/web.consaguirre.com.ar\/noticias\/#\/schema\/person\/6558b0cfedee7ddc5425602b237d5722\",\"name\":\"Javier Figueroa\",\"image\":{\"@type\":\"ImageObject\",\"inLanguage\":\"es-AR\",\"@id\":\"https:\/\/web.consaguirre.com.ar\/noticias\/#\/schema\/person\/image\/\",\"url\":\"https:\/\/web.consaguirre.com.ar\/noticias\/wp-content\/uploads\/2024\/08\/Consaguirre-scaled.jpg\",\"contentUrl\":\"https:\/\/web.consaguirre.com.ar\/noticias\/wp-content\/uploads\/2024\/08\/Consaguirre-scaled.jpg\",\"caption\":\"Javier Figueroa\"},\"description\":\"Me llamo Javier Figueroa y soy redactor para el sitio oficial del Conservatorio de M\u00fasica Juli\u00e1n Aguirre en Buenos Aires, consaguirre.com. Apasionado por la m\u00fasica y la escritura, me esfuerzo por destacar los talentos y eventos de nuestra prestigiosa instituci\u00f3n. Mi trayectoria se nutre de una profunda admiraci\u00f3n por los artistas, haciendo de cada art\u00edculo una celebraci\u00f3n de la creatividad y la cultura musical.\",\"sameAs\":[\"https:\/\/web.consaguirre.com.ar\/noticias\"]}]}<\/script>\n<!-- \/ Yoast SEO plugin. -->","yoast_head_json":{"title":"Fecha inaugural del d\u00eda de bienestar y 5 km de Beach Boys","robots":{"index":"index","follow":"follow","max-snippet":"max-snippet:-1","max-image-preview":"max-image-preview:large","max-video-preview":"max-video-preview:-1"},"canonical":"https:\/\/web.consaguirre.com.ar\/noticias\/fecha-inaugural-del-dia-de-bienestar-y-5-km-de-beach-boys\/","og_locale":"es_ES","og_type":"article","og_title":"Fecha inaugural del d\u00eda de bienestar y 5 km de Beach Boys","og_description":"El primer Beach Boys 5K &#038; Wellness Day est\u00e1 oficialmente en el horizonte. El 16 de mayo de 2026, el evento inaugural, que celebra a","og_url":"https:\/\/web.consaguirre.com.ar\/noticias\/fecha-inaugural-del-dia-de-bienestar-y-5-km-de-beach-boys\/","og_site_name":"Conservatorio de M\u00fasica Juli\u00e1n Aguirre","article_published_time":"2026-01-08T17:39:35+00:00","article_modified_time":"2026-01-08T17:39:36+00:00","og_image":[{"width":1440,"height":864,"url":"https:\/\/web.consaguirre.com.ar\/noticias\/wp-content\/uploads\/2026\/01\/Fecha-inaugural-del-dia-de-bienestar-y-5-km-de.jpg","type":"image\/jpeg"}],"author":"Javier Figueroa","twitter_card":"summary_large_image","twitter_misc":{"Escrito por":"Javier Figueroa","Tiempo de lectura":"2 minutos"},"schema":{"@context":"https:\/\/schema.org","@graph":[{"@type":"Article","@id":"https:\/\/web.consaguirre.com.ar\/noticias\/fecha-inaugural-del-dia-de-bienestar-y-5-km-de-beach-boys\/#article","isPartOf":{"@id":"https:\/\/web.consaguirre.com.ar\/noticias\/fecha-inaugural-del-dia-de-bienestar-y-5-km-de-beach-boys\/"},"author":{"name":"Javier Figueroa","@id":"https:\/\/web.consaguirre.com.ar\/noticias\/#\/schema\/person\/6558b0cfedee7ddc5425602b237d5722"},"headline":"Fecha inaugural del d\u00eda de bienestar y 5 km de Beach Boys","datePublished":"2026-01-08T17:39:35+00:00","dateModified":"2026-01-08T17:39:36+00:00","mainEntityOfPage":{"@id":"https:\/\/web.consaguirre.com.ar\/noticias\/fecha-inaugural-del-dia-de-bienestar-y-5-km-de-beach-boys\/"},"wordCount":441,"publisher":{"@id":"https:\/\/web.consaguirre.com.ar\/noticias\/#organization"},"image":{"@id":"https:\/\/web.consaguirre.com.ar\/noticias\/fecha-inaugural-del-dia-de-bienestar-y-5-km-de-beach-boys\/#primaryimage"},"thumbnailUrl":"https:\/\/web.consaguirre.com.ar\/noticias\/wp-content\/uploads\/2026\/01\/Fecha-inaugural-del-dia-de-bienestar-y-5-km-de.jpg","keywords":["Beach","bienestar","Boys","del","d\u00eda","fecha","inaugural"],"articleSection":["El \u00faltimo"],"inLanguage":"es-AR"},{"@type":"WebPage","@id":"https:\/\/web.consaguirre.com.ar\/noticias\/fecha-inaugural-del-dia-de-bienestar-y-5-km-de-beach-boys\/","url":"https:\/\/web.consaguirre.com.ar\/noticias\/fecha-inaugural-del-dia-de-bienestar-y-5-km-de-beach-boys\/","name":"Fecha inaugural del d\u00eda de bienestar y 5 km de Beach Boys","isPartOf":{"@id":"https:\/\/web.consaguirre.com.ar\/noticias\/#website"},"primaryImageOfPage":{"@id":"https:\/\/web.consaguirre.com.ar\/noticias\/fecha-inaugural-del-dia-de-bienestar-y-5-km-de-beach-boys\/#primaryimage"},"image":{"@id":"https:\/\/web.consaguirre.com.ar\/noticias\/fecha-inaugural-del-dia-de-bienestar-y-5-km-de-beach-boys\/#primaryimage"},"thumbnailUrl":"https:\/\/web.consaguirre.com.ar\/noticias\/wp-content\/uploads\/2026\/01\/Fecha-inaugural-del-dia-de-bienestar-y-5-km-de.jpg","datePublished":"2026-01-08T17:39:35+00:00","dateModified":"2026-01-08T17:39:36+00:00","breadcrumb":{"@id":"https:\/\/web.consaguirre.com.ar\/noticias\/fecha-inaugural-del-dia-de-bienestar-y-5-km-de-beach-boys\/#breadcrumb"},"inLanguage":"es-AR","potentialAction":[{"@type":"ReadAction","target":["https:\/\/web.consaguirre.com.ar\/noticias\/fecha-inaugural-del-dia-de-bienestar-y-5-km-de-beach-boys\/"]}]},{"@type":"ImageObject","inLanguage":"es-AR","@id":"https:\/\/web.consaguirre.com.ar\/noticias\/fecha-inaugural-del-dia-de-bienestar-y-5-km-de-beach-boys\/#primaryimage","url":"https:\/\/web.consaguirre.com.ar\/noticias\/wp-content\/uploads\/2026\/01\/Fecha-inaugural-del-dia-de-bienestar-y-5-km-de.jpg","contentUrl":"https:\/\/web.consaguirre.com.ar\/noticias\/wp-content\/uploads\/2026\/01\/Fecha-inaugural-del-dia-de-bienestar-y-5-km-de.jpg","width":1440,"height":864,"caption":"The Beach Boys - Photo: Michael Ochs Archives\/Getty Images"},{"@type":"BreadcrumbList","@id":"https:\/\/web.consaguirre.com.ar\/noticias\/fecha-inaugural-del-dia-de-bienestar-y-5-km-de-beach-boys\/#breadcrumb","itemListElement":[{"@type":"ListItem","position":1,"name":"Inicio","item":"https:\/\/web.consaguirre.com.ar\/noticias\/"},{"@type":"ListItem","position":2,"name":"Fecha inaugural del d\u00eda de bienestar y 5 km de Beach Boys"}]},{"@type":"WebSite","@id":"https:\/\/web.consaguirre.com.ar\/noticias\/#website","url":"https:\/\/web.consaguirre.com.ar\/noticias\/","name":"Conservatorio de M\u00fasica Juli\u00e1n Aguirre","description":"","publisher":{"@id":"https:\/\/web.consaguirre.com.ar\/noticias\/#organization"},"potentialAction":[{"@type":"SearchAction","target":{"@type":"EntryPoint","urlTemplate":"https:\/\/web.consaguirre.com.ar\/noticias\/?s={search_term_string}"},"query-input":"required name=search_term_string"}],"inLanguage":"es-AR"},{"@type":"Organization","@id":"https:\/\/web.consaguirre.com.ar\/noticias\/#organization","name":"Conservatorio de M\u00fasica Juli\u00e1n Aguirre","url":"https:\/\/web.consaguirre.com.ar\/noticias\/","logo":{"@type":"ImageObject","inLanguage":"es-AR","@id":"https:\/\/web.consaguirre.com.ar\/noticias\/#\/schema\/logo\/image\/","url":"https:\/\/web.consaguirre.com.ar\/noticias\/wp-content\/uploads\/2024\/08\/Banner-Aguirre-23.jpg","contentUrl":"https:\/\/web.consaguirre.com.ar\/noticias\/wp-content\/uploads\/2024\/08\/Banner-Aguirre-23.jpg","width":1192,"height":600,"caption":"Conservatorio de M\u00fasica Juli\u00e1n Aguirre"},"image":{"@id":"https:\/\/web.consaguirre.com.ar\/noticias\/#\/schema\/logo\/image\/"}},{"@type":"Person","@id":"https:\/\/web.consaguirre.com.ar\/noticias\/#\/schema\/person\/6558b0cfedee7ddc5425602b237d5722","name":"Javier Figueroa","image":{"@type":"ImageObject","inLanguage":"es-AR","@id":"https:\/\/web.consaguirre.com.ar\/noticias\/#\/schema\/person\/image\/","url":"https:\/\/web.consaguirre.com.ar\/noticias\/wp-content\/uploads\/2024\/08\/Consaguirre-scaled.jpg","contentUrl":"https:\/\/web.consaguirre.com.ar\/noticias\/wp-content\/uploads\/2024\/08\/Consaguirre-scaled.jpg","caption":"Javier Figueroa"},"description":"Me llamo Javier Figueroa y soy redactor para el sitio oficial del Conservatorio de M\u00fasica Juli\u00e1n Aguirre en Buenos Aires, consaguirre.com. Apasionado por la m\u00fasica y la escritura, me esfuerzo por destacar los talentos y eventos de nuestra prestigiosa instituci\u00f3n. Mi trayectoria se nutre de una profunda admiraci\u00f3n por los artistas, haciendo de cada art\u00edculo una celebraci\u00f3n de la creatividad y la cultura musical.","sameAs":["https:\/\/web.consaguirre.com.ar\/noticias"]}]}},"_links":{"self":[{"href":"https:\/\/web.consaguirre.com.ar\/noticias\/wp-json\/wp\/v2\/posts\/4774"}],"collection":[{"href":"https:\/\/web.consaguirre.com.ar\/noticias\/wp-json\/wp\/v2\/posts"}],"about":[{"href":"https:\/\/web.consaguirre.com.ar\/noticias\/wp-json\/wp\/v2\/types\/post"}],"author":[{"embeddable":true,"href":"https:\/\/web.consaguirre.com.ar\/noticias\/wp-json\/wp\/v2\/users\/1"}],"replies":[{"embeddable":true,"href":"https:\/\/web.consaguirre.com.ar\/noticias\/wp-json\/wp\/v2\/comments?post=4774"}],"version-history":[{"count":1,"href":"https:\/\/web.consaguirre.com.ar\/noticias\/wp-json\/wp\/v2\/posts\/4774\/revisions"}],"predecessor-version":[{"id":4776,"href":"https:\/\/web.consaguirre.com.ar\/noticias\/wp-json\/wp\/v2\/posts\/4774\/revisions\/4776"}],"wp:featuredmedia":[{"embeddable":true,"href":"https:\/\/web.consaguirre.com.ar\/noticias\/wp-json\/wp\/v2\/media\/4775"}],"wp:attachment":[{"href":"https:\/\/web.consaguirre.com.ar\/noticias\/wp-json\/wp\/v2\/media?parent=4774"}],"wp:term":[{"taxonomy":"category","embeddable":true,"href":"https:\/\/web.consaguirre.com.ar\/noticias\/wp-json\/wp\/v2\/categories?post=4774"},{"taxonomy":"post_tag","embeddable":true,"href":"https:\/\/web.consaguirre.com.ar\/noticias\/wp-json\/wp\/v2\/tags?post=4774"}],"curies":[{"name":"wp","href":"https:\/\/api.w.org\/{rel}","templated":true}]}}