{"id":4762,"date":"2026-01-06T23:39:29","date_gmt":"2026-01-07T02:39:29","guid":{"rendered":"https:\/\/web.consaguirre.com.ar\/noticias\/el-rapero-britanico-dave-se-embarcara-en-una-gira-por-norteamerica-en-2026\/"},"modified":"2026-01-06T23:39:30","modified_gmt":"2026-01-07T02:39:30","slug":"el-rapero-britanico-dave-se-embarcara-en-una-gira-por-norteamerica-en-2026","status":"publish","type":"post","link":"https:\/\/web.consaguirre.com.ar\/noticias\/el-rapero-britanico-dave-se-embarcara-en-una-gira-por-norteamerica-en-2026\/","title":{"rendered":"El rapero brit\u00e1nico Dave se embarcar\u00e1 en una gira por Norteam\u00e9rica en 2026"},"content":{"rendered":"<p>El rapero ingl\u00e9s Dave, que encabeza las listas de \u00e9xitos, se embarcar\u00e1 en una gira por Norteam\u00e9rica en 2026 en apoyo de su nuevo \u00e1lbum, <em>El ni\u00f1o que tocaba el arpa<\/em>. La gira ver\u00e1 al rapero actuar en las principales ciudades, incluidas Los \u00c1ngeles, Atlanta, Washington DC, Toronto, Nueva York y m\u00e1s, por primera vez en casi cuatro a\u00f1os. Los boletos ya est\u00e1n a la venta, con informaci\u00f3n disponible a trav\u00e9s del sitio web de Dave.<\/p>\n<p>La gira comenzar\u00e1 el 27 de marzo en Seattle y concluir\u00e1 con una gira de dos noches en el Brooklyn Paramount de Nueva York. La \u00faltima noche, el 5 de mayo, ya est\u00e1 agotada.<\/p>\n<div class=\"uD-YT-container\"><img decoding=\"async\" src=\"https:\/\/web.consaguirre.com.ar\/noticias\/wp-content\/uploads\/2026\/01\/1767753569_455_El-rapero-britanico-Dave-se-embarcara-en-una-gira-por.jpg\" alt=\"V\u00eddeo de YouTube\"><br \/>Haga clic para cargar v\u00eddeo<\/div>\n<p>Antes de la gira por Norteam\u00e9rica, Dave se embarcar\u00e1 en una importante gira por estadios europeos en febrero y marzo de 2026, lo que marcar\u00e1 su primera gira como titular desde 2022. La gira de 17 fechas comienza en Munich en el Olympiahalle el 2 de febrero y contin\u00faa por Europa con fechas en Par\u00eds, Bruselas, Dusseldorf, \u00c1msterdam, Berl\u00edn, Copenhague, Estocolmo y Dubl\u00edn. Desde all\u00ed, continuar\u00e1 hacia el Reino Unido para una carrera nacional que comenzar\u00e1 en Glasgow en el OVO Hydro el 4 de marzo. Otras fechas incluyen Birmingham, Manchester y cuatro noches en el ic\u00f3nico O2 Arena de Londres. Si bien las entradas para la presentaci\u00f3n en el Reino Unido est\u00e1n agotadas, las entradas siguen disponibles para otros espect\u00e1culos en toda Europa.<\/p>\n<p><em>El ni\u00f1o que tocaba el arpa<\/em> se lanz\u00f3 en octubre de 2025. El disco fue un \u00e9xito inmediato, con Dave celebrando la segunda semana de apertura m\u00e1s importante para un \u00e1lbum brit\u00e1nico en 2025, adem\u00e1s de convertirse en el primer rapero brit\u00e1nico en debutar tres \u00e1lbumes en el puesto n\u00famero 1 en las listas del Reino Unido.<\/p>\n<p>El \u00e1lbum cuenta con numerosos colaboradores, incluido James Blake, quien anteriormente apareci\u00f3 en &#8220;Both Sides of A Smile&#8221; del segundo \u00e1lbum de Dave. <em>Estamos todos solos en esto juntos<\/em>. la liberaci\u00f3n de <em>Estamos todos solos en esto juntos<\/em> en julio de 2021 hizo historia en las listas brit\u00e1nicas. Rompi\u00f3 un r\u00e9cord de dos a\u00f1os de mayores ventas en la primera semana en todos los g\u00e9neros y se convirti\u00f3 en el mayor disco de rap del Reino Unido en m\u00e1s de una d\u00e9cada, logrando el estatus de oro a las tres semanas de su lanzamiento y convirti\u00e9ndose r\u00e1pidamente en el segundo \u00e1lbum de platino de Dave.<\/p><\/p>\n","protected":false},"excerpt":{"rendered":"<p>El rapero ingl\u00e9s Dave, que encabeza las listas de \u00e9xitos, se embarcar\u00e1 en una gira por Norteam\u00e9rica en 2026 en apoyo de su nuevo \u00e1lbum,<\/p>\n","protected":false},"author":1,"featured_media":4763,"comment_status":"closed","ping_status":"","sticky":false,"template":"","format":"standard","meta":{"footnotes":""},"categories":[50],"tags":[3711,3415,3712,492,1377,96,1077,191],"class_list":["post-4762","post","type-post","status-publish","format-standard","has-post-thumbnail","hentry","category-el-ultimo","tag-britanico","tag-dave","tag-embarcara","tag-gira","tag-norteamerica","tag-por","tag-rapero","tag-una","generate-columns","tablet-grid-50","mobile-grid-100","grid-parent","grid-50"],"yoast_head":"<!-- This site is optimized with the Yoast SEO plugin v23.3 - https:\/\/yoast.com\/wordpress\/plugins\/seo\/ -->\n<title>El rapero brit\u00e1nico Dave se embarcar\u00e1 en una gira por Norteam\u00e9rica en 2026<\/title>\n<meta name=\"robots\" content=\"index, follow, max-snippet:-1, max-image-preview:large, max-video-preview:-1\" \/>\n<link rel=\"canonical\" href=\"https:\/\/web.consaguirre.com.ar\/noticias\/el-rapero-britanico-dave-se-embarcara-en-una-gira-por-norteamerica-en-2026\/\" \/>\n<meta property=\"og:locale\" content=\"es_ES\" \/>\n<meta property=\"og:type\" content=\"article\" \/>\n<meta property=\"og:title\" content=\"El rapero brit\u00e1nico Dave se embarcar\u00e1 en una gira por Norteam\u00e9rica en 2026\" \/>\n<meta property=\"og:description\" content=\"El rapero ingl\u00e9s Dave, que encabeza las listas de \u00e9xitos, se embarcar\u00e1 en una gira por Norteam\u00e9rica en 2026 en apoyo de su nuevo \u00e1lbum,\" \/>\n<meta property=\"og:url\" content=\"https:\/\/web.consaguirre.com.ar\/noticias\/el-rapero-britanico-dave-se-embarcara-en-una-gira-por-norteamerica-en-2026\/\" \/>\n<meta property=\"og:site_name\" content=\"Conservatorio de M\u00fasica Juli\u00e1n Aguirre\" \/>\n<meta property=\"article:published_time\" content=\"2026-01-07T02:39:29+00:00\" \/>\n<meta property=\"article:modified_time\" content=\"2026-01-07T02:39:30+00:00\" \/>\n<meta property=\"og:image\" content=\"https:\/\/web.consaguirre.com.ar\/noticias\/wp-content\/uploads\/2026\/01\/El-rapero-britanico-Dave-se-embarcara-en-una-gira-por.jpg\" \/>\n\t<meta property=\"og:image:width\" content=\"820\" \/>\n\t<meta property=\"og:image:height\" content=\"820\" \/>\n\t<meta property=\"og:image:type\" content=\"image\/jpeg\" \/>\n<meta name=\"author\" content=\"Javier Figueroa\" \/>\n<meta name=\"twitter:card\" content=\"summary_large_image\" \/>\n<meta name=\"twitter:label1\" content=\"Escrito por\" \/>\n\t<meta name=\"twitter:data1\" content=\"Javier Figueroa\" \/>\n\t<meta name=\"twitter:label2\" content=\"Tiempo de lectura\" \/>\n\t<meta name=\"twitter:data2\" content=\"2 minutos\" \/>\n<script type=\"application\/ld+json\" class=\"yoast-schema-graph\">{\"@context\":\"https:\/\/schema.org\",\"@graph\":[{\"@type\":\"Article\",\"@id\":\"https:\/\/web.consaguirre.com.ar\/noticias\/el-rapero-britanico-dave-se-embarcara-en-una-gira-por-norteamerica-en-2026\/#article\",\"isPartOf\":{\"@id\":\"https:\/\/web.consaguirre.com.ar\/noticias\/el-rapero-britanico-dave-se-embarcara-en-una-gira-por-norteamerica-en-2026\/\"},\"author\":{\"name\":\"Javier Figueroa\",\"@id\":\"https:\/\/web.consaguirre.com.ar\/noticias\/#\/schema\/person\/6558b0cfedee7ddc5425602b237d5722\"},\"headline\":\"El rapero brit\u00e1nico Dave se embarcar\u00e1 en una gira por Norteam\u00e9rica en 2026\",\"datePublished\":\"2026-01-07T02:39:29+00:00\",\"dateModified\":\"2026-01-07T02:39:30+00:00\",\"mainEntityOfPage\":{\"@id\":\"https:\/\/web.consaguirre.com.ar\/noticias\/el-rapero-britanico-dave-se-embarcara-en-una-gira-por-norteamerica-en-2026\/\"},\"wordCount\":436,\"publisher\":{\"@id\":\"https:\/\/web.consaguirre.com.ar\/noticias\/#organization\"},\"image\":{\"@id\":\"https:\/\/web.consaguirre.com.ar\/noticias\/el-rapero-britanico-dave-se-embarcara-en-una-gira-por-norteamerica-en-2026\/#primaryimage\"},\"thumbnailUrl\":\"https:\/\/web.consaguirre.com.ar\/noticias\/wp-content\/uploads\/2026\/01\/El-rapero-britanico-Dave-se-embarcara-en-una-gira-por.jpg\",\"keywords\":[\"brit\u00e1nico\",\"Dave\",\"embarcar\u00e1\",\"gira\",\"Norteam\u00e9rica\",\"por\",\"rapero\",\"una\"],\"articleSection\":[\"El \u00faltimo\"],\"inLanguage\":\"es-AR\"},{\"@type\":\"WebPage\",\"@id\":\"https:\/\/web.consaguirre.com.ar\/noticias\/el-rapero-britanico-dave-se-embarcara-en-una-gira-por-norteamerica-en-2026\/\",\"url\":\"https:\/\/web.consaguirre.com.ar\/noticias\/el-rapero-britanico-dave-se-embarcara-en-una-gira-por-norteamerica-en-2026\/\",\"name\":\"El rapero brit\u00e1nico Dave se embarcar\u00e1 en una gira por Norteam\u00e9rica en 2026\",\"isPartOf\":{\"@id\":\"https:\/\/web.consaguirre.com.ar\/noticias\/#website\"},\"primaryImageOfPage\":{\"@id\":\"https:\/\/web.consaguirre.com.ar\/noticias\/el-rapero-britanico-dave-se-embarcara-en-una-gira-por-norteamerica-en-2026\/#primaryimage\"},\"image\":{\"@id\":\"https:\/\/web.consaguirre.com.ar\/noticias\/el-rapero-britanico-dave-se-embarcara-en-una-gira-por-norteamerica-en-2026\/#primaryimage\"},\"thumbnailUrl\":\"https:\/\/web.consaguirre.com.ar\/noticias\/wp-content\/uploads\/2026\/01\/El-rapero-britanico-Dave-se-embarcara-en-una-gira-por.jpg\",\"datePublished\":\"2026-01-07T02:39:29+00:00\",\"dateModified\":\"2026-01-07T02:39:30+00:00\",\"breadcrumb\":{\"@id\":\"https:\/\/web.consaguirre.com.ar\/noticias\/el-rapero-britanico-dave-se-embarcara-en-una-gira-por-norteamerica-en-2026\/#breadcrumb\"},\"inLanguage\":\"es-AR\",\"potentialAction\":[{\"@type\":\"ReadAction\",\"target\":[\"https:\/\/web.consaguirre.com.ar\/noticias\/el-rapero-britanico-dave-se-embarcara-en-una-gira-por-norteamerica-en-2026\/\"]}]},{\"@type\":\"ImageObject\",\"inLanguage\":\"es-AR\",\"@id\":\"https:\/\/web.consaguirre.com.ar\/noticias\/el-rapero-britanico-dave-se-embarcara-en-una-gira-por-norteamerica-en-2026\/#primaryimage\",\"url\":\"https:\/\/web.consaguirre.com.ar\/noticias\/wp-content\/uploads\/2026\/01\/El-rapero-britanico-Dave-se-embarcara-en-una-gira-por.jpg\",\"contentUrl\":\"https:\/\/web.consaguirre.com.ar\/noticias\/wp-content\/uploads\/2026\/01\/El-rapero-britanico-Dave-se-embarcara-en-una-gira-por.jpg\",\"width\":820,\"height\":820,\"caption\":\"El rapero brit\u00e1nico Dave se embarcar\u00e1 en una gira por Norteam\u00e9rica en 2026\"},{\"@type\":\"BreadcrumbList\",\"@id\":\"https:\/\/web.consaguirre.com.ar\/noticias\/el-rapero-britanico-dave-se-embarcara-en-una-gira-por-norteamerica-en-2026\/#breadcrumb\",\"itemListElement\":[{\"@type\":\"ListItem\",\"position\":1,\"name\":\"Inicio\",\"item\":\"https:\/\/web.consaguirre.com.ar\/noticias\/\"},{\"@type\":\"ListItem\",\"position\":2,\"name\":\"El rapero brit\u00e1nico Dave se embarcar\u00e1 en una gira por Norteam\u00e9rica en 2026\"}]},{\"@type\":\"WebSite\",\"@id\":\"https:\/\/web.consaguirre.com.ar\/noticias\/#website\",\"url\":\"https:\/\/web.consaguirre.com.ar\/noticias\/\",\"name\":\"Conservatorio de M\u00fasica Juli\u00e1n Aguirre\",\"description\":\"\",\"publisher\":{\"@id\":\"https:\/\/web.consaguirre.com.ar\/noticias\/#organization\"},\"potentialAction\":[{\"@type\":\"SearchAction\",\"target\":{\"@type\":\"EntryPoint\",\"urlTemplate\":\"https:\/\/web.consaguirre.com.ar\/noticias\/?s={search_term_string}\"},\"query-input\":\"required name=search_term_string\"}],\"inLanguage\":\"es-AR\"},{\"@type\":\"Organization\",\"@id\":\"https:\/\/web.consaguirre.com.ar\/noticias\/#organization\",\"name\":\"Conservatorio de M\u00fasica Juli\u00e1n Aguirre\",\"url\":\"https:\/\/web.consaguirre.com.ar\/noticias\/\",\"logo\":{\"@type\":\"ImageObject\",\"inLanguage\":\"es-AR\",\"@id\":\"https:\/\/web.consaguirre.com.ar\/noticias\/#\/schema\/logo\/image\/\",\"url\":\"https:\/\/web.consaguirre.com.ar\/noticias\/wp-content\/uploads\/2024\/08\/Banner-Aguirre-23.jpg\",\"contentUrl\":\"https:\/\/web.consaguirre.com.ar\/noticias\/wp-content\/uploads\/2024\/08\/Banner-Aguirre-23.jpg\",\"width\":1192,\"height\":600,\"caption\":\"Conservatorio de M\u00fasica Juli\u00e1n Aguirre\"},\"image\":{\"@id\":\"https:\/\/web.consaguirre.com.ar\/noticias\/#\/schema\/logo\/image\/\"}},{\"@type\":\"Person\",\"@id\":\"https:\/\/web.consaguirre.com.ar\/noticias\/#\/schema\/person\/6558b0cfedee7ddc5425602b237d5722\",\"name\":\"Javier Figueroa\",\"image\":{\"@type\":\"ImageObject\",\"inLanguage\":\"es-AR\",\"@id\":\"https:\/\/web.consaguirre.com.ar\/noticias\/#\/schema\/person\/image\/\",\"url\":\"https:\/\/web.consaguirre.com.ar\/noticias\/wp-content\/uploads\/2024\/08\/Consaguirre-scaled.jpg\",\"contentUrl\":\"https:\/\/web.consaguirre.com.ar\/noticias\/wp-content\/uploads\/2024\/08\/Consaguirre-scaled.jpg\",\"caption\":\"Javier Figueroa\"},\"description\":\"Me llamo Javier Figueroa y soy redactor para el sitio oficial del Conservatorio de M\u00fasica Juli\u00e1n Aguirre en Buenos Aires, consaguirre.com. Apasionado por la m\u00fasica y la escritura, me esfuerzo por destacar los talentos y eventos de nuestra prestigiosa instituci\u00f3n. Mi trayectoria se nutre de una profunda admiraci\u00f3n por los artistas, haciendo de cada art\u00edculo una celebraci\u00f3n de la creatividad y la cultura musical.\",\"sameAs\":[\"https:\/\/web.consaguirre.com.ar\/noticias\"]}]}<\/script>\n<!-- \/ Yoast SEO plugin. -->","yoast_head_json":{"title":"El rapero brit\u00e1nico Dave se embarcar\u00e1 en una gira por Norteam\u00e9rica en 2026","robots":{"index":"index","follow":"follow","max-snippet":"max-snippet:-1","max-image-preview":"max-image-preview:large","max-video-preview":"max-video-preview:-1"},"canonical":"https:\/\/web.consaguirre.com.ar\/noticias\/el-rapero-britanico-dave-se-embarcara-en-una-gira-por-norteamerica-en-2026\/","og_locale":"es_ES","og_type":"article","og_title":"El rapero brit\u00e1nico Dave se embarcar\u00e1 en una gira por Norteam\u00e9rica en 2026","og_description":"El rapero ingl\u00e9s Dave, que encabeza las listas de \u00e9xitos, se embarcar\u00e1 en una gira por Norteam\u00e9rica en 2026 en apoyo de su nuevo \u00e1lbum,","og_url":"https:\/\/web.consaguirre.com.ar\/noticias\/el-rapero-britanico-dave-se-embarcara-en-una-gira-por-norteamerica-en-2026\/","og_site_name":"Conservatorio de M\u00fasica Juli\u00e1n Aguirre","article_published_time":"2026-01-07T02:39:29+00:00","article_modified_time":"2026-01-07T02:39:30+00:00","og_image":[{"width":820,"height":820,"url":"https:\/\/web.consaguirre.com.ar\/noticias\/wp-content\/uploads\/2026\/01\/El-rapero-britanico-Dave-se-embarcara-en-una-gira-por.jpg","type":"image\/jpeg"}],"author":"Javier Figueroa","twitter_card":"summary_large_image","twitter_misc":{"Escrito por":"Javier Figueroa","Tiempo de lectura":"2 minutos"},"schema":{"@context":"https:\/\/schema.org","@graph":[{"@type":"Article","@id":"https:\/\/web.consaguirre.com.ar\/noticias\/el-rapero-britanico-dave-se-embarcara-en-una-gira-por-norteamerica-en-2026\/#article","isPartOf":{"@id":"https:\/\/web.consaguirre.com.ar\/noticias\/el-rapero-britanico-dave-se-embarcara-en-una-gira-por-norteamerica-en-2026\/"},"author":{"name":"Javier Figueroa","@id":"https:\/\/web.consaguirre.com.ar\/noticias\/#\/schema\/person\/6558b0cfedee7ddc5425602b237d5722"},"headline":"El rapero brit\u00e1nico Dave se embarcar\u00e1 en una gira por Norteam\u00e9rica en 2026","datePublished":"2026-01-07T02:39:29+00:00","dateModified":"2026-01-07T02:39:30+00:00","mainEntityOfPage":{"@id":"https:\/\/web.consaguirre.com.ar\/noticias\/el-rapero-britanico-dave-se-embarcara-en-una-gira-por-norteamerica-en-2026\/"},"wordCount":436,"publisher":{"@id":"https:\/\/web.consaguirre.com.ar\/noticias\/#organization"},"image":{"@id":"https:\/\/web.consaguirre.com.ar\/noticias\/el-rapero-britanico-dave-se-embarcara-en-una-gira-por-norteamerica-en-2026\/#primaryimage"},"thumbnailUrl":"https:\/\/web.consaguirre.com.ar\/noticias\/wp-content\/uploads\/2026\/01\/El-rapero-britanico-Dave-se-embarcara-en-una-gira-por.jpg","keywords":["brit\u00e1nico","Dave","embarcar\u00e1","gira","Norteam\u00e9rica","por","rapero","una"],"articleSection":["El \u00faltimo"],"inLanguage":"es-AR"},{"@type":"WebPage","@id":"https:\/\/web.consaguirre.com.ar\/noticias\/el-rapero-britanico-dave-se-embarcara-en-una-gira-por-norteamerica-en-2026\/","url":"https:\/\/web.consaguirre.com.ar\/noticias\/el-rapero-britanico-dave-se-embarcara-en-una-gira-por-norteamerica-en-2026\/","name":"El rapero brit\u00e1nico Dave se embarcar\u00e1 en una gira por Norteam\u00e9rica en 2026","isPartOf":{"@id":"https:\/\/web.consaguirre.com.ar\/noticias\/#website"},"primaryImageOfPage":{"@id":"https:\/\/web.consaguirre.com.ar\/noticias\/el-rapero-britanico-dave-se-embarcara-en-una-gira-por-norteamerica-en-2026\/#primaryimage"},"image":{"@id":"https:\/\/web.consaguirre.com.ar\/noticias\/el-rapero-britanico-dave-se-embarcara-en-una-gira-por-norteamerica-en-2026\/#primaryimage"},"thumbnailUrl":"https:\/\/web.consaguirre.com.ar\/noticias\/wp-content\/uploads\/2026\/01\/El-rapero-britanico-Dave-se-embarcara-en-una-gira-por.jpg","datePublished":"2026-01-07T02:39:29+00:00","dateModified":"2026-01-07T02:39:30+00:00","breadcrumb":{"@id":"https:\/\/web.consaguirre.com.ar\/noticias\/el-rapero-britanico-dave-se-embarcara-en-una-gira-por-norteamerica-en-2026\/#breadcrumb"},"inLanguage":"es-AR","potentialAction":[{"@type":"ReadAction","target":["https:\/\/web.consaguirre.com.ar\/noticias\/el-rapero-britanico-dave-se-embarcara-en-una-gira-por-norteamerica-en-2026\/"]}]},{"@type":"ImageObject","inLanguage":"es-AR","@id":"https:\/\/web.consaguirre.com.ar\/noticias\/el-rapero-britanico-dave-se-embarcara-en-una-gira-por-norteamerica-en-2026\/#primaryimage","url":"https:\/\/web.consaguirre.com.ar\/noticias\/wp-content\/uploads\/2026\/01\/El-rapero-britanico-Dave-se-embarcara-en-una-gira-por.jpg","contentUrl":"https:\/\/web.consaguirre.com.ar\/noticias\/wp-content\/uploads\/2026\/01\/El-rapero-britanico-Dave-se-embarcara-en-una-gira-por.jpg","width":820,"height":820,"caption":"El rapero brit\u00e1nico Dave se embarcar\u00e1 en una gira por Norteam\u00e9rica en 2026"},{"@type":"BreadcrumbList","@id":"https:\/\/web.consaguirre.com.ar\/noticias\/el-rapero-britanico-dave-se-embarcara-en-una-gira-por-norteamerica-en-2026\/#breadcrumb","itemListElement":[{"@type":"ListItem","position":1,"name":"Inicio","item":"https:\/\/web.consaguirre.com.ar\/noticias\/"},{"@type":"ListItem","position":2,"name":"El rapero brit\u00e1nico Dave se embarcar\u00e1 en una gira por Norteam\u00e9rica en 2026"}]},{"@type":"WebSite","@id":"https:\/\/web.consaguirre.com.ar\/noticias\/#website","url":"https:\/\/web.consaguirre.com.ar\/noticias\/","name":"Conservatorio de M\u00fasica Juli\u00e1n Aguirre","description":"","publisher":{"@id":"https:\/\/web.consaguirre.com.ar\/noticias\/#organization"},"potentialAction":[{"@type":"SearchAction","target":{"@type":"EntryPoint","urlTemplate":"https:\/\/web.consaguirre.com.ar\/noticias\/?s={search_term_string}"},"query-input":"required name=search_term_string"}],"inLanguage":"es-AR"},{"@type":"Organization","@id":"https:\/\/web.consaguirre.com.ar\/noticias\/#organization","name":"Conservatorio de M\u00fasica Juli\u00e1n Aguirre","url":"https:\/\/web.consaguirre.com.ar\/noticias\/","logo":{"@type":"ImageObject","inLanguage":"es-AR","@id":"https:\/\/web.consaguirre.com.ar\/noticias\/#\/schema\/logo\/image\/","url":"https:\/\/web.consaguirre.com.ar\/noticias\/wp-content\/uploads\/2024\/08\/Banner-Aguirre-23.jpg","contentUrl":"https:\/\/web.consaguirre.com.ar\/noticias\/wp-content\/uploads\/2024\/08\/Banner-Aguirre-23.jpg","width":1192,"height":600,"caption":"Conservatorio de M\u00fasica Juli\u00e1n Aguirre"},"image":{"@id":"https:\/\/web.consaguirre.com.ar\/noticias\/#\/schema\/logo\/image\/"}},{"@type":"Person","@id":"https:\/\/web.consaguirre.com.ar\/noticias\/#\/schema\/person\/6558b0cfedee7ddc5425602b237d5722","name":"Javier Figueroa","image":{"@type":"ImageObject","inLanguage":"es-AR","@id":"https:\/\/web.consaguirre.com.ar\/noticias\/#\/schema\/person\/image\/","url":"https:\/\/web.consaguirre.com.ar\/noticias\/wp-content\/uploads\/2024\/08\/Consaguirre-scaled.jpg","contentUrl":"https:\/\/web.consaguirre.com.ar\/noticias\/wp-content\/uploads\/2024\/08\/Consaguirre-scaled.jpg","caption":"Javier Figueroa"},"description":"Me llamo Javier Figueroa y soy redactor para el sitio oficial del Conservatorio de M\u00fasica Juli\u00e1n Aguirre en Buenos Aires, consaguirre.com. Apasionado por la m\u00fasica y la escritura, me esfuerzo por destacar los talentos y eventos de nuestra prestigiosa instituci\u00f3n. Mi trayectoria se nutre de una profunda admiraci\u00f3n por los artistas, haciendo de cada art\u00edculo una celebraci\u00f3n de la creatividad y la cultura musical.","sameAs":["https:\/\/web.consaguirre.com.ar\/noticias"]}]}},"_links":{"self":[{"href":"https:\/\/web.consaguirre.com.ar\/noticias\/wp-json\/wp\/v2\/posts\/4762"}],"collection":[{"href":"https:\/\/web.consaguirre.com.ar\/noticias\/wp-json\/wp\/v2\/posts"}],"about":[{"href":"https:\/\/web.consaguirre.com.ar\/noticias\/wp-json\/wp\/v2\/types\/post"}],"author":[{"embeddable":true,"href":"https:\/\/web.consaguirre.com.ar\/noticias\/wp-json\/wp\/v2\/users\/1"}],"replies":[{"embeddable":true,"href":"https:\/\/web.consaguirre.com.ar\/noticias\/wp-json\/wp\/v2\/comments?post=4762"}],"version-history":[{"count":1,"href":"https:\/\/web.consaguirre.com.ar\/noticias\/wp-json\/wp\/v2\/posts\/4762\/revisions"}],"predecessor-version":[{"id":4764,"href":"https:\/\/web.consaguirre.com.ar\/noticias\/wp-json\/wp\/v2\/posts\/4762\/revisions\/4764"}],"wp:featuredmedia":[{"embeddable":true,"href":"https:\/\/web.consaguirre.com.ar\/noticias\/wp-json\/wp\/v2\/media\/4763"}],"wp:attachment":[{"href":"https:\/\/web.consaguirre.com.ar\/noticias\/wp-json\/wp\/v2\/media?parent=4762"}],"wp:term":[{"taxonomy":"category","embeddable":true,"href":"https:\/\/web.consaguirre.com.ar\/noticias\/wp-json\/wp\/v2\/categories?post=4762"},{"taxonomy":"post_tag","embeddable":true,"href":"https:\/\/web.consaguirre.com.ar\/noticias\/wp-json\/wp\/v2\/tags?post=4762"}],"curies":[{"name":"wp","href":"https:\/\/api.w.org\/{rel}","templated":true}]}}