{"id":4759,"date":"2026-01-06T20:39:17","date_gmt":"2026-01-06T23:39:17","guid":{"rendered":"https:\/\/web.consaguirre.com.ar\/noticias\/ella-mai-anuncia-nuevo-album-todavia-me-amas\/"},"modified":"2026-01-06T20:39:18","modified_gmt":"2026-01-06T23:39:18","slug":"ella-mai-anuncia-nuevo-album-todavia-me-amas","status":"publish","type":"post","link":"https:\/\/web.consaguirre.com.ar\/noticias\/ella-mai-anuncia-nuevo-album-todavia-me-amas\/","title":{"rendered":"Ella Mai anuncia nuevo \u00e1lbum, &#8216;\u00bfTodav\u00eda me amas?&#8217;"},"content":{"rendered":"<p><em>\u00bfTodav\u00eda me amas?<\/em> Ella Mai plantea esa pregunta cargada con el t\u00edtulo de su pr\u00f3ximo \u00e1lbum. La cantautora ganadora del Grammy anunci\u00f3 la fecha de lanzamiento el 6 de febrero para su tercer LP, que cuenta con la producci\u00f3n ejecutiva de su colaborador Mustard.<\/p>\n<p>Aunque los oyentes no lo sab\u00edan en ese momento, Mai ofreci\u00f3 el primer adelanto de <em>\u00bfTodav\u00eda me amas?<\/em> en diciembre de 2024, cuando se lanz\u00f3 \u201cLittle Things\u201d como parte de su <em>3<\/em> PE. La campa\u00f1a del \u00e1lbum se puso en marcha el verano pasado con el lanzamiento de \u201cTell Her\u201d. El v\u00eddeo musical del director Cole Santiago para la canci\u00f3n sigui\u00f3 en septiembre; el clip hac\u00eda referencia visual a \u201cSay My Name\u201d de Destiny&#8217;s Child como una forma de comunicar una influencia clave en el nuevo material de Mai. M\u00e1s detalles sobre las 14 pistas. <em>\u00bfTodav\u00eda me amas?<\/em> ser\u00e1 lanzado pronto.<\/p>\n<div class=\"uD-YT-container\"><img decoding=\"async\" src=\"https:\/\/web.consaguirre.com.ar\/noticias\/wp-content\/uploads\/2026\/01\/1767742757_883_Ella-Mai-anuncia-nuevo-album-\u00bfTodavia-me-amas.jpg\" alt=\"V\u00eddeo de YouTube\"><br \/>Haga clic para cargar v\u00eddeo<\/div>\n<p>El nuevo cap\u00edtulo de Mai llega despu\u00e9s de un breve per\u00edodo dedicado a mirar hacia atr\u00e1s. En diciembre, la cantante brit\u00e1nica de R&#038;B celebr\u00f3 el d\u00e9cimo aniversario de su EP debut. <em>Preocupado<\/em> con ella \u00bfMe extra\u00f1aste? gira, una serie de conciertos en lugares \u00edntimos donde subi\u00f3 al escenario al principio de su carrera. La excursi\u00f3n de seis noches la llev\u00f3 a Londres, \u00c1msterdam, Par\u00eds, Atlanta, Nueva York y Los \u00c1ngeles en las semanas previas a Navidad. Tambi\u00e9n celebr\u00f3 el legado de sus primeros EP. <em>TIEMPO<\/em>, <em>CAMBIAR<\/em>y <em>LISTO<\/em> con reedici\u00f3n en vinilo bajo el t\u00edtulo <em>TIEMPO. CAMBIAR. LISTO.<\/em>devolviendo los proyectos a los medios f\u00edsicos por primera vez en a\u00f1os.<\/p>\n<p>Mai es una de las cantantes de R&#038;B m\u00e1s exitosas de su generaci\u00f3n. El nativo de Londres ha sido un constante creador de \u00e9xitos, logrando nueve sencillos Top 10 en la lista de R&#038;B de EE. UU., incluidos los \u00e9xitos n\u00famero uno \u201cBoo&#8217;d Up\u201d y \u201cTrip\u201d. Con &#8220;Boo&#8217;d Up&#8221;, gan\u00f3 el premio a la Mejor Canci\u00f3n de R&#038;B y fue nominada a Canci\u00f3n del A\u00f1o en los Premios Grammy de 2019. Tambi\u00e9n ha sido honrada con los premios Billboard Music Awards, BET Awards, iHeartRadio Music Awards, NAACP Image Awards, Soul Train Music Awards y m\u00e1s.<\/p>\n<p><b>Compre la m\u00fasica de Ella Mai en vinilo y CD aqu\u00ed.<\/b><\/p>\n","protected":false},"excerpt":{"rendered":"<p>\u00bfTodav\u00eda me amas? Ella Mai plantea esa pregunta cargada con el t\u00edtulo de su pr\u00f3ximo \u00e1lbum. La cantautora ganadora del Grammy anunci\u00f3 la fecha de<\/p>\n","protected":false},"author":1,"featured_media":4760,"comment_status":"closed","ping_status":"","sticky":false,"template":"","format":"standard","meta":{"footnotes":""},"categories":[50],"tags":[147,3710,56,668,3708,146,3709],"class_list":["post-4759","post","type-post","status-publish","format-standard","has-post-thumbnail","hentry","category-el-ultimo","tag-album","tag-amas","tag-anuncia","tag-ella","tag-mai","tag-nuevo","tag-todavia","generate-columns","tablet-grid-50","mobile-grid-100","grid-parent","grid-50"],"yoast_head":"<!-- This site is optimized with the Yoast SEO plugin v23.3 - https:\/\/yoast.com\/wordpress\/plugins\/seo\/ -->\n<title>Ella Mai anuncia nuevo \u00e1lbum, &#039;\u00bfTodav\u00eda me amas?&#039;<\/title>\n<meta name=\"robots\" content=\"index, follow, max-snippet:-1, max-image-preview:large, max-video-preview:-1\" \/>\n<link rel=\"canonical\" href=\"https:\/\/web.consaguirre.com.ar\/noticias\/ella-mai-anuncia-nuevo-album-todavia-me-amas\/\" \/>\n<meta property=\"og:locale\" content=\"es_ES\" \/>\n<meta property=\"og:type\" content=\"article\" \/>\n<meta property=\"og:title\" content=\"Ella Mai anuncia nuevo \u00e1lbum, &#039;\u00bfTodav\u00eda me amas?&#039;\" \/>\n<meta property=\"og:description\" content=\"\u00bfTodav\u00eda me amas? Ella Mai plantea esa pregunta cargada con el t\u00edtulo de su pr\u00f3ximo \u00e1lbum. La cantautora ganadora del Grammy anunci\u00f3 la fecha de\" \/>\n<meta property=\"og:url\" content=\"https:\/\/web.consaguirre.com.ar\/noticias\/ella-mai-anuncia-nuevo-album-todavia-me-amas\/\" \/>\n<meta property=\"og:site_name\" content=\"Conservatorio de M\u00fasica Juli\u00e1n Aguirre\" \/>\n<meta property=\"article:published_time\" content=\"2026-01-06T23:39:17+00:00\" \/>\n<meta property=\"article:modified_time\" content=\"2026-01-06T23:39:18+00:00\" \/>\n<meta property=\"og:image\" content=\"https:\/\/web.consaguirre.com.ar\/noticias\/wp-content\/uploads\/2026\/01\/Ella-Mai-anuncia-nuevo-album-\u00bfTodavia-me-amas.jpg\" \/>\n\t<meta property=\"og:image:width\" content=\"894\" \/>\n\t<meta property=\"og:image:height\" content=\"894\" \/>\n\t<meta property=\"og:image:type\" content=\"image\/jpeg\" \/>\n<meta name=\"author\" content=\"Javier Figueroa\" \/>\n<meta name=\"twitter:card\" content=\"summary_large_image\" \/>\n<meta name=\"twitter:label1\" content=\"Escrito por\" \/>\n\t<meta name=\"twitter:data1\" content=\"Javier Figueroa\" \/>\n\t<meta name=\"twitter:label2\" content=\"Tiempo de lectura\" \/>\n\t<meta name=\"twitter:data2\" content=\"2 minutos\" \/>\n<script type=\"application\/ld+json\" class=\"yoast-schema-graph\">{\"@context\":\"https:\/\/schema.org\",\"@graph\":[{\"@type\":\"Article\",\"@id\":\"https:\/\/web.consaguirre.com.ar\/noticias\/ella-mai-anuncia-nuevo-album-todavia-me-amas\/#article\",\"isPartOf\":{\"@id\":\"https:\/\/web.consaguirre.com.ar\/noticias\/ella-mai-anuncia-nuevo-album-todavia-me-amas\/\"},\"author\":{\"name\":\"Javier Figueroa\",\"@id\":\"https:\/\/web.consaguirre.com.ar\/noticias\/#\/schema\/person\/6558b0cfedee7ddc5425602b237d5722\"},\"headline\":\"Ella Mai anuncia nuevo \u00e1lbum, &#8216;\u00bfTodav\u00eda me amas?&#8217;\",\"datePublished\":\"2026-01-06T23:39:17+00:00\",\"dateModified\":\"2026-01-06T23:39:18+00:00\",\"mainEntityOfPage\":{\"@id\":\"https:\/\/web.consaguirre.com.ar\/noticias\/ella-mai-anuncia-nuevo-album-todavia-me-amas\/\"},\"wordCount\":411,\"publisher\":{\"@id\":\"https:\/\/web.consaguirre.com.ar\/noticias\/#organization\"},\"image\":{\"@id\":\"https:\/\/web.consaguirre.com.ar\/noticias\/ella-mai-anuncia-nuevo-album-todavia-me-amas\/#primaryimage\"},\"thumbnailUrl\":\"https:\/\/web.consaguirre.com.ar\/noticias\/wp-content\/uploads\/2026\/01\/Ella-Mai-anuncia-nuevo-album-\u00bfTodavia-me-amas.jpg\",\"keywords\":[\"\u00e1lbum\",\"amas\",\"anuncia\",\"Ella\",\"Mai\",\"nuevo\",\"Todav\u00eda\"],\"articleSection\":[\"El \u00faltimo\"],\"inLanguage\":\"es-AR\"},{\"@type\":\"WebPage\",\"@id\":\"https:\/\/web.consaguirre.com.ar\/noticias\/ella-mai-anuncia-nuevo-album-todavia-me-amas\/\",\"url\":\"https:\/\/web.consaguirre.com.ar\/noticias\/ella-mai-anuncia-nuevo-album-todavia-me-amas\/\",\"name\":\"Ella Mai anuncia nuevo \u00e1lbum, '\u00bfTodav\u00eda me amas?'\",\"isPartOf\":{\"@id\":\"https:\/\/web.consaguirre.com.ar\/noticias\/#website\"},\"primaryImageOfPage\":{\"@id\":\"https:\/\/web.consaguirre.com.ar\/noticias\/ella-mai-anuncia-nuevo-album-todavia-me-amas\/#primaryimage\"},\"image\":{\"@id\":\"https:\/\/web.consaguirre.com.ar\/noticias\/ella-mai-anuncia-nuevo-album-todavia-me-amas\/#primaryimage\"},\"thumbnailUrl\":\"https:\/\/web.consaguirre.com.ar\/noticias\/wp-content\/uploads\/2026\/01\/Ella-Mai-anuncia-nuevo-album-\u00bfTodavia-me-amas.jpg\",\"datePublished\":\"2026-01-06T23:39:17+00:00\",\"dateModified\":\"2026-01-06T23:39:18+00:00\",\"breadcrumb\":{\"@id\":\"https:\/\/web.consaguirre.com.ar\/noticias\/ella-mai-anuncia-nuevo-album-todavia-me-amas\/#breadcrumb\"},\"inLanguage\":\"es-AR\",\"potentialAction\":[{\"@type\":\"ReadAction\",\"target\":[\"https:\/\/web.consaguirre.com.ar\/noticias\/ella-mai-anuncia-nuevo-album-todavia-me-amas\/\"]}]},{\"@type\":\"ImageObject\",\"inLanguage\":\"es-AR\",\"@id\":\"https:\/\/web.consaguirre.com.ar\/noticias\/ella-mai-anuncia-nuevo-album-todavia-me-amas\/#primaryimage\",\"url\":\"https:\/\/web.consaguirre.com.ar\/noticias\/wp-content\/uploads\/2026\/01\/Ella-Mai-anuncia-nuevo-album-\u00bfTodavia-me-amas.jpg\",\"contentUrl\":\"https:\/\/web.consaguirre.com.ar\/noticias\/wp-content\/uploads\/2026\/01\/Ella-Mai-anuncia-nuevo-album-\u00bfTodavia-me-amas.jpg\",\"width\":894,\"height\":894,\"caption\":\"Ellai Mai Do You Still Love Me\"},{\"@type\":\"BreadcrumbList\",\"@id\":\"https:\/\/web.consaguirre.com.ar\/noticias\/ella-mai-anuncia-nuevo-album-todavia-me-amas\/#breadcrumb\",\"itemListElement\":[{\"@type\":\"ListItem\",\"position\":1,\"name\":\"Inicio\",\"item\":\"https:\/\/web.consaguirre.com.ar\/noticias\/\"},{\"@type\":\"ListItem\",\"position\":2,\"name\":\"Ella Mai anuncia nuevo \u00e1lbum, &#8216;\u00bfTodav\u00eda me amas?&#8217;\"}]},{\"@type\":\"WebSite\",\"@id\":\"https:\/\/web.consaguirre.com.ar\/noticias\/#website\",\"url\":\"https:\/\/web.consaguirre.com.ar\/noticias\/\",\"name\":\"Conservatorio de M\u00fasica Juli\u00e1n Aguirre\",\"description\":\"\",\"publisher\":{\"@id\":\"https:\/\/web.consaguirre.com.ar\/noticias\/#organization\"},\"potentialAction\":[{\"@type\":\"SearchAction\",\"target\":{\"@type\":\"EntryPoint\",\"urlTemplate\":\"https:\/\/web.consaguirre.com.ar\/noticias\/?s={search_term_string}\"},\"query-input\":\"required name=search_term_string\"}],\"inLanguage\":\"es-AR\"},{\"@type\":\"Organization\",\"@id\":\"https:\/\/web.consaguirre.com.ar\/noticias\/#organization\",\"name\":\"Conservatorio de M\u00fasica Juli\u00e1n Aguirre\",\"url\":\"https:\/\/web.consaguirre.com.ar\/noticias\/\",\"logo\":{\"@type\":\"ImageObject\",\"inLanguage\":\"es-AR\",\"@id\":\"https:\/\/web.consaguirre.com.ar\/noticias\/#\/schema\/logo\/image\/\",\"url\":\"https:\/\/web.consaguirre.com.ar\/noticias\/wp-content\/uploads\/2024\/08\/Banner-Aguirre-23.jpg\",\"contentUrl\":\"https:\/\/web.consaguirre.com.ar\/noticias\/wp-content\/uploads\/2024\/08\/Banner-Aguirre-23.jpg\",\"width\":1192,\"height\":600,\"caption\":\"Conservatorio de M\u00fasica Juli\u00e1n Aguirre\"},\"image\":{\"@id\":\"https:\/\/web.consaguirre.com.ar\/noticias\/#\/schema\/logo\/image\/\"}},{\"@type\":\"Person\",\"@id\":\"https:\/\/web.consaguirre.com.ar\/noticias\/#\/schema\/person\/6558b0cfedee7ddc5425602b237d5722\",\"name\":\"Javier Figueroa\",\"image\":{\"@type\":\"ImageObject\",\"inLanguage\":\"es-AR\",\"@id\":\"https:\/\/web.consaguirre.com.ar\/noticias\/#\/schema\/person\/image\/\",\"url\":\"https:\/\/web.consaguirre.com.ar\/noticias\/wp-content\/uploads\/2024\/08\/Consaguirre-scaled.jpg\",\"contentUrl\":\"https:\/\/web.consaguirre.com.ar\/noticias\/wp-content\/uploads\/2024\/08\/Consaguirre-scaled.jpg\",\"caption\":\"Javier Figueroa\"},\"description\":\"Me llamo Javier Figueroa y soy redactor para el sitio oficial del Conservatorio de M\u00fasica Juli\u00e1n Aguirre en Buenos Aires, consaguirre.com. Apasionado por la m\u00fasica y la escritura, me esfuerzo por destacar los talentos y eventos de nuestra prestigiosa instituci\u00f3n. Mi trayectoria se nutre de una profunda admiraci\u00f3n por los artistas, haciendo de cada art\u00edculo una celebraci\u00f3n de la creatividad y la cultura musical.\",\"sameAs\":[\"https:\/\/web.consaguirre.com.ar\/noticias\"]}]}<\/script>\n<!-- \/ Yoast SEO plugin. -->","yoast_head_json":{"title":"Ella Mai anuncia nuevo \u00e1lbum, '\u00bfTodav\u00eda me amas?'","robots":{"index":"index","follow":"follow","max-snippet":"max-snippet:-1","max-image-preview":"max-image-preview:large","max-video-preview":"max-video-preview:-1"},"canonical":"https:\/\/web.consaguirre.com.ar\/noticias\/ella-mai-anuncia-nuevo-album-todavia-me-amas\/","og_locale":"es_ES","og_type":"article","og_title":"Ella Mai anuncia nuevo \u00e1lbum, '\u00bfTodav\u00eda me amas?'","og_description":"\u00bfTodav\u00eda me amas? Ella Mai plantea esa pregunta cargada con el t\u00edtulo de su pr\u00f3ximo \u00e1lbum. La cantautora ganadora del Grammy anunci\u00f3 la fecha de","og_url":"https:\/\/web.consaguirre.com.ar\/noticias\/ella-mai-anuncia-nuevo-album-todavia-me-amas\/","og_site_name":"Conservatorio de M\u00fasica Juli\u00e1n Aguirre","article_published_time":"2026-01-06T23:39:17+00:00","article_modified_time":"2026-01-06T23:39:18+00:00","og_image":[{"width":894,"height":894,"url":"https:\/\/web.consaguirre.com.ar\/noticias\/wp-content\/uploads\/2026\/01\/Ella-Mai-anuncia-nuevo-album-\u00bfTodavia-me-amas.jpg","type":"image\/jpeg"}],"author":"Javier Figueroa","twitter_card":"summary_large_image","twitter_misc":{"Escrito por":"Javier Figueroa","Tiempo de lectura":"2 minutos"},"schema":{"@context":"https:\/\/schema.org","@graph":[{"@type":"Article","@id":"https:\/\/web.consaguirre.com.ar\/noticias\/ella-mai-anuncia-nuevo-album-todavia-me-amas\/#article","isPartOf":{"@id":"https:\/\/web.consaguirre.com.ar\/noticias\/ella-mai-anuncia-nuevo-album-todavia-me-amas\/"},"author":{"name":"Javier Figueroa","@id":"https:\/\/web.consaguirre.com.ar\/noticias\/#\/schema\/person\/6558b0cfedee7ddc5425602b237d5722"},"headline":"Ella Mai anuncia nuevo \u00e1lbum, &#8216;\u00bfTodav\u00eda me amas?&#8217;","datePublished":"2026-01-06T23:39:17+00:00","dateModified":"2026-01-06T23:39:18+00:00","mainEntityOfPage":{"@id":"https:\/\/web.consaguirre.com.ar\/noticias\/ella-mai-anuncia-nuevo-album-todavia-me-amas\/"},"wordCount":411,"publisher":{"@id":"https:\/\/web.consaguirre.com.ar\/noticias\/#organization"},"image":{"@id":"https:\/\/web.consaguirre.com.ar\/noticias\/ella-mai-anuncia-nuevo-album-todavia-me-amas\/#primaryimage"},"thumbnailUrl":"https:\/\/web.consaguirre.com.ar\/noticias\/wp-content\/uploads\/2026\/01\/Ella-Mai-anuncia-nuevo-album-\u00bfTodavia-me-amas.jpg","keywords":["\u00e1lbum","amas","anuncia","Ella","Mai","nuevo","Todav\u00eda"],"articleSection":["El \u00faltimo"],"inLanguage":"es-AR"},{"@type":"WebPage","@id":"https:\/\/web.consaguirre.com.ar\/noticias\/ella-mai-anuncia-nuevo-album-todavia-me-amas\/","url":"https:\/\/web.consaguirre.com.ar\/noticias\/ella-mai-anuncia-nuevo-album-todavia-me-amas\/","name":"Ella Mai anuncia nuevo \u00e1lbum, '\u00bfTodav\u00eda me amas?'","isPartOf":{"@id":"https:\/\/web.consaguirre.com.ar\/noticias\/#website"},"primaryImageOfPage":{"@id":"https:\/\/web.consaguirre.com.ar\/noticias\/ella-mai-anuncia-nuevo-album-todavia-me-amas\/#primaryimage"},"image":{"@id":"https:\/\/web.consaguirre.com.ar\/noticias\/ella-mai-anuncia-nuevo-album-todavia-me-amas\/#primaryimage"},"thumbnailUrl":"https:\/\/web.consaguirre.com.ar\/noticias\/wp-content\/uploads\/2026\/01\/Ella-Mai-anuncia-nuevo-album-\u00bfTodavia-me-amas.jpg","datePublished":"2026-01-06T23:39:17+00:00","dateModified":"2026-01-06T23:39:18+00:00","breadcrumb":{"@id":"https:\/\/web.consaguirre.com.ar\/noticias\/ella-mai-anuncia-nuevo-album-todavia-me-amas\/#breadcrumb"},"inLanguage":"es-AR","potentialAction":[{"@type":"ReadAction","target":["https:\/\/web.consaguirre.com.ar\/noticias\/ella-mai-anuncia-nuevo-album-todavia-me-amas\/"]}]},{"@type":"ImageObject","inLanguage":"es-AR","@id":"https:\/\/web.consaguirre.com.ar\/noticias\/ella-mai-anuncia-nuevo-album-todavia-me-amas\/#primaryimage","url":"https:\/\/web.consaguirre.com.ar\/noticias\/wp-content\/uploads\/2026\/01\/Ella-Mai-anuncia-nuevo-album-\u00bfTodavia-me-amas.jpg","contentUrl":"https:\/\/web.consaguirre.com.ar\/noticias\/wp-content\/uploads\/2026\/01\/Ella-Mai-anuncia-nuevo-album-\u00bfTodavia-me-amas.jpg","width":894,"height":894,"caption":"Ellai Mai Do You Still Love Me"},{"@type":"BreadcrumbList","@id":"https:\/\/web.consaguirre.com.ar\/noticias\/ella-mai-anuncia-nuevo-album-todavia-me-amas\/#breadcrumb","itemListElement":[{"@type":"ListItem","position":1,"name":"Inicio","item":"https:\/\/web.consaguirre.com.ar\/noticias\/"},{"@type":"ListItem","position":2,"name":"Ella Mai anuncia nuevo \u00e1lbum, &#8216;\u00bfTodav\u00eda me amas?&#8217;"}]},{"@type":"WebSite","@id":"https:\/\/web.consaguirre.com.ar\/noticias\/#website","url":"https:\/\/web.consaguirre.com.ar\/noticias\/","name":"Conservatorio de M\u00fasica Juli\u00e1n Aguirre","description":"","publisher":{"@id":"https:\/\/web.consaguirre.com.ar\/noticias\/#organization"},"potentialAction":[{"@type":"SearchAction","target":{"@type":"EntryPoint","urlTemplate":"https:\/\/web.consaguirre.com.ar\/noticias\/?s={search_term_string}"},"query-input":"required name=search_term_string"}],"inLanguage":"es-AR"},{"@type":"Organization","@id":"https:\/\/web.consaguirre.com.ar\/noticias\/#organization","name":"Conservatorio de M\u00fasica Juli\u00e1n Aguirre","url":"https:\/\/web.consaguirre.com.ar\/noticias\/","logo":{"@type":"ImageObject","inLanguage":"es-AR","@id":"https:\/\/web.consaguirre.com.ar\/noticias\/#\/schema\/logo\/image\/","url":"https:\/\/web.consaguirre.com.ar\/noticias\/wp-content\/uploads\/2024\/08\/Banner-Aguirre-23.jpg","contentUrl":"https:\/\/web.consaguirre.com.ar\/noticias\/wp-content\/uploads\/2024\/08\/Banner-Aguirre-23.jpg","width":1192,"height":600,"caption":"Conservatorio de M\u00fasica Juli\u00e1n Aguirre"},"image":{"@id":"https:\/\/web.consaguirre.com.ar\/noticias\/#\/schema\/logo\/image\/"}},{"@type":"Person","@id":"https:\/\/web.consaguirre.com.ar\/noticias\/#\/schema\/person\/6558b0cfedee7ddc5425602b237d5722","name":"Javier Figueroa","image":{"@type":"ImageObject","inLanguage":"es-AR","@id":"https:\/\/web.consaguirre.com.ar\/noticias\/#\/schema\/person\/image\/","url":"https:\/\/web.consaguirre.com.ar\/noticias\/wp-content\/uploads\/2024\/08\/Consaguirre-scaled.jpg","contentUrl":"https:\/\/web.consaguirre.com.ar\/noticias\/wp-content\/uploads\/2024\/08\/Consaguirre-scaled.jpg","caption":"Javier Figueroa"},"description":"Me llamo Javier Figueroa y soy redactor para el sitio oficial del Conservatorio de M\u00fasica Juli\u00e1n Aguirre en Buenos Aires, consaguirre.com. Apasionado por la m\u00fasica y la escritura, me esfuerzo por destacar los talentos y eventos de nuestra prestigiosa instituci\u00f3n. Mi trayectoria se nutre de una profunda admiraci\u00f3n por los artistas, haciendo de cada art\u00edculo una celebraci\u00f3n de la creatividad y la cultura musical.","sameAs":["https:\/\/web.consaguirre.com.ar\/noticias"]}]}},"_links":{"self":[{"href":"https:\/\/web.consaguirre.com.ar\/noticias\/wp-json\/wp\/v2\/posts\/4759"}],"collection":[{"href":"https:\/\/web.consaguirre.com.ar\/noticias\/wp-json\/wp\/v2\/posts"}],"about":[{"href":"https:\/\/web.consaguirre.com.ar\/noticias\/wp-json\/wp\/v2\/types\/post"}],"author":[{"embeddable":true,"href":"https:\/\/web.consaguirre.com.ar\/noticias\/wp-json\/wp\/v2\/users\/1"}],"replies":[{"embeddable":true,"href":"https:\/\/web.consaguirre.com.ar\/noticias\/wp-json\/wp\/v2\/comments?post=4759"}],"version-history":[{"count":1,"href":"https:\/\/web.consaguirre.com.ar\/noticias\/wp-json\/wp\/v2\/posts\/4759\/revisions"}],"predecessor-version":[{"id":4761,"href":"https:\/\/web.consaguirre.com.ar\/noticias\/wp-json\/wp\/v2\/posts\/4759\/revisions\/4761"}],"wp:featuredmedia":[{"embeddable":true,"href":"https:\/\/web.consaguirre.com.ar\/noticias\/wp-json\/wp\/v2\/media\/4760"}],"wp:attachment":[{"href":"https:\/\/web.consaguirre.com.ar\/noticias\/wp-json\/wp\/v2\/media?parent=4759"}],"wp:term":[{"taxonomy":"category","embeddable":true,"href":"https:\/\/web.consaguirre.com.ar\/noticias\/wp-json\/wp\/v2\/categories?post=4759"},{"taxonomy":"post_tag","embeddable":true,"href":"https:\/\/web.consaguirre.com.ar\/noticias\/wp-json\/wp\/v2\/tags?post=4759"}],"curies":[{"name":"wp","href":"https:\/\/api.w.org\/{rel}","templated":true}]}}