{"id":4750,"date":"2026-01-06T11:38:43","date_gmt":"2026-01-06T14:38:43","guid":{"rendered":"https:\/\/web.consaguirre.com.ar\/noticias\/labyrinth-regresa-a-los-cines-por-su-40-aniversario\/"},"modified":"2026-01-06T11:38:43","modified_gmt":"2026-01-06T14:38:43","slug":"labyrinth-regresa-a-los-cines-por-su-40-aniversario","status":"publish","type":"post","link":"https:\/\/web.consaguirre.com.ar\/noticias\/labyrinth-regresa-a-los-cines-por-su-40-aniversario\/","title":{"rendered":"Labyrinth regresa a los cines por su 40 aniversario"},"content":{"rendered":"<p>Esta es tu oportunidad de ver <em>Laberinto<\/em>una de las pel\u00edculas fant\u00e1sticas que definen a una generaci\u00f3n, en un entorno comunitario en la pantalla grande. La ic\u00f3nica pel\u00edcula de 1986 regresa a los cines esta semana en honor a su 40 aniversario.<\/p>\n<p>representaciones teatrales de <em>Laberinto 40 Aniversario<\/em> comenzar\u00e1 este jueves 8 de enero y continuar\u00e1 hasta el 15 de enero. Adem\u00e1s de la pel\u00edcula original, la edici\u00f3n del 40 aniversario incluye un art\u00edculo que celebra a los fan\u00e1ticos de <em>Laberinto<\/em>filmado en el reciente Labyrinth Experience &#038; Masked Ball del Reino Unido.<\/p>\n<p>Dirigida por Jim Henson y basada en un gui\u00f3n de Terry Jones de Monty Python, <em>Laberinto<\/em> Est\u00e1 protagonizada por la leyenda de la m\u00fasica David Bowie y una joven Jennifer Connelly en uno de sus papeles destacados. <em>Laberinto 40 Aniversario<\/em> transporta a los espectadores de regreso al laberinto m\u00edstico convocado accidentalmente por la imaginativa adolescente Sarah de Connelly. Debe rescatar a su hermano Toby del personaje de Bowie, Jareth, el Rey Duende, cuya actuaci\u00f3n <em>El Club AV<\/em> Una vez descrito como \u201cgloriosamente ic\u00f3nico, una combinaci\u00f3n perfecta de estrella de rock depredadora y lasciva y amante emo herido y rechazado\u201d.<\/p>\n<div class=\"uD-YT-container\"><img decoding=\"async\" src=\"https:\/\/web.consaguirre.com.ar\/noticias\/wp-content\/uploads\/2026\/01\/1767710323_432_Labyrinth-regresa-a-los-cines-por-su-40-aniversario.jpg\" alt=\"V\u00eddeo de YouTube\"><br \/>Haga clic para cargar v\u00eddeo<\/div>\n<p>El laberinto en s\u00ed se inspir\u00f3 en las obras del artista gr\u00e1fico holand\u00e9s MC Escher y est\u00e1 lleno de paradojas visuales como escaleras que suben en todas direcciones. Henson le dio vida con gran cuidado en su \u00faltimo largometraje como director, una alegor\u00eda fant\u00e1stica que ha desarrollado un ferviente culto a lo largo de los a\u00f1os. Como <em>El Atl\u00e1ntico<\/em> una vez lo dijo, \u201c<em>Laberinto<\/em> volvi\u00f3 a familiarizar al p\u00fablico con una vieja idea que Hollywood hab\u00eda descuidado durante mucho tiempo: la infancia es un lugar aterrador y peligroso, una \u00e9poca intr\u00ednsecamente extra\u00f1a llena de callejones sin salida, giros equivocados, mentiras y trampas\u201d.<\/p>\n<p>Uno de los elementos clave del \u00e9xito de la pel\u00edcula fue su banda sonora. El \u00e1lbum alterna entre la m\u00fasica original de Trevor Jones y canciones pop de la pel\u00edcula escritas por Bowie, incluidas \u201cMagic Dance\u201d, \u201cAs The World Falls Down\u201d y el tema principal del \u00e1lbum y mayor \u00e9xito en las listas, \u201cUnderground\u201d, que se combin\u00f3 con un elaborado video musical ambientado en el mundo de <em>Laberinto<\/em>.<\/p>\n<p>Lanzado en el apogeo de su estrellato pop tras \u00e9xitos de mediados de los 80 como \u201cLet&#8217;s Dance\u201d y \u201cDancing In The Street\u201d, Labyrinth fue la segunda de tres bandas sonoras de pel\u00edculas en las que Bowie estuvo muy involucrado, intercaladas entre 1981 y <em>cristina f.<\/em> y 1993 <em>El Buda de los suburbios<\/em>.<\/p>\n<p><b>Compra el <em>Laberinto<\/em> banda sonora en vinilo aqu\u00ed.<\/b><\/p>\n","protected":false},"excerpt":{"rendered":"<p>Esta es tu oportunidad de ver Laberintouna de las pel\u00edculas fant\u00e1sticas que definen a una generaci\u00f3n, en un entorno comunitario en la pantalla grande. La<\/p>\n","protected":false},"author":1,"featured_media":4751,"comment_status":"closed","ping_status":"","sticky":false,"template":"","format":"standard","meta":{"footnotes":""},"categories":[50],"tags":[98,426,3706,180,96,538],"class_list":["post-4750","post","type-post","status-publish","format-standard","has-post-thumbnail","hentry","category-el-ultimo","tag-aniversario","tag-cines","tag-labyrinth","tag-los","tag-por","tag-regresa","generate-columns","tablet-grid-50","mobile-grid-100","grid-parent","grid-50"],"yoast_head":"<!-- This site is optimized with the Yoast SEO plugin v23.3 - https:\/\/yoast.com\/wordpress\/plugins\/seo\/ -->\n<title>Labyrinth regresa a los cines por su 40 aniversario<\/title>\n<meta name=\"robots\" content=\"index, follow, max-snippet:-1, max-image-preview:large, max-video-preview:-1\" \/>\n<link rel=\"canonical\" href=\"https:\/\/web.consaguirre.com.ar\/noticias\/labyrinth-regresa-a-los-cines-por-su-40-aniversario\/\" \/>\n<meta property=\"og:locale\" content=\"es_ES\" \/>\n<meta property=\"og:type\" content=\"article\" \/>\n<meta property=\"og:title\" content=\"Labyrinth regresa a los cines por su 40 aniversario\" \/>\n<meta property=\"og:description\" content=\"Esta es tu oportunidad de ver Laberintouna de las pel\u00edculas fant\u00e1sticas que definen a una generaci\u00f3n, en un entorno comunitario en la pantalla grande. La\" \/>\n<meta property=\"og:url\" content=\"https:\/\/web.consaguirre.com.ar\/noticias\/labyrinth-regresa-a-los-cines-por-su-40-aniversario\/\" \/>\n<meta property=\"og:site_name\" content=\"Conservatorio de M\u00fasica Juli\u00e1n Aguirre\" \/>\n<meta property=\"article:published_time\" content=\"2026-01-06T14:38:43+00:00\" \/>\n<meta property=\"og:image\" content=\"https:\/\/web.consaguirre.com.ar\/noticias\/wp-content\/uploads\/2026\/01\/1767710323_Labyrinth-regresa-a-los-cines-por-su-40-aniversario.jpg\" \/>\n\t<meta property=\"og:image:width\" content=\"820\" \/>\n\t<meta property=\"og:image:height\" content=\"820\" \/>\n\t<meta property=\"og:image:type\" content=\"image\/jpeg\" \/>\n<meta name=\"author\" content=\"Javier Figueroa\" \/>\n<meta name=\"twitter:card\" content=\"summary_large_image\" \/>\n<meta name=\"twitter:label1\" content=\"Escrito por\" \/>\n\t<meta name=\"twitter:data1\" content=\"Javier Figueroa\" \/>\n\t<meta name=\"twitter:label2\" content=\"Tiempo de lectura\" \/>\n\t<meta name=\"twitter:data2\" content=\"2 minutos\" \/>\n<script type=\"application\/ld+json\" class=\"yoast-schema-graph\">{\"@context\":\"https:\/\/schema.org\",\"@graph\":[{\"@type\":\"Article\",\"@id\":\"https:\/\/web.consaguirre.com.ar\/noticias\/labyrinth-regresa-a-los-cines-por-su-40-aniversario\/#article\",\"isPartOf\":{\"@id\":\"https:\/\/web.consaguirre.com.ar\/noticias\/labyrinth-regresa-a-los-cines-por-su-40-aniversario\/\"},\"author\":{\"name\":\"Javier Figueroa\",\"@id\":\"https:\/\/web.consaguirre.com.ar\/noticias\/#\/schema\/person\/6558b0cfedee7ddc5425602b237d5722\"},\"headline\":\"Labyrinth regresa a los cines por su 40 aniversario\",\"datePublished\":\"2026-01-06T14:38:43+00:00\",\"dateModified\":\"2026-01-06T14:38:43+00:00\",\"mainEntityOfPage\":{\"@id\":\"https:\/\/web.consaguirre.com.ar\/noticias\/labyrinth-regresa-a-los-cines-por-su-40-aniversario\/\"},\"wordCount\":455,\"publisher\":{\"@id\":\"https:\/\/web.consaguirre.com.ar\/noticias\/#organization\"},\"image\":{\"@id\":\"https:\/\/web.consaguirre.com.ar\/noticias\/labyrinth-regresa-a-los-cines-por-su-40-aniversario\/#primaryimage\"},\"thumbnailUrl\":\"https:\/\/web.consaguirre.com.ar\/noticias\/wp-content\/uploads\/2026\/01\/1767710323_Labyrinth-regresa-a-los-cines-por-su-40-aniversario.jpg\",\"keywords\":[\"aniversario\",\"cines\",\"Labyrinth\",\"los\",\"por\",\"regresa\"],\"articleSection\":[\"El \u00faltimo\"],\"inLanguage\":\"es-AR\"},{\"@type\":\"WebPage\",\"@id\":\"https:\/\/web.consaguirre.com.ar\/noticias\/labyrinth-regresa-a-los-cines-por-su-40-aniversario\/\",\"url\":\"https:\/\/web.consaguirre.com.ar\/noticias\/labyrinth-regresa-a-los-cines-por-su-40-aniversario\/\",\"name\":\"Labyrinth regresa a los cines por su 40 aniversario\",\"isPartOf\":{\"@id\":\"https:\/\/web.consaguirre.com.ar\/noticias\/#website\"},\"primaryImageOfPage\":{\"@id\":\"https:\/\/web.consaguirre.com.ar\/noticias\/labyrinth-regresa-a-los-cines-por-su-40-aniversario\/#primaryimage\"},\"image\":{\"@id\":\"https:\/\/web.consaguirre.com.ar\/noticias\/labyrinth-regresa-a-los-cines-por-su-40-aniversario\/#primaryimage\"},\"thumbnailUrl\":\"https:\/\/web.consaguirre.com.ar\/noticias\/wp-content\/uploads\/2026\/01\/1767710323_Labyrinth-regresa-a-los-cines-por-su-40-aniversario.jpg\",\"datePublished\":\"2026-01-06T14:38:43+00:00\",\"dateModified\":\"2026-01-06T14:38:43+00:00\",\"breadcrumb\":{\"@id\":\"https:\/\/web.consaguirre.com.ar\/noticias\/labyrinth-regresa-a-los-cines-por-su-40-aniversario\/#breadcrumb\"},\"inLanguage\":\"es-AR\",\"potentialAction\":[{\"@type\":\"ReadAction\",\"target\":[\"https:\/\/web.consaguirre.com.ar\/noticias\/labyrinth-regresa-a-los-cines-por-su-40-aniversario\/\"]}]},{\"@type\":\"ImageObject\",\"inLanguage\":\"es-AR\",\"@id\":\"https:\/\/web.consaguirre.com.ar\/noticias\/labyrinth-regresa-a-los-cines-por-su-40-aniversario\/#primaryimage\",\"url\":\"https:\/\/web.consaguirre.com.ar\/noticias\/wp-content\/uploads\/2026\/01\/1767710323_Labyrinth-regresa-a-los-cines-por-su-40-aniversario.jpg\",\"contentUrl\":\"https:\/\/web.consaguirre.com.ar\/noticias\/wp-content\/uploads\/2026\/01\/1767710323_Labyrinth-regresa-a-los-cines-por-su-40-aniversario.jpg\",\"width\":820,\"height\":820,\"caption\":\"Labyrinth soundtrack\"},{\"@type\":\"BreadcrumbList\",\"@id\":\"https:\/\/web.consaguirre.com.ar\/noticias\/labyrinth-regresa-a-los-cines-por-su-40-aniversario\/#breadcrumb\",\"itemListElement\":[{\"@type\":\"ListItem\",\"position\":1,\"name\":\"Inicio\",\"item\":\"https:\/\/web.consaguirre.com.ar\/noticias\/\"},{\"@type\":\"ListItem\",\"position\":2,\"name\":\"Labyrinth regresa a los cines por su 40 aniversario\"}]},{\"@type\":\"WebSite\",\"@id\":\"https:\/\/web.consaguirre.com.ar\/noticias\/#website\",\"url\":\"https:\/\/web.consaguirre.com.ar\/noticias\/\",\"name\":\"Conservatorio de M\u00fasica Juli\u00e1n Aguirre\",\"description\":\"\",\"publisher\":{\"@id\":\"https:\/\/web.consaguirre.com.ar\/noticias\/#organization\"},\"potentialAction\":[{\"@type\":\"SearchAction\",\"target\":{\"@type\":\"EntryPoint\",\"urlTemplate\":\"https:\/\/web.consaguirre.com.ar\/noticias\/?s={search_term_string}\"},\"query-input\":\"required name=search_term_string\"}],\"inLanguage\":\"es-AR\"},{\"@type\":\"Organization\",\"@id\":\"https:\/\/web.consaguirre.com.ar\/noticias\/#organization\",\"name\":\"Conservatorio de M\u00fasica Juli\u00e1n Aguirre\",\"url\":\"https:\/\/web.consaguirre.com.ar\/noticias\/\",\"logo\":{\"@type\":\"ImageObject\",\"inLanguage\":\"es-AR\",\"@id\":\"https:\/\/web.consaguirre.com.ar\/noticias\/#\/schema\/logo\/image\/\",\"url\":\"https:\/\/web.consaguirre.com.ar\/noticias\/wp-content\/uploads\/2024\/08\/Banner-Aguirre-23.jpg\",\"contentUrl\":\"https:\/\/web.consaguirre.com.ar\/noticias\/wp-content\/uploads\/2024\/08\/Banner-Aguirre-23.jpg\",\"width\":1192,\"height\":600,\"caption\":\"Conservatorio de M\u00fasica Juli\u00e1n Aguirre\"},\"image\":{\"@id\":\"https:\/\/web.consaguirre.com.ar\/noticias\/#\/schema\/logo\/image\/\"}},{\"@type\":\"Person\",\"@id\":\"https:\/\/web.consaguirre.com.ar\/noticias\/#\/schema\/person\/6558b0cfedee7ddc5425602b237d5722\",\"name\":\"Javier Figueroa\",\"image\":{\"@type\":\"ImageObject\",\"inLanguage\":\"es-AR\",\"@id\":\"https:\/\/web.consaguirre.com.ar\/noticias\/#\/schema\/person\/image\/\",\"url\":\"https:\/\/web.consaguirre.com.ar\/noticias\/wp-content\/uploads\/2024\/08\/Consaguirre-scaled.jpg\",\"contentUrl\":\"https:\/\/web.consaguirre.com.ar\/noticias\/wp-content\/uploads\/2024\/08\/Consaguirre-scaled.jpg\",\"caption\":\"Javier Figueroa\"},\"description\":\"Me llamo Javier Figueroa y soy redactor para el sitio oficial del Conservatorio de M\u00fasica Juli\u00e1n Aguirre en Buenos Aires, consaguirre.com. Apasionado por la m\u00fasica y la escritura, me esfuerzo por destacar los talentos y eventos de nuestra prestigiosa instituci\u00f3n. Mi trayectoria se nutre de una profunda admiraci\u00f3n por los artistas, haciendo de cada art\u00edculo una celebraci\u00f3n de la creatividad y la cultura musical.\",\"sameAs\":[\"https:\/\/web.consaguirre.com.ar\/noticias\"]}]}<\/script>\n<!-- \/ Yoast SEO plugin. -->","yoast_head_json":{"title":"Labyrinth regresa a los cines por su 40 aniversario","robots":{"index":"index","follow":"follow","max-snippet":"max-snippet:-1","max-image-preview":"max-image-preview:large","max-video-preview":"max-video-preview:-1"},"canonical":"https:\/\/web.consaguirre.com.ar\/noticias\/labyrinth-regresa-a-los-cines-por-su-40-aniversario\/","og_locale":"es_ES","og_type":"article","og_title":"Labyrinth regresa a los cines por su 40 aniversario","og_description":"Esta es tu oportunidad de ver Laberintouna de las pel\u00edculas fant\u00e1sticas que definen a una generaci\u00f3n, en un entorno comunitario en la pantalla grande. La","og_url":"https:\/\/web.consaguirre.com.ar\/noticias\/labyrinth-regresa-a-los-cines-por-su-40-aniversario\/","og_site_name":"Conservatorio de M\u00fasica Juli\u00e1n Aguirre","article_published_time":"2026-01-06T14:38:43+00:00","og_image":[{"width":820,"height":820,"url":"https:\/\/web.consaguirre.com.ar\/noticias\/wp-content\/uploads\/2026\/01\/1767710323_Labyrinth-regresa-a-los-cines-por-su-40-aniversario.jpg","type":"image\/jpeg"}],"author":"Javier Figueroa","twitter_card":"summary_large_image","twitter_misc":{"Escrito por":"Javier Figueroa","Tiempo de lectura":"2 minutos"},"schema":{"@context":"https:\/\/schema.org","@graph":[{"@type":"Article","@id":"https:\/\/web.consaguirre.com.ar\/noticias\/labyrinth-regresa-a-los-cines-por-su-40-aniversario\/#article","isPartOf":{"@id":"https:\/\/web.consaguirre.com.ar\/noticias\/labyrinth-regresa-a-los-cines-por-su-40-aniversario\/"},"author":{"name":"Javier Figueroa","@id":"https:\/\/web.consaguirre.com.ar\/noticias\/#\/schema\/person\/6558b0cfedee7ddc5425602b237d5722"},"headline":"Labyrinth regresa a los cines por su 40 aniversario","datePublished":"2026-01-06T14:38:43+00:00","dateModified":"2026-01-06T14:38:43+00:00","mainEntityOfPage":{"@id":"https:\/\/web.consaguirre.com.ar\/noticias\/labyrinth-regresa-a-los-cines-por-su-40-aniversario\/"},"wordCount":455,"publisher":{"@id":"https:\/\/web.consaguirre.com.ar\/noticias\/#organization"},"image":{"@id":"https:\/\/web.consaguirre.com.ar\/noticias\/labyrinth-regresa-a-los-cines-por-su-40-aniversario\/#primaryimage"},"thumbnailUrl":"https:\/\/web.consaguirre.com.ar\/noticias\/wp-content\/uploads\/2026\/01\/1767710323_Labyrinth-regresa-a-los-cines-por-su-40-aniversario.jpg","keywords":["aniversario","cines","Labyrinth","los","por","regresa"],"articleSection":["El \u00faltimo"],"inLanguage":"es-AR"},{"@type":"WebPage","@id":"https:\/\/web.consaguirre.com.ar\/noticias\/labyrinth-regresa-a-los-cines-por-su-40-aniversario\/","url":"https:\/\/web.consaguirre.com.ar\/noticias\/labyrinth-regresa-a-los-cines-por-su-40-aniversario\/","name":"Labyrinth regresa a los cines por su 40 aniversario","isPartOf":{"@id":"https:\/\/web.consaguirre.com.ar\/noticias\/#website"},"primaryImageOfPage":{"@id":"https:\/\/web.consaguirre.com.ar\/noticias\/labyrinth-regresa-a-los-cines-por-su-40-aniversario\/#primaryimage"},"image":{"@id":"https:\/\/web.consaguirre.com.ar\/noticias\/labyrinth-regresa-a-los-cines-por-su-40-aniversario\/#primaryimage"},"thumbnailUrl":"https:\/\/web.consaguirre.com.ar\/noticias\/wp-content\/uploads\/2026\/01\/1767710323_Labyrinth-regresa-a-los-cines-por-su-40-aniversario.jpg","datePublished":"2026-01-06T14:38:43+00:00","dateModified":"2026-01-06T14:38:43+00:00","breadcrumb":{"@id":"https:\/\/web.consaguirre.com.ar\/noticias\/labyrinth-regresa-a-los-cines-por-su-40-aniversario\/#breadcrumb"},"inLanguage":"es-AR","potentialAction":[{"@type":"ReadAction","target":["https:\/\/web.consaguirre.com.ar\/noticias\/labyrinth-regresa-a-los-cines-por-su-40-aniversario\/"]}]},{"@type":"ImageObject","inLanguage":"es-AR","@id":"https:\/\/web.consaguirre.com.ar\/noticias\/labyrinth-regresa-a-los-cines-por-su-40-aniversario\/#primaryimage","url":"https:\/\/web.consaguirre.com.ar\/noticias\/wp-content\/uploads\/2026\/01\/1767710323_Labyrinth-regresa-a-los-cines-por-su-40-aniversario.jpg","contentUrl":"https:\/\/web.consaguirre.com.ar\/noticias\/wp-content\/uploads\/2026\/01\/1767710323_Labyrinth-regresa-a-los-cines-por-su-40-aniversario.jpg","width":820,"height":820,"caption":"Labyrinth soundtrack"},{"@type":"BreadcrumbList","@id":"https:\/\/web.consaguirre.com.ar\/noticias\/labyrinth-regresa-a-los-cines-por-su-40-aniversario\/#breadcrumb","itemListElement":[{"@type":"ListItem","position":1,"name":"Inicio","item":"https:\/\/web.consaguirre.com.ar\/noticias\/"},{"@type":"ListItem","position":2,"name":"Labyrinth regresa a los cines por su 40 aniversario"}]},{"@type":"WebSite","@id":"https:\/\/web.consaguirre.com.ar\/noticias\/#website","url":"https:\/\/web.consaguirre.com.ar\/noticias\/","name":"Conservatorio de M\u00fasica Juli\u00e1n Aguirre","description":"","publisher":{"@id":"https:\/\/web.consaguirre.com.ar\/noticias\/#organization"},"potentialAction":[{"@type":"SearchAction","target":{"@type":"EntryPoint","urlTemplate":"https:\/\/web.consaguirre.com.ar\/noticias\/?s={search_term_string}"},"query-input":"required name=search_term_string"}],"inLanguage":"es-AR"},{"@type":"Organization","@id":"https:\/\/web.consaguirre.com.ar\/noticias\/#organization","name":"Conservatorio de M\u00fasica Juli\u00e1n Aguirre","url":"https:\/\/web.consaguirre.com.ar\/noticias\/","logo":{"@type":"ImageObject","inLanguage":"es-AR","@id":"https:\/\/web.consaguirre.com.ar\/noticias\/#\/schema\/logo\/image\/","url":"https:\/\/web.consaguirre.com.ar\/noticias\/wp-content\/uploads\/2024\/08\/Banner-Aguirre-23.jpg","contentUrl":"https:\/\/web.consaguirre.com.ar\/noticias\/wp-content\/uploads\/2024\/08\/Banner-Aguirre-23.jpg","width":1192,"height":600,"caption":"Conservatorio de M\u00fasica Juli\u00e1n Aguirre"},"image":{"@id":"https:\/\/web.consaguirre.com.ar\/noticias\/#\/schema\/logo\/image\/"}},{"@type":"Person","@id":"https:\/\/web.consaguirre.com.ar\/noticias\/#\/schema\/person\/6558b0cfedee7ddc5425602b237d5722","name":"Javier Figueroa","image":{"@type":"ImageObject","inLanguage":"es-AR","@id":"https:\/\/web.consaguirre.com.ar\/noticias\/#\/schema\/person\/image\/","url":"https:\/\/web.consaguirre.com.ar\/noticias\/wp-content\/uploads\/2024\/08\/Consaguirre-scaled.jpg","contentUrl":"https:\/\/web.consaguirre.com.ar\/noticias\/wp-content\/uploads\/2024\/08\/Consaguirre-scaled.jpg","caption":"Javier Figueroa"},"description":"Me llamo Javier Figueroa y soy redactor para el sitio oficial del Conservatorio de M\u00fasica Juli\u00e1n Aguirre en Buenos Aires, consaguirre.com. Apasionado por la m\u00fasica y la escritura, me esfuerzo por destacar los talentos y eventos de nuestra prestigiosa instituci\u00f3n. Mi trayectoria se nutre de una profunda admiraci\u00f3n por los artistas, haciendo de cada art\u00edculo una celebraci\u00f3n de la creatividad y la cultura musical.","sameAs":["https:\/\/web.consaguirre.com.ar\/noticias"]}]}},"_links":{"self":[{"href":"https:\/\/web.consaguirre.com.ar\/noticias\/wp-json\/wp\/v2\/posts\/4750"}],"collection":[{"href":"https:\/\/web.consaguirre.com.ar\/noticias\/wp-json\/wp\/v2\/posts"}],"about":[{"href":"https:\/\/web.consaguirre.com.ar\/noticias\/wp-json\/wp\/v2\/types\/post"}],"author":[{"embeddable":true,"href":"https:\/\/web.consaguirre.com.ar\/noticias\/wp-json\/wp\/v2\/users\/1"}],"replies":[{"embeddable":true,"href":"https:\/\/web.consaguirre.com.ar\/noticias\/wp-json\/wp\/v2\/comments?post=4750"}],"version-history":[{"count":1,"href":"https:\/\/web.consaguirre.com.ar\/noticias\/wp-json\/wp\/v2\/posts\/4750\/revisions"}],"predecessor-version":[{"id":4752,"href":"https:\/\/web.consaguirre.com.ar\/noticias\/wp-json\/wp\/v2\/posts\/4750\/revisions\/4752"}],"wp:featuredmedia":[{"embeddable":true,"href":"https:\/\/web.consaguirre.com.ar\/noticias\/wp-json\/wp\/v2\/media\/4751"}],"wp:attachment":[{"href":"https:\/\/web.consaguirre.com.ar\/noticias\/wp-json\/wp\/v2\/media?parent=4750"}],"wp:term":[{"taxonomy":"category","embeddable":true,"href":"https:\/\/web.consaguirre.com.ar\/noticias\/wp-json\/wp\/v2\/categories?post=4750"},{"taxonomy":"post_tag","embeddable":true,"href":"https:\/\/web.consaguirre.com.ar\/noticias\/wp-json\/wp\/v2\/tags?post=4750"}],"curies":[{"name":"wp","href":"https:\/\/api.w.org\/{rel}","templated":true}]}}