{"id":4735,"date":"2026-01-05T20:38:49","date_gmt":"2026-01-05T23:38:49","guid":{"rendered":"https:\/\/web.consaguirre.com.ar\/noticias\/mgk-comparte-momentos-de-mi-vida\/"},"modified":"2026-01-05T20:38:50","modified_gmt":"2026-01-05T23:38:50","slug":"mgk-comparte-momentos-de-mi-vida","status":"publish","type":"post","link":"https:\/\/web.consaguirre.com.ar\/noticias\/mgk-comparte-momentos-de-mi-vida\/","title":{"rendered":"mgk comparte &#8216;momentos de mi vida&#8217;"},"content":{"rendered":"<p>mgk ha compartido un nuevo sencillo y v\u00eddeo de \u201ctimes of my life\u201d. Escrito, producido e interpretado junto a Travis Barker (quien toca la bater\u00eda en la canci\u00f3n) y otros antiguos colaboradores y amigos de mgk como SlimXX, BazeXX, Nick Long y No Love For The Middle Child, \u201ctimes of my life\u201d es una mirada aleccionadora al amor perdido.<\/p>\n<p>La canci\u00f3n din\u00e1mica se remonta a un borrador compuesto durante las sesiones del \u00e1lbum 2020 de mgk. <em>Entradas para mi ca\u00edda<\/em>. &#8220;Grab\u00e9 esto en 2018, se filtr\u00f3 hace a\u00f1os y se volvi\u00f3 viral entre mis fans muchas veces, as\u00ed que hoy lo publico&#8221;, escribi\u00f3 mgk en Instagram.<\/p>\n<p>mgk seguir\u00e1 de gira detr\u00e1s <em>americana perdida<\/em>su tercer n\u00famero uno consecutivo en la lista Top Rock &#038; Alternative Albums de Billboard. Vea mgk en estadios y anfiteatros de Norteam\u00e9rica, UE\/Reino Unido y Australia\/Nueva Zelanda hasta julio. En fechas anteriores, mgk ha recibido a invitados como Halsey (en Chicago), Bailey Zimmerman (en Nashville), Julia Wolf y su propia hija en Warped Tour.<\/p>\n<div class=\"uD-YT-container\"><img decoding=\"async\" src=\"https:\/\/web.consaguirre.com.ar\/noticias\/wp-content\/uploads\/2026\/01\/1767656329_552_mgk-comparte-momentos-de-mi-vida.jpg\" alt=\"V\u00eddeo de YouTube\"><br \/>Haga clic para cargar v\u00eddeo<\/div>\n<p>En noviembre, mgk se asoci\u00f3 con los Jonas Brothers para un remix del <em>americana perdida<\/em> \u201cClich\u00e9\u201d favorito. Los artistas se unieron por primera vez para una interpretaci\u00f3n sorpresa en vivo de la canci\u00f3n en septiembre pasado en Vancouver. mgk tambi\u00e9n lanz\u00f3 una interpretaci\u00f3n en piano ac\u00fastico de la canci\u00f3n, \u201cclich\u00e9 (versi\u00f3n triste)\u201d. El video musical de baile de la canci\u00f3n, que presenta coreograf\u00eda de Sean Bankhead (Usher, Tate McRae), se explora en profundidad en un episodio de Vevo Footnotes.<\/p>\n<p>Publicado el pasado mes de agosto, <em>americana perdida<\/em> Se anunci\u00f3 con un tr\u00e1iler narrado que comienza diciendo que el \u00e1lbum \u201ces una excavaci\u00f3n personal del sue\u00f1o americano\u201d. El narrador del tr\u00e1iler a\u00f1ade que el \u00e1lbum es \u201cuna carta de amor a aquellos que buscan redescubrir: los so\u00f1adores, los vagabundos, los desafiantes\u201d. <em>americana perdida<\/em> siga el lanzamiento de mgk en 2022 <em>Venta generalizada<\/em>que se convirti\u00f3 en su segundo \u00e1lbum en alcanzar el n\u00famero 1 en el Billboard 200 y fue nominado a un premio Grammy por \u201cMejor \u00c1lbum de Rock\u201d.<\/p>\n<p><b>Compre m\u00fasica de mgk en vinilo y CD aqu\u00ed.<\/b><\/p>\n<p><script async src=\"\/\/www.instagram.com\/embed.js\"><\/script><\/p>\n","protected":false},"excerpt":{"rendered":"<p>mgk ha compartido un nuevo sencillo y v\u00eddeo de \u201ctimes of my life\u201d. Escrito, producido e interpretado junto a Travis Barker (quien toca la bater\u00eda<\/p>\n","protected":false},"author":1,"featured_media":4736,"comment_status":"closed","ping_status":"","sticky":false,"template":"","format":"standard","meta":{"footnotes":""},"categories":[50],"tags":[201,2726,3223,1716],"class_list":["post-4735","post","type-post","status-publish","format-standard","has-post-thumbnail","hentry","category-el-ultimo","tag-comparte","tag-mgk","tag-momentos","tag-vida","generate-columns","tablet-grid-50","mobile-grid-100","grid-parent","grid-50"],"yoast_head":"<!-- This site is optimized with the Yoast SEO plugin v23.3 - https:\/\/yoast.com\/wordpress\/plugins\/seo\/ -->\n<title>mgk comparte &#039;momentos de mi vida&#039;<\/title>\n<meta name=\"robots\" content=\"index, follow, max-snippet:-1, max-image-preview:large, max-video-preview:-1\" \/>\n<link rel=\"canonical\" href=\"https:\/\/web.consaguirre.com.ar\/noticias\/mgk-comparte-momentos-de-mi-vida\/\" \/>\n<meta property=\"og:locale\" content=\"es_ES\" \/>\n<meta property=\"og:type\" content=\"article\" \/>\n<meta property=\"og:title\" content=\"mgk comparte &#039;momentos de mi vida&#039;\" \/>\n<meta property=\"og:description\" content=\"mgk ha compartido un nuevo sencillo y v\u00eddeo de \u201ctimes of my life\u201d. Escrito, producido e interpretado junto a Travis Barker (quien toca la bater\u00eda\" \/>\n<meta property=\"og:url\" content=\"https:\/\/web.consaguirre.com.ar\/noticias\/mgk-comparte-momentos-de-mi-vida\/\" \/>\n<meta property=\"og:site_name\" content=\"Conservatorio de M\u00fasica Juli\u00e1n Aguirre\" \/>\n<meta property=\"article:published_time\" content=\"2026-01-05T23:38:49+00:00\" \/>\n<meta property=\"article:modified_time\" content=\"2026-01-05T23:38:50+00:00\" \/>\n<meta property=\"og:image\" content=\"https:\/\/web.consaguirre.com.ar\/noticias\/wp-content\/uploads\/2026\/01\/mgk-comparte-momentos-de-mi-vida.jpg\" \/>\n\t<meta property=\"og:image:width\" content=\"820\" \/>\n\t<meta property=\"og:image:height\" content=\"820\" \/>\n\t<meta property=\"og:image:type\" content=\"image\/jpeg\" \/>\n<meta name=\"author\" content=\"Javier Figueroa\" \/>\n<meta name=\"twitter:card\" content=\"summary_large_image\" \/>\n<meta name=\"twitter:label1\" content=\"Escrito por\" \/>\n\t<meta name=\"twitter:data1\" content=\"Javier Figueroa\" \/>\n\t<meta name=\"twitter:label2\" content=\"Tiempo de lectura\" \/>\n\t<meta name=\"twitter:data2\" content=\"2 minutos\" \/>\n<script type=\"application\/ld+json\" class=\"yoast-schema-graph\">{\"@context\":\"https:\/\/schema.org\",\"@graph\":[{\"@type\":\"Article\",\"@id\":\"https:\/\/web.consaguirre.com.ar\/noticias\/mgk-comparte-momentos-de-mi-vida\/#article\",\"isPartOf\":{\"@id\":\"https:\/\/web.consaguirre.com.ar\/noticias\/mgk-comparte-momentos-de-mi-vida\/\"},\"author\":{\"name\":\"Javier Figueroa\",\"@id\":\"https:\/\/web.consaguirre.com.ar\/noticias\/#\/schema\/person\/6558b0cfedee7ddc5425602b237d5722\"},\"headline\":\"mgk comparte &#8216;momentos de mi vida&#8217;\",\"datePublished\":\"2026-01-05T23:38:49+00:00\",\"dateModified\":\"2026-01-05T23:38:50+00:00\",\"mainEntityOfPage\":{\"@id\":\"https:\/\/web.consaguirre.com.ar\/noticias\/mgk-comparte-momentos-de-mi-vida\/\"},\"wordCount\":379,\"publisher\":{\"@id\":\"https:\/\/web.consaguirre.com.ar\/noticias\/#organization\"},\"image\":{\"@id\":\"https:\/\/web.consaguirre.com.ar\/noticias\/mgk-comparte-momentos-de-mi-vida\/#primaryimage\"},\"thumbnailUrl\":\"https:\/\/web.consaguirre.com.ar\/noticias\/wp-content\/uploads\/2026\/01\/mgk-comparte-momentos-de-mi-vida.jpg\",\"keywords\":[\"comparte\",\"MGK\",\"Momentos\",\"vida\"],\"articleSection\":[\"El \u00faltimo\"],\"inLanguage\":\"es-AR\"},{\"@type\":\"WebPage\",\"@id\":\"https:\/\/web.consaguirre.com.ar\/noticias\/mgk-comparte-momentos-de-mi-vida\/\",\"url\":\"https:\/\/web.consaguirre.com.ar\/noticias\/mgk-comparte-momentos-de-mi-vida\/\",\"name\":\"mgk comparte 'momentos de mi vida'\",\"isPartOf\":{\"@id\":\"https:\/\/web.consaguirre.com.ar\/noticias\/#website\"},\"primaryImageOfPage\":{\"@id\":\"https:\/\/web.consaguirre.com.ar\/noticias\/mgk-comparte-momentos-de-mi-vida\/#primaryimage\"},\"image\":{\"@id\":\"https:\/\/web.consaguirre.com.ar\/noticias\/mgk-comparte-momentos-de-mi-vida\/#primaryimage\"},\"thumbnailUrl\":\"https:\/\/web.consaguirre.com.ar\/noticias\/wp-content\/uploads\/2026\/01\/mgk-comparte-momentos-de-mi-vida.jpg\",\"datePublished\":\"2026-01-05T23:38:49+00:00\",\"dateModified\":\"2026-01-05T23:38:50+00:00\",\"breadcrumb\":{\"@id\":\"https:\/\/web.consaguirre.com.ar\/noticias\/mgk-comparte-momentos-de-mi-vida\/#breadcrumb\"},\"inLanguage\":\"es-AR\",\"potentialAction\":[{\"@type\":\"ReadAction\",\"target\":[\"https:\/\/web.consaguirre.com.ar\/noticias\/mgk-comparte-momentos-de-mi-vida\/\"]}]},{\"@type\":\"ImageObject\",\"inLanguage\":\"es-AR\",\"@id\":\"https:\/\/web.consaguirre.com.ar\/noticias\/mgk-comparte-momentos-de-mi-vida\/#primaryimage\",\"url\":\"https:\/\/web.consaguirre.com.ar\/noticias\/wp-content\/uploads\/2026\/01\/mgk-comparte-momentos-de-mi-vida.jpg\",\"contentUrl\":\"https:\/\/web.consaguirre.com.ar\/noticias\/wp-content\/uploads\/2026\/01\/mgk-comparte-momentos-de-mi-vida.jpg\",\"width\":820,\"height\":820,\"caption\":\"mgk Lost Americana\"},{\"@type\":\"BreadcrumbList\",\"@id\":\"https:\/\/web.consaguirre.com.ar\/noticias\/mgk-comparte-momentos-de-mi-vida\/#breadcrumb\",\"itemListElement\":[{\"@type\":\"ListItem\",\"position\":1,\"name\":\"Inicio\",\"item\":\"https:\/\/web.consaguirre.com.ar\/noticias\/\"},{\"@type\":\"ListItem\",\"position\":2,\"name\":\"mgk comparte &#8216;momentos de mi vida&#8217;\"}]},{\"@type\":\"WebSite\",\"@id\":\"https:\/\/web.consaguirre.com.ar\/noticias\/#website\",\"url\":\"https:\/\/web.consaguirre.com.ar\/noticias\/\",\"name\":\"Conservatorio de M\u00fasica Juli\u00e1n Aguirre\",\"description\":\"\",\"publisher\":{\"@id\":\"https:\/\/web.consaguirre.com.ar\/noticias\/#organization\"},\"potentialAction\":[{\"@type\":\"SearchAction\",\"target\":{\"@type\":\"EntryPoint\",\"urlTemplate\":\"https:\/\/web.consaguirre.com.ar\/noticias\/?s={search_term_string}\"},\"query-input\":\"required name=search_term_string\"}],\"inLanguage\":\"es-AR\"},{\"@type\":\"Organization\",\"@id\":\"https:\/\/web.consaguirre.com.ar\/noticias\/#organization\",\"name\":\"Conservatorio de M\u00fasica Juli\u00e1n Aguirre\",\"url\":\"https:\/\/web.consaguirre.com.ar\/noticias\/\",\"logo\":{\"@type\":\"ImageObject\",\"inLanguage\":\"es-AR\",\"@id\":\"https:\/\/web.consaguirre.com.ar\/noticias\/#\/schema\/logo\/image\/\",\"url\":\"https:\/\/web.consaguirre.com.ar\/noticias\/wp-content\/uploads\/2024\/08\/Banner-Aguirre-23.jpg\",\"contentUrl\":\"https:\/\/web.consaguirre.com.ar\/noticias\/wp-content\/uploads\/2024\/08\/Banner-Aguirre-23.jpg\",\"width\":1192,\"height\":600,\"caption\":\"Conservatorio de M\u00fasica Juli\u00e1n Aguirre\"},\"image\":{\"@id\":\"https:\/\/web.consaguirre.com.ar\/noticias\/#\/schema\/logo\/image\/\"}},{\"@type\":\"Person\",\"@id\":\"https:\/\/web.consaguirre.com.ar\/noticias\/#\/schema\/person\/6558b0cfedee7ddc5425602b237d5722\",\"name\":\"Javier Figueroa\",\"image\":{\"@type\":\"ImageObject\",\"inLanguage\":\"es-AR\",\"@id\":\"https:\/\/web.consaguirre.com.ar\/noticias\/#\/schema\/person\/image\/\",\"url\":\"https:\/\/web.consaguirre.com.ar\/noticias\/wp-content\/uploads\/2024\/08\/Consaguirre-scaled.jpg\",\"contentUrl\":\"https:\/\/web.consaguirre.com.ar\/noticias\/wp-content\/uploads\/2024\/08\/Consaguirre-scaled.jpg\",\"caption\":\"Javier Figueroa\"},\"description\":\"Me llamo Javier Figueroa y soy redactor para el sitio oficial del Conservatorio de M\u00fasica Juli\u00e1n Aguirre en Buenos Aires, consaguirre.com. Apasionado por la m\u00fasica y la escritura, me esfuerzo por destacar los talentos y eventos de nuestra prestigiosa instituci\u00f3n. Mi trayectoria se nutre de una profunda admiraci\u00f3n por los artistas, haciendo de cada art\u00edculo una celebraci\u00f3n de la creatividad y la cultura musical.\",\"sameAs\":[\"https:\/\/web.consaguirre.com.ar\/noticias\"]}]}<\/script>\n<!-- \/ Yoast SEO plugin. -->","yoast_head_json":{"title":"mgk comparte 'momentos de mi vida'","robots":{"index":"index","follow":"follow","max-snippet":"max-snippet:-1","max-image-preview":"max-image-preview:large","max-video-preview":"max-video-preview:-1"},"canonical":"https:\/\/web.consaguirre.com.ar\/noticias\/mgk-comparte-momentos-de-mi-vida\/","og_locale":"es_ES","og_type":"article","og_title":"mgk comparte 'momentos de mi vida'","og_description":"mgk ha compartido un nuevo sencillo y v\u00eddeo de \u201ctimes of my life\u201d. Escrito, producido e interpretado junto a Travis Barker (quien toca la bater\u00eda","og_url":"https:\/\/web.consaguirre.com.ar\/noticias\/mgk-comparte-momentos-de-mi-vida\/","og_site_name":"Conservatorio de M\u00fasica Juli\u00e1n Aguirre","article_published_time":"2026-01-05T23:38:49+00:00","article_modified_time":"2026-01-05T23:38:50+00:00","og_image":[{"width":820,"height":820,"url":"https:\/\/web.consaguirre.com.ar\/noticias\/wp-content\/uploads\/2026\/01\/mgk-comparte-momentos-de-mi-vida.jpg","type":"image\/jpeg"}],"author":"Javier Figueroa","twitter_card":"summary_large_image","twitter_misc":{"Escrito por":"Javier Figueroa","Tiempo de lectura":"2 minutos"},"schema":{"@context":"https:\/\/schema.org","@graph":[{"@type":"Article","@id":"https:\/\/web.consaguirre.com.ar\/noticias\/mgk-comparte-momentos-de-mi-vida\/#article","isPartOf":{"@id":"https:\/\/web.consaguirre.com.ar\/noticias\/mgk-comparte-momentos-de-mi-vida\/"},"author":{"name":"Javier Figueroa","@id":"https:\/\/web.consaguirre.com.ar\/noticias\/#\/schema\/person\/6558b0cfedee7ddc5425602b237d5722"},"headline":"mgk comparte &#8216;momentos de mi vida&#8217;","datePublished":"2026-01-05T23:38:49+00:00","dateModified":"2026-01-05T23:38:50+00:00","mainEntityOfPage":{"@id":"https:\/\/web.consaguirre.com.ar\/noticias\/mgk-comparte-momentos-de-mi-vida\/"},"wordCount":379,"publisher":{"@id":"https:\/\/web.consaguirre.com.ar\/noticias\/#organization"},"image":{"@id":"https:\/\/web.consaguirre.com.ar\/noticias\/mgk-comparte-momentos-de-mi-vida\/#primaryimage"},"thumbnailUrl":"https:\/\/web.consaguirre.com.ar\/noticias\/wp-content\/uploads\/2026\/01\/mgk-comparte-momentos-de-mi-vida.jpg","keywords":["comparte","MGK","Momentos","vida"],"articleSection":["El \u00faltimo"],"inLanguage":"es-AR"},{"@type":"WebPage","@id":"https:\/\/web.consaguirre.com.ar\/noticias\/mgk-comparte-momentos-de-mi-vida\/","url":"https:\/\/web.consaguirre.com.ar\/noticias\/mgk-comparte-momentos-de-mi-vida\/","name":"mgk comparte 'momentos de mi vida'","isPartOf":{"@id":"https:\/\/web.consaguirre.com.ar\/noticias\/#website"},"primaryImageOfPage":{"@id":"https:\/\/web.consaguirre.com.ar\/noticias\/mgk-comparte-momentos-de-mi-vida\/#primaryimage"},"image":{"@id":"https:\/\/web.consaguirre.com.ar\/noticias\/mgk-comparte-momentos-de-mi-vida\/#primaryimage"},"thumbnailUrl":"https:\/\/web.consaguirre.com.ar\/noticias\/wp-content\/uploads\/2026\/01\/mgk-comparte-momentos-de-mi-vida.jpg","datePublished":"2026-01-05T23:38:49+00:00","dateModified":"2026-01-05T23:38:50+00:00","breadcrumb":{"@id":"https:\/\/web.consaguirre.com.ar\/noticias\/mgk-comparte-momentos-de-mi-vida\/#breadcrumb"},"inLanguage":"es-AR","potentialAction":[{"@type":"ReadAction","target":["https:\/\/web.consaguirre.com.ar\/noticias\/mgk-comparte-momentos-de-mi-vida\/"]}]},{"@type":"ImageObject","inLanguage":"es-AR","@id":"https:\/\/web.consaguirre.com.ar\/noticias\/mgk-comparte-momentos-de-mi-vida\/#primaryimage","url":"https:\/\/web.consaguirre.com.ar\/noticias\/wp-content\/uploads\/2026\/01\/mgk-comparte-momentos-de-mi-vida.jpg","contentUrl":"https:\/\/web.consaguirre.com.ar\/noticias\/wp-content\/uploads\/2026\/01\/mgk-comparte-momentos-de-mi-vida.jpg","width":820,"height":820,"caption":"mgk Lost Americana"},{"@type":"BreadcrumbList","@id":"https:\/\/web.consaguirre.com.ar\/noticias\/mgk-comparte-momentos-de-mi-vida\/#breadcrumb","itemListElement":[{"@type":"ListItem","position":1,"name":"Inicio","item":"https:\/\/web.consaguirre.com.ar\/noticias\/"},{"@type":"ListItem","position":2,"name":"mgk comparte &#8216;momentos de mi vida&#8217;"}]},{"@type":"WebSite","@id":"https:\/\/web.consaguirre.com.ar\/noticias\/#website","url":"https:\/\/web.consaguirre.com.ar\/noticias\/","name":"Conservatorio de M\u00fasica Juli\u00e1n Aguirre","description":"","publisher":{"@id":"https:\/\/web.consaguirre.com.ar\/noticias\/#organization"},"potentialAction":[{"@type":"SearchAction","target":{"@type":"EntryPoint","urlTemplate":"https:\/\/web.consaguirre.com.ar\/noticias\/?s={search_term_string}"},"query-input":"required name=search_term_string"}],"inLanguage":"es-AR"},{"@type":"Organization","@id":"https:\/\/web.consaguirre.com.ar\/noticias\/#organization","name":"Conservatorio de M\u00fasica Juli\u00e1n Aguirre","url":"https:\/\/web.consaguirre.com.ar\/noticias\/","logo":{"@type":"ImageObject","inLanguage":"es-AR","@id":"https:\/\/web.consaguirre.com.ar\/noticias\/#\/schema\/logo\/image\/","url":"https:\/\/web.consaguirre.com.ar\/noticias\/wp-content\/uploads\/2024\/08\/Banner-Aguirre-23.jpg","contentUrl":"https:\/\/web.consaguirre.com.ar\/noticias\/wp-content\/uploads\/2024\/08\/Banner-Aguirre-23.jpg","width":1192,"height":600,"caption":"Conservatorio de M\u00fasica Juli\u00e1n Aguirre"},"image":{"@id":"https:\/\/web.consaguirre.com.ar\/noticias\/#\/schema\/logo\/image\/"}},{"@type":"Person","@id":"https:\/\/web.consaguirre.com.ar\/noticias\/#\/schema\/person\/6558b0cfedee7ddc5425602b237d5722","name":"Javier Figueroa","image":{"@type":"ImageObject","inLanguage":"es-AR","@id":"https:\/\/web.consaguirre.com.ar\/noticias\/#\/schema\/person\/image\/","url":"https:\/\/web.consaguirre.com.ar\/noticias\/wp-content\/uploads\/2024\/08\/Consaguirre-scaled.jpg","contentUrl":"https:\/\/web.consaguirre.com.ar\/noticias\/wp-content\/uploads\/2024\/08\/Consaguirre-scaled.jpg","caption":"Javier Figueroa"},"description":"Me llamo Javier Figueroa y soy redactor para el sitio oficial del Conservatorio de M\u00fasica Juli\u00e1n Aguirre en Buenos Aires, consaguirre.com. Apasionado por la m\u00fasica y la escritura, me esfuerzo por destacar los talentos y eventos de nuestra prestigiosa instituci\u00f3n. Mi trayectoria se nutre de una profunda admiraci\u00f3n por los artistas, haciendo de cada art\u00edculo una celebraci\u00f3n de la creatividad y la cultura musical.","sameAs":["https:\/\/web.consaguirre.com.ar\/noticias"]}]}},"_links":{"self":[{"href":"https:\/\/web.consaguirre.com.ar\/noticias\/wp-json\/wp\/v2\/posts\/4735"}],"collection":[{"href":"https:\/\/web.consaguirre.com.ar\/noticias\/wp-json\/wp\/v2\/posts"}],"about":[{"href":"https:\/\/web.consaguirre.com.ar\/noticias\/wp-json\/wp\/v2\/types\/post"}],"author":[{"embeddable":true,"href":"https:\/\/web.consaguirre.com.ar\/noticias\/wp-json\/wp\/v2\/users\/1"}],"replies":[{"embeddable":true,"href":"https:\/\/web.consaguirre.com.ar\/noticias\/wp-json\/wp\/v2\/comments?post=4735"}],"version-history":[{"count":1,"href":"https:\/\/web.consaguirre.com.ar\/noticias\/wp-json\/wp\/v2\/posts\/4735\/revisions"}],"predecessor-version":[{"id":4737,"href":"https:\/\/web.consaguirre.com.ar\/noticias\/wp-json\/wp\/v2\/posts\/4735\/revisions\/4737"}],"wp:featuredmedia":[{"embeddable":true,"href":"https:\/\/web.consaguirre.com.ar\/noticias\/wp-json\/wp\/v2\/media\/4736"}],"wp:attachment":[{"href":"https:\/\/web.consaguirre.com.ar\/noticias\/wp-json\/wp\/v2\/media?parent=4735"}],"wp:term":[{"taxonomy":"category","embeddable":true,"href":"https:\/\/web.consaguirre.com.ar\/noticias\/wp-json\/wp\/v2\/categories?post=4735"},{"taxonomy":"post_tag","embeddable":true,"href":"https:\/\/web.consaguirre.com.ar\/noticias\/wp-json\/wp\/v2\/tags?post=4735"}],"curies":[{"name":"wp","href":"https:\/\/api.w.org\/{rel}","templated":true}]}}