{"id":4732,"date":"2026-01-05T17:39:09","date_gmt":"2026-01-05T20:39:09","guid":{"rendered":"https:\/\/web.consaguirre.com.ar\/noticias\/affinity-del-trio-oscar-peterson-obtiene-el-lanzamiento-de-la-serie-verve-acoustic-sounds\/"},"modified":"2026-01-05T17:39:10","modified_gmt":"2026-01-05T20:39:10","slug":"affinity-del-trio-oscar-peterson-obtiene-el-lanzamiento-de-la-serie-verve-acoustic-sounds","status":"publish","type":"post","link":"https:\/\/web.consaguirre.com.ar\/noticias\/affinity-del-trio-oscar-peterson-obtiene-el-lanzamiento-de-la-serie-verve-acoustic-sounds\/","title":{"rendered":"&#8216;Affinity&#8217; del tr\u00edo Oscar Peterson obtiene el lanzamiento de la serie Verve Acoustic Sounds"},"content":{"rendered":"<p>Grabado a finales de septiembre de 1962 en Chicago y lanzado en Verve el mismo a\u00f1o, el \u00e1lbum producido por Norman Granz <em>Afinidad<\/em> captura al Oscar Peterson Trio en un momento de profunda cohesi\u00f3n y fluidez. La formaci\u00f3n (Peterson al piano, Ray Brown al bajo y Ed Thigpen a la bater\u00eda) hab\u00edan actuado juntos durante varios a\u00f1os y hab\u00edan desarrollado un equilibrio conversacional poco com\u00fan. Aqu\u00ed, en un entorno de estudio enfocado, el tr\u00edo refina su combinaci\u00f3n caracter\u00edstica de aplomo r\u00edtmico, claridad mel\u00f3dica e interacci\u00f3n din\u00e1mica a trav\u00e9s de un programa de est\u00e1ndares y composiciones contempor\u00e1neas. Se lanzar\u00e1 a finales de este a\u00f1o en vinilo a trav\u00e9s de la serie Acoustic Sounds de Verve.<\/p>\n<p>Entre los aspectos m\u00e1s destacados del \u00e1lbum se encuentra la primera versi\u00f3n grabada de Peterson de \u201cWaltz for Debby\u201d de Bill Evans, interpretada con lirismo y tranquilo control estructural. La sensibilidad del tr\u00edo al pulso y al color brilla en el fraseo de Peterson, el tono impecablemente centrado de Brown y la sutil pincelada de Thigpen. \u201cGravy Waltz\u201d del propio Ray Brown, coescrito con Steve Allen, aporta una sensaci\u00f3n contrastante de flotabilidad y swing, poniendo en primer plano la intuici\u00f3n r\u00edtmica que hizo de este conjunto uno de los m\u00e1s admirados del jazz de posguerra. A lo largo de la sesi\u00f3n, el tr\u00edo equilibra una t\u00e9cnica refinada con un enfoque relajado y no forzado, dando como resultado una grabaci\u00f3n que se siente pulida y profundamente humana.<\/p>\n<p>Aunque a menudo se describe como una de las declaraciones m\u00e1s discretas de Peterson a principios de la d\u00e9cada de 1960, <em>Afinidad<\/em> perdura como un documento del tr\u00edo en su forma m\u00e1s armonizada: un grupo que se mueve con confianza, curiosidad y unidad de prop\u00f3sito. Se erige como una entrada esencial en el cat\u00e1logo Verve de Peterson, que refleja la relaci\u00f3n instintiva del conjunto y la evoluci\u00f3n continua durante un per\u00edodo de giras y grabaciones casi constantes. La sesi\u00f3n presenta \u201cGravy Waltz\u201d de Ray Brown, coescrita con Steve Allen, que ganar\u00eda el premio Grammy de 1963 a la mejor composici\u00f3n de jazz original.<\/p>\n<p>\u00a1La serie Verve \/ Acoustic Sounds presenta reediciones en vinilo totalmente anal\u00f3gico de 180 gramos de \u00e1lbumes esenciales de Verve e Impulse! cat\u00e1logos. Masterizado a partir de las cintas anal\u00f3gicas originales por Ryan K. Smith en Sterling Sound y prensado en vinilo de 180 gramos en Quality Record Pressings (QRP) en Kansas, cada lanzamiento combina una fidelidad de audio de primer nivel con cubiertas meticulosamente reproducidas, ofreciendo recreaciones fieles de los LP originales para los oyentes m\u00e1s exigentes.<\/p>\n<p><b>Compre la serie Verve Acoustic Sounds ahora.<\/b><\/p>\n","protected":false},"excerpt":{"rendered":"<p>Grabado a finales de septiembre de 1962 en Chicago y lanzado en Verve el mismo a\u00f1o, el \u00e1lbum producido por Norman Granz Afinidad captura al<\/p>\n","protected":false},"author":1,"featured_media":4733,"comment_status":"closed","ping_status":"","sticky":false,"template":"","format":"standard","meta":{"footnotes":""},"categories":[50],"tags":[1144,3701,10,237,800,1737,3647,220,1503,2765,1182],"class_list":["post-4732","post","type-post","status-publish","format-standard","has-post-thumbnail","hentry","category-el-ultimo","tag-acoustic","tag-affinity","tag-del","tag-lanzamiento","tag-obtiene","tag-oscar","tag-peterson","tag-serie","tag-sounds","tag-trio","tag-verve","generate-columns","tablet-grid-50","mobile-grid-100","grid-parent","grid-50"],"yoast_head":"<!-- This site is optimized with the Yoast SEO plugin v23.3 - https:\/\/yoast.com\/wordpress\/plugins\/seo\/ -->\n<title>&#039;Affinity&#039; del tr\u00edo Oscar Peterson obtiene el lanzamiento de la serie Verve Acoustic Sounds<\/title>\n<meta name=\"robots\" content=\"index, follow, max-snippet:-1, max-image-preview:large, max-video-preview:-1\" \/>\n<link rel=\"canonical\" href=\"https:\/\/web.consaguirre.com.ar\/noticias\/affinity-del-trio-oscar-peterson-obtiene-el-lanzamiento-de-la-serie-verve-acoustic-sounds\/\" \/>\n<meta property=\"og:locale\" content=\"es_ES\" \/>\n<meta property=\"og:type\" content=\"article\" \/>\n<meta property=\"og:title\" content=\"&#039;Affinity&#039; del tr\u00edo Oscar Peterson obtiene el lanzamiento de la serie Verve Acoustic Sounds\" \/>\n<meta property=\"og:description\" content=\"Grabado a finales de septiembre de 1962 en Chicago y lanzado en Verve el mismo a\u00f1o, el \u00e1lbum producido por Norman Granz Afinidad captura al\" \/>\n<meta property=\"og:url\" content=\"https:\/\/web.consaguirre.com.ar\/noticias\/affinity-del-trio-oscar-peterson-obtiene-el-lanzamiento-de-la-serie-verve-acoustic-sounds\/\" \/>\n<meta property=\"og:site_name\" content=\"Conservatorio de M\u00fasica Juli\u00e1n Aguirre\" \/>\n<meta property=\"article:published_time\" content=\"2026-01-05T20:39:09+00:00\" \/>\n<meta property=\"article:modified_time\" content=\"2026-01-05T20:39:10+00:00\" \/>\n<meta property=\"og:image\" content=\"https:\/\/web.consaguirre.com.ar\/noticias\/wp-content\/uploads\/2026\/01\/Affinity-del-trio-Oscar-Peterson-obtiene-el-lanzamiento-de-la.jpg\" \/>\n\t<meta property=\"og:image:width\" content=\"1440\" \/>\n\t<meta property=\"og:image:height\" content=\"864\" \/>\n\t<meta property=\"og:image:type\" content=\"image\/jpeg\" \/>\n<meta name=\"author\" content=\"Javier Figueroa\" \/>\n<meta name=\"twitter:card\" content=\"summary_large_image\" \/>\n<meta name=\"twitter:label1\" content=\"Escrito por\" \/>\n\t<meta name=\"twitter:data1\" content=\"Javier Figueroa\" \/>\n\t<meta name=\"twitter:label2\" content=\"Tiempo de lectura\" \/>\n\t<meta name=\"twitter:data2\" content=\"2 minutos\" \/>\n<script type=\"application\/ld+json\" class=\"yoast-schema-graph\">{\"@context\":\"https:\/\/schema.org\",\"@graph\":[{\"@type\":\"Article\",\"@id\":\"https:\/\/web.consaguirre.com.ar\/noticias\/affinity-del-trio-oscar-peterson-obtiene-el-lanzamiento-de-la-serie-verve-acoustic-sounds\/#article\",\"isPartOf\":{\"@id\":\"https:\/\/web.consaguirre.com.ar\/noticias\/affinity-del-trio-oscar-peterson-obtiene-el-lanzamiento-de-la-serie-verve-acoustic-sounds\/\"},\"author\":{\"name\":\"Javier Figueroa\",\"@id\":\"https:\/\/web.consaguirre.com.ar\/noticias\/#\/schema\/person\/6558b0cfedee7ddc5425602b237d5722\"},\"headline\":\"&#8216;Affinity&#8217; del tr\u00edo Oscar Peterson obtiene el lanzamiento de la serie Verve Acoustic Sounds\",\"datePublished\":\"2026-01-05T20:39:09+00:00\",\"dateModified\":\"2026-01-05T20:39:10+00:00\",\"mainEntityOfPage\":{\"@id\":\"https:\/\/web.consaguirre.com.ar\/noticias\/affinity-del-trio-oscar-peterson-obtiene-el-lanzamiento-de-la-serie-verve-acoustic-sounds\/\"},\"wordCount\":484,\"publisher\":{\"@id\":\"https:\/\/web.consaguirre.com.ar\/noticias\/#organization\"},\"image\":{\"@id\":\"https:\/\/web.consaguirre.com.ar\/noticias\/affinity-del-trio-oscar-peterson-obtiene-el-lanzamiento-de-la-serie-verve-acoustic-sounds\/#primaryimage\"},\"thumbnailUrl\":\"https:\/\/web.consaguirre.com.ar\/noticias\/wp-content\/uploads\/2026\/01\/Affinity-del-trio-Oscar-Peterson-obtiene-el-lanzamiento-de-la.jpg\",\"keywords\":[\"Acoustic\",\"Affinity\",\"del\",\"lanzamiento\",\"obtiene\",\"Oscar\",\"Peterson\",\"serie\",\"Sounds\",\"tr\u00edo\",\"Verve\"],\"articleSection\":[\"El \u00faltimo\"],\"inLanguage\":\"es-AR\"},{\"@type\":\"WebPage\",\"@id\":\"https:\/\/web.consaguirre.com.ar\/noticias\/affinity-del-trio-oscar-peterson-obtiene-el-lanzamiento-de-la-serie-verve-acoustic-sounds\/\",\"url\":\"https:\/\/web.consaguirre.com.ar\/noticias\/affinity-del-trio-oscar-peterson-obtiene-el-lanzamiento-de-la-serie-verve-acoustic-sounds\/\",\"name\":\"'Affinity' del tr\u00edo Oscar Peterson obtiene el lanzamiento de la serie Verve Acoustic Sounds\",\"isPartOf\":{\"@id\":\"https:\/\/web.consaguirre.com.ar\/noticias\/#website\"},\"primaryImageOfPage\":{\"@id\":\"https:\/\/web.consaguirre.com.ar\/noticias\/affinity-del-trio-oscar-peterson-obtiene-el-lanzamiento-de-la-serie-verve-acoustic-sounds\/#primaryimage\"},\"image\":{\"@id\":\"https:\/\/web.consaguirre.com.ar\/noticias\/affinity-del-trio-oscar-peterson-obtiene-el-lanzamiento-de-la-serie-verve-acoustic-sounds\/#primaryimage\"},\"thumbnailUrl\":\"https:\/\/web.consaguirre.com.ar\/noticias\/wp-content\/uploads\/2026\/01\/Affinity-del-trio-Oscar-Peterson-obtiene-el-lanzamiento-de-la.jpg\",\"datePublished\":\"2026-01-05T20:39:09+00:00\",\"dateModified\":\"2026-01-05T20:39:10+00:00\",\"breadcrumb\":{\"@id\":\"https:\/\/web.consaguirre.com.ar\/noticias\/affinity-del-trio-oscar-peterson-obtiene-el-lanzamiento-de-la-serie-verve-acoustic-sounds\/#breadcrumb\"},\"inLanguage\":\"es-AR\",\"potentialAction\":[{\"@type\":\"ReadAction\",\"target\":[\"https:\/\/web.consaguirre.com.ar\/noticias\/affinity-del-trio-oscar-peterson-obtiene-el-lanzamiento-de-la-serie-verve-acoustic-sounds\/\"]}]},{\"@type\":\"ImageObject\",\"inLanguage\":\"es-AR\",\"@id\":\"https:\/\/web.consaguirre.com.ar\/noticias\/affinity-del-trio-oscar-peterson-obtiene-el-lanzamiento-de-la-serie-verve-acoustic-sounds\/#primaryimage\",\"url\":\"https:\/\/web.consaguirre.com.ar\/noticias\/wp-content\/uploads\/2026\/01\/Affinity-del-trio-Oscar-Peterson-obtiene-el-lanzamiento-de-la.jpg\",\"contentUrl\":\"https:\/\/web.consaguirre.com.ar\/noticias\/wp-content\/uploads\/2026\/01\/Affinity-del-trio-Oscar-Peterson-obtiene-el-lanzamiento-de-la.jpg\",\"width\":1440,\"height\":864,\"caption\":\"'Affinity' del tr\u00edo Oscar Peterson obtiene el lanzamiento de la serie Verve Acoustic Sounds\"},{\"@type\":\"BreadcrumbList\",\"@id\":\"https:\/\/web.consaguirre.com.ar\/noticias\/affinity-del-trio-oscar-peterson-obtiene-el-lanzamiento-de-la-serie-verve-acoustic-sounds\/#breadcrumb\",\"itemListElement\":[{\"@type\":\"ListItem\",\"position\":1,\"name\":\"Inicio\",\"item\":\"https:\/\/web.consaguirre.com.ar\/noticias\/\"},{\"@type\":\"ListItem\",\"position\":2,\"name\":\"&#8216;Affinity&#8217; del tr\u00edo Oscar Peterson obtiene el lanzamiento de la serie Verve Acoustic Sounds\"}]},{\"@type\":\"WebSite\",\"@id\":\"https:\/\/web.consaguirre.com.ar\/noticias\/#website\",\"url\":\"https:\/\/web.consaguirre.com.ar\/noticias\/\",\"name\":\"Conservatorio de M\u00fasica Juli\u00e1n Aguirre\",\"description\":\"\",\"publisher\":{\"@id\":\"https:\/\/web.consaguirre.com.ar\/noticias\/#organization\"},\"potentialAction\":[{\"@type\":\"SearchAction\",\"target\":{\"@type\":\"EntryPoint\",\"urlTemplate\":\"https:\/\/web.consaguirre.com.ar\/noticias\/?s={search_term_string}\"},\"query-input\":\"required name=search_term_string\"}],\"inLanguage\":\"es-AR\"},{\"@type\":\"Organization\",\"@id\":\"https:\/\/web.consaguirre.com.ar\/noticias\/#organization\",\"name\":\"Conservatorio de M\u00fasica Juli\u00e1n Aguirre\",\"url\":\"https:\/\/web.consaguirre.com.ar\/noticias\/\",\"logo\":{\"@type\":\"ImageObject\",\"inLanguage\":\"es-AR\",\"@id\":\"https:\/\/web.consaguirre.com.ar\/noticias\/#\/schema\/logo\/image\/\",\"url\":\"https:\/\/web.consaguirre.com.ar\/noticias\/wp-content\/uploads\/2024\/08\/Banner-Aguirre-23.jpg\",\"contentUrl\":\"https:\/\/web.consaguirre.com.ar\/noticias\/wp-content\/uploads\/2024\/08\/Banner-Aguirre-23.jpg\",\"width\":1192,\"height\":600,\"caption\":\"Conservatorio de M\u00fasica Juli\u00e1n Aguirre\"},\"image\":{\"@id\":\"https:\/\/web.consaguirre.com.ar\/noticias\/#\/schema\/logo\/image\/\"}},{\"@type\":\"Person\",\"@id\":\"https:\/\/web.consaguirre.com.ar\/noticias\/#\/schema\/person\/6558b0cfedee7ddc5425602b237d5722\",\"name\":\"Javier Figueroa\",\"image\":{\"@type\":\"ImageObject\",\"inLanguage\":\"es-AR\",\"@id\":\"https:\/\/web.consaguirre.com.ar\/noticias\/#\/schema\/person\/image\/\",\"url\":\"https:\/\/web.consaguirre.com.ar\/noticias\/wp-content\/uploads\/2024\/08\/Consaguirre-scaled.jpg\",\"contentUrl\":\"https:\/\/web.consaguirre.com.ar\/noticias\/wp-content\/uploads\/2024\/08\/Consaguirre-scaled.jpg\",\"caption\":\"Javier Figueroa\"},\"description\":\"Me llamo Javier Figueroa y soy redactor para el sitio oficial del Conservatorio de M\u00fasica Juli\u00e1n Aguirre en Buenos Aires, consaguirre.com. Apasionado por la m\u00fasica y la escritura, me esfuerzo por destacar los talentos y eventos de nuestra prestigiosa instituci\u00f3n. Mi trayectoria se nutre de una profunda admiraci\u00f3n por los artistas, haciendo de cada art\u00edculo una celebraci\u00f3n de la creatividad y la cultura musical.\",\"sameAs\":[\"https:\/\/web.consaguirre.com.ar\/noticias\"]}]}<\/script>\n<!-- \/ Yoast SEO plugin. -->","yoast_head_json":{"title":"'Affinity' del tr\u00edo Oscar Peterson obtiene el lanzamiento de la serie Verve Acoustic Sounds","robots":{"index":"index","follow":"follow","max-snippet":"max-snippet:-1","max-image-preview":"max-image-preview:large","max-video-preview":"max-video-preview:-1"},"canonical":"https:\/\/web.consaguirre.com.ar\/noticias\/affinity-del-trio-oscar-peterson-obtiene-el-lanzamiento-de-la-serie-verve-acoustic-sounds\/","og_locale":"es_ES","og_type":"article","og_title":"'Affinity' del tr\u00edo Oscar Peterson obtiene el lanzamiento de la serie Verve Acoustic Sounds","og_description":"Grabado a finales de septiembre de 1962 en Chicago y lanzado en Verve el mismo a\u00f1o, el \u00e1lbum producido por Norman Granz Afinidad captura al","og_url":"https:\/\/web.consaguirre.com.ar\/noticias\/affinity-del-trio-oscar-peterson-obtiene-el-lanzamiento-de-la-serie-verve-acoustic-sounds\/","og_site_name":"Conservatorio de M\u00fasica Juli\u00e1n Aguirre","article_published_time":"2026-01-05T20:39:09+00:00","article_modified_time":"2026-01-05T20:39:10+00:00","og_image":[{"width":1440,"height":864,"url":"https:\/\/web.consaguirre.com.ar\/noticias\/wp-content\/uploads\/2026\/01\/Affinity-del-trio-Oscar-Peterson-obtiene-el-lanzamiento-de-la.jpg","type":"image\/jpeg"}],"author":"Javier Figueroa","twitter_card":"summary_large_image","twitter_misc":{"Escrito por":"Javier Figueroa","Tiempo de lectura":"2 minutos"},"schema":{"@context":"https:\/\/schema.org","@graph":[{"@type":"Article","@id":"https:\/\/web.consaguirre.com.ar\/noticias\/affinity-del-trio-oscar-peterson-obtiene-el-lanzamiento-de-la-serie-verve-acoustic-sounds\/#article","isPartOf":{"@id":"https:\/\/web.consaguirre.com.ar\/noticias\/affinity-del-trio-oscar-peterson-obtiene-el-lanzamiento-de-la-serie-verve-acoustic-sounds\/"},"author":{"name":"Javier Figueroa","@id":"https:\/\/web.consaguirre.com.ar\/noticias\/#\/schema\/person\/6558b0cfedee7ddc5425602b237d5722"},"headline":"&#8216;Affinity&#8217; del tr\u00edo Oscar Peterson obtiene el lanzamiento de la serie Verve Acoustic Sounds","datePublished":"2026-01-05T20:39:09+00:00","dateModified":"2026-01-05T20:39:10+00:00","mainEntityOfPage":{"@id":"https:\/\/web.consaguirre.com.ar\/noticias\/affinity-del-trio-oscar-peterson-obtiene-el-lanzamiento-de-la-serie-verve-acoustic-sounds\/"},"wordCount":484,"publisher":{"@id":"https:\/\/web.consaguirre.com.ar\/noticias\/#organization"},"image":{"@id":"https:\/\/web.consaguirre.com.ar\/noticias\/affinity-del-trio-oscar-peterson-obtiene-el-lanzamiento-de-la-serie-verve-acoustic-sounds\/#primaryimage"},"thumbnailUrl":"https:\/\/web.consaguirre.com.ar\/noticias\/wp-content\/uploads\/2026\/01\/Affinity-del-trio-Oscar-Peterson-obtiene-el-lanzamiento-de-la.jpg","keywords":["Acoustic","Affinity","del","lanzamiento","obtiene","Oscar","Peterson","serie","Sounds","tr\u00edo","Verve"],"articleSection":["El \u00faltimo"],"inLanguage":"es-AR"},{"@type":"WebPage","@id":"https:\/\/web.consaguirre.com.ar\/noticias\/affinity-del-trio-oscar-peterson-obtiene-el-lanzamiento-de-la-serie-verve-acoustic-sounds\/","url":"https:\/\/web.consaguirre.com.ar\/noticias\/affinity-del-trio-oscar-peterson-obtiene-el-lanzamiento-de-la-serie-verve-acoustic-sounds\/","name":"'Affinity' del tr\u00edo Oscar Peterson obtiene el lanzamiento de la serie Verve Acoustic Sounds","isPartOf":{"@id":"https:\/\/web.consaguirre.com.ar\/noticias\/#website"},"primaryImageOfPage":{"@id":"https:\/\/web.consaguirre.com.ar\/noticias\/affinity-del-trio-oscar-peterson-obtiene-el-lanzamiento-de-la-serie-verve-acoustic-sounds\/#primaryimage"},"image":{"@id":"https:\/\/web.consaguirre.com.ar\/noticias\/affinity-del-trio-oscar-peterson-obtiene-el-lanzamiento-de-la-serie-verve-acoustic-sounds\/#primaryimage"},"thumbnailUrl":"https:\/\/web.consaguirre.com.ar\/noticias\/wp-content\/uploads\/2026\/01\/Affinity-del-trio-Oscar-Peterson-obtiene-el-lanzamiento-de-la.jpg","datePublished":"2026-01-05T20:39:09+00:00","dateModified":"2026-01-05T20:39:10+00:00","breadcrumb":{"@id":"https:\/\/web.consaguirre.com.ar\/noticias\/affinity-del-trio-oscar-peterson-obtiene-el-lanzamiento-de-la-serie-verve-acoustic-sounds\/#breadcrumb"},"inLanguage":"es-AR","potentialAction":[{"@type":"ReadAction","target":["https:\/\/web.consaguirre.com.ar\/noticias\/affinity-del-trio-oscar-peterson-obtiene-el-lanzamiento-de-la-serie-verve-acoustic-sounds\/"]}]},{"@type":"ImageObject","inLanguage":"es-AR","@id":"https:\/\/web.consaguirre.com.ar\/noticias\/affinity-del-trio-oscar-peterson-obtiene-el-lanzamiento-de-la-serie-verve-acoustic-sounds\/#primaryimage","url":"https:\/\/web.consaguirre.com.ar\/noticias\/wp-content\/uploads\/2026\/01\/Affinity-del-trio-Oscar-Peterson-obtiene-el-lanzamiento-de-la.jpg","contentUrl":"https:\/\/web.consaguirre.com.ar\/noticias\/wp-content\/uploads\/2026\/01\/Affinity-del-trio-Oscar-Peterson-obtiene-el-lanzamiento-de-la.jpg","width":1440,"height":864,"caption":"'Affinity' del tr\u00edo Oscar Peterson obtiene el lanzamiento de la serie Verve Acoustic Sounds"},{"@type":"BreadcrumbList","@id":"https:\/\/web.consaguirre.com.ar\/noticias\/affinity-del-trio-oscar-peterson-obtiene-el-lanzamiento-de-la-serie-verve-acoustic-sounds\/#breadcrumb","itemListElement":[{"@type":"ListItem","position":1,"name":"Inicio","item":"https:\/\/web.consaguirre.com.ar\/noticias\/"},{"@type":"ListItem","position":2,"name":"&#8216;Affinity&#8217; del tr\u00edo Oscar Peterson obtiene el lanzamiento de la serie Verve Acoustic Sounds"}]},{"@type":"WebSite","@id":"https:\/\/web.consaguirre.com.ar\/noticias\/#website","url":"https:\/\/web.consaguirre.com.ar\/noticias\/","name":"Conservatorio de M\u00fasica Juli\u00e1n Aguirre","description":"","publisher":{"@id":"https:\/\/web.consaguirre.com.ar\/noticias\/#organization"},"potentialAction":[{"@type":"SearchAction","target":{"@type":"EntryPoint","urlTemplate":"https:\/\/web.consaguirre.com.ar\/noticias\/?s={search_term_string}"},"query-input":"required name=search_term_string"}],"inLanguage":"es-AR"},{"@type":"Organization","@id":"https:\/\/web.consaguirre.com.ar\/noticias\/#organization","name":"Conservatorio de M\u00fasica Juli\u00e1n Aguirre","url":"https:\/\/web.consaguirre.com.ar\/noticias\/","logo":{"@type":"ImageObject","inLanguage":"es-AR","@id":"https:\/\/web.consaguirre.com.ar\/noticias\/#\/schema\/logo\/image\/","url":"https:\/\/web.consaguirre.com.ar\/noticias\/wp-content\/uploads\/2024\/08\/Banner-Aguirre-23.jpg","contentUrl":"https:\/\/web.consaguirre.com.ar\/noticias\/wp-content\/uploads\/2024\/08\/Banner-Aguirre-23.jpg","width":1192,"height":600,"caption":"Conservatorio de M\u00fasica Juli\u00e1n Aguirre"},"image":{"@id":"https:\/\/web.consaguirre.com.ar\/noticias\/#\/schema\/logo\/image\/"}},{"@type":"Person","@id":"https:\/\/web.consaguirre.com.ar\/noticias\/#\/schema\/person\/6558b0cfedee7ddc5425602b237d5722","name":"Javier Figueroa","image":{"@type":"ImageObject","inLanguage":"es-AR","@id":"https:\/\/web.consaguirre.com.ar\/noticias\/#\/schema\/person\/image\/","url":"https:\/\/web.consaguirre.com.ar\/noticias\/wp-content\/uploads\/2024\/08\/Consaguirre-scaled.jpg","contentUrl":"https:\/\/web.consaguirre.com.ar\/noticias\/wp-content\/uploads\/2024\/08\/Consaguirre-scaled.jpg","caption":"Javier Figueroa"},"description":"Me llamo Javier Figueroa y soy redactor para el sitio oficial del Conservatorio de M\u00fasica Juli\u00e1n Aguirre en Buenos Aires, consaguirre.com. Apasionado por la m\u00fasica y la escritura, me esfuerzo por destacar los talentos y eventos de nuestra prestigiosa instituci\u00f3n. Mi trayectoria se nutre de una profunda admiraci\u00f3n por los artistas, haciendo de cada art\u00edculo una celebraci\u00f3n de la creatividad y la cultura musical.","sameAs":["https:\/\/web.consaguirre.com.ar\/noticias"]}]}},"_links":{"self":[{"href":"https:\/\/web.consaguirre.com.ar\/noticias\/wp-json\/wp\/v2\/posts\/4732"}],"collection":[{"href":"https:\/\/web.consaguirre.com.ar\/noticias\/wp-json\/wp\/v2\/posts"}],"about":[{"href":"https:\/\/web.consaguirre.com.ar\/noticias\/wp-json\/wp\/v2\/types\/post"}],"author":[{"embeddable":true,"href":"https:\/\/web.consaguirre.com.ar\/noticias\/wp-json\/wp\/v2\/users\/1"}],"replies":[{"embeddable":true,"href":"https:\/\/web.consaguirre.com.ar\/noticias\/wp-json\/wp\/v2\/comments?post=4732"}],"version-history":[{"count":1,"href":"https:\/\/web.consaguirre.com.ar\/noticias\/wp-json\/wp\/v2\/posts\/4732\/revisions"}],"predecessor-version":[{"id":4734,"href":"https:\/\/web.consaguirre.com.ar\/noticias\/wp-json\/wp\/v2\/posts\/4732\/revisions\/4734"}],"wp:featuredmedia":[{"embeddable":true,"href":"https:\/\/web.consaguirre.com.ar\/noticias\/wp-json\/wp\/v2\/media\/4733"}],"wp:attachment":[{"href":"https:\/\/web.consaguirre.com.ar\/noticias\/wp-json\/wp\/v2\/media?parent=4732"}],"wp:term":[{"taxonomy":"category","embeddable":true,"href":"https:\/\/web.consaguirre.com.ar\/noticias\/wp-json\/wp\/v2\/categories?post=4732"},{"taxonomy":"post_tag","embeddable":true,"href":"https:\/\/web.consaguirre.com.ar\/noticias\/wp-json\/wp\/v2\/tags?post=4732"}],"curies":[{"name":"wp","href":"https:\/\/api.w.org\/{rel}","templated":true}]}}