{"id":473,"date":"2024-09-05T16:39:46","date_gmt":"2024-09-05T19:39:46","guid":{"rendered":"https:\/\/web.consaguirre.com.ar\/noticias\/los-carpinteros-lanzaran-una-nueva-coleccion-navidena\/"},"modified":"2024-09-08T16:27:48","modified_gmt":"2024-09-08T19:27:48","slug":"los-carpinteros-lanzaran-una-nueva-coleccion-navidena","status":"publish","type":"post","link":"https:\/\/web.consaguirre.com.ar\/noticias\/los-carpinteros-lanzaran-una-nueva-coleccion-navidena\/","title":{"rendered":"Los carpinteros lanzar\u00e1n una nueva colecci\u00f3n navide\u00f1a"},"content":{"rendered":"<p>Con el inicio del oto\u00f1o, la temporada navide\u00f1a llegar\u00e1 antes de que nos demos cuenta. Para aquellos ansiosos por entrar en el esp\u00edritu navide\u00f1o, hay una nueva recopilaci\u00f3n de Carpenters: <em>Navidad una vez<\/em> <em>M\u00e1s. <\/em>Es una colecci\u00f3n completamente nueva que incluye 16 piezas atemporales. <strong>Carpinteros<\/strong> Cl\u00e1sicos navide\u00f1os seleccionados por <strong>Richard Carpintero<\/strong>El disco se lanzar\u00e1 el 1 de noviembre y estar\u00e1 disponible en CD, vinilo negro y vinilo dorado de edici\u00f3n limitada.<\/p>\n<p><strong>Orden <em>Navidad una vez m\u00e1s.<\/em><\/strong><\/p>\n<p>El conjunto de 16 pistas est\u00e1 compuesto por canciones de los dos discos navide\u00f1os del d\u00fao: <em>Retrato de Navidad <\/em>y <em>Una Navidad a la antigua usanza<\/em>Las pistas han sido remezcladas y remasterizadas recientemente, incluidas las favoritas navide\u00f1as &#8220;Sleigh Ride&#8221;, &#8220;(There&#8217;s No Place Like) Home for the Holidays&#8221; y &#8220;Merry Christmas, Darling&#8221;, con la participaci\u00f3n de la Royal Philharmonic Orchestra.<\/p>\n<p>La letra de \u201cMerry Christmas, Darling\u201d fue escrita por Frank Pooler, el profesor de m\u00fasica de los Carpenters en la Universidad Estatal de California. Le pidieron ayuda a su maestro favorito para crear una nueva canci\u00f3n navide\u00f1a y \u00e9l les proporcion\u00f3 la letra que hab\u00eda escrito 20 a\u00f1os antes. Richard compuso una nueva melod\u00eda y naci\u00f3 un cl\u00e1sico.<\/p>\n<div class=\"uD-YT-container\"><img decoding=\"async\" src=\"https:\/\/web.consaguirre.com.ar\/noticias\/wp-content\/uploads\/2024\/09\/1725565186_999_Los-carpinteros-lanzaran-una-nueva-coleccion-navidena.jpg\" alt=\"V\u00eddeo de YouTube\"><\/p>\n<\/div>\n<p>En 2023, Richard comparti\u00f3 que \u201cMerry Christmas, Darling\u201d era una de las canciones que le hubiera gustado volver a grabar con Karen si hubieran tenido la oportunidad. Explica: \u201cElla ten\u00eda solo 19 a\u00f1os cuando hicimos nuestro primer \u00e1lbum, y yo ten\u00eda 22, y en los siguientes dos o tres a\u00f1os, nuestras voces cambiaron en el sentido de que no eran tan roncas como originalmente. Por eso ella quer\u00eda volver a hacer la voz principal en &#8216;Merry Christmas, Darling&#8217; y &#8216;Ticket to Ride&#8217;, porque no le gustaba tanto lo ronca que era su voz\u201d.<\/p>\n<p>En diciembre de 1978, el especial de televisi\u00f3n <i>Los carpinteros: un retrato navide\u00f1o<\/i>emitido por ABC. En \u00e9l, los hermanos organizan una fiesta de Navidad para una serie de invitados especiales, entre ellos Gene Kelly, quien se uni\u00f3 al d\u00fao para una interpretaci\u00f3n de &#8220;O Come All Ye Faithful&#8221;.<\/p>\n<p><strong>Orden <em>Navidad una vez m\u00e1s.<\/em><\/strong><\/p>\n","protected":false},"excerpt":{"rendered":"<p>Con el inicio del oto\u00f1o, la temporada navide\u00f1a llegar\u00e1 antes de que nos demos cuenta. Para aquellos ansiosos por entrar en el esp\u00edritu navide\u00f1o, hay<\/p>\n","protected":false},"author":1,"featured_media":474,"comment_status":"closed","ping_status":"open","sticky":false,"template":"","format":"standard","meta":{"footnotes":""},"categories":[50],"tags":[526,170,210,180,527,116,191],"class_list":["post-473","post","type-post","status-publish","format-standard","has-post-thumbnail","hentry","category-el-ultimo","tag-carpinteros","tag-coleccion","tag-lanzaran","tag-los","tag-navidena","tag-nueva","tag-una","generate-columns","tablet-grid-50","mobile-grid-100","grid-parent","grid-50"],"yoast_head":"<!-- This site is optimized with the Yoast SEO plugin v23.3 - https:\/\/yoast.com\/wordpress\/plugins\/seo\/ -->\n<title>Los carpinteros lanzar\u00e1n una nueva colecci\u00f3n navide\u00f1a<\/title>\n<meta name=\"robots\" content=\"index, follow, max-snippet:-1, max-image-preview:large, max-video-preview:-1\" \/>\n<link rel=\"canonical\" href=\"https:\/\/web.consaguirre.com.ar\/noticias\/los-carpinteros-lanzaran-una-nueva-coleccion-navidena\/\" \/>\n<meta property=\"og:locale\" content=\"es_ES\" \/>\n<meta property=\"og:type\" content=\"article\" \/>\n<meta property=\"og:title\" content=\"Los carpinteros lanzar\u00e1n una nueva colecci\u00f3n navide\u00f1a\" \/>\n<meta property=\"og:description\" content=\"Con el inicio del oto\u00f1o, la temporada navide\u00f1a llegar\u00e1 antes de que nos demos cuenta. Para aquellos ansiosos por entrar en el esp\u00edritu navide\u00f1o, hay\" \/>\n<meta property=\"og:url\" content=\"https:\/\/web.consaguirre.com.ar\/noticias\/los-carpinteros-lanzaran-una-nueva-coleccion-navidena\/\" \/>\n<meta property=\"og:site_name\" content=\"Conservatorio de M\u00fasica Juli\u00e1n Aguirre\" \/>\n<meta property=\"article:published_time\" content=\"2024-09-05T19:39:46+00:00\" \/>\n<meta property=\"article:modified_time\" content=\"2024-09-08T19:27:48+00:00\" \/>\n<meta property=\"og:image\" content=\"https:\/\/web.consaguirre.com.ar\/noticias\/wp-content\/uploads\/2024\/09\/Los-carpinteros-lanzaran-una-nueva-coleccion-navidena.jpg\" \/>\n\t<meta property=\"og:image:width\" content=\"1280\" \/>\n\t<meta property=\"og:image:height\" content=\"1280\" \/>\n\t<meta property=\"og:image:type\" content=\"image\/jpeg\" \/>\n<meta name=\"author\" content=\"Javier Figueroa\" \/>\n<meta name=\"twitter:card\" content=\"summary_large_image\" \/>\n<meta name=\"twitter:label1\" content=\"Escrito por\" \/>\n\t<meta name=\"twitter:data1\" content=\"Javier Figueroa\" \/>\n\t<meta name=\"twitter:label2\" content=\"Tiempo de lectura\" \/>\n\t<meta name=\"twitter:data2\" content=\"2 minutos\" \/>\n<script type=\"application\/ld+json\" class=\"yoast-schema-graph\">{\"@context\":\"https:\/\/schema.org\",\"@graph\":[{\"@type\":\"Article\",\"@id\":\"https:\/\/web.consaguirre.com.ar\/noticias\/los-carpinteros-lanzaran-una-nueva-coleccion-navidena\/#article\",\"isPartOf\":{\"@id\":\"https:\/\/web.consaguirre.com.ar\/noticias\/los-carpinteros-lanzaran-una-nueva-coleccion-navidena\/\"},\"author\":{\"name\":\"Javier Figueroa\",\"@id\":\"https:\/\/web.consaguirre.com.ar\/noticias\/#\/schema\/person\/6558b0cfedee7ddc5425602b237d5722\"},\"headline\":\"Los carpinteros lanzar\u00e1n una nueva colecci\u00f3n navide\u00f1a\",\"datePublished\":\"2024-09-05T19:39:46+00:00\",\"dateModified\":\"2024-09-08T19:27:48+00:00\",\"mainEntityOfPage\":{\"@id\":\"https:\/\/web.consaguirre.com.ar\/noticias\/los-carpinteros-lanzaran-una-nueva-coleccion-navidena\/\"},\"wordCount\":374,\"publisher\":{\"@id\":\"https:\/\/web.consaguirre.com.ar\/noticias\/#organization\"},\"image\":{\"@id\":\"https:\/\/web.consaguirre.com.ar\/noticias\/los-carpinteros-lanzaran-una-nueva-coleccion-navidena\/#primaryimage\"},\"thumbnailUrl\":\"https:\/\/web.consaguirre.com.ar\/noticias\/wp-content\/uploads\/2024\/09\/Los-carpinteros-lanzaran-una-nueva-coleccion-navidena.jpg\",\"keywords\":[\"carpinteros\",\"colecci\u00f3n\",\"lanzar\u00e1n\",\"los\",\"navide\u00f1a\",\"nueva\",\"una\"],\"articleSection\":[\"El \u00faltimo\"],\"inLanguage\":\"es-AR\"},{\"@type\":\"WebPage\",\"@id\":\"https:\/\/web.consaguirre.com.ar\/noticias\/los-carpinteros-lanzaran-una-nueva-coleccion-navidena\/\",\"url\":\"https:\/\/web.consaguirre.com.ar\/noticias\/los-carpinteros-lanzaran-una-nueva-coleccion-navidena\/\",\"name\":\"Los carpinteros lanzar\u00e1n una nueva colecci\u00f3n navide\u00f1a\",\"isPartOf\":{\"@id\":\"https:\/\/web.consaguirre.com.ar\/noticias\/#website\"},\"primaryImageOfPage\":{\"@id\":\"https:\/\/web.consaguirre.com.ar\/noticias\/los-carpinteros-lanzaran-una-nueva-coleccion-navidena\/#primaryimage\"},\"image\":{\"@id\":\"https:\/\/web.consaguirre.com.ar\/noticias\/los-carpinteros-lanzaran-una-nueva-coleccion-navidena\/#primaryimage\"},\"thumbnailUrl\":\"https:\/\/web.consaguirre.com.ar\/noticias\/wp-content\/uploads\/2024\/09\/Los-carpinteros-lanzaran-una-nueva-coleccion-navidena.jpg\",\"datePublished\":\"2024-09-05T19:39:46+00:00\",\"dateModified\":\"2024-09-08T19:27:48+00:00\",\"breadcrumb\":{\"@id\":\"https:\/\/web.consaguirre.com.ar\/noticias\/los-carpinteros-lanzaran-una-nueva-coleccion-navidena\/#breadcrumb\"},\"inLanguage\":\"es-AR\",\"potentialAction\":[{\"@type\":\"ReadAction\",\"target\":[\"https:\/\/web.consaguirre.com.ar\/noticias\/los-carpinteros-lanzaran-una-nueva-coleccion-navidena\/\"]}]},{\"@type\":\"ImageObject\",\"inLanguage\":\"es-AR\",\"@id\":\"https:\/\/web.consaguirre.com.ar\/noticias\/los-carpinteros-lanzaran-una-nueva-coleccion-navidena\/#primaryimage\",\"url\":\"https:\/\/web.consaguirre.com.ar\/noticias\/wp-content\/uploads\/2024\/09\/Los-carpinteros-lanzaran-una-nueva-coleccion-navidena.jpg\",\"contentUrl\":\"https:\/\/web.consaguirre.com.ar\/noticias\/wp-content\/uploads\/2024\/09\/Los-carpinteros-lanzaran-una-nueva-coleccion-navidena.jpg\",\"width\":1280,\"height\":1280,\"caption\":\"Cover courtesy of UMG\"},{\"@type\":\"BreadcrumbList\",\"@id\":\"https:\/\/web.consaguirre.com.ar\/noticias\/los-carpinteros-lanzaran-una-nueva-coleccion-navidena\/#breadcrumb\",\"itemListElement\":[{\"@type\":\"ListItem\",\"position\":1,\"name\":\"Inicio\",\"item\":\"https:\/\/web.consaguirre.com.ar\/noticias\/\"},{\"@type\":\"ListItem\",\"position\":2,\"name\":\"Los carpinteros lanzar\u00e1n una nueva colecci\u00f3n navide\u00f1a\"}]},{\"@type\":\"WebSite\",\"@id\":\"https:\/\/web.consaguirre.com.ar\/noticias\/#website\",\"url\":\"https:\/\/web.consaguirre.com.ar\/noticias\/\",\"name\":\"Conservatorio de M\u00fasica Juli\u00e1n Aguirre\",\"description\":\"\",\"publisher\":{\"@id\":\"https:\/\/web.consaguirre.com.ar\/noticias\/#organization\"},\"potentialAction\":[{\"@type\":\"SearchAction\",\"target\":{\"@type\":\"EntryPoint\",\"urlTemplate\":\"https:\/\/web.consaguirre.com.ar\/noticias\/?s={search_term_string}\"},\"query-input\":\"required name=search_term_string\"}],\"inLanguage\":\"es-AR\"},{\"@type\":\"Organization\",\"@id\":\"https:\/\/web.consaguirre.com.ar\/noticias\/#organization\",\"name\":\"Conservatorio de M\u00fasica Juli\u00e1n Aguirre\",\"url\":\"https:\/\/web.consaguirre.com.ar\/noticias\/\",\"logo\":{\"@type\":\"ImageObject\",\"inLanguage\":\"es-AR\",\"@id\":\"https:\/\/web.consaguirre.com.ar\/noticias\/#\/schema\/logo\/image\/\",\"url\":\"https:\/\/web.consaguirre.com.ar\/noticias\/wp-content\/uploads\/2024\/08\/Banner-Aguirre-23.jpg\",\"contentUrl\":\"https:\/\/web.consaguirre.com.ar\/noticias\/wp-content\/uploads\/2024\/08\/Banner-Aguirre-23.jpg\",\"width\":1192,\"height\":600,\"caption\":\"Conservatorio de M\u00fasica Juli\u00e1n Aguirre\"},\"image\":{\"@id\":\"https:\/\/web.consaguirre.com.ar\/noticias\/#\/schema\/logo\/image\/\"}},{\"@type\":\"Person\",\"@id\":\"https:\/\/web.consaguirre.com.ar\/noticias\/#\/schema\/person\/6558b0cfedee7ddc5425602b237d5722\",\"name\":\"Javier Figueroa\",\"image\":{\"@type\":\"ImageObject\",\"inLanguage\":\"es-AR\",\"@id\":\"https:\/\/web.consaguirre.com.ar\/noticias\/#\/schema\/person\/image\/\",\"url\":\"https:\/\/web.consaguirre.com.ar\/noticias\/wp-content\/uploads\/2024\/08\/Consaguirre-scaled.jpg\",\"contentUrl\":\"https:\/\/web.consaguirre.com.ar\/noticias\/wp-content\/uploads\/2024\/08\/Consaguirre-scaled.jpg\",\"caption\":\"Javier Figueroa\"},\"description\":\"Me llamo Javier Figueroa y soy redactor para el sitio oficial del Conservatorio de M\u00fasica Juli\u00e1n Aguirre en Buenos Aires, consaguirre.com. Apasionado por la m\u00fasica y la escritura, me esfuerzo por destacar los talentos y eventos de nuestra prestigiosa instituci\u00f3n. Mi trayectoria se nutre de una profunda admiraci\u00f3n por los artistas, haciendo de cada art\u00edculo una celebraci\u00f3n de la creatividad y la cultura musical.\",\"sameAs\":[\"https:\/\/web.consaguirre.com.ar\/noticias\"]}]}<\/script>\n<!-- \/ Yoast SEO plugin. -->","yoast_head_json":{"title":"Los carpinteros lanzar\u00e1n una nueva colecci\u00f3n navide\u00f1a","robots":{"index":"index","follow":"follow","max-snippet":"max-snippet:-1","max-image-preview":"max-image-preview:large","max-video-preview":"max-video-preview:-1"},"canonical":"https:\/\/web.consaguirre.com.ar\/noticias\/los-carpinteros-lanzaran-una-nueva-coleccion-navidena\/","og_locale":"es_ES","og_type":"article","og_title":"Los carpinteros lanzar\u00e1n una nueva colecci\u00f3n navide\u00f1a","og_description":"Con el inicio del oto\u00f1o, la temporada navide\u00f1a llegar\u00e1 antes de que nos demos cuenta. Para aquellos ansiosos por entrar en el esp\u00edritu navide\u00f1o, hay","og_url":"https:\/\/web.consaguirre.com.ar\/noticias\/los-carpinteros-lanzaran-una-nueva-coleccion-navidena\/","og_site_name":"Conservatorio de M\u00fasica Juli\u00e1n Aguirre","article_published_time":"2024-09-05T19:39:46+00:00","article_modified_time":"2024-09-08T19:27:48+00:00","og_image":[{"width":1280,"height":1280,"url":"https:\/\/web.consaguirre.com.ar\/noticias\/wp-content\/uploads\/2024\/09\/Los-carpinteros-lanzaran-una-nueva-coleccion-navidena.jpg","type":"image\/jpeg"}],"author":"Javier Figueroa","twitter_card":"summary_large_image","twitter_misc":{"Escrito por":"Javier Figueroa","Tiempo de lectura":"2 minutos"},"schema":{"@context":"https:\/\/schema.org","@graph":[{"@type":"Article","@id":"https:\/\/web.consaguirre.com.ar\/noticias\/los-carpinteros-lanzaran-una-nueva-coleccion-navidena\/#article","isPartOf":{"@id":"https:\/\/web.consaguirre.com.ar\/noticias\/los-carpinteros-lanzaran-una-nueva-coleccion-navidena\/"},"author":{"name":"Javier Figueroa","@id":"https:\/\/web.consaguirre.com.ar\/noticias\/#\/schema\/person\/6558b0cfedee7ddc5425602b237d5722"},"headline":"Los carpinteros lanzar\u00e1n una nueva colecci\u00f3n navide\u00f1a","datePublished":"2024-09-05T19:39:46+00:00","dateModified":"2024-09-08T19:27:48+00:00","mainEntityOfPage":{"@id":"https:\/\/web.consaguirre.com.ar\/noticias\/los-carpinteros-lanzaran-una-nueva-coleccion-navidena\/"},"wordCount":374,"publisher":{"@id":"https:\/\/web.consaguirre.com.ar\/noticias\/#organization"},"image":{"@id":"https:\/\/web.consaguirre.com.ar\/noticias\/los-carpinteros-lanzaran-una-nueva-coleccion-navidena\/#primaryimage"},"thumbnailUrl":"https:\/\/web.consaguirre.com.ar\/noticias\/wp-content\/uploads\/2024\/09\/Los-carpinteros-lanzaran-una-nueva-coleccion-navidena.jpg","keywords":["carpinteros","colecci\u00f3n","lanzar\u00e1n","los","navide\u00f1a","nueva","una"],"articleSection":["El \u00faltimo"],"inLanguage":"es-AR"},{"@type":"WebPage","@id":"https:\/\/web.consaguirre.com.ar\/noticias\/los-carpinteros-lanzaran-una-nueva-coleccion-navidena\/","url":"https:\/\/web.consaguirre.com.ar\/noticias\/los-carpinteros-lanzaran-una-nueva-coleccion-navidena\/","name":"Los carpinteros lanzar\u00e1n una nueva colecci\u00f3n navide\u00f1a","isPartOf":{"@id":"https:\/\/web.consaguirre.com.ar\/noticias\/#website"},"primaryImageOfPage":{"@id":"https:\/\/web.consaguirre.com.ar\/noticias\/los-carpinteros-lanzaran-una-nueva-coleccion-navidena\/#primaryimage"},"image":{"@id":"https:\/\/web.consaguirre.com.ar\/noticias\/los-carpinteros-lanzaran-una-nueva-coleccion-navidena\/#primaryimage"},"thumbnailUrl":"https:\/\/web.consaguirre.com.ar\/noticias\/wp-content\/uploads\/2024\/09\/Los-carpinteros-lanzaran-una-nueva-coleccion-navidena.jpg","datePublished":"2024-09-05T19:39:46+00:00","dateModified":"2024-09-08T19:27:48+00:00","breadcrumb":{"@id":"https:\/\/web.consaguirre.com.ar\/noticias\/los-carpinteros-lanzaran-una-nueva-coleccion-navidena\/#breadcrumb"},"inLanguage":"es-AR","potentialAction":[{"@type":"ReadAction","target":["https:\/\/web.consaguirre.com.ar\/noticias\/los-carpinteros-lanzaran-una-nueva-coleccion-navidena\/"]}]},{"@type":"ImageObject","inLanguage":"es-AR","@id":"https:\/\/web.consaguirre.com.ar\/noticias\/los-carpinteros-lanzaran-una-nueva-coleccion-navidena\/#primaryimage","url":"https:\/\/web.consaguirre.com.ar\/noticias\/wp-content\/uploads\/2024\/09\/Los-carpinteros-lanzaran-una-nueva-coleccion-navidena.jpg","contentUrl":"https:\/\/web.consaguirre.com.ar\/noticias\/wp-content\/uploads\/2024\/09\/Los-carpinteros-lanzaran-una-nueva-coleccion-navidena.jpg","width":1280,"height":1280,"caption":"Cover courtesy of UMG"},{"@type":"BreadcrumbList","@id":"https:\/\/web.consaguirre.com.ar\/noticias\/los-carpinteros-lanzaran-una-nueva-coleccion-navidena\/#breadcrumb","itemListElement":[{"@type":"ListItem","position":1,"name":"Inicio","item":"https:\/\/web.consaguirre.com.ar\/noticias\/"},{"@type":"ListItem","position":2,"name":"Los carpinteros lanzar\u00e1n una nueva colecci\u00f3n navide\u00f1a"}]},{"@type":"WebSite","@id":"https:\/\/web.consaguirre.com.ar\/noticias\/#website","url":"https:\/\/web.consaguirre.com.ar\/noticias\/","name":"Conservatorio de M\u00fasica Juli\u00e1n Aguirre","description":"","publisher":{"@id":"https:\/\/web.consaguirre.com.ar\/noticias\/#organization"},"potentialAction":[{"@type":"SearchAction","target":{"@type":"EntryPoint","urlTemplate":"https:\/\/web.consaguirre.com.ar\/noticias\/?s={search_term_string}"},"query-input":"required name=search_term_string"}],"inLanguage":"es-AR"},{"@type":"Organization","@id":"https:\/\/web.consaguirre.com.ar\/noticias\/#organization","name":"Conservatorio de M\u00fasica Juli\u00e1n Aguirre","url":"https:\/\/web.consaguirre.com.ar\/noticias\/","logo":{"@type":"ImageObject","inLanguage":"es-AR","@id":"https:\/\/web.consaguirre.com.ar\/noticias\/#\/schema\/logo\/image\/","url":"https:\/\/web.consaguirre.com.ar\/noticias\/wp-content\/uploads\/2024\/08\/Banner-Aguirre-23.jpg","contentUrl":"https:\/\/web.consaguirre.com.ar\/noticias\/wp-content\/uploads\/2024\/08\/Banner-Aguirre-23.jpg","width":1192,"height":600,"caption":"Conservatorio de M\u00fasica Juli\u00e1n Aguirre"},"image":{"@id":"https:\/\/web.consaguirre.com.ar\/noticias\/#\/schema\/logo\/image\/"}},{"@type":"Person","@id":"https:\/\/web.consaguirre.com.ar\/noticias\/#\/schema\/person\/6558b0cfedee7ddc5425602b237d5722","name":"Javier Figueroa","image":{"@type":"ImageObject","inLanguage":"es-AR","@id":"https:\/\/web.consaguirre.com.ar\/noticias\/#\/schema\/person\/image\/","url":"https:\/\/web.consaguirre.com.ar\/noticias\/wp-content\/uploads\/2024\/08\/Consaguirre-scaled.jpg","contentUrl":"https:\/\/web.consaguirre.com.ar\/noticias\/wp-content\/uploads\/2024\/08\/Consaguirre-scaled.jpg","caption":"Javier Figueroa"},"description":"Me llamo Javier Figueroa y soy redactor para el sitio oficial del Conservatorio de M\u00fasica Juli\u00e1n Aguirre en Buenos Aires, consaguirre.com. Apasionado por la m\u00fasica y la escritura, me esfuerzo por destacar los talentos y eventos de nuestra prestigiosa instituci\u00f3n. Mi trayectoria se nutre de una profunda admiraci\u00f3n por los artistas, haciendo de cada art\u00edculo una celebraci\u00f3n de la creatividad y la cultura musical.","sameAs":["https:\/\/web.consaguirre.com.ar\/noticias"]}]}},"_links":{"self":[{"href":"https:\/\/web.consaguirre.com.ar\/noticias\/wp-json\/wp\/v2\/posts\/473"}],"collection":[{"href":"https:\/\/web.consaguirre.com.ar\/noticias\/wp-json\/wp\/v2\/posts"}],"about":[{"href":"https:\/\/web.consaguirre.com.ar\/noticias\/wp-json\/wp\/v2\/types\/post"}],"author":[{"embeddable":true,"href":"https:\/\/web.consaguirre.com.ar\/noticias\/wp-json\/wp\/v2\/users\/1"}],"replies":[{"embeddable":true,"href":"https:\/\/web.consaguirre.com.ar\/noticias\/wp-json\/wp\/v2\/comments?post=473"}],"version-history":[{"count":1,"href":"https:\/\/web.consaguirre.com.ar\/noticias\/wp-json\/wp\/v2\/posts\/473\/revisions"}],"predecessor-version":[{"id":475,"href":"https:\/\/web.consaguirre.com.ar\/noticias\/wp-json\/wp\/v2\/posts\/473\/revisions\/475"}],"wp:featuredmedia":[{"embeddable":true,"href":"https:\/\/web.consaguirre.com.ar\/noticias\/wp-json\/wp\/v2\/media\/474"}],"wp:attachment":[{"href":"https:\/\/web.consaguirre.com.ar\/noticias\/wp-json\/wp\/v2\/media?parent=473"}],"wp:term":[{"taxonomy":"category","embeddable":true,"href":"https:\/\/web.consaguirre.com.ar\/noticias\/wp-json\/wp\/v2\/categories?post=473"},{"taxonomy":"post_tag","embeddable":true,"href":"https:\/\/web.consaguirre.com.ar\/noticias\/wp-json\/wp\/v2\/tags?post=473"}],"curies":[{"name":"wp","href":"https:\/\/api.w.org\/{rel}","templated":true}]}}