{"id":4718,"date":"2026-01-02T20:38:58","date_gmt":"2026-01-02T23:38:58","guid":{"rendered":"https:\/\/web.consaguirre.com.ar\/noticias\/republic-y-freddy-wexler-firman-nueva-banda-jyt\/"},"modified":"2026-01-02T20:38:59","modified_gmt":"2026-01-02T23:38:59","slug":"republic-y-freddy-wexler-firman-nueva-banda-jyt","status":"publish","type":"post","link":"https:\/\/web.consaguirre.com.ar\/noticias\/republic-y-freddy-wexler-firman-nueva-banda-jyt\/","title":{"rendered":"Republic y Freddy Wexler firman nueva banda, JYT"},"content":{"rendered":"<p>Republic Records y el compositor y productor nominado al Grammy Freddy Wexler se han unido para traer de vuelta a la boy band estadounidense de los 90, firmando al nuevo grupo de cinco miembros JYT. El sencillo debut del grupo, &#8220;What U Want&#8221;, se lanz\u00f3 el mes pasado y los miembros Caden, Tyler, Bryan, Recker y Toby obtuvieron 500.000 seguidores combinados incluso antes de lanzar m\u00fasica.<\/p>\n<p>&#8220;Desde el momento en que estos cinco ni\u00f1os estuvieron juntos en una habitaci\u00f3n, supe que ten\u00edamos algo especial. JYT no es una boyband fabricada, se eligieron entre s\u00ed&#8221;, explic\u00f3 Wexler. &#8220;Estoy encantado de asociarme con Monte y el incre\u00edble equipo de Republic, con quienes he compartido algunos de los momentos m\u00e1s cruciales de mi carrera. Estados Unidos no ha lanzado una boy band global en d\u00e9cadas, y estos ni\u00f1os est\u00e1n a punto de cambiar eso&#8221;.<\/p>\n<div class=\"uD-YT-container\"><img decoding=\"async\" src=\"https:\/\/web.consaguirre.com.ar\/noticias\/wp-content\/uploads\/2026\/01\/1767397138_695_Republic-y-Freddy-Wexler-firman-nueva-banda-JYT.jpg\" alt=\"V\u00eddeo de YouTube\"><br \/>Haga clic para cargar v\u00eddeo<\/div>\n<p>Sobre la asociaci\u00f3n de Republic con Wexler, el fundador y presidente Monte Lipman comparti\u00f3: &#8220;Mi primera interacci\u00f3n con Freddy fue hace casi 20 a\u00f1os, cuando intent\u00e9 sin \u00e9xito en dos ocasiones firmarle un contrato discogr\u00e1fico. Dos d\u00e9cadas despu\u00e9s, estoy orgulloso de llamar a Freddy un socio extraordinario como productor, jefe de sello y fuerza creativa; mientras lanzamos una nueva banda explosiva juntos a trav\u00e9s de su sello Wexler Records\/Republic Records. Con el esp\u00edritu de nunca decir nunca, finalmente encontramos una manera de estar en el negocio de Freddy Wexler despu\u00e9s de todos estos a\u00f1os\u201d.<\/p>\n<p>Los miembros, de entre 15 y 17 a\u00f1os, pasaron el a\u00f1o pasado entrenando en Los \u00c1ngeles, trabajando con core\u00f3grafos dirigidos por Nick DeMoura (Justin Bieber), quien tambi\u00e9n coreografi\u00f3 el primer proyecto visual del grupo.<\/p>\n<p>&#8220;Pasamos de cinco hijos a hermanos r\u00e1pidamente, y este campo de entrenamiento ha sido una locura, pero nos encanta&#8221;, comparti\u00f3 JYT. &#8220;S\u00f3lo queremos montar un espect\u00e1culo que nadie olvide&#8221;.<\/p>\n<p>DeMoura elogi\u00f3 las habilidades del grupo y comparti\u00f3: &#8220;Cuando vi bailar a JYT por primera vez, sent\u00ed el mismo fuego que hizo de NSYNC un movimiento, no solo una banda. Estos ni\u00f1os entrenan como atletas, act\u00faan como veteranos y tienen el potencial de ser la boy band definitoria de esta generaci\u00f3n&#8230; que es exactamente la raz\u00f3n por la que quer\u00eda ser parte de esto&#8221;.<\/p>\n<p>Actualmente se encuentra en producci\u00f3n una serie documental de varias partes que narra la formaci\u00f3n y el desarrollo del grupo.<\/p><\/p>\n","protected":false},"excerpt":{"rendered":"<p>Republic Records y el compositor y productor nominado al Grammy Freddy Wexler se han unido para traer de vuelta a la boy band estadounidense de<\/p>\n","protected":false},"author":1,"featured_media":4719,"comment_status":"closed","ping_status":"","sticky":false,"template":"","format":"standard","meta":{"footnotes":""},"categories":[50],"tags":[471,3697,3695,3698,116,390,3696],"class_list":["post-4718","post","type-post","status-publish","format-standard","has-post-thumbnail","hentry","category-el-ultimo","tag-banda","tag-firman","tag-freddy","tag-jyt","tag-nueva","tag-republic","tag-wexler","generate-columns","tablet-grid-50","mobile-grid-100","grid-parent","grid-50"],"yoast_head":"<!-- This site is optimized with the Yoast SEO plugin v23.3 - https:\/\/yoast.com\/wordpress\/plugins\/seo\/ -->\n<title>Republic y Freddy Wexler firman nueva banda, JYT<\/title>\n<meta name=\"robots\" content=\"index, follow, max-snippet:-1, max-image-preview:large, max-video-preview:-1\" \/>\n<link rel=\"canonical\" href=\"https:\/\/web.consaguirre.com.ar\/noticias\/republic-y-freddy-wexler-firman-nueva-banda-jyt\/\" \/>\n<meta property=\"og:locale\" content=\"es_ES\" \/>\n<meta property=\"og:type\" content=\"article\" \/>\n<meta property=\"og:title\" content=\"Republic y Freddy Wexler firman nueva banda, JYT\" \/>\n<meta property=\"og:description\" content=\"Republic Records y el compositor y productor nominado al Grammy Freddy Wexler se han unido para traer de vuelta a la boy band estadounidense de\" \/>\n<meta property=\"og:url\" content=\"https:\/\/web.consaguirre.com.ar\/noticias\/republic-y-freddy-wexler-firman-nueva-banda-jyt\/\" \/>\n<meta property=\"og:site_name\" content=\"Conservatorio de M\u00fasica Juli\u00e1n Aguirre\" \/>\n<meta property=\"article:published_time\" content=\"2026-01-02T23:38:58+00:00\" \/>\n<meta property=\"article:modified_time\" content=\"2026-01-02T23:38:59+00:00\" \/>\n<meta property=\"og:image\" content=\"https:\/\/web.consaguirre.com.ar\/noticias\/wp-content\/uploads\/2026\/01\/Republic-y-Freddy-Wexler-firman-nueva-banda-JYT.jpg\" \/>\n\t<meta property=\"og:image:width\" content=\"1440\" \/>\n\t<meta property=\"og:image:height\" content=\"864\" \/>\n\t<meta property=\"og:image:type\" content=\"image\/jpeg\" \/>\n<meta name=\"author\" content=\"Javier Figueroa\" \/>\n<meta name=\"twitter:card\" content=\"summary_large_image\" \/>\n<meta name=\"twitter:label1\" content=\"Escrito por\" \/>\n\t<meta name=\"twitter:data1\" content=\"Javier Figueroa\" \/>\n\t<meta name=\"twitter:label2\" content=\"Tiempo de lectura\" \/>\n\t<meta name=\"twitter:data2\" content=\"2 minutos\" \/>\n<script type=\"application\/ld+json\" class=\"yoast-schema-graph\">{\"@context\":\"https:\/\/schema.org\",\"@graph\":[{\"@type\":\"Article\",\"@id\":\"https:\/\/web.consaguirre.com.ar\/noticias\/republic-y-freddy-wexler-firman-nueva-banda-jyt\/#article\",\"isPartOf\":{\"@id\":\"https:\/\/web.consaguirre.com.ar\/noticias\/republic-y-freddy-wexler-firman-nueva-banda-jyt\/\"},\"author\":{\"name\":\"Javier Figueroa\",\"@id\":\"https:\/\/web.consaguirre.com.ar\/noticias\/#\/schema\/person\/6558b0cfedee7ddc5425602b237d5722\"},\"headline\":\"Republic y Freddy Wexler firman nueva banda, JYT\",\"datePublished\":\"2026-01-02T23:38:58+00:00\",\"dateModified\":\"2026-01-02T23:38:59+00:00\",\"mainEntityOfPage\":{\"@id\":\"https:\/\/web.consaguirre.com.ar\/noticias\/republic-y-freddy-wexler-firman-nueva-banda-jyt\/\"},\"wordCount\":425,\"publisher\":{\"@id\":\"https:\/\/web.consaguirre.com.ar\/noticias\/#organization\"},\"image\":{\"@id\":\"https:\/\/web.consaguirre.com.ar\/noticias\/republic-y-freddy-wexler-firman-nueva-banda-jyt\/#primaryimage\"},\"thumbnailUrl\":\"https:\/\/web.consaguirre.com.ar\/noticias\/wp-content\/uploads\/2026\/01\/Republic-y-Freddy-Wexler-firman-nueva-banda-JYT.jpg\",\"keywords\":[\"banda\",\"firman\",\"Freddy\",\"JYT\",\"nueva\",\"Republic\",\"Wexler\"],\"articleSection\":[\"El \u00faltimo\"],\"inLanguage\":\"es-AR\"},{\"@type\":\"WebPage\",\"@id\":\"https:\/\/web.consaguirre.com.ar\/noticias\/republic-y-freddy-wexler-firman-nueva-banda-jyt\/\",\"url\":\"https:\/\/web.consaguirre.com.ar\/noticias\/republic-y-freddy-wexler-firman-nueva-banda-jyt\/\",\"name\":\"Republic y Freddy Wexler firman nueva banda, JYT\",\"isPartOf\":{\"@id\":\"https:\/\/web.consaguirre.com.ar\/noticias\/#website\"},\"primaryImageOfPage\":{\"@id\":\"https:\/\/web.consaguirre.com.ar\/noticias\/republic-y-freddy-wexler-firman-nueva-banda-jyt\/#primaryimage\"},\"image\":{\"@id\":\"https:\/\/web.consaguirre.com.ar\/noticias\/republic-y-freddy-wexler-firman-nueva-banda-jyt\/#primaryimage\"},\"thumbnailUrl\":\"https:\/\/web.consaguirre.com.ar\/noticias\/wp-content\/uploads\/2026\/01\/Republic-y-Freddy-Wexler-firman-nueva-banda-JYT.jpg\",\"datePublished\":\"2026-01-02T23:38:58+00:00\",\"dateModified\":\"2026-01-02T23:38:59+00:00\",\"breadcrumb\":{\"@id\":\"https:\/\/web.consaguirre.com.ar\/noticias\/republic-y-freddy-wexler-firman-nueva-banda-jyt\/#breadcrumb\"},\"inLanguage\":\"es-AR\",\"potentialAction\":[{\"@type\":\"ReadAction\",\"target\":[\"https:\/\/web.consaguirre.com.ar\/noticias\/republic-y-freddy-wexler-firman-nueva-banda-jyt\/\"]}]},{\"@type\":\"ImageObject\",\"inLanguage\":\"es-AR\",\"@id\":\"https:\/\/web.consaguirre.com.ar\/noticias\/republic-y-freddy-wexler-firman-nueva-banda-jyt\/#primaryimage\",\"url\":\"https:\/\/web.consaguirre.com.ar\/noticias\/wp-content\/uploads\/2026\/01\/Republic-y-Freddy-Wexler-firman-nueva-banda-JYT.jpg\",\"contentUrl\":\"https:\/\/web.consaguirre.com.ar\/noticias\/wp-content\/uploads\/2026\/01\/Republic-y-Freddy-Wexler-firman-nueva-banda-JYT.jpg\",\"width\":1440,\"height\":864,\"caption\":\"Republic y Freddy Wexler firman nueva banda, JYT\"},{\"@type\":\"BreadcrumbList\",\"@id\":\"https:\/\/web.consaguirre.com.ar\/noticias\/republic-y-freddy-wexler-firman-nueva-banda-jyt\/#breadcrumb\",\"itemListElement\":[{\"@type\":\"ListItem\",\"position\":1,\"name\":\"Inicio\",\"item\":\"https:\/\/web.consaguirre.com.ar\/noticias\/\"},{\"@type\":\"ListItem\",\"position\":2,\"name\":\"Republic y Freddy Wexler firman nueva banda, JYT\"}]},{\"@type\":\"WebSite\",\"@id\":\"https:\/\/web.consaguirre.com.ar\/noticias\/#website\",\"url\":\"https:\/\/web.consaguirre.com.ar\/noticias\/\",\"name\":\"Conservatorio de M\u00fasica Juli\u00e1n Aguirre\",\"description\":\"\",\"publisher\":{\"@id\":\"https:\/\/web.consaguirre.com.ar\/noticias\/#organization\"},\"potentialAction\":[{\"@type\":\"SearchAction\",\"target\":{\"@type\":\"EntryPoint\",\"urlTemplate\":\"https:\/\/web.consaguirre.com.ar\/noticias\/?s={search_term_string}\"},\"query-input\":\"required name=search_term_string\"}],\"inLanguage\":\"es-AR\"},{\"@type\":\"Organization\",\"@id\":\"https:\/\/web.consaguirre.com.ar\/noticias\/#organization\",\"name\":\"Conservatorio de M\u00fasica Juli\u00e1n Aguirre\",\"url\":\"https:\/\/web.consaguirre.com.ar\/noticias\/\",\"logo\":{\"@type\":\"ImageObject\",\"inLanguage\":\"es-AR\",\"@id\":\"https:\/\/web.consaguirre.com.ar\/noticias\/#\/schema\/logo\/image\/\",\"url\":\"https:\/\/web.consaguirre.com.ar\/noticias\/wp-content\/uploads\/2024\/08\/Banner-Aguirre-23.jpg\",\"contentUrl\":\"https:\/\/web.consaguirre.com.ar\/noticias\/wp-content\/uploads\/2024\/08\/Banner-Aguirre-23.jpg\",\"width\":1192,\"height\":600,\"caption\":\"Conservatorio de M\u00fasica Juli\u00e1n Aguirre\"},\"image\":{\"@id\":\"https:\/\/web.consaguirre.com.ar\/noticias\/#\/schema\/logo\/image\/\"}},{\"@type\":\"Person\",\"@id\":\"https:\/\/web.consaguirre.com.ar\/noticias\/#\/schema\/person\/6558b0cfedee7ddc5425602b237d5722\",\"name\":\"Javier Figueroa\",\"image\":{\"@type\":\"ImageObject\",\"inLanguage\":\"es-AR\",\"@id\":\"https:\/\/web.consaguirre.com.ar\/noticias\/#\/schema\/person\/image\/\",\"url\":\"https:\/\/web.consaguirre.com.ar\/noticias\/wp-content\/uploads\/2024\/08\/Consaguirre-scaled.jpg\",\"contentUrl\":\"https:\/\/web.consaguirre.com.ar\/noticias\/wp-content\/uploads\/2024\/08\/Consaguirre-scaled.jpg\",\"caption\":\"Javier Figueroa\"},\"description\":\"Me llamo Javier Figueroa y soy redactor para el sitio oficial del Conservatorio de M\u00fasica Juli\u00e1n Aguirre en Buenos Aires, consaguirre.com. Apasionado por la m\u00fasica y la escritura, me esfuerzo por destacar los talentos y eventos de nuestra prestigiosa instituci\u00f3n. Mi trayectoria se nutre de una profunda admiraci\u00f3n por los artistas, haciendo de cada art\u00edculo una celebraci\u00f3n de la creatividad y la cultura musical.\",\"sameAs\":[\"https:\/\/web.consaguirre.com.ar\/noticias\"]}]}<\/script>\n<!-- \/ Yoast SEO plugin. -->","yoast_head_json":{"title":"Republic y Freddy Wexler firman nueva banda, JYT","robots":{"index":"index","follow":"follow","max-snippet":"max-snippet:-1","max-image-preview":"max-image-preview:large","max-video-preview":"max-video-preview:-1"},"canonical":"https:\/\/web.consaguirre.com.ar\/noticias\/republic-y-freddy-wexler-firman-nueva-banda-jyt\/","og_locale":"es_ES","og_type":"article","og_title":"Republic y Freddy Wexler firman nueva banda, JYT","og_description":"Republic Records y el compositor y productor nominado al Grammy Freddy Wexler se han unido para traer de vuelta a la boy band estadounidense de","og_url":"https:\/\/web.consaguirre.com.ar\/noticias\/republic-y-freddy-wexler-firman-nueva-banda-jyt\/","og_site_name":"Conservatorio de M\u00fasica Juli\u00e1n Aguirre","article_published_time":"2026-01-02T23:38:58+00:00","article_modified_time":"2026-01-02T23:38:59+00:00","og_image":[{"width":1440,"height":864,"url":"https:\/\/web.consaguirre.com.ar\/noticias\/wp-content\/uploads\/2026\/01\/Republic-y-Freddy-Wexler-firman-nueva-banda-JYT.jpg","type":"image\/jpeg"}],"author":"Javier Figueroa","twitter_card":"summary_large_image","twitter_misc":{"Escrito por":"Javier Figueroa","Tiempo de lectura":"2 minutos"},"schema":{"@context":"https:\/\/schema.org","@graph":[{"@type":"Article","@id":"https:\/\/web.consaguirre.com.ar\/noticias\/republic-y-freddy-wexler-firman-nueva-banda-jyt\/#article","isPartOf":{"@id":"https:\/\/web.consaguirre.com.ar\/noticias\/republic-y-freddy-wexler-firman-nueva-banda-jyt\/"},"author":{"name":"Javier Figueroa","@id":"https:\/\/web.consaguirre.com.ar\/noticias\/#\/schema\/person\/6558b0cfedee7ddc5425602b237d5722"},"headline":"Republic y Freddy Wexler firman nueva banda, JYT","datePublished":"2026-01-02T23:38:58+00:00","dateModified":"2026-01-02T23:38:59+00:00","mainEntityOfPage":{"@id":"https:\/\/web.consaguirre.com.ar\/noticias\/republic-y-freddy-wexler-firman-nueva-banda-jyt\/"},"wordCount":425,"publisher":{"@id":"https:\/\/web.consaguirre.com.ar\/noticias\/#organization"},"image":{"@id":"https:\/\/web.consaguirre.com.ar\/noticias\/republic-y-freddy-wexler-firman-nueva-banda-jyt\/#primaryimage"},"thumbnailUrl":"https:\/\/web.consaguirre.com.ar\/noticias\/wp-content\/uploads\/2026\/01\/Republic-y-Freddy-Wexler-firman-nueva-banda-JYT.jpg","keywords":["banda","firman","Freddy","JYT","nueva","Republic","Wexler"],"articleSection":["El \u00faltimo"],"inLanguage":"es-AR"},{"@type":"WebPage","@id":"https:\/\/web.consaguirre.com.ar\/noticias\/republic-y-freddy-wexler-firman-nueva-banda-jyt\/","url":"https:\/\/web.consaguirre.com.ar\/noticias\/republic-y-freddy-wexler-firman-nueva-banda-jyt\/","name":"Republic y Freddy Wexler firman nueva banda, JYT","isPartOf":{"@id":"https:\/\/web.consaguirre.com.ar\/noticias\/#website"},"primaryImageOfPage":{"@id":"https:\/\/web.consaguirre.com.ar\/noticias\/republic-y-freddy-wexler-firman-nueva-banda-jyt\/#primaryimage"},"image":{"@id":"https:\/\/web.consaguirre.com.ar\/noticias\/republic-y-freddy-wexler-firman-nueva-banda-jyt\/#primaryimage"},"thumbnailUrl":"https:\/\/web.consaguirre.com.ar\/noticias\/wp-content\/uploads\/2026\/01\/Republic-y-Freddy-Wexler-firman-nueva-banda-JYT.jpg","datePublished":"2026-01-02T23:38:58+00:00","dateModified":"2026-01-02T23:38:59+00:00","breadcrumb":{"@id":"https:\/\/web.consaguirre.com.ar\/noticias\/republic-y-freddy-wexler-firman-nueva-banda-jyt\/#breadcrumb"},"inLanguage":"es-AR","potentialAction":[{"@type":"ReadAction","target":["https:\/\/web.consaguirre.com.ar\/noticias\/republic-y-freddy-wexler-firman-nueva-banda-jyt\/"]}]},{"@type":"ImageObject","inLanguage":"es-AR","@id":"https:\/\/web.consaguirre.com.ar\/noticias\/republic-y-freddy-wexler-firman-nueva-banda-jyt\/#primaryimage","url":"https:\/\/web.consaguirre.com.ar\/noticias\/wp-content\/uploads\/2026\/01\/Republic-y-Freddy-Wexler-firman-nueva-banda-JYT.jpg","contentUrl":"https:\/\/web.consaguirre.com.ar\/noticias\/wp-content\/uploads\/2026\/01\/Republic-y-Freddy-Wexler-firman-nueva-banda-JYT.jpg","width":1440,"height":864,"caption":"Republic y Freddy Wexler firman nueva banda, JYT"},{"@type":"BreadcrumbList","@id":"https:\/\/web.consaguirre.com.ar\/noticias\/republic-y-freddy-wexler-firman-nueva-banda-jyt\/#breadcrumb","itemListElement":[{"@type":"ListItem","position":1,"name":"Inicio","item":"https:\/\/web.consaguirre.com.ar\/noticias\/"},{"@type":"ListItem","position":2,"name":"Republic y Freddy Wexler firman nueva banda, JYT"}]},{"@type":"WebSite","@id":"https:\/\/web.consaguirre.com.ar\/noticias\/#website","url":"https:\/\/web.consaguirre.com.ar\/noticias\/","name":"Conservatorio de M\u00fasica Juli\u00e1n Aguirre","description":"","publisher":{"@id":"https:\/\/web.consaguirre.com.ar\/noticias\/#organization"},"potentialAction":[{"@type":"SearchAction","target":{"@type":"EntryPoint","urlTemplate":"https:\/\/web.consaguirre.com.ar\/noticias\/?s={search_term_string}"},"query-input":"required name=search_term_string"}],"inLanguage":"es-AR"},{"@type":"Organization","@id":"https:\/\/web.consaguirre.com.ar\/noticias\/#organization","name":"Conservatorio de M\u00fasica Juli\u00e1n Aguirre","url":"https:\/\/web.consaguirre.com.ar\/noticias\/","logo":{"@type":"ImageObject","inLanguage":"es-AR","@id":"https:\/\/web.consaguirre.com.ar\/noticias\/#\/schema\/logo\/image\/","url":"https:\/\/web.consaguirre.com.ar\/noticias\/wp-content\/uploads\/2024\/08\/Banner-Aguirre-23.jpg","contentUrl":"https:\/\/web.consaguirre.com.ar\/noticias\/wp-content\/uploads\/2024\/08\/Banner-Aguirre-23.jpg","width":1192,"height":600,"caption":"Conservatorio de M\u00fasica Juli\u00e1n Aguirre"},"image":{"@id":"https:\/\/web.consaguirre.com.ar\/noticias\/#\/schema\/logo\/image\/"}},{"@type":"Person","@id":"https:\/\/web.consaguirre.com.ar\/noticias\/#\/schema\/person\/6558b0cfedee7ddc5425602b237d5722","name":"Javier Figueroa","image":{"@type":"ImageObject","inLanguage":"es-AR","@id":"https:\/\/web.consaguirre.com.ar\/noticias\/#\/schema\/person\/image\/","url":"https:\/\/web.consaguirre.com.ar\/noticias\/wp-content\/uploads\/2024\/08\/Consaguirre-scaled.jpg","contentUrl":"https:\/\/web.consaguirre.com.ar\/noticias\/wp-content\/uploads\/2024\/08\/Consaguirre-scaled.jpg","caption":"Javier Figueroa"},"description":"Me llamo Javier Figueroa y soy redactor para el sitio oficial del Conservatorio de M\u00fasica Juli\u00e1n Aguirre en Buenos Aires, consaguirre.com. Apasionado por la m\u00fasica y la escritura, me esfuerzo por destacar los talentos y eventos de nuestra prestigiosa instituci\u00f3n. Mi trayectoria se nutre de una profunda admiraci\u00f3n por los artistas, haciendo de cada art\u00edculo una celebraci\u00f3n de la creatividad y la cultura musical.","sameAs":["https:\/\/web.consaguirre.com.ar\/noticias"]}]}},"_links":{"self":[{"href":"https:\/\/web.consaguirre.com.ar\/noticias\/wp-json\/wp\/v2\/posts\/4718"}],"collection":[{"href":"https:\/\/web.consaguirre.com.ar\/noticias\/wp-json\/wp\/v2\/posts"}],"about":[{"href":"https:\/\/web.consaguirre.com.ar\/noticias\/wp-json\/wp\/v2\/types\/post"}],"author":[{"embeddable":true,"href":"https:\/\/web.consaguirre.com.ar\/noticias\/wp-json\/wp\/v2\/users\/1"}],"replies":[{"embeddable":true,"href":"https:\/\/web.consaguirre.com.ar\/noticias\/wp-json\/wp\/v2\/comments?post=4718"}],"version-history":[{"count":1,"href":"https:\/\/web.consaguirre.com.ar\/noticias\/wp-json\/wp\/v2\/posts\/4718\/revisions"}],"predecessor-version":[{"id":4720,"href":"https:\/\/web.consaguirre.com.ar\/noticias\/wp-json\/wp\/v2\/posts\/4718\/revisions\/4720"}],"wp:featuredmedia":[{"embeddable":true,"href":"https:\/\/web.consaguirre.com.ar\/noticias\/wp-json\/wp\/v2\/media\/4719"}],"wp:attachment":[{"href":"https:\/\/web.consaguirre.com.ar\/noticias\/wp-json\/wp\/v2\/media?parent=4718"}],"wp:term":[{"taxonomy":"category","embeddable":true,"href":"https:\/\/web.consaguirre.com.ar\/noticias\/wp-json\/wp\/v2\/categories?post=4718"},{"taxonomy":"post_tag","embeddable":true,"href":"https:\/\/web.consaguirre.com.ar\/noticias\/wp-json\/wp\/v2\/tags?post=4718"}],"curies":[{"name":"wp","href":"https:\/\/api.w.org\/{rel}","templated":true}]}}