{"id":4715,"date":"2025-12-30T17:38:08","date_gmt":"2025-12-30T20:38:08","guid":{"rendered":"https:\/\/web.consaguirre.com.ar\/noticias\/fallecio-perry-bamonte-de-the-cure\/"},"modified":"2025-12-30T17:38:09","modified_gmt":"2025-12-30T20:38:09","slug":"fallecio-perry-bamonte-de-the-cure","status":"publish","type":"post","link":"https:\/\/web.consaguirre.com.ar\/noticias\/fallecio-perry-bamonte-de-the-cure\/","title":{"rendered":"Falleci\u00f3 Perry Bamonte de The Cure"},"content":{"rendered":"<p>Perry Bamonte, quien tocaba la guitarra y el teclado en The Cure, falleci\u00f3. The Cure confirm\u00f3 la muerte de Bamonte en un comunicado en su sitio web el viernes, diciendo que hab\u00eda muerto despu\u00e9s de &#8220;una breve enfermedad en casa durante la Navidad&#8221;. &#8220;Tranquilo, intenso, intuitivo, constante y enormemente creativo, &#8216;Teddy&#8217; fue una parte vital y de buen coraz\u00f3n de la historia de The Cure&#8221;, contin\u00faa el comunicado. Bamonte ten\u00eda 65 a\u00f1os.<\/p>\n<p>Bamonte trabaj\u00f3 como roadie y t\u00e9cnico de guitarra para la banda de post-punk g\u00f3tica y brillante durante la d\u00e9cada de 1980. Se convirti\u00f3 en miembro de tiempo completo en 1990, reemplazando a Roger O&#8217;Donnell. Toc\u00f3 la guitarra, el bajo de seis cuerdas y los teclados en los \u00e1lbumes. <em>Desear<\/em> (1992), <em>Cambios de humor salvajes<\/em> (1996), <em>flores de sangre<\/em> (2000), <em>\u00c9xitos ac\u00fasticos<\/em> (2001), y <em>La cura<\/em> (2004). <em>Desear<\/em> present\u00f3 el \u00e9xito de la banda &#8220;Friday I&#8217;m in Love&#8221;, que pas\u00f3 20 semanas en el Billboard Hot 100 en 1992.<\/p>\n<p>Seg\u00fan el comunicado de la banda, Bamonte actu\u00f3 en 400 espect\u00e1culos durante 14 a\u00f1os durante su primera etapa con The Cure. Se reincorpor\u00f3 a la banda en 2022 y toc\u00f3 otros 90 espect\u00e1culos que culminaron con la actuaci\u00f3n del Show of a Lost World en Londres el 1 de noviembre de 2024, que luego se estren\u00f3 como una pel\u00edcula de concierto.<\/p>\n<p>Perry Archangelo Bamonte naci\u00f3 el 3 de septiembre de 1960 en el este de Londres, hijo de Peter y Joy Bamonte. El segundo de cinco hijos, le sobreviven sus padres, su esposa, Donna, y dos de sus hermanos, Carla y Daryl Bamonte, quien fue roadie de Depeche Mode y luego se convirti\u00f3 en el manager de The Cure.<\/p>\n<p>Perry Bamonte creci\u00f3 como un gran admirador de David Bowie y Jeff Beck, pero no empez\u00f3 a tocar la guitarra hasta que era un adolescente. Toc\u00f3 en varias bandas antes de que su hermano, Daryl, lo contratara como roadie de The Cure.<\/p>\n<p>Janet, la hermana del l\u00edder Robert Smith, pas\u00f3 un mes ense\u00f1ando piano b\u00e1sico a Bamonte antes de unirse a la banda, seg\u00fan <em>Nunca es suficiente: la historia de la cura<\/em>por Jeff Apter. \u201cPodr\u00edamos haber contratado a un profesional para que ocupara su lugar, pero \u00bfpor qu\u00e9 no contratar a alguien que conozca todas las canciones?\u201d Smith fue citado diciendo en el libro.<\/p>\n<p>Bamonte describi\u00f3 unirse al grupo como \u201cbastante fluido\u201d, seg\u00fan el libro. &#8220;Mi transici\u00f3n a miembro de la banda fue f\u00e1cil porque ya era amigo de todos y pasaba todo mi tiempo con ellos&#8221;.<\/p>\n<p>The Cure fue incluido en el Sal\u00f3n de la Fama del Rock &#038; Roll en 2019.<\/p>\n","protected":false},"excerpt":{"rendered":"<p>Perry Bamonte, quien tocaba la guitarra y el teclado en The Cure, falleci\u00f3. The Cure confirm\u00f3 la muerte de Bamonte en un comunicado en su<\/p>\n","protected":false},"author":1,"featured_media":4716,"comment_status":"closed","ping_status":"","sticky":false,"template":"","format":"standard","meta":{"footnotes":""},"categories":[50],"tags":[3694,788,767,304],"class_list":["post-4715","post","type-post","status-publish","format-standard","has-post-thumbnail","hentry","category-el-ultimo","tag-bamonte","tag-cure","tag-fallecio","tag-perry","generate-columns","tablet-grid-50","mobile-grid-100","grid-parent","grid-50"],"yoast_head":"<!-- This site is optimized with the Yoast SEO plugin v23.3 - https:\/\/yoast.com\/wordpress\/plugins\/seo\/ -->\n<title>Falleci\u00f3 Perry Bamonte de The Cure<\/title>\n<meta name=\"robots\" content=\"index, follow, max-snippet:-1, max-image-preview:large, max-video-preview:-1\" \/>\n<link rel=\"canonical\" href=\"https:\/\/web.consaguirre.com.ar\/noticias\/fallecio-perry-bamonte-de-the-cure\/\" \/>\n<meta property=\"og:locale\" content=\"es_ES\" \/>\n<meta property=\"og:type\" content=\"article\" \/>\n<meta property=\"og:title\" content=\"Falleci\u00f3 Perry Bamonte de The Cure\" \/>\n<meta property=\"og:description\" content=\"Perry Bamonte, quien tocaba la guitarra y el teclado en The Cure, falleci\u00f3. The Cure confirm\u00f3 la muerte de Bamonte en un comunicado en su\" \/>\n<meta property=\"og:url\" content=\"https:\/\/web.consaguirre.com.ar\/noticias\/fallecio-perry-bamonte-de-the-cure\/\" \/>\n<meta property=\"og:site_name\" content=\"Conservatorio de M\u00fasica Juli\u00e1n Aguirre\" \/>\n<meta property=\"article:published_time\" content=\"2025-12-30T20:38:08+00:00\" \/>\n<meta property=\"article:modified_time\" content=\"2025-12-30T20:38:09+00:00\" \/>\n<meta property=\"og:image\" content=\"https:\/\/web.consaguirre.com.ar\/noticias\/wp-content\/uploads\/2025\/12\/Fallecio-Perry-Bamonte-de-The-Cure.jpg\" \/>\n\t<meta property=\"og:image:width\" content=\"1440\" \/>\n\t<meta property=\"og:image:height\" content=\"864\" \/>\n\t<meta property=\"og:image:type\" content=\"image\/jpeg\" \/>\n<meta name=\"author\" content=\"Javier Figueroa\" \/>\n<meta name=\"twitter:card\" content=\"summary_large_image\" \/>\n<meta name=\"twitter:label1\" content=\"Escrito por\" \/>\n\t<meta name=\"twitter:data1\" content=\"Javier Figueroa\" \/>\n\t<meta name=\"twitter:label2\" content=\"Tiempo de lectura\" \/>\n\t<meta name=\"twitter:data2\" content=\"2 minutos\" \/>\n<script type=\"application\/ld+json\" class=\"yoast-schema-graph\">{\"@context\":\"https:\/\/schema.org\",\"@graph\":[{\"@type\":\"Article\",\"@id\":\"https:\/\/web.consaguirre.com.ar\/noticias\/fallecio-perry-bamonte-de-the-cure\/#article\",\"isPartOf\":{\"@id\":\"https:\/\/web.consaguirre.com.ar\/noticias\/fallecio-perry-bamonte-de-the-cure\/\"},\"author\":{\"name\":\"Javier Figueroa\",\"@id\":\"https:\/\/web.consaguirre.com.ar\/noticias\/#\/schema\/person\/6558b0cfedee7ddc5425602b237d5722\"},\"headline\":\"Falleci\u00f3 Perry Bamonte de The Cure\",\"datePublished\":\"2025-12-30T20:38:08+00:00\",\"dateModified\":\"2025-12-30T20:38:09+00:00\",\"mainEntityOfPage\":{\"@id\":\"https:\/\/web.consaguirre.com.ar\/noticias\/fallecio-perry-bamonte-de-the-cure\/\"},\"wordCount\":444,\"publisher\":{\"@id\":\"https:\/\/web.consaguirre.com.ar\/noticias\/#organization\"},\"image\":{\"@id\":\"https:\/\/web.consaguirre.com.ar\/noticias\/fallecio-perry-bamonte-de-the-cure\/#primaryimage\"},\"thumbnailUrl\":\"https:\/\/web.consaguirre.com.ar\/noticias\/wp-content\/uploads\/2025\/12\/Fallecio-Perry-Bamonte-de-The-Cure.jpg\",\"keywords\":[\"Bamonte\",\"Cure\",\"Falleci\u00f3\",\"Perry\"],\"articleSection\":[\"El \u00faltimo\"],\"inLanguage\":\"es-AR\"},{\"@type\":\"WebPage\",\"@id\":\"https:\/\/web.consaguirre.com.ar\/noticias\/fallecio-perry-bamonte-de-the-cure\/\",\"url\":\"https:\/\/web.consaguirre.com.ar\/noticias\/fallecio-perry-bamonte-de-the-cure\/\",\"name\":\"Falleci\u00f3 Perry Bamonte de The Cure\",\"isPartOf\":{\"@id\":\"https:\/\/web.consaguirre.com.ar\/noticias\/#website\"},\"primaryImageOfPage\":{\"@id\":\"https:\/\/web.consaguirre.com.ar\/noticias\/fallecio-perry-bamonte-de-the-cure\/#primaryimage\"},\"image\":{\"@id\":\"https:\/\/web.consaguirre.com.ar\/noticias\/fallecio-perry-bamonte-de-the-cure\/#primaryimage\"},\"thumbnailUrl\":\"https:\/\/web.consaguirre.com.ar\/noticias\/wp-content\/uploads\/2025\/12\/Fallecio-Perry-Bamonte-de-The-Cure.jpg\",\"datePublished\":\"2025-12-30T20:38:08+00:00\",\"dateModified\":\"2025-12-30T20:38:09+00:00\",\"breadcrumb\":{\"@id\":\"https:\/\/web.consaguirre.com.ar\/noticias\/fallecio-perry-bamonte-de-the-cure\/#breadcrumb\"},\"inLanguage\":\"es-AR\",\"potentialAction\":[{\"@type\":\"ReadAction\",\"target\":[\"https:\/\/web.consaguirre.com.ar\/noticias\/fallecio-perry-bamonte-de-the-cure\/\"]}]},{\"@type\":\"ImageObject\",\"inLanguage\":\"es-AR\",\"@id\":\"https:\/\/web.consaguirre.com.ar\/noticias\/fallecio-perry-bamonte-de-the-cure\/#primaryimage\",\"url\":\"https:\/\/web.consaguirre.com.ar\/noticias\/wp-content\/uploads\/2025\/12\/Fallecio-Perry-Bamonte-de-The-Cure.jpg\",\"contentUrl\":\"https:\/\/web.consaguirre.com.ar\/noticias\/wp-content\/uploads\/2025\/12\/Fallecio-Perry-Bamonte-de-The-Cure.jpg\",\"width\":1440,\"height\":864,\"caption\":\"Falleci\u00f3 Perry Bamonte de The Cure\"},{\"@type\":\"BreadcrumbList\",\"@id\":\"https:\/\/web.consaguirre.com.ar\/noticias\/fallecio-perry-bamonte-de-the-cure\/#breadcrumb\",\"itemListElement\":[{\"@type\":\"ListItem\",\"position\":1,\"name\":\"Inicio\",\"item\":\"https:\/\/web.consaguirre.com.ar\/noticias\/\"},{\"@type\":\"ListItem\",\"position\":2,\"name\":\"Falleci\u00f3 Perry Bamonte de The Cure\"}]},{\"@type\":\"WebSite\",\"@id\":\"https:\/\/web.consaguirre.com.ar\/noticias\/#website\",\"url\":\"https:\/\/web.consaguirre.com.ar\/noticias\/\",\"name\":\"Conservatorio de M\u00fasica Juli\u00e1n Aguirre\",\"description\":\"\",\"publisher\":{\"@id\":\"https:\/\/web.consaguirre.com.ar\/noticias\/#organization\"},\"potentialAction\":[{\"@type\":\"SearchAction\",\"target\":{\"@type\":\"EntryPoint\",\"urlTemplate\":\"https:\/\/web.consaguirre.com.ar\/noticias\/?s={search_term_string}\"},\"query-input\":\"required name=search_term_string\"}],\"inLanguage\":\"es-AR\"},{\"@type\":\"Organization\",\"@id\":\"https:\/\/web.consaguirre.com.ar\/noticias\/#organization\",\"name\":\"Conservatorio de M\u00fasica Juli\u00e1n Aguirre\",\"url\":\"https:\/\/web.consaguirre.com.ar\/noticias\/\",\"logo\":{\"@type\":\"ImageObject\",\"inLanguage\":\"es-AR\",\"@id\":\"https:\/\/web.consaguirre.com.ar\/noticias\/#\/schema\/logo\/image\/\",\"url\":\"https:\/\/web.consaguirre.com.ar\/noticias\/wp-content\/uploads\/2024\/08\/Banner-Aguirre-23.jpg\",\"contentUrl\":\"https:\/\/web.consaguirre.com.ar\/noticias\/wp-content\/uploads\/2024\/08\/Banner-Aguirre-23.jpg\",\"width\":1192,\"height\":600,\"caption\":\"Conservatorio de M\u00fasica Juli\u00e1n Aguirre\"},\"image\":{\"@id\":\"https:\/\/web.consaguirre.com.ar\/noticias\/#\/schema\/logo\/image\/\"}},{\"@type\":\"Person\",\"@id\":\"https:\/\/web.consaguirre.com.ar\/noticias\/#\/schema\/person\/6558b0cfedee7ddc5425602b237d5722\",\"name\":\"Javier Figueroa\",\"image\":{\"@type\":\"ImageObject\",\"inLanguage\":\"es-AR\",\"@id\":\"https:\/\/web.consaguirre.com.ar\/noticias\/#\/schema\/person\/image\/\",\"url\":\"https:\/\/web.consaguirre.com.ar\/noticias\/wp-content\/uploads\/2024\/08\/Consaguirre-scaled.jpg\",\"contentUrl\":\"https:\/\/web.consaguirre.com.ar\/noticias\/wp-content\/uploads\/2024\/08\/Consaguirre-scaled.jpg\",\"caption\":\"Javier Figueroa\"},\"description\":\"Me llamo Javier Figueroa y soy redactor para el sitio oficial del Conservatorio de M\u00fasica Juli\u00e1n Aguirre en Buenos Aires, consaguirre.com. Apasionado por la m\u00fasica y la escritura, me esfuerzo por destacar los talentos y eventos de nuestra prestigiosa instituci\u00f3n. Mi trayectoria se nutre de una profunda admiraci\u00f3n por los artistas, haciendo de cada art\u00edculo una celebraci\u00f3n de la creatividad y la cultura musical.\",\"sameAs\":[\"https:\/\/web.consaguirre.com.ar\/noticias\"]}]}<\/script>\n<!-- \/ Yoast SEO plugin. -->","yoast_head_json":{"title":"Falleci\u00f3 Perry Bamonte de The Cure","robots":{"index":"index","follow":"follow","max-snippet":"max-snippet:-1","max-image-preview":"max-image-preview:large","max-video-preview":"max-video-preview:-1"},"canonical":"https:\/\/web.consaguirre.com.ar\/noticias\/fallecio-perry-bamonte-de-the-cure\/","og_locale":"es_ES","og_type":"article","og_title":"Falleci\u00f3 Perry Bamonte de The Cure","og_description":"Perry Bamonte, quien tocaba la guitarra y el teclado en The Cure, falleci\u00f3. The Cure confirm\u00f3 la muerte de Bamonte en un comunicado en su","og_url":"https:\/\/web.consaguirre.com.ar\/noticias\/fallecio-perry-bamonte-de-the-cure\/","og_site_name":"Conservatorio de M\u00fasica Juli\u00e1n Aguirre","article_published_time":"2025-12-30T20:38:08+00:00","article_modified_time":"2025-12-30T20:38:09+00:00","og_image":[{"width":1440,"height":864,"url":"https:\/\/web.consaguirre.com.ar\/noticias\/wp-content\/uploads\/2025\/12\/Fallecio-Perry-Bamonte-de-The-Cure.jpg","type":"image\/jpeg"}],"author":"Javier Figueroa","twitter_card":"summary_large_image","twitter_misc":{"Escrito por":"Javier Figueroa","Tiempo de lectura":"2 minutos"},"schema":{"@context":"https:\/\/schema.org","@graph":[{"@type":"Article","@id":"https:\/\/web.consaguirre.com.ar\/noticias\/fallecio-perry-bamonte-de-the-cure\/#article","isPartOf":{"@id":"https:\/\/web.consaguirre.com.ar\/noticias\/fallecio-perry-bamonte-de-the-cure\/"},"author":{"name":"Javier Figueroa","@id":"https:\/\/web.consaguirre.com.ar\/noticias\/#\/schema\/person\/6558b0cfedee7ddc5425602b237d5722"},"headline":"Falleci\u00f3 Perry Bamonte de The Cure","datePublished":"2025-12-30T20:38:08+00:00","dateModified":"2025-12-30T20:38:09+00:00","mainEntityOfPage":{"@id":"https:\/\/web.consaguirre.com.ar\/noticias\/fallecio-perry-bamonte-de-the-cure\/"},"wordCount":444,"publisher":{"@id":"https:\/\/web.consaguirre.com.ar\/noticias\/#organization"},"image":{"@id":"https:\/\/web.consaguirre.com.ar\/noticias\/fallecio-perry-bamonte-de-the-cure\/#primaryimage"},"thumbnailUrl":"https:\/\/web.consaguirre.com.ar\/noticias\/wp-content\/uploads\/2025\/12\/Fallecio-Perry-Bamonte-de-The-Cure.jpg","keywords":["Bamonte","Cure","Falleci\u00f3","Perry"],"articleSection":["El \u00faltimo"],"inLanguage":"es-AR"},{"@type":"WebPage","@id":"https:\/\/web.consaguirre.com.ar\/noticias\/fallecio-perry-bamonte-de-the-cure\/","url":"https:\/\/web.consaguirre.com.ar\/noticias\/fallecio-perry-bamonte-de-the-cure\/","name":"Falleci\u00f3 Perry Bamonte de The Cure","isPartOf":{"@id":"https:\/\/web.consaguirre.com.ar\/noticias\/#website"},"primaryImageOfPage":{"@id":"https:\/\/web.consaguirre.com.ar\/noticias\/fallecio-perry-bamonte-de-the-cure\/#primaryimage"},"image":{"@id":"https:\/\/web.consaguirre.com.ar\/noticias\/fallecio-perry-bamonte-de-the-cure\/#primaryimage"},"thumbnailUrl":"https:\/\/web.consaguirre.com.ar\/noticias\/wp-content\/uploads\/2025\/12\/Fallecio-Perry-Bamonte-de-The-Cure.jpg","datePublished":"2025-12-30T20:38:08+00:00","dateModified":"2025-12-30T20:38:09+00:00","breadcrumb":{"@id":"https:\/\/web.consaguirre.com.ar\/noticias\/fallecio-perry-bamonte-de-the-cure\/#breadcrumb"},"inLanguage":"es-AR","potentialAction":[{"@type":"ReadAction","target":["https:\/\/web.consaguirre.com.ar\/noticias\/fallecio-perry-bamonte-de-the-cure\/"]}]},{"@type":"ImageObject","inLanguage":"es-AR","@id":"https:\/\/web.consaguirre.com.ar\/noticias\/fallecio-perry-bamonte-de-the-cure\/#primaryimage","url":"https:\/\/web.consaguirre.com.ar\/noticias\/wp-content\/uploads\/2025\/12\/Fallecio-Perry-Bamonte-de-The-Cure.jpg","contentUrl":"https:\/\/web.consaguirre.com.ar\/noticias\/wp-content\/uploads\/2025\/12\/Fallecio-Perry-Bamonte-de-The-Cure.jpg","width":1440,"height":864,"caption":"Falleci\u00f3 Perry Bamonte de The Cure"},{"@type":"BreadcrumbList","@id":"https:\/\/web.consaguirre.com.ar\/noticias\/fallecio-perry-bamonte-de-the-cure\/#breadcrumb","itemListElement":[{"@type":"ListItem","position":1,"name":"Inicio","item":"https:\/\/web.consaguirre.com.ar\/noticias\/"},{"@type":"ListItem","position":2,"name":"Falleci\u00f3 Perry Bamonte de The Cure"}]},{"@type":"WebSite","@id":"https:\/\/web.consaguirre.com.ar\/noticias\/#website","url":"https:\/\/web.consaguirre.com.ar\/noticias\/","name":"Conservatorio de M\u00fasica Juli\u00e1n Aguirre","description":"","publisher":{"@id":"https:\/\/web.consaguirre.com.ar\/noticias\/#organization"},"potentialAction":[{"@type":"SearchAction","target":{"@type":"EntryPoint","urlTemplate":"https:\/\/web.consaguirre.com.ar\/noticias\/?s={search_term_string}"},"query-input":"required name=search_term_string"}],"inLanguage":"es-AR"},{"@type":"Organization","@id":"https:\/\/web.consaguirre.com.ar\/noticias\/#organization","name":"Conservatorio de M\u00fasica Juli\u00e1n Aguirre","url":"https:\/\/web.consaguirre.com.ar\/noticias\/","logo":{"@type":"ImageObject","inLanguage":"es-AR","@id":"https:\/\/web.consaguirre.com.ar\/noticias\/#\/schema\/logo\/image\/","url":"https:\/\/web.consaguirre.com.ar\/noticias\/wp-content\/uploads\/2024\/08\/Banner-Aguirre-23.jpg","contentUrl":"https:\/\/web.consaguirre.com.ar\/noticias\/wp-content\/uploads\/2024\/08\/Banner-Aguirre-23.jpg","width":1192,"height":600,"caption":"Conservatorio de M\u00fasica Juli\u00e1n Aguirre"},"image":{"@id":"https:\/\/web.consaguirre.com.ar\/noticias\/#\/schema\/logo\/image\/"}},{"@type":"Person","@id":"https:\/\/web.consaguirre.com.ar\/noticias\/#\/schema\/person\/6558b0cfedee7ddc5425602b237d5722","name":"Javier Figueroa","image":{"@type":"ImageObject","inLanguage":"es-AR","@id":"https:\/\/web.consaguirre.com.ar\/noticias\/#\/schema\/person\/image\/","url":"https:\/\/web.consaguirre.com.ar\/noticias\/wp-content\/uploads\/2024\/08\/Consaguirre-scaled.jpg","contentUrl":"https:\/\/web.consaguirre.com.ar\/noticias\/wp-content\/uploads\/2024\/08\/Consaguirre-scaled.jpg","caption":"Javier Figueroa"},"description":"Me llamo Javier Figueroa y soy redactor para el sitio oficial del Conservatorio de M\u00fasica Juli\u00e1n Aguirre en Buenos Aires, consaguirre.com. Apasionado por la m\u00fasica y la escritura, me esfuerzo por destacar los talentos y eventos de nuestra prestigiosa instituci\u00f3n. Mi trayectoria se nutre de una profunda admiraci\u00f3n por los artistas, haciendo de cada art\u00edculo una celebraci\u00f3n de la creatividad y la cultura musical.","sameAs":["https:\/\/web.consaguirre.com.ar\/noticias"]}]}},"_links":{"self":[{"href":"https:\/\/web.consaguirre.com.ar\/noticias\/wp-json\/wp\/v2\/posts\/4715"}],"collection":[{"href":"https:\/\/web.consaguirre.com.ar\/noticias\/wp-json\/wp\/v2\/posts"}],"about":[{"href":"https:\/\/web.consaguirre.com.ar\/noticias\/wp-json\/wp\/v2\/types\/post"}],"author":[{"embeddable":true,"href":"https:\/\/web.consaguirre.com.ar\/noticias\/wp-json\/wp\/v2\/users\/1"}],"replies":[{"embeddable":true,"href":"https:\/\/web.consaguirre.com.ar\/noticias\/wp-json\/wp\/v2\/comments?post=4715"}],"version-history":[{"count":1,"href":"https:\/\/web.consaguirre.com.ar\/noticias\/wp-json\/wp\/v2\/posts\/4715\/revisions"}],"predecessor-version":[{"id":4717,"href":"https:\/\/web.consaguirre.com.ar\/noticias\/wp-json\/wp\/v2\/posts\/4715\/revisions\/4717"}],"wp:featuredmedia":[{"embeddable":true,"href":"https:\/\/web.consaguirre.com.ar\/noticias\/wp-json\/wp\/v2\/media\/4716"}],"wp:attachment":[{"href":"https:\/\/web.consaguirre.com.ar\/noticias\/wp-json\/wp\/v2\/media?parent=4715"}],"wp:term":[{"taxonomy":"category","embeddable":true,"href":"https:\/\/web.consaguirre.com.ar\/noticias\/wp-json\/wp\/v2\/categories?post=4715"},{"taxonomy":"post_tag","embeddable":true,"href":"https:\/\/web.consaguirre.com.ar\/noticias\/wp-json\/wp\/v2\/tags?post=4715"}],"curies":[{"name":"wp","href":"https:\/\/api.w.org\/{rel}","templated":true}]}}