{"id":4706,"date":"2025-12-26T14:38:23","date_gmt":"2025-12-26T17:38:23","guid":{"rendered":"https:\/\/web.consaguirre.com.ar\/noticias\/kali-uchis-lanza-el-sencillo-favorito-de-los-fans-muevelo\/"},"modified":"2025-12-26T14:38:25","modified_gmt":"2025-12-26T17:38:25","slug":"kali-uchis-lanza-el-sencillo-favorito-de-los-fans-muevelo","status":"publish","type":"post","link":"https:\/\/web.consaguirre.com.ar\/noticias\/kali-uchis-lanza-el-sencillo-favorito-de-los-fans-muevelo\/","title":{"rendered":"Kali Uchis lanza el sencillo favorito de los fans &#8216;Mu\u00e9velo&#8217;"},"content":{"rendered":"<p>Kali Uchis tiene esp\u00edritu navide\u00f1o y les regala a sus fans un tema in\u00e9dito muy esperado titulado \u201cMu\u00e9velo\u201d. La pista fue grabada durante la gira de Uchis. <em>ORQU\u00cdDEAS<\/em> era y posteriormente se filtr\u00f3. Ahora, la canci\u00f3n est\u00e1 teniendo un momento significativo en las redes sociales, lo que lleva a los fan\u00e1ticos a pedir que la canci\u00f3n llegue a los servicios de transmisi\u00f3n. Uchis escuch\u00f3 y la pista ya est\u00e1 disponible.<\/p>\n<p>Uchis comparti\u00f3 la noticia de la canci\u00f3n a trav\u00e9s de TikTok y lanz\u00f3 un video en el que ella explicaba los or\u00edgenes de la canci\u00f3n en espa\u00f1ol, antes de ofrecer algunos pensamientos finales en ingl\u00e9s: &#8220;Espero que ustedes creen muchos recuerdos divertidos con su familia y disfruten de esta canci\u00f3n para terminar el a\u00f1o&#8221;.<\/p>\n<p>La nueva canci\u00f3n llega mientras Uchis se prepara para la etapa latinoamericana de su gira por arenas, The Sincerely, Tour. Las pr\u00f3ximas fechas comenzar\u00e1n con un show el 8 de febrero en S\u00e3o Paulo, Brasil, antes de concluir el 25 de febrero en la Ciudad de M\u00e9xico.<\/p>\n<div class=\"uD-YT-container\"><img decoding=\"async\" src=\"https:\/\/web.consaguirre.com.ar\/noticias\/wp-content\/uploads\/2025\/12\/1766770703_649_Kali-Uchis-lanza-el-sencillo-favorito-de-los-fans-Muevelo.jpg\" alt=\"V\u00eddeo de YouTube\"><br \/>Haga clic para cargar v\u00eddeo<\/div>\n<p>Uchis lanz\u00f3 la edici\u00f3n de lujo de su \u00faltimo LP, <em>Atentamente<\/em>all\u00e1 por octubre. Disponible a trav\u00e9s de Capitol Records, <em>Sinceramente: PD<\/em> agrega cinco temas nuevos al proyecto original, incluido el sencillo \u201cPretty Promises\u201d con Mariah The Scientist. Otra colaboraci\u00f3n entre el d\u00fao, \u201cIt&#8217;s A Crime\u201d, alcanz\u00f3 el puesto n\u00famero 1 en la lista Rhythmic Airplay de Billboard a principios de este mes.<\/p>\n<p><em>Atentamente<\/em>escrito y producido por Uchis, sali\u00f3 originalmente en mayo. El proyecto marc\u00f3 el regreso de Uchis al canto en ingl\u00e9s, luego de compartir el idioma espa\u00f1ol. <em>orquiedas<\/em> a principios de 2024.<\/p>\n<p><em>Atentamente<\/em> alcanz\u00f3 el puesto n\u00famero 2 en el Billboard 200 e incluy\u00f3 los sencillos \u201cAll I Can Say\u201d, \u201cSunshine &#038; Rain\u2026\u201d y \u201cILYSMIH\u201d. Anunci\u00f3 la edici\u00f3n de lujo en septiembre junto con el lanzamiento de otra nueva canci\u00f3n, \u201cCry about it!\u201d con Ravyn Lenae. El \u00e1lbum tambi\u00e9n recibi\u00f3 una excelente rese\u00f1a de 8,5\/10 por parte de <em>Pasta<\/em> tras su lanzamiento, y lleg\u00f3 a las listas de fin de a\u00f1o de <em>Complejo<\/em>, <em>Piedra rodante<\/em>y <em>Revista inclinada<\/em>.<\/p>\n<\/p>\n<p><script async src=\"\/\/www.tiktok.com\/embed.js\"><\/script><\/p>\n","protected":false},"excerpt":{"rendered":"<p>Kali Uchis tiene esp\u00edritu navide\u00f1o y les regala a sus fans un tema in\u00e9dito muy esperado titulado \u201cMu\u00e9velo\u201d. La pista fue grabada durante la gira<\/p>\n","protected":false},"author":1,"featured_media":4707,"comment_status":"closed","ping_status":"","sticky":false,"template":"","format":"standard","meta":{"footnotes":""},"categories":[50],"tags":[3339,2069,2229,218,180,3684,204,2230],"class_list":["post-4706","post","type-post","status-publish","format-standard","has-post-thumbnail","hentry","category-el-ultimo","tag-fans","tag-favorito","tag-kali","tag-lanza","tag-los","tag-muevelo","tag-sencillo","tag-uchis","generate-columns","tablet-grid-50","mobile-grid-100","grid-parent","grid-50"],"yoast_head":"<!-- This site is optimized with the Yoast SEO plugin v23.3 - https:\/\/yoast.com\/wordpress\/plugins\/seo\/ -->\n<title>Kali Uchis lanza el sencillo favorito de los fans &#039;Mu\u00e9velo&#039;<\/title>\n<meta name=\"robots\" content=\"index, follow, max-snippet:-1, max-image-preview:large, max-video-preview:-1\" \/>\n<link rel=\"canonical\" href=\"https:\/\/web.consaguirre.com.ar\/noticias\/kali-uchis-lanza-el-sencillo-favorito-de-los-fans-muevelo\/\" \/>\n<meta property=\"og:locale\" content=\"es_ES\" \/>\n<meta property=\"og:type\" content=\"article\" \/>\n<meta property=\"og:title\" content=\"Kali Uchis lanza el sencillo favorito de los fans &#039;Mu\u00e9velo&#039;\" \/>\n<meta property=\"og:description\" content=\"Kali Uchis tiene esp\u00edritu navide\u00f1o y les regala a sus fans un tema in\u00e9dito muy esperado titulado \u201cMu\u00e9velo\u201d. La pista fue grabada durante la gira\" \/>\n<meta property=\"og:url\" content=\"https:\/\/web.consaguirre.com.ar\/noticias\/kali-uchis-lanza-el-sencillo-favorito-de-los-fans-muevelo\/\" \/>\n<meta property=\"og:site_name\" content=\"Conservatorio de M\u00fasica Juli\u00e1n Aguirre\" \/>\n<meta property=\"article:published_time\" content=\"2025-12-26T17:38:23+00:00\" \/>\n<meta property=\"article:modified_time\" content=\"2025-12-26T17:38:25+00:00\" \/>\n<meta property=\"og:image\" content=\"https:\/\/web.consaguirre.com.ar\/noticias\/wp-content\/uploads\/2025\/12\/Kali-Uchis-lanza-el-sencillo-favorito-de-los-fans-Muevelo.jpg\" \/>\n\t<meta property=\"og:image:width\" content=\"820\" \/>\n\t<meta property=\"og:image:height\" content=\"820\" \/>\n\t<meta property=\"og:image:type\" content=\"image\/jpeg\" \/>\n<meta name=\"author\" content=\"Javier Figueroa\" \/>\n<meta name=\"twitter:card\" content=\"summary_large_image\" \/>\n<meta name=\"twitter:label1\" content=\"Escrito por\" \/>\n\t<meta name=\"twitter:data1\" content=\"Javier Figueroa\" \/>\n\t<meta name=\"twitter:label2\" content=\"Tiempo de lectura\" \/>\n\t<meta name=\"twitter:data2\" content=\"2 minutos\" \/>\n<script type=\"application\/ld+json\" class=\"yoast-schema-graph\">{\"@context\":\"https:\/\/schema.org\",\"@graph\":[{\"@type\":\"Article\",\"@id\":\"https:\/\/web.consaguirre.com.ar\/noticias\/kali-uchis-lanza-el-sencillo-favorito-de-los-fans-muevelo\/#article\",\"isPartOf\":{\"@id\":\"https:\/\/web.consaguirre.com.ar\/noticias\/kali-uchis-lanza-el-sencillo-favorito-de-los-fans-muevelo\/\"},\"author\":{\"name\":\"Javier Figueroa\",\"@id\":\"https:\/\/web.consaguirre.com.ar\/noticias\/#\/schema\/person\/6558b0cfedee7ddc5425602b237d5722\"},\"headline\":\"Kali Uchis lanza el sencillo favorito de los fans &#8216;Mu\u00e9velo&#8217;\",\"datePublished\":\"2025-12-26T17:38:23+00:00\",\"dateModified\":\"2025-12-26T17:38:25+00:00\",\"mainEntityOfPage\":{\"@id\":\"https:\/\/web.consaguirre.com.ar\/noticias\/kali-uchis-lanza-el-sencillo-favorito-de-los-fans-muevelo\/\"},\"wordCount\":384,\"publisher\":{\"@id\":\"https:\/\/web.consaguirre.com.ar\/noticias\/#organization\"},\"image\":{\"@id\":\"https:\/\/web.consaguirre.com.ar\/noticias\/kali-uchis-lanza-el-sencillo-favorito-de-los-fans-muevelo\/#primaryimage\"},\"thumbnailUrl\":\"https:\/\/web.consaguirre.com.ar\/noticias\/wp-content\/uploads\/2025\/12\/Kali-Uchis-lanza-el-sencillo-favorito-de-los-fans-Muevelo.jpg\",\"keywords\":[\"Fans\",\"favorito\",\"Kali\",\"lanza\",\"los\",\"Mu\u00e9velo\",\"sencillo\",\"Uchis\"],\"articleSection\":[\"El \u00faltimo\"],\"inLanguage\":\"es-AR\"},{\"@type\":\"WebPage\",\"@id\":\"https:\/\/web.consaguirre.com.ar\/noticias\/kali-uchis-lanza-el-sencillo-favorito-de-los-fans-muevelo\/\",\"url\":\"https:\/\/web.consaguirre.com.ar\/noticias\/kali-uchis-lanza-el-sencillo-favorito-de-los-fans-muevelo\/\",\"name\":\"Kali Uchis lanza el sencillo favorito de los fans 'Mu\u00e9velo'\",\"isPartOf\":{\"@id\":\"https:\/\/web.consaguirre.com.ar\/noticias\/#website\"},\"primaryImageOfPage\":{\"@id\":\"https:\/\/web.consaguirre.com.ar\/noticias\/kali-uchis-lanza-el-sencillo-favorito-de-los-fans-muevelo\/#primaryimage\"},\"image\":{\"@id\":\"https:\/\/web.consaguirre.com.ar\/noticias\/kali-uchis-lanza-el-sencillo-favorito-de-los-fans-muevelo\/#primaryimage\"},\"thumbnailUrl\":\"https:\/\/web.consaguirre.com.ar\/noticias\/wp-content\/uploads\/2025\/12\/Kali-Uchis-lanza-el-sencillo-favorito-de-los-fans-Muevelo.jpg\",\"datePublished\":\"2025-12-26T17:38:23+00:00\",\"dateModified\":\"2025-12-26T17:38:25+00:00\",\"breadcrumb\":{\"@id\":\"https:\/\/web.consaguirre.com.ar\/noticias\/kali-uchis-lanza-el-sencillo-favorito-de-los-fans-muevelo\/#breadcrumb\"},\"inLanguage\":\"es-AR\",\"potentialAction\":[{\"@type\":\"ReadAction\",\"target\":[\"https:\/\/web.consaguirre.com.ar\/noticias\/kali-uchis-lanza-el-sencillo-favorito-de-los-fans-muevelo\/\"]}]},{\"@type\":\"ImageObject\",\"inLanguage\":\"es-AR\",\"@id\":\"https:\/\/web.consaguirre.com.ar\/noticias\/kali-uchis-lanza-el-sencillo-favorito-de-los-fans-muevelo\/#primaryimage\",\"url\":\"https:\/\/web.consaguirre.com.ar\/noticias\/wp-content\/uploads\/2025\/12\/Kali-Uchis-lanza-el-sencillo-favorito-de-los-fans-Muevelo.jpg\",\"contentUrl\":\"https:\/\/web.consaguirre.com.ar\/noticias\/wp-content\/uploads\/2025\/12\/Kali-Uchis-lanza-el-sencillo-favorito-de-los-fans-Muevelo.jpg\",\"width\":820,\"height\":820,\"caption\":\"Kali Uchis lanza el sencillo favorito de los fans 'Mu\u00e9velo'\"},{\"@type\":\"BreadcrumbList\",\"@id\":\"https:\/\/web.consaguirre.com.ar\/noticias\/kali-uchis-lanza-el-sencillo-favorito-de-los-fans-muevelo\/#breadcrumb\",\"itemListElement\":[{\"@type\":\"ListItem\",\"position\":1,\"name\":\"Inicio\",\"item\":\"https:\/\/web.consaguirre.com.ar\/noticias\/\"},{\"@type\":\"ListItem\",\"position\":2,\"name\":\"Kali Uchis lanza el sencillo favorito de los fans &#8216;Mu\u00e9velo&#8217;\"}]},{\"@type\":\"WebSite\",\"@id\":\"https:\/\/web.consaguirre.com.ar\/noticias\/#website\",\"url\":\"https:\/\/web.consaguirre.com.ar\/noticias\/\",\"name\":\"Conservatorio de M\u00fasica Juli\u00e1n Aguirre\",\"description\":\"\",\"publisher\":{\"@id\":\"https:\/\/web.consaguirre.com.ar\/noticias\/#organization\"},\"potentialAction\":[{\"@type\":\"SearchAction\",\"target\":{\"@type\":\"EntryPoint\",\"urlTemplate\":\"https:\/\/web.consaguirre.com.ar\/noticias\/?s={search_term_string}\"},\"query-input\":\"required name=search_term_string\"}],\"inLanguage\":\"es-AR\"},{\"@type\":\"Organization\",\"@id\":\"https:\/\/web.consaguirre.com.ar\/noticias\/#organization\",\"name\":\"Conservatorio de M\u00fasica Juli\u00e1n Aguirre\",\"url\":\"https:\/\/web.consaguirre.com.ar\/noticias\/\",\"logo\":{\"@type\":\"ImageObject\",\"inLanguage\":\"es-AR\",\"@id\":\"https:\/\/web.consaguirre.com.ar\/noticias\/#\/schema\/logo\/image\/\",\"url\":\"https:\/\/web.consaguirre.com.ar\/noticias\/wp-content\/uploads\/2024\/08\/Banner-Aguirre-23.jpg\",\"contentUrl\":\"https:\/\/web.consaguirre.com.ar\/noticias\/wp-content\/uploads\/2024\/08\/Banner-Aguirre-23.jpg\",\"width\":1192,\"height\":600,\"caption\":\"Conservatorio de M\u00fasica Juli\u00e1n Aguirre\"},\"image\":{\"@id\":\"https:\/\/web.consaguirre.com.ar\/noticias\/#\/schema\/logo\/image\/\"}},{\"@type\":\"Person\",\"@id\":\"https:\/\/web.consaguirre.com.ar\/noticias\/#\/schema\/person\/6558b0cfedee7ddc5425602b237d5722\",\"name\":\"Javier Figueroa\",\"image\":{\"@type\":\"ImageObject\",\"inLanguage\":\"es-AR\",\"@id\":\"https:\/\/web.consaguirre.com.ar\/noticias\/#\/schema\/person\/image\/\",\"url\":\"https:\/\/web.consaguirre.com.ar\/noticias\/wp-content\/uploads\/2024\/08\/Consaguirre-scaled.jpg\",\"contentUrl\":\"https:\/\/web.consaguirre.com.ar\/noticias\/wp-content\/uploads\/2024\/08\/Consaguirre-scaled.jpg\",\"caption\":\"Javier Figueroa\"},\"description\":\"Me llamo Javier Figueroa y soy redactor para el sitio oficial del Conservatorio de M\u00fasica Juli\u00e1n Aguirre en Buenos Aires, consaguirre.com. Apasionado por la m\u00fasica y la escritura, me esfuerzo por destacar los talentos y eventos de nuestra prestigiosa instituci\u00f3n. Mi trayectoria se nutre de una profunda admiraci\u00f3n por los artistas, haciendo de cada art\u00edculo una celebraci\u00f3n de la creatividad y la cultura musical.\",\"sameAs\":[\"https:\/\/web.consaguirre.com.ar\/noticias\"]}]}<\/script>\n<!-- \/ Yoast SEO plugin. -->","yoast_head_json":{"title":"Kali Uchis lanza el sencillo favorito de los fans 'Mu\u00e9velo'","robots":{"index":"index","follow":"follow","max-snippet":"max-snippet:-1","max-image-preview":"max-image-preview:large","max-video-preview":"max-video-preview:-1"},"canonical":"https:\/\/web.consaguirre.com.ar\/noticias\/kali-uchis-lanza-el-sencillo-favorito-de-los-fans-muevelo\/","og_locale":"es_ES","og_type":"article","og_title":"Kali Uchis lanza el sencillo favorito de los fans 'Mu\u00e9velo'","og_description":"Kali Uchis tiene esp\u00edritu navide\u00f1o y les regala a sus fans un tema in\u00e9dito muy esperado titulado \u201cMu\u00e9velo\u201d. La pista fue grabada durante la gira","og_url":"https:\/\/web.consaguirre.com.ar\/noticias\/kali-uchis-lanza-el-sencillo-favorito-de-los-fans-muevelo\/","og_site_name":"Conservatorio de M\u00fasica Juli\u00e1n Aguirre","article_published_time":"2025-12-26T17:38:23+00:00","article_modified_time":"2025-12-26T17:38:25+00:00","og_image":[{"width":820,"height":820,"url":"https:\/\/web.consaguirre.com.ar\/noticias\/wp-content\/uploads\/2025\/12\/Kali-Uchis-lanza-el-sencillo-favorito-de-los-fans-Muevelo.jpg","type":"image\/jpeg"}],"author":"Javier Figueroa","twitter_card":"summary_large_image","twitter_misc":{"Escrito por":"Javier Figueroa","Tiempo de lectura":"2 minutos"},"schema":{"@context":"https:\/\/schema.org","@graph":[{"@type":"Article","@id":"https:\/\/web.consaguirre.com.ar\/noticias\/kali-uchis-lanza-el-sencillo-favorito-de-los-fans-muevelo\/#article","isPartOf":{"@id":"https:\/\/web.consaguirre.com.ar\/noticias\/kali-uchis-lanza-el-sencillo-favorito-de-los-fans-muevelo\/"},"author":{"name":"Javier Figueroa","@id":"https:\/\/web.consaguirre.com.ar\/noticias\/#\/schema\/person\/6558b0cfedee7ddc5425602b237d5722"},"headline":"Kali Uchis lanza el sencillo favorito de los fans &#8216;Mu\u00e9velo&#8217;","datePublished":"2025-12-26T17:38:23+00:00","dateModified":"2025-12-26T17:38:25+00:00","mainEntityOfPage":{"@id":"https:\/\/web.consaguirre.com.ar\/noticias\/kali-uchis-lanza-el-sencillo-favorito-de-los-fans-muevelo\/"},"wordCount":384,"publisher":{"@id":"https:\/\/web.consaguirre.com.ar\/noticias\/#organization"},"image":{"@id":"https:\/\/web.consaguirre.com.ar\/noticias\/kali-uchis-lanza-el-sencillo-favorito-de-los-fans-muevelo\/#primaryimage"},"thumbnailUrl":"https:\/\/web.consaguirre.com.ar\/noticias\/wp-content\/uploads\/2025\/12\/Kali-Uchis-lanza-el-sencillo-favorito-de-los-fans-Muevelo.jpg","keywords":["Fans","favorito","Kali","lanza","los","Mu\u00e9velo","sencillo","Uchis"],"articleSection":["El \u00faltimo"],"inLanguage":"es-AR"},{"@type":"WebPage","@id":"https:\/\/web.consaguirre.com.ar\/noticias\/kali-uchis-lanza-el-sencillo-favorito-de-los-fans-muevelo\/","url":"https:\/\/web.consaguirre.com.ar\/noticias\/kali-uchis-lanza-el-sencillo-favorito-de-los-fans-muevelo\/","name":"Kali Uchis lanza el sencillo favorito de los fans 'Mu\u00e9velo'","isPartOf":{"@id":"https:\/\/web.consaguirre.com.ar\/noticias\/#website"},"primaryImageOfPage":{"@id":"https:\/\/web.consaguirre.com.ar\/noticias\/kali-uchis-lanza-el-sencillo-favorito-de-los-fans-muevelo\/#primaryimage"},"image":{"@id":"https:\/\/web.consaguirre.com.ar\/noticias\/kali-uchis-lanza-el-sencillo-favorito-de-los-fans-muevelo\/#primaryimage"},"thumbnailUrl":"https:\/\/web.consaguirre.com.ar\/noticias\/wp-content\/uploads\/2025\/12\/Kali-Uchis-lanza-el-sencillo-favorito-de-los-fans-Muevelo.jpg","datePublished":"2025-12-26T17:38:23+00:00","dateModified":"2025-12-26T17:38:25+00:00","breadcrumb":{"@id":"https:\/\/web.consaguirre.com.ar\/noticias\/kali-uchis-lanza-el-sencillo-favorito-de-los-fans-muevelo\/#breadcrumb"},"inLanguage":"es-AR","potentialAction":[{"@type":"ReadAction","target":["https:\/\/web.consaguirre.com.ar\/noticias\/kali-uchis-lanza-el-sencillo-favorito-de-los-fans-muevelo\/"]}]},{"@type":"ImageObject","inLanguage":"es-AR","@id":"https:\/\/web.consaguirre.com.ar\/noticias\/kali-uchis-lanza-el-sencillo-favorito-de-los-fans-muevelo\/#primaryimage","url":"https:\/\/web.consaguirre.com.ar\/noticias\/wp-content\/uploads\/2025\/12\/Kali-Uchis-lanza-el-sencillo-favorito-de-los-fans-Muevelo.jpg","contentUrl":"https:\/\/web.consaguirre.com.ar\/noticias\/wp-content\/uploads\/2025\/12\/Kali-Uchis-lanza-el-sencillo-favorito-de-los-fans-Muevelo.jpg","width":820,"height":820,"caption":"Kali Uchis lanza el sencillo favorito de los fans 'Mu\u00e9velo'"},{"@type":"BreadcrumbList","@id":"https:\/\/web.consaguirre.com.ar\/noticias\/kali-uchis-lanza-el-sencillo-favorito-de-los-fans-muevelo\/#breadcrumb","itemListElement":[{"@type":"ListItem","position":1,"name":"Inicio","item":"https:\/\/web.consaguirre.com.ar\/noticias\/"},{"@type":"ListItem","position":2,"name":"Kali Uchis lanza el sencillo favorito de los fans &#8216;Mu\u00e9velo&#8217;"}]},{"@type":"WebSite","@id":"https:\/\/web.consaguirre.com.ar\/noticias\/#website","url":"https:\/\/web.consaguirre.com.ar\/noticias\/","name":"Conservatorio de M\u00fasica Juli\u00e1n Aguirre","description":"","publisher":{"@id":"https:\/\/web.consaguirre.com.ar\/noticias\/#organization"},"potentialAction":[{"@type":"SearchAction","target":{"@type":"EntryPoint","urlTemplate":"https:\/\/web.consaguirre.com.ar\/noticias\/?s={search_term_string}"},"query-input":"required name=search_term_string"}],"inLanguage":"es-AR"},{"@type":"Organization","@id":"https:\/\/web.consaguirre.com.ar\/noticias\/#organization","name":"Conservatorio de M\u00fasica Juli\u00e1n Aguirre","url":"https:\/\/web.consaguirre.com.ar\/noticias\/","logo":{"@type":"ImageObject","inLanguage":"es-AR","@id":"https:\/\/web.consaguirre.com.ar\/noticias\/#\/schema\/logo\/image\/","url":"https:\/\/web.consaguirre.com.ar\/noticias\/wp-content\/uploads\/2024\/08\/Banner-Aguirre-23.jpg","contentUrl":"https:\/\/web.consaguirre.com.ar\/noticias\/wp-content\/uploads\/2024\/08\/Banner-Aguirre-23.jpg","width":1192,"height":600,"caption":"Conservatorio de M\u00fasica Juli\u00e1n Aguirre"},"image":{"@id":"https:\/\/web.consaguirre.com.ar\/noticias\/#\/schema\/logo\/image\/"}},{"@type":"Person","@id":"https:\/\/web.consaguirre.com.ar\/noticias\/#\/schema\/person\/6558b0cfedee7ddc5425602b237d5722","name":"Javier Figueroa","image":{"@type":"ImageObject","inLanguage":"es-AR","@id":"https:\/\/web.consaguirre.com.ar\/noticias\/#\/schema\/person\/image\/","url":"https:\/\/web.consaguirre.com.ar\/noticias\/wp-content\/uploads\/2024\/08\/Consaguirre-scaled.jpg","contentUrl":"https:\/\/web.consaguirre.com.ar\/noticias\/wp-content\/uploads\/2024\/08\/Consaguirre-scaled.jpg","caption":"Javier Figueroa"},"description":"Me llamo Javier Figueroa y soy redactor para el sitio oficial del Conservatorio de M\u00fasica Juli\u00e1n Aguirre en Buenos Aires, consaguirre.com. Apasionado por la m\u00fasica y la escritura, me esfuerzo por destacar los talentos y eventos de nuestra prestigiosa instituci\u00f3n. Mi trayectoria se nutre de una profunda admiraci\u00f3n por los artistas, haciendo de cada art\u00edculo una celebraci\u00f3n de la creatividad y la cultura musical.","sameAs":["https:\/\/web.consaguirre.com.ar\/noticias"]}]}},"_links":{"self":[{"href":"https:\/\/web.consaguirre.com.ar\/noticias\/wp-json\/wp\/v2\/posts\/4706"}],"collection":[{"href":"https:\/\/web.consaguirre.com.ar\/noticias\/wp-json\/wp\/v2\/posts"}],"about":[{"href":"https:\/\/web.consaguirre.com.ar\/noticias\/wp-json\/wp\/v2\/types\/post"}],"author":[{"embeddable":true,"href":"https:\/\/web.consaguirre.com.ar\/noticias\/wp-json\/wp\/v2\/users\/1"}],"replies":[{"embeddable":true,"href":"https:\/\/web.consaguirre.com.ar\/noticias\/wp-json\/wp\/v2\/comments?post=4706"}],"version-history":[{"count":1,"href":"https:\/\/web.consaguirre.com.ar\/noticias\/wp-json\/wp\/v2\/posts\/4706\/revisions"}],"predecessor-version":[{"id":4708,"href":"https:\/\/web.consaguirre.com.ar\/noticias\/wp-json\/wp\/v2\/posts\/4706\/revisions\/4708"}],"wp:featuredmedia":[{"embeddable":true,"href":"https:\/\/web.consaguirre.com.ar\/noticias\/wp-json\/wp\/v2\/media\/4707"}],"wp:attachment":[{"href":"https:\/\/web.consaguirre.com.ar\/noticias\/wp-json\/wp\/v2\/media?parent=4706"}],"wp:term":[{"taxonomy":"category","embeddable":true,"href":"https:\/\/web.consaguirre.com.ar\/noticias\/wp-json\/wp\/v2\/categories?post=4706"},{"taxonomy":"post_tag","embeddable":true,"href":"https:\/\/web.consaguirre.com.ar\/noticias\/wp-json\/wp\/v2\/tags?post=4706"}],"curies":[{"name":"wp","href":"https:\/\/api.w.org\/{rel}","templated":true}]}}