{"id":470,"date":"2024-09-05T13:39:16","date_gmt":"2024-09-05T16:39:16","guid":{"rendered":"https:\/\/web.consaguirre.com.ar\/noticias\/crisol-grand-terre-de-roy-hargrove-finalmente-se-estrenara\/"},"modified":"2024-09-08T16:27:48","modified_gmt":"2024-09-08T19:27:48","slug":"crisol-grand-terre-de-roy-hargrove-finalmente-se-estrenara","status":"publish","type":"post","link":"https:\/\/web.consaguirre.com.ar\/noticias\/crisol-grand-terre-de-roy-hargrove-finalmente-se-estrenara\/","title":{"rendered":"&#8216;Crisol: Grand-Terre&#8217; de Roy Hargrove finalmente se estrenar\u00e1"},"content":{"rendered":"<p>A principios de 1998, reci\u00e9n salidos de ganar el GRAMMY a la Mejor Interpretaci\u00f3n de Jazz Latino por su \u00e1lbum debut Habana, <strong>Roy Hargrove<\/strong> y su c\u00e9lebre grupo de m\u00fasicos volvi\u00f3 al estudio para capturar un rayo en una botella. Hasta ahora, esa grabaci\u00f3n, <em>Grande-Terre<\/em>nunca se ha o\u00eddo.<\/p>\n<p>Mostrando la interpretaci\u00f3n candente de Hargrove, su escritura superlativa y el sonido poderoso y singular de la banda, Roy Hargrove <em>Crisol: Grand Terre<\/em> (Verve Records) se lanzar\u00e1 mundialmente el 18 de octubre, dos d\u00edas despu\u00e9s de lo que habr\u00eda sido el cumplea\u00f1os n\u00famero 55 de Roy.<\/p>\n<p>La primera pista, de las sesiones de grabaci\u00f3n in\u00e9ditas, \u201cPriorities\u201d, ya est\u00e1 disponible y puedes escuchar la canci\u00f3n a continuaci\u00f3n.<\/p>\n<div class=\"uD-YT-container\"><img decoding=\"async\" src=\"https:\/\/web.consaguirre.com.ar\/noticias\/wp-content\/uploads\/2024\/09\/1725554356_352_Crisol-Grand-Terre-de-Roy-Hargrove-finalmente-se-estrenara.jpg\" alt=\"V\u00eddeo de YouTube\"><\/p>\n<\/div>\n<p>Roy Hargrove fue ampliamente elogiado por sus composiciones y habilidades con la trompeta y el fliscorno. <em>El New York Times<\/em> lo llam\u00f3 \u201c\u2026el trompetista m\u00e1s impactante de su generaci\u00f3n\u201d.<\/p>\n<p><em>Grand Terre<\/em> exhibe sucintamente este talento junto con su \u201cCrisol\u201d o crisol de colaboradores de larga data. Este grupo estelar de m\u00fasicos cubanos, estadounidenses y guadalupe\u00f1os fue la base del enfoque incomparable de Hargrove hacia el jazz y la mezcla de g\u00e9neros musicales que aparecen en el disco.<\/p>\n<p>Con el trombonista Frank Lacy, el pianista Larry Willis y el baterista Willie Jones III, <em>Grande-Terre<\/em> muestra la interpretaci\u00f3n apasionada de Hargrove, su escritura exquisita y el incre\u00edble poder y el sonido \u00fanico de la banda.<\/p>\n<p>El prematuro fallecimiento de Roy en 2018 ha dejado a muchos pregunt\u00e1ndose qu\u00e9 podr\u00eda haber logrado esta banda si hubiera tenido la oportunidad de continuar desarrollando su enfoque original del jazz latino.<\/p>\n<p>Esta mezcla \u00fanica de g\u00e9nero, ritmos afrocubanos, soul, bop y funk influy\u00f3 en una generaci\u00f3n de m\u00fasicos de jazz, hip hop y neo-soul. Desde Kamasi Washington y Robert Glasper hasta D&#8217;Angelo, Erykah Badu y Questlove, todos estos artistas, que ahora son nombres conocidos, han sido moldeados por la m\u00fasica de Roy Hargrove y lo que \u00e9l creaba en el estudio.<\/p>\n<p><strong>Ordene Roy Hargrove&#8217;s <em>Crisol: Grand Terre<\/em>.<\/strong><\/p>\n","protected":false},"excerpt":{"rendered":"<p>A principios de 1998, reci\u00e9n salidos de ganar el GRAMMY a la Mejor Interpretaci\u00f3n de Jazz Latino por su \u00e1lbum debut Habana, Roy Hargrove y<\/p>\n","protected":false},"author":1,"featured_media":471,"comment_status":"closed","ping_status":"open","sticky":false,"template":"","format":"standard","meta":{"footnotes":""},"categories":[50],"tags":[522,266,394,523,525,524],"class_list":["post-470","post","type-post","status-publish","format-standard","has-post-thumbnail","hentry","category-el-ultimo","tag-crisol","tag-estrenara","tag-finalmente","tag-grandterre","tag-hargrove","tag-roy","generate-columns","tablet-grid-50","mobile-grid-100","grid-parent","grid-50"],"yoast_head":"<!-- This site is optimized with the Yoast SEO plugin v23.3 - https:\/\/yoast.com\/wordpress\/plugins\/seo\/ -->\n<title>&#039;Crisol: Grand-Terre&#039; de Roy Hargrove finalmente se estrenar\u00e1<\/title>\n<meta name=\"robots\" content=\"index, follow, max-snippet:-1, max-image-preview:large, max-video-preview:-1\" \/>\n<link rel=\"canonical\" href=\"https:\/\/web.consaguirre.com.ar\/noticias\/crisol-grand-terre-de-roy-hargrove-finalmente-se-estrenara\/\" \/>\n<meta property=\"og:locale\" content=\"es_ES\" \/>\n<meta property=\"og:type\" content=\"article\" \/>\n<meta property=\"og:title\" content=\"&#039;Crisol: Grand-Terre&#039; de Roy Hargrove finalmente se estrenar\u00e1\" \/>\n<meta property=\"og:description\" content=\"A principios de 1998, reci\u00e9n salidos de ganar el GRAMMY a la Mejor Interpretaci\u00f3n de Jazz Latino por su \u00e1lbum debut Habana, Roy Hargrove y\" \/>\n<meta property=\"og:url\" content=\"https:\/\/web.consaguirre.com.ar\/noticias\/crisol-grand-terre-de-roy-hargrove-finalmente-se-estrenara\/\" \/>\n<meta property=\"og:site_name\" content=\"Conservatorio de M\u00fasica Juli\u00e1n Aguirre\" \/>\n<meta property=\"article:published_time\" content=\"2024-09-05T16:39:16+00:00\" \/>\n<meta property=\"article:modified_time\" content=\"2024-09-08T19:27:48+00:00\" \/>\n<meta property=\"og:image\" content=\"https:\/\/web.consaguirre.com.ar\/noticias\/wp-content\/uploads\/2024\/09\/Crisol-Grand-Terre-de-Roy-Hargrove-finalmente-se-estrenara.jpg\" \/>\n\t<meta property=\"og:image:width\" content=\"1280\" \/>\n\t<meta property=\"og:image:height\" content=\"1280\" \/>\n\t<meta property=\"og:image:type\" content=\"image\/jpeg\" \/>\n<meta name=\"author\" content=\"Javier Figueroa\" \/>\n<meta name=\"twitter:card\" content=\"summary_large_image\" \/>\n<meta name=\"twitter:label1\" content=\"Escrito por\" \/>\n\t<meta name=\"twitter:data1\" content=\"Javier Figueroa\" \/>\n\t<meta name=\"twitter:label2\" content=\"Tiempo de lectura\" \/>\n\t<meta name=\"twitter:data2\" content=\"2 minutos\" \/>\n<script type=\"application\/ld+json\" class=\"yoast-schema-graph\">{\"@context\":\"https:\/\/schema.org\",\"@graph\":[{\"@type\":\"Article\",\"@id\":\"https:\/\/web.consaguirre.com.ar\/noticias\/crisol-grand-terre-de-roy-hargrove-finalmente-se-estrenara\/#article\",\"isPartOf\":{\"@id\":\"https:\/\/web.consaguirre.com.ar\/noticias\/crisol-grand-terre-de-roy-hargrove-finalmente-se-estrenara\/\"},\"author\":{\"name\":\"Javier Figueroa\",\"@id\":\"https:\/\/web.consaguirre.com.ar\/noticias\/#\/schema\/person\/6558b0cfedee7ddc5425602b237d5722\"},\"headline\":\"&#8216;Crisol: Grand-Terre&#8217; de Roy Hargrove finalmente se estrenar\u00e1\",\"datePublished\":\"2024-09-05T16:39:16+00:00\",\"dateModified\":\"2024-09-08T19:27:48+00:00\",\"mainEntityOfPage\":{\"@id\":\"https:\/\/web.consaguirre.com.ar\/noticias\/crisol-grand-terre-de-roy-hargrove-finalmente-se-estrenara\/\"},\"wordCount\":360,\"publisher\":{\"@id\":\"https:\/\/web.consaguirre.com.ar\/noticias\/#organization\"},\"image\":{\"@id\":\"https:\/\/web.consaguirre.com.ar\/noticias\/crisol-grand-terre-de-roy-hargrove-finalmente-se-estrenara\/#primaryimage\"},\"thumbnailUrl\":\"https:\/\/web.consaguirre.com.ar\/noticias\/wp-content\/uploads\/2024\/09\/Crisol-Grand-Terre-de-Roy-Hargrove-finalmente-se-estrenara.jpg\",\"keywords\":[\"Crisol\",\"estrenar\u00e1\",\"Finalmente\",\"GrandTerre\",\"Hargrove\",\"Roy\"],\"articleSection\":[\"El \u00faltimo\"],\"inLanguage\":\"es-AR\"},{\"@type\":\"WebPage\",\"@id\":\"https:\/\/web.consaguirre.com.ar\/noticias\/crisol-grand-terre-de-roy-hargrove-finalmente-se-estrenara\/\",\"url\":\"https:\/\/web.consaguirre.com.ar\/noticias\/crisol-grand-terre-de-roy-hargrove-finalmente-se-estrenara\/\",\"name\":\"'Crisol: Grand-Terre' de Roy Hargrove finalmente se estrenar\u00e1\",\"isPartOf\":{\"@id\":\"https:\/\/web.consaguirre.com.ar\/noticias\/#website\"},\"primaryImageOfPage\":{\"@id\":\"https:\/\/web.consaguirre.com.ar\/noticias\/crisol-grand-terre-de-roy-hargrove-finalmente-se-estrenara\/#primaryimage\"},\"image\":{\"@id\":\"https:\/\/web.consaguirre.com.ar\/noticias\/crisol-grand-terre-de-roy-hargrove-finalmente-se-estrenara\/#primaryimage\"},\"thumbnailUrl\":\"https:\/\/web.consaguirre.com.ar\/noticias\/wp-content\/uploads\/2024\/09\/Crisol-Grand-Terre-de-Roy-Hargrove-finalmente-se-estrenara.jpg\",\"datePublished\":\"2024-09-05T16:39:16+00:00\",\"dateModified\":\"2024-09-08T19:27:48+00:00\",\"breadcrumb\":{\"@id\":\"https:\/\/web.consaguirre.com.ar\/noticias\/crisol-grand-terre-de-roy-hargrove-finalmente-se-estrenara\/#breadcrumb\"},\"inLanguage\":\"es-AR\",\"potentialAction\":[{\"@type\":\"ReadAction\",\"target\":[\"https:\/\/web.consaguirre.com.ar\/noticias\/crisol-grand-terre-de-roy-hargrove-finalmente-se-estrenara\/\"]}]},{\"@type\":\"ImageObject\",\"inLanguage\":\"es-AR\",\"@id\":\"https:\/\/web.consaguirre.com.ar\/noticias\/crisol-grand-terre-de-roy-hargrove-finalmente-se-estrenara\/#primaryimage\",\"url\":\"https:\/\/web.consaguirre.com.ar\/noticias\/wp-content\/uploads\/2024\/09\/Crisol-Grand-Terre-de-Roy-Hargrove-finalmente-se-estrenara.jpg\",\"contentUrl\":\"https:\/\/web.consaguirre.com.ar\/noticias\/wp-content\/uploads\/2024\/09\/Crisol-Grand-Terre-de-Roy-Hargrove-finalmente-se-estrenara.jpg\",\"width\":1280,\"height\":1280,\"caption\":\"'Crisol: Grand-Terre' de Roy Hargrove finalmente se estrenar\u00e1\"},{\"@type\":\"BreadcrumbList\",\"@id\":\"https:\/\/web.consaguirre.com.ar\/noticias\/crisol-grand-terre-de-roy-hargrove-finalmente-se-estrenara\/#breadcrumb\",\"itemListElement\":[{\"@type\":\"ListItem\",\"position\":1,\"name\":\"Inicio\",\"item\":\"https:\/\/web.consaguirre.com.ar\/noticias\/\"},{\"@type\":\"ListItem\",\"position\":2,\"name\":\"&#8216;Crisol: Grand-Terre&#8217; de Roy Hargrove finalmente se estrenar\u00e1\"}]},{\"@type\":\"WebSite\",\"@id\":\"https:\/\/web.consaguirre.com.ar\/noticias\/#website\",\"url\":\"https:\/\/web.consaguirre.com.ar\/noticias\/\",\"name\":\"Conservatorio de M\u00fasica Juli\u00e1n Aguirre\",\"description\":\"\",\"publisher\":{\"@id\":\"https:\/\/web.consaguirre.com.ar\/noticias\/#organization\"},\"potentialAction\":[{\"@type\":\"SearchAction\",\"target\":{\"@type\":\"EntryPoint\",\"urlTemplate\":\"https:\/\/web.consaguirre.com.ar\/noticias\/?s={search_term_string}\"},\"query-input\":\"required name=search_term_string\"}],\"inLanguage\":\"es-AR\"},{\"@type\":\"Organization\",\"@id\":\"https:\/\/web.consaguirre.com.ar\/noticias\/#organization\",\"name\":\"Conservatorio de M\u00fasica Juli\u00e1n Aguirre\",\"url\":\"https:\/\/web.consaguirre.com.ar\/noticias\/\",\"logo\":{\"@type\":\"ImageObject\",\"inLanguage\":\"es-AR\",\"@id\":\"https:\/\/web.consaguirre.com.ar\/noticias\/#\/schema\/logo\/image\/\",\"url\":\"https:\/\/web.consaguirre.com.ar\/noticias\/wp-content\/uploads\/2024\/08\/Banner-Aguirre-23.jpg\",\"contentUrl\":\"https:\/\/web.consaguirre.com.ar\/noticias\/wp-content\/uploads\/2024\/08\/Banner-Aguirre-23.jpg\",\"width\":1192,\"height\":600,\"caption\":\"Conservatorio de M\u00fasica Juli\u00e1n Aguirre\"},\"image\":{\"@id\":\"https:\/\/web.consaguirre.com.ar\/noticias\/#\/schema\/logo\/image\/\"}},{\"@type\":\"Person\",\"@id\":\"https:\/\/web.consaguirre.com.ar\/noticias\/#\/schema\/person\/6558b0cfedee7ddc5425602b237d5722\",\"name\":\"Javier Figueroa\",\"image\":{\"@type\":\"ImageObject\",\"inLanguage\":\"es-AR\",\"@id\":\"https:\/\/web.consaguirre.com.ar\/noticias\/#\/schema\/person\/image\/\",\"url\":\"https:\/\/web.consaguirre.com.ar\/noticias\/wp-content\/uploads\/2024\/08\/Consaguirre-scaled.jpg\",\"contentUrl\":\"https:\/\/web.consaguirre.com.ar\/noticias\/wp-content\/uploads\/2024\/08\/Consaguirre-scaled.jpg\",\"caption\":\"Javier Figueroa\"},\"description\":\"Me llamo Javier Figueroa y soy redactor para el sitio oficial del Conservatorio de M\u00fasica Juli\u00e1n Aguirre en Buenos Aires, consaguirre.com. Apasionado por la m\u00fasica y la escritura, me esfuerzo por destacar los talentos y eventos de nuestra prestigiosa instituci\u00f3n. Mi trayectoria se nutre de una profunda admiraci\u00f3n por los artistas, haciendo de cada art\u00edculo una celebraci\u00f3n de la creatividad y la cultura musical.\",\"sameAs\":[\"https:\/\/web.consaguirre.com.ar\/noticias\"]}]}<\/script>\n<!-- \/ Yoast SEO plugin. -->","yoast_head_json":{"title":"'Crisol: Grand-Terre' de Roy Hargrove finalmente se estrenar\u00e1","robots":{"index":"index","follow":"follow","max-snippet":"max-snippet:-1","max-image-preview":"max-image-preview:large","max-video-preview":"max-video-preview:-1"},"canonical":"https:\/\/web.consaguirre.com.ar\/noticias\/crisol-grand-terre-de-roy-hargrove-finalmente-se-estrenara\/","og_locale":"es_ES","og_type":"article","og_title":"'Crisol: Grand-Terre' de Roy Hargrove finalmente se estrenar\u00e1","og_description":"A principios de 1998, reci\u00e9n salidos de ganar el GRAMMY a la Mejor Interpretaci\u00f3n de Jazz Latino por su \u00e1lbum debut Habana, Roy Hargrove y","og_url":"https:\/\/web.consaguirre.com.ar\/noticias\/crisol-grand-terre-de-roy-hargrove-finalmente-se-estrenara\/","og_site_name":"Conservatorio de M\u00fasica Juli\u00e1n Aguirre","article_published_time":"2024-09-05T16:39:16+00:00","article_modified_time":"2024-09-08T19:27:48+00:00","og_image":[{"width":1280,"height":1280,"url":"https:\/\/web.consaguirre.com.ar\/noticias\/wp-content\/uploads\/2024\/09\/Crisol-Grand-Terre-de-Roy-Hargrove-finalmente-se-estrenara.jpg","type":"image\/jpeg"}],"author":"Javier Figueroa","twitter_card":"summary_large_image","twitter_misc":{"Escrito por":"Javier Figueroa","Tiempo de lectura":"2 minutos"},"schema":{"@context":"https:\/\/schema.org","@graph":[{"@type":"Article","@id":"https:\/\/web.consaguirre.com.ar\/noticias\/crisol-grand-terre-de-roy-hargrove-finalmente-se-estrenara\/#article","isPartOf":{"@id":"https:\/\/web.consaguirre.com.ar\/noticias\/crisol-grand-terre-de-roy-hargrove-finalmente-se-estrenara\/"},"author":{"name":"Javier Figueroa","@id":"https:\/\/web.consaguirre.com.ar\/noticias\/#\/schema\/person\/6558b0cfedee7ddc5425602b237d5722"},"headline":"&#8216;Crisol: Grand-Terre&#8217; de Roy Hargrove finalmente se estrenar\u00e1","datePublished":"2024-09-05T16:39:16+00:00","dateModified":"2024-09-08T19:27:48+00:00","mainEntityOfPage":{"@id":"https:\/\/web.consaguirre.com.ar\/noticias\/crisol-grand-terre-de-roy-hargrove-finalmente-se-estrenara\/"},"wordCount":360,"publisher":{"@id":"https:\/\/web.consaguirre.com.ar\/noticias\/#organization"},"image":{"@id":"https:\/\/web.consaguirre.com.ar\/noticias\/crisol-grand-terre-de-roy-hargrove-finalmente-se-estrenara\/#primaryimage"},"thumbnailUrl":"https:\/\/web.consaguirre.com.ar\/noticias\/wp-content\/uploads\/2024\/09\/Crisol-Grand-Terre-de-Roy-Hargrove-finalmente-se-estrenara.jpg","keywords":["Crisol","estrenar\u00e1","Finalmente","GrandTerre","Hargrove","Roy"],"articleSection":["El \u00faltimo"],"inLanguage":"es-AR"},{"@type":"WebPage","@id":"https:\/\/web.consaguirre.com.ar\/noticias\/crisol-grand-terre-de-roy-hargrove-finalmente-se-estrenara\/","url":"https:\/\/web.consaguirre.com.ar\/noticias\/crisol-grand-terre-de-roy-hargrove-finalmente-se-estrenara\/","name":"'Crisol: Grand-Terre' de Roy Hargrove finalmente se estrenar\u00e1","isPartOf":{"@id":"https:\/\/web.consaguirre.com.ar\/noticias\/#website"},"primaryImageOfPage":{"@id":"https:\/\/web.consaguirre.com.ar\/noticias\/crisol-grand-terre-de-roy-hargrove-finalmente-se-estrenara\/#primaryimage"},"image":{"@id":"https:\/\/web.consaguirre.com.ar\/noticias\/crisol-grand-terre-de-roy-hargrove-finalmente-se-estrenara\/#primaryimage"},"thumbnailUrl":"https:\/\/web.consaguirre.com.ar\/noticias\/wp-content\/uploads\/2024\/09\/Crisol-Grand-Terre-de-Roy-Hargrove-finalmente-se-estrenara.jpg","datePublished":"2024-09-05T16:39:16+00:00","dateModified":"2024-09-08T19:27:48+00:00","breadcrumb":{"@id":"https:\/\/web.consaguirre.com.ar\/noticias\/crisol-grand-terre-de-roy-hargrove-finalmente-se-estrenara\/#breadcrumb"},"inLanguage":"es-AR","potentialAction":[{"@type":"ReadAction","target":["https:\/\/web.consaguirre.com.ar\/noticias\/crisol-grand-terre-de-roy-hargrove-finalmente-se-estrenara\/"]}]},{"@type":"ImageObject","inLanguage":"es-AR","@id":"https:\/\/web.consaguirre.com.ar\/noticias\/crisol-grand-terre-de-roy-hargrove-finalmente-se-estrenara\/#primaryimage","url":"https:\/\/web.consaguirre.com.ar\/noticias\/wp-content\/uploads\/2024\/09\/Crisol-Grand-Terre-de-Roy-Hargrove-finalmente-se-estrenara.jpg","contentUrl":"https:\/\/web.consaguirre.com.ar\/noticias\/wp-content\/uploads\/2024\/09\/Crisol-Grand-Terre-de-Roy-Hargrove-finalmente-se-estrenara.jpg","width":1280,"height":1280,"caption":"'Crisol: Grand-Terre' de Roy Hargrove finalmente se estrenar\u00e1"},{"@type":"BreadcrumbList","@id":"https:\/\/web.consaguirre.com.ar\/noticias\/crisol-grand-terre-de-roy-hargrove-finalmente-se-estrenara\/#breadcrumb","itemListElement":[{"@type":"ListItem","position":1,"name":"Inicio","item":"https:\/\/web.consaguirre.com.ar\/noticias\/"},{"@type":"ListItem","position":2,"name":"&#8216;Crisol: Grand-Terre&#8217; de Roy Hargrove finalmente se estrenar\u00e1"}]},{"@type":"WebSite","@id":"https:\/\/web.consaguirre.com.ar\/noticias\/#website","url":"https:\/\/web.consaguirre.com.ar\/noticias\/","name":"Conservatorio de M\u00fasica Juli\u00e1n Aguirre","description":"","publisher":{"@id":"https:\/\/web.consaguirre.com.ar\/noticias\/#organization"},"potentialAction":[{"@type":"SearchAction","target":{"@type":"EntryPoint","urlTemplate":"https:\/\/web.consaguirre.com.ar\/noticias\/?s={search_term_string}"},"query-input":"required name=search_term_string"}],"inLanguage":"es-AR"},{"@type":"Organization","@id":"https:\/\/web.consaguirre.com.ar\/noticias\/#organization","name":"Conservatorio de M\u00fasica Juli\u00e1n Aguirre","url":"https:\/\/web.consaguirre.com.ar\/noticias\/","logo":{"@type":"ImageObject","inLanguage":"es-AR","@id":"https:\/\/web.consaguirre.com.ar\/noticias\/#\/schema\/logo\/image\/","url":"https:\/\/web.consaguirre.com.ar\/noticias\/wp-content\/uploads\/2024\/08\/Banner-Aguirre-23.jpg","contentUrl":"https:\/\/web.consaguirre.com.ar\/noticias\/wp-content\/uploads\/2024\/08\/Banner-Aguirre-23.jpg","width":1192,"height":600,"caption":"Conservatorio de M\u00fasica Juli\u00e1n Aguirre"},"image":{"@id":"https:\/\/web.consaguirre.com.ar\/noticias\/#\/schema\/logo\/image\/"}},{"@type":"Person","@id":"https:\/\/web.consaguirre.com.ar\/noticias\/#\/schema\/person\/6558b0cfedee7ddc5425602b237d5722","name":"Javier Figueroa","image":{"@type":"ImageObject","inLanguage":"es-AR","@id":"https:\/\/web.consaguirre.com.ar\/noticias\/#\/schema\/person\/image\/","url":"https:\/\/web.consaguirre.com.ar\/noticias\/wp-content\/uploads\/2024\/08\/Consaguirre-scaled.jpg","contentUrl":"https:\/\/web.consaguirre.com.ar\/noticias\/wp-content\/uploads\/2024\/08\/Consaguirre-scaled.jpg","caption":"Javier Figueroa"},"description":"Me llamo Javier Figueroa y soy redactor para el sitio oficial del Conservatorio de M\u00fasica Juli\u00e1n Aguirre en Buenos Aires, consaguirre.com. Apasionado por la m\u00fasica y la escritura, me esfuerzo por destacar los talentos y eventos de nuestra prestigiosa instituci\u00f3n. Mi trayectoria se nutre de una profunda admiraci\u00f3n por los artistas, haciendo de cada art\u00edculo una celebraci\u00f3n de la creatividad y la cultura musical.","sameAs":["https:\/\/web.consaguirre.com.ar\/noticias"]}]}},"_links":{"self":[{"href":"https:\/\/web.consaguirre.com.ar\/noticias\/wp-json\/wp\/v2\/posts\/470"}],"collection":[{"href":"https:\/\/web.consaguirre.com.ar\/noticias\/wp-json\/wp\/v2\/posts"}],"about":[{"href":"https:\/\/web.consaguirre.com.ar\/noticias\/wp-json\/wp\/v2\/types\/post"}],"author":[{"embeddable":true,"href":"https:\/\/web.consaguirre.com.ar\/noticias\/wp-json\/wp\/v2\/users\/1"}],"replies":[{"embeddable":true,"href":"https:\/\/web.consaguirre.com.ar\/noticias\/wp-json\/wp\/v2\/comments?post=470"}],"version-history":[{"count":1,"href":"https:\/\/web.consaguirre.com.ar\/noticias\/wp-json\/wp\/v2\/posts\/470\/revisions"}],"predecessor-version":[{"id":472,"href":"https:\/\/web.consaguirre.com.ar\/noticias\/wp-json\/wp\/v2\/posts\/470\/revisions\/472"}],"wp:featuredmedia":[{"embeddable":true,"href":"https:\/\/web.consaguirre.com.ar\/noticias\/wp-json\/wp\/v2\/media\/471"}],"wp:attachment":[{"href":"https:\/\/web.consaguirre.com.ar\/noticias\/wp-json\/wp\/v2\/media?parent=470"}],"wp:term":[{"taxonomy":"category","embeddable":true,"href":"https:\/\/web.consaguirre.com.ar\/noticias\/wp-json\/wp\/v2\/categories?post=470"},{"taxonomy":"post_tag","embeddable":true,"href":"https:\/\/web.consaguirre.com.ar\/noticias\/wp-json\/wp\/v2\/tags?post=470"}],"curies":[{"name":"wp","href":"https:\/\/api.w.org\/{rel}","templated":true}]}}