{"id":4682,"date":"2025-12-22T23:38:12","date_gmt":"2025-12-23T02:38:12","guid":{"rendered":"https:\/\/web.consaguirre.com.ar\/noticias\/peach-prc-anuncia-album-porcelain\/"},"modified":"2025-12-22T23:38:13","modified_gmt":"2025-12-23T02:38:13","slug":"peach-prc-anuncia-album-porcelain","status":"publish","type":"post","link":"https:\/\/web.consaguirre.com.ar\/noticias\/peach-prc-anuncia-album-porcelain\/","title":{"rendered":"Peach PRC anuncia \u00e1lbum, &#8216;Porcelain&#8217;"},"content":{"rendered":"<p>Peach PRC ha anunciado su \u00e1lbum debut, <em>Porcelana<\/em>. El muy esperado lanzamiento de la estrella del pop australiano saldr\u00e1 el 20 de marzo y estar\u00e1 disponible en vinilo y CD a trav\u00e9s de la tienda oficial de Peach PRC.<\/p>\n<p>&#8220;Estoy a punto de convertirme en otra persona&#8221;, dice Peach. &#8220;La \u00faltima vez que hice eso fue hace a\u00f1os, cuando me convert\u00ed en Peach Porcelain de Shaylee y entr\u00e9 en el mundo del striptease y todo lo que eso conlleva. Ahora, siento como si estuviera en otra etapa de porcelana&#8221;.<\/p>\n<div class=\"uD-YT-container\"><img decoding=\"async\" src=\"https:\/\/web.consaguirre.com.ar\/noticias\/wp-content\/uploads\/2025\/12\/1766457492_282_Peach-PRC-anuncia-album-Porcelain.jpg\" alt=\"V\u00eddeo de YouTube\"><br \/>Haga clic para cargar v\u00eddeo<\/div>\n<p>El anuncio llega junto con el lanzamiento del segundo sencillo de Porcelain, \u201cOut Loud\u201d, un himno anhelante sobre el deseo de que se vea un amor sin miedo ni consecuencias.<\/p>\n<p>Peach PRC dice de la canci\u00f3n: &#8220;Todo en la forma en que escrib\u00ed &#8216;Out Loud&#8217;, hasta la entonaci\u00f3n y el patr\u00f3n de bater\u00eda, fue para hacerla sentir desesperada. A veces escribo desde un lugar muy ingenuo y humano porque quiero recordar c\u00f3mo se sinti\u00f3. No quiero mirar hacia atr\u00e1s en una canci\u00f3n sobre c\u00f3mo s\u00e9 en el fondo que una relaci\u00f3n cerrada no puede durar, que estoy acept\u00e1ndola con madurez y siguiendo adelante, cuando en realidad estoy aguantando, pataleando, llorando. angustia y negarme a aceptar que mi amor podr\u00eda estar condenado al fracaso. No quiero que sea autoenga\u00f1o o fe ciega; quiero creer que a pesar de miles de historias de amor como la m\u00eda a lo largo de la historia que terminaron todas de la misma manera, de alguna manera la m\u00eda es diferente, porque tiene que ser as\u00ed\u201d.<\/p>\n<p><em>Porcelana<\/em> cuenta con la producci\u00f3n de Konstantin Kersting (Tones and I, Milky Chance, Mallrat), Larzz Principato (Dua Lipa, Tate McRae, Halsey), Harry Charles (King Princess, One Republic, Renee Rapp) y Space Primates (FIFTY FIFTY, Alesso, Stray Kids). Los coguionistas incluyen a Ryan Linvill (Dermot Kennedy, Conan Gray y \u201cCasual\u201d de Chappell Roan) y JBACH (Ava Max, Jason Derulo, Stray Kids).<\/p>\n<div class=\"uD-YT-container\"><img decoding=\"async\" src=\"https:\/\/web.consaguirre.com.ar\/noticias\/wp-content\/uploads\/2025\/12\/1766457492_736_Peach-PRC-anuncia-album-Porcelain.jpg\" alt=\"V\u00eddeo de YouTube\"><br \/>Haga clic para cargar v\u00eddeo<\/div>\n<p><em>Porcelana<\/em> est\u00e1 encabezado por el sencillo principal \u201cMiss Erotica\u201d, una carta de amor a las actuaciones er\u00f3ticas y las coristas. La canci\u00f3n alcanz\u00f3 el puesto #1 m\u00e1s reproducido en triple j y lleg\u00f3 con un video musical dirigido por Marias Jones.<\/p>\n<p>Peach PRC anunci\u00f3 recientemente su Wandering Spirit Tour, que viajar\u00e1 por Australia y Nueva Zelanda. Se ha anunciado que actuar\u00e1 en el Party In The Paddock Festival de Tasmania en febrero de 2026.<\/p>\n<p>En 2023, Peach PRC la abandon\u00f3 <em>Duendecillo de sue\u00f1o man\u00edaco<\/em> EP, que debut\u00f3 en el n\u00famero 1 de la lista de \u00e1lbumes ARIA.<\/p><\/p>\n","protected":false},"excerpt":{"rendered":"<p>Peach PRC ha anunciado su \u00e1lbum debut, Porcelana. El muy esperado lanzamiento de la estrella del pop australiano saldr\u00e1 el 20 de marzo y estar\u00e1<\/p>\n","protected":false},"author":1,"featured_media":4683,"comment_status":"closed","ping_status":"","sticky":false,"template":"","format":"standard","meta":{"footnotes":""},"categories":[50],"tags":[147,56,3676,3678,3677],"class_list":["post-4682","post","type-post","status-publish","format-standard","has-post-thumbnail","hentry","category-el-ultimo","tag-album","tag-anuncia","tag-peach","tag-porcelain","tag-prc","generate-columns","tablet-grid-50","mobile-grid-100","grid-parent","grid-50"],"yoast_head":"<!-- This site is optimized with the Yoast SEO plugin v23.3 - https:\/\/yoast.com\/wordpress\/plugins\/seo\/ -->\n<title>Peach PRC anuncia \u00e1lbum, &#039;Porcelain&#039;<\/title>\n<meta name=\"robots\" content=\"index, follow, max-snippet:-1, max-image-preview:large, max-video-preview:-1\" \/>\n<link rel=\"canonical\" href=\"https:\/\/web.consaguirre.com.ar\/noticias\/peach-prc-anuncia-album-porcelain\/\" \/>\n<meta property=\"og:locale\" content=\"es_ES\" \/>\n<meta property=\"og:type\" content=\"article\" \/>\n<meta property=\"og:title\" content=\"Peach PRC anuncia \u00e1lbum, &#039;Porcelain&#039;\" \/>\n<meta property=\"og:description\" content=\"Peach PRC ha anunciado su \u00e1lbum debut, Porcelana. El muy esperado lanzamiento de la estrella del pop australiano saldr\u00e1 el 20 de marzo y estar\u00e1\" \/>\n<meta property=\"og:url\" content=\"https:\/\/web.consaguirre.com.ar\/noticias\/peach-prc-anuncia-album-porcelain\/\" \/>\n<meta property=\"og:site_name\" content=\"Conservatorio de M\u00fasica Juli\u00e1n Aguirre\" \/>\n<meta property=\"article:published_time\" content=\"2025-12-23T02:38:12+00:00\" \/>\n<meta property=\"article:modified_time\" content=\"2025-12-23T02:38:13+00:00\" \/>\n<meta property=\"og:image\" content=\"https:\/\/web.consaguirre.com.ar\/noticias\/wp-content\/uploads\/2025\/12\/Peach-PRC-anuncia-album-Porcelain.jpg\" \/>\n\t<meta property=\"og:image:width\" content=\"820\" \/>\n\t<meta property=\"og:image:height\" content=\"820\" \/>\n\t<meta property=\"og:image:type\" content=\"image\/jpeg\" \/>\n<meta name=\"author\" content=\"Javier Figueroa\" \/>\n<meta name=\"twitter:card\" content=\"summary_large_image\" \/>\n<meta name=\"twitter:label1\" content=\"Escrito por\" \/>\n\t<meta name=\"twitter:data1\" content=\"Javier Figueroa\" \/>\n\t<meta name=\"twitter:label2\" content=\"Tiempo de lectura\" \/>\n\t<meta name=\"twitter:data2\" content=\"2 minutos\" \/>\n<script type=\"application\/ld+json\" class=\"yoast-schema-graph\">{\"@context\":\"https:\/\/schema.org\",\"@graph\":[{\"@type\":\"Article\",\"@id\":\"https:\/\/web.consaguirre.com.ar\/noticias\/peach-prc-anuncia-album-porcelain\/#article\",\"isPartOf\":{\"@id\":\"https:\/\/web.consaguirre.com.ar\/noticias\/peach-prc-anuncia-album-porcelain\/\"},\"author\":{\"name\":\"Javier Figueroa\",\"@id\":\"https:\/\/web.consaguirre.com.ar\/noticias\/#\/schema\/person\/6558b0cfedee7ddc5425602b237d5722\"},\"headline\":\"Peach PRC anuncia \u00e1lbum, &#8216;Porcelain&#8217;\",\"datePublished\":\"2025-12-23T02:38:12+00:00\",\"dateModified\":\"2025-12-23T02:38:13+00:00\",\"mainEntityOfPage\":{\"@id\":\"https:\/\/web.consaguirre.com.ar\/noticias\/peach-prc-anuncia-album-porcelain\/\"},\"wordCount\":451,\"publisher\":{\"@id\":\"https:\/\/web.consaguirre.com.ar\/noticias\/#organization\"},\"image\":{\"@id\":\"https:\/\/web.consaguirre.com.ar\/noticias\/peach-prc-anuncia-album-porcelain\/#primaryimage\"},\"thumbnailUrl\":\"https:\/\/web.consaguirre.com.ar\/noticias\/wp-content\/uploads\/2025\/12\/Peach-PRC-anuncia-album-Porcelain.jpg\",\"keywords\":[\"\u00e1lbum\",\"anuncia\",\"Peach\",\"Porcelain\",\"PRC\"],\"articleSection\":[\"El \u00faltimo\"],\"inLanguage\":\"es-AR\"},{\"@type\":\"WebPage\",\"@id\":\"https:\/\/web.consaguirre.com.ar\/noticias\/peach-prc-anuncia-album-porcelain\/\",\"url\":\"https:\/\/web.consaguirre.com.ar\/noticias\/peach-prc-anuncia-album-porcelain\/\",\"name\":\"Peach PRC anuncia \u00e1lbum, 'Porcelain'\",\"isPartOf\":{\"@id\":\"https:\/\/web.consaguirre.com.ar\/noticias\/#website\"},\"primaryImageOfPage\":{\"@id\":\"https:\/\/web.consaguirre.com.ar\/noticias\/peach-prc-anuncia-album-porcelain\/#primaryimage\"},\"image\":{\"@id\":\"https:\/\/web.consaguirre.com.ar\/noticias\/peach-prc-anuncia-album-porcelain\/#primaryimage\"},\"thumbnailUrl\":\"https:\/\/web.consaguirre.com.ar\/noticias\/wp-content\/uploads\/2025\/12\/Peach-PRC-anuncia-album-Porcelain.jpg\",\"datePublished\":\"2025-12-23T02:38:12+00:00\",\"dateModified\":\"2025-12-23T02:38:13+00:00\",\"breadcrumb\":{\"@id\":\"https:\/\/web.consaguirre.com.ar\/noticias\/peach-prc-anuncia-album-porcelain\/#breadcrumb\"},\"inLanguage\":\"es-AR\",\"potentialAction\":[{\"@type\":\"ReadAction\",\"target\":[\"https:\/\/web.consaguirre.com.ar\/noticias\/peach-prc-anuncia-album-porcelain\/\"]}]},{\"@type\":\"ImageObject\",\"inLanguage\":\"es-AR\",\"@id\":\"https:\/\/web.consaguirre.com.ar\/noticias\/peach-prc-anuncia-album-porcelain\/#primaryimage\",\"url\":\"https:\/\/web.consaguirre.com.ar\/noticias\/wp-content\/uploads\/2025\/12\/Peach-PRC-anuncia-album-Porcelain.jpg\",\"contentUrl\":\"https:\/\/web.consaguirre.com.ar\/noticias\/wp-content\/uploads\/2025\/12\/Peach-PRC-anuncia-album-Porcelain.jpg\",\"width\":820,\"height\":820,\"caption\":\"Peach PRC anuncia \u00e1lbum, 'Porcelain'\"},{\"@type\":\"BreadcrumbList\",\"@id\":\"https:\/\/web.consaguirre.com.ar\/noticias\/peach-prc-anuncia-album-porcelain\/#breadcrumb\",\"itemListElement\":[{\"@type\":\"ListItem\",\"position\":1,\"name\":\"Inicio\",\"item\":\"https:\/\/web.consaguirre.com.ar\/noticias\/\"},{\"@type\":\"ListItem\",\"position\":2,\"name\":\"Peach PRC anuncia \u00e1lbum, &#8216;Porcelain&#8217;\"}]},{\"@type\":\"WebSite\",\"@id\":\"https:\/\/web.consaguirre.com.ar\/noticias\/#website\",\"url\":\"https:\/\/web.consaguirre.com.ar\/noticias\/\",\"name\":\"Conservatorio de M\u00fasica Juli\u00e1n Aguirre\",\"description\":\"\",\"publisher\":{\"@id\":\"https:\/\/web.consaguirre.com.ar\/noticias\/#organization\"},\"potentialAction\":[{\"@type\":\"SearchAction\",\"target\":{\"@type\":\"EntryPoint\",\"urlTemplate\":\"https:\/\/web.consaguirre.com.ar\/noticias\/?s={search_term_string}\"},\"query-input\":\"required name=search_term_string\"}],\"inLanguage\":\"es-AR\"},{\"@type\":\"Organization\",\"@id\":\"https:\/\/web.consaguirre.com.ar\/noticias\/#organization\",\"name\":\"Conservatorio de M\u00fasica Juli\u00e1n Aguirre\",\"url\":\"https:\/\/web.consaguirre.com.ar\/noticias\/\",\"logo\":{\"@type\":\"ImageObject\",\"inLanguage\":\"es-AR\",\"@id\":\"https:\/\/web.consaguirre.com.ar\/noticias\/#\/schema\/logo\/image\/\",\"url\":\"https:\/\/web.consaguirre.com.ar\/noticias\/wp-content\/uploads\/2024\/08\/Banner-Aguirre-23.jpg\",\"contentUrl\":\"https:\/\/web.consaguirre.com.ar\/noticias\/wp-content\/uploads\/2024\/08\/Banner-Aguirre-23.jpg\",\"width\":1192,\"height\":600,\"caption\":\"Conservatorio de M\u00fasica Juli\u00e1n Aguirre\"},\"image\":{\"@id\":\"https:\/\/web.consaguirre.com.ar\/noticias\/#\/schema\/logo\/image\/\"}},{\"@type\":\"Person\",\"@id\":\"https:\/\/web.consaguirre.com.ar\/noticias\/#\/schema\/person\/6558b0cfedee7ddc5425602b237d5722\",\"name\":\"Javier Figueroa\",\"image\":{\"@type\":\"ImageObject\",\"inLanguage\":\"es-AR\",\"@id\":\"https:\/\/web.consaguirre.com.ar\/noticias\/#\/schema\/person\/image\/\",\"url\":\"https:\/\/web.consaguirre.com.ar\/noticias\/wp-content\/uploads\/2024\/08\/Consaguirre-scaled.jpg\",\"contentUrl\":\"https:\/\/web.consaguirre.com.ar\/noticias\/wp-content\/uploads\/2024\/08\/Consaguirre-scaled.jpg\",\"caption\":\"Javier Figueroa\"},\"description\":\"Me llamo Javier Figueroa y soy redactor para el sitio oficial del Conservatorio de M\u00fasica Juli\u00e1n Aguirre en Buenos Aires, consaguirre.com. Apasionado por la m\u00fasica y la escritura, me esfuerzo por destacar los talentos y eventos de nuestra prestigiosa instituci\u00f3n. Mi trayectoria se nutre de una profunda admiraci\u00f3n por los artistas, haciendo de cada art\u00edculo una celebraci\u00f3n de la creatividad y la cultura musical.\",\"sameAs\":[\"https:\/\/web.consaguirre.com.ar\/noticias\"]}]}<\/script>\n<!-- \/ Yoast SEO plugin. -->","yoast_head_json":{"title":"Peach PRC anuncia \u00e1lbum, 'Porcelain'","robots":{"index":"index","follow":"follow","max-snippet":"max-snippet:-1","max-image-preview":"max-image-preview:large","max-video-preview":"max-video-preview:-1"},"canonical":"https:\/\/web.consaguirre.com.ar\/noticias\/peach-prc-anuncia-album-porcelain\/","og_locale":"es_ES","og_type":"article","og_title":"Peach PRC anuncia \u00e1lbum, 'Porcelain'","og_description":"Peach PRC ha anunciado su \u00e1lbum debut, Porcelana. El muy esperado lanzamiento de la estrella del pop australiano saldr\u00e1 el 20 de marzo y estar\u00e1","og_url":"https:\/\/web.consaguirre.com.ar\/noticias\/peach-prc-anuncia-album-porcelain\/","og_site_name":"Conservatorio de M\u00fasica Juli\u00e1n Aguirre","article_published_time":"2025-12-23T02:38:12+00:00","article_modified_time":"2025-12-23T02:38:13+00:00","og_image":[{"width":820,"height":820,"url":"https:\/\/web.consaguirre.com.ar\/noticias\/wp-content\/uploads\/2025\/12\/Peach-PRC-anuncia-album-Porcelain.jpg","type":"image\/jpeg"}],"author":"Javier Figueroa","twitter_card":"summary_large_image","twitter_misc":{"Escrito por":"Javier Figueroa","Tiempo de lectura":"2 minutos"},"schema":{"@context":"https:\/\/schema.org","@graph":[{"@type":"Article","@id":"https:\/\/web.consaguirre.com.ar\/noticias\/peach-prc-anuncia-album-porcelain\/#article","isPartOf":{"@id":"https:\/\/web.consaguirre.com.ar\/noticias\/peach-prc-anuncia-album-porcelain\/"},"author":{"name":"Javier Figueroa","@id":"https:\/\/web.consaguirre.com.ar\/noticias\/#\/schema\/person\/6558b0cfedee7ddc5425602b237d5722"},"headline":"Peach PRC anuncia \u00e1lbum, &#8216;Porcelain&#8217;","datePublished":"2025-12-23T02:38:12+00:00","dateModified":"2025-12-23T02:38:13+00:00","mainEntityOfPage":{"@id":"https:\/\/web.consaguirre.com.ar\/noticias\/peach-prc-anuncia-album-porcelain\/"},"wordCount":451,"publisher":{"@id":"https:\/\/web.consaguirre.com.ar\/noticias\/#organization"},"image":{"@id":"https:\/\/web.consaguirre.com.ar\/noticias\/peach-prc-anuncia-album-porcelain\/#primaryimage"},"thumbnailUrl":"https:\/\/web.consaguirre.com.ar\/noticias\/wp-content\/uploads\/2025\/12\/Peach-PRC-anuncia-album-Porcelain.jpg","keywords":["\u00e1lbum","anuncia","Peach","Porcelain","PRC"],"articleSection":["El \u00faltimo"],"inLanguage":"es-AR"},{"@type":"WebPage","@id":"https:\/\/web.consaguirre.com.ar\/noticias\/peach-prc-anuncia-album-porcelain\/","url":"https:\/\/web.consaguirre.com.ar\/noticias\/peach-prc-anuncia-album-porcelain\/","name":"Peach PRC anuncia \u00e1lbum, 'Porcelain'","isPartOf":{"@id":"https:\/\/web.consaguirre.com.ar\/noticias\/#website"},"primaryImageOfPage":{"@id":"https:\/\/web.consaguirre.com.ar\/noticias\/peach-prc-anuncia-album-porcelain\/#primaryimage"},"image":{"@id":"https:\/\/web.consaguirre.com.ar\/noticias\/peach-prc-anuncia-album-porcelain\/#primaryimage"},"thumbnailUrl":"https:\/\/web.consaguirre.com.ar\/noticias\/wp-content\/uploads\/2025\/12\/Peach-PRC-anuncia-album-Porcelain.jpg","datePublished":"2025-12-23T02:38:12+00:00","dateModified":"2025-12-23T02:38:13+00:00","breadcrumb":{"@id":"https:\/\/web.consaguirre.com.ar\/noticias\/peach-prc-anuncia-album-porcelain\/#breadcrumb"},"inLanguage":"es-AR","potentialAction":[{"@type":"ReadAction","target":["https:\/\/web.consaguirre.com.ar\/noticias\/peach-prc-anuncia-album-porcelain\/"]}]},{"@type":"ImageObject","inLanguage":"es-AR","@id":"https:\/\/web.consaguirre.com.ar\/noticias\/peach-prc-anuncia-album-porcelain\/#primaryimage","url":"https:\/\/web.consaguirre.com.ar\/noticias\/wp-content\/uploads\/2025\/12\/Peach-PRC-anuncia-album-Porcelain.jpg","contentUrl":"https:\/\/web.consaguirre.com.ar\/noticias\/wp-content\/uploads\/2025\/12\/Peach-PRC-anuncia-album-Porcelain.jpg","width":820,"height":820,"caption":"Peach PRC anuncia \u00e1lbum, 'Porcelain'"},{"@type":"BreadcrumbList","@id":"https:\/\/web.consaguirre.com.ar\/noticias\/peach-prc-anuncia-album-porcelain\/#breadcrumb","itemListElement":[{"@type":"ListItem","position":1,"name":"Inicio","item":"https:\/\/web.consaguirre.com.ar\/noticias\/"},{"@type":"ListItem","position":2,"name":"Peach PRC anuncia \u00e1lbum, &#8216;Porcelain&#8217;"}]},{"@type":"WebSite","@id":"https:\/\/web.consaguirre.com.ar\/noticias\/#website","url":"https:\/\/web.consaguirre.com.ar\/noticias\/","name":"Conservatorio de M\u00fasica Juli\u00e1n Aguirre","description":"","publisher":{"@id":"https:\/\/web.consaguirre.com.ar\/noticias\/#organization"},"potentialAction":[{"@type":"SearchAction","target":{"@type":"EntryPoint","urlTemplate":"https:\/\/web.consaguirre.com.ar\/noticias\/?s={search_term_string}"},"query-input":"required name=search_term_string"}],"inLanguage":"es-AR"},{"@type":"Organization","@id":"https:\/\/web.consaguirre.com.ar\/noticias\/#organization","name":"Conservatorio de M\u00fasica Juli\u00e1n Aguirre","url":"https:\/\/web.consaguirre.com.ar\/noticias\/","logo":{"@type":"ImageObject","inLanguage":"es-AR","@id":"https:\/\/web.consaguirre.com.ar\/noticias\/#\/schema\/logo\/image\/","url":"https:\/\/web.consaguirre.com.ar\/noticias\/wp-content\/uploads\/2024\/08\/Banner-Aguirre-23.jpg","contentUrl":"https:\/\/web.consaguirre.com.ar\/noticias\/wp-content\/uploads\/2024\/08\/Banner-Aguirre-23.jpg","width":1192,"height":600,"caption":"Conservatorio de M\u00fasica Juli\u00e1n Aguirre"},"image":{"@id":"https:\/\/web.consaguirre.com.ar\/noticias\/#\/schema\/logo\/image\/"}},{"@type":"Person","@id":"https:\/\/web.consaguirre.com.ar\/noticias\/#\/schema\/person\/6558b0cfedee7ddc5425602b237d5722","name":"Javier Figueroa","image":{"@type":"ImageObject","inLanguage":"es-AR","@id":"https:\/\/web.consaguirre.com.ar\/noticias\/#\/schema\/person\/image\/","url":"https:\/\/web.consaguirre.com.ar\/noticias\/wp-content\/uploads\/2024\/08\/Consaguirre-scaled.jpg","contentUrl":"https:\/\/web.consaguirre.com.ar\/noticias\/wp-content\/uploads\/2024\/08\/Consaguirre-scaled.jpg","caption":"Javier Figueroa"},"description":"Me llamo Javier Figueroa y soy redactor para el sitio oficial del Conservatorio de M\u00fasica Juli\u00e1n Aguirre en Buenos Aires, consaguirre.com. Apasionado por la m\u00fasica y la escritura, me esfuerzo por destacar los talentos y eventos de nuestra prestigiosa instituci\u00f3n. Mi trayectoria se nutre de una profunda admiraci\u00f3n por los artistas, haciendo de cada art\u00edculo una celebraci\u00f3n de la creatividad y la cultura musical.","sameAs":["https:\/\/web.consaguirre.com.ar\/noticias"]}]}},"_links":{"self":[{"href":"https:\/\/web.consaguirre.com.ar\/noticias\/wp-json\/wp\/v2\/posts\/4682"}],"collection":[{"href":"https:\/\/web.consaguirre.com.ar\/noticias\/wp-json\/wp\/v2\/posts"}],"about":[{"href":"https:\/\/web.consaguirre.com.ar\/noticias\/wp-json\/wp\/v2\/types\/post"}],"author":[{"embeddable":true,"href":"https:\/\/web.consaguirre.com.ar\/noticias\/wp-json\/wp\/v2\/users\/1"}],"replies":[{"embeddable":true,"href":"https:\/\/web.consaguirre.com.ar\/noticias\/wp-json\/wp\/v2\/comments?post=4682"}],"version-history":[{"count":1,"href":"https:\/\/web.consaguirre.com.ar\/noticias\/wp-json\/wp\/v2\/posts\/4682\/revisions"}],"predecessor-version":[{"id":4684,"href":"https:\/\/web.consaguirre.com.ar\/noticias\/wp-json\/wp\/v2\/posts\/4682\/revisions\/4684"}],"wp:featuredmedia":[{"embeddable":true,"href":"https:\/\/web.consaguirre.com.ar\/noticias\/wp-json\/wp\/v2\/media\/4683"}],"wp:attachment":[{"href":"https:\/\/web.consaguirre.com.ar\/noticias\/wp-json\/wp\/v2\/media?parent=4682"}],"wp:term":[{"taxonomy":"category","embeddable":true,"href":"https:\/\/web.consaguirre.com.ar\/noticias\/wp-json\/wp\/v2\/categories?post=4682"},{"taxonomy":"post_tag","embeddable":true,"href":"https:\/\/web.consaguirre.com.ar\/noticias\/wp-json\/wp\/v2\/tags?post=4682"}],"curies":[{"name":"wp","href":"https:\/\/api.w.org\/{rel}","templated":true}]}}