{"id":4675,"date":"2025-12-19T20:38:42","date_gmt":"2025-12-19T23:38:42","guid":{"rendered":"https:\/\/web.consaguirre.com.ar\/noticias\/lets-face-it-de-the-mighty-mighty-bosstones-obtiene-una-reedicion-en-vinilo-remasterizada\/"},"modified":"2025-12-19T20:38:43","modified_gmt":"2025-12-19T23:38:43","slug":"lets-face-it-de-the-mighty-mighty-bosstones-obtiene-una-reedicion-en-vinilo-remasterizada","status":"publish","type":"post","link":"https:\/\/web.consaguirre.com.ar\/noticias\/lets-face-it-de-the-mighty-mighty-bosstones-obtiene-una-reedicion-en-vinilo-remasterizada\/","title":{"rendered":"&#8216;Let&#8217;s Face&#8217; It de The Mighty Mighty Bosstones obtiene una reedici\u00f3n en vinilo remasterizada"},"content":{"rendered":"<p>El \u00e1lbum de platino <em>Seamos realistas<\/em> de las leyendas del ska punk de Boston, The Mighty Mighty Bosstones, regresa al vinilo.<\/p>\n<p>Lanzado originalmente en 1997, <em>Seamos realistas<\/em> marc\u00f3 un gran avance comercial para los Bosstones despu\u00e9s de m\u00e1s de una d\u00e9cada de trabajo. El grupo grab\u00f3 el disco entre Bearsville Sound Studios en Nueva York y Fort Apache Studios en Cambridge, Massachusetts, con producci\u00f3n de Paul Kolderie y Sean Slade.<\/p>\n<p>El \u00e1lbum incluy\u00f3 \u00e9xitos como \u201cThe Rascal King\u201d, \u201cRoyal Oil\u201d y \u201cThe Impression That I Get\u201d, que sigue siendo su tema caracter\u00edstico. La canci\u00f3n alcanz\u00f3 el n\u00famero uno en la lista Modern Rock Tracks de Billboard, catapult\u00e1ndola al reconocimiento general e incluso a un <em>S\u00e1bado noche en vivo<\/em> apariencia. <em>Seamos realistas<\/em> alcanz\u00f3 el puesto 27 en el Billboard 200, el \u00fanico \u00e1lbum de Bosstones que entr\u00f3 en el top 50.<\/p>\n<div class=\"uD-YT-container\"><img decoding=\"async\" src=\"https:\/\/web.consaguirre.com.ar\/noticias\/wp-content\/uploads\/2025\/12\/1766187522_591_Lets-Face-It-de-The-Mighty-Mighty-Bosstones-obtiene-una.jpg\" alt=\"V\u00eddeo de YouTube\"><br \/>Haga clic para cargar v\u00eddeo<\/div>\n<p>The Mighty Mighty Bosstones lanzaron su \u00e1lbum m\u00e1s reciente, <em>Cuando Dios era grande<\/em>en 2021 a trav\u00e9s de Hellcat Records. El \u00e1lbum incluy\u00f3 lo que seguramente es uno de los cortes de grupo m\u00e1s grandes del ska punk, la colaboraci\u00f3n estelar &#8220;The Final Parade&#8221;. Pero el disco marcar\u00eda el \u00faltimo \u00e1lbum de la banda juntos: en enero de 2022, anunciaron que se separar\u00edan.<\/p>\n<p>&#8220;Despu\u00e9s de d\u00e9cadas de hermandad, giras por el mundo y haciendo grandes discos juntos, hemos decidido no continuar como banda&#8221;, compartieron en un comunicado en ese momento. &#8220;Sobre todo, queremos expresar nuestra m\u00e1s sincera gratitud a cada uno de ustedes que nos han apoyado. No podr\u00edamos haber hecho nada de esto sin ustedes&#8221;.<\/p>\n<p><b>Compra The Mighty Mighty Bosstones&#8217; <i>Seamos realistas<\/i> en vinilo ahora.<\/b><\/p>\n","protected":false},"excerpt":{"rendered":"<p>El \u00e1lbum de platino Seamos realistas de las leyendas del ska punk de Boston, The Mighty Mighty Bosstones, regresa al vinilo. Lanzado originalmente en 1997,<\/p>\n","protected":false},"author":1,"featured_media":4676,"comment_status":"closed","ping_status":"","sticky":false,"template":"","format":"standard","meta":{"footnotes":""},"categories":[50],"tags":[3673,2444,1336,3672,800,117,3159,191,87],"class_list":["post-4675","post","type-post","status-publish","format-standard","has-post-thumbnail","hentry","category-el-ultimo","tag-bosstones","tag-face","tag-lets","tag-mighty","tag-obtiene","tag-reedicion","tag-remasterizada","tag-una","tag-vinilo","generate-columns","tablet-grid-50","mobile-grid-100","grid-parent","grid-50"],"yoast_head":"<!-- This site is optimized with the Yoast SEO plugin v23.3 - https:\/\/yoast.com\/wordpress\/plugins\/seo\/ -->\n<title>&#039;Let&#039;s Face&#039; It de The Mighty Mighty Bosstones obtiene una reedici\u00f3n en vinilo remasterizada<\/title>\n<meta name=\"robots\" content=\"index, follow, max-snippet:-1, max-image-preview:large, max-video-preview:-1\" \/>\n<link rel=\"canonical\" href=\"https:\/\/web.consaguirre.com.ar\/noticias\/lets-face-it-de-the-mighty-mighty-bosstones-obtiene-una-reedicion-en-vinilo-remasterizada\/\" \/>\n<meta property=\"og:locale\" content=\"es_ES\" \/>\n<meta property=\"og:type\" content=\"article\" \/>\n<meta property=\"og:title\" content=\"&#039;Let&#039;s Face&#039; It de The Mighty Mighty Bosstones obtiene una reedici\u00f3n en vinilo remasterizada\" \/>\n<meta property=\"og:description\" content=\"El \u00e1lbum de platino Seamos realistas de las leyendas del ska punk de Boston, The Mighty Mighty Bosstones, regresa al vinilo. Lanzado originalmente en 1997,\" \/>\n<meta property=\"og:url\" content=\"https:\/\/web.consaguirre.com.ar\/noticias\/lets-face-it-de-the-mighty-mighty-bosstones-obtiene-una-reedicion-en-vinilo-remasterizada\/\" \/>\n<meta property=\"og:site_name\" content=\"Conservatorio de M\u00fasica Juli\u00e1n Aguirre\" \/>\n<meta property=\"article:published_time\" content=\"2025-12-19T23:38:42+00:00\" \/>\n<meta property=\"article:modified_time\" content=\"2025-12-19T23:38:43+00:00\" \/>\n<meta property=\"og:image\" content=\"https:\/\/web.consaguirre.com.ar\/noticias\/wp-content\/uploads\/2025\/12\/Lets-Face-It-de-The-Mighty-Mighty-Bosstones-obtiene-una.jpg\" \/>\n\t<meta property=\"og:image:width\" content=\"820\" \/>\n\t<meta property=\"og:image:height\" content=\"820\" \/>\n\t<meta property=\"og:image:type\" content=\"image\/jpeg\" \/>\n<meta name=\"author\" content=\"Javier Figueroa\" \/>\n<meta name=\"twitter:card\" content=\"summary_large_image\" \/>\n<meta name=\"twitter:label1\" content=\"Escrito por\" \/>\n\t<meta name=\"twitter:data1\" content=\"Javier Figueroa\" \/>\n\t<meta name=\"twitter:label2\" content=\"Tiempo de lectura\" \/>\n\t<meta name=\"twitter:data2\" content=\"1 minuto\" \/>\n<script type=\"application\/ld+json\" class=\"yoast-schema-graph\">{\"@context\":\"https:\/\/schema.org\",\"@graph\":[{\"@type\":\"Article\",\"@id\":\"https:\/\/web.consaguirre.com.ar\/noticias\/lets-face-it-de-the-mighty-mighty-bosstones-obtiene-una-reedicion-en-vinilo-remasterizada\/#article\",\"isPartOf\":{\"@id\":\"https:\/\/web.consaguirre.com.ar\/noticias\/lets-face-it-de-the-mighty-mighty-bosstones-obtiene-una-reedicion-en-vinilo-remasterizada\/\"},\"author\":{\"name\":\"Javier Figueroa\",\"@id\":\"https:\/\/web.consaguirre.com.ar\/noticias\/#\/schema\/person\/6558b0cfedee7ddc5425602b237d5722\"},\"headline\":\"&#8216;Let&#8217;s Face&#8217; It de The Mighty Mighty Bosstones obtiene una reedici\u00f3n en vinilo remasterizada\",\"datePublished\":\"2025-12-19T23:38:42+00:00\",\"dateModified\":\"2025-12-19T23:38:43+00:00\",\"mainEntityOfPage\":{\"@id\":\"https:\/\/web.consaguirre.com.ar\/noticias\/lets-face-it-de-the-mighty-mighty-bosstones-obtiene-una-reedicion-en-vinilo-remasterizada\/\"},\"wordCount\":300,\"publisher\":{\"@id\":\"https:\/\/web.consaguirre.com.ar\/noticias\/#organization\"},\"image\":{\"@id\":\"https:\/\/web.consaguirre.com.ar\/noticias\/lets-face-it-de-the-mighty-mighty-bosstones-obtiene-una-reedicion-en-vinilo-remasterizada\/#primaryimage\"},\"thumbnailUrl\":\"https:\/\/web.consaguirre.com.ar\/noticias\/wp-content\/uploads\/2025\/12\/Lets-Face-It-de-The-Mighty-Mighty-Bosstones-obtiene-una.jpg\",\"keywords\":[\"Bosstones\",\"Face\",\"Lets\",\"Mighty\",\"obtiene\",\"reedici\u00f3n\",\"remasterizada\",\"una\",\"vinilo\"],\"articleSection\":[\"El \u00faltimo\"],\"inLanguage\":\"es-AR\"},{\"@type\":\"WebPage\",\"@id\":\"https:\/\/web.consaguirre.com.ar\/noticias\/lets-face-it-de-the-mighty-mighty-bosstones-obtiene-una-reedicion-en-vinilo-remasterizada\/\",\"url\":\"https:\/\/web.consaguirre.com.ar\/noticias\/lets-face-it-de-the-mighty-mighty-bosstones-obtiene-una-reedicion-en-vinilo-remasterizada\/\",\"name\":\"'Let's Face' It de The Mighty Mighty Bosstones obtiene una reedici\u00f3n en vinilo remasterizada\",\"isPartOf\":{\"@id\":\"https:\/\/web.consaguirre.com.ar\/noticias\/#website\"},\"primaryImageOfPage\":{\"@id\":\"https:\/\/web.consaguirre.com.ar\/noticias\/lets-face-it-de-the-mighty-mighty-bosstones-obtiene-una-reedicion-en-vinilo-remasterizada\/#primaryimage\"},\"image\":{\"@id\":\"https:\/\/web.consaguirre.com.ar\/noticias\/lets-face-it-de-the-mighty-mighty-bosstones-obtiene-una-reedicion-en-vinilo-remasterizada\/#primaryimage\"},\"thumbnailUrl\":\"https:\/\/web.consaguirre.com.ar\/noticias\/wp-content\/uploads\/2025\/12\/Lets-Face-It-de-The-Mighty-Mighty-Bosstones-obtiene-una.jpg\",\"datePublished\":\"2025-12-19T23:38:42+00:00\",\"dateModified\":\"2025-12-19T23:38:43+00:00\",\"breadcrumb\":{\"@id\":\"https:\/\/web.consaguirre.com.ar\/noticias\/lets-face-it-de-the-mighty-mighty-bosstones-obtiene-una-reedicion-en-vinilo-remasterizada\/#breadcrumb\"},\"inLanguage\":\"es-AR\",\"potentialAction\":[{\"@type\":\"ReadAction\",\"target\":[\"https:\/\/web.consaguirre.com.ar\/noticias\/lets-face-it-de-the-mighty-mighty-bosstones-obtiene-una-reedicion-en-vinilo-remasterizada\/\"]}]},{\"@type\":\"ImageObject\",\"inLanguage\":\"es-AR\",\"@id\":\"https:\/\/web.consaguirre.com.ar\/noticias\/lets-face-it-de-the-mighty-mighty-bosstones-obtiene-una-reedicion-en-vinilo-remasterizada\/#primaryimage\",\"url\":\"https:\/\/web.consaguirre.com.ar\/noticias\/wp-content\/uploads\/2025\/12\/Lets-Face-It-de-The-Mighty-Mighty-Bosstones-obtiene-una.jpg\",\"contentUrl\":\"https:\/\/web.consaguirre.com.ar\/noticias\/wp-content\/uploads\/2025\/12\/Lets-Face-It-de-The-Mighty-Mighty-Bosstones-obtiene-una.jpg\",\"width\":820,\"height\":820,\"caption\":\"'Let's Face' It de The Mighty Mighty Bosstones obtiene una reedici\u00f3n en vinilo remasterizada\"},{\"@type\":\"BreadcrumbList\",\"@id\":\"https:\/\/web.consaguirre.com.ar\/noticias\/lets-face-it-de-the-mighty-mighty-bosstones-obtiene-una-reedicion-en-vinilo-remasterizada\/#breadcrumb\",\"itemListElement\":[{\"@type\":\"ListItem\",\"position\":1,\"name\":\"Inicio\",\"item\":\"https:\/\/web.consaguirre.com.ar\/noticias\/\"},{\"@type\":\"ListItem\",\"position\":2,\"name\":\"&#8216;Let&#8217;s Face&#8217; It de The Mighty Mighty Bosstones obtiene una reedici\u00f3n en vinilo remasterizada\"}]},{\"@type\":\"WebSite\",\"@id\":\"https:\/\/web.consaguirre.com.ar\/noticias\/#website\",\"url\":\"https:\/\/web.consaguirre.com.ar\/noticias\/\",\"name\":\"Conservatorio de M\u00fasica Juli\u00e1n Aguirre\",\"description\":\"\",\"publisher\":{\"@id\":\"https:\/\/web.consaguirre.com.ar\/noticias\/#organization\"},\"potentialAction\":[{\"@type\":\"SearchAction\",\"target\":{\"@type\":\"EntryPoint\",\"urlTemplate\":\"https:\/\/web.consaguirre.com.ar\/noticias\/?s={search_term_string}\"},\"query-input\":\"required name=search_term_string\"}],\"inLanguage\":\"es-AR\"},{\"@type\":\"Organization\",\"@id\":\"https:\/\/web.consaguirre.com.ar\/noticias\/#organization\",\"name\":\"Conservatorio de M\u00fasica Juli\u00e1n Aguirre\",\"url\":\"https:\/\/web.consaguirre.com.ar\/noticias\/\",\"logo\":{\"@type\":\"ImageObject\",\"inLanguage\":\"es-AR\",\"@id\":\"https:\/\/web.consaguirre.com.ar\/noticias\/#\/schema\/logo\/image\/\",\"url\":\"https:\/\/web.consaguirre.com.ar\/noticias\/wp-content\/uploads\/2024\/08\/Banner-Aguirre-23.jpg\",\"contentUrl\":\"https:\/\/web.consaguirre.com.ar\/noticias\/wp-content\/uploads\/2024\/08\/Banner-Aguirre-23.jpg\",\"width\":1192,\"height\":600,\"caption\":\"Conservatorio de M\u00fasica Juli\u00e1n Aguirre\"},\"image\":{\"@id\":\"https:\/\/web.consaguirre.com.ar\/noticias\/#\/schema\/logo\/image\/\"}},{\"@type\":\"Person\",\"@id\":\"https:\/\/web.consaguirre.com.ar\/noticias\/#\/schema\/person\/6558b0cfedee7ddc5425602b237d5722\",\"name\":\"Javier Figueroa\",\"image\":{\"@type\":\"ImageObject\",\"inLanguage\":\"es-AR\",\"@id\":\"https:\/\/web.consaguirre.com.ar\/noticias\/#\/schema\/person\/image\/\",\"url\":\"https:\/\/web.consaguirre.com.ar\/noticias\/wp-content\/uploads\/2024\/08\/Consaguirre-scaled.jpg\",\"contentUrl\":\"https:\/\/web.consaguirre.com.ar\/noticias\/wp-content\/uploads\/2024\/08\/Consaguirre-scaled.jpg\",\"caption\":\"Javier Figueroa\"},\"description\":\"Me llamo Javier Figueroa y soy redactor para el sitio oficial del Conservatorio de M\u00fasica Juli\u00e1n Aguirre en Buenos Aires, consaguirre.com. Apasionado por la m\u00fasica y la escritura, me esfuerzo por destacar los talentos y eventos de nuestra prestigiosa instituci\u00f3n. Mi trayectoria se nutre de una profunda admiraci\u00f3n por los artistas, haciendo de cada art\u00edculo una celebraci\u00f3n de la creatividad y la cultura musical.\",\"sameAs\":[\"https:\/\/web.consaguirre.com.ar\/noticias\"]}]}<\/script>\n<!-- \/ Yoast SEO plugin. -->","yoast_head_json":{"title":"'Let's Face' It de The Mighty Mighty Bosstones obtiene una reedici\u00f3n en vinilo remasterizada","robots":{"index":"index","follow":"follow","max-snippet":"max-snippet:-1","max-image-preview":"max-image-preview:large","max-video-preview":"max-video-preview:-1"},"canonical":"https:\/\/web.consaguirre.com.ar\/noticias\/lets-face-it-de-the-mighty-mighty-bosstones-obtiene-una-reedicion-en-vinilo-remasterizada\/","og_locale":"es_ES","og_type":"article","og_title":"'Let's Face' It de The Mighty Mighty Bosstones obtiene una reedici\u00f3n en vinilo remasterizada","og_description":"El \u00e1lbum de platino Seamos realistas de las leyendas del ska punk de Boston, The Mighty Mighty Bosstones, regresa al vinilo. Lanzado originalmente en 1997,","og_url":"https:\/\/web.consaguirre.com.ar\/noticias\/lets-face-it-de-the-mighty-mighty-bosstones-obtiene-una-reedicion-en-vinilo-remasterizada\/","og_site_name":"Conservatorio de M\u00fasica Juli\u00e1n Aguirre","article_published_time":"2025-12-19T23:38:42+00:00","article_modified_time":"2025-12-19T23:38:43+00:00","og_image":[{"width":820,"height":820,"url":"https:\/\/web.consaguirre.com.ar\/noticias\/wp-content\/uploads\/2025\/12\/Lets-Face-It-de-The-Mighty-Mighty-Bosstones-obtiene-una.jpg","type":"image\/jpeg"}],"author":"Javier Figueroa","twitter_card":"summary_large_image","twitter_misc":{"Escrito por":"Javier Figueroa","Tiempo de lectura":"1 minuto"},"schema":{"@context":"https:\/\/schema.org","@graph":[{"@type":"Article","@id":"https:\/\/web.consaguirre.com.ar\/noticias\/lets-face-it-de-the-mighty-mighty-bosstones-obtiene-una-reedicion-en-vinilo-remasterizada\/#article","isPartOf":{"@id":"https:\/\/web.consaguirre.com.ar\/noticias\/lets-face-it-de-the-mighty-mighty-bosstones-obtiene-una-reedicion-en-vinilo-remasterizada\/"},"author":{"name":"Javier Figueroa","@id":"https:\/\/web.consaguirre.com.ar\/noticias\/#\/schema\/person\/6558b0cfedee7ddc5425602b237d5722"},"headline":"&#8216;Let&#8217;s Face&#8217; It de The Mighty Mighty Bosstones obtiene una reedici\u00f3n en vinilo remasterizada","datePublished":"2025-12-19T23:38:42+00:00","dateModified":"2025-12-19T23:38:43+00:00","mainEntityOfPage":{"@id":"https:\/\/web.consaguirre.com.ar\/noticias\/lets-face-it-de-the-mighty-mighty-bosstones-obtiene-una-reedicion-en-vinilo-remasterizada\/"},"wordCount":300,"publisher":{"@id":"https:\/\/web.consaguirre.com.ar\/noticias\/#organization"},"image":{"@id":"https:\/\/web.consaguirre.com.ar\/noticias\/lets-face-it-de-the-mighty-mighty-bosstones-obtiene-una-reedicion-en-vinilo-remasterizada\/#primaryimage"},"thumbnailUrl":"https:\/\/web.consaguirre.com.ar\/noticias\/wp-content\/uploads\/2025\/12\/Lets-Face-It-de-The-Mighty-Mighty-Bosstones-obtiene-una.jpg","keywords":["Bosstones","Face","Lets","Mighty","obtiene","reedici\u00f3n","remasterizada","una","vinilo"],"articleSection":["El \u00faltimo"],"inLanguage":"es-AR"},{"@type":"WebPage","@id":"https:\/\/web.consaguirre.com.ar\/noticias\/lets-face-it-de-the-mighty-mighty-bosstones-obtiene-una-reedicion-en-vinilo-remasterizada\/","url":"https:\/\/web.consaguirre.com.ar\/noticias\/lets-face-it-de-the-mighty-mighty-bosstones-obtiene-una-reedicion-en-vinilo-remasterizada\/","name":"'Let's Face' It de The Mighty Mighty Bosstones obtiene una reedici\u00f3n en vinilo remasterizada","isPartOf":{"@id":"https:\/\/web.consaguirre.com.ar\/noticias\/#website"},"primaryImageOfPage":{"@id":"https:\/\/web.consaguirre.com.ar\/noticias\/lets-face-it-de-the-mighty-mighty-bosstones-obtiene-una-reedicion-en-vinilo-remasterizada\/#primaryimage"},"image":{"@id":"https:\/\/web.consaguirre.com.ar\/noticias\/lets-face-it-de-the-mighty-mighty-bosstones-obtiene-una-reedicion-en-vinilo-remasterizada\/#primaryimage"},"thumbnailUrl":"https:\/\/web.consaguirre.com.ar\/noticias\/wp-content\/uploads\/2025\/12\/Lets-Face-It-de-The-Mighty-Mighty-Bosstones-obtiene-una.jpg","datePublished":"2025-12-19T23:38:42+00:00","dateModified":"2025-12-19T23:38:43+00:00","breadcrumb":{"@id":"https:\/\/web.consaguirre.com.ar\/noticias\/lets-face-it-de-the-mighty-mighty-bosstones-obtiene-una-reedicion-en-vinilo-remasterizada\/#breadcrumb"},"inLanguage":"es-AR","potentialAction":[{"@type":"ReadAction","target":["https:\/\/web.consaguirre.com.ar\/noticias\/lets-face-it-de-the-mighty-mighty-bosstones-obtiene-una-reedicion-en-vinilo-remasterizada\/"]}]},{"@type":"ImageObject","inLanguage":"es-AR","@id":"https:\/\/web.consaguirre.com.ar\/noticias\/lets-face-it-de-the-mighty-mighty-bosstones-obtiene-una-reedicion-en-vinilo-remasterizada\/#primaryimage","url":"https:\/\/web.consaguirre.com.ar\/noticias\/wp-content\/uploads\/2025\/12\/Lets-Face-It-de-The-Mighty-Mighty-Bosstones-obtiene-una.jpg","contentUrl":"https:\/\/web.consaguirre.com.ar\/noticias\/wp-content\/uploads\/2025\/12\/Lets-Face-It-de-The-Mighty-Mighty-Bosstones-obtiene-una.jpg","width":820,"height":820,"caption":"'Let's Face' It de The Mighty Mighty Bosstones obtiene una reedici\u00f3n en vinilo remasterizada"},{"@type":"BreadcrumbList","@id":"https:\/\/web.consaguirre.com.ar\/noticias\/lets-face-it-de-the-mighty-mighty-bosstones-obtiene-una-reedicion-en-vinilo-remasterizada\/#breadcrumb","itemListElement":[{"@type":"ListItem","position":1,"name":"Inicio","item":"https:\/\/web.consaguirre.com.ar\/noticias\/"},{"@type":"ListItem","position":2,"name":"&#8216;Let&#8217;s Face&#8217; It de The Mighty Mighty Bosstones obtiene una reedici\u00f3n en vinilo remasterizada"}]},{"@type":"WebSite","@id":"https:\/\/web.consaguirre.com.ar\/noticias\/#website","url":"https:\/\/web.consaguirre.com.ar\/noticias\/","name":"Conservatorio de M\u00fasica Juli\u00e1n Aguirre","description":"","publisher":{"@id":"https:\/\/web.consaguirre.com.ar\/noticias\/#organization"},"potentialAction":[{"@type":"SearchAction","target":{"@type":"EntryPoint","urlTemplate":"https:\/\/web.consaguirre.com.ar\/noticias\/?s={search_term_string}"},"query-input":"required name=search_term_string"}],"inLanguage":"es-AR"},{"@type":"Organization","@id":"https:\/\/web.consaguirre.com.ar\/noticias\/#organization","name":"Conservatorio de M\u00fasica Juli\u00e1n Aguirre","url":"https:\/\/web.consaguirre.com.ar\/noticias\/","logo":{"@type":"ImageObject","inLanguage":"es-AR","@id":"https:\/\/web.consaguirre.com.ar\/noticias\/#\/schema\/logo\/image\/","url":"https:\/\/web.consaguirre.com.ar\/noticias\/wp-content\/uploads\/2024\/08\/Banner-Aguirre-23.jpg","contentUrl":"https:\/\/web.consaguirre.com.ar\/noticias\/wp-content\/uploads\/2024\/08\/Banner-Aguirre-23.jpg","width":1192,"height":600,"caption":"Conservatorio de M\u00fasica Juli\u00e1n Aguirre"},"image":{"@id":"https:\/\/web.consaguirre.com.ar\/noticias\/#\/schema\/logo\/image\/"}},{"@type":"Person","@id":"https:\/\/web.consaguirre.com.ar\/noticias\/#\/schema\/person\/6558b0cfedee7ddc5425602b237d5722","name":"Javier Figueroa","image":{"@type":"ImageObject","inLanguage":"es-AR","@id":"https:\/\/web.consaguirre.com.ar\/noticias\/#\/schema\/person\/image\/","url":"https:\/\/web.consaguirre.com.ar\/noticias\/wp-content\/uploads\/2024\/08\/Consaguirre-scaled.jpg","contentUrl":"https:\/\/web.consaguirre.com.ar\/noticias\/wp-content\/uploads\/2024\/08\/Consaguirre-scaled.jpg","caption":"Javier Figueroa"},"description":"Me llamo Javier Figueroa y soy redactor para el sitio oficial del Conservatorio de M\u00fasica Juli\u00e1n Aguirre en Buenos Aires, consaguirre.com. Apasionado por la m\u00fasica y la escritura, me esfuerzo por destacar los talentos y eventos de nuestra prestigiosa instituci\u00f3n. Mi trayectoria se nutre de una profunda admiraci\u00f3n por los artistas, haciendo de cada art\u00edculo una celebraci\u00f3n de la creatividad y la cultura musical.","sameAs":["https:\/\/web.consaguirre.com.ar\/noticias"]}]}},"_links":{"self":[{"href":"https:\/\/web.consaguirre.com.ar\/noticias\/wp-json\/wp\/v2\/posts\/4675"}],"collection":[{"href":"https:\/\/web.consaguirre.com.ar\/noticias\/wp-json\/wp\/v2\/posts"}],"about":[{"href":"https:\/\/web.consaguirre.com.ar\/noticias\/wp-json\/wp\/v2\/types\/post"}],"author":[{"embeddable":true,"href":"https:\/\/web.consaguirre.com.ar\/noticias\/wp-json\/wp\/v2\/users\/1"}],"replies":[{"embeddable":true,"href":"https:\/\/web.consaguirre.com.ar\/noticias\/wp-json\/wp\/v2\/comments?post=4675"}],"version-history":[{"count":1,"href":"https:\/\/web.consaguirre.com.ar\/noticias\/wp-json\/wp\/v2\/posts\/4675\/revisions"}],"predecessor-version":[{"id":4677,"href":"https:\/\/web.consaguirre.com.ar\/noticias\/wp-json\/wp\/v2\/posts\/4675\/revisions\/4677"}],"wp:featuredmedia":[{"embeddable":true,"href":"https:\/\/web.consaguirre.com.ar\/noticias\/wp-json\/wp\/v2\/media\/4676"}],"wp:attachment":[{"href":"https:\/\/web.consaguirre.com.ar\/noticias\/wp-json\/wp\/v2\/media?parent=4675"}],"wp:term":[{"taxonomy":"category","embeddable":true,"href":"https:\/\/web.consaguirre.com.ar\/noticias\/wp-json\/wp\/v2\/categories?post=4675"},{"taxonomy":"post_tag","embeddable":true,"href":"https:\/\/web.consaguirre.com.ar\/noticias\/wp-json\/wp\/v2\/tags?post=4675"}],"curies":[{"name":"wp","href":"https:\/\/api.w.org\/{rel}","templated":true}]}}