{"id":4673,"date":"2025-12-19T17:38:15","date_gmt":"2025-12-19T20:38:15","guid":{"rendered":"https:\/\/web.consaguirre.com.ar\/noticias\/la-serie-de-videos-mr-bad-guy-de-freddie-mercury-estrena-el-episodio-final\/"},"modified":"2025-12-19T17:38:16","modified_gmt":"2025-12-19T20:38:16","slug":"la-serie-de-videos-mr-bad-guy-de-freddie-mercury-estrena-el-episodio-final","status":"publish","type":"post","link":"https:\/\/web.consaguirre.com.ar\/noticias\/la-serie-de-videos-mr-bad-guy-de-freddie-mercury-estrena-el-episodio-final\/","title":{"rendered":"La serie de v\u00eddeos Mr. Bad Guy de Freddie Mercury estrena el episodio final"},"content":{"rendered":"<p>La conclusi\u00f3n de un documental de tres partes que conmemora el 40 aniversario del \u00e1lbum debut de Freddie Mercury <em>Sr. chico malo<\/em> se estren\u00f3 hoy en el canal oficial de YouTube del fallecido l\u00edder de Queen.<\/p>\n<p>Publicado originalmente en abril de 1985, <em>Sr. chico malo<\/em> produjo cuatro sencillos, incluido \u201cLiving On My Own\u201d, que encabez\u00f3 las listas del Reino Unido, y logr\u00f3 el \u00e9xito en el Top 10. Ya est\u00e1 disponible una reedici\u00f3n especial del disco por el 40\u00ba aniversario.<\/p>\n<p>Esta \u00faltima entrega de la serie de tres partes revisita una famosa entrevista que el periodista David Wigg realiz\u00f3 en 1985 con el Mercury en Munich. En el transcurso de la conversaci\u00f3n, hablaron con franqueza sobre las relaciones de Mercury, el arte y la soledad de su vida en la carretera. Al reflexionar sobre la escritura de \u201cLiving On My Own\u201d, Mercury not\u00f3 c\u00f3mo la inspiraci\u00f3n para la canci\u00f3n provino de su propio estilo de vida transitorio de giras constantes.<\/p>\n<div class=\"uD-YT-container\"><img decoding=\"async\" src=\"https:\/\/web.consaguirre.com.ar\/noticias\/wp-content\/uploads\/2025\/12\/La-serie-de-videos-Mr-Bad-Guy-de-Freddie-Mercury.jpg\" alt=\"V\u00eddeo de YouTube\"><br \/>Haga clic para cargar v\u00eddeo<\/div>\n<p>&#8220;Creo que es una colecci\u00f3n de canciones que parecen encajar&#8221;, reflexion\u00f3 Mercury. <em>Sr. chico malo<\/em>. \u201cY para m\u00ed no podr\u00eda elegir una canci\u00f3n porque, en este momento, parece que cada d\u00eda me gusta una canci\u00f3n diferente\u201d.<\/p>\n<p>La conversaci\u00f3n tambi\u00e9n explor\u00f3 <em>Sr. chico malo<\/em>La portada del \u00e1lbum, que presenta a Mercury con gafas de aviador y una camiseta blanca sin mangas, luce, en sus propias palabras, &#8220;muy marimacho&#8221;. Aunque la entrevista destac\u00f3 el ingenio y el humor caracter\u00edsticos de Mercury, tambi\u00e9n abord\u00f3 algunos temas m\u00e1s complicados, espec\u00edficamente la relaci\u00f3n de Mercury con el amor. Le dijo a Zwigg: &#8220;No soy un muy buen compa\u00f1ero para nadie. Y creo que quiz\u00e1s eso sea mi amor, creo que mi amor es peligroso. Pero \u00bfqui\u00e9n quiere que su amor est\u00e9 a salvo?&#8221;.<\/p>\n<p>Los episodios anteriores de la serie tambi\u00e9n exploraron entrevistas de la campa\u00f1a promocional original del disco, combinando viejos videoclips musicales con conversaciones de archivo.<\/p>\n<p>Ordene el 40 aniversario de Freddie Mercury <em>Se\u00f1or chico malo<\/em> ahora.<\/p>\n","protected":false},"excerpt":{"rendered":"<p>La conclusi\u00f3n de un documental de tres partes que conmemora el 40 aniversario del \u00e1lbum debut de Freddie Mercury Sr. chico malo se estren\u00f3 hoy<\/p>\n","protected":false},"author":1,"featured_media":4300,"comment_status":"closed","ping_status":"","sticky":false,"template":"","format":"standard","meta":{"footnotes":""},"categories":[50],"tags":[939,488,428,1246,2442,2430,1264,220,221],"class_list":["post-4673","post","type-post","status-publish","format-standard","has-post-thumbnail","hentry","category-el-ultimo","tag-bad","tag-episodio","tag-estrena","tag-final","tag-freddie","tag-guy","tag-mercury","tag-serie","tag-videos","generate-columns","tablet-grid-50","mobile-grid-100","grid-parent","grid-50"],"yoast_head":"<!-- This site is optimized with the Yoast SEO plugin v23.3 - https:\/\/yoast.com\/wordpress\/plugins\/seo\/ -->\n<title>La serie de v\u00eddeos Mr. Bad Guy de Freddie Mercury estrena el episodio final<\/title>\n<meta name=\"robots\" content=\"index, follow, max-snippet:-1, max-image-preview:large, max-video-preview:-1\" \/>\n<link rel=\"canonical\" href=\"https:\/\/web.consaguirre.com.ar\/noticias\/la-serie-de-videos-mr-bad-guy-de-freddie-mercury-estrena-el-episodio-final\/\" \/>\n<meta property=\"og:locale\" content=\"es_ES\" \/>\n<meta property=\"og:type\" content=\"article\" \/>\n<meta property=\"og:title\" content=\"La serie de v\u00eddeos Mr. Bad Guy de Freddie Mercury estrena el episodio final\" \/>\n<meta property=\"og:description\" content=\"La conclusi\u00f3n de un documental de tres partes que conmemora el 40 aniversario del \u00e1lbum debut de Freddie Mercury Sr. chico malo se estren\u00f3 hoy\" \/>\n<meta property=\"og:url\" content=\"https:\/\/web.consaguirre.com.ar\/noticias\/la-serie-de-videos-mr-bad-guy-de-freddie-mercury-estrena-el-episodio-final\/\" \/>\n<meta property=\"og:site_name\" content=\"Conservatorio de M\u00fasica Juli\u00e1n Aguirre\" \/>\n<meta property=\"article:published_time\" content=\"2025-12-19T20:38:15+00:00\" \/>\n<meta property=\"article:modified_time\" content=\"2025-12-19T20:38:16+00:00\" \/>\n<meta property=\"og:image\" content=\"https:\/\/web.consaguirre.com.ar\/noticias\/wp-content\/uploads\/2025\/11\/El-album-debut-en-solitario-de-Freddie-Mercury-Mr-Bad.jpg\" \/>\n\t<meta property=\"og:image:width\" content=\"1280\" \/>\n\t<meta property=\"og:image:height\" content=\"1280\" \/>\n\t<meta property=\"og:image:type\" content=\"image\/jpeg\" \/>\n<meta name=\"author\" content=\"Javier Figueroa\" \/>\n<meta name=\"twitter:card\" content=\"summary_large_image\" \/>\n<meta name=\"twitter:label1\" content=\"Escrito por\" \/>\n\t<meta name=\"twitter:data1\" content=\"Javier Figueroa\" \/>\n\t<meta name=\"twitter:label2\" content=\"Tiempo de lectura\" \/>\n\t<meta name=\"twitter:data2\" content=\"2 minutos\" \/>\n<script type=\"application\/ld+json\" class=\"yoast-schema-graph\">{\"@context\":\"https:\/\/schema.org\",\"@graph\":[{\"@type\":\"Article\",\"@id\":\"https:\/\/web.consaguirre.com.ar\/noticias\/la-serie-de-videos-mr-bad-guy-de-freddie-mercury-estrena-el-episodio-final\/#article\",\"isPartOf\":{\"@id\":\"https:\/\/web.consaguirre.com.ar\/noticias\/la-serie-de-videos-mr-bad-guy-de-freddie-mercury-estrena-el-episodio-final\/\"},\"author\":{\"name\":\"Javier Figueroa\",\"@id\":\"https:\/\/web.consaguirre.com.ar\/noticias\/#\/schema\/person\/6558b0cfedee7ddc5425602b237d5722\"},\"headline\":\"La serie de v\u00eddeos Mr. Bad Guy de Freddie Mercury estrena el episodio final\",\"datePublished\":\"2025-12-19T20:38:15+00:00\",\"dateModified\":\"2025-12-19T20:38:16+00:00\",\"mainEntityOfPage\":{\"@id\":\"https:\/\/web.consaguirre.com.ar\/noticias\/la-serie-de-videos-mr-bad-guy-de-freddie-mercury-estrena-el-episodio-final\/\"},\"wordCount\":363,\"publisher\":{\"@id\":\"https:\/\/web.consaguirre.com.ar\/noticias\/#organization\"},\"image\":{\"@id\":\"https:\/\/web.consaguirre.com.ar\/noticias\/la-serie-de-videos-mr-bad-guy-de-freddie-mercury-estrena-el-episodio-final\/#primaryimage\"},\"thumbnailUrl\":\"https:\/\/web.consaguirre.com.ar\/noticias\/wp-content\/uploads\/2025\/11\/El-album-debut-en-solitario-de-Freddie-Mercury-Mr-Bad.jpg\",\"keywords\":[\"Bad\",\"episodio\",\"estrena\",\"final\",\"Freddie\",\"Guy\",\"Mercury\",\"serie\",\"videos\"],\"articleSection\":[\"El \u00faltimo\"],\"inLanguage\":\"es-AR\"},{\"@type\":\"WebPage\",\"@id\":\"https:\/\/web.consaguirre.com.ar\/noticias\/la-serie-de-videos-mr-bad-guy-de-freddie-mercury-estrena-el-episodio-final\/\",\"url\":\"https:\/\/web.consaguirre.com.ar\/noticias\/la-serie-de-videos-mr-bad-guy-de-freddie-mercury-estrena-el-episodio-final\/\",\"name\":\"La serie de v\u00eddeos Mr. Bad Guy de Freddie Mercury estrena el episodio final\",\"isPartOf\":{\"@id\":\"https:\/\/web.consaguirre.com.ar\/noticias\/#website\"},\"primaryImageOfPage\":{\"@id\":\"https:\/\/web.consaguirre.com.ar\/noticias\/la-serie-de-videos-mr-bad-guy-de-freddie-mercury-estrena-el-episodio-final\/#primaryimage\"},\"image\":{\"@id\":\"https:\/\/web.consaguirre.com.ar\/noticias\/la-serie-de-videos-mr-bad-guy-de-freddie-mercury-estrena-el-episodio-final\/#primaryimage\"},\"thumbnailUrl\":\"https:\/\/web.consaguirre.com.ar\/noticias\/wp-content\/uploads\/2025\/11\/El-album-debut-en-solitario-de-Freddie-Mercury-Mr-Bad.jpg\",\"datePublished\":\"2025-12-19T20:38:15+00:00\",\"dateModified\":\"2025-12-19T20:38:16+00:00\",\"breadcrumb\":{\"@id\":\"https:\/\/web.consaguirre.com.ar\/noticias\/la-serie-de-videos-mr-bad-guy-de-freddie-mercury-estrena-el-episodio-final\/#breadcrumb\"},\"inLanguage\":\"es-AR\",\"potentialAction\":[{\"@type\":\"ReadAction\",\"target\":[\"https:\/\/web.consaguirre.com.ar\/noticias\/la-serie-de-videos-mr-bad-guy-de-freddie-mercury-estrena-el-episodio-final\/\"]}]},{\"@type\":\"ImageObject\",\"inLanguage\":\"es-AR\",\"@id\":\"https:\/\/web.consaguirre.com.ar\/noticias\/la-serie-de-videos-mr-bad-guy-de-freddie-mercury-estrena-el-episodio-final\/#primaryimage\",\"url\":\"https:\/\/web.consaguirre.com.ar\/noticias\/wp-content\/uploads\/2025\/11\/El-album-debut-en-solitario-de-Freddie-Mercury-Mr-Bad.jpg\",\"contentUrl\":\"https:\/\/web.consaguirre.com.ar\/noticias\/wp-content\/uploads\/2025\/11\/El-album-debut-en-solitario-de-Freddie-Mercury-Mr-Bad.jpg\",\"width\":1280,\"height\":1280,\"caption\":\"El \u00e1lbum debut en solitario de Freddie Mercury, 'Mr Bad Guy', obtiene una reedici\u00f3n especial en vinilo por su 40 aniversario\"},{\"@type\":\"BreadcrumbList\",\"@id\":\"https:\/\/web.consaguirre.com.ar\/noticias\/la-serie-de-videos-mr-bad-guy-de-freddie-mercury-estrena-el-episodio-final\/#breadcrumb\",\"itemListElement\":[{\"@type\":\"ListItem\",\"position\":1,\"name\":\"Inicio\",\"item\":\"https:\/\/web.consaguirre.com.ar\/noticias\/\"},{\"@type\":\"ListItem\",\"position\":2,\"name\":\"La serie de v\u00eddeos Mr. Bad Guy de Freddie Mercury estrena el episodio final\"}]},{\"@type\":\"WebSite\",\"@id\":\"https:\/\/web.consaguirre.com.ar\/noticias\/#website\",\"url\":\"https:\/\/web.consaguirre.com.ar\/noticias\/\",\"name\":\"Conservatorio de M\u00fasica Juli\u00e1n Aguirre\",\"description\":\"\",\"publisher\":{\"@id\":\"https:\/\/web.consaguirre.com.ar\/noticias\/#organization\"},\"potentialAction\":[{\"@type\":\"SearchAction\",\"target\":{\"@type\":\"EntryPoint\",\"urlTemplate\":\"https:\/\/web.consaguirre.com.ar\/noticias\/?s={search_term_string}\"},\"query-input\":\"required name=search_term_string\"}],\"inLanguage\":\"es-AR\"},{\"@type\":\"Organization\",\"@id\":\"https:\/\/web.consaguirre.com.ar\/noticias\/#organization\",\"name\":\"Conservatorio de M\u00fasica Juli\u00e1n Aguirre\",\"url\":\"https:\/\/web.consaguirre.com.ar\/noticias\/\",\"logo\":{\"@type\":\"ImageObject\",\"inLanguage\":\"es-AR\",\"@id\":\"https:\/\/web.consaguirre.com.ar\/noticias\/#\/schema\/logo\/image\/\",\"url\":\"https:\/\/web.consaguirre.com.ar\/noticias\/wp-content\/uploads\/2024\/08\/Banner-Aguirre-23.jpg\",\"contentUrl\":\"https:\/\/web.consaguirre.com.ar\/noticias\/wp-content\/uploads\/2024\/08\/Banner-Aguirre-23.jpg\",\"width\":1192,\"height\":600,\"caption\":\"Conservatorio de M\u00fasica Juli\u00e1n Aguirre\"},\"image\":{\"@id\":\"https:\/\/web.consaguirre.com.ar\/noticias\/#\/schema\/logo\/image\/\"}},{\"@type\":\"Person\",\"@id\":\"https:\/\/web.consaguirre.com.ar\/noticias\/#\/schema\/person\/6558b0cfedee7ddc5425602b237d5722\",\"name\":\"Javier Figueroa\",\"image\":{\"@type\":\"ImageObject\",\"inLanguage\":\"es-AR\",\"@id\":\"https:\/\/web.consaguirre.com.ar\/noticias\/#\/schema\/person\/image\/\",\"url\":\"https:\/\/web.consaguirre.com.ar\/noticias\/wp-content\/uploads\/2024\/08\/Consaguirre-scaled.jpg\",\"contentUrl\":\"https:\/\/web.consaguirre.com.ar\/noticias\/wp-content\/uploads\/2024\/08\/Consaguirre-scaled.jpg\",\"caption\":\"Javier Figueroa\"},\"description\":\"Me llamo Javier Figueroa y soy redactor para el sitio oficial del Conservatorio de M\u00fasica Juli\u00e1n Aguirre en Buenos Aires, consaguirre.com. Apasionado por la m\u00fasica y la escritura, me esfuerzo por destacar los talentos y eventos de nuestra prestigiosa instituci\u00f3n. Mi trayectoria se nutre de una profunda admiraci\u00f3n por los artistas, haciendo de cada art\u00edculo una celebraci\u00f3n de la creatividad y la cultura musical.\",\"sameAs\":[\"https:\/\/web.consaguirre.com.ar\/noticias\"]}]}<\/script>\n<!-- \/ Yoast SEO plugin. -->","yoast_head_json":{"title":"La serie de v\u00eddeos Mr. Bad Guy de Freddie Mercury estrena el episodio final","robots":{"index":"index","follow":"follow","max-snippet":"max-snippet:-1","max-image-preview":"max-image-preview:large","max-video-preview":"max-video-preview:-1"},"canonical":"https:\/\/web.consaguirre.com.ar\/noticias\/la-serie-de-videos-mr-bad-guy-de-freddie-mercury-estrena-el-episodio-final\/","og_locale":"es_ES","og_type":"article","og_title":"La serie de v\u00eddeos Mr. Bad Guy de Freddie Mercury estrena el episodio final","og_description":"La conclusi\u00f3n de un documental de tres partes que conmemora el 40 aniversario del \u00e1lbum debut de Freddie Mercury Sr. chico malo se estren\u00f3 hoy","og_url":"https:\/\/web.consaguirre.com.ar\/noticias\/la-serie-de-videos-mr-bad-guy-de-freddie-mercury-estrena-el-episodio-final\/","og_site_name":"Conservatorio de M\u00fasica Juli\u00e1n Aguirre","article_published_time":"2025-12-19T20:38:15+00:00","article_modified_time":"2025-12-19T20:38:16+00:00","og_image":[{"width":1280,"height":1280,"url":"https:\/\/web.consaguirre.com.ar\/noticias\/wp-content\/uploads\/2025\/11\/El-album-debut-en-solitario-de-Freddie-Mercury-Mr-Bad.jpg","type":"image\/jpeg"}],"author":"Javier Figueroa","twitter_card":"summary_large_image","twitter_misc":{"Escrito por":"Javier Figueroa","Tiempo de lectura":"2 minutos"},"schema":{"@context":"https:\/\/schema.org","@graph":[{"@type":"Article","@id":"https:\/\/web.consaguirre.com.ar\/noticias\/la-serie-de-videos-mr-bad-guy-de-freddie-mercury-estrena-el-episodio-final\/#article","isPartOf":{"@id":"https:\/\/web.consaguirre.com.ar\/noticias\/la-serie-de-videos-mr-bad-guy-de-freddie-mercury-estrena-el-episodio-final\/"},"author":{"name":"Javier Figueroa","@id":"https:\/\/web.consaguirre.com.ar\/noticias\/#\/schema\/person\/6558b0cfedee7ddc5425602b237d5722"},"headline":"La serie de v\u00eddeos Mr. Bad Guy de Freddie Mercury estrena el episodio final","datePublished":"2025-12-19T20:38:15+00:00","dateModified":"2025-12-19T20:38:16+00:00","mainEntityOfPage":{"@id":"https:\/\/web.consaguirre.com.ar\/noticias\/la-serie-de-videos-mr-bad-guy-de-freddie-mercury-estrena-el-episodio-final\/"},"wordCount":363,"publisher":{"@id":"https:\/\/web.consaguirre.com.ar\/noticias\/#organization"},"image":{"@id":"https:\/\/web.consaguirre.com.ar\/noticias\/la-serie-de-videos-mr-bad-guy-de-freddie-mercury-estrena-el-episodio-final\/#primaryimage"},"thumbnailUrl":"https:\/\/web.consaguirre.com.ar\/noticias\/wp-content\/uploads\/2025\/11\/El-album-debut-en-solitario-de-Freddie-Mercury-Mr-Bad.jpg","keywords":["Bad","episodio","estrena","final","Freddie","Guy","Mercury","serie","videos"],"articleSection":["El \u00faltimo"],"inLanguage":"es-AR"},{"@type":"WebPage","@id":"https:\/\/web.consaguirre.com.ar\/noticias\/la-serie-de-videos-mr-bad-guy-de-freddie-mercury-estrena-el-episodio-final\/","url":"https:\/\/web.consaguirre.com.ar\/noticias\/la-serie-de-videos-mr-bad-guy-de-freddie-mercury-estrena-el-episodio-final\/","name":"La serie de v\u00eddeos Mr. Bad Guy de Freddie Mercury estrena el episodio final","isPartOf":{"@id":"https:\/\/web.consaguirre.com.ar\/noticias\/#website"},"primaryImageOfPage":{"@id":"https:\/\/web.consaguirre.com.ar\/noticias\/la-serie-de-videos-mr-bad-guy-de-freddie-mercury-estrena-el-episodio-final\/#primaryimage"},"image":{"@id":"https:\/\/web.consaguirre.com.ar\/noticias\/la-serie-de-videos-mr-bad-guy-de-freddie-mercury-estrena-el-episodio-final\/#primaryimage"},"thumbnailUrl":"https:\/\/web.consaguirre.com.ar\/noticias\/wp-content\/uploads\/2025\/11\/El-album-debut-en-solitario-de-Freddie-Mercury-Mr-Bad.jpg","datePublished":"2025-12-19T20:38:15+00:00","dateModified":"2025-12-19T20:38:16+00:00","breadcrumb":{"@id":"https:\/\/web.consaguirre.com.ar\/noticias\/la-serie-de-videos-mr-bad-guy-de-freddie-mercury-estrena-el-episodio-final\/#breadcrumb"},"inLanguage":"es-AR","potentialAction":[{"@type":"ReadAction","target":["https:\/\/web.consaguirre.com.ar\/noticias\/la-serie-de-videos-mr-bad-guy-de-freddie-mercury-estrena-el-episodio-final\/"]}]},{"@type":"ImageObject","inLanguage":"es-AR","@id":"https:\/\/web.consaguirre.com.ar\/noticias\/la-serie-de-videos-mr-bad-guy-de-freddie-mercury-estrena-el-episodio-final\/#primaryimage","url":"https:\/\/web.consaguirre.com.ar\/noticias\/wp-content\/uploads\/2025\/11\/El-album-debut-en-solitario-de-Freddie-Mercury-Mr-Bad.jpg","contentUrl":"https:\/\/web.consaguirre.com.ar\/noticias\/wp-content\/uploads\/2025\/11\/El-album-debut-en-solitario-de-Freddie-Mercury-Mr-Bad.jpg","width":1280,"height":1280,"caption":"El \u00e1lbum debut en solitario de Freddie Mercury, 'Mr Bad Guy', obtiene una reedici\u00f3n especial en vinilo por su 40 aniversario"},{"@type":"BreadcrumbList","@id":"https:\/\/web.consaguirre.com.ar\/noticias\/la-serie-de-videos-mr-bad-guy-de-freddie-mercury-estrena-el-episodio-final\/#breadcrumb","itemListElement":[{"@type":"ListItem","position":1,"name":"Inicio","item":"https:\/\/web.consaguirre.com.ar\/noticias\/"},{"@type":"ListItem","position":2,"name":"La serie de v\u00eddeos Mr. Bad Guy de Freddie Mercury estrena el episodio final"}]},{"@type":"WebSite","@id":"https:\/\/web.consaguirre.com.ar\/noticias\/#website","url":"https:\/\/web.consaguirre.com.ar\/noticias\/","name":"Conservatorio de M\u00fasica Juli\u00e1n Aguirre","description":"","publisher":{"@id":"https:\/\/web.consaguirre.com.ar\/noticias\/#organization"},"potentialAction":[{"@type":"SearchAction","target":{"@type":"EntryPoint","urlTemplate":"https:\/\/web.consaguirre.com.ar\/noticias\/?s={search_term_string}"},"query-input":"required name=search_term_string"}],"inLanguage":"es-AR"},{"@type":"Organization","@id":"https:\/\/web.consaguirre.com.ar\/noticias\/#organization","name":"Conservatorio de M\u00fasica Juli\u00e1n Aguirre","url":"https:\/\/web.consaguirre.com.ar\/noticias\/","logo":{"@type":"ImageObject","inLanguage":"es-AR","@id":"https:\/\/web.consaguirre.com.ar\/noticias\/#\/schema\/logo\/image\/","url":"https:\/\/web.consaguirre.com.ar\/noticias\/wp-content\/uploads\/2024\/08\/Banner-Aguirre-23.jpg","contentUrl":"https:\/\/web.consaguirre.com.ar\/noticias\/wp-content\/uploads\/2024\/08\/Banner-Aguirre-23.jpg","width":1192,"height":600,"caption":"Conservatorio de M\u00fasica Juli\u00e1n Aguirre"},"image":{"@id":"https:\/\/web.consaguirre.com.ar\/noticias\/#\/schema\/logo\/image\/"}},{"@type":"Person","@id":"https:\/\/web.consaguirre.com.ar\/noticias\/#\/schema\/person\/6558b0cfedee7ddc5425602b237d5722","name":"Javier Figueroa","image":{"@type":"ImageObject","inLanguage":"es-AR","@id":"https:\/\/web.consaguirre.com.ar\/noticias\/#\/schema\/person\/image\/","url":"https:\/\/web.consaguirre.com.ar\/noticias\/wp-content\/uploads\/2024\/08\/Consaguirre-scaled.jpg","contentUrl":"https:\/\/web.consaguirre.com.ar\/noticias\/wp-content\/uploads\/2024\/08\/Consaguirre-scaled.jpg","caption":"Javier Figueroa"},"description":"Me llamo Javier Figueroa y soy redactor para el sitio oficial del Conservatorio de M\u00fasica Juli\u00e1n Aguirre en Buenos Aires, consaguirre.com. Apasionado por la m\u00fasica y la escritura, me esfuerzo por destacar los talentos y eventos de nuestra prestigiosa instituci\u00f3n. Mi trayectoria se nutre de una profunda admiraci\u00f3n por los artistas, haciendo de cada art\u00edculo una celebraci\u00f3n de la creatividad y la cultura musical.","sameAs":["https:\/\/web.consaguirre.com.ar\/noticias"]}]}},"_links":{"self":[{"href":"https:\/\/web.consaguirre.com.ar\/noticias\/wp-json\/wp\/v2\/posts\/4673"}],"collection":[{"href":"https:\/\/web.consaguirre.com.ar\/noticias\/wp-json\/wp\/v2\/posts"}],"about":[{"href":"https:\/\/web.consaguirre.com.ar\/noticias\/wp-json\/wp\/v2\/types\/post"}],"author":[{"embeddable":true,"href":"https:\/\/web.consaguirre.com.ar\/noticias\/wp-json\/wp\/v2\/users\/1"}],"replies":[{"embeddable":true,"href":"https:\/\/web.consaguirre.com.ar\/noticias\/wp-json\/wp\/v2\/comments?post=4673"}],"version-history":[{"count":1,"href":"https:\/\/web.consaguirre.com.ar\/noticias\/wp-json\/wp\/v2\/posts\/4673\/revisions"}],"predecessor-version":[{"id":4674,"href":"https:\/\/web.consaguirre.com.ar\/noticias\/wp-json\/wp\/v2\/posts\/4673\/revisions\/4674"}],"wp:featuredmedia":[{"embeddable":true,"href":"https:\/\/web.consaguirre.com.ar\/noticias\/wp-json\/wp\/v2\/media\/4300"}],"wp:attachment":[{"href":"https:\/\/web.consaguirre.com.ar\/noticias\/wp-json\/wp\/v2\/media?parent=4673"}],"wp:term":[{"taxonomy":"category","embeddable":true,"href":"https:\/\/web.consaguirre.com.ar\/noticias\/wp-json\/wp\/v2\/categories?post=4673"},{"taxonomy":"post_tag","embeddable":true,"href":"https:\/\/web.consaguirre.com.ar\/noticias\/wp-json\/wp\/v2\/tags?post=4673"}],"curies":[{"name":"wp","href":"https:\/\/api.w.org\/{rel}","templated":true}]}}