{"id":4670,"date":"2025-12-19T14:40:00","date_gmt":"2025-12-19T17:40:00","guid":{"rendered":"https:\/\/web.consaguirre.com.ar\/noticias\/mercy-now-de-mary-gauthier-tendra-una-reedicion-en-vinilo-por-su-vigesimo-aniversario\/"},"modified":"2025-12-19T14:40:01","modified_gmt":"2025-12-19T17:40:01","slug":"mercy-now-de-mary-gauthier-tendra-una-reedicion-en-vinilo-por-su-vigesimo-aniversario","status":"publish","type":"post","link":"https:\/\/web.consaguirre.com.ar\/noticias\/mercy-now-de-mary-gauthier-tendra-una-reedicion-en-vinilo-por-su-vigesimo-aniversario\/","title":{"rendered":"&#8216;Mercy Now&#8217; de Mary Gauthier tendr\u00e1 una reedici\u00f3n en vinilo por su vig\u00e9simo aniversario"},"content":{"rendered":"<p>El \u00e1lbum cl\u00e1sico de la cantautora folk Mary Gauthier nominada al Grammy <em>Misericordia ahora<\/em> recibir\u00e1 una reedici\u00f3n en vinilo por el vig\u00e9simo aniversario.<\/p>\n<p>Las nuevas marcas de prensado <em>Misericordia ahora<\/em>La primera vez que aparece en cera desde su lanzamiento original. Lanzado en 2005, el disco fue el cuarto \u00e1lbum de estudio de Gauthier y su debut en Lost Highway Records. Compuso, cant\u00f3 y toc\u00f3 la guitarra solista en las 10 pistas incluidas en el lanzamiento, reclutando a Gurf Morlix y Rich Brotherton para que apoyaran en la guitarra. Ian \u201cMac\u201d Lagan de Faces toc\u00f3 el \u00f3rgano Hammond y Patty Griffin y Paul Mills proporcionaron coros.<\/p>\n<div class=\"uD-YT-container\"><img decoding=\"async\" src=\"https:\/\/web.consaguirre.com.ar\/noticias\/wp-content\/uploads\/2025\/12\/1766166000_933_Mercy-Now-de-Mary-Gauthier-tendra-una-reedicion-en-vinilo.jpg\" alt=\"V\u00eddeo de YouTube\"><br \/>Haga clic para cargar v\u00eddeo<\/div>\n<p><em>Misericordia ahora<\/em> ayud\u00f3 a establecer a Gauthier como una de las voces m\u00e1s prominentes de la m\u00fasica americana en ese momento. El mismo a\u00f1o en que se lanz\u00f3 el disco, Gauthier fue nombrado Artista Nuevo del A\u00f1o por la Asociaci\u00f3n de M\u00fasica Americana. <em>Misericordia ahora<\/em> tambi\u00e9n fue reconocido entre los 10 mejores \u00e1lbumes de 2025 por medios como the <em>Los \u00c1ngeles Times<\/em>, <em>New York Times<\/em>, <em>Sin depresi\u00f3n<\/em> y <em>Cartelera<\/em>. La canci\u00f3n que da t\u00edtulo al disco y siempre favorita, \u201cI Drink\u201d, ha sido versionada por artistas como Boy George, Blake Shelton, Tim McGraw y Lynn Moffatt a lo largo de los a\u00f1os.<\/p>\n<p>Gauthier lanz\u00f3 su nuevo \u00e1lbum m\u00e1s reciente, <em>Lo suficientemente oscuro como para ver las estrellas<\/em>en 2022. En 2024, tambi\u00e9n reedit\u00f3 su debut de 1999, <em>Drag Queens en limusinas<\/em>en honor a su 25 aniversario. Public\u00f3 un libro de no ficci\u00f3n sobre el arte de escribir canciones, <em>Salvado por una canci\u00f3n<\/em>en 2021.<\/p>\n<p>En los pr\u00f3ximos meses, Gauthier tambi\u00e9n tiene programadas varias fechas de gira por Estados Unidos. S\u00f3lo en enero y febrero, dar\u00e1 espect\u00e1culos en Florida, Texas, Tennessee y su Luisiana natal.<\/p>\n<p><b>Solicite la edici\u00f3n del 20.\u00ba aniversario de Mary Gauthier <em>Misericordia ahora<\/em> ahora.<\/b><\/p>\n","protected":false},"excerpt":{"rendered":"<p>El \u00e1lbum cl\u00e1sico de la cantautora folk Mary Gauthier nominada al Grammy Misericordia ahora recibir\u00e1 una reedici\u00f3n en vinilo por el vig\u00e9simo aniversario. Las nuevas<\/p>\n","protected":false},"author":1,"featured_media":4671,"comment_status":"closed","ping_status":"","sticky":false,"template":"","format":"standard","meta":{"footnotes":""},"categories":[50],"tags":[98,3671,1023,3670,96,117,534,191,1130,87],"class_list":["post-4670","post","type-post","status-publish","format-standard","has-post-thumbnail","hentry","category-el-ultimo","tag-aniversario","tag-gauthier","tag-mary","tag-mercy","tag-por","tag-reedicion","tag-tendra","tag-una","tag-vigesimo","tag-vinilo","generate-columns","tablet-grid-50","mobile-grid-100","grid-parent","grid-50"],"yoast_head":"<!-- This site is optimized with the Yoast SEO plugin v23.3 - https:\/\/yoast.com\/wordpress\/plugins\/seo\/ -->\n<title>&#039;Mercy Now&#039; de Mary Gauthier tendr\u00e1 una reedici\u00f3n en vinilo por su vig\u00e9simo aniversario<\/title>\n<meta name=\"robots\" content=\"index, follow, max-snippet:-1, max-image-preview:large, max-video-preview:-1\" \/>\n<link rel=\"canonical\" href=\"https:\/\/web.consaguirre.com.ar\/noticias\/mercy-now-de-mary-gauthier-tendra-una-reedicion-en-vinilo-por-su-vigesimo-aniversario\/\" \/>\n<meta property=\"og:locale\" content=\"es_ES\" \/>\n<meta property=\"og:type\" content=\"article\" \/>\n<meta property=\"og:title\" content=\"&#039;Mercy Now&#039; de Mary Gauthier tendr\u00e1 una reedici\u00f3n en vinilo por su vig\u00e9simo aniversario\" \/>\n<meta property=\"og:description\" content=\"El \u00e1lbum cl\u00e1sico de la cantautora folk Mary Gauthier nominada al Grammy Misericordia ahora recibir\u00e1 una reedici\u00f3n en vinilo por el vig\u00e9simo aniversario. Las nuevas\" \/>\n<meta property=\"og:url\" content=\"https:\/\/web.consaguirre.com.ar\/noticias\/mercy-now-de-mary-gauthier-tendra-una-reedicion-en-vinilo-por-su-vigesimo-aniversario\/\" \/>\n<meta property=\"og:site_name\" content=\"Conservatorio de M\u00fasica Juli\u00e1n Aguirre\" \/>\n<meta property=\"article:published_time\" content=\"2025-12-19T17:40:00+00:00\" \/>\n<meta property=\"article:modified_time\" content=\"2025-12-19T17:40:01+00:00\" \/>\n<meta property=\"og:image\" content=\"https:\/\/web.consaguirre.com.ar\/noticias\/wp-content\/uploads\/2025\/12\/Mercy-Now-de-Mary-Gauthier-tendra-una-reedicion-en-vinilo.jpg\" \/>\n\t<meta property=\"og:image:width\" content=\"820\" \/>\n\t<meta property=\"og:image:height\" content=\"820\" \/>\n\t<meta property=\"og:image:type\" content=\"image\/jpeg\" \/>\n<meta name=\"author\" content=\"Javier Figueroa\" \/>\n<meta name=\"twitter:card\" content=\"summary_large_image\" \/>\n<meta name=\"twitter:label1\" content=\"Escrito por\" \/>\n\t<meta name=\"twitter:data1\" content=\"Javier Figueroa\" \/>\n\t<meta name=\"twitter:label2\" content=\"Tiempo de lectura\" \/>\n\t<meta name=\"twitter:data2\" content=\"2 minutos\" \/>\n<script type=\"application\/ld+json\" class=\"yoast-schema-graph\">{\"@context\":\"https:\/\/schema.org\",\"@graph\":[{\"@type\":\"Article\",\"@id\":\"https:\/\/web.consaguirre.com.ar\/noticias\/mercy-now-de-mary-gauthier-tendra-una-reedicion-en-vinilo-por-su-vigesimo-aniversario\/#article\",\"isPartOf\":{\"@id\":\"https:\/\/web.consaguirre.com.ar\/noticias\/mercy-now-de-mary-gauthier-tendra-una-reedicion-en-vinilo-por-su-vigesimo-aniversario\/\"},\"author\":{\"name\":\"Javier Figueroa\",\"@id\":\"https:\/\/web.consaguirre.com.ar\/noticias\/#\/schema\/person\/6558b0cfedee7ddc5425602b237d5722\"},\"headline\":\"&#8216;Mercy Now&#8217; de Mary Gauthier tendr\u00e1 una reedici\u00f3n en vinilo por su vig\u00e9simo aniversario\",\"datePublished\":\"2025-12-19T17:40:00+00:00\",\"dateModified\":\"2025-12-19T17:40:01+00:00\",\"mainEntityOfPage\":{\"@id\":\"https:\/\/web.consaguirre.com.ar\/noticias\/mercy-now-de-mary-gauthier-tendra-una-reedicion-en-vinilo-por-su-vigesimo-aniversario\/\"},\"wordCount\":334,\"publisher\":{\"@id\":\"https:\/\/web.consaguirre.com.ar\/noticias\/#organization\"},\"image\":{\"@id\":\"https:\/\/web.consaguirre.com.ar\/noticias\/mercy-now-de-mary-gauthier-tendra-una-reedicion-en-vinilo-por-su-vigesimo-aniversario\/#primaryimage\"},\"thumbnailUrl\":\"https:\/\/web.consaguirre.com.ar\/noticias\/wp-content\/uploads\/2025\/12\/Mercy-Now-de-Mary-Gauthier-tendra-una-reedicion-en-vinilo.jpg\",\"keywords\":[\"aniversario\",\"Gauthier\",\"Mary\",\"Mercy\",\"por\",\"reedici\u00f3n\",\"tendr\u00e1\",\"una\",\"vig\u00e9simo\",\"vinilo\"],\"articleSection\":[\"El \u00faltimo\"],\"inLanguage\":\"es-AR\"},{\"@type\":\"WebPage\",\"@id\":\"https:\/\/web.consaguirre.com.ar\/noticias\/mercy-now-de-mary-gauthier-tendra-una-reedicion-en-vinilo-por-su-vigesimo-aniversario\/\",\"url\":\"https:\/\/web.consaguirre.com.ar\/noticias\/mercy-now-de-mary-gauthier-tendra-una-reedicion-en-vinilo-por-su-vigesimo-aniversario\/\",\"name\":\"'Mercy Now' de Mary Gauthier tendr\u00e1 una reedici\u00f3n en vinilo por su vig\u00e9simo aniversario\",\"isPartOf\":{\"@id\":\"https:\/\/web.consaguirre.com.ar\/noticias\/#website\"},\"primaryImageOfPage\":{\"@id\":\"https:\/\/web.consaguirre.com.ar\/noticias\/mercy-now-de-mary-gauthier-tendra-una-reedicion-en-vinilo-por-su-vigesimo-aniversario\/#primaryimage\"},\"image\":{\"@id\":\"https:\/\/web.consaguirre.com.ar\/noticias\/mercy-now-de-mary-gauthier-tendra-una-reedicion-en-vinilo-por-su-vigesimo-aniversario\/#primaryimage\"},\"thumbnailUrl\":\"https:\/\/web.consaguirre.com.ar\/noticias\/wp-content\/uploads\/2025\/12\/Mercy-Now-de-Mary-Gauthier-tendra-una-reedicion-en-vinilo.jpg\",\"datePublished\":\"2025-12-19T17:40:00+00:00\",\"dateModified\":\"2025-12-19T17:40:01+00:00\",\"breadcrumb\":{\"@id\":\"https:\/\/web.consaguirre.com.ar\/noticias\/mercy-now-de-mary-gauthier-tendra-una-reedicion-en-vinilo-por-su-vigesimo-aniversario\/#breadcrumb\"},\"inLanguage\":\"es-AR\",\"potentialAction\":[{\"@type\":\"ReadAction\",\"target\":[\"https:\/\/web.consaguirre.com.ar\/noticias\/mercy-now-de-mary-gauthier-tendra-una-reedicion-en-vinilo-por-su-vigesimo-aniversario\/\"]}]},{\"@type\":\"ImageObject\",\"inLanguage\":\"es-AR\",\"@id\":\"https:\/\/web.consaguirre.com.ar\/noticias\/mercy-now-de-mary-gauthier-tendra-una-reedicion-en-vinilo-por-su-vigesimo-aniversario\/#primaryimage\",\"url\":\"https:\/\/web.consaguirre.com.ar\/noticias\/wp-content\/uploads\/2025\/12\/Mercy-Now-de-Mary-Gauthier-tendra-una-reedicion-en-vinilo.jpg\",\"contentUrl\":\"https:\/\/web.consaguirre.com.ar\/noticias\/wp-content\/uploads\/2025\/12\/Mercy-Now-de-Mary-Gauthier-tendra-una-reedicion-en-vinilo.jpg\",\"width\":820,\"height\":820,\"caption\":\"'Mercy Now' de Mary Gauthier tendr\u00e1 una reedici\u00f3n en vinilo por su vig\u00e9simo aniversario\"},{\"@type\":\"BreadcrumbList\",\"@id\":\"https:\/\/web.consaguirre.com.ar\/noticias\/mercy-now-de-mary-gauthier-tendra-una-reedicion-en-vinilo-por-su-vigesimo-aniversario\/#breadcrumb\",\"itemListElement\":[{\"@type\":\"ListItem\",\"position\":1,\"name\":\"Inicio\",\"item\":\"https:\/\/web.consaguirre.com.ar\/noticias\/\"},{\"@type\":\"ListItem\",\"position\":2,\"name\":\"&#8216;Mercy Now&#8217; de Mary Gauthier tendr\u00e1 una reedici\u00f3n en vinilo por su vig\u00e9simo aniversario\"}]},{\"@type\":\"WebSite\",\"@id\":\"https:\/\/web.consaguirre.com.ar\/noticias\/#website\",\"url\":\"https:\/\/web.consaguirre.com.ar\/noticias\/\",\"name\":\"Conservatorio de M\u00fasica Juli\u00e1n Aguirre\",\"description\":\"\",\"publisher\":{\"@id\":\"https:\/\/web.consaguirre.com.ar\/noticias\/#organization\"},\"potentialAction\":[{\"@type\":\"SearchAction\",\"target\":{\"@type\":\"EntryPoint\",\"urlTemplate\":\"https:\/\/web.consaguirre.com.ar\/noticias\/?s={search_term_string}\"},\"query-input\":\"required name=search_term_string\"}],\"inLanguage\":\"es-AR\"},{\"@type\":\"Organization\",\"@id\":\"https:\/\/web.consaguirre.com.ar\/noticias\/#organization\",\"name\":\"Conservatorio de M\u00fasica Juli\u00e1n Aguirre\",\"url\":\"https:\/\/web.consaguirre.com.ar\/noticias\/\",\"logo\":{\"@type\":\"ImageObject\",\"inLanguage\":\"es-AR\",\"@id\":\"https:\/\/web.consaguirre.com.ar\/noticias\/#\/schema\/logo\/image\/\",\"url\":\"https:\/\/web.consaguirre.com.ar\/noticias\/wp-content\/uploads\/2024\/08\/Banner-Aguirre-23.jpg\",\"contentUrl\":\"https:\/\/web.consaguirre.com.ar\/noticias\/wp-content\/uploads\/2024\/08\/Banner-Aguirre-23.jpg\",\"width\":1192,\"height\":600,\"caption\":\"Conservatorio de M\u00fasica Juli\u00e1n Aguirre\"},\"image\":{\"@id\":\"https:\/\/web.consaguirre.com.ar\/noticias\/#\/schema\/logo\/image\/\"}},{\"@type\":\"Person\",\"@id\":\"https:\/\/web.consaguirre.com.ar\/noticias\/#\/schema\/person\/6558b0cfedee7ddc5425602b237d5722\",\"name\":\"Javier Figueroa\",\"image\":{\"@type\":\"ImageObject\",\"inLanguage\":\"es-AR\",\"@id\":\"https:\/\/web.consaguirre.com.ar\/noticias\/#\/schema\/person\/image\/\",\"url\":\"https:\/\/web.consaguirre.com.ar\/noticias\/wp-content\/uploads\/2024\/08\/Consaguirre-scaled.jpg\",\"contentUrl\":\"https:\/\/web.consaguirre.com.ar\/noticias\/wp-content\/uploads\/2024\/08\/Consaguirre-scaled.jpg\",\"caption\":\"Javier Figueroa\"},\"description\":\"Me llamo Javier Figueroa y soy redactor para el sitio oficial del Conservatorio de M\u00fasica Juli\u00e1n Aguirre en Buenos Aires, consaguirre.com. Apasionado por la m\u00fasica y la escritura, me esfuerzo por destacar los talentos y eventos de nuestra prestigiosa instituci\u00f3n. Mi trayectoria se nutre de una profunda admiraci\u00f3n por los artistas, haciendo de cada art\u00edculo una celebraci\u00f3n de la creatividad y la cultura musical.\",\"sameAs\":[\"https:\/\/web.consaguirre.com.ar\/noticias\"]}]}<\/script>\n<!-- \/ Yoast SEO plugin. -->","yoast_head_json":{"title":"'Mercy Now' de Mary Gauthier tendr\u00e1 una reedici\u00f3n en vinilo por su vig\u00e9simo aniversario","robots":{"index":"index","follow":"follow","max-snippet":"max-snippet:-1","max-image-preview":"max-image-preview:large","max-video-preview":"max-video-preview:-1"},"canonical":"https:\/\/web.consaguirre.com.ar\/noticias\/mercy-now-de-mary-gauthier-tendra-una-reedicion-en-vinilo-por-su-vigesimo-aniversario\/","og_locale":"es_ES","og_type":"article","og_title":"'Mercy Now' de Mary Gauthier tendr\u00e1 una reedici\u00f3n en vinilo por su vig\u00e9simo aniversario","og_description":"El \u00e1lbum cl\u00e1sico de la cantautora folk Mary Gauthier nominada al Grammy Misericordia ahora recibir\u00e1 una reedici\u00f3n en vinilo por el vig\u00e9simo aniversario. Las nuevas","og_url":"https:\/\/web.consaguirre.com.ar\/noticias\/mercy-now-de-mary-gauthier-tendra-una-reedicion-en-vinilo-por-su-vigesimo-aniversario\/","og_site_name":"Conservatorio de M\u00fasica Juli\u00e1n Aguirre","article_published_time":"2025-12-19T17:40:00+00:00","article_modified_time":"2025-12-19T17:40:01+00:00","og_image":[{"width":820,"height":820,"url":"https:\/\/web.consaguirre.com.ar\/noticias\/wp-content\/uploads\/2025\/12\/Mercy-Now-de-Mary-Gauthier-tendra-una-reedicion-en-vinilo.jpg","type":"image\/jpeg"}],"author":"Javier Figueroa","twitter_card":"summary_large_image","twitter_misc":{"Escrito por":"Javier Figueroa","Tiempo de lectura":"2 minutos"},"schema":{"@context":"https:\/\/schema.org","@graph":[{"@type":"Article","@id":"https:\/\/web.consaguirre.com.ar\/noticias\/mercy-now-de-mary-gauthier-tendra-una-reedicion-en-vinilo-por-su-vigesimo-aniversario\/#article","isPartOf":{"@id":"https:\/\/web.consaguirre.com.ar\/noticias\/mercy-now-de-mary-gauthier-tendra-una-reedicion-en-vinilo-por-su-vigesimo-aniversario\/"},"author":{"name":"Javier Figueroa","@id":"https:\/\/web.consaguirre.com.ar\/noticias\/#\/schema\/person\/6558b0cfedee7ddc5425602b237d5722"},"headline":"&#8216;Mercy Now&#8217; de Mary Gauthier tendr\u00e1 una reedici\u00f3n en vinilo por su vig\u00e9simo aniversario","datePublished":"2025-12-19T17:40:00+00:00","dateModified":"2025-12-19T17:40:01+00:00","mainEntityOfPage":{"@id":"https:\/\/web.consaguirre.com.ar\/noticias\/mercy-now-de-mary-gauthier-tendra-una-reedicion-en-vinilo-por-su-vigesimo-aniversario\/"},"wordCount":334,"publisher":{"@id":"https:\/\/web.consaguirre.com.ar\/noticias\/#organization"},"image":{"@id":"https:\/\/web.consaguirre.com.ar\/noticias\/mercy-now-de-mary-gauthier-tendra-una-reedicion-en-vinilo-por-su-vigesimo-aniversario\/#primaryimage"},"thumbnailUrl":"https:\/\/web.consaguirre.com.ar\/noticias\/wp-content\/uploads\/2025\/12\/Mercy-Now-de-Mary-Gauthier-tendra-una-reedicion-en-vinilo.jpg","keywords":["aniversario","Gauthier","Mary","Mercy","por","reedici\u00f3n","tendr\u00e1","una","vig\u00e9simo","vinilo"],"articleSection":["El \u00faltimo"],"inLanguage":"es-AR"},{"@type":"WebPage","@id":"https:\/\/web.consaguirre.com.ar\/noticias\/mercy-now-de-mary-gauthier-tendra-una-reedicion-en-vinilo-por-su-vigesimo-aniversario\/","url":"https:\/\/web.consaguirre.com.ar\/noticias\/mercy-now-de-mary-gauthier-tendra-una-reedicion-en-vinilo-por-su-vigesimo-aniversario\/","name":"'Mercy Now' de Mary Gauthier tendr\u00e1 una reedici\u00f3n en vinilo por su vig\u00e9simo aniversario","isPartOf":{"@id":"https:\/\/web.consaguirre.com.ar\/noticias\/#website"},"primaryImageOfPage":{"@id":"https:\/\/web.consaguirre.com.ar\/noticias\/mercy-now-de-mary-gauthier-tendra-una-reedicion-en-vinilo-por-su-vigesimo-aniversario\/#primaryimage"},"image":{"@id":"https:\/\/web.consaguirre.com.ar\/noticias\/mercy-now-de-mary-gauthier-tendra-una-reedicion-en-vinilo-por-su-vigesimo-aniversario\/#primaryimage"},"thumbnailUrl":"https:\/\/web.consaguirre.com.ar\/noticias\/wp-content\/uploads\/2025\/12\/Mercy-Now-de-Mary-Gauthier-tendra-una-reedicion-en-vinilo.jpg","datePublished":"2025-12-19T17:40:00+00:00","dateModified":"2025-12-19T17:40:01+00:00","breadcrumb":{"@id":"https:\/\/web.consaguirre.com.ar\/noticias\/mercy-now-de-mary-gauthier-tendra-una-reedicion-en-vinilo-por-su-vigesimo-aniversario\/#breadcrumb"},"inLanguage":"es-AR","potentialAction":[{"@type":"ReadAction","target":["https:\/\/web.consaguirre.com.ar\/noticias\/mercy-now-de-mary-gauthier-tendra-una-reedicion-en-vinilo-por-su-vigesimo-aniversario\/"]}]},{"@type":"ImageObject","inLanguage":"es-AR","@id":"https:\/\/web.consaguirre.com.ar\/noticias\/mercy-now-de-mary-gauthier-tendra-una-reedicion-en-vinilo-por-su-vigesimo-aniversario\/#primaryimage","url":"https:\/\/web.consaguirre.com.ar\/noticias\/wp-content\/uploads\/2025\/12\/Mercy-Now-de-Mary-Gauthier-tendra-una-reedicion-en-vinilo.jpg","contentUrl":"https:\/\/web.consaguirre.com.ar\/noticias\/wp-content\/uploads\/2025\/12\/Mercy-Now-de-Mary-Gauthier-tendra-una-reedicion-en-vinilo.jpg","width":820,"height":820,"caption":"'Mercy Now' de Mary Gauthier tendr\u00e1 una reedici\u00f3n en vinilo por su vig\u00e9simo aniversario"},{"@type":"BreadcrumbList","@id":"https:\/\/web.consaguirre.com.ar\/noticias\/mercy-now-de-mary-gauthier-tendra-una-reedicion-en-vinilo-por-su-vigesimo-aniversario\/#breadcrumb","itemListElement":[{"@type":"ListItem","position":1,"name":"Inicio","item":"https:\/\/web.consaguirre.com.ar\/noticias\/"},{"@type":"ListItem","position":2,"name":"&#8216;Mercy Now&#8217; de Mary Gauthier tendr\u00e1 una reedici\u00f3n en vinilo por su vig\u00e9simo aniversario"}]},{"@type":"WebSite","@id":"https:\/\/web.consaguirre.com.ar\/noticias\/#website","url":"https:\/\/web.consaguirre.com.ar\/noticias\/","name":"Conservatorio de M\u00fasica Juli\u00e1n Aguirre","description":"","publisher":{"@id":"https:\/\/web.consaguirre.com.ar\/noticias\/#organization"},"potentialAction":[{"@type":"SearchAction","target":{"@type":"EntryPoint","urlTemplate":"https:\/\/web.consaguirre.com.ar\/noticias\/?s={search_term_string}"},"query-input":"required name=search_term_string"}],"inLanguage":"es-AR"},{"@type":"Organization","@id":"https:\/\/web.consaguirre.com.ar\/noticias\/#organization","name":"Conservatorio de M\u00fasica Juli\u00e1n Aguirre","url":"https:\/\/web.consaguirre.com.ar\/noticias\/","logo":{"@type":"ImageObject","inLanguage":"es-AR","@id":"https:\/\/web.consaguirre.com.ar\/noticias\/#\/schema\/logo\/image\/","url":"https:\/\/web.consaguirre.com.ar\/noticias\/wp-content\/uploads\/2024\/08\/Banner-Aguirre-23.jpg","contentUrl":"https:\/\/web.consaguirre.com.ar\/noticias\/wp-content\/uploads\/2024\/08\/Banner-Aguirre-23.jpg","width":1192,"height":600,"caption":"Conservatorio de M\u00fasica Juli\u00e1n Aguirre"},"image":{"@id":"https:\/\/web.consaguirre.com.ar\/noticias\/#\/schema\/logo\/image\/"}},{"@type":"Person","@id":"https:\/\/web.consaguirre.com.ar\/noticias\/#\/schema\/person\/6558b0cfedee7ddc5425602b237d5722","name":"Javier Figueroa","image":{"@type":"ImageObject","inLanguage":"es-AR","@id":"https:\/\/web.consaguirre.com.ar\/noticias\/#\/schema\/person\/image\/","url":"https:\/\/web.consaguirre.com.ar\/noticias\/wp-content\/uploads\/2024\/08\/Consaguirre-scaled.jpg","contentUrl":"https:\/\/web.consaguirre.com.ar\/noticias\/wp-content\/uploads\/2024\/08\/Consaguirre-scaled.jpg","caption":"Javier Figueroa"},"description":"Me llamo Javier Figueroa y soy redactor para el sitio oficial del Conservatorio de M\u00fasica Juli\u00e1n Aguirre en Buenos Aires, consaguirre.com. Apasionado por la m\u00fasica y la escritura, me esfuerzo por destacar los talentos y eventos de nuestra prestigiosa instituci\u00f3n. Mi trayectoria se nutre de una profunda admiraci\u00f3n por los artistas, haciendo de cada art\u00edculo una celebraci\u00f3n de la creatividad y la cultura musical.","sameAs":["https:\/\/web.consaguirre.com.ar\/noticias"]}]}},"_links":{"self":[{"href":"https:\/\/web.consaguirre.com.ar\/noticias\/wp-json\/wp\/v2\/posts\/4670"}],"collection":[{"href":"https:\/\/web.consaguirre.com.ar\/noticias\/wp-json\/wp\/v2\/posts"}],"about":[{"href":"https:\/\/web.consaguirre.com.ar\/noticias\/wp-json\/wp\/v2\/types\/post"}],"author":[{"embeddable":true,"href":"https:\/\/web.consaguirre.com.ar\/noticias\/wp-json\/wp\/v2\/users\/1"}],"replies":[{"embeddable":true,"href":"https:\/\/web.consaguirre.com.ar\/noticias\/wp-json\/wp\/v2\/comments?post=4670"}],"version-history":[{"count":1,"href":"https:\/\/web.consaguirre.com.ar\/noticias\/wp-json\/wp\/v2\/posts\/4670\/revisions"}],"predecessor-version":[{"id":4672,"href":"https:\/\/web.consaguirre.com.ar\/noticias\/wp-json\/wp\/v2\/posts\/4670\/revisions\/4672"}],"wp:featuredmedia":[{"embeddable":true,"href":"https:\/\/web.consaguirre.com.ar\/noticias\/wp-json\/wp\/v2\/media\/4671"}],"wp:attachment":[{"href":"https:\/\/web.consaguirre.com.ar\/noticias\/wp-json\/wp\/v2\/media?parent=4670"}],"wp:term":[{"taxonomy":"category","embeddable":true,"href":"https:\/\/web.consaguirre.com.ar\/noticias\/wp-json\/wp\/v2\/categories?post=4670"},{"taxonomy":"post_tag","embeddable":true,"href":"https:\/\/web.consaguirre.com.ar\/noticias\/wp-json\/wp\/v2\/tags?post=4670"}],"curies":[{"name":"wp","href":"https:\/\/api.w.org\/{rel}","templated":true}]}}