{"id":467,"date":"2024-09-05T10:39:40","date_gmt":"2024-09-05T13:39:40","guid":{"rendered":"https:\/\/web.consaguirre.com.ar\/noticias\/sam-smith-comparte-un-video-musical-de-alicia-keys-en-el-que-aparece-im-not-the-only-one\/"},"modified":"2024-09-08T16:27:48","modified_gmt":"2024-09-08T19:27:48","slug":"sam-smith-comparte-un-video-musical-de-alicia-keys-en-el-que-aparece-im-not-the-only-one","status":"publish","type":"post","link":"https:\/\/web.consaguirre.com.ar\/noticias\/sam-smith-comparte-un-video-musical-de-alicia-keys-en-el-que-aparece-im-not-the-only-one\/","title":{"rendered":"Sam Smith comparte un video musical de Alicia Keys en el que aparece &#8216;I&#8217;m Not The Only One&#8217;"},"content":{"rendered":"<p><strong>Sam Smith<\/strong> ha compartido el v\u00eddeo oficial de \u201cI&#8217;m Not The Only One\u201d con Alicia Keys, extra\u00eddo de la edici\u00f3n del d\u00e9cimo aniversario de Sam&#8217;s <strong><em>En la hora solitaria<\/em><\/strong>ya disponible a trav\u00e9s de Capitol Records. <\/p>\n<p>Dirigido por Ava Rikki (Babyface, Steve Aoki, FLETCHER), el video incluye im\u00e1genes de la fiesta del Orgullo 2024 de Sam en Julius, el bar gay m\u00e1s antiguo de la ciudad de Nueva York. Estos clips se intercalan con un vistazo detr\u00e1s de escena del proceso de grabaci\u00f3n. Presentado por el \u00edcono drag Lady Bunny y atrayendo a una multitud que incluye <strong>Kim Petras<\/strong>Dylan Mulvaney, Christian Cowan, Ella Snyder y Nick Champa, Julius es donde Sam y Alicia sorprendieron por primera vez a los invitados con su interpretaci\u00f3n de &#8220;I&#8217;m Not The Only One&#8221;. Al d\u00eda siguiente, grabaron la canci\u00f3n en el estudio de Alicia.<\/p>\n<p>Sam Smith dice: \u201cRevisitar el comienzo de mi carrera ha sido la experiencia m\u00e1s incre\u00edble. Siempre estar\u00e9 muy orgulloso de m\u00ed mismo. <em>En la hora solitaria<\/em> Fueron mis primeros pasos en la m\u00fasica. Vuelvo a escuchar el \u00e1lbum ahora y es como mirar fotos antiguas, una mezcla de emociones, pero me encanta el disco y todav\u00eda me encanta cantar estas canciones. <\/p>\n<p>\u201cEste \u00e1lbum fue escrito sobre un per\u00edodo de amor no correspondido en mi vida. Es una historia real de madurez. Me siento muy honrada de haber trabajado con Alicia, que tiene un talento incre\u00edble y un alma hermosa, y que se uni\u00f3 a m\u00ed para reimaginar una canci\u00f3n tan especial para celebrar una d\u00e9cada de amor no correspondido. <em>En la hora solitaria<\/em>.\u201d<\/p>\n<div class=\"uD-YT-container\">httpv:\/\/youtu.be\/**INSERTE SOLO EL ID DE YOUTUBE AQU\u00cd, NO LA URL DE ORIGEN COMPLETA NI EL C\u00d3DIGO DE INSERCI\u00d3N**?rel=0<\/div>\n<p>Alicia Keys a\u00f1ade: \u201c\u00a1Me encant\u00f3 trabajar en esto con Sam! \u00a1Y por ser un momento tan especial! \u00a1Estaba en nuestras listas de deseos! El ambiente era s\u00faper \u00edntimo. Lo grabamos en mi estudio en Nueva York. Mi hijo Egypt toc\u00f3 algunas teclas con Sam y mi hijo Genesis estuvo contando chistes todo el tiempo. M\u00fasica pura, cantando en la habitaci\u00f3n juntos mientras yo tocaba el piano\u201d.<\/p>\n<p><strong>Pide la edici\u00f3n del 10\u00ba aniversario de <em>En la hora solitaria<\/em>.<\/strong><\/p>\n","protected":false},"excerpt":{"rendered":"<p>Sam Smith ha compartido el v\u00eddeo oficial de \u201cI&#8217;m Not The Only One\u201d con Alicia Keys, extra\u00eddo de la edici\u00f3n del d\u00e9cimo aniversario de Sam&#8217;s<\/p>\n","protected":false},"author":1,"featured_media":468,"comment_status":"closed","ping_status":"open","sticky":false,"template":"","format":"standard","meta":{"footnotes":""},"categories":[50],"tags":[391,521,201,392,203,519,520,202],"class_list":["post-467","post","type-post","status-publish","format-standard","has-post-thumbnail","hentry","category-el-ultimo","tag-alicia","tag-aparece","tag-comparte","tag-keys","tag-musical","tag-sam","tag-smith","tag-video","generate-columns","tablet-grid-50","mobile-grid-100","grid-parent","grid-50"],"yoast_head":"<!-- This site is optimized with the Yoast SEO plugin v23.3 - https:\/\/yoast.com\/wordpress\/plugins\/seo\/ -->\n<title>Sam Smith comparte un video musical de Alicia Keys en el que aparece &#039;I&#039;m Not The Only One&#039;<\/title>\n<meta name=\"robots\" content=\"index, follow, max-snippet:-1, max-image-preview:large, max-video-preview:-1\" \/>\n<link rel=\"canonical\" href=\"https:\/\/web.consaguirre.com.ar\/noticias\/sam-smith-comparte-un-video-musical-de-alicia-keys-en-el-que-aparece-im-not-the-only-one\/\" \/>\n<meta property=\"og:locale\" content=\"es_ES\" \/>\n<meta property=\"og:type\" content=\"article\" \/>\n<meta property=\"og:title\" content=\"Sam Smith comparte un video musical de Alicia Keys en el que aparece &#039;I&#039;m Not The Only One&#039;\" \/>\n<meta property=\"og:description\" content=\"Sam Smith ha compartido el v\u00eddeo oficial de \u201cI&#8217;m Not The Only One\u201d con Alicia Keys, extra\u00eddo de la edici\u00f3n del d\u00e9cimo aniversario de Sam&#8217;s\" \/>\n<meta property=\"og:url\" content=\"https:\/\/web.consaguirre.com.ar\/noticias\/sam-smith-comparte-un-video-musical-de-alicia-keys-en-el-que-aparece-im-not-the-only-one\/\" \/>\n<meta property=\"og:site_name\" content=\"Conservatorio de M\u00fasica Juli\u00e1n Aguirre\" \/>\n<meta property=\"article:published_time\" content=\"2024-09-05T13:39:40+00:00\" \/>\n<meta property=\"article:modified_time\" content=\"2024-09-08T19:27:48+00:00\" \/>\n<meta property=\"og:image\" content=\"https:\/\/web.consaguirre.com.ar\/noticias\/wp-content\/uploads\/2024\/09\/Sam-Smith-comparte-un-video-musical-de-Alicia-Keys-en.jpg\" \/>\n\t<meta property=\"og:image:width\" content=\"1440\" \/>\n\t<meta property=\"og:image:height\" content=\"864\" \/>\n\t<meta property=\"og:image:type\" content=\"image\/jpeg\" \/>\n<meta name=\"author\" content=\"Javier Figueroa\" \/>\n<meta name=\"twitter:card\" content=\"summary_large_image\" \/>\n<meta name=\"twitter:label1\" content=\"Escrito por\" \/>\n\t<meta name=\"twitter:data1\" content=\"Javier Figueroa\" \/>\n\t<meta name=\"twitter:label2\" content=\"Tiempo de lectura\" \/>\n\t<meta name=\"twitter:data2\" content=\"2 minutos\" \/>\n<script type=\"application\/ld+json\" class=\"yoast-schema-graph\">{\"@context\":\"https:\/\/schema.org\",\"@graph\":[{\"@type\":\"Article\",\"@id\":\"https:\/\/web.consaguirre.com.ar\/noticias\/sam-smith-comparte-un-video-musical-de-alicia-keys-en-el-que-aparece-im-not-the-only-one\/#article\",\"isPartOf\":{\"@id\":\"https:\/\/web.consaguirre.com.ar\/noticias\/sam-smith-comparte-un-video-musical-de-alicia-keys-en-el-que-aparece-im-not-the-only-one\/\"},\"author\":{\"name\":\"Javier Figueroa\",\"@id\":\"https:\/\/web.consaguirre.com.ar\/noticias\/#\/schema\/person\/6558b0cfedee7ddc5425602b237d5722\"},\"headline\":\"Sam Smith comparte un video musical de Alicia Keys en el que aparece &#8216;I&#8217;m Not The Only One&#8217;\",\"datePublished\":\"2024-09-05T13:39:40+00:00\",\"dateModified\":\"2024-09-08T19:27:48+00:00\",\"mainEntityOfPage\":{\"@id\":\"https:\/\/web.consaguirre.com.ar\/noticias\/sam-smith-comparte-un-video-musical-de-alicia-keys-en-el-que-aparece-im-not-the-only-one\/\"},\"wordCount\":409,\"publisher\":{\"@id\":\"https:\/\/web.consaguirre.com.ar\/noticias\/#organization\"},\"image\":{\"@id\":\"https:\/\/web.consaguirre.com.ar\/noticias\/sam-smith-comparte-un-video-musical-de-alicia-keys-en-el-que-aparece-im-not-the-only-one\/#primaryimage\"},\"thumbnailUrl\":\"https:\/\/web.consaguirre.com.ar\/noticias\/wp-content\/uploads\/2024\/09\/Sam-Smith-comparte-un-video-musical-de-Alicia-Keys-en.jpg\",\"keywords\":[\"Alicia\",\"aparece\",\"comparte\",\"Keys\",\"musical\",\"Sam\",\"Smith\",\"v\u00eddeo\"],\"articleSection\":[\"El \u00faltimo\"],\"inLanguage\":\"es-AR\"},{\"@type\":\"WebPage\",\"@id\":\"https:\/\/web.consaguirre.com.ar\/noticias\/sam-smith-comparte-un-video-musical-de-alicia-keys-en-el-que-aparece-im-not-the-only-one\/\",\"url\":\"https:\/\/web.consaguirre.com.ar\/noticias\/sam-smith-comparte-un-video-musical-de-alicia-keys-en-el-que-aparece-im-not-the-only-one\/\",\"name\":\"Sam Smith comparte un video musical de Alicia Keys en el que aparece 'I'm Not The Only One'\",\"isPartOf\":{\"@id\":\"https:\/\/web.consaguirre.com.ar\/noticias\/#website\"},\"primaryImageOfPage\":{\"@id\":\"https:\/\/web.consaguirre.com.ar\/noticias\/sam-smith-comparte-un-video-musical-de-alicia-keys-en-el-que-aparece-im-not-the-only-one\/#primaryimage\"},\"image\":{\"@id\":\"https:\/\/web.consaguirre.com.ar\/noticias\/sam-smith-comparte-un-video-musical-de-alicia-keys-en-el-que-aparece-im-not-the-only-one\/#primaryimage\"},\"thumbnailUrl\":\"https:\/\/web.consaguirre.com.ar\/noticias\/wp-content\/uploads\/2024\/09\/Sam-Smith-comparte-un-video-musical-de-Alicia-Keys-en.jpg\",\"datePublished\":\"2024-09-05T13:39:40+00:00\",\"dateModified\":\"2024-09-08T19:27:48+00:00\",\"breadcrumb\":{\"@id\":\"https:\/\/web.consaguirre.com.ar\/noticias\/sam-smith-comparte-un-video-musical-de-alicia-keys-en-el-que-aparece-im-not-the-only-one\/#breadcrumb\"},\"inLanguage\":\"es-AR\",\"potentialAction\":[{\"@type\":\"ReadAction\",\"target\":[\"https:\/\/web.consaguirre.com.ar\/noticias\/sam-smith-comparte-un-video-musical-de-alicia-keys-en-el-que-aparece-im-not-the-only-one\/\"]}]},{\"@type\":\"ImageObject\",\"inLanguage\":\"es-AR\",\"@id\":\"https:\/\/web.consaguirre.com.ar\/noticias\/sam-smith-comparte-un-video-musical-de-alicia-keys-en-el-que-aparece-im-not-the-only-one\/#primaryimage\",\"url\":\"https:\/\/web.consaguirre.com.ar\/noticias\/wp-content\/uploads\/2024\/09\/Sam-Smith-comparte-un-video-musical-de-Alicia-Keys-en.jpg\",\"contentUrl\":\"https:\/\/web.consaguirre.com.ar\/noticias\/wp-content\/uploads\/2024\/09\/Sam-Smith-comparte-un-video-musical-de-Alicia-Keys-en.jpg\",\"width\":1440,\"height\":864,\"caption\":\"Sam Smith - Photo: Stephanie Sian Smith (Courtesy of Interscope Capitol Labels Group)\"},{\"@type\":\"BreadcrumbList\",\"@id\":\"https:\/\/web.consaguirre.com.ar\/noticias\/sam-smith-comparte-un-video-musical-de-alicia-keys-en-el-que-aparece-im-not-the-only-one\/#breadcrumb\",\"itemListElement\":[{\"@type\":\"ListItem\",\"position\":1,\"name\":\"Inicio\",\"item\":\"https:\/\/web.consaguirre.com.ar\/noticias\/\"},{\"@type\":\"ListItem\",\"position\":2,\"name\":\"Sam Smith comparte un video musical de Alicia Keys en el que aparece &#8216;I&#8217;m Not The Only One&#8217;\"}]},{\"@type\":\"WebSite\",\"@id\":\"https:\/\/web.consaguirre.com.ar\/noticias\/#website\",\"url\":\"https:\/\/web.consaguirre.com.ar\/noticias\/\",\"name\":\"Conservatorio de M\u00fasica Juli\u00e1n Aguirre\",\"description\":\"\",\"publisher\":{\"@id\":\"https:\/\/web.consaguirre.com.ar\/noticias\/#organization\"},\"potentialAction\":[{\"@type\":\"SearchAction\",\"target\":{\"@type\":\"EntryPoint\",\"urlTemplate\":\"https:\/\/web.consaguirre.com.ar\/noticias\/?s={search_term_string}\"},\"query-input\":\"required name=search_term_string\"}],\"inLanguage\":\"es-AR\"},{\"@type\":\"Organization\",\"@id\":\"https:\/\/web.consaguirre.com.ar\/noticias\/#organization\",\"name\":\"Conservatorio de M\u00fasica Juli\u00e1n Aguirre\",\"url\":\"https:\/\/web.consaguirre.com.ar\/noticias\/\",\"logo\":{\"@type\":\"ImageObject\",\"inLanguage\":\"es-AR\",\"@id\":\"https:\/\/web.consaguirre.com.ar\/noticias\/#\/schema\/logo\/image\/\",\"url\":\"https:\/\/web.consaguirre.com.ar\/noticias\/wp-content\/uploads\/2024\/08\/Banner-Aguirre-23.jpg\",\"contentUrl\":\"https:\/\/web.consaguirre.com.ar\/noticias\/wp-content\/uploads\/2024\/08\/Banner-Aguirre-23.jpg\",\"width\":1192,\"height\":600,\"caption\":\"Conservatorio de M\u00fasica Juli\u00e1n Aguirre\"},\"image\":{\"@id\":\"https:\/\/web.consaguirre.com.ar\/noticias\/#\/schema\/logo\/image\/\"}},{\"@type\":\"Person\",\"@id\":\"https:\/\/web.consaguirre.com.ar\/noticias\/#\/schema\/person\/6558b0cfedee7ddc5425602b237d5722\",\"name\":\"Javier Figueroa\",\"image\":{\"@type\":\"ImageObject\",\"inLanguage\":\"es-AR\",\"@id\":\"https:\/\/web.consaguirre.com.ar\/noticias\/#\/schema\/person\/image\/\",\"url\":\"https:\/\/web.consaguirre.com.ar\/noticias\/wp-content\/uploads\/2024\/08\/Consaguirre-scaled.jpg\",\"contentUrl\":\"https:\/\/web.consaguirre.com.ar\/noticias\/wp-content\/uploads\/2024\/08\/Consaguirre-scaled.jpg\",\"caption\":\"Javier Figueroa\"},\"description\":\"Me llamo Javier Figueroa y soy redactor para el sitio oficial del Conservatorio de M\u00fasica Juli\u00e1n Aguirre en Buenos Aires, consaguirre.com. Apasionado por la m\u00fasica y la escritura, me esfuerzo por destacar los talentos y eventos de nuestra prestigiosa instituci\u00f3n. Mi trayectoria se nutre de una profunda admiraci\u00f3n por los artistas, haciendo de cada art\u00edculo una celebraci\u00f3n de la creatividad y la cultura musical.\",\"sameAs\":[\"https:\/\/web.consaguirre.com.ar\/noticias\"]}]}<\/script>\n<!-- \/ Yoast SEO plugin. -->","yoast_head_json":{"title":"Sam Smith comparte un video musical de Alicia Keys en el que aparece 'I'm Not The Only One'","robots":{"index":"index","follow":"follow","max-snippet":"max-snippet:-1","max-image-preview":"max-image-preview:large","max-video-preview":"max-video-preview:-1"},"canonical":"https:\/\/web.consaguirre.com.ar\/noticias\/sam-smith-comparte-un-video-musical-de-alicia-keys-en-el-que-aparece-im-not-the-only-one\/","og_locale":"es_ES","og_type":"article","og_title":"Sam Smith comparte un video musical de Alicia Keys en el que aparece 'I'm Not The Only One'","og_description":"Sam Smith ha compartido el v\u00eddeo oficial de \u201cI&#8217;m Not The Only One\u201d con Alicia Keys, extra\u00eddo de la edici\u00f3n del d\u00e9cimo aniversario de Sam&#8217;s","og_url":"https:\/\/web.consaguirre.com.ar\/noticias\/sam-smith-comparte-un-video-musical-de-alicia-keys-en-el-que-aparece-im-not-the-only-one\/","og_site_name":"Conservatorio de M\u00fasica Juli\u00e1n Aguirre","article_published_time":"2024-09-05T13:39:40+00:00","article_modified_time":"2024-09-08T19:27:48+00:00","og_image":[{"width":1440,"height":864,"url":"https:\/\/web.consaguirre.com.ar\/noticias\/wp-content\/uploads\/2024\/09\/Sam-Smith-comparte-un-video-musical-de-Alicia-Keys-en.jpg","type":"image\/jpeg"}],"author":"Javier Figueroa","twitter_card":"summary_large_image","twitter_misc":{"Escrito por":"Javier Figueroa","Tiempo de lectura":"2 minutos"},"schema":{"@context":"https:\/\/schema.org","@graph":[{"@type":"Article","@id":"https:\/\/web.consaguirre.com.ar\/noticias\/sam-smith-comparte-un-video-musical-de-alicia-keys-en-el-que-aparece-im-not-the-only-one\/#article","isPartOf":{"@id":"https:\/\/web.consaguirre.com.ar\/noticias\/sam-smith-comparte-un-video-musical-de-alicia-keys-en-el-que-aparece-im-not-the-only-one\/"},"author":{"name":"Javier Figueroa","@id":"https:\/\/web.consaguirre.com.ar\/noticias\/#\/schema\/person\/6558b0cfedee7ddc5425602b237d5722"},"headline":"Sam Smith comparte un video musical de Alicia Keys en el que aparece &#8216;I&#8217;m Not The Only One&#8217;","datePublished":"2024-09-05T13:39:40+00:00","dateModified":"2024-09-08T19:27:48+00:00","mainEntityOfPage":{"@id":"https:\/\/web.consaguirre.com.ar\/noticias\/sam-smith-comparte-un-video-musical-de-alicia-keys-en-el-que-aparece-im-not-the-only-one\/"},"wordCount":409,"publisher":{"@id":"https:\/\/web.consaguirre.com.ar\/noticias\/#organization"},"image":{"@id":"https:\/\/web.consaguirre.com.ar\/noticias\/sam-smith-comparte-un-video-musical-de-alicia-keys-en-el-que-aparece-im-not-the-only-one\/#primaryimage"},"thumbnailUrl":"https:\/\/web.consaguirre.com.ar\/noticias\/wp-content\/uploads\/2024\/09\/Sam-Smith-comparte-un-video-musical-de-Alicia-Keys-en.jpg","keywords":["Alicia","aparece","comparte","Keys","musical","Sam","Smith","v\u00eddeo"],"articleSection":["El \u00faltimo"],"inLanguage":"es-AR"},{"@type":"WebPage","@id":"https:\/\/web.consaguirre.com.ar\/noticias\/sam-smith-comparte-un-video-musical-de-alicia-keys-en-el-que-aparece-im-not-the-only-one\/","url":"https:\/\/web.consaguirre.com.ar\/noticias\/sam-smith-comparte-un-video-musical-de-alicia-keys-en-el-que-aparece-im-not-the-only-one\/","name":"Sam Smith comparte un video musical de Alicia Keys en el que aparece 'I'm Not The Only One'","isPartOf":{"@id":"https:\/\/web.consaguirre.com.ar\/noticias\/#website"},"primaryImageOfPage":{"@id":"https:\/\/web.consaguirre.com.ar\/noticias\/sam-smith-comparte-un-video-musical-de-alicia-keys-en-el-que-aparece-im-not-the-only-one\/#primaryimage"},"image":{"@id":"https:\/\/web.consaguirre.com.ar\/noticias\/sam-smith-comparte-un-video-musical-de-alicia-keys-en-el-que-aparece-im-not-the-only-one\/#primaryimage"},"thumbnailUrl":"https:\/\/web.consaguirre.com.ar\/noticias\/wp-content\/uploads\/2024\/09\/Sam-Smith-comparte-un-video-musical-de-Alicia-Keys-en.jpg","datePublished":"2024-09-05T13:39:40+00:00","dateModified":"2024-09-08T19:27:48+00:00","breadcrumb":{"@id":"https:\/\/web.consaguirre.com.ar\/noticias\/sam-smith-comparte-un-video-musical-de-alicia-keys-en-el-que-aparece-im-not-the-only-one\/#breadcrumb"},"inLanguage":"es-AR","potentialAction":[{"@type":"ReadAction","target":["https:\/\/web.consaguirre.com.ar\/noticias\/sam-smith-comparte-un-video-musical-de-alicia-keys-en-el-que-aparece-im-not-the-only-one\/"]}]},{"@type":"ImageObject","inLanguage":"es-AR","@id":"https:\/\/web.consaguirre.com.ar\/noticias\/sam-smith-comparte-un-video-musical-de-alicia-keys-en-el-que-aparece-im-not-the-only-one\/#primaryimage","url":"https:\/\/web.consaguirre.com.ar\/noticias\/wp-content\/uploads\/2024\/09\/Sam-Smith-comparte-un-video-musical-de-Alicia-Keys-en.jpg","contentUrl":"https:\/\/web.consaguirre.com.ar\/noticias\/wp-content\/uploads\/2024\/09\/Sam-Smith-comparte-un-video-musical-de-Alicia-Keys-en.jpg","width":1440,"height":864,"caption":"Sam Smith - Photo: Stephanie Sian Smith (Courtesy of Interscope Capitol Labels Group)"},{"@type":"BreadcrumbList","@id":"https:\/\/web.consaguirre.com.ar\/noticias\/sam-smith-comparte-un-video-musical-de-alicia-keys-en-el-que-aparece-im-not-the-only-one\/#breadcrumb","itemListElement":[{"@type":"ListItem","position":1,"name":"Inicio","item":"https:\/\/web.consaguirre.com.ar\/noticias\/"},{"@type":"ListItem","position":2,"name":"Sam Smith comparte un video musical de Alicia Keys en el que aparece &#8216;I&#8217;m Not The Only One&#8217;"}]},{"@type":"WebSite","@id":"https:\/\/web.consaguirre.com.ar\/noticias\/#website","url":"https:\/\/web.consaguirre.com.ar\/noticias\/","name":"Conservatorio de M\u00fasica Juli\u00e1n Aguirre","description":"","publisher":{"@id":"https:\/\/web.consaguirre.com.ar\/noticias\/#organization"},"potentialAction":[{"@type":"SearchAction","target":{"@type":"EntryPoint","urlTemplate":"https:\/\/web.consaguirre.com.ar\/noticias\/?s={search_term_string}"},"query-input":"required name=search_term_string"}],"inLanguage":"es-AR"},{"@type":"Organization","@id":"https:\/\/web.consaguirre.com.ar\/noticias\/#organization","name":"Conservatorio de M\u00fasica Juli\u00e1n Aguirre","url":"https:\/\/web.consaguirre.com.ar\/noticias\/","logo":{"@type":"ImageObject","inLanguage":"es-AR","@id":"https:\/\/web.consaguirre.com.ar\/noticias\/#\/schema\/logo\/image\/","url":"https:\/\/web.consaguirre.com.ar\/noticias\/wp-content\/uploads\/2024\/08\/Banner-Aguirre-23.jpg","contentUrl":"https:\/\/web.consaguirre.com.ar\/noticias\/wp-content\/uploads\/2024\/08\/Banner-Aguirre-23.jpg","width":1192,"height":600,"caption":"Conservatorio de M\u00fasica Juli\u00e1n Aguirre"},"image":{"@id":"https:\/\/web.consaguirre.com.ar\/noticias\/#\/schema\/logo\/image\/"}},{"@type":"Person","@id":"https:\/\/web.consaguirre.com.ar\/noticias\/#\/schema\/person\/6558b0cfedee7ddc5425602b237d5722","name":"Javier Figueroa","image":{"@type":"ImageObject","inLanguage":"es-AR","@id":"https:\/\/web.consaguirre.com.ar\/noticias\/#\/schema\/person\/image\/","url":"https:\/\/web.consaguirre.com.ar\/noticias\/wp-content\/uploads\/2024\/08\/Consaguirre-scaled.jpg","contentUrl":"https:\/\/web.consaguirre.com.ar\/noticias\/wp-content\/uploads\/2024\/08\/Consaguirre-scaled.jpg","caption":"Javier Figueroa"},"description":"Me llamo Javier Figueroa y soy redactor para el sitio oficial del Conservatorio de M\u00fasica Juli\u00e1n Aguirre en Buenos Aires, consaguirre.com. Apasionado por la m\u00fasica y la escritura, me esfuerzo por destacar los talentos y eventos de nuestra prestigiosa instituci\u00f3n. Mi trayectoria se nutre de una profunda admiraci\u00f3n por los artistas, haciendo de cada art\u00edculo una celebraci\u00f3n de la creatividad y la cultura musical.","sameAs":["https:\/\/web.consaguirre.com.ar\/noticias"]}]}},"_links":{"self":[{"href":"https:\/\/web.consaguirre.com.ar\/noticias\/wp-json\/wp\/v2\/posts\/467"}],"collection":[{"href":"https:\/\/web.consaguirre.com.ar\/noticias\/wp-json\/wp\/v2\/posts"}],"about":[{"href":"https:\/\/web.consaguirre.com.ar\/noticias\/wp-json\/wp\/v2\/types\/post"}],"author":[{"embeddable":true,"href":"https:\/\/web.consaguirre.com.ar\/noticias\/wp-json\/wp\/v2\/users\/1"}],"replies":[{"embeddable":true,"href":"https:\/\/web.consaguirre.com.ar\/noticias\/wp-json\/wp\/v2\/comments?post=467"}],"version-history":[{"count":1,"href":"https:\/\/web.consaguirre.com.ar\/noticias\/wp-json\/wp\/v2\/posts\/467\/revisions"}],"predecessor-version":[{"id":469,"href":"https:\/\/web.consaguirre.com.ar\/noticias\/wp-json\/wp\/v2\/posts\/467\/revisions\/469"}],"wp:featuredmedia":[{"embeddable":true,"href":"https:\/\/web.consaguirre.com.ar\/noticias\/wp-json\/wp\/v2\/media\/468"}],"wp:attachment":[{"href":"https:\/\/web.consaguirre.com.ar\/noticias\/wp-json\/wp\/v2\/media?parent=467"}],"wp:term":[{"taxonomy":"category","embeddable":true,"href":"https:\/\/web.consaguirre.com.ar\/noticias\/wp-json\/wp\/v2\/categories?post=467"},{"taxonomy":"post_tag","embeddable":true,"href":"https:\/\/web.consaguirre.com.ar\/noticias\/wp-json\/wp\/v2\/tags?post=467"}],"curies":[{"name":"wp","href":"https:\/\/api.w.org\/{rel}","templated":true}]}}