{"id":4664,"date":"2025-12-19T02:38:28","date_gmt":"2025-12-19T05:38:28","guid":{"rendered":"https:\/\/web.consaguirre.com.ar\/noticias\/wolfmother-celebra-los-20-anos-del-album-homonimo-con-un-disco-de-imagen-en-vinilo\/"},"modified":"2025-12-19T02:38:29","modified_gmt":"2025-12-19T05:38:29","slug":"wolfmother-celebra-los-20-anos-del-album-homonimo-con-un-disco-de-imagen-en-vinilo","status":"publish","type":"post","link":"https:\/\/web.consaguirre.com.ar\/noticias\/wolfmother-celebra-los-20-anos-del-album-homonimo-con-un-disco-de-imagen-en-vinilo\/","title":{"rendered":"Wolfmother celebra los 20 a\u00f1os del \u00e1lbum hom\u00f3nimo con un disco de imagen en vinilo"},"content":{"rendered":"<p>El innovador debut hom\u00f3nimo de Wolfmother acaba de celebrar su vig\u00e9simo cumplea\u00f1os. Los rockeros australianos honrar\u00e1n el \u00e1lbum que cambi\u00f3 todo para ellos al lanzar una edici\u00f3n limitada en vinilo del LP el 30 de enero.<\/p>\n<p>Tras su lanzamiento, Wolfmother alcanz\u00f3 el Top 10 en las listas australianas, obtuvo la certificaci\u00f3n multiplatino y tambi\u00e9n lleg\u00f3 al Billboard 200 de EE. UU. Adem\u00e1s, el \u00e1lbum le vali\u00f3 a la banda tres premios ARIA, incluidos Mejor \u00c1lbum Revelaci\u00f3n y Mejor \u00c1lbum de Rock, y un Grammy por \u201cWoman\u201d. La victoria marc\u00f3 la primera vez que una banda australiana gan\u00f3 en la categor\u00eda de Mejor Interpretaci\u00f3n de Hard Rock.<\/p>\n<p>La banda, que actualmente est\u00e1 formada por el miembro fundador y l\u00edder Andrew Stockdale junto con el bajista James Wassenaar y el baterista Christian Condon, tambi\u00e9n celebrar\u00e1 el aniversario del \u00e1lbum con una gira.<\/p>\n<div class=\"uD-YT-container\"><img decoding=\"async\" src=\"https:\/\/web.consaguirre.com.ar\/noticias\/wp-content\/uploads\/2025\/07\/1751499539_777_El-debut-homonimo-de-Wolfmother-para-recibir-el-lanzamiento-colectivo.jpg\" alt=\"V\u00eddeo de YouTube\"><br \/>Haga clic para cargar v\u00eddeo<\/div>\n<p>La gira norteamericana de Wolfmother en 2026 contar\u00e1 con el tr\u00edo interpretando el \u00e1lbum hom\u00f3nimo en su totalidad cada noche. La carrera comenzar\u00e1 el 7 de junio en Austin, Texas. A partir de ah\u00ed, los rockeros llegar\u00e1n a ciudades como Houston, Atlanta, Charlotte, Filadelfia, Brooklyn, Detroit, Denver, Seattle, Los \u00c1ngeles y muchas m\u00e1s. La gira de 23 paradas concluir\u00e1 el 12 de julio en San Diego, California.<\/p>\n<p>Tras su lanzamiento inicial, Wolfmother conmocion\u00f3 y revitaliz\u00f3 el mundo del rock. <em>Horca<\/em> escribi\u00f3 &#8220;su sonido es un retroceso al hard rock de los a\u00f1os 70: millas de riffs galopantes, \u00f3rgano y guitarra&#8221;. Agregaron que la banda logra \u201cun equilibrio entre el metal vintage carnoso y las melod\u00edas n\u00edtidas de stoner-rock\u201d. El consenso cr\u00edtico fue una cosa, pero la banda tambi\u00e9n recibi\u00f3 un co-firmante muy diferente, aunque igualmente importante. Lars Ulrich de Metallica dijo que escuchaba Wolfmother &#8220;todos los d\u00edas&#8221; cuando se lanz\u00f3 por primera vez.<\/p>\n<p>En 2016, Stockdale habl\u00f3 con <em>Vicio<\/em> para reflexionar sobre la primera d\u00e9cada de su banda y el lanzamiento de Wolfmother. Cuando se le pregunt\u00f3 qu\u00e9 aprendi\u00f3 de esa \u00e9poca, el compositor explic\u00f3: &#8220;Supongo que si quieres ese tipo de \u00e9xito, tienes que trabajar para lograrlo. Se necesita mucho inicio, giras y composici\u00f3n, y realmente tienes que comprometerte con el proyecto&#8221;.<\/p>\n<p><b>Compre la edici\u00f3n del 20 aniversario de Wolfmother de <i>madre loba<\/i> en vinilo ahora.<\/b><\/p>\n","protected":false},"excerpt":{"rendered":"<p>El innovador debut hom\u00f3nimo de Wolfmother acaba de celebrar su vig\u00e9simo cumplea\u00f1os. Los rockeros australianos honrar\u00e1n el \u00e1lbum que cambi\u00f3 todo para ellos al lanzar<\/p>\n","protected":false},"author":1,"featured_media":4665,"comment_status":"closed","ping_status":"","sticky":false,"template":"","format":"standard","meta":{"footnotes":""},"categories":[50],"tags":[147,115,114,32,10,252,258,3667,180,87,2804],"class_list":["post-4664","post","type-post","status-publish","format-standard","has-post-thumbnail","hentry","category-el-ultimo","tag-album","tag-anos","tag-celebra","tag-con","tag-del","tag-disco","tag-homonimo","tag-imagen","tag-los","tag-vinilo","tag-wolfmother","generate-columns","tablet-grid-50","mobile-grid-100","grid-parent","grid-50"],"yoast_head":"<!-- This site is optimized with the Yoast SEO plugin v23.3 - https:\/\/yoast.com\/wordpress\/plugins\/seo\/ -->\n<title>Wolfmother celebra los 20 a\u00f1os del \u00e1lbum hom\u00f3nimo con un disco de imagen en vinilo<\/title>\n<meta name=\"robots\" content=\"index, follow, max-snippet:-1, max-image-preview:large, max-video-preview:-1\" \/>\n<link rel=\"canonical\" href=\"https:\/\/web.consaguirre.com.ar\/noticias\/wolfmother-celebra-los-20-anos-del-album-homonimo-con-un-disco-de-imagen-en-vinilo\/\" \/>\n<meta property=\"og:locale\" content=\"es_ES\" \/>\n<meta property=\"og:type\" content=\"article\" \/>\n<meta property=\"og:title\" content=\"Wolfmother celebra los 20 a\u00f1os del \u00e1lbum hom\u00f3nimo con un disco de imagen en vinilo\" \/>\n<meta property=\"og:description\" content=\"El innovador debut hom\u00f3nimo de Wolfmother acaba de celebrar su vig\u00e9simo cumplea\u00f1os. Los rockeros australianos honrar\u00e1n el \u00e1lbum que cambi\u00f3 todo para ellos al lanzar\" \/>\n<meta property=\"og:url\" content=\"https:\/\/web.consaguirre.com.ar\/noticias\/wolfmother-celebra-los-20-anos-del-album-homonimo-con-un-disco-de-imagen-en-vinilo\/\" \/>\n<meta property=\"og:site_name\" content=\"Conservatorio de M\u00fasica Juli\u00e1n Aguirre\" \/>\n<meta property=\"article:published_time\" content=\"2025-12-19T05:38:28+00:00\" \/>\n<meta property=\"article:modified_time\" content=\"2025-12-19T05:38:29+00:00\" \/>\n<meta property=\"og:image\" content=\"https:\/\/web.consaguirre.com.ar\/noticias\/wp-content\/uploads\/2025\/12\/Wolfmother-celebra-los-20-anos-del-album-homonimo-con-un.jpg\" \/>\n\t<meta property=\"og:image:width\" content=\"1440\" \/>\n\t<meta property=\"og:image:height\" content=\"864\" \/>\n\t<meta property=\"og:image:type\" content=\"image\/jpeg\" \/>\n<meta name=\"author\" content=\"Javier Figueroa\" \/>\n<meta name=\"twitter:card\" content=\"summary_large_image\" \/>\n<meta name=\"twitter:label1\" content=\"Escrito por\" \/>\n\t<meta name=\"twitter:data1\" content=\"Javier Figueroa\" \/>\n\t<meta name=\"twitter:label2\" content=\"Tiempo de lectura\" \/>\n\t<meta name=\"twitter:data2\" content=\"2 minutos\" \/>\n<script type=\"application\/ld+json\" class=\"yoast-schema-graph\">{\"@context\":\"https:\/\/schema.org\",\"@graph\":[{\"@type\":\"Article\",\"@id\":\"https:\/\/web.consaguirre.com.ar\/noticias\/wolfmother-celebra-los-20-anos-del-album-homonimo-con-un-disco-de-imagen-en-vinilo\/#article\",\"isPartOf\":{\"@id\":\"https:\/\/web.consaguirre.com.ar\/noticias\/wolfmother-celebra-los-20-anos-del-album-homonimo-con-un-disco-de-imagen-en-vinilo\/\"},\"author\":{\"name\":\"Javier Figueroa\",\"@id\":\"https:\/\/web.consaguirre.com.ar\/noticias\/#\/schema\/person\/6558b0cfedee7ddc5425602b237d5722\"},\"headline\":\"Wolfmother celebra los 20 a\u00f1os del \u00e1lbum hom\u00f3nimo con un disco de imagen en vinilo\",\"datePublished\":\"2025-12-19T05:38:28+00:00\",\"dateModified\":\"2025-12-19T05:38:29+00:00\",\"mainEntityOfPage\":{\"@id\":\"https:\/\/web.consaguirre.com.ar\/noticias\/wolfmother-celebra-los-20-anos-del-album-homonimo-con-un-disco-de-imagen-en-vinilo\/\"},\"wordCount\":405,\"publisher\":{\"@id\":\"https:\/\/web.consaguirre.com.ar\/noticias\/#organization\"},\"image\":{\"@id\":\"https:\/\/web.consaguirre.com.ar\/noticias\/wolfmother-celebra-los-20-anos-del-album-homonimo-con-un-disco-de-imagen-en-vinilo\/#primaryimage\"},\"thumbnailUrl\":\"https:\/\/web.consaguirre.com.ar\/noticias\/wp-content\/uploads\/2025\/12\/Wolfmother-celebra-los-20-anos-del-album-homonimo-con-un.jpg\",\"keywords\":[\"\u00e1lbum\",\"a\u00f1os\",\"celebra\",\"con\",\"del\",\"disco\",\"hom\u00f3nimo\",\"imagen\",\"los\",\"vinilo\",\"Wolfmother\"],\"articleSection\":[\"El \u00faltimo\"],\"inLanguage\":\"es-AR\"},{\"@type\":\"WebPage\",\"@id\":\"https:\/\/web.consaguirre.com.ar\/noticias\/wolfmother-celebra-los-20-anos-del-album-homonimo-con-un-disco-de-imagen-en-vinilo\/\",\"url\":\"https:\/\/web.consaguirre.com.ar\/noticias\/wolfmother-celebra-los-20-anos-del-album-homonimo-con-un-disco-de-imagen-en-vinilo\/\",\"name\":\"Wolfmother celebra los 20 a\u00f1os del \u00e1lbum hom\u00f3nimo con un disco de imagen en vinilo\",\"isPartOf\":{\"@id\":\"https:\/\/web.consaguirre.com.ar\/noticias\/#website\"},\"primaryImageOfPage\":{\"@id\":\"https:\/\/web.consaguirre.com.ar\/noticias\/wolfmother-celebra-los-20-anos-del-album-homonimo-con-un-disco-de-imagen-en-vinilo\/#primaryimage\"},\"image\":{\"@id\":\"https:\/\/web.consaguirre.com.ar\/noticias\/wolfmother-celebra-los-20-anos-del-album-homonimo-con-un-disco-de-imagen-en-vinilo\/#primaryimage\"},\"thumbnailUrl\":\"https:\/\/web.consaguirre.com.ar\/noticias\/wp-content\/uploads\/2025\/12\/Wolfmother-celebra-los-20-anos-del-album-homonimo-con-un.jpg\",\"datePublished\":\"2025-12-19T05:38:28+00:00\",\"dateModified\":\"2025-12-19T05:38:29+00:00\",\"breadcrumb\":{\"@id\":\"https:\/\/web.consaguirre.com.ar\/noticias\/wolfmother-celebra-los-20-anos-del-album-homonimo-con-un-disco-de-imagen-en-vinilo\/#breadcrumb\"},\"inLanguage\":\"es-AR\",\"potentialAction\":[{\"@type\":\"ReadAction\",\"target\":[\"https:\/\/web.consaguirre.com.ar\/noticias\/wolfmother-celebra-los-20-anos-del-album-homonimo-con-un-disco-de-imagen-en-vinilo\/\"]}]},{\"@type\":\"ImageObject\",\"inLanguage\":\"es-AR\",\"@id\":\"https:\/\/web.consaguirre.com.ar\/noticias\/wolfmother-celebra-los-20-anos-del-album-homonimo-con-un-disco-de-imagen-en-vinilo\/#primaryimage\",\"url\":\"https:\/\/web.consaguirre.com.ar\/noticias\/wp-content\/uploads\/2025\/12\/Wolfmother-celebra-los-20-anos-del-album-homonimo-con-un.jpg\",\"contentUrl\":\"https:\/\/web.consaguirre.com.ar\/noticias\/wp-content\/uploads\/2025\/12\/Wolfmother-celebra-los-20-anos-del-album-homonimo-con-un.jpg\",\"width\":1440,\"height\":864,\"caption\":\"Wolfmother celebra los 20 a\u00f1os del \u00e1lbum hom\u00f3nimo con un disco de imagen en vinilo\"},{\"@type\":\"BreadcrumbList\",\"@id\":\"https:\/\/web.consaguirre.com.ar\/noticias\/wolfmother-celebra-los-20-anos-del-album-homonimo-con-un-disco-de-imagen-en-vinilo\/#breadcrumb\",\"itemListElement\":[{\"@type\":\"ListItem\",\"position\":1,\"name\":\"Inicio\",\"item\":\"https:\/\/web.consaguirre.com.ar\/noticias\/\"},{\"@type\":\"ListItem\",\"position\":2,\"name\":\"Wolfmother celebra los 20 a\u00f1os del \u00e1lbum hom\u00f3nimo con un disco de imagen en vinilo\"}]},{\"@type\":\"WebSite\",\"@id\":\"https:\/\/web.consaguirre.com.ar\/noticias\/#website\",\"url\":\"https:\/\/web.consaguirre.com.ar\/noticias\/\",\"name\":\"Conservatorio de M\u00fasica Juli\u00e1n Aguirre\",\"description\":\"\",\"publisher\":{\"@id\":\"https:\/\/web.consaguirre.com.ar\/noticias\/#organization\"},\"potentialAction\":[{\"@type\":\"SearchAction\",\"target\":{\"@type\":\"EntryPoint\",\"urlTemplate\":\"https:\/\/web.consaguirre.com.ar\/noticias\/?s={search_term_string}\"},\"query-input\":\"required name=search_term_string\"}],\"inLanguage\":\"es-AR\"},{\"@type\":\"Organization\",\"@id\":\"https:\/\/web.consaguirre.com.ar\/noticias\/#organization\",\"name\":\"Conservatorio de M\u00fasica Juli\u00e1n Aguirre\",\"url\":\"https:\/\/web.consaguirre.com.ar\/noticias\/\",\"logo\":{\"@type\":\"ImageObject\",\"inLanguage\":\"es-AR\",\"@id\":\"https:\/\/web.consaguirre.com.ar\/noticias\/#\/schema\/logo\/image\/\",\"url\":\"https:\/\/web.consaguirre.com.ar\/noticias\/wp-content\/uploads\/2024\/08\/Banner-Aguirre-23.jpg\",\"contentUrl\":\"https:\/\/web.consaguirre.com.ar\/noticias\/wp-content\/uploads\/2024\/08\/Banner-Aguirre-23.jpg\",\"width\":1192,\"height\":600,\"caption\":\"Conservatorio de M\u00fasica Juli\u00e1n Aguirre\"},\"image\":{\"@id\":\"https:\/\/web.consaguirre.com.ar\/noticias\/#\/schema\/logo\/image\/\"}},{\"@type\":\"Person\",\"@id\":\"https:\/\/web.consaguirre.com.ar\/noticias\/#\/schema\/person\/6558b0cfedee7ddc5425602b237d5722\",\"name\":\"Javier Figueroa\",\"image\":{\"@type\":\"ImageObject\",\"inLanguage\":\"es-AR\",\"@id\":\"https:\/\/web.consaguirre.com.ar\/noticias\/#\/schema\/person\/image\/\",\"url\":\"https:\/\/web.consaguirre.com.ar\/noticias\/wp-content\/uploads\/2024\/08\/Consaguirre-scaled.jpg\",\"contentUrl\":\"https:\/\/web.consaguirre.com.ar\/noticias\/wp-content\/uploads\/2024\/08\/Consaguirre-scaled.jpg\",\"caption\":\"Javier Figueroa\"},\"description\":\"Me llamo Javier Figueroa y soy redactor para el sitio oficial del Conservatorio de M\u00fasica Juli\u00e1n Aguirre en Buenos Aires, consaguirre.com. Apasionado por la m\u00fasica y la escritura, me esfuerzo por destacar los talentos y eventos de nuestra prestigiosa instituci\u00f3n. Mi trayectoria se nutre de una profunda admiraci\u00f3n por los artistas, haciendo de cada art\u00edculo una celebraci\u00f3n de la creatividad y la cultura musical.\",\"sameAs\":[\"https:\/\/web.consaguirre.com.ar\/noticias\"]}]}<\/script>\n<!-- \/ Yoast SEO plugin. -->","yoast_head_json":{"title":"Wolfmother celebra los 20 a\u00f1os del \u00e1lbum hom\u00f3nimo con un disco de imagen en vinilo","robots":{"index":"index","follow":"follow","max-snippet":"max-snippet:-1","max-image-preview":"max-image-preview:large","max-video-preview":"max-video-preview:-1"},"canonical":"https:\/\/web.consaguirre.com.ar\/noticias\/wolfmother-celebra-los-20-anos-del-album-homonimo-con-un-disco-de-imagen-en-vinilo\/","og_locale":"es_ES","og_type":"article","og_title":"Wolfmother celebra los 20 a\u00f1os del \u00e1lbum hom\u00f3nimo con un disco de imagen en vinilo","og_description":"El innovador debut hom\u00f3nimo de Wolfmother acaba de celebrar su vig\u00e9simo cumplea\u00f1os. Los rockeros australianos honrar\u00e1n el \u00e1lbum que cambi\u00f3 todo para ellos al lanzar","og_url":"https:\/\/web.consaguirre.com.ar\/noticias\/wolfmother-celebra-los-20-anos-del-album-homonimo-con-un-disco-de-imagen-en-vinilo\/","og_site_name":"Conservatorio de M\u00fasica Juli\u00e1n Aguirre","article_published_time":"2025-12-19T05:38:28+00:00","article_modified_time":"2025-12-19T05:38:29+00:00","og_image":[{"width":1440,"height":864,"url":"https:\/\/web.consaguirre.com.ar\/noticias\/wp-content\/uploads\/2025\/12\/Wolfmother-celebra-los-20-anos-del-album-homonimo-con-un.jpg","type":"image\/jpeg"}],"author":"Javier Figueroa","twitter_card":"summary_large_image","twitter_misc":{"Escrito por":"Javier Figueroa","Tiempo de lectura":"2 minutos"},"schema":{"@context":"https:\/\/schema.org","@graph":[{"@type":"Article","@id":"https:\/\/web.consaguirre.com.ar\/noticias\/wolfmother-celebra-los-20-anos-del-album-homonimo-con-un-disco-de-imagen-en-vinilo\/#article","isPartOf":{"@id":"https:\/\/web.consaguirre.com.ar\/noticias\/wolfmother-celebra-los-20-anos-del-album-homonimo-con-un-disco-de-imagen-en-vinilo\/"},"author":{"name":"Javier Figueroa","@id":"https:\/\/web.consaguirre.com.ar\/noticias\/#\/schema\/person\/6558b0cfedee7ddc5425602b237d5722"},"headline":"Wolfmother celebra los 20 a\u00f1os del \u00e1lbum hom\u00f3nimo con un disco de imagen en vinilo","datePublished":"2025-12-19T05:38:28+00:00","dateModified":"2025-12-19T05:38:29+00:00","mainEntityOfPage":{"@id":"https:\/\/web.consaguirre.com.ar\/noticias\/wolfmother-celebra-los-20-anos-del-album-homonimo-con-un-disco-de-imagen-en-vinilo\/"},"wordCount":405,"publisher":{"@id":"https:\/\/web.consaguirre.com.ar\/noticias\/#organization"},"image":{"@id":"https:\/\/web.consaguirre.com.ar\/noticias\/wolfmother-celebra-los-20-anos-del-album-homonimo-con-un-disco-de-imagen-en-vinilo\/#primaryimage"},"thumbnailUrl":"https:\/\/web.consaguirre.com.ar\/noticias\/wp-content\/uploads\/2025\/12\/Wolfmother-celebra-los-20-anos-del-album-homonimo-con-un.jpg","keywords":["\u00e1lbum","a\u00f1os","celebra","con","del","disco","hom\u00f3nimo","imagen","los","vinilo","Wolfmother"],"articleSection":["El \u00faltimo"],"inLanguage":"es-AR"},{"@type":"WebPage","@id":"https:\/\/web.consaguirre.com.ar\/noticias\/wolfmother-celebra-los-20-anos-del-album-homonimo-con-un-disco-de-imagen-en-vinilo\/","url":"https:\/\/web.consaguirre.com.ar\/noticias\/wolfmother-celebra-los-20-anos-del-album-homonimo-con-un-disco-de-imagen-en-vinilo\/","name":"Wolfmother celebra los 20 a\u00f1os del \u00e1lbum hom\u00f3nimo con un disco de imagen en vinilo","isPartOf":{"@id":"https:\/\/web.consaguirre.com.ar\/noticias\/#website"},"primaryImageOfPage":{"@id":"https:\/\/web.consaguirre.com.ar\/noticias\/wolfmother-celebra-los-20-anos-del-album-homonimo-con-un-disco-de-imagen-en-vinilo\/#primaryimage"},"image":{"@id":"https:\/\/web.consaguirre.com.ar\/noticias\/wolfmother-celebra-los-20-anos-del-album-homonimo-con-un-disco-de-imagen-en-vinilo\/#primaryimage"},"thumbnailUrl":"https:\/\/web.consaguirre.com.ar\/noticias\/wp-content\/uploads\/2025\/12\/Wolfmother-celebra-los-20-anos-del-album-homonimo-con-un.jpg","datePublished":"2025-12-19T05:38:28+00:00","dateModified":"2025-12-19T05:38:29+00:00","breadcrumb":{"@id":"https:\/\/web.consaguirre.com.ar\/noticias\/wolfmother-celebra-los-20-anos-del-album-homonimo-con-un-disco-de-imagen-en-vinilo\/#breadcrumb"},"inLanguage":"es-AR","potentialAction":[{"@type":"ReadAction","target":["https:\/\/web.consaguirre.com.ar\/noticias\/wolfmother-celebra-los-20-anos-del-album-homonimo-con-un-disco-de-imagen-en-vinilo\/"]}]},{"@type":"ImageObject","inLanguage":"es-AR","@id":"https:\/\/web.consaguirre.com.ar\/noticias\/wolfmother-celebra-los-20-anos-del-album-homonimo-con-un-disco-de-imagen-en-vinilo\/#primaryimage","url":"https:\/\/web.consaguirre.com.ar\/noticias\/wp-content\/uploads\/2025\/12\/Wolfmother-celebra-los-20-anos-del-album-homonimo-con-un.jpg","contentUrl":"https:\/\/web.consaguirre.com.ar\/noticias\/wp-content\/uploads\/2025\/12\/Wolfmother-celebra-los-20-anos-del-album-homonimo-con-un.jpg","width":1440,"height":864,"caption":"Wolfmother celebra los 20 a\u00f1os del \u00e1lbum hom\u00f3nimo con un disco de imagen en vinilo"},{"@type":"BreadcrumbList","@id":"https:\/\/web.consaguirre.com.ar\/noticias\/wolfmother-celebra-los-20-anos-del-album-homonimo-con-un-disco-de-imagen-en-vinilo\/#breadcrumb","itemListElement":[{"@type":"ListItem","position":1,"name":"Inicio","item":"https:\/\/web.consaguirre.com.ar\/noticias\/"},{"@type":"ListItem","position":2,"name":"Wolfmother celebra los 20 a\u00f1os del \u00e1lbum hom\u00f3nimo con un disco de imagen en vinilo"}]},{"@type":"WebSite","@id":"https:\/\/web.consaguirre.com.ar\/noticias\/#website","url":"https:\/\/web.consaguirre.com.ar\/noticias\/","name":"Conservatorio de M\u00fasica Juli\u00e1n Aguirre","description":"","publisher":{"@id":"https:\/\/web.consaguirre.com.ar\/noticias\/#organization"},"potentialAction":[{"@type":"SearchAction","target":{"@type":"EntryPoint","urlTemplate":"https:\/\/web.consaguirre.com.ar\/noticias\/?s={search_term_string}"},"query-input":"required name=search_term_string"}],"inLanguage":"es-AR"},{"@type":"Organization","@id":"https:\/\/web.consaguirre.com.ar\/noticias\/#organization","name":"Conservatorio de M\u00fasica Juli\u00e1n Aguirre","url":"https:\/\/web.consaguirre.com.ar\/noticias\/","logo":{"@type":"ImageObject","inLanguage":"es-AR","@id":"https:\/\/web.consaguirre.com.ar\/noticias\/#\/schema\/logo\/image\/","url":"https:\/\/web.consaguirre.com.ar\/noticias\/wp-content\/uploads\/2024\/08\/Banner-Aguirre-23.jpg","contentUrl":"https:\/\/web.consaguirre.com.ar\/noticias\/wp-content\/uploads\/2024\/08\/Banner-Aguirre-23.jpg","width":1192,"height":600,"caption":"Conservatorio de M\u00fasica Juli\u00e1n Aguirre"},"image":{"@id":"https:\/\/web.consaguirre.com.ar\/noticias\/#\/schema\/logo\/image\/"}},{"@type":"Person","@id":"https:\/\/web.consaguirre.com.ar\/noticias\/#\/schema\/person\/6558b0cfedee7ddc5425602b237d5722","name":"Javier Figueroa","image":{"@type":"ImageObject","inLanguage":"es-AR","@id":"https:\/\/web.consaguirre.com.ar\/noticias\/#\/schema\/person\/image\/","url":"https:\/\/web.consaguirre.com.ar\/noticias\/wp-content\/uploads\/2024\/08\/Consaguirre-scaled.jpg","contentUrl":"https:\/\/web.consaguirre.com.ar\/noticias\/wp-content\/uploads\/2024\/08\/Consaguirre-scaled.jpg","caption":"Javier Figueroa"},"description":"Me llamo Javier Figueroa y soy redactor para el sitio oficial del Conservatorio de M\u00fasica Juli\u00e1n Aguirre en Buenos Aires, consaguirre.com. Apasionado por la m\u00fasica y la escritura, me esfuerzo por destacar los talentos y eventos de nuestra prestigiosa instituci\u00f3n. Mi trayectoria se nutre de una profunda admiraci\u00f3n por los artistas, haciendo de cada art\u00edculo una celebraci\u00f3n de la creatividad y la cultura musical.","sameAs":["https:\/\/web.consaguirre.com.ar\/noticias"]}]}},"_links":{"self":[{"href":"https:\/\/web.consaguirre.com.ar\/noticias\/wp-json\/wp\/v2\/posts\/4664"}],"collection":[{"href":"https:\/\/web.consaguirre.com.ar\/noticias\/wp-json\/wp\/v2\/posts"}],"about":[{"href":"https:\/\/web.consaguirre.com.ar\/noticias\/wp-json\/wp\/v2\/types\/post"}],"author":[{"embeddable":true,"href":"https:\/\/web.consaguirre.com.ar\/noticias\/wp-json\/wp\/v2\/users\/1"}],"replies":[{"embeddable":true,"href":"https:\/\/web.consaguirre.com.ar\/noticias\/wp-json\/wp\/v2\/comments?post=4664"}],"version-history":[{"count":1,"href":"https:\/\/web.consaguirre.com.ar\/noticias\/wp-json\/wp\/v2\/posts\/4664\/revisions"}],"predecessor-version":[{"id":4666,"href":"https:\/\/web.consaguirre.com.ar\/noticias\/wp-json\/wp\/v2\/posts\/4664\/revisions\/4666"}],"wp:featuredmedia":[{"embeddable":true,"href":"https:\/\/web.consaguirre.com.ar\/noticias\/wp-json\/wp\/v2\/media\/4665"}],"wp:attachment":[{"href":"https:\/\/web.consaguirre.com.ar\/noticias\/wp-json\/wp\/v2\/media?parent=4664"}],"wp:term":[{"taxonomy":"category","embeddable":true,"href":"https:\/\/web.consaguirre.com.ar\/noticias\/wp-json\/wp\/v2\/categories?post=4664"},{"taxonomy":"post_tag","embeddable":true,"href":"https:\/\/web.consaguirre.com.ar\/noticias\/wp-json\/wp\/v2\/tags?post=4664"}],"curies":[{"name":"wp","href":"https:\/\/api.w.org\/{rel}","templated":true}]}}