{"id":4662,"date":"2025-12-18T23:38:35","date_gmt":"2025-12-19T02:38:35","guid":{"rendered":"https:\/\/web.consaguirre.com.ar\/noticias\/verve-comparte-el-calendario-de-la-serie-de-reediciones-en-vinilo-para-audiofilos-de-sonidos-acusticos-para-2026\/"},"modified":"2025-12-18T23:38:36","modified_gmt":"2025-12-19T02:38:36","slug":"verve-comparte-el-calendario-de-la-serie-de-reediciones-en-vinilo-para-audiofilos-de-sonidos-acusticos-para-2026","status":"publish","type":"post","link":"https:\/\/web.consaguirre.com.ar\/noticias\/verve-comparte-el-calendario-de-la-serie-de-reediciones-en-vinilo-para-audiofilos-de-sonidos-acusticos-para-2026\/","title":{"rendered":"Verve comparte el calendario de la serie de reediciones en vinilo para audi\u00f3filos de sonidos ac\u00fasticos para 2026"},"content":{"rendered":"<p>Verve Label Group y UMe se est\u00e1n preparando para los lanzamientos de 2026 de su serie Acoustic Sounds y ahora han confirmado qu\u00e9 discos de jazz cl\u00e1sico se incluir\u00e1n. La lista de lanzamientos de 2026 de Ella Fitzgerald, Stan Getz, John Coltrane, Jimmy Smith y muchos m\u00e1s m\u00fasicos aclamados. Los primeros dos meses de lanzamientos, que incluyen Jimmy Smith <em>Bashin&#8217; \u2013 El impredecible Jimmy Smith<\/em> y <em>Columpio del organillero<\/em> en enero y Oscar Peterson Trio <em>Afinidad<\/em> y <em>Oscar Peterson Tr\u00edo + Uno<\/em> en febrero, ya est\u00e1n disponibles para pedidos anticipados.<\/p>\n<p>\u00a1La pizarra 2026 de la serie Acoustic Sounds pone un \u00e9nfasis especial en Verve e Impulse! Cat\u00e1logos de discos, dos sellos con historias hist\u00f3ricas del jazz. A los lanzamientos de Smith y Peterson en febrero les seguir\u00e1n tres lanzamientos en marzo: el \u00e1lbum de 1963 de Stan Getz. <em>Bis de jazz y samba<\/em>\u00e1lbum de 1965 de Astrud Gilberto <em>La sombra de tu sonrisa<\/em>y el cl\u00e1sico de 1956 de Ella Fitzgerald <em>Canta el cancionero de Rodgers y Hart<\/em>. \u00a1Desde abril hasta finales de 2026, la serie se centrar\u00e1 en Impulse! lanzamientos, con la participaci\u00f3n de John Coltrane <em>\u00c1frica\/Lat\u00f3n<\/em> y McCoy Tyner <em>Comienzo<\/em> antes de pasar a los lanzamientos de Lester Young, Roy Eldridge &#038; Harry Edison, Shelly Manne y muchos m\u00e1s.<\/p>\n<p>Todos los LP de la serie se masterizar\u00e1n a partir de las cintas anal\u00f3gicas originales, luego se imprimir\u00e1n en vinilo de 180 gramos y se empaquetar\u00e1n en sobrecubiertas plegables de alta calidad, replicando sus lanzamientos originales. Matthew Lutthans del Mastering Lab de Quality Record Pressings en Salina, Kansas, masterizar\u00e1 y cortar\u00e1 para lacar los \u00e1lbumes. El director ejecutivo de Acoustic Sounds, Chad Kassem, supervisar\u00e1 la producci\u00f3n, como siempre.<\/p>\n<p>Otros aspectos destacados de la lista de 2026 incluyen el de Ella Fitzgerald. <em>Canta el cancionero de Cole Porter<\/em>que incluye su interpretaci\u00f3n de est\u00e1ndares como &#8220;I Get A Kick Out Of You&#8221; y &#8220;Let&#8217;s Do It, Let&#8217;s Fall In Love&#8221; y John Coltrane. <em>Impresiones<\/em>. Ese \u00e1lbum, grabado entre 1961 y 1963, captura a Coltrane en la cima de su carrera e incluye su interpretaci\u00f3n de \u201cDear Old Stockholm\u201d de Stan Getz. Getz&#8217;s <em>Big Band Bossa Nova<\/em> Tambi\u00e9n se incluye, que captura una de sus grabaciones anteriores en el g\u00e9nero. El calendario completo de lanzamientos se enumera a continuaci\u00f3n.<\/p>\n<p>23 de enero de 2026<br \/>\nJimmy Smith con Kenny Burrell y Grady Tate &#8211; Organ Grinder Swing (Verve, 1965)<br \/>\nJimmy Smith &#8211; Bashin&#8217;: El impredecible Jimmy Smith (Verve, 1962)<\/p>\n<p>27 de febrero de 2026<br \/>\nTr\u00edo de Oscar Peterson &#8211; Afinidad (Verve, 1962)<br \/>\nOscar Peterson Trio &#8211; Oscar Peterson Trio + One (con Clark Terry) (Verve, 1964)<\/p>\n<p>27 de marzo de 2026<br \/>\nStan Getz &#8211; Jazz Samba Encore (Verve, 1963)<br \/>\nAstrud Gilberto \u2013 La sombra de tu sonrisa (Verve, 1965)<br \/>\nElla Fitzgerald &#8211; Canta el cancionero de Rodgers y Hart (2LP) (Verve, 1956)<\/p>\n<p>24 de abril de 2026<br \/>\nJohn Coltrane \u2013 \u00c1frica\/Lat\u00f3n (Impulso!, 1961)<br \/>\nMcCoy Tyner &#8211; Origen (\u00a1Impulso!, 1962)<\/p>\n<p>22 de mayo de 2026<br \/>\nJohn Coltrane &#8211; Impresiones (\u00a1Impulso!, 1963)<br \/>\nElla Fitzgerald &#8211; Ella Fitzgerald canta el cancionero de Cole Porter (2LP) (Verve, 1956)<\/p>\n<p>26 de junio de 2026<br \/>\nStan Getz &#8211; Big Band Bossa Nova (Verve, 1962)<br \/>\nLester Young, Roy Eldridge y Harry Edison &#8211; Riendo para no llorar (Verve, 1958)<\/p>\n<p>24 de julio de 2026<br \/>\nShelly Manne &#8211; 2-3-4 (\u00a1Impulso!, 1962)<br \/>\nFreddie Hubbard \u2013 El arte de Freddie Hubbard (\u00a1Impulso!, 1963)<\/p>\n<p>28 de agosto de 2026<br \/>\nElvin Jones \u2013 Querido John C. (\u00a1Impulso!, 1965)<br \/>\nJohnny Hartman \u2013 \u00a1La voz que es! (\u00a1Impulso!, 1964)<\/p>\n<p>25 de septiembre de 2026<br \/>\nWes Montgomery &#8211; California Dreaming (Br\u00edo, 1967)<br \/>\nGrant Green &#8211; Su Majestad el Rey Funk (Verve, 1965)<\/p>\n<p>23 de octubre de 2026<br \/>\nJohn Coltrane &#8211; Vivir en Birdland (\u00a1Impulso!, 1964)<br \/>\nColeman Hawkins &#8211; Envuelto apretado (\u00a1Impulso!, 1966)<\/p>\n<p>20 de noviembre de 2026<br \/>\nBenny Carter &#8211; M\u00e1s definiciones (\u00a1Impulso!, 1962)<br \/>\nLee Konitz &#8211; Movimiento (Verve, 1961)<\/p>\n<p>11 de diciembre de 2026<br \/>\nElla Fitzgerald &#8211; Como alguien enamorado (Verve, 1957)<br \/>\nTr\u00edo de Oscar Peterson &#8211; West Side Story (Verve. 1962)<\/p>\n<p><b>Compre ahora la serie de sonidos ac\u00fasticos de Verve.<\/b><\/p>\n","protected":false},"excerpt":{"rendered":"<p>Verve Label Group y UMe se est\u00e1n preparando para los lanzamientos de 2026 de su serie Acoustic Sounds y ahora han confirmado qu\u00e9 discos de<\/p>\n","protected":false},"author":1,"featured_media":4445,"comment_status":"closed","ping_status":"","sticky":false,"template":"","format":"standard","meta":{"footnotes":""},"categories":[50],"tags":[3290,3666,3665,201,154,1347,220,3289,1182,87],"class_list":["post-4662","post","type-post","status-publish","format-standard","has-post-thumbnail","hentry","category-el-ultimo","tag-acusticos","tag-audiofilos","tag-calendario","tag-comparte","tag-para","tag-reediciones","tag-serie","tag-sonidos","tag-verve","tag-vinilo","generate-columns","tablet-grid-50","mobile-grid-100","grid-parent","grid-50"],"yoast_head":"<!-- This site is optimized with the Yoast SEO plugin v23.3 - https:\/\/yoast.com\/wordpress\/plugins\/seo\/ -->\n<title>Verve comparte el calendario de la serie de reediciones en vinilo para audi\u00f3filos de sonidos ac\u00fasticos para 2026<\/title>\n<meta name=\"robots\" content=\"index, follow, max-snippet:-1, max-image-preview:large, max-video-preview:-1\" \/>\n<link rel=\"canonical\" href=\"https:\/\/web.consaguirre.com.ar\/noticias\/verve-comparte-el-calendario-de-la-serie-de-reediciones-en-vinilo-para-audiofilos-de-sonidos-acusticos-para-2026\/\" \/>\n<meta property=\"og:locale\" content=\"es_ES\" \/>\n<meta property=\"og:type\" content=\"article\" \/>\n<meta property=\"og:title\" content=\"Verve comparte el calendario de la serie de reediciones en vinilo para audi\u00f3filos de sonidos ac\u00fasticos para 2026\" \/>\n<meta property=\"og:description\" content=\"Verve Label Group y UMe se est\u00e1n preparando para los lanzamientos de 2026 de su serie Acoustic Sounds y ahora han confirmado qu\u00e9 discos de\" \/>\n<meta property=\"og:url\" content=\"https:\/\/web.consaguirre.com.ar\/noticias\/verve-comparte-el-calendario-de-la-serie-de-reediciones-en-vinilo-para-audiofilos-de-sonidos-acusticos-para-2026\/\" \/>\n<meta property=\"og:site_name\" content=\"Conservatorio de M\u00fasica Juli\u00e1n Aguirre\" \/>\n<meta property=\"article:published_time\" content=\"2025-12-19T02:38:35+00:00\" \/>\n<meta property=\"article:modified_time\" content=\"2025-12-19T02:38:36+00:00\" \/>\n<meta property=\"og:image\" content=\"https:\/\/web.consaguirre.com.ar\/noticias\/wp-content\/uploads\/2025\/11\/Dos-LP-de-Jimmy-Smith-se-unen-a-la-serie.jpg\" \/>\n\t<meta property=\"og:image:width\" content=\"820\" \/>\n\t<meta property=\"og:image:height\" content=\"820\" \/>\n\t<meta property=\"og:image:type\" content=\"image\/jpeg\" \/>\n<meta name=\"author\" content=\"Javier Figueroa\" \/>\n<meta name=\"twitter:card\" content=\"summary_large_image\" \/>\n<meta name=\"twitter:label1\" content=\"Escrito por\" \/>\n\t<meta name=\"twitter:data1\" content=\"Javier Figueroa\" \/>\n\t<meta name=\"twitter:label2\" content=\"Tiempo de lectura\" \/>\n\t<meta name=\"twitter:data2\" content=\"3 minutos\" \/>\n<script type=\"application\/ld+json\" class=\"yoast-schema-graph\">{\"@context\":\"https:\/\/schema.org\",\"@graph\":[{\"@type\":\"Article\",\"@id\":\"https:\/\/web.consaguirre.com.ar\/noticias\/verve-comparte-el-calendario-de-la-serie-de-reediciones-en-vinilo-para-audiofilos-de-sonidos-acusticos-para-2026\/#article\",\"isPartOf\":{\"@id\":\"https:\/\/web.consaguirre.com.ar\/noticias\/verve-comparte-el-calendario-de-la-serie-de-reediciones-en-vinilo-para-audiofilos-de-sonidos-acusticos-para-2026\/\"},\"author\":{\"name\":\"Javier Figueroa\",\"@id\":\"https:\/\/web.consaguirre.com.ar\/noticias\/#\/schema\/person\/6558b0cfedee7ddc5425602b237d5722\"},\"headline\":\"Verve comparte el calendario de la serie de reediciones en vinilo para audi\u00f3filos de sonidos ac\u00fasticos para 2026\",\"datePublished\":\"2025-12-19T02:38:35+00:00\",\"dateModified\":\"2025-12-19T02:38:36+00:00\",\"mainEntityOfPage\":{\"@id\":\"https:\/\/web.consaguirre.com.ar\/noticias\/verve-comparte-el-calendario-de-la-serie-de-reediciones-en-vinilo-para-audiofilos-de-sonidos-acusticos-para-2026\/\"},\"wordCount\":661,\"publisher\":{\"@id\":\"https:\/\/web.consaguirre.com.ar\/noticias\/#organization\"},\"image\":{\"@id\":\"https:\/\/web.consaguirre.com.ar\/noticias\/verve-comparte-el-calendario-de-la-serie-de-reediciones-en-vinilo-para-audiofilos-de-sonidos-acusticos-para-2026\/#primaryimage\"},\"thumbnailUrl\":\"https:\/\/web.consaguirre.com.ar\/noticias\/wp-content\/uploads\/2025\/11\/Dos-LP-de-Jimmy-Smith-se-unen-a-la-serie.jpg\",\"keywords\":[\"ac\u00fasticos\",\"audi\u00f3filos\",\"calendario\",\"comparte\",\"para\",\"reediciones\",\"serie\",\"sonidos\",\"Verve\",\"vinilo\"],\"articleSection\":[\"El \u00faltimo\"],\"inLanguage\":\"es-AR\"},{\"@type\":\"WebPage\",\"@id\":\"https:\/\/web.consaguirre.com.ar\/noticias\/verve-comparte-el-calendario-de-la-serie-de-reediciones-en-vinilo-para-audiofilos-de-sonidos-acusticos-para-2026\/\",\"url\":\"https:\/\/web.consaguirre.com.ar\/noticias\/verve-comparte-el-calendario-de-la-serie-de-reediciones-en-vinilo-para-audiofilos-de-sonidos-acusticos-para-2026\/\",\"name\":\"Verve comparte el calendario de la serie de reediciones en vinilo para audi\u00f3filos de sonidos ac\u00fasticos para 2026\",\"isPartOf\":{\"@id\":\"https:\/\/web.consaguirre.com.ar\/noticias\/#website\"},\"primaryImageOfPage\":{\"@id\":\"https:\/\/web.consaguirre.com.ar\/noticias\/verve-comparte-el-calendario-de-la-serie-de-reediciones-en-vinilo-para-audiofilos-de-sonidos-acusticos-para-2026\/#primaryimage\"},\"image\":{\"@id\":\"https:\/\/web.consaguirre.com.ar\/noticias\/verve-comparte-el-calendario-de-la-serie-de-reediciones-en-vinilo-para-audiofilos-de-sonidos-acusticos-para-2026\/#primaryimage\"},\"thumbnailUrl\":\"https:\/\/web.consaguirre.com.ar\/noticias\/wp-content\/uploads\/2025\/11\/Dos-LP-de-Jimmy-Smith-se-unen-a-la-serie.jpg\",\"datePublished\":\"2025-12-19T02:38:35+00:00\",\"dateModified\":\"2025-12-19T02:38:36+00:00\",\"breadcrumb\":{\"@id\":\"https:\/\/web.consaguirre.com.ar\/noticias\/verve-comparte-el-calendario-de-la-serie-de-reediciones-en-vinilo-para-audiofilos-de-sonidos-acusticos-para-2026\/#breadcrumb\"},\"inLanguage\":\"es-AR\",\"potentialAction\":[{\"@type\":\"ReadAction\",\"target\":[\"https:\/\/web.consaguirre.com.ar\/noticias\/verve-comparte-el-calendario-de-la-serie-de-reediciones-en-vinilo-para-audiofilos-de-sonidos-acusticos-para-2026\/\"]}]},{\"@type\":\"ImageObject\",\"inLanguage\":\"es-AR\",\"@id\":\"https:\/\/web.consaguirre.com.ar\/noticias\/verve-comparte-el-calendario-de-la-serie-de-reediciones-en-vinilo-para-audiofilos-de-sonidos-acusticos-para-2026\/#primaryimage\",\"url\":\"https:\/\/web.consaguirre.com.ar\/noticias\/wp-content\/uploads\/2025\/11\/Dos-LP-de-Jimmy-Smith-se-unen-a-la-serie.jpg\",\"contentUrl\":\"https:\/\/web.consaguirre.com.ar\/noticias\/wp-content\/uploads\/2025\/11\/Dos-LP-de-Jimmy-Smith-se-unen-a-la-serie.jpg\",\"width\":820,\"height\":820,\"caption\":\"Dos LP de Jimmy Smith se unen a la serie de vinilos Acoustic Sounds de Verve\"},{\"@type\":\"BreadcrumbList\",\"@id\":\"https:\/\/web.consaguirre.com.ar\/noticias\/verve-comparte-el-calendario-de-la-serie-de-reediciones-en-vinilo-para-audiofilos-de-sonidos-acusticos-para-2026\/#breadcrumb\",\"itemListElement\":[{\"@type\":\"ListItem\",\"position\":1,\"name\":\"Inicio\",\"item\":\"https:\/\/web.consaguirre.com.ar\/noticias\/\"},{\"@type\":\"ListItem\",\"position\":2,\"name\":\"Verve comparte el calendario de la serie de reediciones en vinilo para audi\u00f3filos de sonidos ac\u00fasticos para 2026\"}]},{\"@type\":\"WebSite\",\"@id\":\"https:\/\/web.consaguirre.com.ar\/noticias\/#website\",\"url\":\"https:\/\/web.consaguirre.com.ar\/noticias\/\",\"name\":\"Conservatorio de M\u00fasica Juli\u00e1n Aguirre\",\"description\":\"\",\"publisher\":{\"@id\":\"https:\/\/web.consaguirre.com.ar\/noticias\/#organization\"},\"potentialAction\":[{\"@type\":\"SearchAction\",\"target\":{\"@type\":\"EntryPoint\",\"urlTemplate\":\"https:\/\/web.consaguirre.com.ar\/noticias\/?s={search_term_string}\"},\"query-input\":\"required name=search_term_string\"}],\"inLanguage\":\"es-AR\"},{\"@type\":\"Organization\",\"@id\":\"https:\/\/web.consaguirre.com.ar\/noticias\/#organization\",\"name\":\"Conservatorio de M\u00fasica Juli\u00e1n Aguirre\",\"url\":\"https:\/\/web.consaguirre.com.ar\/noticias\/\",\"logo\":{\"@type\":\"ImageObject\",\"inLanguage\":\"es-AR\",\"@id\":\"https:\/\/web.consaguirre.com.ar\/noticias\/#\/schema\/logo\/image\/\",\"url\":\"https:\/\/web.consaguirre.com.ar\/noticias\/wp-content\/uploads\/2024\/08\/Banner-Aguirre-23.jpg\",\"contentUrl\":\"https:\/\/web.consaguirre.com.ar\/noticias\/wp-content\/uploads\/2024\/08\/Banner-Aguirre-23.jpg\",\"width\":1192,\"height\":600,\"caption\":\"Conservatorio de M\u00fasica Juli\u00e1n Aguirre\"},\"image\":{\"@id\":\"https:\/\/web.consaguirre.com.ar\/noticias\/#\/schema\/logo\/image\/\"}},{\"@type\":\"Person\",\"@id\":\"https:\/\/web.consaguirre.com.ar\/noticias\/#\/schema\/person\/6558b0cfedee7ddc5425602b237d5722\",\"name\":\"Javier Figueroa\",\"image\":{\"@type\":\"ImageObject\",\"inLanguage\":\"es-AR\",\"@id\":\"https:\/\/web.consaguirre.com.ar\/noticias\/#\/schema\/person\/image\/\",\"url\":\"https:\/\/web.consaguirre.com.ar\/noticias\/wp-content\/uploads\/2024\/08\/Consaguirre-scaled.jpg\",\"contentUrl\":\"https:\/\/web.consaguirre.com.ar\/noticias\/wp-content\/uploads\/2024\/08\/Consaguirre-scaled.jpg\",\"caption\":\"Javier Figueroa\"},\"description\":\"Me llamo Javier Figueroa y soy redactor para el sitio oficial del Conservatorio de M\u00fasica Juli\u00e1n Aguirre en Buenos Aires, consaguirre.com. Apasionado por la m\u00fasica y la escritura, me esfuerzo por destacar los talentos y eventos de nuestra prestigiosa instituci\u00f3n. Mi trayectoria se nutre de una profunda admiraci\u00f3n por los artistas, haciendo de cada art\u00edculo una celebraci\u00f3n de la creatividad y la cultura musical.\",\"sameAs\":[\"https:\/\/web.consaguirre.com.ar\/noticias\"]}]}<\/script>\n<!-- \/ Yoast SEO plugin. -->","yoast_head_json":{"title":"Verve comparte el calendario de la serie de reediciones en vinilo para audi\u00f3filos de sonidos ac\u00fasticos para 2026","robots":{"index":"index","follow":"follow","max-snippet":"max-snippet:-1","max-image-preview":"max-image-preview:large","max-video-preview":"max-video-preview:-1"},"canonical":"https:\/\/web.consaguirre.com.ar\/noticias\/verve-comparte-el-calendario-de-la-serie-de-reediciones-en-vinilo-para-audiofilos-de-sonidos-acusticos-para-2026\/","og_locale":"es_ES","og_type":"article","og_title":"Verve comparte el calendario de la serie de reediciones en vinilo para audi\u00f3filos de sonidos ac\u00fasticos para 2026","og_description":"Verve Label Group y UMe se est\u00e1n preparando para los lanzamientos de 2026 de su serie Acoustic Sounds y ahora han confirmado qu\u00e9 discos de","og_url":"https:\/\/web.consaguirre.com.ar\/noticias\/verve-comparte-el-calendario-de-la-serie-de-reediciones-en-vinilo-para-audiofilos-de-sonidos-acusticos-para-2026\/","og_site_name":"Conservatorio de M\u00fasica Juli\u00e1n Aguirre","article_published_time":"2025-12-19T02:38:35+00:00","article_modified_time":"2025-12-19T02:38:36+00:00","og_image":[{"width":820,"height":820,"url":"https:\/\/web.consaguirre.com.ar\/noticias\/wp-content\/uploads\/2025\/11\/Dos-LP-de-Jimmy-Smith-se-unen-a-la-serie.jpg","type":"image\/jpeg"}],"author":"Javier Figueroa","twitter_card":"summary_large_image","twitter_misc":{"Escrito por":"Javier Figueroa","Tiempo de lectura":"3 minutos"},"schema":{"@context":"https:\/\/schema.org","@graph":[{"@type":"Article","@id":"https:\/\/web.consaguirre.com.ar\/noticias\/verve-comparte-el-calendario-de-la-serie-de-reediciones-en-vinilo-para-audiofilos-de-sonidos-acusticos-para-2026\/#article","isPartOf":{"@id":"https:\/\/web.consaguirre.com.ar\/noticias\/verve-comparte-el-calendario-de-la-serie-de-reediciones-en-vinilo-para-audiofilos-de-sonidos-acusticos-para-2026\/"},"author":{"name":"Javier Figueroa","@id":"https:\/\/web.consaguirre.com.ar\/noticias\/#\/schema\/person\/6558b0cfedee7ddc5425602b237d5722"},"headline":"Verve comparte el calendario de la serie de reediciones en vinilo para audi\u00f3filos de sonidos ac\u00fasticos para 2026","datePublished":"2025-12-19T02:38:35+00:00","dateModified":"2025-12-19T02:38:36+00:00","mainEntityOfPage":{"@id":"https:\/\/web.consaguirre.com.ar\/noticias\/verve-comparte-el-calendario-de-la-serie-de-reediciones-en-vinilo-para-audiofilos-de-sonidos-acusticos-para-2026\/"},"wordCount":661,"publisher":{"@id":"https:\/\/web.consaguirre.com.ar\/noticias\/#organization"},"image":{"@id":"https:\/\/web.consaguirre.com.ar\/noticias\/verve-comparte-el-calendario-de-la-serie-de-reediciones-en-vinilo-para-audiofilos-de-sonidos-acusticos-para-2026\/#primaryimage"},"thumbnailUrl":"https:\/\/web.consaguirre.com.ar\/noticias\/wp-content\/uploads\/2025\/11\/Dos-LP-de-Jimmy-Smith-se-unen-a-la-serie.jpg","keywords":["ac\u00fasticos","audi\u00f3filos","calendario","comparte","para","reediciones","serie","sonidos","Verve","vinilo"],"articleSection":["El \u00faltimo"],"inLanguage":"es-AR"},{"@type":"WebPage","@id":"https:\/\/web.consaguirre.com.ar\/noticias\/verve-comparte-el-calendario-de-la-serie-de-reediciones-en-vinilo-para-audiofilos-de-sonidos-acusticos-para-2026\/","url":"https:\/\/web.consaguirre.com.ar\/noticias\/verve-comparte-el-calendario-de-la-serie-de-reediciones-en-vinilo-para-audiofilos-de-sonidos-acusticos-para-2026\/","name":"Verve comparte el calendario de la serie de reediciones en vinilo para audi\u00f3filos de sonidos ac\u00fasticos para 2026","isPartOf":{"@id":"https:\/\/web.consaguirre.com.ar\/noticias\/#website"},"primaryImageOfPage":{"@id":"https:\/\/web.consaguirre.com.ar\/noticias\/verve-comparte-el-calendario-de-la-serie-de-reediciones-en-vinilo-para-audiofilos-de-sonidos-acusticos-para-2026\/#primaryimage"},"image":{"@id":"https:\/\/web.consaguirre.com.ar\/noticias\/verve-comparte-el-calendario-de-la-serie-de-reediciones-en-vinilo-para-audiofilos-de-sonidos-acusticos-para-2026\/#primaryimage"},"thumbnailUrl":"https:\/\/web.consaguirre.com.ar\/noticias\/wp-content\/uploads\/2025\/11\/Dos-LP-de-Jimmy-Smith-se-unen-a-la-serie.jpg","datePublished":"2025-12-19T02:38:35+00:00","dateModified":"2025-12-19T02:38:36+00:00","breadcrumb":{"@id":"https:\/\/web.consaguirre.com.ar\/noticias\/verve-comparte-el-calendario-de-la-serie-de-reediciones-en-vinilo-para-audiofilos-de-sonidos-acusticos-para-2026\/#breadcrumb"},"inLanguage":"es-AR","potentialAction":[{"@type":"ReadAction","target":["https:\/\/web.consaguirre.com.ar\/noticias\/verve-comparte-el-calendario-de-la-serie-de-reediciones-en-vinilo-para-audiofilos-de-sonidos-acusticos-para-2026\/"]}]},{"@type":"ImageObject","inLanguage":"es-AR","@id":"https:\/\/web.consaguirre.com.ar\/noticias\/verve-comparte-el-calendario-de-la-serie-de-reediciones-en-vinilo-para-audiofilos-de-sonidos-acusticos-para-2026\/#primaryimage","url":"https:\/\/web.consaguirre.com.ar\/noticias\/wp-content\/uploads\/2025\/11\/Dos-LP-de-Jimmy-Smith-se-unen-a-la-serie.jpg","contentUrl":"https:\/\/web.consaguirre.com.ar\/noticias\/wp-content\/uploads\/2025\/11\/Dos-LP-de-Jimmy-Smith-se-unen-a-la-serie.jpg","width":820,"height":820,"caption":"Dos LP de Jimmy Smith se unen a la serie de vinilos Acoustic Sounds de Verve"},{"@type":"BreadcrumbList","@id":"https:\/\/web.consaguirre.com.ar\/noticias\/verve-comparte-el-calendario-de-la-serie-de-reediciones-en-vinilo-para-audiofilos-de-sonidos-acusticos-para-2026\/#breadcrumb","itemListElement":[{"@type":"ListItem","position":1,"name":"Inicio","item":"https:\/\/web.consaguirre.com.ar\/noticias\/"},{"@type":"ListItem","position":2,"name":"Verve comparte el calendario de la serie de reediciones en vinilo para audi\u00f3filos de sonidos ac\u00fasticos para 2026"}]},{"@type":"WebSite","@id":"https:\/\/web.consaguirre.com.ar\/noticias\/#website","url":"https:\/\/web.consaguirre.com.ar\/noticias\/","name":"Conservatorio de M\u00fasica Juli\u00e1n Aguirre","description":"","publisher":{"@id":"https:\/\/web.consaguirre.com.ar\/noticias\/#organization"},"potentialAction":[{"@type":"SearchAction","target":{"@type":"EntryPoint","urlTemplate":"https:\/\/web.consaguirre.com.ar\/noticias\/?s={search_term_string}"},"query-input":"required name=search_term_string"}],"inLanguage":"es-AR"},{"@type":"Organization","@id":"https:\/\/web.consaguirre.com.ar\/noticias\/#organization","name":"Conservatorio de M\u00fasica Juli\u00e1n Aguirre","url":"https:\/\/web.consaguirre.com.ar\/noticias\/","logo":{"@type":"ImageObject","inLanguage":"es-AR","@id":"https:\/\/web.consaguirre.com.ar\/noticias\/#\/schema\/logo\/image\/","url":"https:\/\/web.consaguirre.com.ar\/noticias\/wp-content\/uploads\/2024\/08\/Banner-Aguirre-23.jpg","contentUrl":"https:\/\/web.consaguirre.com.ar\/noticias\/wp-content\/uploads\/2024\/08\/Banner-Aguirre-23.jpg","width":1192,"height":600,"caption":"Conservatorio de M\u00fasica Juli\u00e1n Aguirre"},"image":{"@id":"https:\/\/web.consaguirre.com.ar\/noticias\/#\/schema\/logo\/image\/"}},{"@type":"Person","@id":"https:\/\/web.consaguirre.com.ar\/noticias\/#\/schema\/person\/6558b0cfedee7ddc5425602b237d5722","name":"Javier Figueroa","image":{"@type":"ImageObject","inLanguage":"es-AR","@id":"https:\/\/web.consaguirre.com.ar\/noticias\/#\/schema\/person\/image\/","url":"https:\/\/web.consaguirre.com.ar\/noticias\/wp-content\/uploads\/2024\/08\/Consaguirre-scaled.jpg","contentUrl":"https:\/\/web.consaguirre.com.ar\/noticias\/wp-content\/uploads\/2024\/08\/Consaguirre-scaled.jpg","caption":"Javier Figueroa"},"description":"Me llamo Javier Figueroa y soy redactor para el sitio oficial del Conservatorio de M\u00fasica Juli\u00e1n Aguirre en Buenos Aires, consaguirre.com. Apasionado por la m\u00fasica y la escritura, me esfuerzo por destacar los talentos y eventos de nuestra prestigiosa instituci\u00f3n. Mi trayectoria se nutre de una profunda admiraci\u00f3n por los artistas, haciendo de cada art\u00edculo una celebraci\u00f3n de la creatividad y la cultura musical.","sameAs":["https:\/\/web.consaguirre.com.ar\/noticias"]}]}},"_links":{"self":[{"href":"https:\/\/web.consaguirre.com.ar\/noticias\/wp-json\/wp\/v2\/posts\/4662"}],"collection":[{"href":"https:\/\/web.consaguirre.com.ar\/noticias\/wp-json\/wp\/v2\/posts"}],"about":[{"href":"https:\/\/web.consaguirre.com.ar\/noticias\/wp-json\/wp\/v2\/types\/post"}],"author":[{"embeddable":true,"href":"https:\/\/web.consaguirre.com.ar\/noticias\/wp-json\/wp\/v2\/users\/1"}],"replies":[{"embeddable":true,"href":"https:\/\/web.consaguirre.com.ar\/noticias\/wp-json\/wp\/v2\/comments?post=4662"}],"version-history":[{"count":1,"href":"https:\/\/web.consaguirre.com.ar\/noticias\/wp-json\/wp\/v2\/posts\/4662\/revisions"}],"predecessor-version":[{"id":4663,"href":"https:\/\/web.consaguirre.com.ar\/noticias\/wp-json\/wp\/v2\/posts\/4662\/revisions\/4663"}],"wp:featuredmedia":[{"embeddable":true,"href":"https:\/\/web.consaguirre.com.ar\/noticias\/wp-json\/wp\/v2\/media\/4445"}],"wp:attachment":[{"href":"https:\/\/web.consaguirre.com.ar\/noticias\/wp-json\/wp\/v2\/media?parent=4662"}],"wp:term":[{"taxonomy":"category","embeddable":true,"href":"https:\/\/web.consaguirre.com.ar\/noticias\/wp-json\/wp\/v2\/categories?post=4662"},{"taxonomy":"post_tag","embeddable":true,"href":"https:\/\/web.consaguirre.com.ar\/noticias\/wp-json\/wp\/v2\/tags?post=4662"}],"curies":[{"name":"wp","href":"https:\/\/api.w.org\/{rel}","templated":true}]}}