{"id":4649,"date":"2025-12-17T17:38:33","date_gmt":"2025-12-17T20:38:33","guid":{"rendered":"https:\/\/web.consaguirre.com.ar\/noticias\/echa-un-vistazo-a-the-sound-una-mirada-detras-de-escena-de-la-guerra-ha-terminado\/"},"modified":"2025-12-17T17:38:33","modified_gmt":"2025-12-17T20:38:33","slug":"echa-un-vistazo-a-the-sound-una-mirada-detras-de-escena-de-la-guerra-ha-terminado","status":"publish","type":"post","link":"https:\/\/web.consaguirre.com.ar\/noticias\/echa-un-vistazo-a-the-sound-una-mirada-detras-de-escena-de-la-guerra-ha-terminado\/","title":{"rendered":"Echa un vistazo a &#8216;THE SOUND&#8217;, una mirada detr\u00e1s de escena de &#8216;\u00a1La guerra ha terminado!&#8217;"},"content":{"rendered":"<p>ElectroLeague, la productora detr\u00e1s <em>\u00a1La guerra ha terminado! Inspirado en la m\u00fasica de John y Yoko<\/em>ha revelado una mirada detr\u00e1s de escena del corto animado ganador del Oscar, creado por Sean Ono Lennon y el alumno de Pixar Dave Mullins.<\/p>\n<p>El clip presenta entrevistas con colaboradores del proyecto como Mullins, intercaladas con escenas de la pel\u00edcula. En el v\u00eddeo, Mullins habl\u00f3 sobre la forma en que abordaron la creaci\u00f3n <em>\u00a1La guerra ha terminado!<\/em> Explic\u00f3: \u201cDesde una perspectiva s\u00f3lida, \u00bfc\u00f3mo apoyamos la idea de que esta pel\u00edcula trata sobre la guerra, no sobre una guerra, no sobre una guerra espec\u00edfica? Quer\u00edamos hacer una declaraci\u00f3n sobre todas las guerras\u201d.<\/p>\n<p>La pel\u00edcula estuvo disponible para su transmisi\u00f3n en YouTube el 1 de diciembre y las ganancias del proyecto se destinaron a apoyar el trabajo de la organizaci\u00f3n ben\u00e9fica War Child.<\/p>\n<p>La pel\u00edcula fue coescrita por Sean Ono Lennon y el escritor, director y animador Dave Mullins (<em>Arriba<\/em>, <em>Alma<\/em>, <em>increibles 2<\/em>, <em>coches 2<\/em>) dirigida por Mullins y producida por Brad Booker (Iron Giant, The Book of Life, Rumble). Fue producida ejecutivamente por Sean Ono Lennon y Yoko Ono Lennon, con una m\u00fasica compuesta por el 15 veces nominado al Oscar, Thomas Newman.<\/p>\n<div class=\"uD-YT-container\"><img decoding=\"async\" src=\"https:\/\/web.consaguirre.com.ar\/noticias\/wp-content\/uploads\/2025\/12\/Echa-un-vistazo-a-THE-SOUND-una-mirada-detras-de.jpg\" alt=\"V\u00eddeo de YouTube\"><br \/>Haga clic para cargar v\u00eddeo<\/div>\n<p>Al anunciar la inminente llegada de la pel\u00edcula a YouTube, Sean Ono Lennon dijo: &#8220;&#8230; estrenaremos la pel\u00edcula en YouTube y simult\u00e1neamente recaudaremos donaciones para la organizaci\u00f3n ben\u00e9fica WAR CHILD durante la temporada navide\u00f1a. Ser\u00eda un honor para nosotros que nos ayudaran a difundir la pel\u00edcula y el mensaje eterno de John y Yoko: &#8216;La guerra ha terminado si as\u00ed lo quieres'&#8221;.<\/p>\n<p>Esta temporada navide\u00f1a tambi\u00e9n ve el lanzamiento de \u201cHappy Xmas (War Is Over)\u201d \/ \u201cListen, The Snow Is Falling\u201d en vinilo de 7&#8243; de hoja perenne como una r\u00e9plica del lanzamiento original de 1971 de John Lennon y Yoko Ono \/ Plastic Ono Band con el Harlem Community Choir. Tambi\u00e9n est\u00e1 disponible un vinilo de zo\u00f3tropo que incluye estas dos pistas m\u00e1s la banda sonora de Thomas Newman de la pel\u00edcula War is Over!. La edici\u00f3n limitada de vinilo de zo\u00f3tropo de 12&#8243; como por Drew Tetz utilizando extractos de la pel\u00edcula.<\/p>\n<p><b>Compre ahora \u201cWar Is Over\u201d en vinilo de 7 pulgadas o zo\u00f3tropo.<\/b><\/p>\n","protected":false},"excerpt":{"rendered":"<p>ElectroLeague, la productora detr\u00e1s \u00a1La guerra ha terminado! Inspirado en la m\u00fasica de John y Yokoha revelado una mirada detr\u00e1s de escena del corto animado<\/p>\n","protected":false},"author":1,"featured_media":4369,"comment_status":"closed","ping_status":"","sticky":false,"template":"","format":"standard","meta":{"footnotes":""},"categories":[50],"tags":[2728,3657,2489,3185,3659,283,3186,191,3658],"class_list":["post-4649","post","type-post","status-publish","format-standard","has-post-thumbnail","hentry","category-el-ultimo","tag-detras","tag-echa","tag-escena","tag-guerra","tag-mirada","tag-sound","tag-terminado","tag-una","tag-vistazo","generate-columns","tablet-grid-50","mobile-grid-100","grid-parent","grid-50"],"yoast_head":"<!-- This site is optimized with the Yoast SEO plugin v23.3 - https:\/\/yoast.com\/wordpress\/plugins\/seo\/ -->\n<title>Echa un vistazo a &#039;THE SOUND&#039;, una mirada detr\u00e1s de escena de &#039;\u00a1La guerra ha terminado!&#039;<\/title>\n<meta name=\"robots\" content=\"index, follow, max-snippet:-1, max-image-preview:large, max-video-preview:-1\" \/>\n<link rel=\"canonical\" href=\"https:\/\/web.consaguirre.com.ar\/noticias\/echa-un-vistazo-a-the-sound-una-mirada-detras-de-escena-de-la-guerra-ha-terminado\/\" \/>\n<meta property=\"og:locale\" content=\"es_ES\" \/>\n<meta property=\"og:type\" content=\"article\" \/>\n<meta property=\"og:title\" content=\"Echa un vistazo a &#039;THE SOUND&#039;, una mirada detr\u00e1s de escena de &#039;\u00a1La guerra ha terminado!&#039;\" \/>\n<meta property=\"og:description\" content=\"ElectroLeague, la productora detr\u00e1s \u00a1La guerra ha terminado! Inspirado en la m\u00fasica de John y Yokoha revelado una mirada detr\u00e1s de escena del corto animado\" \/>\n<meta property=\"og:url\" content=\"https:\/\/web.consaguirre.com.ar\/noticias\/echa-un-vistazo-a-the-sound-una-mirada-detras-de-escena-de-la-guerra-ha-terminado\/\" \/>\n<meta property=\"og:site_name\" content=\"Conservatorio de M\u00fasica Juli\u00e1n Aguirre\" \/>\n<meta property=\"article:published_time\" content=\"2025-12-17T20:38:33+00:00\" \/>\n<meta property=\"og:image\" content=\"https:\/\/web.consaguirre.com.ar\/noticias\/wp-content\/uploads\/2025\/11\/El-corto-animado-ganador-del-Oscar-War-Is-Over-de.jpg\" \/>\n\t<meta property=\"og:image:width\" content=\"1280\" \/>\n\t<meta property=\"og:image:height\" content=\"1280\" \/>\n\t<meta property=\"og:image:type\" content=\"image\/jpeg\" \/>\n<meta name=\"author\" content=\"Javier Figueroa\" \/>\n<meta name=\"twitter:card\" content=\"summary_large_image\" \/>\n<meta name=\"twitter:label1\" content=\"Escrito por\" \/>\n\t<meta name=\"twitter:data1\" content=\"Javier Figueroa\" \/>\n\t<meta name=\"twitter:label2\" content=\"Tiempo de lectura\" \/>\n\t<meta name=\"twitter:data2\" content=\"2 minutos\" \/>\n<script type=\"application\/ld+json\" class=\"yoast-schema-graph\">{\"@context\":\"https:\/\/schema.org\",\"@graph\":[{\"@type\":\"Article\",\"@id\":\"https:\/\/web.consaguirre.com.ar\/noticias\/echa-un-vistazo-a-the-sound-una-mirada-detras-de-escena-de-la-guerra-ha-terminado\/#article\",\"isPartOf\":{\"@id\":\"https:\/\/web.consaguirre.com.ar\/noticias\/echa-un-vistazo-a-the-sound-una-mirada-detras-de-escena-de-la-guerra-ha-terminado\/\"},\"author\":{\"name\":\"Javier Figueroa\",\"@id\":\"https:\/\/web.consaguirre.com.ar\/noticias\/#\/schema\/person\/6558b0cfedee7ddc5425602b237d5722\"},\"headline\":\"Echa un vistazo a &#8216;THE SOUND&#8217;, una mirada detr\u00e1s de escena de &#8216;\u00a1La guerra ha terminado!&#8217;\",\"datePublished\":\"2025-12-17T20:38:33+00:00\",\"dateModified\":\"2025-12-17T20:38:33+00:00\",\"mainEntityOfPage\":{\"@id\":\"https:\/\/web.consaguirre.com.ar\/noticias\/echa-un-vistazo-a-the-sound-una-mirada-detras-de-escena-de-la-guerra-ha-terminado\/\"},\"wordCount\":413,\"publisher\":{\"@id\":\"https:\/\/web.consaguirre.com.ar\/noticias\/#organization\"},\"image\":{\"@id\":\"https:\/\/web.consaguirre.com.ar\/noticias\/echa-un-vistazo-a-the-sound-una-mirada-detras-de-escena-de-la-guerra-ha-terminado\/#primaryimage\"},\"thumbnailUrl\":\"https:\/\/web.consaguirre.com.ar\/noticias\/wp-content\/uploads\/2025\/11\/El-corto-animado-ganador-del-Oscar-War-Is-Over-de.jpg\",\"keywords\":[\"detr\u00e1s\",\"Echa\",\"escena\",\"guerra\",\"mirada\",\"Sound\",\"terminado\",\"una\",\"vistazo\"],\"articleSection\":[\"El \u00faltimo\"],\"inLanguage\":\"es-AR\"},{\"@type\":\"WebPage\",\"@id\":\"https:\/\/web.consaguirre.com.ar\/noticias\/echa-un-vistazo-a-the-sound-una-mirada-detras-de-escena-de-la-guerra-ha-terminado\/\",\"url\":\"https:\/\/web.consaguirre.com.ar\/noticias\/echa-un-vistazo-a-the-sound-una-mirada-detras-de-escena-de-la-guerra-ha-terminado\/\",\"name\":\"Echa un vistazo a 'THE SOUND', una mirada detr\u00e1s de escena de '\u00a1La guerra ha terminado!'\",\"isPartOf\":{\"@id\":\"https:\/\/web.consaguirre.com.ar\/noticias\/#website\"},\"primaryImageOfPage\":{\"@id\":\"https:\/\/web.consaguirre.com.ar\/noticias\/echa-un-vistazo-a-the-sound-una-mirada-detras-de-escena-de-la-guerra-ha-terminado\/#primaryimage\"},\"image\":{\"@id\":\"https:\/\/web.consaguirre.com.ar\/noticias\/echa-un-vistazo-a-the-sound-una-mirada-detras-de-escena-de-la-guerra-ha-terminado\/#primaryimage\"},\"thumbnailUrl\":\"https:\/\/web.consaguirre.com.ar\/noticias\/wp-content\/uploads\/2025\/11\/El-corto-animado-ganador-del-Oscar-War-Is-Over-de.jpg\",\"datePublished\":\"2025-12-17T20:38:33+00:00\",\"dateModified\":\"2025-12-17T20:38:33+00:00\",\"breadcrumb\":{\"@id\":\"https:\/\/web.consaguirre.com.ar\/noticias\/echa-un-vistazo-a-the-sound-una-mirada-detras-de-escena-de-la-guerra-ha-terminado\/#breadcrumb\"},\"inLanguage\":\"es-AR\",\"potentialAction\":[{\"@type\":\"ReadAction\",\"target\":[\"https:\/\/web.consaguirre.com.ar\/noticias\/echa-un-vistazo-a-the-sound-una-mirada-detras-de-escena-de-la-guerra-ha-terminado\/\"]}]},{\"@type\":\"ImageObject\",\"inLanguage\":\"es-AR\",\"@id\":\"https:\/\/web.consaguirre.com.ar\/noticias\/echa-un-vistazo-a-the-sound-una-mirada-detras-de-escena-de-la-guerra-ha-terminado\/#primaryimage\",\"url\":\"https:\/\/web.consaguirre.com.ar\/noticias\/wp-content\/uploads\/2025\/11\/El-corto-animado-ganador-del-Oscar-War-Is-Over-de.jpg\",\"contentUrl\":\"https:\/\/web.consaguirre.com.ar\/noticias\/wp-content\/uploads\/2025\/11\/El-corto-animado-ganador-del-Oscar-War-Is-Over-de.jpg\",\"width\":1280,\"height\":1280,\"caption\":\"El corto animado ganador del Oscar 'War Is Over!' de Sean Ono Lennon Para llegar a YouTube\"},{\"@type\":\"BreadcrumbList\",\"@id\":\"https:\/\/web.consaguirre.com.ar\/noticias\/echa-un-vistazo-a-the-sound-una-mirada-detras-de-escena-de-la-guerra-ha-terminado\/#breadcrumb\",\"itemListElement\":[{\"@type\":\"ListItem\",\"position\":1,\"name\":\"Inicio\",\"item\":\"https:\/\/web.consaguirre.com.ar\/noticias\/\"},{\"@type\":\"ListItem\",\"position\":2,\"name\":\"Echa un vistazo a &#8216;THE SOUND&#8217;, una mirada detr\u00e1s de escena de &#8216;\u00a1La guerra ha terminado!&#8217;\"}]},{\"@type\":\"WebSite\",\"@id\":\"https:\/\/web.consaguirre.com.ar\/noticias\/#website\",\"url\":\"https:\/\/web.consaguirre.com.ar\/noticias\/\",\"name\":\"Conservatorio de M\u00fasica Juli\u00e1n Aguirre\",\"description\":\"\",\"publisher\":{\"@id\":\"https:\/\/web.consaguirre.com.ar\/noticias\/#organization\"},\"potentialAction\":[{\"@type\":\"SearchAction\",\"target\":{\"@type\":\"EntryPoint\",\"urlTemplate\":\"https:\/\/web.consaguirre.com.ar\/noticias\/?s={search_term_string}\"},\"query-input\":\"required name=search_term_string\"}],\"inLanguage\":\"es-AR\"},{\"@type\":\"Organization\",\"@id\":\"https:\/\/web.consaguirre.com.ar\/noticias\/#organization\",\"name\":\"Conservatorio de M\u00fasica Juli\u00e1n Aguirre\",\"url\":\"https:\/\/web.consaguirre.com.ar\/noticias\/\",\"logo\":{\"@type\":\"ImageObject\",\"inLanguage\":\"es-AR\",\"@id\":\"https:\/\/web.consaguirre.com.ar\/noticias\/#\/schema\/logo\/image\/\",\"url\":\"https:\/\/web.consaguirre.com.ar\/noticias\/wp-content\/uploads\/2024\/08\/Banner-Aguirre-23.jpg\",\"contentUrl\":\"https:\/\/web.consaguirre.com.ar\/noticias\/wp-content\/uploads\/2024\/08\/Banner-Aguirre-23.jpg\",\"width\":1192,\"height\":600,\"caption\":\"Conservatorio de M\u00fasica Juli\u00e1n Aguirre\"},\"image\":{\"@id\":\"https:\/\/web.consaguirre.com.ar\/noticias\/#\/schema\/logo\/image\/\"}},{\"@type\":\"Person\",\"@id\":\"https:\/\/web.consaguirre.com.ar\/noticias\/#\/schema\/person\/6558b0cfedee7ddc5425602b237d5722\",\"name\":\"Javier Figueroa\",\"image\":{\"@type\":\"ImageObject\",\"inLanguage\":\"es-AR\",\"@id\":\"https:\/\/web.consaguirre.com.ar\/noticias\/#\/schema\/person\/image\/\",\"url\":\"https:\/\/web.consaguirre.com.ar\/noticias\/wp-content\/uploads\/2024\/08\/Consaguirre-scaled.jpg\",\"contentUrl\":\"https:\/\/web.consaguirre.com.ar\/noticias\/wp-content\/uploads\/2024\/08\/Consaguirre-scaled.jpg\",\"caption\":\"Javier Figueroa\"},\"description\":\"Me llamo Javier Figueroa y soy redactor para el sitio oficial del Conservatorio de M\u00fasica Juli\u00e1n Aguirre en Buenos Aires, consaguirre.com. Apasionado por la m\u00fasica y la escritura, me esfuerzo por destacar los talentos y eventos de nuestra prestigiosa instituci\u00f3n. Mi trayectoria se nutre de una profunda admiraci\u00f3n por los artistas, haciendo de cada art\u00edculo una celebraci\u00f3n de la creatividad y la cultura musical.\",\"sameAs\":[\"https:\/\/web.consaguirre.com.ar\/noticias\"]}]}<\/script>\n<!-- \/ Yoast SEO plugin. -->","yoast_head_json":{"title":"Echa un vistazo a 'THE SOUND', una mirada detr\u00e1s de escena de '\u00a1La guerra ha terminado!'","robots":{"index":"index","follow":"follow","max-snippet":"max-snippet:-1","max-image-preview":"max-image-preview:large","max-video-preview":"max-video-preview:-1"},"canonical":"https:\/\/web.consaguirre.com.ar\/noticias\/echa-un-vistazo-a-the-sound-una-mirada-detras-de-escena-de-la-guerra-ha-terminado\/","og_locale":"es_ES","og_type":"article","og_title":"Echa un vistazo a 'THE SOUND', una mirada detr\u00e1s de escena de '\u00a1La guerra ha terminado!'","og_description":"ElectroLeague, la productora detr\u00e1s \u00a1La guerra ha terminado! Inspirado en la m\u00fasica de John y Yokoha revelado una mirada detr\u00e1s de escena del corto animado","og_url":"https:\/\/web.consaguirre.com.ar\/noticias\/echa-un-vistazo-a-the-sound-una-mirada-detras-de-escena-de-la-guerra-ha-terminado\/","og_site_name":"Conservatorio de M\u00fasica Juli\u00e1n Aguirre","article_published_time":"2025-12-17T20:38:33+00:00","og_image":[{"width":1280,"height":1280,"url":"https:\/\/web.consaguirre.com.ar\/noticias\/wp-content\/uploads\/2025\/11\/El-corto-animado-ganador-del-Oscar-War-Is-Over-de.jpg","type":"image\/jpeg"}],"author":"Javier Figueroa","twitter_card":"summary_large_image","twitter_misc":{"Escrito por":"Javier Figueroa","Tiempo de lectura":"2 minutos"},"schema":{"@context":"https:\/\/schema.org","@graph":[{"@type":"Article","@id":"https:\/\/web.consaguirre.com.ar\/noticias\/echa-un-vistazo-a-the-sound-una-mirada-detras-de-escena-de-la-guerra-ha-terminado\/#article","isPartOf":{"@id":"https:\/\/web.consaguirre.com.ar\/noticias\/echa-un-vistazo-a-the-sound-una-mirada-detras-de-escena-de-la-guerra-ha-terminado\/"},"author":{"name":"Javier Figueroa","@id":"https:\/\/web.consaguirre.com.ar\/noticias\/#\/schema\/person\/6558b0cfedee7ddc5425602b237d5722"},"headline":"Echa un vistazo a &#8216;THE SOUND&#8217;, una mirada detr\u00e1s de escena de &#8216;\u00a1La guerra ha terminado!&#8217;","datePublished":"2025-12-17T20:38:33+00:00","dateModified":"2025-12-17T20:38:33+00:00","mainEntityOfPage":{"@id":"https:\/\/web.consaguirre.com.ar\/noticias\/echa-un-vistazo-a-the-sound-una-mirada-detras-de-escena-de-la-guerra-ha-terminado\/"},"wordCount":413,"publisher":{"@id":"https:\/\/web.consaguirre.com.ar\/noticias\/#organization"},"image":{"@id":"https:\/\/web.consaguirre.com.ar\/noticias\/echa-un-vistazo-a-the-sound-una-mirada-detras-de-escena-de-la-guerra-ha-terminado\/#primaryimage"},"thumbnailUrl":"https:\/\/web.consaguirre.com.ar\/noticias\/wp-content\/uploads\/2025\/11\/El-corto-animado-ganador-del-Oscar-War-Is-Over-de.jpg","keywords":["detr\u00e1s","Echa","escena","guerra","mirada","Sound","terminado","una","vistazo"],"articleSection":["El \u00faltimo"],"inLanguage":"es-AR"},{"@type":"WebPage","@id":"https:\/\/web.consaguirre.com.ar\/noticias\/echa-un-vistazo-a-the-sound-una-mirada-detras-de-escena-de-la-guerra-ha-terminado\/","url":"https:\/\/web.consaguirre.com.ar\/noticias\/echa-un-vistazo-a-the-sound-una-mirada-detras-de-escena-de-la-guerra-ha-terminado\/","name":"Echa un vistazo a 'THE SOUND', una mirada detr\u00e1s de escena de '\u00a1La guerra ha terminado!'","isPartOf":{"@id":"https:\/\/web.consaguirre.com.ar\/noticias\/#website"},"primaryImageOfPage":{"@id":"https:\/\/web.consaguirre.com.ar\/noticias\/echa-un-vistazo-a-the-sound-una-mirada-detras-de-escena-de-la-guerra-ha-terminado\/#primaryimage"},"image":{"@id":"https:\/\/web.consaguirre.com.ar\/noticias\/echa-un-vistazo-a-the-sound-una-mirada-detras-de-escena-de-la-guerra-ha-terminado\/#primaryimage"},"thumbnailUrl":"https:\/\/web.consaguirre.com.ar\/noticias\/wp-content\/uploads\/2025\/11\/El-corto-animado-ganador-del-Oscar-War-Is-Over-de.jpg","datePublished":"2025-12-17T20:38:33+00:00","dateModified":"2025-12-17T20:38:33+00:00","breadcrumb":{"@id":"https:\/\/web.consaguirre.com.ar\/noticias\/echa-un-vistazo-a-the-sound-una-mirada-detras-de-escena-de-la-guerra-ha-terminado\/#breadcrumb"},"inLanguage":"es-AR","potentialAction":[{"@type":"ReadAction","target":["https:\/\/web.consaguirre.com.ar\/noticias\/echa-un-vistazo-a-the-sound-una-mirada-detras-de-escena-de-la-guerra-ha-terminado\/"]}]},{"@type":"ImageObject","inLanguage":"es-AR","@id":"https:\/\/web.consaguirre.com.ar\/noticias\/echa-un-vistazo-a-the-sound-una-mirada-detras-de-escena-de-la-guerra-ha-terminado\/#primaryimage","url":"https:\/\/web.consaguirre.com.ar\/noticias\/wp-content\/uploads\/2025\/11\/El-corto-animado-ganador-del-Oscar-War-Is-Over-de.jpg","contentUrl":"https:\/\/web.consaguirre.com.ar\/noticias\/wp-content\/uploads\/2025\/11\/El-corto-animado-ganador-del-Oscar-War-Is-Over-de.jpg","width":1280,"height":1280,"caption":"El corto animado ganador del Oscar 'War Is Over!' de Sean Ono Lennon Para llegar a YouTube"},{"@type":"BreadcrumbList","@id":"https:\/\/web.consaguirre.com.ar\/noticias\/echa-un-vistazo-a-the-sound-una-mirada-detras-de-escena-de-la-guerra-ha-terminado\/#breadcrumb","itemListElement":[{"@type":"ListItem","position":1,"name":"Inicio","item":"https:\/\/web.consaguirre.com.ar\/noticias\/"},{"@type":"ListItem","position":2,"name":"Echa un vistazo a &#8216;THE SOUND&#8217;, una mirada detr\u00e1s de escena de &#8216;\u00a1La guerra ha terminado!&#8217;"}]},{"@type":"WebSite","@id":"https:\/\/web.consaguirre.com.ar\/noticias\/#website","url":"https:\/\/web.consaguirre.com.ar\/noticias\/","name":"Conservatorio de M\u00fasica Juli\u00e1n Aguirre","description":"","publisher":{"@id":"https:\/\/web.consaguirre.com.ar\/noticias\/#organization"},"potentialAction":[{"@type":"SearchAction","target":{"@type":"EntryPoint","urlTemplate":"https:\/\/web.consaguirre.com.ar\/noticias\/?s={search_term_string}"},"query-input":"required name=search_term_string"}],"inLanguage":"es-AR"},{"@type":"Organization","@id":"https:\/\/web.consaguirre.com.ar\/noticias\/#organization","name":"Conservatorio de M\u00fasica Juli\u00e1n Aguirre","url":"https:\/\/web.consaguirre.com.ar\/noticias\/","logo":{"@type":"ImageObject","inLanguage":"es-AR","@id":"https:\/\/web.consaguirre.com.ar\/noticias\/#\/schema\/logo\/image\/","url":"https:\/\/web.consaguirre.com.ar\/noticias\/wp-content\/uploads\/2024\/08\/Banner-Aguirre-23.jpg","contentUrl":"https:\/\/web.consaguirre.com.ar\/noticias\/wp-content\/uploads\/2024\/08\/Banner-Aguirre-23.jpg","width":1192,"height":600,"caption":"Conservatorio de M\u00fasica Juli\u00e1n Aguirre"},"image":{"@id":"https:\/\/web.consaguirre.com.ar\/noticias\/#\/schema\/logo\/image\/"}},{"@type":"Person","@id":"https:\/\/web.consaguirre.com.ar\/noticias\/#\/schema\/person\/6558b0cfedee7ddc5425602b237d5722","name":"Javier Figueroa","image":{"@type":"ImageObject","inLanguage":"es-AR","@id":"https:\/\/web.consaguirre.com.ar\/noticias\/#\/schema\/person\/image\/","url":"https:\/\/web.consaguirre.com.ar\/noticias\/wp-content\/uploads\/2024\/08\/Consaguirre-scaled.jpg","contentUrl":"https:\/\/web.consaguirre.com.ar\/noticias\/wp-content\/uploads\/2024\/08\/Consaguirre-scaled.jpg","caption":"Javier Figueroa"},"description":"Me llamo Javier Figueroa y soy redactor para el sitio oficial del Conservatorio de M\u00fasica Juli\u00e1n Aguirre en Buenos Aires, consaguirre.com. Apasionado por la m\u00fasica y la escritura, me esfuerzo por destacar los talentos y eventos de nuestra prestigiosa instituci\u00f3n. Mi trayectoria se nutre de una profunda admiraci\u00f3n por los artistas, haciendo de cada art\u00edculo una celebraci\u00f3n de la creatividad y la cultura musical.","sameAs":["https:\/\/web.consaguirre.com.ar\/noticias"]}]}},"_links":{"self":[{"href":"https:\/\/web.consaguirre.com.ar\/noticias\/wp-json\/wp\/v2\/posts\/4649"}],"collection":[{"href":"https:\/\/web.consaguirre.com.ar\/noticias\/wp-json\/wp\/v2\/posts"}],"about":[{"href":"https:\/\/web.consaguirre.com.ar\/noticias\/wp-json\/wp\/v2\/types\/post"}],"author":[{"embeddable":true,"href":"https:\/\/web.consaguirre.com.ar\/noticias\/wp-json\/wp\/v2\/users\/1"}],"replies":[{"embeddable":true,"href":"https:\/\/web.consaguirre.com.ar\/noticias\/wp-json\/wp\/v2\/comments?post=4649"}],"version-history":[{"count":1,"href":"https:\/\/web.consaguirre.com.ar\/noticias\/wp-json\/wp\/v2\/posts\/4649\/revisions"}],"predecessor-version":[{"id":4650,"href":"https:\/\/web.consaguirre.com.ar\/noticias\/wp-json\/wp\/v2\/posts\/4649\/revisions\/4650"}],"wp:featuredmedia":[{"embeddable":true,"href":"https:\/\/web.consaguirre.com.ar\/noticias\/wp-json\/wp\/v2\/media\/4369"}],"wp:attachment":[{"href":"https:\/\/web.consaguirre.com.ar\/noticias\/wp-json\/wp\/v2\/media?parent=4649"}],"wp:term":[{"taxonomy":"category","embeddable":true,"href":"https:\/\/web.consaguirre.com.ar\/noticias\/wp-json\/wp\/v2\/categories?post=4649"},{"taxonomy":"post_tag","embeddable":true,"href":"https:\/\/web.consaguirre.com.ar\/noticias\/wp-json\/wp\/v2\/tags?post=4649"}],"curies":[{"name":"wp","href":"https:\/\/api.w.org\/{rel}","templated":true}]}}